{"id":54565,"date":"2021-10-15T13:28:33","date_gmt":"2021-10-15T11:28:33","guid":{"rendered":"https:\/\/kunmedierne.dk\/mors\/?p=54565"},"modified":"2024-08-12T13:36:03","modified_gmt":"2024-08-12T11:36:03","slug":"giv-de-unge-en-chance","status":"publish","type":"post","link":"https:\/\/kunmedierne.dk\/mors\/giv-de-unge-en-chance\/","title":{"rendered":"&#8211; Giv de unge en chance"},"content":{"rendered":"<p><em>Debatindl\u00e6g fra Thomas Dahlgaard, kandidat for Venstre ved Kommunalvalg 2021:<\/em><\/p>\n<hr \/>\n<p><strong>MORS<\/strong>: P\u00e5 Mors har vi et, efter \u00f8ens st\u00f8rrelse, flot udbud af ungdomsuddannelser, der sikrer vore grundskoleelever gode valgmuligheder for at komme i gang med en ungdomsuddannelse efter 9.\/10. klasse. Det som vi ikke umiddelbart selv huser kan oftest tages i Thisted eller Skive, alts\u00e5 indenfor rimelig transporttid fra hjemmet, eller som alternativ med mulighed for at bo p\u00e5 skolehjem. For langt hovedparten af en ungdoms\u00e5rgang foreg\u00e5r overgangen nemt. Eleverne har f\u00e5et et godt udbytte af grundskoleundervisningen og er samtidig modnet b\u00e5de socialt og personligt, s\u00e5 de er parate til at p\u00e5begynde netop en ungdomsuddannelse.<\/p>\n<p>Vi har dog ogs\u00e5 en mindre gruppe af elever, som af forskellige \u00e5rsager ikke er n\u00e5et helt i m\u00e5l, n\u00e5r 9.\/10. klasse rinder ud. De f\u00e5r i samarbejde med deres uddannelsesvejleder lavet en plan for hvilke aktiviteter, som kan modne dem og g\u00f8re dem parate til et senere ungdomsuddannelsesforl\u00f8b. Aktiviteter kunne eksempelvis v\u00e6re ungarbejderjobs, h\u00f8jskoleophold og for langt den st\u00f8rste del af gruppen, at blive elev p\u00e5 den Forberedende Grund Uddannelse (FGU).<\/p>\n<p><a href=\"https:\/\/vester-begr.dk\"><img loading=\"lazy\" decoding=\"async\" class=\"alignleft size-full wp-image-53879\" src=\"https:\/\/kunmedierne.dk\/mors\/wp-content\/uploads\/2021\/10\/NY-Vester-Begravelse-TOP-BUND.jpg\" alt=\"\" width=\"1400\" height=\"125\" srcset=\"https:\/\/kunmedierne.dk\/mors\/wp-content\/uploads\/2021\/10\/NY-Vester-Begravelse-TOP-BUND.jpg 1400w, https:\/\/kunmedierne.dk\/mors\/wp-content\/uploads\/2021\/10\/NY-Vester-Begravelse-TOP-BUND-300x27.jpg 300w, https:\/\/kunmedierne.dk\/mors\/wp-content\/uploads\/2021\/10\/NY-Vester-Begravelse-TOP-BUND-1024x91.jpg 1024w, https:\/\/kunmedierne.dk\/mors\/wp-content\/uploads\/2021\/10\/NY-Vester-Begravelse-TOP-BUND-768x69.jpg 768w, https:\/\/kunmedierne.dk\/mors\/wp-content\/uploads\/2021\/10\/NY-Vester-Begravelse-TOP-BUND-600x54.jpg 600w\" sizes=\"auto, (max-width: 1400px) 100vw, 1400px\" \/><\/a>FGU skolen er et vigtigt skoletilbud i Mors\u00f8 kommune. Dens elevgruppe sp\u00e6nder i alderen 16-25 \u00e5r, og best\u00e5r af unge mennesker, som har behov for ekstra tid i deres uddannelsesliv til, at kunne kvalificere sig til en ungdomsuddannelse eller til arbejdsmarkedet. \u00c5rsagerne hertil er mangeartede, men indl\u00e6ringsvanskeligheder, ordblindhed, talblindhed, ADHD, og angst kunne v\u00e6re en begrundelse for at de har behov for den omsorg, st\u00f8tte og undervisning, som FGU skolen leverer.<\/p>\n<p>I en tid hvor vore virksomheder kalder p\u00e5 arbejdskraft er der, en lidt overset, ressource tilstede p\u00e5 FGU skolen. Ressourcen kan afhj\u00e6lpe bemandingsudfordring i industrien og kan v\u00e6re med til at hj\u00e6lpe en lidt overset gruppe ind p\u00e5 arbejdsmarkedet. Ans\u00e6ttelserne kan ske, som ufagl\u00e6rt arbejdskraft, men ogs\u00e5 som del af egentlige uddannelsesforl\u00f8b kaldet Erhvervs Grund Uddannelsesforl\u00f8b ( EGU ) .<\/p>\n<p>EGU forl\u00f8bene er skr\u00e6ddersyede uddannelsesforl\u00f8b, som tager udgangspunkt i de unges evner og interesser, samt virksomhedens eftersp\u00f8rgsel p\u00e5 specifikke kurser, der g\u00f8r at eleven kan udvikle sig til et aktiv for virksomheden. Et EGU uddannelsesforl\u00f8b kan etableres indenfor n\u00e6rmest alle brancher og har en varighed p\u00e5 1-2 \u00e5r, afh\u00e6ngigt af m\u00e6ngden af teoretisk indhold. En karakteristisk EGU elev er kendetegnet ved at kunne arbejde p\u00e5 fuld tid og have en overvejende praktisk tilgang til l\u00e6ring.<\/p>\n<p><a href=\"https:\/\/vognmand-filtenborg.dk\/\"><img loading=\"lazy\" decoding=\"async\" class=\"alignleft size-full wp-image-46594\" src=\"https:\/\/kunmedierne.dk\/mors\/wp-content\/uploads\/2021\/06\/t03.jpg\" alt=\"\" width=\"1400\" height=\"125\" srcset=\"https:\/\/kunmedierne.dk\/mors\/wp-content\/uploads\/2021\/06\/t03.jpg 1400w, https:\/\/kunmedierne.dk\/mors\/wp-content\/uploads\/2021\/06\/t03-300x27.jpg 300w, https:\/\/kunmedierne.dk\/mors\/wp-content\/uploads\/2021\/06\/t03-1024x91.jpg 1024w, https:\/\/kunmedierne.dk\/mors\/wp-content\/uploads\/2021\/06\/t03-768x69.jpg 768w, https:\/\/kunmedierne.dk\/mors\/wp-content\/uploads\/2021\/06\/t03-600x54.jpg 600w\" sizes=\"auto, (max-width: 1400px) 100vw, 1400px\" \/><\/a>I det netop vedtagne budget, har Mors\u00f8 kommune afsat en pulje penge til at etablere EGU pladser i kommunalt regi. Det er yderst gl\u00e6deligt at det er lykkedes at f\u00e5 politisk enighed til dette Venstre forslag, s\u00e6rligt i et \u00e5r, hvor det har v\u00e6ret sv\u00e6rt at f\u00e5 enderne til at m\u00f8des. Tanken bag er er flersidig, men kan forh\u00e5bentlig v\u00e6re med til at l\u00f8se rekrutteringsudfordringer indenfor eksempelvis SOSU omr\u00e5det, samtidig med at vi r\u00e6kker h\u00e5nden ud til en gruppe unge, som har behov for en anden vej ind i arbejdslivet end de g\u00e6ngse.<\/p>\n<p>Kommunen og vore private virksomheder kan ved at \u00e5bne op for EGU elevpladser v\u00e6re med til at hj\u00e6lpe sig selv og give en gruppe unge mennesker en h\u00e5ndsr\u00e6kning. FGU skolen og uddannelsesvejledningen er altid til r\u00e5dighed med sparring omkring muligheder for de unge og virksomhederne. Min opfordring herfra er at vi skal give en gruppe, lidt oversete, unge en chance for at kunne etablere sig p\u00e5 jobmarkedet.<\/p>\n<p>Til gavn for de unge, erhvervslivet og det Mors vi holder af.<\/p>\n<p><a href=\"https:\/\/www.fmspks.dk\/\"><img loading=\"lazy\" decoding=\"async\" class=\"alignleft size-full wp-image-46592\" src=\"https:\/\/kunmedierne.dk\/mors\/wp-content\/uploads\/2021\/06\/t01.jpg\" alt=\"\" width=\"1400\" height=\"125\" srcset=\"https:\/\/kunmedierne.dk\/mors\/wp-content\/uploads\/2021\/06\/t01.jpg 1400w, https:\/\/kunmedierne.dk\/mors\/wp-content\/uploads\/2021\/06\/t01-300x27.jpg 300w, https:\/\/kunmedierne.dk\/mors\/wp-content\/uploads\/2021\/06\/t01-1024x91.jpg 1024w, https:\/\/kunmedierne.dk\/mors\/wp-content\/uploads\/2021\/06\/t01-768x69.jpg 768w, https:\/\/kunmedierne.dk\/mors\/wp-content\/uploads\/2021\/06\/t01-600x54.jpg 600w\" sizes=\"auto, (max-width: 1400px) 100vw, 1400px\" \/><\/a><\/p>\n<hr \/>\n<p><em>Har du et bidrag til den lokale debat? Send det til os p\u00e5 e-mail: debat@kunmedierne.dk\/mors. Husk at l\u00e6se korrektur inden afsendelse p\u00e5 indl\u00e6gget.<\/em><\/p>\n<blockquote>\n<h4>F\u00e5 KunMors som din lokale avis. Tilmeld dig vores daglige nyhedsbrev nederst p\u00e5 siden og modtag det seneste d\u00f8gns artikler i din mailboks hver eftermiddag. Nyhedsbrevet er gratis og kan afmeldes n\u00e5r som helst.<\/h4>\n<\/blockquote>\n","protected":false},"excerpt":{"rendered":"<p>Debatindl\u00e6g fra Thomas Dahlgaard, kandidat for Venstre ved Kommunalvalg 2021: MORS: P\u00e5 Mors har vi et, efter \u00f8ens st\u00f8rrelse, flot udbud af ungdomsuddannelser, der sikrer vore grundskoleelever gode valgmuligheder for at komme i gang med en ungdomsuddannelse efter 9.\/10. klasse. Det som vi ikke umiddelbart selv huser kan oftest tages i Thisted eller Skive, alts\u00e5 [&hellip;]<\/p>\n","protected":false},"author":11,"featured_media":43014,"comment_status":"open","ping_status":"open","sticky":false,"template":"","format":"standard","meta":{"_acf_changed":false,"footnotes":""},"categories":[56],"tags":[170],"class_list":["post-54565","post","type-post","status-publish","format-standard","has-post-thumbnail","hentry","category-debat","tag-uddannelse"],"acf":[],"yoast_head":"<!-- This site is optimized with the Yoast SEO plugin v26.8 - https:\/\/yoast.com\/product\/yoast-seo-wordpress\/ -->\n<title>- Giv de unge en chance - Mors<\/title>\n<meta name=\"robots\" content=\"index, follow, max-snippet:-1, max-image-preview:large, max-video-preview:-1\" \/>\n<link rel=\"canonical\" href=\"https:\/\/kunmedierne.dk\/mors\/giv-de-unge-en-chance\/\" \/>\n<meta property=\"og:locale\" content=\"da_DK\" \/>\n<meta property=\"og:type\" content=\"article\" \/>\n<meta property=\"og:title\" content=\"- Giv de unge en chance - Mors\" \/>\n<meta property=\"og:description\" content=\"Debatindl\u00e6g fra Thomas Dahlgaard, kandidat for Venstre ved Kommunalvalg 2021: MORS: P\u00e5 Mors har vi et, efter \u00f8ens st\u00f8rrelse, flot udbud af ungdomsuddannelser, der sikrer vore grundskoleelever gode valgmuligheder for at komme i gang med en ungdomsuddannelse efter 9.\/10. klasse. Det som vi ikke umiddelbart selv huser kan oftest tages i Thisted eller Skive, alts\u00e5 [&hellip;]\" \/>\n<meta property=\"og:url\" content=\"https:\/\/kunmedierne.dk\/mors\/giv-de-unge-en-chance\/\" \/>\n<meta property=\"og:site_name\" content=\"Mors\" \/>\n<meta property=\"article:published_time\" content=\"2021-10-15T11:28:33+00:00\" \/>\n<meta property=\"article:modified_time\" content=\"2024-08-12T11:36:03+00:00\" \/>\n<meta property=\"og:image\" content=\"https:\/\/kunmedierne.dk\/mors\/wp-content\/uploads\/2021\/04\/thomas-dahlgaard.jpg\" \/>\n\t<meta property=\"og:image:width\" content=\"770\" \/>\n\t<meta property=\"og:image:height\" content=\"513\" \/>\n\t<meta property=\"og:image:type\" content=\"image\/jpeg\" \/>\n<meta name=\"author\" content=\"Debat\" \/>\n<meta name=\"twitter:card\" content=\"summary_large_image\" \/>\n<meta name=\"twitter:label1\" content=\"Skrevet af\" \/>\n\t<meta name=\"twitter:data1\" content=\"Debat\" \/>\n\t<meta name=\"twitter:label2\" content=\"Estimeret l\u00e6setid\" \/>\n\t<meta name=\"twitter:data2\" content=\"4 minutter\" \/>\n<script type=\"application\/ld+json\" class=\"yoast-schema-graph\">{\"@context\":\"https:\/\/schema.org\",\"@graph\":[{\"@type\":\"Article\",\"@id\":\"https:\/\/kunmedierne.dk\/mors\/giv-de-unge-en-chance\/#article\",\"isPartOf\":{\"@id\":\"https:\/\/kunmedierne.dk\/mors\/giv-de-unge-en-chance\/\"},\"author\":{\"name\":\"Debat\",\"@id\":\"https:\/\/kunmedierne.dk\/mors\/#\/schema\/person\/84c1391bce0b43b9bb3a49736bc0ad78\"},\"headline\":\"&#8211; Giv de unge en chance\",\"datePublished\":\"2021-10-15T11:28:33+00:00\",\"dateModified\":\"2024-08-12T11:36:03+00:00\",\"mainEntityOfPage\":{\"@id\":\"https:\/\/kunmedierne.dk\/mors\/giv-de-unge-en-chance\/\"},\"wordCount\":673,\"commentCount\":0,\"publisher\":{\"@id\":\"https:\/\/kunmedierne.dk\/mors\/#organization\"},\"image\":{\"@id\":\"https:\/\/kunmedierne.dk\/mors\/giv-de-unge-en-chance\/#primaryimage\"},\"thumbnailUrl\":\"https:\/\/kunmedierne.dk\/mors\/wp-content\/uploads\/2021\/04\/thomas-dahlgaard.jpg\",\"keywords\":[\"Skoler og uddannelse\"],\"articleSection\":[\"Debat\"],\"inLanguage\":\"da-DK\",\"potentialAction\":[{\"@type\":\"CommentAction\",\"name\":\"Comment\",\"target\":[\"https:\/\/kunmedierne.dk\/mors\/giv-de-unge-en-chance\/#respond\"]}]},{\"@type\":\"WebPage\",\"@id\":\"https:\/\/kunmedierne.dk\/mors\/giv-de-unge-en-chance\/\",\"url\":\"https:\/\/kunmedierne.dk\/mors\/giv-de-unge-en-chance\/\",\"name\":\"- Giv de unge en chance - Mors\",\"isPartOf\":{\"@id\":\"https:\/\/kunmedierne.dk\/mors\/#website\"},\"primaryImageOfPage\":{\"@id\":\"https:\/\/kunmedierne.dk\/mors\/giv-de-unge-en-chance\/#primaryimage\"},\"image\":{\"@id\":\"https:\/\/kunmedierne.dk\/mors\/giv-de-unge-en-chance\/#primaryimage\"},\"thumbnailUrl\":\"https:\/\/kunmedierne.dk\/mors\/wp-content\/uploads\/2021\/04\/thomas-dahlgaard.jpg\",\"datePublished\":\"2021-10-15T11:28:33+00:00\",\"dateModified\":\"2024-08-12T11:36:03+00:00\",\"breadcrumb\":{\"@id\":\"https:\/\/kunmedierne.dk\/mors\/giv-de-unge-en-chance\/#breadcrumb\"},\"inLanguage\":\"da-DK\",\"potentialAction\":[{\"@type\":\"ReadAction\",\"target\":[\"https:\/\/kunmedierne.dk\/mors\/giv-de-unge-en-chance\/\"]}]},{\"@type\":\"ImageObject\",\"inLanguage\":\"da-DK\",\"@id\":\"https:\/\/kunmedierne.dk\/mors\/giv-de-unge-en-chance\/#primaryimage\",\"url\":\"https:\/\/kunmedierne.dk\/mors\/wp-content\/uploads\/2021\/04\/thomas-dahlgaard.jpg\",\"contentUrl\":\"https:\/\/kunmedierne.dk\/mors\/wp-content\/uploads\/2021\/04\/thomas-dahlgaard.jpg\",\"width\":770,\"height\":513,\"caption\":\"Thomas Dahlgaard, kandidat for Venstre ved kommunalvalget i november. Foto: Venstre Mors\"},{\"@type\":\"BreadcrumbList\",\"@id\":\"https:\/\/kunmedierne.dk\/mors\/giv-de-unge-en-chance\/#breadcrumb\",\"itemListElement\":[{\"@type\":\"ListItem\",\"position\":1,\"name\":\"Hjem\",\"item\":\"https:\/\/kunmedierne.dk\/mors\/\"},{\"@type\":\"ListItem\",\"position\":2,\"name\":\"&#8211; Giv de unge en chance\"}]},{\"@type\":\"WebSite\",\"@id\":\"https:\/\/kunmedierne.dk\/mors\/#website\",\"url\":\"https:\/\/kunmedierne.dk\/mors\/\",\"name\":\"Mors\",\"description\":\"et netmedie med journalistik om livet p\u00e5 Mors\",\"publisher\":{\"@id\":\"https:\/\/kunmedierne.dk\/mors\/#organization\"},\"potentialAction\":[{\"@type\":\"SearchAction\",\"target\":{\"@type\":\"EntryPoint\",\"urlTemplate\":\"https:\/\/kunmedierne.dk\/mors\/?s={search_term_string}\"},\"query-input\":{\"@type\":\"PropertyValueSpecification\",\"valueRequired\":true,\"valueName\":\"search_term_string\"}}],\"inLanguage\":\"da-DK\"},{\"@type\":\"Organization\",\"@id\":\"https:\/\/kunmedierne.dk\/mors\/#organization\",\"name\":\"Mors\",\"url\":\"https:\/\/kunmedierne.dk\/mors\/\",\"logo\":{\"@type\":\"ImageObject\",\"inLanguage\":\"da-DK\",\"@id\":\"https:\/\/kunmedierne.dk\/mors\/#\/schema\/logo\/image\/\",\"url\":\"https:\/\/kunmedierne.dk\/mors\/wp-content\/uploads\/2024\/08\/kunmors-logo.svg\",\"contentUrl\":\"https:\/\/kunmedierne.dk\/mors\/wp-content\/uploads\/2024\/08\/kunmors-logo.svg\",\"caption\":\"Mors\"},\"image\":{\"@id\":\"https:\/\/kunmedierne.dk\/mors\/#\/schema\/logo\/image\/\"}},{\"@type\":\"Person\",\"@id\":\"https:\/\/kunmedierne.dk\/mors\/#\/schema\/person\/84c1391bce0b43b9bb3a49736bc0ad78\",\"name\":\"Debat\",\"image\":{\"@type\":\"ImageObject\",\"inLanguage\":\"da-DK\",\"@id\":\"https:\/\/kunmedierne.dk\/mors\/#\/schema\/person\/image\/\",\"url\":\"https:\/\/secure.gravatar.com\/avatar\/b0fb2e221d618f7c65162ab0d49c7e8a0b580c871ca03af90e42b47b4150654c?s=96&d=mm&r=g\",\"contentUrl\":\"https:\/\/secure.gravatar.com\/avatar\/b0fb2e221d618f7c65162ab0d49c7e8a0b580c871ca03af90e42b47b4150654c?s=96&d=mm&r=g\",\"caption\":\"Debat\"},\"url\":\"https:\/\/kunmedierne.dk\/mors\/author\/debat\/\"}]}<\/script>\n<!-- \/ Yoast SEO plugin. -->","yoast_head_json":{"title":"- Giv de unge en chance - Mors","robots":{"index":"index","follow":"follow","max-snippet":"max-snippet:-1","max-image-preview":"max-image-preview:large","max-video-preview":"max-video-preview:-1"},"canonical":"https:\/\/kunmedierne.dk\/mors\/giv-de-unge-en-chance\/","og_locale":"da_DK","og_type":"article","og_title":"- Giv de unge en chance - Mors","og_description":"Debatindl\u00e6g fra Thomas Dahlgaard, kandidat for Venstre ved Kommunalvalg 2021: MORS: P\u00e5 Mors har vi et, efter \u00f8ens st\u00f8rrelse, flot udbud af ungdomsuddannelser, der sikrer vore grundskoleelever gode valgmuligheder for at komme i gang med en ungdomsuddannelse efter 9.\/10. klasse. Det som vi ikke umiddelbart selv huser kan oftest tages i Thisted eller Skive, alts\u00e5 [&hellip;]","og_url":"https:\/\/kunmedierne.dk\/mors\/giv-de-unge-en-chance\/","og_site_name":"Mors","article_published_time":"2021-10-15T11:28:33+00:00","article_modified_time":"2024-08-12T11:36:03+00:00","og_image":[{"width":770,"height":513,"url":"https:\/\/kunmedierne.dk\/mors\/wp-content\/uploads\/2021\/04\/thomas-dahlgaard.jpg","type":"image\/jpeg"}],"author":"Debat","twitter_card":"summary_large_image","twitter_misc":{"Skrevet af":"Debat","Estimeret l\u00e6setid":"4 minutter"},"schema":{"@context":"https:\/\/schema.org","@graph":[{"@type":"Article","@id":"https:\/\/kunmedierne.dk\/mors\/giv-de-unge-en-chance\/#article","isPartOf":{"@id":"https:\/\/kunmedierne.dk\/mors\/giv-de-unge-en-chance\/"},"author":{"name":"Debat","@id":"https:\/\/kunmedierne.dk\/mors\/#\/schema\/person\/84c1391bce0b43b9bb3a49736bc0ad78"},"headline":"&#8211; Giv de unge en chance","datePublished":"2021-10-15T11:28:33+00:00","dateModified":"2024-08-12T11:36:03+00:00","mainEntityOfPage":{"@id":"https:\/\/kunmedierne.dk\/mors\/giv-de-unge-en-chance\/"},"wordCount":673,"commentCount":0,"publisher":{"@id":"https:\/\/kunmedierne.dk\/mors\/#organization"},"image":{"@id":"https:\/\/kunmedierne.dk\/mors\/giv-de-unge-en-chance\/#primaryimage"},"thumbnailUrl":"https:\/\/kunmedierne.dk\/mors\/wp-content\/uploads\/2021\/04\/thomas-dahlgaard.jpg","keywords":["Skoler og uddannelse"],"articleSection":["Debat"],"inLanguage":"da-DK","potentialAction":[{"@type":"CommentAction","name":"Comment","target":["https:\/\/kunmedierne.dk\/mors\/giv-de-unge-en-chance\/#respond"]}]},{"@type":"WebPage","@id":"https:\/\/kunmedierne.dk\/mors\/giv-de-unge-en-chance\/","url":"https:\/\/kunmedierne.dk\/mors\/giv-de-unge-en-chance\/","name":"- Giv de unge en chance - Mors","isPartOf":{"@id":"https:\/\/kunmedierne.dk\/mors\/#website"},"primaryImageOfPage":{"@id":"https:\/\/kunmedierne.dk\/mors\/giv-de-unge-en-chance\/#primaryimage"},"image":{"@id":"https:\/\/kunmedierne.dk\/mors\/giv-de-unge-en-chance\/#primaryimage"},"thumbnailUrl":"https:\/\/kunmedierne.dk\/mors\/wp-content\/uploads\/2021\/04\/thomas-dahlgaard.jpg","datePublished":"2021-10-15T11:28:33+00:00","dateModified":"2024-08-12T11:36:03+00:00","breadcrumb":{"@id":"https:\/\/kunmedierne.dk\/mors\/giv-de-unge-en-chance\/#breadcrumb"},"inLanguage":"da-DK","potentialAction":[{"@type":"ReadAction","target":["https:\/\/kunmedierne.dk\/mors\/giv-de-unge-en-chance\/"]}]},{"@type":"ImageObject","inLanguage":"da-DK","@id":"https:\/\/kunmedierne.dk\/mors\/giv-de-unge-en-chance\/#primaryimage","url":"https:\/\/kunmedierne.dk\/mors\/wp-content\/uploads\/2021\/04\/thomas-dahlgaard.jpg","contentUrl":"https:\/\/kunmedierne.dk\/mors\/wp-content\/uploads\/2021\/04\/thomas-dahlgaard.jpg","width":770,"height":513,"caption":"Thomas Dahlgaard, kandidat for Venstre ved kommunalvalget i november. Foto: Venstre Mors"},{"@type":"BreadcrumbList","@id":"https:\/\/kunmedierne.dk\/mors\/giv-de-unge-en-chance\/#breadcrumb","itemListElement":[{"@type":"ListItem","position":1,"name":"Hjem","item":"https:\/\/kunmedierne.dk\/mors\/"},{"@type":"ListItem","position":2,"name":"&#8211; Giv de unge en chance"}]},{"@type":"WebSite","@id":"https:\/\/kunmedierne.dk\/mors\/#website","url":"https:\/\/kunmedierne.dk\/mors\/","name":"Mors","description":"et netmedie med journalistik om livet p\u00e5 Mors","publisher":{"@id":"https:\/\/kunmedierne.dk\/mors\/#organization"},"potentialAction":[{"@type":"SearchAction","target":{"@type":"EntryPoint","urlTemplate":"https:\/\/kunmedierne.dk\/mors\/?s={search_term_string}"},"query-input":{"@type":"PropertyValueSpecification","valueRequired":true,"valueName":"search_term_string"}}],"inLanguage":"da-DK"},{"@type":"Organization","@id":"https:\/\/kunmedierne.dk\/mors\/#organization","name":"Mors","url":"https:\/\/kunmedierne.dk\/mors\/","logo":{"@type":"ImageObject","inLanguage":"da-DK","@id":"https:\/\/kunmedierne.dk\/mors\/#\/schema\/logo\/image\/","url":"https:\/\/kunmedierne.dk\/mors\/wp-content\/uploads\/2024\/08\/kunmors-logo.svg","contentUrl":"https:\/\/kunmedierne.dk\/mors\/wp-content\/uploads\/2024\/08\/kunmors-logo.svg","caption":"Mors"},"image":{"@id":"https:\/\/kunmedierne.dk\/mors\/#\/schema\/logo\/image\/"}},{"@type":"Person","@id":"https:\/\/kunmedierne.dk\/mors\/#\/schema\/person\/84c1391bce0b43b9bb3a49736bc0ad78","name":"Debat","image":{"@type":"ImageObject","inLanguage":"da-DK","@id":"https:\/\/kunmedierne.dk\/mors\/#\/schema\/person\/image\/","url":"https:\/\/secure.gravatar.com\/avatar\/b0fb2e221d618f7c65162ab0d49c7e8a0b580c871ca03af90e42b47b4150654c?s=96&d=mm&r=g","contentUrl":"https:\/\/secure.gravatar.com\/avatar\/b0fb2e221d618f7c65162ab0d49c7e8a0b580c871ca03af90e42b47b4150654c?s=96&d=mm&r=g","caption":"Debat"},"url":"https:\/\/kunmedierne.dk\/mors\/author\/debat\/"}]}},"_links":{"self":[{"href":"https:\/\/kunmedierne.dk\/mors\/wp-json\/wp\/v2\/posts\/54565","targetHints":{"allow":["GET"]}}],"collection":[{"href":"https:\/\/kunmedierne.dk\/mors\/wp-json\/wp\/v2\/posts"}],"about":[{"href":"https:\/\/kunmedierne.dk\/mors\/wp-json\/wp\/v2\/types\/post"}],"author":[{"embeddable":true,"href":"https:\/\/kunmedierne.dk\/mors\/wp-json\/wp\/v2\/users\/11"}],"replies":[{"embeddable":true,"href":"https:\/\/kunmedierne.dk\/mors\/wp-json\/wp\/v2\/comments?post=54565"}],"version-history":[{"count":1,"href":"https:\/\/kunmedierne.dk\/mors\/wp-json\/wp\/v2\/posts\/54565\/revisions"}],"predecessor-version":[{"id":54566,"href":"https:\/\/kunmedierne.dk\/mors\/wp-json\/wp\/v2\/posts\/54565\/revisions\/54566"}],"wp:featuredmedia":[{"embeddable":true,"href":"https:\/\/kunmedierne.dk\/mors\/wp-json\/wp\/v2\/media\/43014"}],"wp:attachment":[{"href":"https:\/\/kunmedierne.dk\/mors\/wp-json\/wp\/v2\/media?parent=54565"}],"wp:term":[{"taxonomy":"category","embeddable":true,"href":"https:\/\/kunmedierne.dk\/mors\/wp-json\/wp\/v2\/categories?post=54565"},{"taxonomy":"post_tag","embeddable":true,"href":"https:\/\/kunmedierne.dk\/mors\/wp-json\/wp\/v2\/tags?post=54565"}],"curies":[{"name":"wp","href":"https:\/\/api.w.org\/{rel}","templated":true}]}}