{"id":54467,"date":"2021-10-13T21:36:15","date_gmt":"2021-10-13T19:36:15","guid":{"rendered":"https:\/\/kunmedierne.dk\/mors\/?p=54467"},"modified":"2024-08-12T13:36:04","modified_gmt":"2024-08-12T11:36:04","slug":"brovagter-livsnerven-mellem-mors-og-thy","status":"publish","type":"post","link":"https:\/\/kunmedierne.dk\/mors\/brovagter-livsnerven-mellem-mors-og-thy\/","title":{"rendered":"&#8211; Brovagter \/ livsnerven mellem Mors og Thy"},"content":{"rendered":"<p><em>Debatindl\u00e6g af Hans Ejner Bertelsen (V), borgmester i Mors\u00f8 Kommune:<\/em><\/p>\n<hr \/>\n<p><strong>MORS<\/strong>: Jeg har p\u00e5 f\u00f8rste h\u00e5nd \u2013 siden 2016 &#8211; fulgt sagen om automatisering af Vilsundbroen t\u00e6t. Jeg var fra starten st\u00e6rkt bekymret over, at det kunne betyde en serviceforringelse og skabe utryghed for thy- og morsingboerne.<\/p>\n<p>Efter lidt till\u00f8b fik jeg overbevist mit parti p\u00e5 Christiansborg om, at det ikke var nogen let sag. Beslutningen blev til min tilfredshed udskudt, hvilket bl.a. skyldtes, at Torsten Schack Pedersen lyttede til min bekymring. Han kunne se, at sagen var problematisk.<\/p>\n<p><a href=\"https:\/\/vester-begr.dk\"><img loading=\"lazy\" decoding=\"async\" class=\"alignleft size-full wp-image-53879\" src=\"https:\/\/kunmedierne.dk\/mors\/wp-content\/uploads\/2021\/10\/NY-Vester-Begravelse-TOP-BUND.jpg\" alt=\"\" width=\"1400\" height=\"125\" srcset=\"https:\/\/kunmedierne.dk\/mors\/wp-content\/uploads\/2021\/10\/NY-Vester-Begravelse-TOP-BUND.jpg 1400w, https:\/\/kunmedierne.dk\/mors\/wp-content\/uploads\/2021\/10\/NY-Vester-Begravelse-TOP-BUND-300x27.jpg 300w, https:\/\/kunmedierne.dk\/mors\/wp-content\/uploads\/2021\/10\/NY-Vester-Begravelse-TOP-BUND-1024x91.jpg 1024w, https:\/\/kunmedierne.dk\/mors\/wp-content\/uploads\/2021\/10\/NY-Vester-Begravelse-TOP-BUND-768x69.jpg 768w, https:\/\/kunmedierne.dk\/mors\/wp-content\/uploads\/2021\/10\/NY-Vester-Begravelse-TOP-BUND-600x54.jpg 600w\" sizes=\"auto, (max-width: 1400px) 100vw, 1400px\" \/><\/a>Jeg var dengang tilbage i 2016 glad for, at ogs\u00e5 Simon Kollerup bakkede op om det problematiske i automatiseringen med bl.a. f\u00f8lgende udtalelser: \u201d Bl.a. at vi kan risikere, at den gamle mekaniske bro kan opleve problemer med broklappen, hvilket sker i ny og n\u00e6, og s\u00e5dan noget kr\u00e6ver alts\u00e5 en rask mand, som hopper ned til tandhjulene og fikser problemet. Det kan man ikke klikke p\u00e5 en mus i K\u00f8benhavn og ordne. Grundl\u00e6ggende er jeg bekymret for vores lokale tryghed, hvis livsvigtige ambulancek\u00f8rsler ikke kan krydse broen bare en eneste gang, s\u00e5 vil en automatisering jo v\u00e6re utilgivelig.\u201d<\/p>\n<p>Vi s\u00e5 for kort tid siden, at broen ikke bare passer sig selv, og at klappen kan falde ned. Jeg er meget uforst\u00e5ende overfor, at Regeringen nu vil gennemf\u00f8re en automatisering af broen. Sammen med fire borgmesterkollegaer havde jeg forleden et m\u00f8de med trafikminister Benny Engelbrecht. Det har v\u00e6ret meget sv\u00e6rt at f\u00e5 et m\u00f8de i stand, men vi lykkedes dog med at f\u00e5 adgang til ministeren p\u00e5 et kort digitalt m\u00f8de. P\u00e5 m\u00f8det lykkedes det ikke at skabe forst\u00e5else for vore bekymringer, og samtlige vore argumenter blev afvist af ministeren.<\/p>\n<p>Nu h\u00e5ber jeg, at Simon Kollerup mener det samme i dag som i 2016,og at han og andre lokalt valgte folketingsmedlemmer vil arbejde lige s\u00e5 ih\u00e6rdigt som Torsten Schack Pedersen for at f\u00e5 omst\u00f8dt beslutningen.<\/p>\n<p><a href=\"https:\/\/vognmand-filtenborg.dk\/\"><img loading=\"lazy\" decoding=\"async\" class=\"alignleft size-full wp-image-46594\" src=\"https:\/\/kunmedierne.dk\/mors\/wp-content\/uploads\/2021\/06\/t03.jpg\" alt=\"\" width=\"1400\" height=\"125\" srcset=\"https:\/\/kunmedierne.dk\/mors\/wp-content\/uploads\/2021\/06\/t03.jpg 1400w, https:\/\/kunmedierne.dk\/mors\/wp-content\/uploads\/2021\/06\/t03-300x27.jpg 300w, https:\/\/kunmedierne.dk\/mors\/wp-content\/uploads\/2021\/06\/t03-1024x91.jpg 1024w, https:\/\/kunmedierne.dk\/mors\/wp-content\/uploads\/2021\/06\/t03-768x69.jpg 768w, https:\/\/kunmedierne.dk\/mors\/wp-content\/uploads\/2021\/06\/t03-600x54.jpg 600w\" sizes=\"auto, (max-width: 1400px) 100vw, 1400px\" \/><\/a><\/p>\n<hr \/>\n<blockquote>\n<h4>F\u00e5 KunMors som din lokale avis. Tilmeld dig vores daglige nyhedsbrev nederst p\u00e5 siden og modtag det seneste d\u00f8gns artikler i din mailboks hver eftermiddag. Nyhedsbrevet er gratis og kan afmeldes n\u00e5r som helst.<\/h4>\n<\/blockquote>\n","protected":false},"excerpt":{"rendered":"<p>Debatindl\u00e6g af Hans Ejner Bertelsen (V), borgmester i Mors\u00f8 Kommune: MORS: Jeg har p\u00e5 f\u00f8rste h\u00e5nd \u2013 siden 2016 &#8211; fulgt sagen om automatisering af Vilsundbroen t\u00e6t. Jeg var fra starten st\u00e6rkt bekymret over, at det kunne betyde en serviceforringelse og skabe utryghed for thy- og morsingboerne. Efter lidt till\u00f8b fik jeg overbevist mit parti [&hellip;]<\/p>\n","protected":false},"author":11,"featured_media":54468,"comment_status":"open","ping_status":"open","sticky":false,"template":"","format":"standard","meta":{"_acf_changed":false,"footnotes":""},"categories":[56],"tags":[167],"class_list":["post-54467","post","type-post","status-publish","format-standard","has-post-thumbnail","hentry","category-debat","tag-politik"],"acf":[],"yoast_head":"<!-- This site is optimized with the Yoast SEO plugin v26.8 - https:\/\/yoast.com\/product\/yoast-seo-wordpress\/ -->\n<title>- Brovagter \/ livsnerven mellem Mors og Thy - Mors<\/title>\n<meta name=\"robots\" content=\"index, follow, max-snippet:-1, max-image-preview:large, max-video-preview:-1\" \/>\n<link rel=\"canonical\" href=\"https:\/\/kunmedierne.dk\/mors\/brovagter-livsnerven-mellem-mors-og-thy\/\" \/>\n<meta property=\"og:locale\" content=\"da_DK\" \/>\n<meta property=\"og:type\" content=\"article\" \/>\n<meta property=\"og:title\" content=\"- Brovagter \/ livsnerven mellem Mors og Thy - Mors\" \/>\n<meta property=\"og:description\" content=\"Debatindl\u00e6g af Hans Ejner Bertelsen (V), borgmester i Mors\u00f8 Kommune: MORS: Jeg har p\u00e5 f\u00f8rste h\u00e5nd \u2013 siden 2016 &#8211; fulgt sagen om automatisering af Vilsundbroen t\u00e6t. Jeg var fra starten st\u00e6rkt bekymret over, at det kunne betyde en serviceforringelse og skabe utryghed for thy- og morsingboerne. Efter lidt till\u00f8b fik jeg overbevist mit parti [&hellip;]\" \/>\n<meta property=\"og:url\" content=\"https:\/\/kunmedierne.dk\/mors\/brovagter-livsnerven-mellem-mors-og-thy\/\" \/>\n<meta property=\"og:site_name\" content=\"Mors\" \/>\n<meta property=\"article:published_time\" content=\"2021-10-13T19:36:15+00:00\" \/>\n<meta property=\"article:modified_time\" content=\"2024-08-12T11:36:04+00:00\" \/>\n<meta property=\"og:image\" content=\"https:\/\/kunmedierne.dk\/mors\/wp-content\/uploads\/2021\/10\/hans-ejner-bertelsen-vilsundbroen.jpg\" \/>\n\t<meta property=\"og:image:width\" content=\"770\" \/>\n\t<meta property=\"og:image:height\" content=\"513\" \/>\n\t<meta property=\"og:image:type\" content=\"image\/jpeg\" \/>\n<meta name=\"author\" content=\"Debat\" \/>\n<meta name=\"twitter:card\" content=\"summary_large_image\" \/>\n<meta name=\"twitter:label1\" content=\"Skrevet af\" \/>\n\t<meta name=\"twitter:data1\" content=\"Debat\" \/>\n\t<meta name=\"twitter:label2\" content=\"Estimeret l\u00e6setid\" \/>\n\t<meta name=\"twitter:data2\" content=\"3 minutter\" \/>\n<script type=\"application\/ld+json\" class=\"yoast-schema-graph\">{\"@context\":\"https:\/\/schema.org\",\"@graph\":[{\"@type\":\"Article\",\"@id\":\"https:\/\/kunmedierne.dk\/mors\/brovagter-livsnerven-mellem-mors-og-thy\/#article\",\"isPartOf\":{\"@id\":\"https:\/\/kunmedierne.dk\/mors\/brovagter-livsnerven-mellem-mors-og-thy\/\"},\"author\":{\"name\":\"Debat\",\"@id\":\"https:\/\/kunmedierne.dk\/mors\/#\/schema\/person\/84c1391bce0b43b9bb3a49736bc0ad78\"},\"headline\":\"&#8211; Brovagter \/ livsnerven mellem Mors og Thy\",\"datePublished\":\"2021-10-13T19:36:15+00:00\",\"dateModified\":\"2024-08-12T11:36:04+00:00\",\"mainEntityOfPage\":{\"@id\":\"https:\/\/kunmedierne.dk\/mors\/brovagter-livsnerven-mellem-mors-og-thy\/\"},\"wordCount\":380,\"commentCount\":0,\"publisher\":{\"@id\":\"https:\/\/kunmedierne.dk\/mors\/#organization\"},\"image\":{\"@id\":\"https:\/\/kunmedierne.dk\/mors\/brovagter-livsnerven-mellem-mors-og-thy\/#primaryimage\"},\"thumbnailUrl\":\"https:\/\/kunmedierne.dk\/mors\/wp-content\/uploads\/2021\/10\/hans-ejner-bertelsen-vilsundbroen.jpg\",\"keywords\":[\"Politik\"],\"articleSection\":[\"Debat\"],\"inLanguage\":\"da-DK\",\"potentialAction\":[{\"@type\":\"CommentAction\",\"name\":\"Comment\",\"target\":[\"https:\/\/kunmedierne.dk\/mors\/brovagter-livsnerven-mellem-mors-og-thy\/#respond\"]}]},{\"@type\":\"WebPage\",\"@id\":\"https:\/\/kunmedierne.dk\/mors\/brovagter-livsnerven-mellem-mors-og-thy\/\",\"url\":\"https:\/\/kunmedierne.dk\/mors\/brovagter-livsnerven-mellem-mors-og-thy\/\",\"name\":\"- Brovagter \/ livsnerven mellem Mors og Thy - Mors\",\"isPartOf\":{\"@id\":\"https:\/\/kunmedierne.dk\/mors\/#website\"},\"primaryImageOfPage\":{\"@id\":\"https:\/\/kunmedierne.dk\/mors\/brovagter-livsnerven-mellem-mors-og-thy\/#primaryimage\"},\"image\":{\"@id\":\"https:\/\/kunmedierne.dk\/mors\/brovagter-livsnerven-mellem-mors-og-thy\/#primaryimage\"},\"thumbnailUrl\":\"https:\/\/kunmedierne.dk\/mors\/wp-content\/uploads\/2021\/10\/hans-ejner-bertelsen-vilsundbroen.jpg\",\"datePublished\":\"2021-10-13T19:36:15+00:00\",\"dateModified\":\"2024-08-12T11:36:04+00:00\",\"breadcrumb\":{\"@id\":\"https:\/\/kunmedierne.dk\/mors\/brovagter-livsnerven-mellem-mors-og-thy\/#breadcrumb\"},\"inLanguage\":\"da-DK\",\"potentialAction\":[{\"@type\":\"ReadAction\",\"target\":[\"https:\/\/kunmedierne.dk\/mors\/brovagter-livsnerven-mellem-mors-og-thy\/\"]}]},{\"@type\":\"ImageObject\",\"inLanguage\":\"da-DK\",\"@id\":\"https:\/\/kunmedierne.dk\/mors\/brovagter-livsnerven-mellem-mors-og-thy\/#primaryimage\",\"url\":\"https:\/\/kunmedierne.dk\/mors\/wp-content\/uploads\/2021\/10\/hans-ejner-bertelsen-vilsundbroen.jpg\",\"contentUrl\":\"https:\/\/kunmedierne.dk\/mors\/wp-content\/uploads\/2021\/10\/hans-ejner-bertelsen-vilsundbroen.jpg\",\"width\":770,\"height\":513,\"caption\":\"Hans Ejner Bertelsen (V), borgmester i Mors\u00f8 Kommune.\"},{\"@type\":\"BreadcrumbList\",\"@id\":\"https:\/\/kunmedierne.dk\/mors\/brovagter-livsnerven-mellem-mors-og-thy\/#breadcrumb\",\"itemListElement\":[{\"@type\":\"ListItem\",\"position\":1,\"name\":\"Hjem\",\"item\":\"https:\/\/kunmedierne.dk\/mors\/\"},{\"@type\":\"ListItem\",\"position\":2,\"name\":\"&#8211; Brovagter \/ livsnerven mellem Mors og Thy\"}]},{\"@type\":\"WebSite\",\"@id\":\"https:\/\/kunmedierne.dk\/mors\/#website\",\"url\":\"https:\/\/kunmedierne.dk\/mors\/\",\"name\":\"Mors\",\"description\":\"et netmedie med journalistik om livet p\u00e5 Mors\",\"publisher\":{\"@id\":\"https:\/\/kunmedierne.dk\/mors\/#organization\"},\"potentialAction\":[{\"@type\":\"SearchAction\",\"target\":{\"@type\":\"EntryPoint\",\"urlTemplate\":\"https:\/\/kunmedierne.dk\/mors\/?s={search_term_string}\"},\"query-input\":{\"@type\":\"PropertyValueSpecification\",\"valueRequired\":true,\"valueName\":\"search_term_string\"}}],\"inLanguage\":\"da-DK\"},{\"@type\":\"Organization\",\"@id\":\"https:\/\/kunmedierne.dk\/mors\/#organization\",\"name\":\"Mors\",\"url\":\"https:\/\/kunmedierne.dk\/mors\/\",\"logo\":{\"@type\":\"ImageObject\",\"inLanguage\":\"da-DK\",\"@id\":\"https:\/\/kunmedierne.dk\/mors\/#\/schema\/logo\/image\/\",\"url\":\"https:\/\/kunmedierne.dk\/mors\/wp-content\/uploads\/2024\/08\/kunmors-logo.svg\",\"contentUrl\":\"https:\/\/kunmedierne.dk\/mors\/wp-content\/uploads\/2024\/08\/kunmors-logo.svg\",\"caption\":\"Mors\"},\"image\":{\"@id\":\"https:\/\/kunmedierne.dk\/mors\/#\/schema\/logo\/image\/\"}},{\"@type\":\"Person\",\"@id\":\"https:\/\/kunmedierne.dk\/mors\/#\/schema\/person\/84c1391bce0b43b9bb3a49736bc0ad78\",\"name\":\"Debat\",\"image\":{\"@type\":\"ImageObject\",\"inLanguage\":\"da-DK\",\"@id\":\"https:\/\/kunmedierne.dk\/mors\/#\/schema\/person\/image\/\",\"url\":\"https:\/\/secure.gravatar.com\/avatar\/b0fb2e221d618f7c65162ab0d49c7e8a0b580c871ca03af90e42b47b4150654c?s=96&d=mm&r=g\",\"contentUrl\":\"https:\/\/secure.gravatar.com\/avatar\/b0fb2e221d618f7c65162ab0d49c7e8a0b580c871ca03af90e42b47b4150654c?s=96&d=mm&r=g\",\"caption\":\"Debat\"},\"url\":\"https:\/\/kunmedierne.dk\/mors\/author\/debat\/\"}]}<\/script>\n<!-- \/ Yoast SEO plugin. -->","yoast_head_json":{"title":"- Brovagter \/ livsnerven mellem Mors og Thy - Mors","robots":{"index":"index","follow":"follow","max-snippet":"max-snippet:-1","max-image-preview":"max-image-preview:large","max-video-preview":"max-video-preview:-1"},"canonical":"https:\/\/kunmedierne.dk\/mors\/brovagter-livsnerven-mellem-mors-og-thy\/","og_locale":"da_DK","og_type":"article","og_title":"- Brovagter \/ livsnerven mellem Mors og Thy - Mors","og_description":"Debatindl\u00e6g af Hans Ejner Bertelsen (V), borgmester i Mors\u00f8 Kommune: MORS: Jeg har p\u00e5 f\u00f8rste h\u00e5nd \u2013 siden 2016 &#8211; fulgt sagen om automatisering af Vilsundbroen t\u00e6t. Jeg var fra starten st\u00e6rkt bekymret over, at det kunne betyde en serviceforringelse og skabe utryghed for thy- og morsingboerne. Efter lidt till\u00f8b fik jeg overbevist mit parti [&hellip;]","og_url":"https:\/\/kunmedierne.dk\/mors\/brovagter-livsnerven-mellem-mors-og-thy\/","og_site_name":"Mors","article_published_time":"2021-10-13T19:36:15+00:00","article_modified_time":"2024-08-12T11:36:04+00:00","og_image":[{"width":770,"height":513,"url":"https:\/\/kunmedierne.dk\/mors\/wp-content\/uploads\/2021\/10\/hans-ejner-bertelsen-vilsundbroen.jpg","type":"image\/jpeg"}],"author":"Debat","twitter_card":"summary_large_image","twitter_misc":{"Skrevet af":"Debat","Estimeret l\u00e6setid":"3 minutter"},"schema":{"@context":"https:\/\/schema.org","@graph":[{"@type":"Article","@id":"https:\/\/kunmedierne.dk\/mors\/brovagter-livsnerven-mellem-mors-og-thy\/#article","isPartOf":{"@id":"https:\/\/kunmedierne.dk\/mors\/brovagter-livsnerven-mellem-mors-og-thy\/"},"author":{"name":"Debat","@id":"https:\/\/kunmedierne.dk\/mors\/#\/schema\/person\/84c1391bce0b43b9bb3a49736bc0ad78"},"headline":"&#8211; Brovagter \/ livsnerven mellem Mors og Thy","datePublished":"2021-10-13T19:36:15+00:00","dateModified":"2024-08-12T11:36:04+00:00","mainEntityOfPage":{"@id":"https:\/\/kunmedierne.dk\/mors\/brovagter-livsnerven-mellem-mors-og-thy\/"},"wordCount":380,"commentCount":0,"publisher":{"@id":"https:\/\/kunmedierne.dk\/mors\/#organization"},"image":{"@id":"https:\/\/kunmedierne.dk\/mors\/brovagter-livsnerven-mellem-mors-og-thy\/#primaryimage"},"thumbnailUrl":"https:\/\/kunmedierne.dk\/mors\/wp-content\/uploads\/2021\/10\/hans-ejner-bertelsen-vilsundbroen.jpg","keywords":["Politik"],"articleSection":["Debat"],"inLanguage":"da-DK","potentialAction":[{"@type":"CommentAction","name":"Comment","target":["https:\/\/kunmedierne.dk\/mors\/brovagter-livsnerven-mellem-mors-og-thy\/#respond"]}]},{"@type":"WebPage","@id":"https:\/\/kunmedierne.dk\/mors\/brovagter-livsnerven-mellem-mors-og-thy\/","url":"https:\/\/kunmedierne.dk\/mors\/brovagter-livsnerven-mellem-mors-og-thy\/","name":"- Brovagter \/ livsnerven mellem Mors og Thy - Mors","isPartOf":{"@id":"https:\/\/kunmedierne.dk\/mors\/#website"},"primaryImageOfPage":{"@id":"https:\/\/kunmedierne.dk\/mors\/brovagter-livsnerven-mellem-mors-og-thy\/#primaryimage"},"image":{"@id":"https:\/\/kunmedierne.dk\/mors\/brovagter-livsnerven-mellem-mors-og-thy\/#primaryimage"},"thumbnailUrl":"https:\/\/kunmedierne.dk\/mors\/wp-content\/uploads\/2021\/10\/hans-ejner-bertelsen-vilsundbroen.jpg","datePublished":"2021-10-13T19:36:15+00:00","dateModified":"2024-08-12T11:36:04+00:00","breadcrumb":{"@id":"https:\/\/kunmedierne.dk\/mors\/brovagter-livsnerven-mellem-mors-og-thy\/#breadcrumb"},"inLanguage":"da-DK","potentialAction":[{"@type":"ReadAction","target":["https:\/\/kunmedierne.dk\/mors\/brovagter-livsnerven-mellem-mors-og-thy\/"]}]},{"@type":"ImageObject","inLanguage":"da-DK","@id":"https:\/\/kunmedierne.dk\/mors\/brovagter-livsnerven-mellem-mors-og-thy\/#primaryimage","url":"https:\/\/kunmedierne.dk\/mors\/wp-content\/uploads\/2021\/10\/hans-ejner-bertelsen-vilsundbroen.jpg","contentUrl":"https:\/\/kunmedierne.dk\/mors\/wp-content\/uploads\/2021\/10\/hans-ejner-bertelsen-vilsundbroen.jpg","width":770,"height":513,"caption":"Hans Ejner Bertelsen (V), borgmester i Mors\u00f8 Kommune."},{"@type":"BreadcrumbList","@id":"https:\/\/kunmedierne.dk\/mors\/brovagter-livsnerven-mellem-mors-og-thy\/#breadcrumb","itemListElement":[{"@type":"ListItem","position":1,"name":"Hjem","item":"https:\/\/kunmedierne.dk\/mors\/"},{"@type":"ListItem","position":2,"name":"&#8211; Brovagter \/ livsnerven mellem Mors og Thy"}]},{"@type":"WebSite","@id":"https:\/\/kunmedierne.dk\/mors\/#website","url":"https:\/\/kunmedierne.dk\/mors\/","name":"Mors","description":"et netmedie med journalistik om livet p\u00e5 Mors","publisher":{"@id":"https:\/\/kunmedierne.dk\/mors\/#organization"},"potentialAction":[{"@type":"SearchAction","target":{"@type":"EntryPoint","urlTemplate":"https:\/\/kunmedierne.dk\/mors\/?s={search_term_string}"},"query-input":{"@type":"PropertyValueSpecification","valueRequired":true,"valueName":"search_term_string"}}],"inLanguage":"da-DK"},{"@type":"Organization","@id":"https:\/\/kunmedierne.dk\/mors\/#organization","name":"Mors","url":"https:\/\/kunmedierne.dk\/mors\/","logo":{"@type":"ImageObject","inLanguage":"da-DK","@id":"https:\/\/kunmedierne.dk\/mors\/#\/schema\/logo\/image\/","url":"https:\/\/kunmedierne.dk\/mors\/wp-content\/uploads\/2024\/08\/kunmors-logo.svg","contentUrl":"https:\/\/kunmedierne.dk\/mors\/wp-content\/uploads\/2024\/08\/kunmors-logo.svg","caption":"Mors"},"image":{"@id":"https:\/\/kunmedierne.dk\/mors\/#\/schema\/logo\/image\/"}},{"@type":"Person","@id":"https:\/\/kunmedierne.dk\/mors\/#\/schema\/person\/84c1391bce0b43b9bb3a49736bc0ad78","name":"Debat","image":{"@type":"ImageObject","inLanguage":"da-DK","@id":"https:\/\/kunmedierne.dk\/mors\/#\/schema\/person\/image\/","url":"https:\/\/secure.gravatar.com\/avatar\/b0fb2e221d618f7c65162ab0d49c7e8a0b580c871ca03af90e42b47b4150654c?s=96&d=mm&r=g","contentUrl":"https:\/\/secure.gravatar.com\/avatar\/b0fb2e221d618f7c65162ab0d49c7e8a0b580c871ca03af90e42b47b4150654c?s=96&d=mm&r=g","caption":"Debat"},"url":"https:\/\/kunmedierne.dk\/mors\/author\/debat\/"}]}},"_links":{"self":[{"href":"https:\/\/kunmedierne.dk\/mors\/wp-json\/wp\/v2\/posts\/54467","targetHints":{"allow":["GET"]}}],"collection":[{"href":"https:\/\/kunmedierne.dk\/mors\/wp-json\/wp\/v2\/posts"}],"about":[{"href":"https:\/\/kunmedierne.dk\/mors\/wp-json\/wp\/v2\/types\/post"}],"author":[{"embeddable":true,"href":"https:\/\/kunmedierne.dk\/mors\/wp-json\/wp\/v2\/users\/11"}],"replies":[{"embeddable":true,"href":"https:\/\/kunmedierne.dk\/mors\/wp-json\/wp\/v2\/comments?post=54467"}],"version-history":[{"count":4,"href":"https:\/\/kunmedierne.dk\/mors\/wp-json\/wp\/v2\/posts\/54467\/revisions"}],"predecessor-version":[{"id":81626,"href":"https:\/\/kunmedierne.dk\/mors\/wp-json\/wp\/v2\/posts\/54467\/revisions\/81626"}],"wp:featuredmedia":[{"embeddable":true,"href":"https:\/\/kunmedierne.dk\/mors\/wp-json\/wp\/v2\/media\/54468"}],"wp:attachment":[{"href":"https:\/\/kunmedierne.dk\/mors\/wp-json\/wp\/v2\/media?parent=54467"}],"wp:term":[{"taxonomy":"category","embeddable":true,"href":"https:\/\/kunmedierne.dk\/mors\/wp-json\/wp\/v2\/categories?post=54467"},{"taxonomy":"post_tag","embeddable":true,"href":"https:\/\/kunmedierne.dk\/mors\/wp-json\/wp\/v2\/tags?post=54467"}],"curies":[{"name":"wp","href":"https:\/\/api.w.org\/{rel}","templated":true}]}}