{"id":54340,"date":"2021-10-12T10:43:39","date_gmt":"2021-10-12T08:43:39","guid":{"rendered":"https:\/\/kunmedierne.dk\/mors\/?p=54340"},"modified":"2024-08-12T13:36:04","modified_gmt":"2024-08-12T11:36:04","slug":"viden-kan-man-tilegne-sig-respekt-skal-man-ha","status":"publish","type":"post","link":"https:\/\/kunmedierne.dk\/mors\/viden-kan-man-tilegne-sig-respekt-skal-man-ha\/","title":{"rendered":"&#8211; Viden kan man tilegne sig, respekt skal man ha&#8217;!"},"content":{"rendered":"<p><em>Debatindl\u00e6g fra Henrik &#8216;Sivert&#8217; Kristensen, kandidat for Venstre ved Kommunalvalg 2021:<\/em><\/p>\n<hr \/>\n<p><strong>MORS<\/strong>: Jeg vil starte mit l\u00e6serbrev med at komme med en indr\u00f8mmelse\/erkendelse. Jeg er IKKE blevet et klogere menneske af at stille op til kommunalvalget! Jeg kender ikke l\u00f8sningen p\u00e5 milj\u00f8problematikken, og regner heller ikke med at den kommer til mig i l\u00f8bet af valgkampen.<\/p>\n<p>Til geng\u00e6ld kan jeg se og l\u00e6se at de ypperste politikere i vores land heller ikke har svaret. Jo de har en plan for hvordan vi kommer ca 1\/4 del af vejen, men resten er noget der skal komme via ny viden og forskning &#8211; s\u00e5 alt i alt er vi vel i samme b\u00e5d.<\/p>\n<p>Til geng\u00e6ld har jeg f\u00e5et noget med hjemmefra som jeg synes jeg kan bruge &#8211; og det er respekt for andre mennesker. Jeg synes hurtigt at diverse debatter k\u00f8rer af sporet, og ret hurtigt bliver det personligt. Ikke s\u00e5 meget n\u00e5r vi m\u00f8des ved k\u00f8bmanden eller i hallen, men n\u00e5r diverse problematikker diskuteres online. <a href=\"https:\/\/www.sparthy.dk\/\"><img loading=\"lazy\" decoding=\"async\" class=\"alignleft size-full wp-image-46599\" src=\"https:\/\/kunmedierne.dk\/mors\/wp-content\/uploads\/2021\/06\/t08.jpg\" alt=\"\" width=\"1400\" height=\"125\" srcset=\"https:\/\/kunmedierne.dk\/mors\/wp-content\/uploads\/2021\/06\/t08.jpg 1400w, https:\/\/kunmedierne.dk\/mors\/wp-content\/uploads\/2021\/06\/t08-300x27.jpg 300w, https:\/\/kunmedierne.dk\/mors\/wp-content\/uploads\/2021\/06\/t08-1024x91.jpg 1024w, https:\/\/kunmedierne.dk\/mors\/wp-content\/uploads\/2021\/06\/t08-768x69.jpg 768w, https:\/\/kunmedierne.dk\/mors\/wp-content\/uploads\/2021\/06\/t08-600x54.jpg 600w\" sizes=\"auto, (max-width: 1400px) 100vw, 1400px\" \/><\/a><\/p>\n<p>Derfor vil jeg i dette skriv sl\u00e5 et slag for den gode tone og ikke s\u00e5 meget mine egne holdninger og m\u00e6rkesager. Jeg vil starte med at give min st\u00f8rste respekt til alle de lokale ildsj\u00e6le der har hevet bukserne ned og sat deres bagdel i klaskeh\u00f8jde, det har for mit eget vedkommende i hvert fald v\u00e6ret et stort skridt, og noget der har kr\u00e6vet mange overvejelser. S\u00e5 tak til alle jer der stiller op til kommunalvalget &#8211; bl\u00e5, r\u00f8d, gr\u00f8n, ung og lidt \u00e6ldre. H\u00e5ber vi indbyrdes kan blive enige om at den gode tone er vejen frem mod forst\u00e5else og ikke mindst til gavn for vores sk\u00f8nne \u00f8.<\/p>\n<p>Alle erhverv p\u00e5 Mors er vigtige, og alle erhverv har krav p\u00e5 respekt.<\/p>\n<p>Det m\u00e5 v\u00e6re en opgave som vi der stiller op i politik m\u00e5 ha&#8217; for \u00f8je &#8211; ingen n\u00e6vnt og ingen glemt &#8211; og s\u00e5 alligevel. For nu bliver jeg m\u00e5ske en smule nostalgisk. Jeg var jo ret m\u00e5bende overfor hvorfor gamle b\u00f8rnesange og rim pludselig skulle censureres da sprogbruget (\u00e5benbart) var kr\u00e6nkende. Nu er jeg jo s\u00e5 sm\u00e5t begyndt at frygte at alle Morten Korch film skal smides i sm\u00e5t br\u00e6ndbart, da de medvirkende af nogen kan tolkes som om de legaliserer milj\u00f8svineri. H\u00e5ber selvf\u00f8lgelig ikke det kommer s\u00e5 vidt, og derfor h\u00e5ber jeg at alle lige vil tr\u00e6kke en mundfuld frisk luft (ja den er faktisk frisk her p\u00e5 Mors, ogs\u00e5 selvom den engang imellem lugter af gylle), og t\u00e6nke f\u00f8r man taler\/skriver, for ligemeget om der st\u00e5r A , V eller \u00d8 p\u00e5 stemmesedlen, s\u00e5 er vi alle bare Morsingboere der \u00f8nsker det bedste for Mors.<\/p>\n<p>H\u00e5ber vi sammen kan g\u00f8re valget til en festdag, og \u00f8nsker alle et godt valg.<\/p>\n<p><img loading=\"lazy\" decoding=\"async\" class=\"alignleft size-full wp-image-46600\" src=\"https:\/\/kunmedierne.dk\/mors\/wp-content\/uploads\/2021\/06\/t09.jpg\" alt=\"\" width=\"1400\" height=\"125\" srcset=\"https:\/\/kunmedierne.dk\/mors\/wp-content\/uploads\/2021\/06\/t09.jpg 1400w, https:\/\/kunmedierne.dk\/mors\/wp-content\/uploads\/2021\/06\/t09-300x27.jpg 300w, https:\/\/kunmedierne.dk\/mors\/wp-content\/uploads\/2021\/06\/t09-1024x91.jpg 1024w, https:\/\/kunmedierne.dk\/mors\/wp-content\/uploads\/2021\/06\/t09-768x69.jpg 768w, https:\/\/kunmedierne.dk\/mors\/wp-content\/uploads\/2021\/06\/t09-600x54.jpg 600w\" sizes=\"auto, (max-width: 1400px) 100vw, 1400px\" \/><\/p>\n<hr \/>\n<blockquote>\n<h4>F\u00e5 KunMors som din lokale avis. Tilmeld dig vores daglige nyhedsbrev nederst p\u00e5 siden og modtag det seneste d\u00f8gns artikler i din mailboks hver eftermiddag. Nyhedsbrevet er gratis og kan afmeldes n\u00e5r som helst.<\/h4>\n<\/blockquote>\n","protected":false},"excerpt":{"rendered":"<p>Debatindl\u00e6g fra Henrik &#8216;Sivert&#8217; Kristensen, kandidat for Venstre ved Kommunalvalg 2021: MORS: Jeg vil starte mit l\u00e6serbrev med at komme med en indr\u00f8mmelse\/erkendelse. Jeg er IKKE blevet et klogere menneske af at stille op til kommunalvalget! Jeg kender ikke l\u00f8sningen p\u00e5 milj\u00f8problematikken, og regner heller ikke med at den kommer til mig i l\u00f8bet af [&hellip;]<\/p>\n","protected":false},"author":11,"featured_media":37504,"comment_status":"open","ping_status":"open","sticky":false,"template":"","format":"standard","meta":{"_acf_changed":false,"footnotes":""},"categories":[56],"tags":[167],"class_list":["post-54340","post","type-post","status-publish","format-standard","has-post-thumbnail","hentry","category-debat","tag-politik"],"acf":[],"yoast_head":"<!-- This site is optimized with the Yoast SEO plugin v26.8 - https:\/\/yoast.com\/product\/yoast-seo-wordpress\/ -->\n<title>- Viden kan man tilegne sig, respekt skal man ha&#039;! - Mors<\/title>\n<meta name=\"robots\" content=\"index, follow, max-snippet:-1, max-image-preview:large, max-video-preview:-1\" \/>\n<link rel=\"canonical\" href=\"https:\/\/kunmedierne.dk\/mors\/viden-kan-man-tilegne-sig-respekt-skal-man-ha\/\" \/>\n<meta property=\"og:locale\" content=\"da_DK\" \/>\n<meta property=\"og:type\" content=\"article\" \/>\n<meta property=\"og:title\" content=\"- Viden kan man tilegne sig, respekt skal man ha&#039;! - Mors\" \/>\n<meta property=\"og:description\" content=\"Debatindl\u00e6g fra Henrik &#8216;Sivert&#8217; Kristensen, kandidat for Venstre ved Kommunalvalg 2021: MORS: Jeg vil starte mit l\u00e6serbrev med at komme med en indr\u00f8mmelse\/erkendelse. Jeg er IKKE blevet et klogere menneske af at stille op til kommunalvalget! Jeg kender ikke l\u00f8sningen p\u00e5 milj\u00f8problematikken, og regner heller ikke med at den kommer til mig i l\u00f8bet af [&hellip;]\" \/>\n<meta property=\"og:url\" content=\"https:\/\/kunmedierne.dk\/mors\/viden-kan-man-tilegne-sig-respekt-skal-man-ha\/\" \/>\n<meta property=\"og:site_name\" content=\"Mors\" \/>\n<meta property=\"article:published_time\" content=\"2021-10-12T08:43:39+00:00\" \/>\n<meta property=\"article:modified_time\" content=\"2024-08-12T11:36:04+00:00\" \/>\n<meta property=\"og:image\" content=\"https:\/\/kunmedierne.dk\/mors\/wp-content\/uploads\/2020\/12\/henrik-sivert-kristensen.jpg\" \/>\n\t<meta property=\"og:image:width\" content=\"770\" \/>\n\t<meta property=\"og:image:height\" content=\"513\" \/>\n\t<meta property=\"og:image:type\" content=\"image\/jpeg\" \/>\n<meta name=\"author\" content=\"Debat\" \/>\n<meta name=\"twitter:card\" content=\"summary_large_image\" \/>\n<meta name=\"twitter:label1\" content=\"Skrevet af\" \/>\n\t<meta name=\"twitter:data1\" content=\"Debat\" \/>\n\t<meta name=\"twitter:label2\" content=\"Estimeret l\u00e6setid\" \/>\n\t<meta name=\"twitter:data2\" content=\"3 minutter\" \/>\n<script type=\"application\/ld+json\" class=\"yoast-schema-graph\">{\"@context\":\"https:\/\/schema.org\",\"@graph\":[{\"@type\":\"Article\",\"@id\":\"https:\/\/kunmedierne.dk\/mors\/viden-kan-man-tilegne-sig-respekt-skal-man-ha\/#article\",\"isPartOf\":{\"@id\":\"https:\/\/kunmedierne.dk\/mors\/viden-kan-man-tilegne-sig-respekt-skal-man-ha\/\"},\"author\":{\"name\":\"Debat\",\"@id\":\"https:\/\/kunmedierne.dk\/mors\/#\/schema\/person\/84c1391bce0b43b9bb3a49736bc0ad78\"},\"headline\":\"&#8211; Viden kan man tilegne sig, respekt skal man ha&#8217;!\",\"datePublished\":\"2021-10-12T08:43:39+00:00\",\"dateModified\":\"2024-08-12T11:36:04+00:00\",\"mainEntityOfPage\":{\"@id\":\"https:\/\/kunmedierne.dk\/mors\/viden-kan-man-tilegne-sig-respekt-skal-man-ha\/\"},\"wordCount\":540,\"commentCount\":0,\"publisher\":{\"@id\":\"https:\/\/kunmedierne.dk\/mors\/#organization\"},\"image\":{\"@id\":\"https:\/\/kunmedierne.dk\/mors\/viden-kan-man-tilegne-sig-respekt-skal-man-ha\/#primaryimage\"},\"thumbnailUrl\":\"https:\/\/kunmedierne.dk\/mors\/wp-content\/uploads\/2020\/12\/henrik-sivert-kristensen.jpg\",\"keywords\":[\"Politik\"],\"articleSection\":[\"Debat\"],\"inLanguage\":\"da-DK\",\"potentialAction\":[{\"@type\":\"CommentAction\",\"name\":\"Comment\",\"target\":[\"https:\/\/kunmedierne.dk\/mors\/viden-kan-man-tilegne-sig-respekt-skal-man-ha\/#respond\"]}]},{\"@type\":\"WebPage\",\"@id\":\"https:\/\/kunmedierne.dk\/mors\/viden-kan-man-tilegne-sig-respekt-skal-man-ha\/\",\"url\":\"https:\/\/kunmedierne.dk\/mors\/viden-kan-man-tilegne-sig-respekt-skal-man-ha\/\",\"name\":\"- Viden kan man tilegne sig, respekt skal man ha'! - Mors\",\"isPartOf\":{\"@id\":\"https:\/\/kunmedierne.dk\/mors\/#website\"},\"primaryImageOfPage\":{\"@id\":\"https:\/\/kunmedierne.dk\/mors\/viden-kan-man-tilegne-sig-respekt-skal-man-ha\/#primaryimage\"},\"image\":{\"@id\":\"https:\/\/kunmedierne.dk\/mors\/viden-kan-man-tilegne-sig-respekt-skal-man-ha\/#primaryimage\"},\"thumbnailUrl\":\"https:\/\/kunmedierne.dk\/mors\/wp-content\/uploads\/2020\/12\/henrik-sivert-kristensen.jpg\",\"datePublished\":\"2021-10-12T08:43:39+00:00\",\"dateModified\":\"2024-08-12T11:36:04+00:00\",\"breadcrumb\":{\"@id\":\"https:\/\/kunmedierne.dk\/mors\/viden-kan-man-tilegne-sig-respekt-skal-man-ha\/#breadcrumb\"},\"inLanguage\":\"da-DK\",\"potentialAction\":[{\"@type\":\"ReadAction\",\"target\":[\"https:\/\/kunmedierne.dk\/mors\/viden-kan-man-tilegne-sig-respekt-skal-man-ha\/\"]}]},{\"@type\":\"ImageObject\",\"inLanguage\":\"da-DK\",\"@id\":\"https:\/\/kunmedierne.dk\/mors\/viden-kan-man-tilegne-sig-respekt-skal-man-ha\/#primaryimage\",\"url\":\"https:\/\/kunmedierne.dk\/mors\/wp-content\/uploads\/2020\/12\/henrik-sivert-kristensen.jpg\",\"contentUrl\":\"https:\/\/kunmedierne.dk\/mors\/wp-content\/uploads\/2020\/12\/henrik-sivert-kristensen.jpg\",\"width\":770,\"height\":513,\"caption\":\"Henrik 'Sivert' Kristensen, kandidat for Venstre ved Kommunalvalg 2021.\"},{\"@type\":\"BreadcrumbList\",\"@id\":\"https:\/\/kunmedierne.dk\/mors\/viden-kan-man-tilegne-sig-respekt-skal-man-ha\/#breadcrumb\",\"itemListElement\":[{\"@type\":\"ListItem\",\"position\":1,\"name\":\"Hjem\",\"item\":\"https:\/\/kunmedierne.dk\/mors\/\"},{\"@type\":\"ListItem\",\"position\":2,\"name\":\"&#8211; Viden kan man tilegne sig, respekt skal man ha&#8217;!\"}]},{\"@type\":\"WebSite\",\"@id\":\"https:\/\/kunmedierne.dk\/mors\/#website\",\"url\":\"https:\/\/kunmedierne.dk\/mors\/\",\"name\":\"Mors\",\"description\":\"et netmedie med journalistik om livet p\u00e5 Mors\",\"publisher\":{\"@id\":\"https:\/\/kunmedierne.dk\/mors\/#organization\"},\"potentialAction\":[{\"@type\":\"SearchAction\",\"target\":{\"@type\":\"EntryPoint\",\"urlTemplate\":\"https:\/\/kunmedierne.dk\/mors\/?s={search_term_string}\"},\"query-input\":{\"@type\":\"PropertyValueSpecification\",\"valueRequired\":true,\"valueName\":\"search_term_string\"}}],\"inLanguage\":\"da-DK\"},{\"@type\":\"Organization\",\"@id\":\"https:\/\/kunmedierne.dk\/mors\/#organization\",\"name\":\"Mors\",\"url\":\"https:\/\/kunmedierne.dk\/mors\/\",\"logo\":{\"@type\":\"ImageObject\",\"inLanguage\":\"da-DK\",\"@id\":\"https:\/\/kunmedierne.dk\/mors\/#\/schema\/logo\/image\/\",\"url\":\"https:\/\/kunmedierne.dk\/mors\/wp-content\/uploads\/2024\/08\/kunmors-logo.svg\",\"contentUrl\":\"https:\/\/kunmedierne.dk\/mors\/wp-content\/uploads\/2024\/08\/kunmors-logo.svg\",\"caption\":\"Mors\"},\"image\":{\"@id\":\"https:\/\/kunmedierne.dk\/mors\/#\/schema\/logo\/image\/\"}},{\"@type\":\"Person\",\"@id\":\"https:\/\/kunmedierne.dk\/mors\/#\/schema\/person\/84c1391bce0b43b9bb3a49736bc0ad78\",\"name\":\"Debat\",\"image\":{\"@type\":\"ImageObject\",\"inLanguage\":\"da-DK\",\"@id\":\"https:\/\/kunmedierne.dk\/mors\/#\/schema\/person\/image\/\",\"url\":\"https:\/\/secure.gravatar.com\/avatar\/b0fb2e221d618f7c65162ab0d49c7e8a0b580c871ca03af90e42b47b4150654c?s=96&d=mm&r=g\",\"contentUrl\":\"https:\/\/secure.gravatar.com\/avatar\/b0fb2e221d618f7c65162ab0d49c7e8a0b580c871ca03af90e42b47b4150654c?s=96&d=mm&r=g\",\"caption\":\"Debat\"},\"url\":\"https:\/\/kunmedierne.dk\/mors\/author\/debat\/\"}]}<\/script>\n<!-- \/ Yoast SEO plugin. -->","yoast_head_json":{"title":"- Viden kan man tilegne sig, respekt skal man ha'! - Mors","robots":{"index":"index","follow":"follow","max-snippet":"max-snippet:-1","max-image-preview":"max-image-preview:large","max-video-preview":"max-video-preview:-1"},"canonical":"https:\/\/kunmedierne.dk\/mors\/viden-kan-man-tilegne-sig-respekt-skal-man-ha\/","og_locale":"da_DK","og_type":"article","og_title":"- Viden kan man tilegne sig, respekt skal man ha'! - Mors","og_description":"Debatindl\u00e6g fra Henrik &#8216;Sivert&#8217; Kristensen, kandidat for Venstre ved Kommunalvalg 2021: MORS: Jeg vil starte mit l\u00e6serbrev med at komme med en indr\u00f8mmelse\/erkendelse. Jeg er IKKE blevet et klogere menneske af at stille op til kommunalvalget! Jeg kender ikke l\u00f8sningen p\u00e5 milj\u00f8problematikken, og regner heller ikke med at den kommer til mig i l\u00f8bet af [&hellip;]","og_url":"https:\/\/kunmedierne.dk\/mors\/viden-kan-man-tilegne-sig-respekt-skal-man-ha\/","og_site_name":"Mors","article_published_time":"2021-10-12T08:43:39+00:00","article_modified_time":"2024-08-12T11:36:04+00:00","og_image":[{"width":770,"height":513,"url":"https:\/\/kunmedierne.dk\/mors\/wp-content\/uploads\/2020\/12\/henrik-sivert-kristensen.jpg","type":"image\/jpeg"}],"author":"Debat","twitter_card":"summary_large_image","twitter_misc":{"Skrevet af":"Debat","Estimeret l\u00e6setid":"3 minutter"},"schema":{"@context":"https:\/\/schema.org","@graph":[{"@type":"Article","@id":"https:\/\/kunmedierne.dk\/mors\/viden-kan-man-tilegne-sig-respekt-skal-man-ha\/#article","isPartOf":{"@id":"https:\/\/kunmedierne.dk\/mors\/viden-kan-man-tilegne-sig-respekt-skal-man-ha\/"},"author":{"name":"Debat","@id":"https:\/\/kunmedierne.dk\/mors\/#\/schema\/person\/84c1391bce0b43b9bb3a49736bc0ad78"},"headline":"&#8211; Viden kan man tilegne sig, respekt skal man ha&#8217;!","datePublished":"2021-10-12T08:43:39+00:00","dateModified":"2024-08-12T11:36:04+00:00","mainEntityOfPage":{"@id":"https:\/\/kunmedierne.dk\/mors\/viden-kan-man-tilegne-sig-respekt-skal-man-ha\/"},"wordCount":540,"commentCount":0,"publisher":{"@id":"https:\/\/kunmedierne.dk\/mors\/#organization"},"image":{"@id":"https:\/\/kunmedierne.dk\/mors\/viden-kan-man-tilegne-sig-respekt-skal-man-ha\/#primaryimage"},"thumbnailUrl":"https:\/\/kunmedierne.dk\/mors\/wp-content\/uploads\/2020\/12\/henrik-sivert-kristensen.jpg","keywords":["Politik"],"articleSection":["Debat"],"inLanguage":"da-DK","potentialAction":[{"@type":"CommentAction","name":"Comment","target":["https:\/\/kunmedierne.dk\/mors\/viden-kan-man-tilegne-sig-respekt-skal-man-ha\/#respond"]}]},{"@type":"WebPage","@id":"https:\/\/kunmedierne.dk\/mors\/viden-kan-man-tilegne-sig-respekt-skal-man-ha\/","url":"https:\/\/kunmedierne.dk\/mors\/viden-kan-man-tilegne-sig-respekt-skal-man-ha\/","name":"- Viden kan man tilegne sig, respekt skal man ha'! - Mors","isPartOf":{"@id":"https:\/\/kunmedierne.dk\/mors\/#website"},"primaryImageOfPage":{"@id":"https:\/\/kunmedierne.dk\/mors\/viden-kan-man-tilegne-sig-respekt-skal-man-ha\/#primaryimage"},"image":{"@id":"https:\/\/kunmedierne.dk\/mors\/viden-kan-man-tilegne-sig-respekt-skal-man-ha\/#primaryimage"},"thumbnailUrl":"https:\/\/kunmedierne.dk\/mors\/wp-content\/uploads\/2020\/12\/henrik-sivert-kristensen.jpg","datePublished":"2021-10-12T08:43:39+00:00","dateModified":"2024-08-12T11:36:04+00:00","breadcrumb":{"@id":"https:\/\/kunmedierne.dk\/mors\/viden-kan-man-tilegne-sig-respekt-skal-man-ha\/#breadcrumb"},"inLanguage":"da-DK","potentialAction":[{"@type":"ReadAction","target":["https:\/\/kunmedierne.dk\/mors\/viden-kan-man-tilegne-sig-respekt-skal-man-ha\/"]}]},{"@type":"ImageObject","inLanguage":"da-DK","@id":"https:\/\/kunmedierne.dk\/mors\/viden-kan-man-tilegne-sig-respekt-skal-man-ha\/#primaryimage","url":"https:\/\/kunmedierne.dk\/mors\/wp-content\/uploads\/2020\/12\/henrik-sivert-kristensen.jpg","contentUrl":"https:\/\/kunmedierne.dk\/mors\/wp-content\/uploads\/2020\/12\/henrik-sivert-kristensen.jpg","width":770,"height":513,"caption":"Henrik 'Sivert' Kristensen, kandidat for Venstre ved Kommunalvalg 2021."},{"@type":"BreadcrumbList","@id":"https:\/\/kunmedierne.dk\/mors\/viden-kan-man-tilegne-sig-respekt-skal-man-ha\/#breadcrumb","itemListElement":[{"@type":"ListItem","position":1,"name":"Hjem","item":"https:\/\/kunmedierne.dk\/mors\/"},{"@type":"ListItem","position":2,"name":"&#8211; Viden kan man tilegne sig, respekt skal man ha&#8217;!"}]},{"@type":"WebSite","@id":"https:\/\/kunmedierne.dk\/mors\/#website","url":"https:\/\/kunmedierne.dk\/mors\/","name":"Mors","description":"et netmedie med journalistik om livet p\u00e5 Mors","publisher":{"@id":"https:\/\/kunmedierne.dk\/mors\/#organization"},"potentialAction":[{"@type":"SearchAction","target":{"@type":"EntryPoint","urlTemplate":"https:\/\/kunmedierne.dk\/mors\/?s={search_term_string}"},"query-input":{"@type":"PropertyValueSpecification","valueRequired":true,"valueName":"search_term_string"}}],"inLanguage":"da-DK"},{"@type":"Organization","@id":"https:\/\/kunmedierne.dk\/mors\/#organization","name":"Mors","url":"https:\/\/kunmedierne.dk\/mors\/","logo":{"@type":"ImageObject","inLanguage":"da-DK","@id":"https:\/\/kunmedierne.dk\/mors\/#\/schema\/logo\/image\/","url":"https:\/\/kunmedierne.dk\/mors\/wp-content\/uploads\/2024\/08\/kunmors-logo.svg","contentUrl":"https:\/\/kunmedierne.dk\/mors\/wp-content\/uploads\/2024\/08\/kunmors-logo.svg","caption":"Mors"},"image":{"@id":"https:\/\/kunmedierne.dk\/mors\/#\/schema\/logo\/image\/"}},{"@type":"Person","@id":"https:\/\/kunmedierne.dk\/mors\/#\/schema\/person\/84c1391bce0b43b9bb3a49736bc0ad78","name":"Debat","image":{"@type":"ImageObject","inLanguage":"da-DK","@id":"https:\/\/kunmedierne.dk\/mors\/#\/schema\/person\/image\/","url":"https:\/\/secure.gravatar.com\/avatar\/b0fb2e221d618f7c65162ab0d49c7e8a0b580c871ca03af90e42b47b4150654c?s=96&d=mm&r=g","contentUrl":"https:\/\/secure.gravatar.com\/avatar\/b0fb2e221d618f7c65162ab0d49c7e8a0b580c871ca03af90e42b47b4150654c?s=96&d=mm&r=g","caption":"Debat"},"url":"https:\/\/kunmedierne.dk\/mors\/author\/debat\/"}]}},"_links":{"self":[{"href":"https:\/\/kunmedierne.dk\/mors\/wp-json\/wp\/v2\/posts\/54340","targetHints":{"allow":["GET"]}}],"collection":[{"href":"https:\/\/kunmedierne.dk\/mors\/wp-json\/wp\/v2\/posts"}],"about":[{"href":"https:\/\/kunmedierne.dk\/mors\/wp-json\/wp\/v2\/types\/post"}],"author":[{"embeddable":true,"href":"https:\/\/kunmedierne.dk\/mors\/wp-json\/wp\/v2\/users\/11"}],"replies":[{"embeddable":true,"href":"https:\/\/kunmedierne.dk\/mors\/wp-json\/wp\/v2\/comments?post=54340"}],"version-history":[{"count":1,"href":"https:\/\/kunmedierne.dk\/mors\/wp-json\/wp\/v2\/posts\/54340\/revisions"}],"predecessor-version":[{"id":54341,"href":"https:\/\/kunmedierne.dk\/mors\/wp-json\/wp\/v2\/posts\/54340\/revisions\/54341"}],"wp:featuredmedia":[{"embeddable":true,"href":"https:\/\/kunmedierne.dk\/mors\/wp-json\/wp\/v2\/media\/37504"}],"wp:attachment":[{"href":"https:\/\/kunmedierne.dk\/mors\/wp-json\/wp\/v2\/media?parent=54340"}],"wp:term":[{"taxonomy":"category","embeddable":true,"href":"https:\/\/kunmedierne.dk\/mors\/wp-json\/wp\/v2\/categories?post=54340"},{"taxonomy":"post_tag","embeddable":true,"href":"https:\/\/kunmedierne.dk\/mors\/wp-json\/wp\/v2\/tags?post=54340"}],"curies":[{"name":"wp","href":"https:\/\/api.w.org\/{rel}","templated":true}]}}