{"id":54255,"date":"2021-10-10T23:17:18","date_gmt":"2021-10-10T21:17:18","guid":{"rendered":"https:\/\/kunmedierne.dk\/mors\/?p=54255"},"modified":"2024-08-12T13:36:05","modified_gmt":"2024-08-12T11:36:05","slug":"naerhospital-ja-tak","status":"publish","type":"post","link":"https:\/\/kunmedierne.dk\/mors\/naerhospital-ja-tak\/","title":{"rendered":"&#8211; N\u00e6rhospital \u2013 ja tak"},"content":{"rendered":"<p><em>Debatindl\u00e6g fra borgmester Hans Ejner Bertelsen (V) og socialudvalgsformand Henning S\u00f8rensen (V):<\/em><\/p>\n<hr \/>\n<p><strong>MORS<\/strong>:\u00a0Det er gl\u00e6deligt hver gang, der arbejdes p\u00e5, at patienter kan blive behandlet s\u00e5 t\u00e6t p\u00e5 deres hjem som muligt. Men n\u00e5r regeringen melder ud, at der skal etableres et sted mellem 10 &#8211; 20 N\u00e6rhospitaler, mener vi, de stikker bl\u00e5r i \u00f8jnene p\u00e5 borgerne.<\/p>\n<p>Det vi kan l\u00e6se os til er, at N\u00e6rhospitalerne er for patienter med lange sygdomsforl\u00f8b, som skal have opf\u00f8lgning, samt for patienter med behov for mere almindelige basale unders\u00f8gelser.<\/p>\n<p>Et hospital er et sted, hvor man kan blive behandlet<strong> og indlagt<\/strong>. De hospitaler, som regeringen taler om, er jo i virkeligheden \u201dbare\u201d sundhedshuse, som skal arbejde t\u00e6t sammen med s\u00e5vel et akutsygehus som med kommunerne og evt. med en f\u00e6lles ledelse \u2013 men <strong>uden <\/strong>mulighed for indl\u00e6ggelse. <a href=\"https:\/\/www.braendselsforeningen.dk\/\"><img loading=\"lazy\" decoding=\"async\" class=\"alignleft size-full wp-image-46597\" src=\"https:\/\/kunmedierne.dk\/mors\/wp-content\/uploads\/2021\/06\/t06.jpg\" alt=\"\" width=\"1425\" height=\"127\" srcset=\"https:\/\/kunmedierne.dk\/mors\/wp-content\/uploads\/2021\/06\/t06.jpg 1425w, https:\/\/kunmedierne.dk\/mors\/wp-content\/uploads\/2021\/06\/t06-300x27.jpg 300w, https:\/\/kunmedierne.dk\/mors\/wp-content\/uploads\/2021\/06\/t06-1024x91.jpg 1024w, https:\/\/kunmedierne.dk\/mors\/wp-content\/uploads\/2021\/06\/t06-768x68.jpg 768w, https:\/\/kunmedierne.dk\/mors\/wp-content\/uploads\/2021\/06\/t06-600x53.jpg 600w\" sizes=\"auto, (max-width: 1425px) 100vw, 1425px\" \/><\/a><\/p>\n<p>Der skal ikke herske tvivl om, at vi i Mors\u00f8 Kommune er klar til &#8211; og gerne vil indg\u00e5 i &#8211; et tv\u00e6rsektorielt samarbejde til stor gavn for borgerne. Det kr\u00e6ver dog, at regeringen IKKE lader det blive til en opgaveglidning uden, at der f\u00f8lger penge med til at udf\u00f8re opgaven.<\/p>\n<p>Vi h\u00e5ber at vores region vil udnytte de mange tomme bygningsdele p\u00e5 det gamle Nyk\u00f8bing Sygehus, s\u00e5 det bliver til et N\u00e6rhospital med behandling, og med endnu flere sundhedstilbud, end der er p\u00e5 stedet i dag.<\/p>\n<hr \/>\n<p><em>Har du et bidrag til den lokale debat? Send det til os p\u00e5 e-mail: debat@kunmedierne.dk\/mors. Husk at l\u00e6se korrektur inden afsendelse p\u00e5 indl\u00e6gget. <img loading=\"lazy\" decoding=\"async\" class=\"alignleft size-full wp-image-46598\" src=\"https:\/\/kunmedierne.dk\/mors\/wp-content\/uploads\/2021\/06\/t07.jpg\" alt=\"\" width=\"1425\" height=\"127\" srcset=\"https:\/\/kunmedierne.dk\/mors\/wp-content\/uploads\/2021\/06\/t07.jpg 1425w, https:\/\/kunmedierne.dk\/mors\/wp-content\/uploads\/2021\/06\/t07-300x27.jpg 300w, https:\/\/kunmedierne.dk\/mors\/wp-content\/uploads\/2021\/06\/t07-1024x91.jpg 1024w, https:\/\/kunmedierne.dk\/mors\/wp-content\/uploads\/2021\/06\/t07-768x68.jpg 768w, https:\/\/kunmedierne.dk\/mors\/wp-content\/uploads\/2021\/06\/t07-600x53.jpg 600w\" sizes=\"auto, (max-width: 1425px) 100vw, 1425px\" \/><\/em><\/p>\n","protected":false},"excerpt":{"rendered":"<p>Debatindl\u00e6g fra borgmester Hans Ejner Bertelsen (V) og socialudvalgsformand Henning S\u00f8rensen (V): MORS:\u00a0Det er gl\u00e6deligt hver gang, der arbejdes p\u00e5, at patienter kan blive behandlet s\u00e5 t\u00e6t p\u00e5 deres hjem som muligt. Men n\u00e5r regeringen melder ud, at der skal etableres et sted mellem 10 &#8211; 20 N\u00e6rhospitaler, mener vi, de stikker bl\u00e5r i \u00f8jnene [&hellip;]<\/p>\n","protected":false},"author":11,"featured_media":53990,"comment_status":"open","ping_status":"open","sticky":false,"template":"","format":"standard","meta":{"_acf_changed":false,"footnotes":""},"categories":[56],"tags":[167],"class_list":["post-54255","post","type-post","status-publish","format-standard","has-post-thumbnail","hentry","category-debat","tag-politik"],"acf":[],"yoast_head":"<!-- This site is optimized with the Yoast SEO plugin v26.8 - https:\/\/yoast.com\/product\/yoast-seo-wordpress\/ -->\n<title>- N\u00e6rhospital \u2013 ja tak - Mors<\/title>\n<meta name=\"robots\" content=\"index, follow, max-snippet:-1, max-image-preview:large, max-video-preview:-1\" \/>\n<link rel=\"canonical\" href=\"https:\/\/kunmedierne.dk\/mors\/naerhospital-ja-tak\/\" \/>\n<meta property=\"og:locale\" content=\"da_DK\" \/>\n<meta property=\"og:type\" content=\"article\" \/>\n<meta property=\"og:title\" content=\"- N\u00e6rhospital \u2013 ja tak - Mors\" \/>\n<meta property=\"og:description\" content=\"Debatindl\u00e6g fra borgmester Hans Ejner Bertelsen (V) og socialudvalgsformand Henning S\u00f8rensen (V): MORS:\u00a0Det er gl\u00e6deligt hver gang, der arbejdes p\u00e5, at patienter kan blive behandlet s\u00e5 t\u00e6t p\u00e5 deres hjem som muligt. Men n\u00e5r regeringen melder ud, at der skal etableres et sted mellem 10 &#8211; 20 N\u00e6rhospitaler, mener vi, de stikker bl\u00e5r i \u00f8jnene [&hellip;]\" \/>\n<meta property=\"og:url\" content=\"https:\/\/kunmedierne.dk\/mors\/naerhospital-ja-tak\/\" \/>\n<meta property=\"og:site_name\" content=\"Mors\" \/>\n<meta property=\"article:published_time\" content=\"2021-10-10T21:17:18+00:00\" \/>\n<meta property=\"article:modified_time\" content=\"2024-08-12T11:36:05+00:00\" \/>\n<meta property=\"og:image\" content=\"https:\/\/kunmedierne.dk\/mors\/wp-content\/uploads\/2021\/10\/hospital.jpg\" \/>\n\t<meta property=\"og:image:width\" content=\"770\" \/>\n\t<meta property=\"og:image:height\" content=\"513\" \/>\n\t<meta property=\"og:image:type\" content=\"image\/jpeg\" \/>\n<meta name=\"author\" content=\"Debat\" \/>\n<meta name=\"twitter:card\" content=\"summary_large_image\" \/>\n<meta name=\"twitter:label1\" content=\"Skrevet af\" \/>\n\t<meta name=\"twitter:data1\" content=\"Debat\" \/>\n\t<meta name=\"twitter:label2\" content=\"Estimeret l\u00e6setid\" \/>\n\t<meta name=\"twitter:data2\" content=\"2 minutter\" \/>\n<script type=\"application\/ld+json\" class=\"yoast-schema-graph\">{\"@context\":\"https:\/\/schema.org\",\"@graph\":[{\"@type\":\"Article\",\"@id\":\"https:\/\/kunmedierne.dk\/mors\/naerhospital-ja-tak\/#article\",\"isPartOf\":{\"@id\":\"https:\/\/kunmedierne.dk\/mors\/naerhospital-ja-tak\/\"},\"author\":{\"name\":\"Debat\",\"@id\":\"https:\/\/kunmedierne.dk\/mors\/#\/schema\/person\/84c1391bce0b43b9bb3a49736bc0ad78\"},\"headline\":\"&#8211; N\u00e6rhospital \u2013 ja tak\",\"datePublished\":\"2021-10-10T21:17:18+00:00\",\"dateModified\":\"2024-08-12T11:36:05+00:00\",\"mainEntityOfPage\":{\"@id\":\"https:\/\/kunmedierne.dk\/mors\/naerhospital-ja-tak\/\"},\"wordCount\":274,\"commentCount\":0,\"publisher\":{\"@id\":\"https:\/\/kunmedierne.dk\/mors\/#organization\"},\"image\":{\"@id\":\"https:\/\/kunmedierne.dk\/mors\/naerhospital-ja-tak\/#primaryimage\"},\"thumbnailUrl\":\"https:\/\/kunmedierne.dk\/mors\/wp-content\/uploads\/2021\/10\/hospital.jpg\",\"keywords\":[\"Politik\"],\"articleSection\":[\"Debat\"],\"inLanguage\":\"da-DK\",\"potentialAction\":[{\"@type\":\"CommentAction\",\"name\":\"Comment\",\"target\":[\"https:\/\/kunmedierne.dk\/mors\/naerhospital-ja-tak\/#respond\"]}]},{\"@type\":\"WebPage\",\"@id\":\"https:\/\/kunmedierne.dk\/mors\/naerhospital-ja-tak\/\",\"url\":\"https:\/\/kunmedierne.dk\/mors\/naerhospital-ja-tak\/\",\"name\":\"- N\u00e6rhospital \u2013 ja tak - Mors\",\"isPartOf\":{\"@id\":\"https:\/\/kunmedierne.dk\/mors\/#website\"},\"primaryImageOfPage\":{\"@id\":\"https:\/\/kunmedierne.dk\/mors\/naerhospital-ja-tak\/#primaryimage\"},\"image\":{\"@id\":\"https:\/\/kunmedierne.dk\/mors\/naerhospital-ja-tak\/#primaryimage\"},\"thumbnailUrl\":\"https:\/\/kunmedierne.dk\/mors\/wp-content\/uploads\/2021\/10\/hospital.jpg\",\"datePublished\":\"2021-10-10T21:17:18+00:00\",\"dateModified\":\"2024-08-12T11:36:05+00:00\",\"breadcrumb\":{\"@id\":\"https:\/\/kunmedierne.dk\/mors\/naerhospital-ja-tak\/#breadcrumb\"},\"inLanguage\":\"da-DK\",\"potentialAction\":[{\"@type\":\"ReadAction\",\"target\":[\"https:\/\/kunmedierne.dk\/mors\/naerhospital-ja-tak\/\"]}]},{\"@type\":\"ImageObject\",\"inLanguage\":\"da-DK\",\"@id\":\"https:\/\/kunmedierne.dk\/mors\/naerhospital-ja-tak\/#primaryimage\",\"url\":\"https:\/\/kunmedierne.dk\/mors\/wp-content\/uploads\/2021\/10\/hospital.jpg\",\"contentUrl\":\"https:\/\/kunmedierne.dk\/mors\/wp-content\/uploads\/2021\/10\/hospital.jpg\",\"width\":770,\"height\":513,\"caption\":\"Modelfoto: Marcelo Leal\/Unsplash\"},{\"@type\":\"BreadcrumbList\",\"@id\":\"https:\/\/kunmedierne.dk\/mors\/naerhospital-ja-tak\/#breadcrumb\",\"itemListElement\":[{\"@type\":\"ListItem\",\"position\":1,\"name\":\"Hjem\",\"item\":\"https:\/\/kunmedierne.dk\/mors\/\"},{\"@type\":\"ListItem\",\"position\":2,\"name\":\"&#8211; N\u00e6rhospital \u2013 ja tak\"}]},{\"@type\":\"WebSite\",\"@id\":\"https:\/\/kunmedierne.dk\/mors\/#website\",\"url\":\"https:\/\/kunmedierne.dk\/mors\/\",\"name\":\"Mors\",\"description\":\"et netmedie med journalistik om livet p\u00e5 Mors\",\"publisher\":{\"@id\":\"https:\/\/kunmedierne.dk\/mors\/#organization\"},\"potentialAction\":[{\"@type\":\"SearchAction\",\"target\":{\"@type\":\"EntryPoint\",\"urlTemplate\":\"https:\/\/kunmedierne.dk\/mors\/?s={search_term_string}\"},\"query-input\":{\"@type\":\"PropertyValueSpecification\",\"valueRequired\":true,\"valueName\":\"search_term_string\"}}],\"inLanguage\":\"da-DK\"},{\"@type\":\"Organization\",\"@id\":\"https:\/\/kunmedierne.dk\/mors\/#organization\",\"name\":\"Mors\",\"url\":\"https:\/\/kunmedierne.dk\/mors\/\",\"logo\":{\"@type\":\"ImageObject\",\"inLanguage\":\"da-DK\",\"@id\":\"https:\/\/kunmedierne.dk\/mors\/#\/schema\/logo\/image\/\",\"url\":\"https:\/\/kunmedierne.dk\/mors\/wp-content\/uploads\/2024\/08\/kunmors-logo.svg\",\"contentUrl\":\"https:\/\/kunmedierne.dk\/mors\/wp-content\/uploads\/2024\/08\/kunmors-logo.svg\",\"caption\":\"Mors\"},\"image\":{\"@id\":\"https:\/\/kunmedierne.dk\/mors\/#\/schema\/logo\/image\/\"}},{\"@type\":\"Person\",\"@id\":\"https:\/\/kunmedierne.dk\/mors\/#\/schema\/person\/84c1391bce0b43b9bb3a49736bc0ad78\",\"name\":\"Debat\",\"image\":{\"@type\":\"ImageObject\",\"inLanguage\":\"da-DK\",\"@id\":\"https:\/\/kunmedierne.dk\/mors\/#\/schema\/person\/image\/\",\"url\":\"https:\/\/secure.gravatar.com\/avatar\/b0fb2e221d618f7c65162ab0d49c7e8a0b580c871ca03af90e42b47b4150654c?s=96&d=mm&r=g\",\"contentUrl\":\"https:\/\/secure.gravatar.com\/avatar\/b0fb2e221d618f7c65162ab0d49c7e8a0b580c871ca03af90e42b47b4150654c?s=96&d=mm&r=g\",\"caption\":\"Debat\"},\"url\":\"https:\/\/kunmedierne.dk\/mors\/author\/debat\/\"}]}<\/script>\n<!-- \/ Yoast SEO plugin. -->","yoast_head_json":{"title":"- N\u00e6rhospital \u2013 ja tak - Mors","robots":{"index":"index","follow":"follow","max-snippet":"max-snippet:-1","max-image-preview":"max-image-preview:large","max-video-preview":"max-video-preview:-1"},"canonical":"https:\/\/kunmedierne.dk\/mors\/naerhospital-ja-tak\/","og_locale":"da_DK","og_type":"article","og_title":"- N\u00e6rhospital \u2013 ja tak - Mors","og_description":"Debatindl\u00e6g fra borgmester Hans Ejner Bertelsen (V) og socialudvalgsformand Henning S\u00f8rensen (V): MORS:\u00a0Det er gl\u00e6deligt hver gang, der arbejdes p\u00e5, at patienter kan blive behandlet s\u00e5 t\u00e6t p\u00e5 deres hjem som muligt. Men n\u00e5r regeringen melder ud, at der skal etableres et sted mellem 10 &#8211; 20 N\u00e6rhospitaler, mener vi, de stikker bl\u00e5r i \u00f8jnene [&hellip;]","og_url":"https:\/\/kunmedierne.dk\/mors\/naerhospital-ja-tak\/","og_site_name":"Mors","article_published_time":"2021-10-10T21:17:18+00:00","article_modified_time":"2024-08-12T11:36:05+00:00","og_image":[{"width":770,"height":513,"url":"https:\/\/kunmedierne.dk\/mors\/wp-content\/uploads\/2021\/10\/hospital.jpg","type":"image\/jpeg"}],"author":"Debat","twitter_card":"summary_large_image","twitter_misc":{"Skrevet af":"Debat","Estimeret l\u00e6setid":"2 minutter"},"schema":{"@context":"https:\/\/schema.org","@graph":[{"@type":"Article","@id":"https:\/\/kunmedierne.dk\/mors\/naerhospital-ja-tak\/#article","isPartOf":{"@id":"https:\/\/kunmedierne.dk\/mors\/naerhospital-ja-tak\/"},"author":{"name":"Debat","@id":"https:\/\/kunmedierne.dk\/mors\/#\/schema\/person\/84c1391bce0b43b9bb3a49736bc0ad78"},"headline":"&#8211; N\u00e6rhospital \u2013 ja tak","datePublished":"2021-10-10T21:17:18+00:00","dateModified":"2024-08-12T11:36:05+00:00","mainEntityOfPage":{"@id":"https:\/\/kunmedierne.dk\/mors\/naerhospital-ja-tak\/"},"wordCount":274,"commentCount":0,"publisher":{"@id":"https:\/\/kunmedierne.dk\/mors\/#organization"},"image":{"@id":"https:\/\/kunmedierne.dk\/mors\/naerhospital-ja-tak\/#primaryimage"},"thumbnailUrl":"https:\/\/kunmedierne.dk\/mors\/wp-content\/uploads\/2021\/10\/hospital.jpg","keywords":["Politik"],"articleSection":["Debat"],"inLanguage":"da-DK","potentialAction":[{"@type":"CommentAction","name":"Comment","target":["https:\/\/kunmedierne.dk\/mors\/naerhospital-ja-tak\/#respond"]}]},{"@type":"WebPage","@id":"https:\/\/kunmedierne.dk\/mors\/naerhospital-ja-tak\/","url":"https:\/\/kunmedierne.dk\/mors\/naerhospital-ja-tak\/","name":"- N\u00e6rhospital \u2013 ja tak - Mors","isPartOf":{"@id":"https:\/\/kunmedierne.dk\/mors\/#website"},"primaryImageOfPage":{"@id":"https:\/\/kunmedierne.dk\/mors\/naerhospital-ja-tak\/#primaryimage"},"image":{"@id":"https:\/\/kunmedierne.dk\/mors\/naerhospital-ja-tak\/#primaryimage"},"thumbnailUrl":"https:\/\/kunmedierne.dk\/mors\/wp-content\/uploads\/2021\/10\/hospital.jpg","datePublished":"2021-10-10T21:17:18+00:00","dateModified":"2024-08-12T11:36:05+00:00","breadcrumb":{"@id":"https:\/\/kunmedierne.dk\/mors\/naerhospital-ja-tak\/#breadcrumb"},"inLanguage":"da-DK","potentialAction":[{"@type":"ReadAction","target":["https:\/\/kunmedierne.dk\/mors\/naerhospital-ja-tak\/"]}]},{"@type":"ImageObject","inLanguage":"da-DK","@id":"https:\/\/kunmedierne.dk\/mors\/naerhospital-ja-tak\/#primaryimage","url":"https:\/\/kunmedierne.dk\/mors\/wp-content\/uploads\/2021\/10\/hospital.jpg","contentUrl":"https:\/\/kunmedierne.dk\/mors\/wp-content\/uploads\/2021\/10\/hospital.jpg","width":770,"height":513,"caption":"Modelfoto: Marcelo Leal\/Unsplash"},{"@type":"BreadcrumbList","@id":"https:\/\/kunmedierne.dk\/mors\/naerhospital-ja-tak\/#breadcrumb","itemListElement":[{"@type":"ListItem","position":1,"name":"Hjem","item":"https:\/\/kunmedierne.dk\/mors\/"},{"@type":"ListItem","position":2,"name":"&#8211; N\u00e6rhospital \u2013 ja tak"}]},{"@type":"WebSite","@id":"https:\/\/kunmedierne.dk\/mors\/#website","url":"https:\/\/kunmedierne.dk\/mors\/","name":"Mors","description":"et netmedie med journalistik om livet p\u00e5 Mors","publisher":{"@id":"https:\/\/kunmedierne.dk\/mors\/#organization"},"potentialAction":[{"@type":"SearchAction","target":{"@type":"EntryPoint","urlTemplate":"https:\/\/kunmedierne.dk\/mors\/?s={search_term_string}"},"query-input":{"@type":"PropertyValueSpecification","valueRequired":true,"valueName":"search_term_string"}}],"inLanguage":"da-DK"},{"@type":"Organization","@id":"https:\/\/kunmedierne.dk\/mors\/#organization","name":"Mors","url":"https:\/\/kunmedierne.dk\/mors\/","logo":{"@type":"ImageObject","inLanguage":"da-DK","@id":"https:\/\/kunmedierne.dk\/mors\/#\/schema\/logo\/image\/","url":"https:\/\/kunmedierne.dk\/mors\/wp-content\/uploads\/2024\/08\/kunmors-logo.svg","contentUrl":"https:\/\/kunmedierne.dk\/mors\/wp-content\/uploads\/2024\/08\/kunmors-logo.svg","caption":"Mors"},"image":{"@id":"https:\/\/kunmedierne.dk\/mors\/#\/schema\/logo\/image\/"}},{"@type":"Person","@id":"https:\/\/kunmedierne.dk\/mors\/#\/schema\/person\/84c1391bce0b43b9bb3a49736bc0ad78","name":"Debat","image":{"@type":"ImageObject","inLanguage":"da-DK","@id":"https:\/\/kunmedierne.dk\/mors\/#\/schema\/person\/image\/","url":"https:\/\/secure.gravatar.com\/avatar\/b0fb2e221d618f7c65162ab0d49c7e8a0b580c871ca03af90e42b47b4150654c?s=96&d=mm&r=g","contentUrl":"https:\/\/secure.gravatar.com\/avatar\/b0fb2e221d618f7c65162ab0d49c7e8a0b580c871ca03af90e42b47b4150654c?s=96&d=mm&r=g","caption":"Debat"},"url":"https:\/\/kunmedierne.dk\/mors\/author\/debat\/"}]}},"_links":{"self":[{"href":"https:\/\/kunmedierne.dk\/mors\/wp-json\/wp\/v2\/posts\/54255","targetHints":{"allow":["GET"]}}],"collection":[{"href":"https:\/\/kunmedierne.dk\/mors\/wp-json\/wp\/v2\/posts"}],"about":[{"href":"https:\/\/kunmedierne.dk\/mors\/wp-json\/wp\/v2\/types\/post"}],"author":[{"embeddable":true,"href":"https:\/\/kunmedierne.dk\/mors\/wp-json\/wp\/v2\/users\/11"}],"replies":[{"embeddable":true,"href":"https:\/\/kunmedierne.dk\/mors\/wp-json\/wp\/v2\/comments?post=54255"}],"version-history":[{"count":2,"href":"https:\/\/kunmedierne.dk\/mors\/wp-json\/wp\/v2\/posts\/54255\/revisions"}],"predecessor-version":[{"id":54259,"href":"https:\/\/kunmedierne.dk\/mors\/wp-json\/wp\/v2\/posts\/54255\/revisions\/54259"}],"wp:featuredmedia":[{"embeddable":true,"href":"https:\/\/kunmedierne.dk\/mors\/wp-json\/wp\/v2\/media\/53990"}],"wp:attachment":[{"href":"https:\/\/kunmedierne.dk\/mors\/wp-json\/wp\/v2\/media?parent=54255"}],"wp:term":[{"taxonomy":"category","embeddable":true,"href":"https:\/\/kunmedierne.dk\/mors\/wp-json\/wp\/v2\/categories?post=54255"},{"taxonomy":"post_tag","embeddable":true,"href":"https:\/\/kunmedierne.dk\/mors\/wp-json\/wp\/v2\/tags?post=54255"}],"curies":[{"name":"wp","href":"https:\/\/api.w.org\/{rel}","templated":true}]}}