{"id":54164,"date":"2021-10-10T15:20:07","date_gmt":"2021-10-10T13:20:07","guid":{"rendered":"https:\/\/kunmedierne.dk\/mors\/?p=54164"},"modified":"2024-08-12T13:36:05","modified_gmt":"2024-08-12T11:36:05","slug":"80-kulturaktoerer-moedtes-paa-mors-nu-er-deres-tanker-og-perspektiver-praesenteret","status":"publish","type":"post","link":"https:\/\/kunmedierne.dk\/mors\/80-kulturaktoerer-moedtes-paa-mors-nu-er-deres-tanker-og-perspektiver-praesenteret\/","title":{"rendered":"80 kulturakt\u00f8rer m\u00f8dtes p\u00e5 Mors: Nu er deres tanker og perspektiver pr\u00e6senteret"},"content":{"rendered":"<p><strong>Mors:<\/strong> Fredag blev et digitalt inspirationskatalog pr\u00e6senteret. Et katalog, som best\u00e5r af de mest essentielle pointer, refleksioner og indsigter fra dette \u00e5rs symposium p\u00e5 Mors.<\/p>\n<p>Det skete ved Kulturkraft, hvor internationale og danske hovednavne samledes i Industriens Hus for at inspirere og fremtidssikre det danske kulturliv og hele oplevelsesindustrien under temaerne fremtid, forretning\u00a0og\u00a0f\u00e6llesskab.<\/p>\n<p>Kunsten og kulturen\u00a0har potentiale til at spille en afg\u00f8rende rolle i forhold til de store samfundsudfordringer, vi st\u00e5r over for. Samtidig skal data v\u00e6re med til at professionalisere kulturinstitutionerne, som ogs\u00e5 skal v\u00e6re bedre til videndeling. Det er blandt andet, hvad man i september fandt frem til ved symposiet.<a href=\"https:\/\/www.sparv.dk\/\"><img loading=\"lazy\" decoding=\"async\" class=\"alignleft size-full wp-image-46602\" src=\"https:\/\/kunmedierne.dk\/mors\/wp-content\/uploads\/2021\/06\/t11.jpg\" alt=\"\" width=\"1400\" height=\"125\" srcset=\"https:\/\/kunmedierne.dk\/mors\/wp-content\/uploads\/2021\/06\/t11.jpg 1400w, https:\/\/kunmedierne.dk\/mors\/wp-content\/uploads\/2021\/06\/t11-300x27.jpg 300w, https:\/\/kunmedierne.dk\/mors\/wp-content\/uploads\/2021\/06\/t11-1024x91.jpg 1024w, https:\/\/kunmedierne.dk\/mors\/wp-content\/uploads\/2021\/06\/t11-768x69.jpg 768w, https:\/\/kunmedierne.dk\/mors\/wp-content\/uploads\/2021\/06\/t11-600x54.jpg 600w\" sizes=\"auto, (max-width: 1400px) 100vw, 1400px\" \/><\/a><\/p>\n<p>&#8220;Kulturm\u00f8det er allerede en markant platform for kulturdebatten i Danmark, og symposiet er en forl\u00e6ngelse af alt det, vi st\u00e5r p\u00e5 &#8211; nemlig at samtalen p\u00e5 tv\u00e6rs af brancher og akt\u00f8rer er afg\u00f8rende for et st\u00e6rkt kulturliv. Jeg gl\u00e6der mig derfor over, at vi nu &#8211; sammen med Dansk Industri &#8211; kan pr\u00e6sentere et inspirationskatalog med input fra forskere, kunstnere, kulturinstitutioner og kreative virksomheder. Det er et st\u00e6rkt signal om, at vi skal nedbryde silot\u00e6nkning. Nye ideer opst\u00e5r i f\u00e6llesskab og kunsten bliver nu at oms\u00e6tte ideer til handling,&#8221; siger Tine Bang, direkt\u00f8r for Kulturm\u00f8det Mors.<\/p>\n<p>&nbsp;<\/p>\n<h5><strong>Symposium for f\u00e6llesskab<\/strong><\/h5>\n<p><strong><br \/>\n<\/strong>Hos Dansk Industri er man begejstret for, at symposiet har kunnet v\u00e6re med til at s\u00f8s\u00e6tte konkrete initiativer, og at inspirationskataloget fremover kan v\u00e6re med til at rykke kulturlivet i nye retninger, hvor det kunstneriske aspekt og den kommercielle forretning kan g\u00e5 h\u00e5nd i h\u00e5nd uden at g\u00e5 p\u00e5 kompromis med kvaliteten. <a href=\"https:\/\/thistedkloakservice.dk\/\"><img loading=\"lazy\" decoding=\"async\" class=\"alignleft size-full wp-image-46603\" src=\"https:\/\/kunmedierne.dk\/mors\/wp-content\/uploads\/2021\/06\/t12.jpg\" alt=\"\" width=\"1400\" height=\"125\" srcset=\"https:\/\/kunmedierne.dk\/mors\/wp-content\/uploads\/2021\/06\/t12.jpg 1400w, https:\/\/kunmedierne.dk\/mors\/wp-content\/uploads\/2021\/06\/t12-300x27.jpg 300w, https:\/\/kunmedierne.dk\/mors\/wp-content\/uploads\/2021\/06\/t12-1024x91.jpg 1024w, https:\/\/kunmedierne.dk\/mors\/wp-content\/uploads\/2021\/06\/t12-768x69.jpg 768w, https:\/\/kunmedierne.dk\/mors\/wp-content\/uploads\/2021\/06\/t12-600x54.jpg 600w\" sizes=\"auto, (max-width: 1400px) 100vw, 1400px\" \/><\/a><\/p>\n<p>&#8220;Kulturerhvervet er meget vigtigt for Danmark, dansk \u00f8konomi og arbejdsmarkedet. Vi har brug for at tale om, hvor kulturlivet skal hen de kommende \u00e5r, og ikke mindst hvordan. Det er, n\u00e5r vi finder l\u00f8sninger og ideer i f\u00e6llesskab, at vi bedst udvikler og underst\u00f8tter f\u00e6llesskabet. Kulturm\u00f8dets Symposium er en fremragende anledning til at formulere sp\u00e6ndende og konkrete forslag til at skubbe p\u00e5 kulturerhvervenes udvikling,&#8221; siger Henriette S\u00f8ltoft, vicedirekt\u00f8r i Dansk Industri med ansvar for kulturomr\u00e5det og de kreative erhverv.<\/p>\n<p>Inspirationskataloget skal ikke ses som facitliste, men en samling af de tanker, der kan forts\u00e6tte samtalen og inspirere til handling. Samlet set kan det bidrage til at stille kulturlivet i endnu st\u00e6rkere position fremadrettet.\u2028Inspirationskataloget ligger online tilg\u00e6ngeligt nu &#8211; og er desuden blevet overrakt til Kulturminister Ane Halsboe-J\u00f8rgensen (S).<\/p>\n<blockquote>\n<h3><strong>Hvad er Kulturm\u00f8det Symposium?<\/strong><\/h3>\n<h5>Som led i Kulturm\u00f8det 2021 m\u00f8dtes 80 kulturakt\u00f8rer, kunstnere, brancheorganisationer og iv\u00e6rks\u00e6ttere fra hele Danmark over to dage for at diskutere kunstens rolle i forbindelse med samfundsaktuelle emner. Det er hovedpointerne fra den diskussion, der i dag er taget med til Kulturkraft.<\/h5>\n<\/blockquote>\n","protected":false},"excerpt":{"rendered":"<p>Mors: Fredag blev et digitalt inspirationskatalog pr\u00e6senteret. Et katalog, som best\u00e5r af de mest essentielle pointer, refleksioner og indsigter fra dette \u00e5rs symposium p\u00e5 Mors. Det skete ved Kulturkraft, hvor internationale og danske hovednavne samledes i Industriens Hus for at inspirere og fremtidssikre det danske kulturliv og hele oplevelsesindustrien under temaerne fremtid, forretning\u00a0og\u00a0f\u00e6llesskab. Kunsten og [&hellip;]<\/p>\n","protected":false},"author":222,"featured_media":54238,"comment_status":"open","ping_status":"open","sticky":false,"template":"","format":"standard","meta":{"_acf_changed":false,"footnotes":""},"categories":[49],"tags":[162],"class_list":["post-54164","post","type-post","status-publish","format-standard","has-post-thumbnail","hentry","category-kultur","tag-kulturmoedet"],"acf":[],"yoast_head":"<!-- This site is optimized with the Yoast SEO plugin v26.8 - https:\/\/yoast.com\/product\/yoast-seo-wordpress\/ -->\n<title>80 kulturakt\u00f8rer m\u00f8dtes p\u00e5 Mors: Nu er deres tanker og perspektiver pr\u00e6senteret - Mors<\/title>\n<meta name=\"robots\" content=\"index, follow, max-snippet:-1, max-image-preview:large, max-video-preview:-1\" \/>\n<link rel=\"canonical\" href=\"https:\/\/kunmedierne.dk\/mors\/80-kulturaktoerer-moedtes-paa-mors-nu-er-deres-tanker-og-perspektiver-praesenteret\/\" \/>\n<meta property=\"og:locale\" content=\"da_DK\" \/>\n<meta property=\"og:type\" content=\"article\" \/>\n<meta property=\"og:title\" content=\"80 kulturakt\u00f8rer m\u00f8dtes p\u00e5 Mors: Nu er deres tanker og perspektiver pr\u00e6senteret - Mors\" \/>\n<meta property=\"og:description\" content=\"Mors: Fredag blev et digitalt inspirationskatalog pr\u00e6senteret. Et katalog, som best\u00e5r af de mest essentielle pointer, refleksioner og indsigter fra dette \u00e5rs symposium p\u00e5 Mors. Det skete ved Kulturkraft, hvor internationale og danske hovednavne samledes i Industriens Hus for at inspirere og fremtidssikre det danske kulturliv og hele oplevelsesindustrien under temaerne fremtid, forretning\u00a0og\u00a0f\u00e6llesskab. Kunsten og [&hellip;]\" \/>\n<meta property=\"og:url\" content=\"https:\/\/kunmedierne.dk\/mors\/80-kulturaktoerer-moedtes-paa-mors-nu-er-deres-tanker-og-perspektiver-praesenteret\/\" \/>\n<meta property=\"og:site_name\" content=\"Mors\" \/>\n<meta property=\"article:published_time\" content=\"2021-10-10T13:20:07+00:00\" \/>\n<meta property=\"article:modified_time\" content=\"2024-08-12T11:36:05+00:00\" \/>\n<meta property=\"og:image\" content=\"https:\/\/kunmedierne.dk\/mors\/wp-content\/uploads\/2021\/10\/kulturmoede.jpg\" \/>\n\t<meta property=\"og:image:width\" content=\"770\" \/>\n\t<meta property=\"og:image:height\" content=\"513\" \/>\n\t<meta property=\"og:image:type\" content=\"image\/jpeg\" \/>\n<meta name=\"author\" content=\"Nicoline Odgaard S\u00f8rensen\" \/>\n<meta name=\"twitter:card\" content=\"summary_large_image\" \/>\n<meta name=\"twitter:label1\" content=\"Skrevet af\" \/>\n\t<meta name=\"twitter:data1\" content=\"Nicoline Odgaard S\u00f8rensen\" \/>\n\t<meta name=\"twitter:label2\" content=\"Estimeret l\u00e6setid\" \/>\n\t<meta name=\"twitter:data2\" content=\"3 minutter\" \/>\n<script type=\"application\/ld+json\" class=\"yoast-schema-graph\">{\"@context\":\"https:\/\/schema.org\",\"@graph\":[{\"@type\":\"Article\",\"@id\":\"https:\/\/kunmedierne.dk\/mors\/80-kulturaktoerer-moedtes-paa-mors-nu-er-deres-tanker-og-perspektiver-praesenteret\/#article\",\"isPartOf\":{\"@id\":\"https:\/\/kunmedierne.dk\/mors\/80-kulturaktoerer-moedtes-paa-mors-nu-er-deres-tanker-og-perspektiver-praesenteret\/\"},\"author\":{\"name\":\"Nicoline Odgaard S\u00f8rensen\",\"@id\":\"https:\/\/kunmedierne.dk\/mors\/#\/schema\/person\/765d2d128972c737fb045ffd47ed3385\"},\"headline\":\"80 kulturakt\u00f8rer m\u00f8dtes p\u00e5 Mors: Nu er deres tanker og perspektiver pr\u00e6senteret\",\"datePublished\":\"2021-10-10T13:20:07+00:00\",\"dateModified\":\"2024-08-12T11:36:05+00:00\",\"mainEntityOfPage\":{\"@id\":\"https:\/\/kunmedierne.dk\/mors\/80-kulturaktoerer-moedtes-paa-mors-nu-er-deres-tanker-og-perspektiver-praesenteret\/\"},\"wordCount\":494,\"commentCount\":0,\"publisher\":{\"@id\":\"https:\/\/kunmedierne.dk\/mors\/#organization\"},\"image\":{\"@id\":\"https:\/\/kunmedierne.dk\/mors\/80-kulturaktoerer-moedtes-paa-mors-nu-er-deres-tanker-og-perspektiver-praesenteret\/#primaryimage\"},\"thumbnailUrl\":\"https:\/\/kunmedierne.dk\/mors\/wp-content\/uploads\/2021\/10\/kulturmoede.jpg\",\"keywords\":[\"Kulturm\u00f8det\"],\"articleSection\":[\"Kultur\"],\"inLanguage\":\"da-DK\",\"potentialAction\":[{\"@type\":\"CommentAction\",\"name\":\"Comment\",\"target\":[\"https:\/\/kunmedierne.dk\/mors\/80-kulturaktoerer-moedtes-paa-mors-nu-er-deres-tanker-og-perspektiver-praesenteret\/#respond\"]}]},{\"@type\":\"WebPage\",\"@id\":\"https:\/\/kunmedierne.dk\/mors\/80-kulturaktoerer-moedtes-paa-mors-nu-er-deres-tanker-og-perspektiver-praesenteret\/\",\"url\":\"https:\/\/kunmedierne.dk\/mors\/80-kulturaktoerer-moedtes-paa-mors-nu-er-deres-tanker-og-perspektiver-praesenteret\/\",\"name\":\"80 kulturakt\u00f8rer m\u00f8dtes p\u00e5 Mors: Nu er deres tanker og perspektiver pr\u00e6senteret - Mors\",\"isPartOf\":{\"@id\":\"https:\/\/kunmedierne.dk\/mors\/#website\"},\"primaryImageOfPage\":{\"@id\":\"https:\/\/kunmedierne.dk\/mors\/80-kulturaktoerer-moedtes-paa-mors-nu-er-deres-tanker-og-perspektiver-praesenteret\/#primaryimage\"},\"image\":{\"@id\":\"https:\/\/kunmedierne.dk\/mors\/80-kulturaktoerer-moedtes-paa-mors-nu-er-deres-tanker-og-perspektiver-praesenteret\/#primaryimage\"},\"thumbnailUrl\":\"https:\/\/kunmedierne.dk\/mors\/wp-content\/uploads\/2021\/10\/kulturmoede.jpg\",\"datePublished\":\"2021-10-10T13:20:07+00:00\",\"dateModified\":\"2024-08-12T11:36:05+00:00\",\"breadcrumb\":{\"@id\":\"https:\/\/kunmedierne.dk\/mors\/80-kulturaktoerer-moedtes-paa-mors-nu-er-deres-tanker-og-perspektiver-praesenteret\/#breadcrumb\"},\"inLanguage\":\"da-DK\",\"potentialAction\":[{\"@type\":\"ReadAction\",\"target\":[\"https:\/\/kunmedierne.dk\/mors\/80-kulturaktoerer-moedtes-paa-mors-nu-er-deres-tanker-og-perspektiver-praesenteret\/\"]}]},{\"@type\":\"ImageObject\",\"inLanguage\":\"da-DK\",\"@id\":\"https:\/\/kunmedierne.dk\/mors\/80-kulturaktoerer-moedtes-paa-mors-nu-er-deres-tanker-og-perspektiver-praesenteret\/#primaryimage\",\"url\":\"https:\/\/kunmedierne.dk\/mors\/wp-content\/uploads\/2021\/10\/kulturmoede.jpg\",\"contentUrl\":\"https:\/\/kunmedierne.dk\/mors\/wp-content\/uploads\/2021\/10\/kulturmoede.jpg\",\"width\":770,\"height\":513,\"caption\":\"Fra Kulturm\u00f8det Symposium, september 2021. Foto: Lea Meilandt\"},{\"@type\":\"BreadcrumbList\",\"@id\":\"https:\/\/kunmedierne.dk\/mors\/80-kulturaktoerer-moedtes-paa-mors-nu-er-deres-tanker-og-perspektiver-praesenteret\/#breadcrumb\",\"itemListElement\":[{\"@type\":\"ListItem\",\"position\":1,\"name\":\"Hjem\",\"item\":\"https:\/\/kunmedierne.dk\/mors\/\"},{\"@type\":\"ListItem\",\"position\":2,\"name\":\"80 kulturakt\u00f8rer m\u00f8dtes p\u00e5 Mors: Nu er deres tanker og perspektiver pr\u00e6senteret\"}]},{\"@type\":\"WebSite\",\"@id\":\"https:\/\/kunmedierne.dk\/mors\/#website\",\"url\":\"https:\/\/kunmedierne.dk\/mors\/\",\"name\":\"Mors\",\"description\":\"et netmedie med journalistik om livet p\u00e5 Mors\",\"publisher\":{\"@id\":\"https:\/\/kunmedierne.dk\/mors\/#organization\"},\"potentialAction\":[{\"@type\":\"SearchAction\",\"target\":{\"@type\":\"EntryPoint\",\"urlTemplate\":\"https:\/\/kunmedierne.dk\/mors\/?s={search_term_string}\"},\"query-input\":{\"@type\":\"PropertyValueSpecification\",\"valueRequired\":true,\"valueName\":\"search_term_string\"}}],\"inLanguage\":\"da-DK\"},{\"@type\":\"Organization\",\"@id\":\"https:\/\/kunmedierne.dk\/mors\/#organization\",\"name\":\"Mors\",\"url\":\"https:\/\/kunmedierne.dk\/mors\/\",\"logo\":{\"@type\":\"ImageObject\",\"inLanguage\":\"da-DK\",\"@id\":\"https:\/\/kunmedierne.dk\/mors\/#\/schema\/logo\/image\/\",\"url\":\"https:\/\/kunmedierne.dk\/mors\/wp-content\/uploads\/2024\/08\/kunmors-logo.svg\",\"contentUrl\":\"https:\/\/kunmedierne.dk\/mors\/wp-content\/uploads\/2024\/08\/kunmors-logo.svg\",\"caption\":\"Mors\"},\"image\":{\"@id\":\"https:\/\/kunmedierne.dk\/mors\/#\/schema\/logo\/image\/\"}},{\"@type\":\"Person\",\"@id\":\"https:\/\/kunmedierne.dk\/mors\/#\/schema\/person\/765d2d128972c737fb045ffd47ed3385\",\"name\":\"Nicoline Odgaard S\u00f8rensen\",\"image\":{\"@type\":\"ImageObject\",\"inLanguage\":\"da-DK\",\"@id\":\"https:\/\/kunmedierne.dk\/mors\/#\/schema\/person\/image\/\",\"url\":\"https:\/\/secure.gravatar.com\/avatar\/5b300d2118a1e4052afa81ebd220a211801821c06ceb7b2b8a03006bba3c5e0a?s=96&d=mm&r=g\",\"contentUrl\":\"https:\/\/secure.gravatar.com\/avatar\/5b300d2118a1e4052afa81ebd220a211801821c06ceb7b2b8a03006bba3c5e0a?s=96&d=mm&r=g\",\"caption\":\"Nicoline Odgaard S\u00f8rensen\"},\"url\":\"https:\/\/kunmedierne.dk\/mors\/author\/nicoline\/\"}]}<\/script>\n<!-- \/ Yoast SEO plugin. -->","yoast_head_json":{"title":"80 kulturakt\u00f8rer m\u00f8dtes p\u00e5 Mors: Nu er deres tanker og perspektiver pr\u00e6senteret - Mors","robots":{"index":"index","follow":"follow","max-snippet":"max-snippet:-1","max-image-preview":"max-image-preview:large","max-video-preview":"max-video-preview:-1"},"canonical":"https:\/\/kunmedierne.dk\/mors\/80-kulturaktoerer-moedtes-paa-mors-nu-er-deres-tanker-og-perspektiver-praesenteret\/","og_locale":"da_DK","og_type":"article","og_title":"80 kulturakt\u00f8rer m\u00f8dtes p\u00e5 Mors: Nu er deres tanker og perspektiver pr\u00e6senteret - Mors","og_description":"Mors: Fredag blev et digitalt inspirationskatalog pr\u00e6senteret. Et katalog, som best\u00e5r af de mest essentielle pointer, refleksioner og indsigter fra dette \u00e5rs symposium p\u00e5 Mors. Det skete ved Kulturkraft, hvor internationale og danske hovednavne samledes i Industriens Hus for at inspirere og fremtidssikre det danske kulturliv og hele oplevelsesindustrien under temaerne fremtid, forretning\u00a0og\u00a0f\u00e6llesskab. Kunsten og [&hellip;]","og_url":"https:\/\/kunmedierne.dk\/mors\/80-kulturaktoerer-moedtes-paa-mors-nu-er-deres-tanker-og-perspektiver-praesenteret\/","og_site_name":"Mors","article_published_time":"2021-10-10T13:20:07+00:00","article_modified_time":"2024-08-12T11:36:05+00:00","og_image":[{"width":770,"height":513,"url":"https:\/\/kunmedierne.dk\/mors\/wp-content\/uploads\/2021\/10\/kulturmoede.jpg","type":"image\/jpeg"}],"author":"Nicoline Odgaard S\u00f8rensen","twitter_card":"summary_large_image","twitter_misc":{"Skrevet af":"Nicoline Odgaard S\u00f8rensen","Estimeret l\u00e6setid":"3 minutter"},"schema":{"@context":"https:\/\/schema.org","@graph":[{"@type":"Article","@id":"https:\/\/kunmedierne.dk\/mors\/80-kulturaktoerer-moedtes-paa-mors-nu-er-deres-tanker-og-perspektiver-praesenteret\/#article","isPartOf":{"@id":"https:\/\/kunmedierne.dk\/mors\/80-kulturaktoerer-moedtes-paa-mors-nu-er-deres-tanker-og-perspektiver-praesenteret\/"},"author":{"name":"Nicoline Odgaard S\u00f8rensen","@id":"https:\/\/kunmedierne.dk\/mors\/#\/schema\/person\/765d2d128972c737fb045ffd47ed3385"},"headline":"80 kulturakt\u00f8rer m\u00f8dtes p\u00e5 Mors: Nu er deres tanker og perspektiver pr\u00e6senteret","datePublished":"2021-10-10T13:20:07+00:00","dateModified":"2024-08-12T11:36:05+00:00","mainEntityOfPage":{"@id":"https:\/\/kunmedierne.dk\/mors\/80-kulturaktoerer-moedtes-paa-mors-nu-er-deres-tanker-og-perspektiver-praesenteret\/"},"wordCount":494,"commentCount":0,"publisher":{"@id":"https:\/\/kunmedierne.dk\/mors\/#organization"},"image":{"@id":"https:\/\/kunmedierne.dk\/mors\/80-kulturaktoerer-moedtes-paa-mors-nu-er-deres-tanker-og-perspektiver-praesenteret\/#primaryimage"},"thumbnailUrl":"https:\/\/kunmedierne.dk\/mors\/wp-content\/uploads\/2021\/10\/kulturmoede.jpg","keywords":["Kulturm\u00f8det"],"articleSection":["Kultur"],"inLanguage":"da-DK","potentialAction":[{"@type":"CommentAction","name":"Comment","target":["https:\/\/kunmedierne.dk\/mors\/80-kulturaktoerer-moedtes-paa-mors-nu-er-deres-tanker-og-perspektiver-praesenteret\/#respond"]}]},{"@type":"WebPage","@id":"https:\/\/kunmedierne.dk\/mors\/80-kulturaktoerer-moedtes-paa-mors-nu-er-deres-tanker-og-perspektiver-praesenteret\/","url":"https:\/\/kunmedierne.dk\/mors\/80-kulturaktoerer-moedtes-paa-mors-nu-er-deres-tanker-og-perspektiver-praesenteret\/","name":"80 kulturakt\u00f8rer m\u00f8dtes p\u00e5 Mors: Nu er deres tanker og perspektiver pr\u00e6senteret - Mors","isPartOf":{"@id":"https:\/\/kunmedierne.dk\/mors\/#website"},"primaryImageOfPage":{"@id":"https:\/\/kunmedierne.dk\/mors\/80-kulturaktoerer-moedtes-paa-mors-nu-er-deres-tanker-og-perspektiver-praesenteret\/#primaryimage"},"image":{"@id":"https:\/\/kunmedierne.dk\/mors\/80-kulturaktoerer-moedtes-paa-mors-nu-er-deres-tanker-og-perspektiver-praesenteret\/#primaryimage"},"thumbnailUrl":"https:\/\/kunmedierne.dk\/mors\/wp-content\/uploads\/2021\/10\/kulturmoede.jpg","datePublished":"2021-10-10T13:20:07+00:00","dateModified":"2024-08-12T11:36:05+00:00","breadcrumb":{"@id":"https:\/\/kunmedierne.dk\/mors\/80-kulturaktoerer-moedtes-paa-mors-nu-er-deres-tanker-og-perspektiver-praesenteret\/#breadcrumb"},"inLanguage":"da-DK","potentialAction":[{"@type":"ReadAction","target":["https:\/\/kunmedierne.dk\/mors\/80-kulturaktoerer-moedtes-paa-mors-nu-er-deres-tanker-og-perspektiver-praesenteret\/"]}]},{"@type":"ImageObject","inLanguage":"da-DK","@id":"https:\/\/kunmedierne.dk\/mors\/80-kulturaktoerer-moedtes-paa-mors-nu-er-deres-tanker-og-perspektiver-praesenteret\/#primaryimage","url":"https:\/\/kunmedierne.dk\/mors\/wp-content\/uploads\/2021\/10\/kulturmoede.jpg","contentUrl":"https:\/\/kunmedierne.dk\/mors\/wp-content\/uploads\/2021\/10\/kulturmoede.jpg","width":770,"height":513,"caption":"Fra Kulturm\u00f8det Symposium, september 2021. Foto: Lea Meilandt"},{"@type":"BreadcrumbList","@id":"https:\/\/kunmedierne.dk\/mors\/80-kulturaktoerer-moedtes-paa-mors-nu-er-deres-tanker-og-perspektiver-praesenteret\/#breadcrumb","itemListElement":[{"@type":"ListItem","position":1,"name":"Hjem","item":"https:\/\/kunmedierne.dk\/mors\/"},{"@type":"ListItem","position":2,"name":"80 kulturakt\u00f8rer m\u00f8dtes p\u00e5 Mors: Nu er deres tanker og perspektiver pr\u00e6senteret"}]},{"@type":"WebSite","@id":"https:\/\/kunmedierne.dk\/mors\/#website","url":"https:\/\/kunmedierne.dk\/mors\/","name":"Mors","description":"et netmedie med journalistik om livet p\u00e5 Mors","publisher":{"@id":"https:\/\/kunmedierne.dk\/mors\/#organization"},"potentialAction":[{"@type":"SearchAction","target":{"@type":"EntryPoint","urlTemplate":"https:\/\/kunmedierne.dk\/mors\/?s={search_term_string}"},"query-input":{"@type":"PropertyValueSpecification","valueRequired":true,"valueName":"search_term_string"}}],"inLanguage":"da-DK"},{"@type":"Organization","@id":"https:\/\/kunmedierne.dk\/mors\/#organization","name":"Mors","url":"https:\/\/kunmedierne.dk\/mors\/","logo":{"@type":"ImageObject","inLanguage":"da-DK","@id":"https:\/\/kunmedierne.dk\/mors\/#\/schema\/logo\/image\/","url":"https:\/\/kunmedierne.dk\/mors\/wp-content\/uploads\/2024\/08\/kunmors-logo.svg","contentUrl":"https:\/\/kunmedierne.dk\/mors\/wp-content\/uploads\/2024\/08\/kunmors-logo.svg","caption":"Mors"},"image":{"@id":"https:\/\/kunmedierne.dk\/mors\/#\/schema\/logo\/image\/"}},{"@type":"Person","@id":"https:\/\/kunmedierne.dk\/mors\/#\/schema\/person\/765d2d128972c737fb045ffd47ed3385","name":"Nicoline Odgaard S\u00f8rensen","image":{"@type":"ImageObject","inLanguage":"da-DK","@id":"https:\/\/kunmedierne.dk\/mors\/#\/schema\/person\/image\/","url":"https:\/\/secure.gravatar.com\/avatar\/5b300d2118a1e4052afa81ebd220a211801821c06ceb7b2b8a03006bba3c5e0a?s=96&d=mm&r=g","contentUrl":"https:\/\/secure.gravatar.com\/avatar\/5b300d2118a1e4052afa81ebd220a211801821c06ceb7b2b8a03006bba3c5e0a?s=96&d=mm&r=g","caption":"Nicoline Odgaard S\u00f8rensen"},"url":"https:\/\/kunmedierne.dk\/mors\/author\/nicoline\/"}]}},"_links":{"self":[{"href":"https:\/\/kunmedierne.dk\/mors\/wp-json\/wp\/v2\/posts\/54164","targetHints":{"allow":["GET"]}}],"collection":[{"href":"https:\/\/kunmedierne.dk\/mors\/wp-json\/wp\/v2\/posts"}],"about":[{"href":"https:\/\/kunmedierne.dk\/mors\/wp-json\/wp\/v2\/types\/post"}],"author":[{"embeddable":true,"href":"https:\/\/kunmedierne.dk\/mors\/wp-json\/wp\/v2\/users\/222"}],"replies":[{"embeddable":true,"href":"https:\/\/kunmedierne.dk\/mors\/wp-json\/wp\/v2\/comments?post=54164"}],"version-history":[{"count":10,"href":"https:\/\/kunmedierne.dk\/mors\/wp-json\/wp\/v2\/posts\/54164\/revisions"}],"predecessor-version":[{"id":54239,"href":"https:\/\/kunmedierne.dk\/mors\/wp-json\/wp\/v2\/posts\/54164\/revisions\/54239"}],"wp:featuredmedia":[{"embeddable":true,"href":"https:\/\/kunmedierne.dk\/mors\/wp-json\/wp\/v2\/media\/54238"}],"wp:attachment":[{"href":"https:\/\/kunmedierne.dk\/mors\/wp-json\/wp\/v2\/media?parent=54164"}],"wp:term":[{"taxonomy":"category","embeddable":true,"href":"https:\/\/kunmedierne.dk\/mors\/wp-json\/wp\/v2\/categories?post=54164"},{"taxonomy":"post_tag","embeddable":true,"href":"https:\/\/kunmedierne.dk\/mors\/wp-json\/wp\/v2\/tags?post=54164"}],"curies":[{"name":"wp","href":"https:\/\/api.w.org\/{rel}","templated":true}]}}