{"id":54097,"date":"2021-10-09T10:40:38","date_gmt":"2021-10-09T08:40:38","guid":{"rendered":"https:\/\/kunmedierne.dk\/mors\/?p=54097"},"modified":"2024-08-12T13:36:05","modified_gmt":"2024-08-12T11:36:05","slug":"omsorg-og-ordentlighed","status":"publish","type":"post","link":"https:\/\/kunmedierne.dk\/mors\/omsorg-og-ordentlighed\/","title":{"rendered":"&#8211; Omsorg og ordentlighed"},"content":{"rendered":"<p><em>Debatindl\u00e6g fra Karin Villadsen, kandidat for Socialdemokratiet ved Kommunalvalg 2021:<\/em><\/p>\n<hr \/>\n<p><strong>MORS<\/strong>: Socialdemokratiet er et stort parti, som kan og skal favne bredt &#8211; og som forholder sig til og har<br \/>\nholdninger indenfor mange omr\u00e5der &#8211; og ikke kun har \u00e9n m\u00e6rkesag.<\/p>\n<p>Mange aktive medlemmer har haft ber\u00f8ring med fagforeningsarbejde i deres arbejdsliv. Nogle som<br \/>\nufagl\u00e6rte arbejdsm\u00e6nd, andre som faguddannede inden for et h\u00e5ndv\u00e6rk eller specifikt erhvervsomr\u00e5de.<\/p>\n<p>En stor del af os socialdemokrater har ogs\u00e5 uddannelse og arbejde inden for de offentlige erhverv blandt andet indenfor b\u00f8rne; undervisnings; \u00e6ldre; sundheds og omsorgsomr\u00e5det, og en del har arbejde i serviceerhverv fx. indenfor kommunen eller lignende. S\u00e5 vi er mange forskellige erhverv repr\u00e6senteret, der dog alle har det til f\u00e6lles, at vi k\u00e6mper for gode, lige muligheder b\u00e5de for os selv, men i h\u00f8j grad ogs\u00e5 for dem omkring os, som af forskellige \u00e5rsager ikke kan selv.<a href=\"https:\/\/thistedkloakservice.dk\/\"><img loading=\"lazy\" decoding=\"async\" class=\"alignleft size-full wp-image-46603\" src=\"https:\/\/kunmedierne.dk\/mors\/wp-content\/uploads\/2021\/06\/t12.jpg\" alt=\"\" width=\"1400\" height=\"125\" srcset=\"https:\/\/kunmedierne.dk\/mors\/wp-content\/uploads\/2021\/06\/t12.jpg 1400w, https:\/\/kunmedierne.dk\/mors\/wp-content\/uploads\/2021\/06\/t12-300x27.jpg 300w, https:\/\/kunmedierne.dk\/mors\/wp-content\/uploads\/2021\/06\/t12-1024x91.jpg 1024w, https:\/\/kunmedierne.dk\/mors\/wp-content\/uploads\/2021\/06\/t12-768x69.jpg 768w, https:\/\/kunmedierne.dk\/mors\/wp-content\/uploads\/2021\/06\/t12-600x54.jpg 600w\" sizes=\"auto, (max-width: 1400px) 100vw, 1400px\" \/><\/a><\/p>\n<p>Tidligere har det m\u00e5ske is\u00e6r v\u00e6ret en kamp indenfor det fysiske arbejdsmilj\u00f8 med kamp for at minimere fysisk nedslidning og sikkerhed mod arbejdsskader, ligesom kortere arbejdsuge, bedre l\u00f8n og arbejdsforhold, herunder ferie og barselsmuligheder har v\u00e6ret vigtige emner. Og den kamp er p\u00e5 mange m\u00e5der lykkedes &#8211; m\u00e5ske har vi endda n\u00e6sten sejret os selv halvt ihjel &#8211; for vi har f\u00e5et en kortere arbejdsuge &#8211; men vi skal samtidig v\u00e6re mere effektive, n\u00e5r vi er der &#8211; v\u00e6re 100% p\u00e5 &#8211; og vi skal pr\u00e6stere, g\u00f8re karriere, v\u00e6re bedre, mere konkurrencedygtige osv &#8211; s\u00e5 det har efterladt et arbejdsmarked, hvor der er mange, der f\u00f8ler sig psykisk belastede, og hvor man skal kunne klare presset &#8211; ellers er det ens egen \u201cskyld\u201d\/ansvar.<\/p>\n<p>Tidligere var det en f\u00e6lles indsats mod en arbejdsgiver\/arbejdsforhold\/samfundsforhold, der tog presset af den enkeltes skuldre &#8211; nu er det i h\u00f8jere grad den enkeltes egen \u201cpr\u00e6station\u201d, der bliver m\u00e5lt &#8211; og indimellem<br \/>\nfundet for let &#8211; med m\u00e5ske deraf f\u00f8lgende sygemelding som resultat. S\u00e5 p\u00e5 mange m\u00e5der er det efterh\u00e5nden blevet en vigtig indsats for det psykiske arbejdsmilj\u00f8, der skal k\u00e6mpes for. S\u00e5 der ogs\u00e5 er plads til, at man ikke altid kan (holde til) at k\u00f8re med 120 km\/t p\u00e5 arbejdsmarkedet &#8211; men at der skal v\u00e6re plads til, at vi alle kan bidrage med det, vi kan &#8211; i stedet for at blive skubbet ud pga. det man ikke kan (l\u00e6ngere).<a href=\"https:\/\/morsgaver.dk\/\"><img loading=\"lazy\" decoding=\"async\" class=\"alignleft size-full wp-image-51444\" src=\"https:\/\/kunmedierne.dk\/mors\/wp-content\/uploads\/2021\/09\/KunMors_julegaver_2021.jpg\" alt=\"\" width=\"1400\" height=\"125\" srcset=\"https:\/\/kunmedierne.dk\/mors\/wp-content\/uploads\/2021\/09\/KunMors_julegaver_2021.jpg 1400w, https:\/\/kunmedierne.dk\/mors\/wp-content\/uploads\/2021\/09\/KunMors_julegaver_2021-300x27.jpg 300w, https:\/\/kunmedierne.dk\/mors\/wp-content\/uploads\/2021\/09\/KunMors_julegaver_2021-1024x91.jpg 1024w, https:\/\/kunmedierne.dk\/mors\/wp-content\/uploads\/2021\/09\/KunMors_julegaver_2021-768x69.jpg 768w, https:\/\/kunmedierne.dk\/mors\/wp-content\/uploads\/2021\/09\/KunMors_julegaver_2021-600x54.jpg 600w\" sizes=\"auto, (max-width: 1400px) 100vw, 1400px\" \/><\/a><\/p>\n<p>Den sp\u00e6ndvidde vil vi i Socialdemokratiet fortsat arbejde for at rumme og favne i vores f\u00e6lles indsats for at drage omsorg b\u00e5de for dem, som kan &#8211; og for dem, som af forskellige \u00e5rsager ikke kan selv.<\/p>\n<p>I Socialdemokratiet arbejder vi for at finde den gode balance mellem det, der er den enkeltes ret og pligt &#8211; og det som er alles ret og pligt &#8211; og som g\u00f8r vores f\u00e6llesskab st\u00e6rkt og trygt &#8211; at vi ved, at nogen hj\u00e6lper os, n\u00e5r vi har brug for det &#8211; og derfor skal vi selv g\u00f8re en indsats for at hj\u00e6lpe dem vi kan, n\u00e5r vi er i stand til det.<\/p>\n<p>Vi skal aldrig v\u00e6re bange for at r\u00e6kke h\u00e5nden ud for at hj\u00e6lpe andre. Vi ved ikke, om det en dag bliver os selv, der har brug for den hj\u00e6lpende h\u00e5nd. Velf\u00e6rd kr\u00e6ver f\u00e6llesskab, omsorg og ordentlighed. <a href=\"https:\/\/www.fmspks.dk\/\"><img loading=\"lazy\" decoding=\"async\" class=\"alignleft size-full wp-image-46592\" src=\"https:\/\/kunmedierne.dk\/mors\/wp-content\/uploads\/2021\/06\/t01.jpg\" alt=\"\" width=\"1400\" height=\"125\" srcset=\"https:\/\/kunmedierne.dk\/mors\/wp-content\/uploads\/2021\/06\/t01.jpg 1400w, https:\/\/kunmedierne.dk\/mors\/wp-content\/uploads\/2021\/06\/t01-300x27.jpg 300w, https:\/\/kunmedierne.dk\/mors\/wp-content\/uploads\/2021\/06\/t01-1024x91.jpg 1024w, https:\/\/kunmedierne.dk\/mors\/wp-content\/uploads\/2021\/06\/t01-768x69.jpg 768w, https:\/\/kunmedierne.dk\/mors\/wp-content\/uploads\/2021\/06\/t01-600x54.jpg 600w\" sizes=\"auto, (max-width: 1400px) 100vw, 1400px\" \/><\/a><\/p>\n<hr \/>\n<p><em>Har du et bidrag til den lokale debat? Send det til os p\u00e5 e-mail: debat@kunmedierne.dk\/mors. Husk at l\u00e6se korrektur inden afsendelse p\u00e5 indl\u00e6gget.<\/em><\/p>\n<blockquote>\n<h4>Tilmeld dig vores nyhedsbrev nederst p\u00e5 siden og modtag KunMors som din daglige lokalavis. S\u00e5 deltager du samtidig i lodtr\u00e6kningen om udstyr fra\u00a0<a href=\"https:\/\/www.facebook.com\/jensen7950\" target=\"_blank\" rel=\"noopener\">Mobilhytten<\/a>\u00a0til 699 kroner. L\u00e6s\u00a0<a href=\"https:\/\/kunmedierne.dk\/mors\/vind-udstyr-fra-mobilhytten-for-699-kroner\/\" target=\"_blank\" rel=\"noopener\">her<\/a>\u00a0hvordan.<\/h4>\n<\/blockquote>\n","protected":false},"excerpt":{"rendered":"<p>Debatindl\u00e6g fra Karin Villadsen, kandidat for Socialdemokratiet ved Kommunalvalg 2021: MORS: Socialdemokratiet er et stort parti, som kan og skal favne bredt &#8211; og som forholder sig til og har holdninger indenfor mange omr\u00e5der &#8211; og ikke kun har \u00e9n m\u00e6rkesag. Mange aktive medlemmer har haft ber\u00f8ring med fagforeningsarbejde i deres arbejdsliv. Nogle som ufagl\u00e6rte [&hellip;]<\/p>\n","protected":false},"author":11,"featured_media":43997,"comment_status":"open","ping_status":"open","sticky":false,"template":"","format":"standard","meta":{"_acf_changed":false,"footnotes":""},"categories":[56],"tags":[167],"class_list":["post-54097","post","type-post","status-publish","format-standard","has-post-thumbnail","hentry","category-debat","tag-politik"],"acf":[],"yoast_head":"<!-- This site is optimized with the Yoast SEO plugin v26.8 - https:\/\/yoast.com\/product\/yoast-seo-wordpress\/ -->\n<title>- Omsorg og ordentlighed - Mors<\/title>\n<meta name=\"robots\" content=\"index, follow, max-snippet:-1, max-image-preview:large, max-video-preview:-1\" \/>\n<link rel=\"canonical\" href=\"https:\/\/kunmedierne.dk\/mors\/omsorg-og-ordentlighed\/\" \/>\n<meta property=\"og:locale\" content=\"da_DK\" \/>\n<meta property=\"og:type\" content=\"article\" \/>\n<meta property=\"og:title\" content=\"- Omsorg og ordentlighed - Mors\" \/>\n<meta property=\"og:description\" content=\"Debatindl\u00e6g fra Karin Villadsen, kandidat for Socialdemokratiet ved Kommunalvalg 2021: MORS: Socialdemokratiet er et stort parti, som kan og skal favne bredt &#8211; og som forholder sig til og har holdninger indenfor mange omr\u00e5der &#8211; og ikke kun har \u00e9n m\u00e6rkesag. Mange aktive medlemmer har haft ber\u00f8ring med fagforeningsarbejde i deres arbejdsliv. Nogle som ufagl\u00e6rte [&hellip;]\" \/>\n<meta property=\"og:url\" content=\"https:\/\/kunmedierne.dk\/mors\/omsorg-og-ordentlighed\/\" \/>\n<meta property=\"og:site_name\" content=\"Mors\" \/>\n<meta property=\"article:published_time\" content=\"2021-10-09T08:40:38+00:00\" \/>\n<meta property=\"article:modified_time\" content=\"2024-08-12T11:36:05+00:00\" \/>\n<meta property=\"og:image\" content=\"https:\/\/kunmedierne.dk\/mors\/wp-content\/uploads\/2021\/04\/karin-villadsen.jpg\" \/>\n\t<meta property=\"og:image:width\" content=\"770\" \/>\n\t<meta property=\"og:image:height\" content=\"513\" \/>\n\t<meta property=\"og:image:type\" content=\"image\/jpeg\" \/>\n<meta name=\"author\" content=\"Debat\" \/>\n<meta name=\"twitter:card\" content=\"summary_large_image\" \/>\n<meta name=\"twitter:label1\" content=\"Skrevet af\" \/>\n\t<meta name=\"twitter:data1\" content=\"Debat\" \/>\n\t<meta name=\"twitter:label2\" content=\"Estimeret l\u00e6setid\" \/>\n\t<meta name=\"twitter:data2\" content=\"4 minutter\" \/>\n<script type=\"application\/ld+json\" class=\"yoast-schema-graph\">{\"@context\":\"https:\/\/schema.org\",\"@graph\":[{\"@type\":\"Article\",\"@id\":\"https:\/\/kunmedierne.dk\/mors\/omsorg-og-ordentlighed\/#article\",\"isPartOf\":{\"@id\":\"https:\/\/kunmedierne.dk\/mors\/omsorg-og-ordentlighed\/\"},\"author\":{\"name\":\"Debat\",\"@id\":\"https:\/\/kunmedierne.dk\/mors\/#\/schema\/person\/84c1391bce0b43b9bb3a49736bc0ad78\"},\"headline\":\"&#8211; Omsorg og ordentlighed\",\"datePublished\":\"2021-10-09T08:40:38+00:00\",\"dateModified\":\"2024-08-12T11:36:05+00:00\",\"mainEntityOfPage\":{\"@id\":\"https:\/\/kunmedierne.dk\/mors\/omsorg-og-ordentlighed\/\"},\"wordCount\":655,\"commentCount\":0,\"publisher\":{\"@id\":\"https:\/\/kunmedierne.dk\/mors\/#organization\"},\"image\":{\"@id\":\"https:\/\/kunmedierne.dk\/mors\/omsorg-og-ordentlighed\/#primaryimage\"},\"thumbnailUrl\":\"https:\/\/kunmedierne.dk\/mors\/wp-content\/uploads\/2021\/04\/karin-villadsen.jpg\",\"keywords\":[\"Politik\"],\"articleSection\":[\"Debat\"],\"inLanguage\":\"da-DK\",\"potentialAction\":[{\"@type\":\"CommentAction\",\"name\":\"Comment\",\"target\":[\"https:\/\/kunmedierne.dk\/mors\/omsorg-og-ordentlighed\/#respond\"]}]},{\"@type\":\"WebPage\",\"@id\":\"https:\/\/kunmedierne.dk\/mors\/omsorg-og-ordentlighed\/\",\"url\":\"https:\/\/kunmedierne.dk\/mors\/omsorg-og-ordentlighed\/\",\"name\":\"- Omsorg og ordentlighed - Mors\",\"isPartOf\":{\"@id\":\"https:\/\/kunmedierne.dk\/mors\/#website\"},\"primaryImageOfPage\":{\"@id\":\"https:\/\/kunmedierne.dk\/mors\/omsorg-og-ordentlighed\/#primaryimage\"},\"image\":{\"@id\":\"https:\/\/kunmedierne.dk\/mors\/omsorg-og-ordentlighed\/#primaryimage\"},\"thumbnailUrl\":\"https:\/\/kunmedierne.dk\/mors\/wp-content\/uploads\/2021\/04\/karin-villadsen.jpg\",\"datePublished\":\"2021-10-09T08:40:38+00:00\",\"dateModified\":\"2024-08-12T11:36:05+00:00\",\"breadcrumb\":{\"@id\":\"https:\/\/kunmedierne.dk\/mors\/omsorg-og-ordentlighed\/#breadcrumb\"},\"inLanguage\":\"da-DK\",\"potentialAction\":[{\"@type\":\"ReadAction\",\"target\":[\"https:\/\/kunmedierne.dk\/mors\/omsorg-og-ordentlighed\/\"]}]},{\"@type\":\"ImageObject\",\"inLanguage\":\"da-DK\",\"@id\":\"https:\/\/kunmedierne.dk\/mors\/omsorg-og-ordentlighed\/#primaryimage\",\"url\":\"https:\/\/kunmedierne.dk\/mors\/wp-content\/uploads\/2021\/04\/karin-villadsen.jpg\",\"contentUrl\":\"https:\/\/kunmedierne.dk\/mors\/wp-content\/uploads\/2021\/04\/karin-villadsen.jpg\",\"width\":770,\"height\":513,\"caption\":\"Karin Villadsen, kandidat for Socialdemokratiet ved Kommunalvalg 2021. Privatfoto\"},{\"@type\":\"BreadcrumbList\",\"@id\":\"https:\/\/kunmedierne.dk\/mors\/omsorg-og-ordentlighed\/#breadcrumb\",\"itemListElement\":[{\"@type\":\"ListItem\",\"position\":1,\"name\":\"Hjem\",\"item\":\"https:\/\/kunmedierne.dk\/mors\/\"},{\"@type\":\"ListItem\",\"position\":2,\"name\":\"&#8211; Omsorg og ordentlighed\"}]},{\"@type\":\"WebSite\",\"@id\":\"https:\/\/kunmedierne.dk\/mors\/#website\",\"url\":\"https:\/\/kunmedierne.dk\/mors\/\",\"name\":\"Mors\",\"description\":\"et netmedie med journalistik om livet p\u00e5 Mors\",\"publisher\":{\"@id\":\"https:\/\/kunmedierne.dk\/mors\/#organization\"},\"potentialAction\":[{\"@type\":\"SearchAction\",\"target\":{\"@type\":\"EntryPoint\",\"urlTemplate\":\"https:\/\/kunmedierne.dk\/mors\/?s={search_term_string}\"},\"query-input\":{\"@type\":\"PropertyValueSpecification\",\"valueRequired\":true,\"valueName\":\"search_term_string\"}}],\"inLanguage\":\"da-DK\"},{\"@type\":\"Organization\",\"@id\":\"https:\/\/kunmedierne.dk\/mors\/#organization\",\"name\":\"Mors\",\"url\":\"https:\/\/kunmedierne.dk\/mors\/\",\"logo\":{\"@type\":\"ImageObject\",\"inLanguage\":\"da-DK\",\"@id\":\"https:\/\/kunmedierne.dk\/mors\/#\/schema\/logo\/image\/\",\"url\":\"https:\/\/kunmedierne.dk\/mors\/wp-content\/uploads\/2024\/08\/kunmors-logo.svg\",\"contentUrl\":\"https:\/\/kunmedierne.dk\/mors\/wp-content\/uploads\/2024\/08\/kunmors-logo.svg\",\"caption\":\"Mors\"},\"image\":{\"@id\":\"https:\/\/kunmedierne.dk\/mors\/#\/schema\/logo\/image\/\"}},{\"@type\":\"Person\",\"@id\":\"https:\/\/kunmedierne.dk\/mors\/#\/schema\/person\/84c1391bce0b43b9bb3a49736bc0ad78\",\"name\":\"Debat\",\"image\":{\"@type\":\"ImageObject\",\"inLanguage\":\"da-DK\",\"@id\":\"https:\/\/kunmedierne.dk\/mors\/#\/schema\/person\/image\/\",\"url\":\"https:\/\/secure.gravatar.com\/avatar\/b0fb2e221d618f7c65162ab0d49c7e8a0b580c871ca03af90e42b47b4150654c?s=96&d=mm&r=g\",\"contentUrl\":\"https:\/\/secure.gravatar.com\/avatar\/b0fb2e221d618f7c65162ab0d49c7e8a0b580c871ca03af90e42b47b4150654c?s=96&d=mm&r=g\",\"caption\":\"Debat\"},\"url\":\"https:\/\/kunmedierne.dk\/mors\/author\/debat\/\"}]}<\/script>\n<!-- \/ Yoast SEO plugin. -->","yoast_head_json":{"title":"- Omsorg og ordentlighed - Mors","robots":{"index":"index","follow":"follow","max-snippet":"max-snippet:-1","max-image-preview":"max-image-preview:large","max-video-preview":"max-video-preview:-1"},"canonical":"https:\/\/kunmedierne.dk\/mors\/omsorg-og-ordentlighed\/","og_locale":"da_DK","og_type":"article","og_title":"- Omsorg og ordentlighed - Mors","og_description":"Debatindl\u00e6g fra Karin Villadsen, kandidat for Socialdemokratiet ved Kommunalvalg 2021: MORS: Socialdemokratiet er et stort parti, som kan og skal favne bredt &#8211; og som forholder sig til og har holdninger indenfor mange omr\u00e5der &#8211; og ikke kun har \u00e9n m\u00e6rkesag. Mange aktive medlemmer har haft ber\u00f8ring med fagforeningsarbejde i deres arbejdsliv. Nogle som ufagl\u00e6rte [&hellip;]","og_url":"https:\/\/kunmedierne.dk\/mors\/omsorg-og-ordentlighed\/","og_site_name":"Mors","article_published_time":"2021-10-09T08:40:38+00:00","article_modified_time":"2024-08-12T11:36:05+00:00","og_image":[{"width":770,"height":513,"url":"https:\/\/kunmedierne.dk\/mors\/wp-content\/uploads\/2021\/04\/karin-villadsen.jpg","type":"image\/jpeg"}],"author":"Debat","twitter_card":"summary_large_image","twitter_misc":{"Skrevet af":"Debat","Estimeret l\u00e6setid":"4 minutter"},"schema":{"@context":"https:\/\/schema.org","@graph":[{"@type":"Article","@id":"https:\/\/kunmedierne.dk\/mors\/omsorg-og-ordentlighed\/#article","isPartOf":{"@id":"https:\/\/kunmedierne.dk\/mors\/omsorg-og-ordentlighed\/"},"author":{"name":"Debat","@id":"https:\/\/kunmedierne.dk\/mors\/#\/schema\/person\/84c1391bce0b43b9bb3a49736bc0ad78"},"headline":"&#8211; Omsorg og ordentlighed","datePublished":"2021-10-09T08:40:38+00:00","dateModified":"2024-08-12T11:36:05+00:00","mainEntityOfPage":{"@id":"https:\/\/kunmedierne.dk\/mors\/omsorg-og-ordentlighed\/"},"wordCount":655,"commentCount":0,"publisher":{"@id":"https:\/\/kunmedierne.dk\/mors\/#organization"},"image":{"@id":"https:\/\/kunmedierne.dk\/mors\/omsorg-og-ordentlighed\/#primaryimage"},"thumbnailUrl":"https:\/\/kunmedierne.dk\/mors\/wp-content\/uploads\/2021\/04\/karin-villadsen.jpg","keywords":["Politik"],"articleSection":["Debat"],"inLanguage":"da-DK","potentialAction":[{"@type":"CommentAction","name":"Comment","target":["https:\/\/kunmedierne.dk\/mors\/omsorg-og-ordentlighed\/#respond"]}]},{"@type":"WebPage","@id":"https:\/\/kunmedierne.dk\/mors\/omsorg-og-ordentlighed\/","url":"https:\/\/kunmedierne.dk\/mors\/omsorg-og-ordentlighed\/","name":"- Omsorg og ordentlighed - Mors","isPartOf":{"@id":"https:\/\/kunmedierne.dk\/mors\/#website"},"primaryImageOfPage":{"@id":"https:\/\/kunmedierne.dk\/mors\/omsorg-og-ordentlighed\/#primaryimage"},"image":{"@id":"https:\/\/kunmedierne.dk\/mors\/omsorg-og-ordentlighed\/#primaryimage"},"thumbnailUrl":"https:\/\/kunmedierne.dk\/mors\/wp-content\/uploads\/2021\/04\/karin-villadsen.jpg","datePublished":"2021-10-09T08:40:38+00:00","dateModified":"2024-08-12T11:36:05+00:00","breadcrumb":{"@id":"https:\/\/kunmedierne.dk\/mors\/omsorg-og-ordentlighed\/#breadcrumb"},"inLanguage":"da-DK","potentialAction":[{"@type":"ReadAction","target":["https:\/\/kunmedierne.dk\/mors\/omsorg-og-ordentlighed\/"]}]},{"@type":"ImageObject","inLanguage":"da-DK","@id":"https:\/\/kunmedierne.dk\/mors\/omsorg-og-ordentlighed\/#primaryimage","url":"https:\/\/kunmedierne.dk\/mors\/wp-content\/uploads\/2021\/04\/karin-villadsen.jpg","contentUrl":"https:\/\/kunmedierne.dk\/mors\/wp-content\/uploads\/2021\/04\/karin-villadsen.jpg","width":770,"height":513,"caption":"Karin Villadsen, kandidat for Socialdemokratiet ved Kommunalvalg 2021. Privatfoto"},{"@type":"BreadcrumbList","@id":"https:\/\/kunmedierne.dk\/mors\/omsorg-og-ordentlighed\/#breadcrumb","itemListElement":[{"@type":"ListItem","position":1,"name":"Hjem","item":"https:\/\/kunmedierne.dk\/mors\/"},{"@type":"ListItem","position":2,"name":"&#8211; Omsorg og ordentlighed"}]},{"@type":"WebSite","@id":"https:\/\/kunmedierne.dk\/mors\/#website","url":"https:\/\/kunmedierne.dk\/mors\/","name":"Mors","description":"et netmedie med journalistik om livet p\u00e5 Mors","publisher":{"@id":"https:\/\/kunmedierne.dk\/mors\/#organization"},"potentialAction":[{"@type":"SearchAction","target":{"@type":"EntryPoint","urlTemplate":"https:\/\/kunmedierne.dk\/mors\/?s={search_term_string}"},"query-input":{"@type":"PropertyValueSpecification","valueRequired":true,"valueName":"search_term_string"}}],"inLanguage":"da-DK"},{"@type":"Organization","@id":"https:\/\/kunmedierne.dk\/mors\/#organization","name":"Mors","url":"https:\/\/kunmedierne.dk\/mors\/","logo":{"@type":"ImageObject","inLanguage":"da-DK","@id":"https:\/\/kunmedierne.dk\/mors\/#\/schema\/logo\/image\/","url":"https:\/\/kunmedierne.dk\/mors\/wp-content\/uploads\/2024\/08\/kunmors-logo.svg","contentUrl":"https:\/\/kunmedierne.dk\/mors\/wp-content\/uploads\/2024\/08\/kunmors-logo.svg","caption":"Mors"},"image":{"@id":"https:\/\/kunmedierne.dk\/mors\/#\/schema\/logo\/image\/"}},{"@type":"Person","@id":"https:\/\/kunmedierne.dk\/mors\/#\/schema\/person\/84c1391bce0b43b9bb3a49736bc0ad78","name":"Debat","image":{"@type":"ImageObject","inLanguage":"da-DK","@id":"https:\/\/kunmedierne.dk\/mors\/#\/schema\/person\/image\/","url":"https:\/\/secure.gravatar.com\/avatar\/b0fb2e221d618f7c65162ab0d49c7e8a0b580c871ca03af90e42b47b4150654c?s=96&d=mm&r=g","contentUrl":"https:\/\/secure.gravatar.com\/avatar\/b0fb2e221d618f7c65162ab0d49c7e8a0b580c871ca03af90e42b47b4150654c?s=96&d=mm&r=g","caption":"Debat"},"url":"https:\/\/kunmedierne.dk\/mors\/author\/debat\/"}]}},"_links":{"self":[{"href":"https:\/\/kunmedierne.dk\/mors\/wp-json\/wp\/v2\/posts\/54097","targetHints":{"allow":["GET"]}}],"collection":[{"href":"https:\/\/kunmedierne.dk\/mors\/wp-json\/wp\/v2\/posts"}],"about":[{"href":"https:\/\/kunmedierne.dk\/mors\/wp-json\/wp\/v2\/types\/post"}],"author":[{"embeddable":true,"href":"https:\/\/kunmedierne.dk\/mors\/wp-json\/wp\/v2\/users\/11"}],"replies":[{"embeddable":true,"href":"https:\/\/kunmedierne.dk\/mors\/wp-json\/wp\/v2\/comments?post=54097"}],"version-history":[{"count":1,"href":"https:\/\/kunmedierne.dk\/mors\/wp-json\/wp\/v2\/posts\/54097\/revisions"}],"predecessor-version":[{"id":54098,"href":"https:\/\/kunmedierne.dk\/mors\/wp-json\/wp\/v2\/posts\/54097\/revisions\/54098"}],"wp:featuredmedia":[{"embeddable":true,"href":"https:\/\/kunmedierne.dk\/mors\/wp-json\/wp\/v2\/media\/43997"}],"wp:attachment":[{"href":"https:\/\/kunmedierne.dk\/mors\/wp-json\/wp\/v2\/media?parent=54097"}],"wp:term":[{"taxonomy":"category","embeddable":true,"href":"https:\/\/kunmedierne.dk\/mors\/wp-json\/wp\/v2\/categories?post=54097"},{"taxonomy":"post_tag","embeddable":true,"href":"https:\/\/kunmedierne.dk\/mors\/wp-json\/wp\/v2\/tags?post=54097"}],"curies":[{"name":"wp","href":"https:\/\/api.w.org\/{rel}","templated":true}]}}