{"id":54086,"date":"2021-10-09T08:42:18","date_gmt":"2021-10-09T06:42:18","guid":{"rendered":"https:\/\/kunmedierne.dk\/mors\/?p=54086"},"modified":"2024-08-12T13:36:05","modified_gmt":"2024-08-12T11:36:05","slug":"morsingboerne-skal-ikke-vaere-nervoese-for-drikkevandet","status":"publish","type":"post","link":"https:\/\/kunmedierne.dk\/mors\/morsingboerne-skal-ikke-vaere-nervoese-for-drikkevandet\/","title":{"rendered":"&#8211; Morsingboerne skal ikke v\u00e6re nerv\u00f8se for drikkevandet"},"content":{"rendered":"<p><em>Debatindl\u00e6g af Meiner N\u00f8rgaard, formand for Mors\u00f8 Kommunes udvalg for teknik og milj\u00f8 og kandidat for Dansk Folkeparti ved Kommunalvalg 2021.<\/em><\/p>\n<hr \/>\n<p>Der foreg\u00e5r en debat om drikkevandet\/grundvandet p\u00e5 Mors. Senest har det radikale kommunalbestyrelsesmedlem, <a href=\"https:\/\/kunmedierne.dk\/mors\/vand-vittige-udtalelser-fra-meiner-noergaard\/\" target=\"_blank\" rel=\"noopener\">Jette Jepsen<\/a>, ytret sig.<\/p>\n<p>Jeg vil snarest fremkomme med et detaljeret skrivelse om fakta p\u00e5 omr\u00e5det og de indsatser kommunen laver. Jeg kan se at f\u00f8romtalte kommunalbestyrelsesmedlem ikke ved noget som helst om hvad kommunen har gjort og g\u00f8r.<\/p>\n<p>Jeg vil igen gerne fastsl\u00e5 at ingen forbrugere p\u00e5 Mors, modtager drikkevand fra deres lokale vandv\u00e6rk der er sundhedsskadeligt, endsige t\u00e6t derp\u00e5.<\/p>\n<p>I disse \u00e5r er alle landets kommuner ramt af fortidens synder. For ca. 40 \u00e5r siden, hvor det vand vi drikker nu stammer fra, var statens godkendelsesprocedurer p\u00e5 spr\u00f8jtegifte, impr\u00e6gnerings pr\u00e6parater, maling osv. slet ikke s\u00e5 omfattende som i dag. Derfor kan der visse steder spores rester fra dengang. Disse mindre forureninger kan klares ved at rense vandet, bla. med et kulfilteranl\u00e6g, med ringforbindelser mellem vores vandv\u00e6rker, s\u00e5 hanen kan lukkes og forbrugerne f\u00e5r vandet fra nabovandv\u00e6rket.<a href=\"https:\/\/morsoe-begravelsesforretning.dk\/\"><img loading=\"lazy\" decoding=\"async\" class=\"alignleft size-full wp-image-46598\" src=\"https:\/\/kunmedierne.dk\/mors\/wp-content\/uploads\/2021\/06\/t07.jpg\" alt=\"\" width=\"1425\" height=\"127\" srcset=\"https:\/\/kunmedierne.dk\/mors\/wp-content\/uploads\/2021\/06\/t07.jpg 1425w, https:\/\/kunmedierne.dk\/mors\/wp-content\/uploads\/2021\/06\/t07-300x27.jpg 300w, https:\/\/kunmedierne.dk\/mors\/wp-content\/uploads\/2021\/06\/t07-1024x91.jpg 1024w, https:\/\/kunmedierne.dk\/mors\/wp-content\/uploads\/2021\/06\/t07-768x68.jpg 768w, https:\/\/kunmedierne.dk\/mors\/wp-content\/uploads\/2021\/06\/t07-600x53.jpg 600w\" sizes=\"auto, (max-width: 1425px) 100vw, 1425px\" \/><\/a><\/p>\n<p>De spr\u00f8jtemidler, og andre pr\u00e6parater, der anvendes lovligt nu, er meget grundigere afpr\u00f8vet og derfor vil de i v\u00e6sentlig mindre grad end fortidens stoffer kunne findes i grundvandet fremover.<\/p>\n<p>For at vi kan sikre at vandkvaliteten er i orden i mange, mange \u00e5r fremover, udarbejdes der indsatsplaner for hvert enkelt vandv\u00e6rk. Dette udf\u00f8res i et samarbejde mellem vandv\u00e6rkerne, landbruget, naturfredningsforeningen og kommunen. I denne indsatsplan vurderes beskyttelsesbehovet i de Borings N\u00e6re Beskyttelses Omr\u00e5der(BNBO omr\u00e5der) for alle vandv\u00e6rker. Indsatsen i BNBO omr\u00e5derne skal indberettes til staten, den seneste indberetning fra Mors er fra 2020, hvoraf det fremg\u00e5r at alle vores BNBO omr\u00e5der er risikovurderet. Der er netop udstedt en ny bekendtg\u00f8relse fra staten om udpegning af drikkevandsressourser og den tr\u00e6der i kraft 1. januar 2022. Med afs\u00e6t i denne bekendtg\u00f8relse udarbejder vi her p\u00e5 Mors vores indsatsplan.<a href=\"https:\/\/www.sparthy.dk\/\"><img loading=\"lazy\" decoding=\"async\" class=\"alignleft size-full wp-image-46599\" src=\"https:\/\/kunmedierne.dk\/mors\/wp-content\/uploads\/2021\/06\/t08.jpg\" alt=\"\" width=\"1400\" height=\"125\" srcset=\"https:\/\/kunmedierne.dk\/mors\/wp-content\/uploads\/2021\/06\/t08.jpg 1400w, https:\/\/kunmedierne.dk\/mors\/wp-content\/uploads\/2021\/06\/t08-300x27.jpg 300w, https:\/\/kunmedierne.dk\/mors\/wp-content\/uploads\/2021\/06\/t08-1024x91.jpg 1024w, https:\/\/kunmedierne.dk\/mors\/wp-content\/uploads\/2021\/06\/t08-768x69.jpg 768w, https:\/\/kunmedierne.dk\/mors\/wp-content\/uploads\/2021\/06\/t08-600x54.jpg 600w\" sizes=\"auto, (max-width: 1400px) 100vw, 1400px\" \/><\/a><\/p>\n<p>Ligeledes indg\u00e5r omr\u00e5der med s\u00e6rlige drikkevandsinteresser(OSD omr\u00e5der) i indsatsplanen. I disse omr\u00e5der l\u00e6gger bekendtg\u00f8relsen op til at der skal gennemf\u00f8res generelle indsatser, s\u00e5som: Pesticidkampagner overfor grundejere i de BNBO omr\u00e5der hvor der er bym\u00e6ssig bebyggelse, sk\u00e5nsom indvindingsstrategi, gennemgang af vandv\u00e6rkernes boringer, feks. tjek at ut\u00e6theder(dette g\u00f8r vores lokale vandv\u00e6rker allerede).<\/p>\n<p>Jette Jepsen skriver at \u201dder er vand der overskrider gr\u00e6nsev\u00e6rdien for at v\u00e6re sundhedsskadelig\u201d. Jeg er n\u00f8dt til at understrege at gr\u00e6nsev\u00e6rdierne i Danmark ikke er sundhedsm\u00e6ssigt fastlagt, de er politisk fastlagt, startende i de \u00e5r hvor Svend Auken var milj\u00f8minister.<img loading=\"lazy\" decoding=\"async\" class=\"alignleft size-full wp-image-46600\" src=\"https:\/\/kunmedierne.dk\/mors\/wp-content\/uploads\/2021\/06\/t09.jpg\" alt=\"\" width=\"1400\" height=\"125\" srcset=\"https:\/\/kunmedierne.dk\/mors\/wp-content\/uploads\/2021\/06\/t09.jpg 1400w, https:\/\/kunmedierne.dk\/mors\/wp-content\/uploads\/2021\/06\/t09-300x27.jpg 300w, https:\/\/kunmedierne.dk\/mors\/wp-content\/uploads\/2021\/06\/t09-1024x91.jpg 1024w, https:\/\/kunmedierne.dk\/mors\/wp-content\/uploads\/2021\/06\/t09-768x69.jpg 768w, https:\/\/kunmedierne.dk\/mors\/wp-content\/uploads\/2021\/06\/t09-600x54.jpg 600w\" sizes=\"auto, (max-width: 1400px) 100vw, 1400px\" \/><\/p>\n<p>Debatten om at \u201dnogen er for eller imod\u201d rent drikkevand er direkte misvisende. Jeg er ganske sikker p\u00e5 at alle er af den holdning at vores drikkevand skal v\u00e6re rent, s\u00e5 de n\u00e6ste generationer ikke beh\u00f8ver denne diskussion. Det er en opgave vi der er her nu, skal klare. Og det g\u00f8res ikke ved at nogle venstrefl\u00f8js politikere med j\u00e6vne mellemrum lufter deres harme over alt og alle. Det klares ved at alle, i dette tilf\u00e6lde vandv\u00e6rkerne, landbruget, industrien, grundejere, naturfredningsforening og kommuner, forbliver i arbejdst\u00f8jet og kommer med de l\u00f8sninger der er behov for. Og det er netop det jeg, og Mors\u00f8 Kommune, g\u00f8r.<\/p>\n<p>Og til slut vil jeg gentage at ingen p\u00e5 Mors beh\u00f8ver at v\u00e6re nerv\u00f8se for at drikke det vand de f\u00e5r fra deres lokale vandv\u00e6rk.<\/p>\n<hr \/>\n<p><em>Har du et bidrag til den lokale debat? Send det til os p\u00e5 e-mail: debat@kunmedierne.dk\/mors. Husk at l\u00e6se korrektur inden afsendelse p\u00e5 indl\u00e6gget.<\/em><\/p>\n<blockquote>\n<h4>Tilmeld dig vores nyhedsbrev nederst p\u00e5 siden og modtag KunMors som din daglige lokalavis. S\u00e5 deltager du samtidig i lodtr\u00e6kningen om udstyr fra\u00a0<a href=\"https:\/\/www.facebook.com\/jensen7950\" target=\"_blank\" rel=\"noopener\">Mobilhytten<\/a>\u00a0til 699 kroner. L\u00e6s\u00a0<a href=\"https:\/\/kunmedierne.dk\/mors\/vind-udstyr-fra-mobilhytten-for-699-kroner\/\" target=\"_blank\" rel=\"noopener\">her<\/a>\u00a0hvordan.<\/h4>\n<\/blockquote>\n","protected":false},"excerpt":{"rendered":"<p>Debatindl\u00e6g af Meiner N\u00f8rgaard, formand for Mors\u00f8 Kommunes udvalg for teknik og milj\u00f8 og kandidat for Dansk Folkeparti ved Kommunalvalg 2021. Der foreg\u00e5r en debat om drikkevandet\/grundvandet p\u00e5 Mors. Senest har det radikale kommunalbestyrelsesmedlem, Jette Jepsen, ytret sig. Jeg vil snarest fremkomme med et detaljeret skrivelse om fakta p\u00e5 omr\u00e5det og de indsatser kommunen laver. [&hellip;]<\/p>\n","protected":false},"author":11,"featured_media":17024,"comment_status":"open","ping_status":"open","sticky":false,"template":"","format":"standard","meta":{"_acf_changed":false,"footnotes":""},"categories":[56],"tags":[167],"class_list":["post-54086","post","type-post","status-publish","format-standard","has-post-thumbnail","hentry","category-debat","tag-politik"],"acf":[],"yoast_head":"<!-- This site is optimized with the Yoast SEO plugin v26.8 - https:\/\/yoast.com\/product\/yoast-seo-wordpress\/ -->\n<title>- Morsingboerne skal ikke v\u00e6re nerv\u00f8se for drikkevandet - Mors<\/title>\n<meta name=\"robots\" content=\"index, follow, max-snippet:-1, max-image-preview:large, max-video-preview:-1\" \/>\n<link rel=\"canonical\" href=\"https:\/\/kunmedierne.dk\/mors\/morsingboerne-skal-ikke-vaere-nervoese-for-drikkevandet\/\" \/>\n<meta property=\"og:locale\" content=\"da_DK\" \/>\n<meta property=\"og:type\" content=\"article\" \/>\n<meta property=\"og:title\" content=\"- Morsingboerne skal ikke v\u00e6re nerv\u00f8se for drikkevandet - Mors\" \/>\n<meta property=\"og:description\" content=\"Debatindl\u00e6g af Meiner N\u00f8rgaard, formand for Mors\u00f8 Kommunes udvalg for teknik og milj\u00f8 og kandidat for Dansk Folkeparti ved Kommunalvalg 2021. Der foreg\u00e5r en debat om drikkevandet\/grundvandet p\u00e5 Mors. Senest har det radikale kommunalbestyrelsesmedlem, Jette Jepsen, ytret sig. Jeg vil snarest fremkomme med et detaljeret skrivelse om fakta p\u00e5 omr\u00e5det og de indsatser kommunen laver. [&hellip;]\" \/>\n<meta property=\"og:url\" content=\"https:\/\/kunmedierne.dk\/mors\/morsingboerne-skal-ikke-vaere-nervoese-for-drikkevandet\/\" \/>\n<meta property=\"og:site_name\" content=\"Mors\" \/>\n<meta property=\"article:published_time\" content=\"2021-10-09T06:42:18+00:00\" \/>\n<meta property=\"article:modified_time\" content=\"2024-08-12T11:36:05+00:00\" \/>\n<meta property=\"og:image\" content=\"https:\/\/kunmedierne.dk\/mors\/wp-content\/uploads\/2020\/04\/200407-meiner-n\u00f8rgaard.jpg\" \/>\n\t<meta property=\"og:image:width\" content=\"770\" \/>\n\t<meta property=\"og:image:height\" content=\"513\" \/>\n\t<meta property=\"og:image:type\" content=\"image\/jpeg\" \/>\n<meta name=\"author\" content=\"Debat\" \/>\n<meta name=\"twitter:card\" content=\"summary_large_image\" \/>\n<meta name=\"twitter:label1\" content=\"Skrevet af\" \/>\n\t<meta name=\"twitter:data1\" content=\"Debat\" \/>\n\t<meta name=\"twitter:label2\" content=\"Estimeret l\u00e6setid\" \/>\n\t<meta name=\"twitter:data2\" content=\"4 minutter\" \/>\n<script type=\"application\/ld+json\" class=\"yoast-schema-graph\">{\"@context\":\"https:\/\/schema.org\",\"@graph\":[{\"@type\":\"Article\",\"@id\":\"https:\/\/kunmedierne.dk\/mors\/morsingboerne-skal-ikke-vaere-nervoese-for-drikkevandet\/#article\",\"isPartOf\":{\"@id\":\"https:\/\/kunmedierne.dk\/mors\/morsingboerne-skal-ikke-vaere-nervoese-for-drikkevandet\/\"},\"author\":{\"name\":\"Debat\",\"@id\":\"https:\/\/kunmedierne.dk\/mors\/#\/schema\/person\/84c1391bce0b43b9bb3a49736bc0ad78\"},\"headline\":\"&#8211; Morsingboerne skal ikke v\u00e6re nerv\u00f8se for drikkevandet\",\"datePublished\":\"2021-10-09T06:42:18+00:00\",\"dateModified\":\"2024-08-12T11:36:05+00:00\",\"mainEntityOfPage\":{\"@id\":\"https:\/\/kunmedierne.dk\/mors\/morsingboerne-skal-ikke-vaere-nervoese-for-drikkevandet\/\"},\"wordCount\":669,\"commentCount\":0,\"publisher\":{\"@id\":\"https:\/\/kunmedierne.dk\/mors\/#organization\"},\"image\":{\"@id\":\"https:\/\/kunmedierne.dk\/mors\/morsingboerne-skal-ikke-vaere-nervoese-for-drikkevandet\/#primaryimage\"},\"thumbnailUrl\":\"https:\/\/kunmedierne.dk\/mors\/wp-content\/uploads\/2020\/04\/200407-meiner-n\u00f8rgaard.jpg\",\"keywords\":[\"Politik\"],\"articleSection\":[\"Debat\"],\"inLanguage\":\"da-DK\",\"potentialAction\":[{\"@type\":\"CommentAction\",\"name\":\"Comment\",\"target\":[\"https:\/\/kunmedierne.dk\/mors\/morsingboerne-skal-ikke-vaere-nervoese-for-drikkevandet\/#respond\"]}]},{\"@type\":\"WebPage\",\"@id\":\"https:\/\/kunmedierne.dk\/mors\/morsingboerne-skal-ikke-vaere-nervoese-for-drikkevandet\/\",\"url\":\"https:\/\/kunmedierne.dk\/mors\/morsingboerne-skal-ikke-vaere-nervoese-for-drikkevandet\/\",\"name\":\"- Morsingboerne skal ikke v\u00e6re nerv\u00f8se for drikkevandet - Mors\",\"isPartOf\":{\"@id\":\"https:\/\/kunmedierne.dk\/mors\/#website\"},\"primaryImageOfPage\":{\"@id\":\"https:\/\/kunmedierne.dk\/mors\/morsingboerne-skal-ikke-vaere-nervoese-for-drikkevandet\/#primaryimage\"},\"image\":{\"@id\":\"https:\/\/kunmedierne.dk\/mors\/morsingboerne-skal-ikke-vaere-nervoese-for-drikkevandet\/#primaryimage\"},\"thumbnailUrl\":\"https:\/\/kunmedierne.dk\/mors\/wp-content\/uploads\/2020\/04\/200407-meiner-n\u00f8rgaard.jpg\",\"datePublished\":\"2021-10-09T06:42:18+00:00\",\"dateModified\":\"2024-08-12T11:36:05+00:00\",\"breadcrumb\":{\"@id\":\"https:\/\/kunmedierne.dk\/mors\/morsingboerne-skal-ikke-vaere-nervoese-for-drikkevandet\/#breadcrumb\"},\"inLanguage\":\"da-DK\",\"potentialAction\":[{\"@type\":\"ReadAction\",\"target\":[\"https:\/\/kunmedierne.dk\/mors\/morsingboerne-skal-ikke-vaere-nervoese-for-drikkevandet\/\"]}]},{\"@type\":\"ImageObject\",\"inLanguage\":\"da-DK\",\"@id\":\"https:\/\/kunmedierne.dk\/mors\/morsingboerne-skal-ikke-vaere-nervoese-for-drikkevandet\/#primaryimage\",\"url\":\"https:\/\/kunmedierne.dk\/mors\/wp-content\/uploads\/2020\/04\/200407-meiner-n\u00f8rgaard.jpg\",\"contentUrl\":\"https:\/\/kunmedierne.dk\/mors\/wp-content\/uploads\/2020\/04\/200407-meiner-n\u00f8rgaard.jpg\",\"width\":770,\"height\":513,\"caption\":\"Meiner N\u00f8rgaard (DF). Foto: Per Bech\/Mors\u00f8 Kommune.\"},{\"@type\":\"BreadcrumbList\",\"@id\":\"https:\/\/kunmedierne.dk\/mors\/morsingboerne-skal-ikke-vaere-nervoese-for-drikkevandet\/#breadcrumb\",\"itemListElement\":[{\"@type\":\"ListItem\",\"position\":1,\"name\":\"Hjem\",\"item\":\"https:\/\/kunmedierne.dk\/mors\/\"},{\"@type\":\"ListItem\",\"position\":2,\"name\":\"&#8211; Morsingboerne skal ikke v\u00e6re nerv\u00f8se for drikkevandet\"}]},{\"@type\":\"WebSite\",\"@id\":\"https:\/\/kunmedierne.dk\/mors\/#website\",\"url\":\"https:\/\/kunmedierne.dk\/mors\/\",\"name\":\"Mors\",\"description\":\"et netmedie med journalistik om livet p\u00e5 Mors\",\"publisher\":{\"@id\":\"https:\/\/kunmedierne.dk\/mors\/#organization\"},\"potentialAction\":[{\"@type\":\"SearchAction\",\"target\":{\"@type\":\"EntryPoint\",\"urlTemplate\":\"https:\/\/kunmedierne.dk\/mors\/?s={search_term_string}\"},\"query-input\":{\"@type\":\"PropertyValueSpecification\",\"valueRequired\":true,\"valueName\":\"search_term_string\"}}],\"inLanguage\":\"da-DK\"},{\"@type\":\"Organization\",\"@id\":\"https:\/\/kunmedierne.dk\/mors\/#organization\",\"name\":\"Mors\",\"url\":\"https:\/\/kunmedierne.dk\/mors\/\",\"logo\":{\"@type\":\"ImageObject\",\"inLanguage\":\"da-DK\",\"@id\":\"https:\/\/kunmedierne.dk\/mors\/#\/schema\/logo\/image\/\",\"url\":\"https:\/\/kunmedierne.dk\/mors\/wp-content\/uploads\/2024\/08\/kunmors-logo.svg\",\"contentUrl\":\"https:\/\/kunmedierne.dk\/mors\/wp-content\/uploads\/2024\/08\/kunmors-logo.svg\",\"caption\":\"Mors\"},\"image\":{\"@id\":\"https:\/\/kunmedierne.dk\/mors\/#\/schema\/logo\/image\/\"}},{\"@type\":\"Person\",\"@id\":\"https:\/\/kunmedierne.dk\/mors\/#\/schema\/person\/84c1391bce0b43b9bb3a49736bc0ad78\",\"name\":\"Debat\",\"image\":{\"@type\":\"ImageObject\",\"inLanguage\":\"da-DK\",\"@id\":\"https:\/\/kunmedierne.dk\/mors\/#\/schema\/person\/image\/\",\"url\":\"https:\/\/secure.gravatar.com\/avatar\/b0fb2e221d618f7c65162ab0d49c7e8a0b580c871ca03af90e42b47b4150654c?s=96&d=mm&r=g\",\"contentUrl\":\"https:\/\/secure.gravatar.com\/avatar\/b0fb2e221d618f7c65162ab0d49c7e8a0b580c871ca03af90e42b47b4150654c?s=96&d=mm&r=g\",\"caption\":\"Debat\"},\"url\":\"https:\/\/kunmedierne.dk\/mors\/author\/debat\/\"}]}<\/script>\n<!-- \/ Yoast SEO plugin. -->","yoast_head_json":{"title":"- Morsingboerne skal ikke v\u00e6re nerv\u00f8se for drikkevandet - Mors","robots":{"index":"index","follow":"follow","max-snippet":"max-snippet:-1","max-image-preview":"max-image-preview:large","max-video-preview":"max-video-preview:-1"},"canonical":"https:\/\/kunmedierne.dk\/mors\/morsingboerne-skal-ikke-vaere-nervoese-for-drikkevandet\/","og_locale":"da_DK","og_type":"article","og_title":"- Morsingboerne skal ikke v\u00e6re nerv\u00f8se for drikkevandet - Mors","og_description":"Debatindl\u00e6g af Meiner N\u00f8rgaard, formand for Mors\u00f8 Kommunes udvalg for teknik og milj\u00f8 og kandidat for Dansk Folkeparti ved Kommunalvalg 2021. Der foreg\u00e5r en debat om drikkevandet\/grundvandet p\u00e5 Mors. Senest har det radikale kommunalbestyrelsesmedlem, Jette Jepsen, ytret sig. Jeg vil snarest fremkomme med et detaljeret skrivelse om fakta p\u00e5 omr\u00e5det og de indsatser kommunen laver. [&hellip;]","og_url":"https:\/\/kunmedierne.dk\/mors\/morsingboerne-skal-ikke-vaere-nervoese-for-drikkevandet\/","og_site_name":"Mors","article_published_time":"2021-10-09T06:42:18+00:00","article_modified_time":"2024-08-12T11:36:05+00:00","og_image":[{"width":770,"height":513,"url":"https:\/\/kunmedierne.dk\/mors\/wp-content\/uploads\/2020\/04\/200407-meiner-n\u00f8rgaard.jpg","type":"image\/jpeg"}],"author":"Debat","twitter_card":"summary_large_image","twitter_misc":{"Skrevet af":"Debat","Estimeret l\u00e6setid":"4 minutter"},"schema":{"@context":"https:\/\/schema.org","@graph":[{"@type":"Article","@id":"https:\/\/kunmedierne.dk\/mors\/morsingboerne-skal-ikke-vaere-nervoese-for-drikkevandet\/#article","isPartOf":{"@id":"https:\/\/kunmedierne.dk\/mors\/morsingboerne-skal-ikke-vaere-nervoese-for-drikkevandet\/"},"author":{"name":"Debat","@id":"https:\/\/kunmedierne.dk\/mors\/#\/schema\/person\/84c1391bce0b43b9bb3a49736bc0ad78"},"headline":"&#8211; Morsingboerne skal ikke v\u00e6re nerv\u00f8se for drikkevandet","datePublished":"2021-10-09T06:42:18+00:00","dateModified":"2024-08-12T11:36:05+00:00","mainEntityOfPage":{"@id":"https:\/\/kunmedierne.dk\/mors\/morsingboerne-skal-ikke-vaere-nervoese-for-drikkevandet\/"},"wordCount":669,"commentCount":0,"publisher":{"@id":"https:\/\/kunmedierne.dk\/mors\/#organization"},"image":{"@id":"https:\/\/kunmedierne.dk\/mors\/morsingboerne-skal-ikke-vaere-nervoese-for-drikkevandet\/#primaryimage"},"thumbnailUrl":"https:\/\/kunmedierne.dk\/mors\/wp-content\/uploads\/2020\/04\/200407-meiner-n\u00f8rgaard.jpg","keywords":["Politik"],"articleSection":["Debat"],"inLanguage":"da-DK","potentialAction":[{"@type":"CommentAction","name":"Comment","target":["https:\/\/kunmedierne.dk\/mors\/morsingboerne-skal-ikke-vaere-nervoese-for-drikkevandet\/#respond"]}]},{"@type":"WebPage","@id":"https:\/\/kunmedierne.dk\/mors\/morsingboerne-skal-ikke-vaere-nervoese-for-drikkevandet\/","url":"https:\/\/kunmedierne.dk\/mors\/morsingboerne-skal-ikke-vaere-nervoese-for-drikkevandet\/","name":"- Morsingboerne skal ikke v\u00e6re nerv\u00f8se for drikkevandet - Mors","isPartOf":{"@id":"https:\/\/kunmedierne.dk\/mors\/#website"},"primaryImageOfPage":{"@id":"https:\/\/kunmedierne.dk\/mors\/morsingboerne-skal-ikke-vaere-nervoese-for-drikkevandet\/#primaryimage"},"image":{"@id":"https:\/\/kunmedierne.dk\/mors\/morsingboerne-skal-ikke-vaere-nervoese-for-drikkevandet\/#primaryimage"},"thumbnailUrl":"https:\/\/kunmedierne.dk\/mors\/wp-content\/uploads\/2020\/04\/200407-meiner-n\u00f8rgaard.jpg","datePublished":"2021-10-09T06:42:18+00:00","dateModified":"2024-08-12T11:36:05+00:00","breadcrumb":{"@id":"https:\/\/kunmedierne.dk\/mors\/morsingboerne-skal-ikke-vaere-nervoese-for-drikkevandet\/#breadcrumb"},"inLanguage":"da-DK","potentialAction":[{"@type":"ReadAction","target":["https:\/\/kunmedierne.dk\/mors\/morsingboerne-skal-ikke-vaere-nervoese-for-drikkevandet\/"]}]},{"@type":"ImageObject","inLanguage":"da-DK","@id":"https:\/\/kunmedierne.dk\/mors\/morsingboerne-skal-ikke-vaere-nervoese-for-drikkevandet\/#primaryimage","url":"https:\/\/kunmedierne.dk\/mors\/wp-content\/uploads\/2020\/04\/200407-meiner-n\u00f8rgaard.jpg","contentUrl":"https:\/\/kunmedierne.dk\/mors\/wp-content\/uploads\/2020\/04\/200407-meiner-n\u00f8rgaard.jpg","width":770,"height":513,"caption":"Meiner N\u00f8rgaard (DF). Foto: Per Bech\/Mors\u00f8 Kommune."},{"@type":"BreadcrumbList","@id":"https:\/\/kunmedierne.dk\/mors\/morsingboerne-skal-ikke-vaere-nervoese-for-drikkevandet\/#breadcrumb","itemListElement":[{"@type":"ListItem","position":1,"name":"Hjem","item":"https:\/\/kunmedierne.dk\/mors\/"},{"@type":"ListItem","position":2,"name":"&#8211; Morsingboerne skal ikke v\u00e6re nerv\u00f8se for drikkevandet"}]},{"@type":"WebSite","@id":"https:\/\/kunmedierne.dk\/mors\/#website","url":"https:\/\/kunmedierne.dk\/mors\/","name":"Mors","description":"et netmedie med journalistik om livet p\u00e5 Mors","publisher":{"@id":"https:\/\/kunmedierne.dk\/mors\/#organization"},"potentialAction":[{"@type":"SearchAction","target":{"@type":"EntryPoint","urlTemplate":"https:\/\/kunmedierne.dk\/mors\/?s={search_term_string}"},"query-input":{"@type":"PropertyValueSpecification","valueRequired":true,"valueName":"search_term_string"}}],"inLanguage":"da-DK"},{"@type":"Organization","@id":"https:\/\/kunmedierne.dk\/mors\/#organization","name":"Mors","url":"https:\/\/kunmedierne.dk\/mors\/","logo":{"@type":"ImageObject","inLanguage":"da-DK","@id":"https:\/\/kunmedierne.dk\/mors\/#\/schema\/logo\/image\/","url":"https:\/\/kunmedierne.dk\/mors\/wp-content\/uploads\/2024\/08\/kunmors-logo.svg","contentUrl":"https:\/\/kunmedierne.dk\/mors\/wp-content\/uploads\/2024\/08\/kunmors-logo.svg","caption":"Mors"},"image":{"@id":"https:\/\/kunmedierne.dk\/mors\/#\/schema\/logo\/image\/"}},{"@type":"Person","@id":"https:\/\/kunmedierne.dk\/mors\/#\/schema\/person\/84c1391bce0b43b9bb3a49736bc0ad78","name":"Debat","image":{"@type":"ImageObject","inLanguage":"da-DK","@id":"https:\/\/kunmedierne.dk\/mors\/#\/schema\/person\/image\/","url":"https:\/\/secure.gravatar.com\/avatar\/b0fb2e221d618f7c65162ab0d49c7e8a0b580c871ca03af90e42b47b4150654c?s=96&d=mm&r=g","contentUrl":"https:\/\/secure.gravatar.com\/avatar\/b0fb2e221d618f7c65162ab0d49c7e8a0b580c871ca03af90e42b47b4150654c?s=96&d=mm&r=g","caption":"Debat"},"url":"https:\/\/kunmedierne.dk\/mors\/author\/debat\/"}]}},"_links":{"self":[{"href":"https:\/\/kunmedierne.dk\/mors\/wp-json\/wp\/v2\/posts\/54086","targetHints":{"allow":["GET"]}}],"collection":[{"href":"https:\/\/kunmedierne.dk\/mors\/wp-json\/wp\/v2\/posts"}],"about":[{"href":"https:\/\/kunmedierne.dk\/mors\/wp-json\/wp\/v2\/types\/post"}],"author":[{"embeddable":true,"href":"https:\/\/kunmedierne.dk\/mors\/wp-json\/wp\/v2\/users\/11"}],"replies":[{"embeddable":true,"href":"https:\/\/kunmedierne.dk\/mors\/wp-json\/wp\/v2\/comments?post=54086"}],"version-history":[{"count":1,"href":"https:\/\/kunmedierne.dk\/mors\/wp-json\/wp\/v2\/posts\/54086\/revisions"}],"predecessor-version":[{"id":54089,"href":"https:\/\/kunmedierne.dk\/mors\/wp-json\/wp\/v2\/posts\/54086\/revisions\/54089"}],"wp:featuredmedia":[{"embeddable":true,"href":"https:\/\/kunmedierne.dk\/mors\/wp-json\/wp\/v2\/media\/17024"}],"wp:attachment":[{"href":"https:\/\/kunmedierne.dk\/mors\/wp-json\/wp\/v2\/media?parent=54086"}],"wp:term":[{"taxonomy":"category","embeddable":true,"href":"https:\/\/kunmedierne.dk\/mors\/wp-json\/wp\/v2\/categories?post=54086"},{"taxonomy":"post_tag","embeddable":true,"href":"https:\/\/kunmedierne.dk\/mors\/wp-json\/wp\/v2\/tags?post=54086"}],"curies":[{"name":"wp","href":"https:\/\/api.w.org\/{rel}","templated":true}]}}