{"id":54046,"date":"2021-10-08T16:06:27","date_gmt":"2021-10-08T14:06:27","guid":{"rendered":"https:\/\/kunmedierne.dk\/mors\/?p=54046"},"modified":"2024-08-12T13:36:05","modified_gmt":"2024-08-12T11:36:05","slug":"de-konservative-oensker-ikke-boliger-paa-oerodde","status":"publish","type":"post","link":"https:\/\/kunmedierne.dk\/mors\/de-konservative-oensker-ikke-boliger-paa-oerodde\/","title":{"rendered":"De konservative \u00f8nsker ikke boliger p\u00e5 \u00d8rodde"},"content":{"rendered":"<p><em>Debatindl\u00e6g fra Henrik Markm\u00f8ller Bro, kandidat for De Konservative ved Kommunalvalg 2021:<\/em><\/p>\n<hr \/>\n<p><strong>MORS<\/strong>:\u00a0Kort og godt &#8211; de konservative mener ikke. at der skal bygges boliger eller mere industri p\u00e5 \u00d8rodde. Det er jeg overbevist om, at de fleste v\u00e6lgere ogs\u00e5 mener.<\/p>\n<p>Det kan godt virke lidt sogner\u00e5dspolitisk, at en plet i Nyk\u00f8bing f\u00e5r en del plads i valgkampen. Jeg mener dog, at det er en vigtig \u201dplet\u201d ikke kun for dem, der bor i Nyk\u00f8bing, men ogs\u00e5 for hele \u00f8en. \u00d8rodde er et vigtigt omr\u00e5de med masser af muligheder, som kan tiltr\u00e6kke turister og v\u00e6re rekreativt for hele \u00f8en. <a href=\"https:\/\/www.sparv.dk\/\"><img loading=\"lazy\" decoding=\"async\" class=\"alignleft size-full wp-image-46602\" src=\"https:\/\/kunmedierne.dk\/mors\/wp-content\/uploads\/2021\/06\/t11.jpg\" alt=\"\" width=\"1400\" height=\"125\" srcset=\"https:\/\/kunmedierne.dk\/mors\/wp-content\/uploads\/2021\/06\/t11.jpg 1400w, https:\/\/kunmedierne.dk\/mors\/wp-content\/uploads\/2021\/06\/t11-300x27.jpg 300w, https:\/\/kunmedierne.dk\/mors\/wp-content\/uploads\/2021\/06\/t11-1024x91.jpg 1024w, https:\/\/kunmedierne.dk\/mors\/wp-content\/uploads\/2021\/06\/t11-768x69.jpg 768w, https:\/\/kunmedierne.dk\/mors\/wp-content\/uploads\/2021\/06\/t11-600x54.jpg 600w\" sizes=\"auto, (max-width: 1400px) 100vw, 1400px\" \/><\/a><\/p>\n<p>Eksempler p\u00e5 muligheder kunne v\u00e6re forskellige former for beplantning b\u00e5de p\u00e5 Kvajborgs eng\/mark, s\u00e5 der blev skabt nogle \u201drum\u201d. Samtidig bevares nogle stor \u00e5bne pladser til boldspil og andet, der kan laves sm\u00e5 \u201dscener\u201d eller m\u00e5ske en stor til musikevents osv. Det vigtigste er, at det bevares GR\u00d8NT.<\/p>\n<p>Campingpladsen kunne ogs\u00e5 udvides p\u00e5 den <u>nuv\u00e6rende<\/u> placering for at skabe flere pladser. For at g\u00f8re omr\u00e5det mere roligt, her t\u00e6nker jeg for at undg\u00e5 racerk\u00f8rsel, kunne for eksempel Langelinie laves til cykel-og gangsti fra Porsvej til Stadion All\u00e9. Dermed vil der ogs\u00e5 v\u00e6re \u00e5ben fra campingpladsen direkte ned til Limfjorden. \u00d8roddevej kunne g\u00f8res til cykel- og gangsti fra Strandvejen til Vandrehjemmet\u2026 Der er mange muligheder.<a href=\"https:\/\/thistedkloakservice.dk\/\"><img loading=\"lazy\" decoding=\"async\" class=\"alignleft size-full wp-image-46603\" src=\"https:\/\/kunmedierne.dk\/mors\/wp-content\/uploads\/2021\/06\/t12.jpg\" alt=\"\" width=\"1400\" height=\"125\" srcset=\"https:\/\/kunmedierne.dk\/mors\/wp-content\/uploads\/2021\/06\/t12.jpg 1400w, https:\/\/kunmedierne.dk\/mors\/wp-content\/uploads\/2021\/06\/t12-300x27.jpg 300w, https:\/\/kunmedierne.dk\/mors\/wp-content\/uploads\/2021\/06\/t12-1024x91.jpg 1024w, https:\/\/kunmedierne.dk\/mors\/wp-content\/uploads\/2021\/06\/t12-768x69.jpg 768w, https:\/\/kunmedierne.dk\/mors\/wp-content\/uploads\/2021\/06\/t12-600x54.jpg 600w\" sizes=\"auto, (max-width: 1400px) 100vw, 1400px\" \/><\/a><\/p>\n<p>Det vigtigste er nu, at der bliver lavet en plan, hvor der tages hensyn til det GR\u00d8NNE \u00d8rodde. Det er afg\u00f8rende, at morsingboerne inddrages i denne plan.\u00a0 De Konservative vil arbejde for, at det kommer til at ske i den kommende valgperiode.<\/p>\n<hr \/>\n<p><em>Har du et bidrag til den lokale debat? Send det til os p\u00e5 e-mail: debat@kunmedierne.dk\/mors. Husk at l\u00e6se korrektur inden afsendelse p\u00e5 indl\u00e6gget.<\/em><\/p>\n<blockquote>\n<h4>Tilmeld dig vores nyhedsbrev nederst p\u00e5 siden og modtag KunMors som din daglige lokalavis. S\u00e5 deltager du samtidig i lodtr\u00e6kningen om udstyr fra <a href=\"https:\/\/www.facebook.com\/jensen7950\" target=\"_blank\" rel=\"noopener\">Mobilhytten<\/a>\u00a0til 699 kroner. L\u00e6s\u00a0<a href=\"https:\/\/kunmedierne.dk\/mors\/vind-udstyr-fra-mobilhytten-for-699-kroner\/\" target=\"_blank\" rel=\"noopener\">her<\/a>\u00a0hvordan.<\/h4>\n<\/blockquote>\n","protected":false},"excerpt":{"rendered":"<p>Debatindl\u00e6g fra Henrik Markm\u00f8ller Bro, kandidat for De Konservative ved Kommunalvalg 2021: MORS:\u00a0Kort og godt &#8211; de konservative mener ikke. at der skal bygges boliger eller mere industri p\u00e5 \u00d8rodde. Det er jeg overbevist om, at de fleste v\u00e6lgere ogs\u00e5 mener. Det kan godt virke lidt sogner\u00e5dspolitisk, at en plet i Nyk\u00f8bing f\u00e5r en del [&hellip;]<\/p>\n","protected":false},"author":11,"featured_media":54047,"comment_status":"open","ping_status":"open","sticky":false,"template":"","format":"standard","meta":{"_acf_changed":false,"footnotes":""},"categories":[56],"tags":[167],"class_list":["post-54046","post","type-post","status-publish","format-standard","has-post-thumbnail","hentry","category-debat","tag-politik"],"acf":[],"yoast_head":"<!-- This site is optimized with the Yoast SEO plugin v26.8 - https:\/\/yoast.com\/product\/yoast-seo-wordpress\/ -->\n<title>De konservative \u00f8nsker ikke boliger p\u00e5 \u00d8rodde - Mors<\/title>\n<meta name=\"robots\" content=\"index, follow, max-snippet:-1, max-image-preview:large, max-video-preview:-1\" \/>\n<link rel=\"canonical\" href=\"https:\/\/kunmedierne.dk\/mors\/de-konservative-oensker-ikke-boliger-paa-oerodde\/\" \/>\n<meta property=\"og:locale\" content=\"da_DK\" \/>\n<meta property=\"og:type\" content=\"article\" \/>\n<meta property=\"og:title\" content=\"De konservative \u00f8nsker ikke boliger p\u00e5 \u00d8rodde - Mors\" \/>\n<meta property=\"og:description\" content=\"Debatindl\u00e6g fra Henrik Markm\u00f8ller Bro, kandidat for De Konservative ved Kommunalvalg 2021: MORS:\u00a0Kort og godt &#8211; de konservative mener ikke. at der skal bygges boliger eller mere industri p\u00e5 \u00d8rodde. Det er jeg overbevist om, at de fleste v\u00e6lgere ogs\u00e5 mener. Det kan godt virke lidt sogner\u00e5dspolitisk, at en plet i Nyk\u00f8bing f\u00e5r en del [&hellip;]\" \/>\n<meta property=\"og:url\" content=\"https:\/\/kunmedierne.dk\/mors\/de-konservative-oensker-ikke-boliger-paa-oerodde\/\" \/>\n<meta property=\"og:site_name\" content=\"Mors\" \/>\n<meta property=\"article:published_time\" content=\"2021-10-08T14:06:27+00:00\" \/>\n<meta property=\"article:modified_time\" content=\"2024-08-12T11:36:05+00:00\" \/>\n<meta property=\"og:image\" content=\"https:\/\/kunmedierne.dk\/mors\/wp-content\/uploads\/2021\/10\/henrik-markmoeller-bro.jpg\" \/>\n\t<meta property=\"og:image:width\" content=\"770\" \/>\n\t<meta property=\"og:image:height\" content=\"513\" \/>\n\t<meta property=\"og:image:type\" content=\"image\/jpeg\" \/>\n<meta name=\"author\" content=\"Debat\" \/>\n<meta name=\"twitter:card\" content=\"summary_large_image\" \/>\n<meta name=\"twitter:label1\" content=\"Skrevet af\" \/>\n\t<meta name=\"twitter:data1\" content=\"Debat\" \/>\n\t<meta name=\"twitter:label2\" content=\"Estimeret l\u00e6setid\" \/>\n\t<meta name=\"twitter:data2\" content=\"2 minutter\" \/>\n<script type=\"application\/ld+json\" class=\"yoast-schema-graph\">{\"@context\":\"https:\/\/schema.org\",\"@graph\":[{\"@type\":\"Article\",\"@id\":\"https:\/\/kunmedierne.dk\/mors\/de-konservative-oensker-ikke-boliger-paa-oerodde\/#article\",\"isPartOf\":{\"@id\":\"https:\/\/kunmedierne.dk\/mors\/de-konservative-oensker-ikke-boliger-paa-oerodde\/\"},\"author\":{\"name\":\"Debat\",\"@id\":\"https:\/\/kunmedierne.dk\/mors\/#\/schema\/person\/84c1391bce0b43b9bb3a49736bc0ad78\"},\"headline\":\"De konservative \u00f8nsker ikke boliger p\u00e5 \u00d8rodde\",\"datePublished\":\"2021-10-08T14:06:27+00:00\",\"dateModified\":\"2024-08-12T11:36:05+00:00\",\"mainEntityOfPage\":{\"@id\":\"https:\/\/kunmedierne.dk\/mors\/de-konservative-oensker-ikke-boliger-paa-oerodde\/\"},\"wordCount\":345,\"commentCount\":0,\"publisher\":{\"@id\":\"https:\/\/kunmedierne.dk\/mors\/#organization\"},\"image\":{\"@id\":\"https:\/\/kunmedierne.dk\/mors\/de-konservative-oensker-ikke-boliger-paa-oerodde\/#primaryimage\"},\"thumbnailUrl\":\"https:\/\/kunmedierne.dk\/mors\/wp-content\/uploads\/2021\/10\/henrik-markmoeller-bro.jpg\",\"keywords\":[\"Politik\"],\"articleSection\":[\"Debat\"],\"inLanguage\":\"da-DK\",\"potentialAction\":[{\"@type\":\"CommentAction\",\"name\":\"Comment\",\"target\":[\"https:\/\/kunmedierne.dk\/mors\/de-konservative-oensker-ikke-boliger-paa-oerodde\/#respond\"]}]},{\"@type\":\"WebPage\",\"@id\":\"https:\/\/kunmedierne.dk\/mors\/de-konservative-oensker-ikke-boliger-paa-oerodde\/\",\"url\":\"https:\/\/kunmedierne.dk\/mors\/de-konservative-oensker-ikke-boliger-paa-oerodde\/\",\"name\":\"De konservative \u00f8nsker ikke boliger p\u00e5 \u00d8rodde - Mors\",\"isPartOf\":{\"@id\":\"https:\/\/kunmedierne.dk\/mors\/#website\"},\"primaryImageOfPage\":{\"@id\":\"https:\/\/kunmedierne.dk\/mors\/de-konservative-oensker-ikke-boliger-paa-oerodde\/#primaryimage\"},\"image\":{\"@id\":\"https:\/\/kunmedierne.dk\/mors\/de-konservative-oensker-ikke-boliger-paa-oerodde\/#primaryimage\"},\"thumbnailUrl\":\"https:\/\/kunmedierne.dk\/mors\/wp-content\/uploads\/2021\/10\/henrik-markmoeller-bro.jpg\",\"datePublished\":\"2021-10-08T14:06:27+00:00\",\"dateModified\":\"2024-08-12T11:36:05+00:00\",\"breadcrumb\":{\"@id\":\"https:\/\/kunmedierne.dk\/mors\/de-konservative-oensker-ikke-boliger-paa-oerodde\/#breadcrumb\"},\"inLanguage\":\"da-DK\",\"potentialAction\":[{\"@type\":\"ReadAction\",\"target\":[\"https:\/\/kunmedierne.dk\/mors\/de-konservative-oensker-ikke-boliger-paa-oerodde\/\"]}]},{\"@type\":\"ImageObject\",\"inLanguage\":\"da-DK\",\"@id\":\"https:\/\/kunmedierne.dk\/mors\/de-konservative-oensker-ikke-boliger-paa-oerodde\/#primaryimage\",\"url\":\"https:\/\/kunmedierne.dk\/mors\/wp-content\/uploads\/2021\/10\/henrik-markmoeller-bro.jpg\",\"contentUrl\":\"https:\/\/kunmedierne.dk\/mors\/wp-content\/uploads\/2021\/10\/henrik-markmoeller-bro.jpg\",\"width\":770,\"height\":513,\"caption\":\"Henrik Markm\u00f8ller Bro, kandidat for De Konservative ved Kommunalvalg 2021.\"},{\"@type\":\"BreadcrumbList\",\"@id\":\"https:\/\/kunmedierne.dk\/mors\/de-konservative-oensker-ikke-boliger-paa-oerodde\/#breadcrumb\",\"itemListElement\":[{\"@type\":\"ListItem\",\"position\":1,\"name\":\"Hjem\",\"item\":\"https:\/\/kunmedierne.dk\/mors\/\"},{\"@type\":\"ListItem\",\"position\":2,\"name\":\"De konservative \u00f8nsker ikke boliger p\u00e5 \u00d8rodde\"}]},{\"@type\":\"WebSite\",\"@id\":\"https:\/\/kunmedierne.dk\/mors\/#website\",\"url\":\"https:\/\/kunmedierne.dk\/mors\/\",\"name\":\"Mors\",\"description\":\"et netmedie med journalistik om livet p\u00e5 Mors\",\"publisher\":{\"@id\":\"https:\/\/kunmedierne.dk\/mors\/#organization\"},\"potentialAction\":[{\"@type\":\"SearchAction\",\"target\":{\"@type\":\"EntryPoint\",\"urlTemplate\":\"https:\/\/kunmedierne.dk\/mors\/?s={search_term_string}\"},\"query-input\":{\"@type\":\"PropertyValueSpecification\",\"valueRequired\":true,\"valueName\":\"search_term_string\"}}],\"inLanguage\":\"da-DK\"},{\"@type\":\"Organization\",\"@id\":\"https:\/\/kunmedierne.dk\/mors\/#organization\",\"name\":\"Mors\",\"url\":\"https:\/\/kunmedierne.dk\/mors\/\",\"logo\":{\"@type\":\"ImageObject\",\"inLanguage\":\"da-DK\",\"@id\":\"https:\/\/kunmedierne.dk\/mors\/#\/schema\/logo\/image\/\",\"url\":\"https:\/\/kunmedierne.dk\/mors\/wp-content\/uploads\/2024\/08\/kunmors-logo.svg\",\"contentUrl\":\"https:\/\/kunmedierne.dk\/mors\/wp-content\/uploads\/2024\/08\/kunmors-logo.svg\",\"caption\":\"Mors\"},\"image\":{\"@id\":\"https:\/\/kunmedierne.dk\/mors\/#\/schema\/logo\/image\/\"}},{\"@type\":\"Person\",\"@id\":\"https:\/\/kunmedierne.dk\/mors\/#\/schema\/person\/84c1391bce0b43b9bb3a49736bc0ad78\",\"name\":\"Debat\",\"image\":{\"@type\":\"ImageObject\",\"inLanguage\":\"da-DK\",\"@id\":\"https:\/\/kunmedierne.dk\/mors\/#\/schema\/person\/image\/\",\"url\":\"https:\/\/secure.gravatar.com\/avatar\/b0fb2e221d618f7c65162ab0d49c7e8a0b580c871ca03af90e42b47b4150654c?s=96&d=mm&r=g\",\"contentUrl\":\"https:\/\/secure.gravatar.com\/avatar\/b0fb2e221d618f7c65162ab0d49c7e8a0b580c871ca03af90e42b47b4150654c?s=96&d=mm&r=g\",\"caption\":\"Debat\"},\"url\":\"https:\/\/kunmedierne.dk\/mors\/author\/debat\/\"}]}<\/script>\n<!-- \/ Yoast SEO plugin. -->","yoast_head_json":{"title":"De konservative \u00f8nsker ikke boliger p\u00e5 \u00d8rodde - Mors","robots":{"index":"index","follow":"follow","max-snippet":"max-snippet:-1","max-image-preview":"max-image-preview:large","max-video-preview":"max-video-preview:-1"},"canonical":"https:\/\/kunmedierne.dk\/mors\/de-konservative-oensker-ikke-boliger-paa-oerodde\/","og_locale":"da_DK","og_type":"article","og_title":"De konservative \u00f8nsker ikke boliger p\u00e5 \u00d8rodde - Mors","og_description":"Debatindl\u00e6g fra Henrik Markm\u00f8ller Bro, kandidat for De Konservative ved Kommunalvalg 2021: MORS:\u00a0Kort og godt &#8211; de konservative mener ikke. at der skal bygges boliger eller mere industri p\u00e5 \u00d8rodde. Det er jeg overbevist om, at de fleste v\u00e6lgere ogs\u00e5 mener. Det kan godt virke lidt sogner\u00e5dspolitisk, at en plet i Nyk\u00f8bing f\u00e5r en del [&hellip;]","og_url":"https:\/\/kunmedierne.dk\/mors\/de-konservative-oensker-ikke-boliger-paa-oerodde\/","og_site_name":"Mors","article_published_time":"2021-10-08T14:06:27+00:00","article_modified_time":"2024-08-12T11:36:05+00:00","og_image":[{"width":770,"height":513,"url":"https:\/\/kunmedierne.dk\/mors\/wp-content\/uploads\/2021\/10\/henrik-markmoeller-bro.jpg","type":"image\/jpeg"}],"author":"Debat","twitter_card":"summary_large_image","twitter_misc":{"Skrevet af":"Debat","Estimeret l\u00e6setid":"2 minutter"},"schema":{"@context":"https:\/\/schema.org","@graph":[{"@type":"Article","@id":"https:\/\/kunmedierne.dk\/mors\/de-konservative-oensker-ikke-boliger-paa-oerodde\/#article","isPartOf":{"@id":"https:\/\/kunmedierne.dk\/mors\/de-konservative-oensker-ikke-boliger-paa-oerodde\/"},"author":{"name":"Debat","@id":"https:\/\/kunmedierne.dk\/mors\/#\/schema\/person\/84c1391bce0b43b9bb3a49736bc0ad78"},"headline":"De konservative \u00f8nsker ikke boliger p\u00e5 \u00d8rodde","datePublished":"2021-10-08T14:06:27+00:00","dateModified":"2024-08-12T11:36:05+00:00","mainEntityOfPage":{"@id":"https:\/\/kunmedierne.dk\/mors\/de-konservative-oensker-ikke-boliger-paa-oerodde\/"},"wordCount":345,"commentCount":0,"publisher":{"@id":"https:\/\/kunmedierne.dk\/mors\/#organization"},"image":{"@id":"https:\/\/kunmedierne.dk\/mors\/de-konservative-oensker-ikke-boliger-paa-oerodde\/#primaryimage"},"thumbnailUrl":"https:\/\/kunmedierne.dk\/mors\/wp-content\/uploads\/2021\/10\/henrik-markmoeller-bro.jpg","keywords":["Politik"],"articleSection":["Debat"],"inLanguage":"da-DK","potentialAction":[{"@type":"CommentAction","name":"Comment","target":["https:\/\/kunmedierne.dk\/mors\/de-konservative-oensker-ikke-boliger-paa-oerodde\/#respond"]}]},{"@type":"WebPage","@id":"https:\/\/kunmedierne.dk\/mors\/de-konservative-oensker-ikke-boliger-paa-oerodde\/","url":"https:\/\/kunmedierne.dk\/mors\/de-konservative-oensker-ikke-boliger-paa-oerodde\/","name":"De konservative \u00f8nsker ikke boliger p\u00e5 \u00d8rodde - Mors","isPartOf":{"@id":"https:\/\/kunmedierne.dk\/mors\/#website"},"primaryImageOfPage":{"@id":"https:\/\/kunmedierne.dk\/mors\/de-konservative-oensker-ikke-boliger-paa-oerodde\/#primaryimage"},"image":{"@id":"https:\/\/kunmedierne.dk\/mors\/de-konservative-oensker-ikke-boliger-paa-oerodde\/#primaryimage"},"thumbnailUrl":"https:\/\/kunmedierne.dk\/mors\/wp-content\/uploads\/2021\/10\/henrik-markmoeller-bro.jpg","datePublished":"2021-10-08T14:06:27+00:00","dateModified":"2024-08-12T11:36:05+00:00","breadcrumb":{"@id":"https:\/\/kunmedierne.dk\/mors\/de-konservative-oensker-ikke-boliger-paa-oerodde\/#breadcrumb"},"inLanguage":"da-DK","potentialAction":[{"@type":"ReadAction","target":["https:\/\/kunmedierne.dk\/mors\/de-konservative-oensker-ikke-boliger-paa-oerodde\/"]}]},{"@type":"ImageObject","inLanguage":"da-DK","@id":"https:\/\/kunmedierne.dk\/mors\/de-konservative-oensker-ikke-boliger-paa-oerodde\/#primaryimage","url":"https:\/\/kunmedierne.dk\/mors\/wp-content\/uploads\/2021\/10\/henrik-markmoeller-bro.jpg","contentUrl":"https:\/\/kunmedierne.dk\/mors\/wp-content\/uploads\/2021\/10\/henrik-markmoeller-bro.jpg","width":770,"height":513,"caption":"Henrik Markm\u00f8ller Bro, kandidat for De Konservative ved Kommunalvalg 2021."},{"@type":"BreadcrumbList","@id":"https:\/\/kunmedierne.dk\/mors\/de-konservative-oensker-ikke-boliger-paa-oerodde\/#breadcrumb","itemListElement":[{"@type":"ListItem","position":1,"name":"Hjem","item":"https:\/\/kunmedierne.dk\/mors\/"},{"@type":"ListItem","position":2,"name":"De konservative \u00f8nsker ikke boliger p\u00e5 \u00d8rodde"}]},{"@type":"WebSite","@id":"https:\/\/kunmedierne.dk\/mors\/#website","url":"https:\/\/kunmedierne.dk\/mors\/","name":"Mors","description":"et netmedie med journalistik om livet p\u00e5 Mors","publisher":{"@id":"https:\/\/kunmedierne.dk\/mors\/#organization"},"potentialAction":[{"@type":"SearchAction","target":{"@type":"EntryPoint","urlTemplate":"https:\/\/kunmedierne.dk\/mors\/?s={search_term_string}"},"query-input":{"@type":"PropertyValueSpecification","valueRequired":true,"valueName":"search_term_string"}}],"inLanguage":"da-DK"},{"@type":"Organization","@id":"https:\/\/kunmedierne.dk\/mors\/#organization","name":"Mors","url":"https:\/\/kunmedierne.dk\/mors\/","logo":{"@type":"ImageObject","inLanguage":"da-DK","@id":"https:\/\/kunmedierne.dk\/mors\/#\/schema\/logo\/image\/","url":"https:\/\/kunmedierne.dk\/mors\/wp-content\/uploads\/2024\/08\/kunmors-logo.svg","contentUrl":"https:\/\/kunmedierne.dk\/mors\/wp-content\/uploads\/2024\/08\/kunmors-logo.svg","caption":"Mors"},"image":{"@id":"https:\/\/kunmedierne.dk\/mors\/#\/schema\/logo\/image\/"}},{"@type":"Person","@id":"https:\/\/kunmedierne.dk\/mors\/#\/schema\/person\/84c1391bce0b43b9bb3a49736bc0ad78","name":"Debat","image":{"@type":"ImageObject","inLanguage":"da-DK","@id":"https:\/\/kunmedierne.dk\/mors\/#\/schema\/person\/image\/","url":"https:\/\/secure.gravatar.com\/avatar\/b0fb2e221d618f7c65162ab0d49c7e8a0b580c871ca03af90e42b47b4150654c?s=96&d=mm&r=g","contentUrl":"https:\/\/secure.gravatar.com\/avatar\/b0fb2e221d618f7c65162ab0d49c7e8a0b580c871ca03af90e42b47b4150654c?s=96&d=mm&r=g","caption":"Debat"},"url":"https:\/\/kunmedierne.dk\/mors\/author\/debat\/"}]}},"_links":{"self":[{"href":"https:\/\/kunmedierne.dk\/mors\/wp-json\/wp\/v2\/posts\/54046","targetHints":{"allow":["GET"]}}],"collection":[{"href":"https:\/\/kunmedierne.dk\/mors\/wp-json\/wp\/v2\/posts"}],"about":[{"href":"https:\/\/kunmedierne.dk\/mors\/wp-json\/wp\/v2\/types\/post"}],"author":[{"embeddable":true,"href":"https:\/\/kunmedierne.dk\/mors\/wp-json\/wp\/v2\/users\/11"}],"replies":[{"embeddable":true,"href":"https:\/\/kunmedierne.dk\/mors\/wp-json\/wp\/v2\/comments?post=54046"}],"version-history":[{"count":3,"href":"https:\/\/kunmedierne.dk\/mors\/wp-json\/wp\/v2\/posts\/54046\/revisions"}],"predecessor-version":[{"id":54088,"href":"https:\/\/kunmedierne.dk\/mors\/wp-json\/wp\/v2\/posts\/54046\/revisions\/54088"}],"wp:featuredmedia":[{"embeddable":true,"href":"https:\/\/kunmedierne.dk\/mors\/wp-json\/wp\/v2\/media\/54047"}],"wp:attachment":[{"href":"https:\/\/kunmedierne.dk\/mors\/wp-json\/wp\/v2\/media?parent=54046"}],"wp:term":[{"taxonomy":"category","embeddable":true,"href":"https:\/\/kunmedierne.dk\/mors\/wp-json\/wp\/v2\/categories?post=54046"},{"taxonomy":"post_tag","embeddable":true,"href":"https:\/\/kunmedierne.dk\/mors\/wp-json\/wp\/v2\/tags?post=54046"}],"curies":[{"name":"wp","href":"https:\/\/api.w.org\/{rel}","templated":true}]}}