{"id":54004,"date":"2021-10-07T19:33:27","date_gmt":"2021-10-07T17:33:27","guid":{"rendered":"https:\/\/kunmedierne.dk\/mors\/?p=54004"},"modified":"2024-08-12T13:36:06","modified_gmt":"2024-08-12T11:36:06","slug":"heldigvis-er-der-en-voksen-tilstede","status":"publish","type":"post","link":"https:\/\/kunmedierne.dk\/mors\/heldigvis-er-der-en-voksen-tilstede\/","title":{"rendered":"&#8211; Heldigvis er der \u00e9n voksen tilstede&#8230;&#8230;."},"content":{"rendered":"<p><em>Debatindl\u00e6g fra Max Madsen, kandidat for Socialdemokratiet ved Kommunalvalg 2021:<\/em><\/p>\n<hr \/>\n<p class=\"v1MsoNormal\"><strong>MORS<\/strong>: Mors\u00f8 kommune skal v\u00e6re Danmarks mest erhvervsvenlige kommune. Citat Meiner N\u00f8rgaard.<\/p>\n<p class=\"v1MsoNormal\">Jamen, det skal vi da Meiner. Men vi skal ikke glemme vores natur. Som man kan l\u00e6se i KunMors i g\u00e5r d 6\/10 er vores grundvand i stor krise. 62% af boringer p\u00e5 Mors viser spor af spr\u00f8jtegifte. Er det tilfredsstillende? Jeg synes, at det er dybt alarmerende.<\/p>\n<p class=\"v1MsoNormal\">Som Meiner s\u00e5 flot udtaler har vi flot natur fra Strandengene i syd til Molerskr\u00e6nterne i nord og alt midt imellem!<a href=\"https:\/\/www.sparthy.dk\/\"><img loading=\"lazy\" decoding=\"async\" class=\"alignleft size-full wp-image-46599\" src=\"https:\/\/kunmedierne.dk\/mors\/wp-content\/uploads\/2021\/06\/t08.jpg\" alt=\"\" width=\"1400\" height=\"125\" srcset=\"https:\/\/kunmedierne.dk\/mors\/wp-content\/uploads\/2021\/06\/t08.jpg 1400w, https:\/\/kunmedierne.dk\/mors\/wp-content\/uploads\/2021\/06\/t08-300x27.jpg 300w, https:\/\/kunmedierne.dk\/mors\/wp-content\/uploads\/2021\/06\/t08-1024x91.jpg 1024w, https:\/\/kunmedierne.dk\/mors\/wp-content\/uploads\/2021\/06\/t08-768x69.jpg 768w, https:\/\/kunmedierne.dk\/mors\/wp-content\/uploads\/2021\/06\/t08-600x54.jpg 600w\" sizes=\"auto, (max-width: 1400px) 100vw, 1400px\" \/><\/a><\/p>\n<p class=\"v1MsoNormal\">Her stopper vi lige op! For hvad var d\u00e9t helt pr\u00e6cist, at Meiner og ikke mindst vores Borgmester Hans Ejner havde gang i tilbage i 2017\/2018. Her var s\u00f8gt om tilladelse til opf\u00f8rsel af \u00e9n k\u00e6mpe minkfarm p\u00e5 3000 t\u00e6ver. Klods op af et milj\u00f8beskyttet omr\u00e5de. Dr\u00e5by Vig. Og midt i et s\u00e6rligt s\u00e5rbart omr\u00e5de mht \u00e6ndringer i landskabet i Flade. Ans\u00f8gningen blev godkendt til stor forundring ikke mindst fra Socialdemokratiet.<\/p>\n<p class=\"v1MsoNormal\">Held i uheld var der andre omst\u00e6ndigheder, der gjorde at opf\u00f8rslen ikke blev gennemf\u00f8rt. Takket v\u00e6re \u00e9n voksen p\u00e5 R\u00d8D stue p\u00e5 Borgen.<\/p>\n<p class=\"v1MsoNormal\">Mors\u00f8 kommune fik af flere medier en &#8220;begmand&#8221; for dette hovedl\u00f8se projekt.<\/p>\n<p class=\"v1MsoNormal\">Dette er meget sigende for Venstre og DF&#8217;s tankegang. Erhverv fremfor natur! Som \u00e9n af Venstres nye kandidater udtaler: At drive en farm er som at have en lille kommunalbestyrelse, DET h\u00e5ber jeg for alvor ikke bliver en realitet efter valget.<img loading=\"lazy\" decoding=\"async\" class=\"alignleft size-full wp-image-46600\" src=\"https:\/\/kunmedierne.dk\/mors\/wp-content\/uploads\/2021\/06\/t09.jpg\" alt=\"\" width=\"1400\" height=\"125\" srcset=\"https:\/\/kunmedierne.dk\/mors\/wp-content\/uploads\/2021\/06\/t09.jpg 1400w, https:\/\/kunmedierne.dk\/mors\/wp-content\/uploads\/2021\/06\/t09-300x27.jpg 300w, https:\/\/kunmedierne.dk\/mors\/wp-content\/uploads\/2021\/06\/t09-1024x91.jpg 1024w, https:\/\/kunmedierne.dk\/mors\/wp-content\/uploads\/2021\/06\/t09-768x69.jpg 768w, https:\/\/kunmedierne.dk\/mors\/wp-content\/uploads\/2021\/06\/t09-600x54.jpg 600w\" sizes=\"auto, (max-width: 1400px) 100vw, 1400px\" \/><\/p>\n<p class=\"v1MsoNormal\">Flere og flere steder p\u00e5 \u00f8en d\u00f8jes der med lugtgener fra landbruget. Vores drikkevand er truet, vores natur er truet, det kan ikke v\u00e6re mere \u00e5benlyst, at vi ikke har plads til udvidelse af diverse farme. Vi har ganske enkelt ikke mere jord at opdyrke.<\/p>\n<p class=\"v1MsoNormal\">Vi skal tage et valg om vi er en landbrugs\u00f8 og skippe turismen eller om vi for alvor skal f\u00e5 et sammenspil i gang. Naturen forsvinder ganske enkelt og det er ikke de 15-17 hektar nyopf\u00f8rt skov i 2022 som Meiner praler af, der l\u00f8ser dette problem. Vi m\u00e5 og skal have nedsat m\u00e6ngden af spr\u00f8jtemidler. Her g\u00e6lder sig privat, kommunalt og erhverv. Dette vil jeg g\u00f8re mit for ved \u00e9n plads i kommunalbestyrelsen.<\/p>\n<p class=\"v1MsoNormal\">Det vil jeg gerne opfordre morsingboerne til, at huske ved Kommunalvalget d 16\/11.<a href=\"https:\/\/konpap.dk\/\"><img loading=\"lazy\" decoding=\"async\" class=\"alignleft size-full wp-image-49328\" src=\"https:\/\/kunmedierne.dk\/mors\/wp-content\/uploads\/2021\/07\/t10.jpg\" alt=\"\" width=\"1400\" height=\"125\" srcset=\"https:\/\/kunmedierne.dk\/mors\/wp-content\/uploads\/2021\/07\/t10.jpg 1400w, https:\/\/kunmedierne.dk\/mors\/wp-content\/uploads\/2021\/07\/t10-300x27.jpg 300w, https:\/\/kunmedierne.dk\/mors\/wp-content\/uploads\/2021\/07\/t10-1024x91.jpg 1024w, https:\/\/kunmedierne.dk\/mors\/wp-content\/uploads\/2021\/07\/t10-768x69.jpg 768w, https:\/\/kunmedierne.dk\/mors\/wp-content\/uploads\/2021\/07\/t10-600x54.jpg 600w\" sizes=\"auto, (max-width: 1400px) 100vw, 1400px\" \/><\/a><\/p>\n<p class=\"v1MsoNormal\">N\u00e5r nu vi er ved HOVSA l\u00f8sninger kunne det v\u00e6re interessant, at vide hvad planen er med de s\u00e5kaldte helleanl\u00e6g i Vils og Hvidbjerg. Et kan man da sige, at folk der f\u00e6rdes p\u00e5 N\u00e6ssundvej har f\u00e5et set hvordan man ikke skal opf\u00f8re disse. Har vi en kommunal ut\u00f8mmelig pengepose, der hedder helleanl\u00e6g eller mangel p\u00e5 samme.<\/p>\n<p class=\"v1MsoNormal\">Svar udbedes.<\/p>\n<hr \/>\n<p class=\"v1MsoNormal\"><em>Har du et bidrag til den lokale debat? Send det til os p\u00e5 e-mail: debat@kunmedierne.dk\/mors. Husk at l\u00e6se korrektur inden afsendelse p\u00e5 indl\u00e6gget.<\/em><\/p>\n<blockquote>\n<h4>Tilmeld dig vores gratis nyhedsbrev og vind et gavekort p\u00e5 500 kroner til\u00a0<a href=\"https:\/\/www.facebook.com\/brinckisenkramnykoebingmors\" target=\"_blank\" rel=\"noopener\">Brinck Isenkram<\/a>\u00a0eller en forl\u00e6ngelse af dit abonnement. L\u00e6s mere\u00a0<a href=\"https:\/\/kunmedierne.dk\/mors\/vind-gavekort-paa-500-kroner-til-brinck-isenkram\/\" target=\"_blank\" rel=\"noopener\">her<\/a>.<\/h4>\n<\/blockquote>\n","protected":false},"excerpt":{"rendered":"<p>Debatindl\u00e6g fra Max Madsen, kandidat for Socialdemokratiet ved Kommunalvalg 2021: MORS: Mors\u00f8 kommune skal v\u00e6re Danmarks mest erhvervsvenlige kommune. Citat Meiner N\u00f8rgaard. Jamen, det skal vi da Meiner. Men vi skal ikke glemme vores natur. Som man kan l\u00e6se i KunMors i g\u00e5r d 6\/10 er vores grundvand i stor krise. 62% af boringer p\u00e5 [&hellip;]<\/p>\n","protected":false},"author":11,"featured_media":52321,"comment_status":"open","ping_status":"open","sticky":false,"template":"","format":"standard","meta":{"_acf_changed":false,"footnotes":""},"categories":[56],"tags":[167],"class_list":["post-54004","post","type-post","status-publish","format-standard","has-post-thumbnail","hentry","category-debat","tag-politik"],"acf":[],"yoast_head":"<!-- This site is optimized with the Yoast SEO plugin v26.8 - https:\/\/yoast.com\/product\/yoast-seo-wordpress\/ -->\n<title>- Heldigvis er der \u00e9n voksen tilstede....... - Mors<\/title>\n<meta name=\"robots\" content=\"index, follow, max-snippet:-1, max-image-preview:large, max-video-preview:-1\" \/>\n<link rel=\"canonical\" href=\"https:\/\/kunmedierne.dk\/mors\/heldigvis-er-der-en-voksen-tilstede\/\" \/>\n<meta property=\"og:locale\" content=\"da_DK\" \/>\n<meta property=\"og:type\" content=\"article\" \/>\n<meta property=\"og:title\" content=\"- Heldigvis er der \u00e9n voksen tilstede....... - Mors\" \/>\n<meta property=\"og:description\" content=\"Debatindl\u00e6g fra Max Madsen, kandidat for Socialdemokratiet ved Kommunalvalg 2021: MORS: Mors\u00f8 kommune skal v\u00e6re Danmarks mest erhvervsvenlige kommune. Citat Meiner N\u00f8rgaard. Jamen, det skal vi da Meiner. Men vi skal ikke glemme vores natur. Som man kan l\u00e6se i KunMors i g\u00e5r d 6\/10 er vores grundvand i stor krise. 62% af boringer p\u00e5 [&hellip;]\" \/>\n<meta property=\"og:url\" content=\"https:\/\/kunmedierne.dk\/mors\/heldigvis-er-der-en-voksen-tilstede\/\" \/>\n<meta property=\"og:site_name\" content=\"Mors\" \/>\n<meta property=\"article:published_time\" content=\"2021-10-07T17:33:27+00:00\" \/>\n<meta property=\"article:modified_time\" content=\"2024-08-12T11:36:06+00:00\" \/>\n<meta property=\"og:image\" content=\"https:\/\/kunmedierne.dk\/mors\/wp-content\/uploads\/2021\/09\/200411-max-madsen1.jpg\" \/>\n\t<meta property=\"og:image:width\" content=\"770\" \/>\n\t<meta property=\"og:image:height\" content=\"513\" \/>\n\t<meta property=\"og:image:type\" content=\"image\/jpeg\" \/>\n<meta name=\"author\" content=\"Debat\" \/>\n<meta name=\"twitter:card\" content=\"summary_large_image\" \/>\n<meta name=\"twitter:label1\" content=\"Skrevet af\" \/>\n\t<meta name=\"twitter:data1\" content=\"Debat\" \/>\n\t<meta name=\"twitter:label2\" content=\"Estimeret l\u00e6setid\" \/>\n\t<meta name=\"twitter:data2\" content=\"3 minutter\" \/>\n<script type=\"application\/ld+json\" class=\"yoast-schema-graph\">{\"@context\":\"https:\/\/schema.org\",\"@graph\":[{\"@type\":\"Article\",\"@id\":\"https:\/\/kunmedierne.dk\/mors\/heldigvis-er-der-en-voksen-tilstede\/#article\",\"isPartOf\":{\"@id\":\"https:\/\/kunmedierne.dk\/mors\/heldigvis-er-der-en-voksen-tilstede\/\"},\"author\":{\"name\":\"Debat\",\"@id\":\"https:\/\/kunmedierne.dk\/mors\/#\/schema\/person\/84c1391bce0b43b9bb3a49736bc0ad78\"},\"headline\":\"&#8211; Heldigvis er der \u00e9n voksen tilstede&#8230;&#8230;.\",\"datePublished\":\"2021-10-07T17:33:27+00:00\",\"dateModified\":\"2024-08-12T11:36:06+00:00\",\"mainEntityOfPage\":{\"@id\":\"https:\/\/kunmedierne.dk\/mors\/heldigvis-er-der-en-voksen-tilstede\/\"},\"wordCount\":528,\"commentCount\":0,\"publisher\":{\"@id\":\"https:\/\/kunmedierne.dk\/mors\/#organization\"},\"image\":{\"@id\":\"https:\/\/kunmedierne.dk\/mors\/heldigvis-er-der-en-voksen-tilstede\/#primaryimage\"},\"thumbnailUrl\":\"https:\/\/kunmedierne.dk\/mors\/wp-content\/uploads\/2021\/09\/200411-max-madsen1.jpg\",\"keywords\":[\"Politik\"],\"articleSection\":[\"Debat\"],\"inLanguage\":\"da-DK\",\"potentialAction\":[{\"@type\":\"CommentAction\",\"name\":\"Comment\",\"target\":[\"https:\/\/kunmedierne.dk\/mors\/heldigvis-er-der-en-voksen-tilstede\/#respond\"]}]},{\"@type\":\"WebPage\",\"@id\":\"https:\/\/kunmedierne.dk\/mors\/heldigvis-er-der-en-voksen-tilstede\/\",\"url\":\"https:\/\/kunmedierne.dk\/mors\/heldigvis-er-der-en-voksen-tilstede\/\",\"name\":\"- Heldigvis er der \u00e9n voksen tilstede....... - Mors\",\"isPartOf\":{\"@id\":\"https:\/\/kunmedierne.dk\/mors\/#website\"},\"primaryImageOfPage\":{\"@id\":\"https:\/\/kunmedierne.dk\/mors\/heldigvis-er-der-en-voksen-tilstede\/#primaryimage\"},\"image\":{\"@id\":\"https:\/\/kunmedierne.dk\/mors\/heldigvis-er-der-en-voksen-tilstede\/#primaryimage\"},\"thumbnailUrl\":\"https:\/\/kunmedierne.dk\/mors\/wp-content\/uploads\/2021\/09\/200411-max-madsen1.jpg\",\"datePublished\":\"2021-10-07T17:33:27+00:00\",\"dateModified\":\"2024-08-12T11:36:06+00:00\",\"breadcrumb\":{\"@id\":\"https:\/\/kunmedierne.dk\/mors\/heldigvis-er-der-en-voksen-tilstede\/#breadcrumb\"},\"inLanguage\":\"da-DK\",\"potentialAction\":[{\"@type\":\"ReadAction\",\"target\":[\"https:\/\/kunmedierne.dk\/mors\/heldigvis-er-der-en-voksen-tilstede\/\"]}]},{\"@type\":\"ImageObject\",\"inLanguage\":\"da-DK\",\"@id\":\"https:\/\/kunmedierne.dk\/mors\/heldigvis-er-der-en-voksen-tilstede\/#primaryimage\",\"url\":\"https:\/\/kunmedierne.dk\/mors\/wp-content\/uploads\/2021\/09\/200411-max-madsen1.jpg\",\"contentUrl\":\"https:\/\/kunmedierne.dk\/mors\/wp-content\/uploads\/2021\/09\/200411-max-madsen1.jpg\",\"width\":770,\"height\":513,\"caption\":\"Max Madsen (S), kandidat ved Kommunalvalg 2021. Arkivfoto\"},{\"@type\":\"BreadcrumbList\",\"@id\":\"https:\/\/kunmedierne.dk\/mors\/heldigvis-er-der-en-voksen-tilstede\/#breadcrumb\",\"itemListElement\":[{\"@type\":\"ListItem\",\"position\":1,\"name\":\"Hjem\",\"item\":\"https:\/\/kunmedierne.dk\/mors\/\"},{\"@type\":\"ListItem\",\"position\":2,\"name\":\"&#8211; Heldigvis er der \u00e9n voksen tilstede&#8230;&#8230;.\"}]},{\"@type\":\"WebSite\",\"@id\":\"https:\/\/kunmedierne.dk\/mors\/#website\",\"url\":\"https:\/\/kunmedierne.dk\/mors\/\",\"name\":\"Mors\",\"description\":\"et netmedie med journalistik om livet p\u00e5 Mors\",\"publisher\":{\"@id\":\"https:\/\/kunmedierne.dk\/mors\/#organization\"},\"potentialAction\":[{\"@type\":\"SearchAction\",\"target\":{\"@type\":\"EntryPoint\",\"urlTemplate\":\"https:\/\/kunmedierne.dk\/mors\/?s={search_term_string}\"},\"query-input\":{\"@type\":\"PropertyValueSpecification\",\"valueRequired\":true,\"valueName\":\"search_term_string\"}}],\"inLanguage\":\"da-DK\"},{\"@type\":\"Organization\",\"@id\":\"https:\/\/kunmedierne.dk\/mors\/#organization\",\"name\":\"Mors\",\"url\":\"https:\/\/kunmedierne.dk\/mors\/\",\"logo\":{\"@type\":\"ImageObject\",\"inLanguage\":\"da-DK\",\"@id\":\"https:\/\/kunmedierne.dk\/mors\/#\/schema\/logo\/image\/\",\"url\":\"https:\/\/kunmedierne.dk\/mors\/wp-content\/uploads\/2024\/08\/kunmors-logo.svg\",\"contentUrl\":\"https:\/\/kunmedierne.dk\/mors\/wp-content\/uploads\/2024\/08\/kunmors-logo.svg\",\"caption\":\"Mors\"},\"image\":{\"@id\":\"https:\/\/kunmedierne.dk\/mors\/#\/schema\/logo\/image\/\"}},{\"@type\":\"Person\",\"@id\":\"https:\/\/kunmedierne.dk\/mors\/#\/schema\/person\/84c1391bce0b43b9bb3a49736bc0ad78\",\"name\":\"Debat\",\"image\":{\"@type\":\"ImageObject\",\"inLanguage\":\"da-DK\",\"@id\":\"https:\/\/kunmedierne.dk\/mors\/#\/schema\/person\/image\/\",\"url\":\"https:\/\/secure.gravatar.com\/avatar\/b0fb2e221d618f7c65162ab0d49c7e8a0b580c871ca03af90e42b47b4150654c?s=96&d=mm&r=g\",\"contentUrl\":\"https:\/\/secure.gravatar.com\/avatar\/b0fb2e221d618f7c65162ab0d49c7e8a0b580c871ca03af90e42b47b4150654c?s=96&d=mm&r=g\",\"caption\":\"Debat\"},\"url\":\"https:\/\/kunmedierne.dk\/mors\/author\/debat\/\"}]}<\/script>\n<!-- \/ Yoast SEO plugin. -->","yoast_head_json":{"title":"- Heldigvis er der \u00e9n voksen tilstede....... - Mors","robots":{"index":"index","follow":"follow","max-snippet":"max-snippet:-1","max-image-preview":"max-image-preview:large","max-video-preview":"max-video-preview:-1"},"canonical":"https:\/\/kunmedierne.dk\/mors\/heldigvis-er-der-en-voksen-tilstede\/","og_locale":"da_DK","og_type":"article","og_title":"- Heldigvis er der \u00e9n voksen tilstede....... - Mors","og_description":"Debatindl\u00e6g fra Max Madsen, kandidat for Socialdemokratiet ved Kommunalvalg 2021: MORS: Mors\u00f8 kommune skal v\u00e6re Danmarks mest erhvervsvenlige kommune. Citat Meiner N\u00f8rgaard. Jamen, det skal vi da Meiner. Men vi skal ikke glemme vores natur. Som man kan l\u00e6se i KunMors i g\u00e5r d 6\/10 er vores grundvand i stor krise. 62% af boringer p\u00e5 [&hellip;]","og_url":"https:\/\/kunmedierne.dk\/mors\/heldigvis-er-der-en-voksen-tilstede\/","og_site_name":"Mors","article_published_time":"2021-10-07T17:33:27+00:00","article_modified_time":"2024-08-12T11:36:06+00:00","og_image":[{"width":770,"height":513,"url":"https:\/\/kunmedierne.dk\/mors\/wp-content\/uploads\/2021\/09\/200411-max-madsen1.jpg","type":"image\/jpeg"}],"author":"Debat","twitter_card":"summary_large_image","twitter_misc":{"Skrevet af":"Debat","Estimeret l\u00e6setid":"3 minutter"},"schema":{"@context":"https:\/\/schema.org","@graph":[{"@type":"Article","@id":"https:\/\/kunmedierne.dk\/mors\/heldigvis-er-der-en-voksen-tilstede\/#article","isPartOf":{"@id":"https:\/\/kunmedierne.dk\/mors\/heldigvis-er-der-en-voksen-tilstede\/"},"author":{"name":"Debat","@id":"https:\/\/kunmedierne.dk\/mors\/#\/schema\/person\/84c1391bce0b43b9bb3a49736bc0ad78"},"headline":"&#8211; Heldigvis er der \u00e9n voksen tilstede&#8230;&#8230;.","datePublished":"2021-10-07T17:33:27+00:00","dateModified":"2024-08-12T11:36:06+00:00","mainEntityOfPage":{"@id":"https:\/\/kunmedierne.dk\/mors\/heldigvis-er-der-en-voksen-tilstede\/"},"wordCount":528,"commentCount":0,"publisher":{"@id":"https:\/\/kunmedierne.dk\/mors\/#organization"},"image":{"@id":"https:\/\/kunmedierne.dk\/mors\/heldigvis-er-der-en-voksen-tilstede\/#primaryimage"},"thumbnailUrl":"https:\/\/kunmedierne.dk\/mors\/wp-content\/uploads\/2021\/09\/200411-max-madsen1.jpg","keywords":["Politik"],"articleSection":["Debat"],"inLanguage":"da-DK","potentialAction":[{"@type":"CommentAction","name":"Comment","target":["https:\/\/kunmedierne.dk\/mors\/heldigvis-er-der-en-voksen-tilstede\/#respond"]}]},{"@type":"WebPage","@id":"https:\/\/kunmedierne.dk\/mors\/heldigvis-er-der-en-voksen-tilstede\/","url":"https:\/\/kunmedierne.dk\/mors\/heldigvis-er-der-en-voksen-tilstede\/","name":"- Heldigvis er der \u00e9n voksen tilstede....... - Mors","isPartOf":{"@id":"https:\/\/kunmedierne.dk\/mors\/#website"},"primaryImageOfPage":{"@id":"https:\/\/kunmedierne.dk\/mors\/heldigvis-er-der-en-voksen-tilstede\/#primaryimage"},"image":{"@id":"https:\/\/kunmedierne.dk\/mors\/heldigvis-er-der-en-voksen-tilstede\/#primaryimage"},"thumbnailUrl":"https:\/\/kunmedierne.dk\/mors\/wp-content\/uploads\/2021\/09\/200411-max-madsen1.jpg","datePublished":"2021-10-07T17:33:27+00:00","dateModified":"2024-08-12T11:36:06+00:00","breadcrumb":{"@id":"https:\/\/kunmedierne.dk\/mors\/heldigvis-er-der-en-voksen-tilstede\/#breadcrumb"},"inLanguage":"da-DK","potentialAction":[{"@type":"ReadAction","target":["https:\/\/kunmedierne.dk\/mors\/heldigvis-er-der-en-voksen-tilstede\/"]}]},{"@type":"ImageObject","inLanguage":"da-DK","@id":"https:\/\/kunmedierne.dk\/mors\/heldigvis-er-der-en-voksen-tilstede\/#primaryimage","url":"https:\/\/kunmedierne.dk\/mors\/wp-content\/uploads\/2021\/09\/200411-max-madsen1.jpg","contentUrl":"https:\/\/kunmedierne.dk\/mors\/wp-content\/uploads\/2021\/09\/200411-max-madsen1.jpg","width":770,"height":513,"caption":"Max Madsen (S), kandidat ved Kommunalvalg 2021. Arkivfoto"},{"@type":"BreadcrumbList","@id":"https:\/\/kunmedierne.dk\/mors\/heldigvis-er-der-en-voksen-tilstede\/#breadcrumb","itemListElement":[{"@type":"ListItem","position":1,"name":"Hjem","item":"https:\/\/kunmedierne.dk\/mors\/"},{"@type":"ListItem","position":2,"name":"&#8211; Heldigvis er der \u00e9n voksen tilstede&#8230;&#8230;."}]},{"@type":"WebSite","@id":"https:\/\/kunmedierne.dk\/mors\/#website","url":"https:\/\/kunmedierne.dk\/mors\/","name":"Mors","description":"et netmedie med journalistik om livet p\u00e5 Mors","publisher":{"@id":"https:\/\/kunmedierne.dk\/mors\/#organization"},"potentialAction":[{"@type":"SearchAction","target":{"@type":"EntryPoint","urlTemplate":"https:\/\/kunmedierne.dk\/mors\/?s={search_term_string}"},"query-input":{"@type":"PropertyValueSpecification","valueRequired":true,"valueName":"search_term_string"}}],"inLanguage":"da-DK"},{"@type":"Organization","@id":"https:\/\/kunmedierne.dk\/mors\/#organization","name":"Mors","url":"https:\/\/kunmedierne.dk\/mors\/","logo":{"@type":"ImageObject","inLanguage":"da-DK","@id":"https:\/\/kunmedierne.dk\/mors\/#\/schema\/logo\/image\/","url":"https:\/\/kunmedierne.dk\/mors\/wp-content\/uploads\/2024\/08\/kunmors-logo.svg","contentUrl":"https:\/\/kunmedierne.dk\/mors\/wp-content\/uploads\/2024\/08\/kunmors-logo.svg","caption":"Mors"},"image":{"@id":"https:\/\/kunmedierne.dk\/mors\/#\/schema\/logo\/image\/"}},{"@type":"Person","@id":"https:\/\/kunmedierne.dk\/mors\/#\/schema\/person\/84c1391bce0b43b9bb3a49736bc0ad78","name":"Debat","image":{"@type":"ImageObject","inLanguage":"da-DK","@id":"https:\/\/kunmedierne.dk\/mors\/#\/schema\/person\/image\/","url":"https:\/\/secure.gravatar.com\/avatar\/b0fb2e221d618f7c65162ab0d49c7e8a0b580c871ca03af90e42b47b4150654c?s=96&d=mm&r=g","contentUrl":"https:\/\/secure.gravatar.com\/avatar\/b0fb2e221d618f7c65162ab0d49c7e8a0b580c871ca03af90e42b47b4150654c?s=96&d=mm&r=g","caption":"Debat"},"url":"https:\/\/kunmedierne.dk\/mors\/author\/debat\/"}]}},"_links":{"self":[{"href":"https:\/\/kunmedierne.dk\/mors\/wp-json\/wp\/v2\/posts\/54004","targetHints":{"allow":["GET"]}}],"collection":[{"href":"https:\/\/kunmedierne.dk\/mors\/wp-json\/wp\/v2\/posts"}],"about":[{"href":"https:\/\/kunmedierne.dk\/mors\/wp-json\/wp\/v2\/types\/post"}],"author":[{"embeddable":true,"href":"https:\/\/kunmedierne.dk\/mors\/wp-json\/wp\/v2\/users\/11"}],"replies":[{"embeddable":true,"href":"https:\/\/kunmedierne.dk\/mors\/wp-json\/wp\/v2\/comments?post=54004"}],"version-history":[{"count":2,"href":"https:\/\/kunmedierne.dk\/mors\/wp-json\/wp\/v2\/posts\/54004\/revisions"}],"predecessor-version":[{"id":54012,"href":"https:\/\/kunmedierne.dk\/mors\/wp-json\/wp\/v2\/posts\/54004\/revisions\/54012"}],"wp:featuredmedia":[{"embeddable":true,"href":"https:\/\/kunmedierne.dk\/mors\/wp-json\/wp\/v2\/media\/52321"}],"wp:attachment":[{"href":"https:\/\/kunmedierne.dk\/mors\/wp-json\/wp\/v2\/media?parent=54004"}],"wp:term":[{"taxonomy":"category","embeddable":true,"href":"https:\/\/kunmedierne.dk\/mors\/wp-json\/wp\/v2\/categories?post=54004"},{"taxonomy":"post_tag","embeddable":true,"href":"https:\/\/kunmedierne.dk\/mors\/wp-json\/wp\/v2\/tags?post=54004"}],"curies":[{"name":"wp","href":"https:\/\/api.w.org\/{rel}","templated":true}]}}