{"id":53989,"date":"2021-10-07T16:58:26","date_gmt":"2021-10-07T14:58:26","guid":{"rendered":"https:\/\/kunmedierne.dk\/mors\/?p=53989"},"modified":"2024-08-12T13:36:06","modified_gmt":"2024-08-12T11:36:06","slug":"vi-skal-have-et-naerhospital-paa-mors","status":"publish","type":"post","link":"https:\/\/kunmedierne.dk\/mors\/vi-skal-have-et-naerhospital-paa-mors\/","title":{"rendered":"&#8211; Vi skal have et n\u00e6rhospital p\u00e5 Mors"},"content":{"rendered":"<p><strong>MORS<\/strong>: Pladsen er der, bygningerne er velegnede, og omgivelserne er perfekte til form\u00e5let.<\/p>\n<p>S\u00e5 tilbage st\u00e5r bare at tr\u00e6ffe beslutningen om at g\u00f8re det tidligere sygehus i Strandparken i Nyk\u00f8bing til et n\u00e6rhospital.<\/p>\n<p>S\u00e5dan lyder vurderingen fra Peter Therkildsen (V), regionsr\u00e5dsmedlem og medlem af det sociale udvalg i Mors\u00f8 Kommune, om de n\u00e6rhospitaler, statsminister Mette Frederiksen (S) forleden bragte p\u00e5 banen i sin \u00e5bningstale for Folketinget.<\/p>\n<p>Statsministeren gav udtryk for et regerings\u00f8nske om et mere trygt hospitalsforl\u00f8b, hvor kommuner, regioner og alment praktiserende l\u00e6ger kan arbejde t\u00e6ttere sammen om patienten. De n\u00e6rmere omst\u00e6ndigheder om de kommende n\u00e6rhospitaler mangler endnu at tage form, men Peter Therkildsen melder Nyk\u00f8bing og det tidligere sygehus som oplagt kandidat til at blive et af dem. <a href=\"https:\/\/vester-begr.dk\"><img loading=\"lazy\" decoding=\"async\" class=\"alignleft size-full wp-image-53879\" src=\"https:\/\/kunmedierne.dk\/mors\/wp-content\/uploads\/2021\/10\/NY-Vester-Begravelse-TOP-BUND.jpg\" alt=\"\" width=\"1400\" height=\"125\" srcset=\"https:\/\/kunmedierne.dk\/mors\/wp-content\/uploads\/2021\/10\/NY-Vester-Begravelse-TOP-BUND.jpg 1400w, https:\/\/kunmedierne.dk\/mors\/wp-content\/uploads\/2021\/10\/NY-Vester-Begravelse-TOP-BUND-300x27.jpg 300w, https:\/\/kunmedierne.dk\/mors\/wp-content\/uploads\/2021\/10\/NY-Vester-Begravelse-TOP-BUND-1024x91.jpg 1024w, https:\/\/kunmedierne.dk\/mors\/wp-content\/uploads\/2021\/10\/NY-Vester-Begravelse-TOP-BUND-768x69.jpg 768w, https:\/\/kunmedierne.dk\/mors\/wp-content\/uploads\/2021\/10\/NY-Vester-Begravelse-TOP-BUND-600x54.jpg 600w\" sizes=\"auto, (max-width: 1400px) 100vw, 1400px\" \/><\/a><\/p>\n<p>&#8220;I Nyk\u00f8bing st\u00e5r lokalerne klar, og Region Nordjylland har driftsudgiften til bygningerne, s\u00e5 det er kun den sundhedsfaglige ekspertise, der skal ans\u00e6ttes,&#8221; siger han i en pressemeddelelse og uddyber over for KunMors:<\/p>\n<p>&#8220;Hvis man vil etablere n\u00e6rhospitaler, skal man jo ikke g\u00f8re det der, hvor der i forvejen er hospitaler med akut modtagelse. Nu ved vi jo ikke, hvad n\u00e6rhospitalerne skal indeholde, men det skal formentlig indeholde et sted, hvor mennesker, der har f\u00e5et lidt ubalance i tilv\u00e6relsen &#8211; enten mentalt eller fysisk &#8211; kan f\u00e5 noget genoptr\u00e6ning eller noget adspredelse p\u00e5 en eller anden m\u00e5de.&#8221;<\/p>\n<p>Peter Therkildsen n\u00e6vner scleroseramte, KOL-patienter og diabetikere som nogle af de patientgrupper, der vil kunne nyde godt af at n\u00e6rhospital i Nyk\u00f8bing.<\/p>\n<p>Og han fremh\u00e6ver specifikt en klinik for senskadede kr\u00e6ftramte som noget, der vil egne sig godt til et n\u00e6rhospital. <a href=\"https:\/\/vognmand-filtenborg.dk\/\"><img loading=\"lazy\" decoding=\"async\" class=\"alignleft size-full wp-image-46594\" src=\"https:\/\/kunmedierne.dk\/mors\/wp-content\/uploads\/2021\/06\/t03.jpg\" alt=\"\" width=\"1400\" height=\"125\" srcset=\"https:\/\/kunmedierne.dk\/mors\/wp-content\/uploads\/2021\/06\/t03.jpg 1400w, https:\/\/kunmedierne.dk\/mors\/wp-content\/uploads\/2021\/06\/t03-300x27.jpg 300w, https:\/\/kunmedierne.dk\/mors\/wp-content\/uploads\/2021\/06\/t03-1024x91.jpg 1024w, https:\/\/kunmedierne.dk\/mors\/wp-content\/uploads\/2021\/06\/t03-768x69.jpg 768w, https:\/\/kunmedierne.dk\/mors\/wp-content\/uploads\/2021\/06\/t03-600x54.jpg 600w\" sizes=\"auto, (max-width: 1400px) 100vw, 1400px\" \/><\/a><\/p>\n<p>&#8220;Der er flere og flere, som er helbredt, men som livet igennem m\u00e5 leve med gener, som kr\u00e6ften har p\u00e5f\u00f8rt dem. Vi er blevet bedre til at f\u00e5 folk til at overleve, men det liv, du redder, skal ogs\u00e5 v\u00e6re godt at leve bagefter,&#8221; siger han.<\/p>\n<p>&#8220;Man kan nogle gange kalde et n\u00e6rhospital en skole for kronikere. Jeg forestiller mig, at det skal indeholde s\u00e5dan nogle ting, der ikke er livstruende,&#8221; siger Peter Therkildsen.<\/p>\n<p>&#8220;Alt det andet vil jo v\u00e6re i Thisted, og det har jeg ingen ambitioner om at flytte p\u00e5,&#8221; tilf\u00f8jer han.<\/p>\n<p>&nbsp;<\/p>\n<p><strong>Afklaringscenter kan hj\u00e6lpe<\/strong><\/p>\n<p>Derfor vil han nu arbejde politisk for, at Mors og Nyk\u00f8bing bliver valgt som adresse for et n\u00e6rhospital.<\/p>\n<p>Det vil ogs\u00e5 give arbejdspladser til kommunen, p\u00e5peger Peter Therkildsen.<\/p>\n<p>&#8220;Jeg forestiller mig ikke, at det vil v\u00e6re vanskeligt at rekruttere l\u00e6ger, for det vil v\u00e6re en besk\u00e6ftigelse, der appellerer til speciall\u00e6ger, og de vil godt kunne v\u00e6re tilknyttet et akut sygehus samtidig,&#8221; siger han. <a href=\"https:\/\/www.sparnord.dk\/filialer\/nykoebing-mors\/\"><img loading=\"lazy\" decoding=\"async\" class=\"alignleft size-full wp-image-46595\" src=\"https:\/\/kunmedierne.dk\/mors\/wp-content\/uploads\/2021\/06\/t04.jpg\" alt=\"\" width=\"1400\" height=\"123\" srcset=\"https:\/\/kunmedierne.dk\/mors\/wp-content\/uploads\/2021\/06\/t04.jpg 1400w, https:\/\/kunmedierne.dk\/mors\/wp-content\/uploads\/2021\/06\/t04-300x26.jpg 300w, https:\/\/kunmedierne.dk\/mors\/wp-content\/uploads\/2021\/06\/t04-1024x90.jpg 1024w, https:\/\/kunmedierne.dk\/mors\/wp-content\/uploads\/2021\/06\/t04-768x67.jpg 768w, https:\/\/kunmedierne.dk\/mors\/wp-content\/uploads\/2021\/06\/t04-600x53.jpg 600w\" sizes=\"auto, (max-width: 1400px) 100vw, 1400px\" \/><\/a><\/p>\n<p>Peter Therkildsen fremh\u00e6ver, at Mors\u00f8 Kommune i forvejen har sit afklaringscenter i \u00d8ster J\u00f8lby med 24 sengepladser. Og at det vil kunne tr\u00e6de til, hvis patienter p\u00e5 et n\u00e6rhospital, hvor der ikke skal v\u00e6re sengepladser, f\u00e5r brug for det.<\/p>\n<p>&#8220;Er der nogen, der i forbindelsen med tr\u00e6ning bliver d\u00e5rlige, har vi en mulighed for at tage dem ind, hvis der ikke er overbelagt p\u00e5 vores afklaringscenter. Og ellers har vi jo hospitalet i Thisted, der ogs\u00e5 har medicinske senge. S\u00e5 der er jo ikke lang afstand til noget, hvis der bliver behov for det,&#8221; siger Peter Therkildsen.<\/p>\n<p><em>Men taler det s\u00e5 ikke imod, at det skulle v\u00e6re p\u00e5 Mors, man placerer et n\u00e6rhospital, at man i forvejen har sengepladser p\u00e5 afklaringscentret og mulighed for at komme til Thisted?<\/em><\/p>\n<p>&#8220;Nej, for det hospital, vi taler om her, er helt uden senge. D\u00f8gnberedskabet er jo kostbart. Og som jeg har forst\u00e5et udspillet, er n\u00e6rhospitalerne helt uden senge. Og der har vi jo faciliteterne. Der mangler lidt udstyr og personale, men vi har bygningerne, stedet og beliggenheden,&#8221; siger han.<\/p>\n<p>&nbsp;<\/p>\n<p><strong>Beliggenheden er perfekt<\/strong><\/p>\n<p>For en uge siden kunne Berlingske fort\u00e6lle, at regeringen i sin sundhedsplan barsler med i omegnen af 10-20 n\u00e6rhospitaler p\u00e5 landsplan. Hvor de i s\u00e5 fald skal ligge, er ikke meldt ud.<\/p>\n<p><em>Nu kunne man jo forestille sig, at mange kommuner synes, det vil v\u00e6re godt at f\u00e5 et n\u00e6rhospital i deres kommune. Hvad taler for, at det lige skulle v\u00e6re p\u00e5 Mors?<\/em><\/p>\n<p>&#8220;Beliggenheden og det, at man vil tilgodese nogle steder, hvor der ikke i forvejen er en hel masse sundhedstilbud,&#8221; siger Peter Therkildsen, der om beliggenheden uddyber: <a href=\"http:\/\/www.limfjordsteatret.dk\/#front\"><img loading=\"lazy\" decoding=\"async\" class=\"alignleft size-full wp-image-46596\" src=\"https:\/\/kunmedierne.dk\/mors\/wp-content\/uploads\/2021\/06\/t05.jpg\" alt=\"\" width=\"1400\" height=\"125\" srcset=\"https:\/\/kunmedierne.dk\/mors\/wp-content\/uploads\/2021\/06\/t05.jpg 1400w, https:\/\/kunmedierne.dk\/mors\/wp-content\/uploads\/2021\/06\/t05-300x27.jpg 300w, https:\/\/kunmedierne.dk\/mors\/wp-content\/uploads\/2021\/06\/t05-1024x91.jpg 1024w, https:\/\/kunmedierne.dk\/mors\/wp-content\/uploads\/2021\/06\/t05-768x69.jpg 768w, https:\/\/kunmedierne.dk\/mors\/wp-content\/uploads\/2021\/06\/t05-600x54.jpg 600w\" sizes=\"auto, (max-width: 1400px) 100vw, 1400px\" \/><\/a><\/p>\n<p>&#8220;Vi har jo naturen og fjorden, og vi ved, at naturen kan hj\u00e6lpe mennesker, der har f\u00e5et mental ubalance. Og der ved vi jo, at beliggenhed p\u00e5 Mors med skov og strand er helt unik.&#8221;<\/p>\n<p>Samtidig fremh\u00e6ver han bygningsmassen og den tomme etage p\u00e5 Sundhedscentret i Strandparken som s\u00e6rdeles velegnet.<\/p>\n<p>&#8220;Bygningsmassen st\u00e5r der jo, og det er velholdte bygninger. Det er jo ikke s\u00e5dan, at det er i forfald. Det er bygninger, som p\u00e5 alle m\u00e5der er gode og velholdte,&#8221; siger han. <a href=\"https:\/\/www.braendselsforeningen.dk\/\"><img loading=\"lazy\" decoding=\"async\" class=\"alignleft size-full wp-image-46597\" src=\"https:\/\/kunmedierne.dk\/mors\/wp-content\/uploads\/2021\/06\/t06.jpg\" alt=\"\" width=\"1425\" height=\"127\" srcset=\"https:\/\/kunmedierne.dk\/mors\/wp-content\/uploads\/2021\/06\/t06.jpg 1425w, https:\/\/kunmedierne.dk\/mors\/wp-content\/uploads\/2021\/06\/t06-300x27.jpg 300w, https:\/\/kunmedierne.dk\/mors\/wp-content\/uploads\/2021\/06\/t06-1024x91.jpg 1024w, https:\/\/kunmedierne.dk\/mors\/wp-content\/uploads\/2021\/06\/t06-768x68.jpg 768w, https:\/\/kunmedierne.dk\/mors\/wp-content\/uploads\/2021\/06\/t06-600x53.jpg 600w\" sizes=\"auto, (max-width: 1425px) 100vw, 1425px\" \/><\/a><\/p>\n<blockquote>\n<h4>Tilmeld dig vores nyhedsbrev nederst p\u00e5 siden og modtag KunMors som din daglige lokalavis. S\u00e5 deltager du samtidig i lodtr\u00e6kningen om udstyr fra\u00a0<a href=\"https:\/\/www.facebook.com\/jensen7950\" target=\"_blank\" rel=\"noopener\">Mobilhytten<\/a>\u00a0til 699 kroner. L\u00e6s\u00a0<a href=\"https:\/\/kunmedierne.dk\/mors\/vind-udstyr-fra-mobilhytten-for-699-kroner\/\" target=\"_blank\" rel=\"noopener\">her<\/a>\u00a0hvordan.<\/h4>\n<\/blockquote>\n","protected":false},"excerpt":{"rendered":"<p>MORS: Pladsen er der, bygningerne er velegnede, og omgivelserne er perfekte til form\u00e5let. S\u00e5 tilbage st\u00e5r bare at tr\u00e6ffe beslutningen om at g\u00f8re det tidligere sygehus i Strandparken i Nyk\u00f8bing til et n\u00e6rhospital. S\u00e5dan lyder vurderingen fra Peter Therkildsen (V), regionsr\u00e5dsmedlem og medlem af det sociale udvalg i Mors\u00f8 Kommune, om de n\u00e6rhospitaler, statsminister Mette [&hellip;]<\/p>\n","protected":false},"author":8,"featured_media":53990,"comment_status":"open","ping_status":"open","sticky":false,"template":"","format":"standard","meta":{"_acf_changed":false,"footnotes":""},"categories":[54],"tags":[167],"class_list":["post-53989","post","type-post","status-publish","format-standard","has-post-thumbnail","hentry","category-54","tag-politik"],"acf":[],"yoast_head":"<!-- This site is optimized with the Yoast SEO plugin v26.8 - https:\/\/yoast.com\/product\/yoast-seo-wordpress\/ -->\n<title>- Vi skal have et n\u00e6rhospital p\u00e5 Mors - Mors<\/title>\n<meta name=\"robots\" content=\"index, follow, max-snippet:-1, max-image-preview:large, max-video-preview:-1\" \/>\n<link rel=\"canonical\" href=\"https:\/\/kunmedierne.dk\/mors\/vi-skal-have-et-naerhospital-paa-mors\/\" \/>\n<meta property=\"og:locale\" content=\"da_DK\" \/>\n<meta property=\"og:type\" content=\"article\" \/>\n<meta property=\"og:title\" content=\"- Vi skal have et n\u00e6rhospital p\u00e5 Mors - Mors\" \/>\n<meta property=\"og:description\" content=\"MORS: Pladsen er der, bygningerne er velegnede, og omgivelserne er perfekte til form\u00e5let. S\u00e5 tilbage st\u00e5r bare at tr\u00e6ffe beslutningen om at g\u00f8re det tidligere sygehus i Strandparken i Nyk\u00f8bing til et n\u00e6rhospital. S\u00e5dan lyder vurderingen fra Peter Therkildsen (V), regionsr\u00e5dsmedlem og medlem af det sociale udvalg i Mors\u00f8 Kommune, om de n\u00e6rhospitaler, statsminister Mette [&hellip;]\" \/>\n<meta property=\"og:url\" content=\"https:\/\/kunmedierne.dk\/mors\/vi-skal-have-et-naerhospital-paa-mors\/\" \/>\n<meta property=\"og:site_name\" content=\"Mors\" \/>\n<meta property=\"article:published_time\" content=\"2021-10-07T14:58:26+00:00\" \/>\n<meta property=\"article:modified_time\" content=\"2024-08-12T11:36:06+00:00\" \/>\n<meta property=\"og:image\" content=\"https:\/\/kunmedierne.dk\/mors\/wp-content\/uploads\/2021\/10\/hospital.jpg\" \/>\n\t<meta property=\"og:image:width\" content=\"770\" \/>\n\t<meta property=\"og:image:height\" content=\"513\" \/>\n\t<meta property=\"og:image:type\" content=\"image\/jpeg\" \/>\n<meta name=\"author\" content=\"David H\u00f8jmark\" \/>\n<meta name=\"twitter:card\" content=\"summary_large_image\" \/>\n<meta name=\"twitter:label1\" content=\"Skrevet af\" \/>\n\t<meta name=\"twitter:data1\" content=\"David H\u00f8jmark\" \/>\n\t<meta name=\"twitter:label2\" content=\"Estimeret l\u00e6setid\" \/>\n\t<meta name=\"twitter:data2\" content=\"5 minutter\" \/>\n<script type=\"application\/ld+json\" class=\"yoast-schema-graph\">{\"@context\":\"https:\/\/schema.org\",\"@graph\":[{\"@type\":\"Article\",\"@id\":\"https:\/\/kunmedierne.dk\/mors\/vi-skal-have-et-naerhospital-paa-mors\/#article\",\"isPartOf\":{\"@id\":\"https:\/\/kunmedierne.dk\/mors\/vi-skal-have-et-naerhospital-paa-mors\/\"},\"author\":{\"name\":\"David H\u00f8jmark\",\"@id\":\"https:\/\/kunmedierne.dk\/mors\/#\/schema\/person\/5fe23251bf1d0abbcdc6f7896579d548\"},\"headline\":\"&#8211; Vi skal have et n\u00e6rhospital p\u00e5 Mors\",\"datePublished\":\"2021-10-07T14:58:26+00:00\",\"dateModified\":\"2024-08-12T11:36:06+00:00\",\"mainEntityOfPage\":{\"@id\":\"https:\/\/kunmedierne.dk\/mors\/vi-skal-have-et-naerhospital-paa-mors\/\"},\"wordCount\":883,\"commentCount\":0,\"publisher\":{\"@id\":\"https:\/\/kunmedierne.dk\/mors\/#organization\"},\"image\":{\"@id\":\"https:\/\/kunmedierne.dk\/mors\/vi-skal-have-et-naerhospital-paa-mors\/#primaryimage\"},\"thumbnailUrl\":\"https:\/\/kunmedierne.dk\/mors\/wp-content\/uploads\/2021\/10\/hospital.jpg\",\"keywords\":[\"Politik\"],\"articleSection\":[\"112\"],\"inLanguage\":\"da-DK\",\"potentialAction\":[{\"@type\":\"CommentAction\",\"name\":\"Comment\",\"target\":[\"https:\/\/kunmedierne.dk\/mors\/vi-skal-have-et-naerhospital-paa-mors\/#respond\"]}]},{\"@type\":\"WebPage\",\"@id\":\"https:\/\/kunmedierne.dk\/mors\/vi-skal-have-et-naerhospital-paa-mors\/\",\"url\":\"https:\/\/kunmedierne.dk\/mors\/vi-skal-have-et-naerhospital-paa-mors\/\",\"name\":\"- Vi skal have et n\u00e6rhospital p\u00e5 Mors - Mors\",\"isPartOf\":{\"@id\":\"https:\/\/kunmedierne.dk\/mors\/#website\"},\"primaryImageOfPage\":{\"@id\":\"https:\/\/kunmedierne.dk\/mors\/vi-skal-have-et-naerhospital-paa-mors\/#primaryimage\"},\"image\":{\"@id\":\"https:\/\/kunmedierne.dk\/mors\/vi-skal-have-et-naerhospital-paa-mors\/#primaryimage\"},\"thumbnailUrl\":\"https:\/\/kunmedierne.dk\/mors\/wp-content\/uploads\/2021\/10\/hospital.jpg\",\"datePublished\":\"2021-10-07T14:58:26+00:00\",\"dateModified\":\"2024-08-12T11:36:06+00:00\",\"breadcrumb\":{\"@id\":\"https:\/\/kunmedierne.dk\/mors\/vi-skal-have-et-naerhospital-paa-mors\/#breadcrumb\"},\"inLanguage\":\"da-DK\",\"potentialAction\":[{\"@type\":\"ReadAction\",\"target\":[\"https:\/\/kunmedierne.dk\/mors\/vi-skal-have-et-naerhospital-paa-mors\/\"]}]},{\"@type\":\"ImageObject\",\"inLanguage\":\"da-DK\",\"@id\":\"https:\/\/kunmedierne.dk\/mors\/vi-skal-have-et-naerhospital-paa-mors\/#primaryimage\",\"url\":\"https:\/\/kunmedierne.dk\/mors\/wp-content\/uploads\/2021\/10\/hospital.jpg\",\"contentUrl\":\"https:\/\/kunmedierne.dk\/mors\/wp-content\/uploads\/2021\/10\/hospital.jpg\",\"width\":770,\"height\":513,\"caption\":\"Modelfoto: Marcelo Leal\/Unsplash\"},{\"@type\":\"BreadcrumbList\",\"@id\":\"https:\/\/kunmedierne.dk\/mors\/vi-skal-have-et-naerhospital-paa-mors\/#breadcrumb\",\"itemListElement\":[{\"@type\":\"ListItem\",\"position\":1,\"name\":\"Hjem\",\"item\":\"https:\/\/kunmedierne.dk\/mors\/\"},{\"@type\":\"ListItem\",\"position\":2,\"name\":\"&#8211; Vi skal have et n\u00e6rhospital p\u00e5 Mors\"}]},{\"@type\":\"WebSite\",\"@id\":\"https:\/\/kunmedierne.dk\/mors\/#website\",\"url\":\"https:\/\/kunmedierne.dk\/mors\/\",\"name\":\"Mors\",\"description\":\"et netmedie med journalistik om livet p\u00e5 Mors\",\"publisher\":{\"@id\":\"https:\/\/kunmedierne.dk\/mors\/#organization\"},\"potentialAction\":[{\"@type\":\"SearchAction\",\"target\":{\"@type\":\"EntryPoint\",\"urlTemplate\":\"https:\/\/kunmedierne.dk\/mors\/?s={search_term_string}\"},\"query-input\":{\"@type\":\"PropertyValueSpecification\",\"valueRequired\":true,\"valueName\":\"search_term_string\"}}],\"inLanguage\":\"da-DK\"},{\"@type\":\"Organization\",\"@id\":\"https:\/\/kunmedierne.dk\/mors\/#organization\",\"name\":\"Mors\",\"url\":\"https:\/\/kunmedierne.dk\/mors\/\",\"logo\":{\"@type\":\"ImageObject\",\"inLanguage\":\"da-DK\",\"@id\":\"https:\/\/kunmedierne.dk\/mors\/#\/schema\/logo\/image\/\",\"url\":\"https:\/\/kunmedierne.dk\/mors\/wp-content\/uploads\/2024\/08\/kunmors-logo.svg\",\"contentUrl\":\"https:\/\/kunmedierne.dk\/mors\/wp-content\/uploads\/2024\/08\/kunmors-logo.svg\",\"caption\":\"Mors\"},\"image\":{\"@id\":\"https:\/\/kunmedierne.dk\/mors\/#\/schema\/logo\/image\/\"}},{\"@type\":\"Person\",\"@id\":\"https:\/\/kunmedierne.dk\/mors\/#\/schema\/person\/5fe23251bf1d0abbcdc6f7896579d548\",\"name\":\"David H\u00f8jmark\",\"image\":{\"@type\":\"ImageObject\",\"inLanguage\":\"da-DK\",\"@id\":\"https:\/\/kunmedierne.dk\/mors\/#\/schema\/person\/image\/\",\"url\":\"https:\/\/secure.gravatar.com\/avatar\/4315d6fb9ef244d729989f5f90268eb08d5bf8a3d84402f595fa194bb35784fd?s=96&d=mm&r=g\",\"contentUrl\":\"https:\/\/secure.gravatar.com\/avatar\/4315d6fb9ef244d729989f5f90268eb08d5bf8a3d84402f595fa194bb35784fd?s=96&d=mm&r=g\",\"caption\":\"David H\u00f8jmark\"},\"sameAs\":[\"https:\/\/www.kunmedierne.dk\"],\"url\":\"https:\/\/kunmedierne.dk\/mors\/author\/david\/\"}]}<\/script>\n<!-- \/ Yoast SEO plugin. -->","yoast_head_json":{"title":"- Vi skal have et n\u00e6rhospital p\u00e5 Mors - Mors","robots":{"index":"index","follow":"follow","max-snippet":"max-snippet:-1","max-image-preview":"max-image-preview:large","max-video-preview":"max-video-preview:-1"},"canonical":"https:\/\/kunmedierne.dk\/mors\/vi-skal-have-et-naerhospital-paa-mors\/","og_locale":"da_DK","og_type":"article","og_title":"- Vi skal have et n\u00e6rhospital p\u00e5 Mors - Mors","og_description":"MORS: Pladsen er der, bygningerne er velegnede, og omgivelserne er perfekte til form\u00e5let. S\u00e5 tilbage st\u00e5r bare at tr\u00e6ffe beslutningen om at g\u00f8re det tidligere sygehus i Strandparken i Nyk\u00f8bing til et n\u00e6rhospital. S\u00e5dan lyder vurderingen fra Peter Therkildsen (V), regionsr\u00e5dsmedlem og medlem af det sociale udvalg i Mors\u00f8 Kommune, om de n\u00e6rhospitaler, statsminister Mette [&hellip;]","og_url":"https:\/\/kunmedierne.dk\/mors\/vi-skal-have-et-naerhospital-paa-mors\/","og_site_name":"Mors","article_published_time":"2021-10-07T14:58:26+00:00","article_modified_time":"2024-08-12T11:36:06+00:00","og_image":[{"width":770,"height":513,"url":"https:\/\/kunmedierne.dk\/mors\/wp-content\/uploads\/2021\/10\/hospital.jpg","type":"image\/jpeg"}],"author":"David H\u00f8jmark","twitter_card":"summary_large_image","twitter_misc":{"Skrevet af":"David H\u00f8jmark","Estimeret l\u00e6setid":"5 minutter"},"schema":{"@context":"https:\/\/schema.org","@graph":[{"@type":"Article","@id":"https:\/\/kunmedierne.dk\/mors\/vi-skal-have-et-naerhospital-paa-mors\/#article","isPartOf":{"@id":"https:\/\/kunmedierne.dk\/mors\/vi-skal-have-et-naerhospital-paa-mors\/"},"author":{"name":"David H\u00f8jmark","@id":"https:\/\/kunmedierne.dk\/mors\/#\/schema\/person\/5fe23251bf1d0abbcdc6f7896579d548"},"headline":"&#8211; Vi skal have et n\u00e6rhospital p\u00e5 Mors","datePublished":"2021-10-07T14:58:26+00:00","dateModified":"2024-08-12T11:36:06+00:00","mainEntityOfPage":{"@id":"https:\/\/kunmedierne.dk\/mors\/vi-skal-have-et-naerhospital-paa-mors\/"},"wordCount":883,"commentCount":0,"publisher":{"@id":"https:\/\/kunmedierne.dk\/mors\/#organization"},"image":{"@id":"https:\/\/kunmedierne.dk\/mors\/vi-skal-have-et-naerhospital-paa-mors\/#primaryimage"},"thumbnailUrl":"https:\/\/kunmedierne.dk\/mors\/wp-content\/uploads\/2021\/10\/hospital.jpg","keywords":["Politik"],"articleSection":["112"],"inLanguage":"da-DK","potentialAction":[{"@type":"CommentAction","name":"Comment","target":["https:\/\/kunmedierne.dk\/mors\/vi-skal-have-et-naerhospital-paa-mors\/#respond"]}]},{"@type":"WebPage","@id":"https:\/\/kunmedierne.dk\/mors\/vi-skal-have-et-naerhospital-paa-mors\/","url":"https:\/\/kunmedierne.dk\/mors\/vi-skal-have-et-naerhospital-paa-mors\/","name":"- Vi skal have et n\u00e6rhospital p\u00e5 Mors - Mors","isPartOf":{"@id":"https:\/\/kunmedierne.dk\/mors\/#website"},"primaryImageOfPage":{"@id":"https:\/\/kunmedierne.dk\/mors\/vi-skal-have-et-naerhospital-paa-mors\/#primaryimage"},"image":{"@id":"https:\/\/kunmedierne.dk\/mors\/vi-skal-have-et-naerhospital-paa-mors\/#primaryimage"},"thumbnailUrl":"https:\/\/kunmedierne.dk\/mors\/wp-content\/uploads\/2021\/10\/hospital.jpg","datePublished":"2021-10-07T14:58:26+00:00","dateModified":"2024-08-12T11:36:06+00:00","breadcrumb":{"@id":"https:\/\/kunmedierne.dk\/mors\/vi-skal-have-et-naerhospital-paa-mors\/#breadcrumb"},"inLanguage":"da-DK","potentialAction":[{"@type":"ReadAction","target":["https:\/\/kunmedierne.dk\/mors\/vi-skal-have-et-naerhospital-paa-mors\/"]}]},{"@type":"ImageObject","inLanguage":"da-DK","@id":"https:\/\/kunmedierne.dk\/mors\/vi-skal-have-et-naerhospital-paa-mors\/#primaryimage","url":"https:\/\/kunmedierne.dk\/mors\/wp-content\/uploads\/2021\/10\/hospital.jpg","contentUrl":"https:\/\/kunmedierne.dk\/mors\/wp-content\/uploads\/2021\/10\/hospital.jpg","width":770,"height":513,"caption":"Modelfoto: Marcelo Leal\/Unsplash"},{"@type":"BreadcrumbList","@id":"https:\/\/kunmedierne.dk\/mors\/vi-skal-have-et-naerhospital-paa-mors\/#breadcrumb","itemListElement":[{"@type":"ListItem","position":1,"name":"Hjem","item":"https:\/\/kunmedierne.dk\/mors\/"},{"@type":"ListItem","position":2,"name":"&#8211; Vi skal have et n\u00e6rhospital p\u00e5 Mors"}]},{"@type":"WebSite","@id":"https:\/\/kunmedierne.dk\/mors\/#website","url":"https:\/\/kunmedierne.dk\/mors\/","name":"Mors","description":"et netmedie med journalistik om livet p\u00e5 Mors","publisher":{"@id":"https:\/\/kunmedierne.dk\/mors\/#organization"},"potentialAction":[{"@type":"SearchAction","target":{"@type":"EntryPoint","urlTemplate":"https:\/\/kunmedierne.dk\/mors\/?s={search_term_string}"},"query-input":{"@type":"PropertyValueSpecification","valueRequired":true,"valueName":"search_term_string"}}],"inLanguage":"da-DK"},{"@type":"Organization","@id":"https:\/\/kunmedierne.dk\/mors\/#organization","name":"Mors","url":"https:\/\/kunmedierne.dk\/mors\/","logo":{"@type":"ImageObject","inLanguage":"da-DK","@id":"https:\/\/kunmedierne.dk\/mors\/#\/schema\/logo\/image\/","url":"https:\/\/kunmedierne.dk\/mors\/wp-content\/uploads\/2024\/08\/kunmors-logo.svg","contentUrl":"https:\/\/kunmedierne.dk\/mors\/wp-content\/uploads\/2024\/08\/kunmors-logo.svg","caption":"Mors"},"image":{"@id":"https:\/\/kunmedierne.dk\/mors\/#\/schema\/logo\/image\/"}},{"@type":"Person","@id":"https:\/\/kunmedierne.dk\/mors\/#\/schema\/person\/5fe23251bf1d0abbcdc6f7896579d548","name":"David H\u00f8jmark","image":{"@type":"ImageObject","inLanguage":"da-DK","@id":"https:\/\/kunmedierne.dk\/mors\/#\/schema\/person\/image\/","url":"https:\/\/secure.gravatar.com\/avatar\/4315d6fb9ef244d729989f5f90268eb08d5bf8a3d84402f595fa194bb35784fd?s=96&d=mm&r=g","contentUrl":"https:\/\/secure.gravatar.com\/avatar\/4315d6fb9ef244d729989f5f90268eb08d5bf8a3d84402f595fa194bb35784fd?s=96&d=mm&r=g","caption":"David H\u00f8jmark"},"sameAs":["https:\/\/www.kunmedierne.dk"],"url":"https:\/\/kunmedierne.dk\/mors\/author\/david\/"}]}},"_links":{"self":[{"href":"https:\/\/kunmedierne.dk\/mors\/wp-json\/wp\/v2\/posts\/53989","targetHints":{"allow":["GET"]}}],"collection":[{"href":"https:\/\/kunmedierne.dk\/mors\/wp-json\/wp\/v2\/posts"}],"about":[{"href":"https:\/\/kunmedierne.dk\/mors\/wp-json\/wp\/v2\/types\/post"}],"author":[{"embeddable":true,"href":"https:\/\/kunmedierne.dk\/mors\/wp-json\/wp\/v2\/users\/8"}],"replies":[{"embeddable":true,"href":"https:\/\/kunmedierne.dk\/mors\/wp-json\/wp\/v2\/comments?post=53989"}],"version-history":[{"count":8,"href":"https:\/\/kunmedierne.dk\/mors\/wp-json\/wp\/v2\/posts\/53989\/revisions"}],"predecessor-version":[{"id":54001,"href":"https:\/\/kunmedierne.dk\/mors\/wp-json\/wp\/v2\/posts\/53989\/revisions\/54001"}],"wp:featuredmedia":[{"embeddable":true,"href":"https:\/\/kunmedierne.dk\/mors\/wp-json\/wp\/v2\/media\/53990"}],"wp:attachment":[{"href":"https:\/\/kunmedierne.dk\/mors\/wp-json\/wp\/v2\/media?parent=53989"}],"wp:term":[{"taxonomy":"category","embeddable":true,"href":"https:\/\/kunmedierne.dk\/mors\/wp-json\/wp\/v2\/categories?post=53989"},{"taxonomy":"post_tag","embeddable":true,"href":"https:\/\/kunmedierne.dk\/mors\/wp-json\/wp\/v2\/tags?post=53989"}],"curies":[{"name":"wp","href":"https:\/\/api.w.org\/{rel}","templated":true}]}}