{"id":53957,"date":"2021-10-07T11:28:09","date_gmt":"2021-10-07T09:28:09","guid":{"rendered":"https:\/\/kunmedierne.dk\/mors\/?p=53957"},"modified":"2024-08-12T13:36:06","modified_gmt":"2024-08-12T11:36:06","slug":"kampen-for-decentralisering-af-sundhedstilbud","status":"publish","type":"post","link":"https:\/\/kunmedierne.dk\/mors\/kampen-for-decentralisering-af-sundhedstilbud\/","title":{"rendered":"&#8211; Kampen for decentralisering af sundhedstilbud"},"content":{"rendered":"<p><em>Debatindl\u00e6g fra Tore M\u00fcller, borgmesterkandidat for Socialdemokratiet ved Kommunalvalg 2021:<\/em><\/p>\n<hr \/>\n<p><strong>MORS<\/strong>:\u00a0Den anden dag var jeg i politisk debat om \u00e6ldre og socialpolitik. I sidste uge holdt jeg h\u00f8sttale for beboerne p\u00e5 K\u00e6rvang. Vi bliver flere med kroniske sygdomme og psykiske lidelser. Og vi bliver flere og flere \u00e6ldre. Det betyder et behov for flere og lange ture til sygehuset. Den ene dag er det en blodpr\u00f8ve, den anden en samtale og den tredje en r\u00f8ntgenkontrol. Det er for besv\u00e6rligt og for tungt, selvom det er forholdsvist mindre diagnosticeringsting vi taler om. <a href=\"https:\/\/vognmand-filtenborg.dk\/\"><img loading=\"lazy\" decoding=\"async\" class=\"alignleft size-full wp-image-46594\" src=\"https:\/\/kunmedierne.dk\/mors\/wp-content\/uploads\/2021\/06\/t03.jpg\" alt=\"\" width=\"1400\" height=\"125\" srcset=\"https:\/\/kunmedierne.dk\/mors\/wp-content\/uploads\/2021\/06\/t03.jpg 1400w, https:\/\/kunmedierne.dk\/mors\/wp-content\/uploads\/2021\/06\/t03-300x27.jpg 300w, https:\/\/kunmedierne.dk\/mors\/wp-content\/uploads\/2021\/06\/t03-1024x91.jpg 1024w, https:\/\/kunmedierne.dk\/mors\/wp-content\/uploads\/2021\/06\/t03-768x69.jpg 768w, https:\/\/kunmedierne.dk\/mors\/wp-content\/uploads\/2021\/06\/t03-600x54.jpg 600w\" sizes=\"auto, (max-width: 1400px) 100vw, 1400px\" \/><\/a><\/p>\n<p>Derfor tr\u00e6kker jeg allerede kraftigt i alle de tr\u00e5de jeg kan op i region, folketing og regering, for at vi kan blive tilgodeset i eventuelle kommende planer om decentraliseringer i sundhedsv\u00e6snet. Vi morsingboer skal have s\u00e5 lige adgang til sundhed og tryghed, n\u00e5r livet g\u00f8r lidt ondt. Det vil v\u00e6re en investering i vores n\u00e6re velf\u00e6rd, og er en kamp jeg dagligt knokler for at vinde. Og s\u00e5 vil det hj\u00e6lpe med nye offentlige arbejdspladser i vores kommune. Jeg vil g\u00f8re hvad jeg kan for alle os der allerede bor her, det lover jeg!<\/p>\n<hr \/>\n<p><em>Har du et bidrag til den lokale debat? Send det til os p\u00e5 e-mail: debat@kunmedierne.dk\/mors. Husk at l\u00e6se korrektur inden afsendelse p\u00e5 indl\u00e6gget. <a href=\"https:\/\/www.sparnord.dk\/filialer\/nykoebing-mors\/\"><img loading=\"lazy\" decoding=\"async\" class=\"alignleft size-full wp-image-46595\" src=\"https:\/\/kunmedierne.dk\/mors\/wp-content\/uploads\/2021\/06\/t04.jpg\" alt=\"\" width=\"1400\" height=\"123\" srcset=\"https:\/\/kunmedierne.dk\/mors\/wp-content\/uploads\/2021\/06\/t04.jpg 1400w, https:\/\/kunmedierne.dk\/mors\/wp-content\/uploads\/2021\/06\/t04-300x26.jpg 300w, https:\/\/kunmedierne.dk\/mors\/wp-content\/uploads\/2021\/06\/t04-1024x90.jpg 1024w, https:\/\/kunmedierne.dk\/mors\/wp-content\/uploads\/2021\/06\/t04-768x67.jpg 768w, https:\/\/kunmedierne.dk\/mors\/wp-content\/uploads\/2021\/06\/t04-600x53.jpg 600w\" sizes=\"auto, (max-width: 1400px) 100vw, 1400px\" \/><\/a><\/em><\/p>\n<blockquote>\n<h4>Tilmeld dig vores gratis nyhedsbrev og vind et gavekort p\u00e5 500 kroner til\u00a0<a href=\"https:\/\/www.facebook.com\/brinckisenkramnykoebingmors\" target=\"_blank\" rel=\"noopener\">Brinck Isenkram<\/a>\u00a0eller en forl\u00e6ngelse af dit abonnement. L\u00e6s mere\u00a0<a href=\"https:\/\/kunmedierne.dk\/mors\/vind-gavekort-paa-500-kroner-til-brinck-isenkram\/\" target=\"_blank\" rel=\"noopener\">her<\/a>.<\/h4>\n<\/blockquote>\n","protected":false},"excerpt":{"rendered":"<p>Debatindl\u00e6g fra Tore M\u00fcller, borgmesterkandidat for Socialdemokratiet ved Kommunalvalg 2021: MORS:\u00a0Den anden dag var jeg i politisk debat om \u00e6ldre og socialpolitik. I sidste uge holdt jeg h\u00f8sttale for beboerne p\u00e5 K\u00e6rvang. Vi bliver flere med kroniske sygdomme og psykiske lidelser. Og vi bliver flere og flere \u00e6ldre. Det betyder et behov for flere og [&hellip;]<\/p>\n","protected":false},"author":11,"featured_media":53958,"comment_status":"open","ping_status":"open","sticky":false,"template":"","format":"standard","meta":{"_acf_changed":false,"footnotes":""},"categories":[56],"tags":[167],"class_list":["post-53957","post","type-post","status-publish","format-standard","has-post-thumbnail","hentry","category-debat","tag-politik"],"acf":[],"yoast_head":"<!-- This site is optimized with the Yoast SEO plugin v26.8 - https:\/\/yoast.com\/product\/yoast-seo-wordpress\/ -->\n<title>- Kampen for decentralisering af sundhedstilbud - Mors<\/title>\n<meta name=\"robots\" content=\"index, follow, max-snippet:-1, max-image-preview:large, max-video-preview:-1\" \/>\n<link rel=\"canonical\" href=\"https:\/\/kunmedierne.dk\/mors\/kampen-for-decentralisering-af-sundhedstilbud\/\" \/>\n<meta property=\"og:locale\" content=\"da_DK\" \/>\n<meta property=\"og:type\" content=\"article\" \/>\n<meta property=\"og:title\" content=\"- Kampen for decentralisering af sundhedstilbud - Mors\" \/>\n<meta property=\"og:description\" content=\"Debatindl\u00e6g fra Tore M\u00fcller, borgmesterkandidat for Socialdemokratiet ved Kommunalvalg 2021: MORS:\u00a0Den anden dag var jeg i politisk debat om \u00e6ldre og socialpolitik. I sidste uge holdt jeg h\u00f8sttale for beboerne p\u00e5 K\u00e6rvang. Vi bliver flere med kroniske sygdomme og psykiske lidelser. Og vi bliver flere og flere \u00e6ldre. Det betyder et behov for flere og [&hellip;]\" \/>\n<meta property=\"og:url\" content=\"https:\/\/kunmedierne.dk\/mors\/kampen-for-decentralisering-af-sundhedstilbud\/\" \/>\n<meta property=\"og:site_name\" content=\"Mors\" \/>\n<meta property=\"article:published_time\" content=\"2021-10-07T09:28:09+00:00\" \/>\n<meta property=\"article:modified_time\" content=\"2024-08-12T11:36:06+00:00\" \/>\n<meta property=\"og:image\" content=\"https:\/\/kunmedierne.dk\/mors\/wp-content\/uploads\/2021\/10\/tore-muller4.jpg\" \/>\n\t<meta property=\"og:image:width\" content=\"770\" \/>\n\t<meta property=\"og:image:height\" content=\"513\" \/>\n\t<meta property=\"og:image:type\" content=\"image\/jpeg\" \/>\n<meta name=\"author\" content=\"Debat\" \/>\n<meta name=\"twitter:card\" content=\"summary_large_image\" \/>\n<meta name=\"twitter:label1\" content=\"Skrevet af\" \/>\n\t<meta name=\"twitter:data1\" content=\"Debat\" \/>\n\t<meta name=\"twitter:label2\" content=\"Estimeret l\u00e6setid\" \/>\n\t<meta name=\"twitter:data2\" content=\"2 minutter\" \/>\n<script type=\"application\/ld+json\" class=\"yoast-schema-graph\">{\"@context\":\"https:\/\/schema.org\",\"@graph\":[{\"@type\":\"Article\",\"@id\":\"https:\/\/kunmedierne.dk\/mors\/kampen-for-decentralisering-af-sundhedstilbud\/#article\",\"isPartOf\":{\"@id\":\"https:\/\/kunmedierne.dk\/mors\/kampen-for-decentralisering-af-sundhedstilbud\/\"},\"author\":{\"name\":\"Debat\",\"@id\":\"https:\/\/kunmedierne.dk\/mors\/#\/schema\/person\/84c1391bce0b43b9bb3a49736bc0ad78\"},\"headline\":\"&#8211; Kampen for decentralisering af sundhedstilbud\",\"datePublished\":\"2021-10-07T09:28:09+00:00\",\"dateModified\":\"2024-08-12T11:36:06+00:00\",\"mainEntityOfPage\":{\"@id\":\"https:\/\/kunmedierne.dk\/mors\/kampen-for-decentralisering-af-sundhedstilbud\/\"},\"wordCount\":260,\"commentCount\":0,\"publisher\":{\"@id\":\"https:\/\/kunmedierne.dk\/mors\/#organization\"},\"image\":{\"@id\":\"https:\/\/kunmedierne.dk\/mors\/kampen-for-decentralisering-af-sundhedstilbud\/#primaryimage\"},\"thumbnailUrl\":\"https:\/\/kunmedierne.dk\/mors\/wp-content\/uploads\/2021\/10\/tore-muller4.jpg\",\"keywords\":[\"Politik\"],\"articleSection\":[\"Debat\"],\"inLanguage\":\"da-DK\",\"potentialAction\":[{\"@type\":\"CommentAction\",\"name\":\"Comment\",\"target\":[\"https:\/\/kunmedierne.dk\/mors\/kampen-for-decentralisering-af-sundhedstilbud\/#respond\"]}]},{\"@type\":\"WebPage\",\"@id\":\"https:\/\/kunmedierne.dk\/mors\/kampen-for-decentralisering-af-sundhedstilbud\/\",\"url\":\"https:\/\/kunmedierne.dk\/mors\/kampen-for-decentralisering-af-sundhedstilbud\/\",\"name\":\"- Kampen for decentralisering af sundhedstilbud - Mors\",\"isPartOf\":{\"@id\":\"https:\/\/kunmedierne.dk\/mors\/#website\"},\"primaryImageOfPage\":{\"@id\":\"https:\/\/kunmedierne.dk\/mors\/kampen-for-decentralisering-af-sundhedstilbud\/#primaryimage\"},\"image\":{\"@id\":\"https:\/\/kunmedierne.dk\/mors\/kampen-for-decentralisering-af-sundhedstilbud\/#primaryimage\"},\"thumbnailUrl\":\"https:\/\/kunmedierne.dk\/mors\/wp-content\/uploads\/2021\/10\/tore-muller4.jpg\",\"datePublished\":\"2021-10-07T09:28:09+00:00\",\"dateModified\":\"2024-08-12T11:36:06+00:00\",\"breadcrumb\":{\"@id\":\"https:\/\/kunmedierne.dk\/mors\/kampen-for-decentralisering-af-sundhedstilbud\/#breadcrumb\"},\"inLanguage\":\"da-DK\",\"potentialAction\":[{\"@type\":\"ReadAction\",\"target\":[\"https:\/\/kunmedierne.dk\/mors\/kampen-for-decentralisering-af-sundhedstilbud\/\"]}]},{\"@type\":\"ImageObject\",\"inLanguage\":\"da-DK\",\"@id\":\"https:\/\/kunmedierne.dk\/mors\/kampen-for-decentralisering-af-sundhedstilbud\/#primaryimage\",\"url\":\"https:\/\/kunmedierne.dk\/mors\/wp-content\/uploads\/2021\/10\/tore-muller4.jpg\",\"contentUrl\":\"https:\/\/kunmedierne.dk\/mors\/wp-content\/uploads\/2021\/10\/tore-muller4.jpg\",\"width\":770,\"height\":513,\"caption\":\"Tore M\u00fcller (S). Foto: Lars Horn\/Baghuset\"},{\"@type\":\"BreadcrumbList\",\"@id\":\"https:\/\/kunmedierne.dk\/mors\/kampen-for-decentralisering-af-sundhedstilbud\/#breadcrumb\",\"itemListElement\":[{\"@type\":\"ListItem\",\"position\":1,\"name\":\"Hjem\",\"item\":\"https:\/\/kunmedierne.dk\/mors\/\"},{\"@type\":\"ListItem\",\"position\":2,\"name\":\"&#8211; Kampen for decentralisering af sundhedstilbud\"}]},{\"@type\":\"WebSite\",\"@id\":\"https:\/\/kunmedierne.dk\/mors\/#website\",\"url\":\"https:\/\/kunmedierne.dk\/mors\/\",\"name\":\"Mors\",\"description\":\"et netmedie med journalistik om livet p\u00e5 Mors\",\"publisher\":{\"@id\":\"https:\/\/kunmedierne.dk\/mors\/#organization\"},\"potentialAction\":[{\"@type\":\"SearchAction\",\"target\":{\"@type\":\"EntryPoint\",\"urlTemplate\":\"https:\/\/kunmedierne.dk\/mors\/?s={search_term_string}\"},\"query-input\":{\"@type\":\"PropertyValueSpecification\",\"valueRequired\":true,\"valueName\":\"search_term_string\"}}],\"inLanguage\":\"da-DK\"},{\"@type\":\"Organization\",\"@id\":\"https:\/\/kunmedierne.dk\/mors\/#organization\",\"name\":\"Mors\",\"url\":\"https:\/\/kunmedierne.dk\/mors\/\",\"logo\":{\"@type\":\"ImageObject\",\"inLanguage\":\"da-DK\",\"@id\":\"https:\/\/kunmedierne.dk\/mors\/#\/schema\/logo\/image\/\",\"url\":\"https:\/\/kunmedierne.dk\/mors\/wp-content\/uploads\/2024\/08\/kunmors-logo.svg\",\"contentUrl\":\"https:\/\/kunmedierne.dk\/mors\/wp-content\/uploads\/2024\/08\/kunmors-logo.svg\",\"caption\":\"Mors\"},\"image\":{\"@id\":\"https:\/\/kunmedierne.dk\/mors\/#\/schema\/logo\/image\/\"}},{\"@type\":\"Person\",\"@id\":\"https:\/\/kunmedierne.dk\/mors\/#\/schema\/person\/84c1391bce0b43b9bb3a49736bc0ad78\",\"name\":\"Debat\",\"image\":{\"@type\":\"ImageObject\",\"inLanguage\":\"da-DK\",\"@id\":\"https:\/\/kunmedierne.dk\/mors\/#\/schema\/person\/image\/\",\"url\":\"https:\/\/secure.gravatar.com\/avatar\/b0fb2e221d618f7c65162ab0d49c7e8a0b580c871ca03af90e42b47b4150654c?s=96&d=mm&r=g\",\"contentUrl\":\"https:\/\/secure.gravatar.com\/avatar\/b0fb2e221d618f7c65162ab0d49c7e8a0b580c871ca03af90e42b47b4150654c?s=96&d=mm&r=g\",\"caption\":\"Debat\"},\"url\":\"https:\/\/kunmedierne.dk\/mors\/author\/debat\/\"}]}<\/script>\n<!-- \/ Yoast SEO plugin. -->","yoast_head_json":{"title":"- Kampen for decentralisering af sundhedstilbud - Mors","robots":{"index":"index","follow":"follow","max-snippet":"max-snippet:-1","max-image-preview":"max-image-preview:large","max-video-preview":"max-video-preview:-1"},"canonical":"https:\/\/kunmedierne.dk\/mors\/kampen-for-decentralisering-af-sundhedstilbud\/","og_locale":"da_DK","og_type":"article","og_title":"- Kampen for decentralisering af sundhedstilbud - Mors","og_description":"Debatindl\u00e6g fra Tore M\u00fcller, borgmesterkandidat for Socialdemokratiet ved Kommunalvalg 2021: MORS:\u00a0Den anden dag var jeg i politisk debat om \u00e6ldre og socialpolitik. I sidste uge holdt jeg h\u00f8sttale for beboerne p\u00e5 K\u00e6rvang. Vi bliver flere med kroniske sygdomme og psykiske lidelser. Og vi bliver flere og flere \u00e6ldre. Det betyder et behov for flere og [&hellip;]","og_url":"https:\/\/kunmedierne.dk\/mors\/kampen-for-decentralisering-af-sundhedstilbud\/","og_site_name":"Mors","article_published_time":"2021-10-07T09:28:09+00:00","article_modified_time":"2024-08-12T11:36:06+00:00","og_image":[{"width":770,"height":513,"url":"https:\/\/kunmedierne.dk\/mors\/wp-content\/uploads\/2021\/10\/tore-muller4.jpg","type":"image\/jpeg"}],"author":"Debat","twitter_card":"summary_large_image","twitter_misc":{"Skrevet af":"Debat","Estimeret l\u00e6setid":"2 minutter"},"schema":{"@context":"https:\/\/schema.org","@graph":[{"@type":"Article","@id":"https:\/\/kunmedierne.dk\/mors\/kampen-for-decentralisering-af-sundhedstilbud\/#article","isPartOf":{"@id":"https:\/\/kunmedierne.dk\/mors\/kampen-for-decentralisering-af-sundhedstilbud\/"},"author":{"name":"Debat","@id":"https:\/\/kunmedierne.dk\/mors\/#\/schema\/person\/84c1391bce0b43b9bb3a49736bc0ad78"},"headline":"&#8211; Kampen for decentralisering af sundhedstilbud","datePublished":"2021-10-07T09:28:09+00:00","dateModified":"2024-08-12T11:36:06+00:00","mainEntityOfPage":{"@id":"https:\/\/kunmedierne.dk\/mors\/kampen-for-decentralisering-af-sundhedstilbud\/"},"wordCount":260,"commentCount":0,"publisher":{"@id":"https:\/\/kunmedierne.dk\/mors\/#organization"},"image":{"@id":"https:\/\/kunmedierne.dk\/mors\/kampen-for-decentralisering-af-sundhedstilbud\/#primaryimage"},"thumbnailUrl":"https:\/\/kunmedierne.dk\/mors\/wp-content\/uploads\/2021\/10\/tore-muller4.jpg","keywords":["Politik"],"articleSection":["Debat"],"inLanguage":"da-DK","potentialAction":[{"@type":"CommentAction","name":"Comment","target":["https:\/\/kunmedierne.dk\/mors\/kampen-for-decentralisering-af-sundhedstilbud\/#respond"]}]},{"@type":"WebPage","@id":"https:\/\/kunmedierne.dk\/mors\/kampen-for-decentralisering-af-sundhedstilbud\/","url":"https:\/\/kunmedierne.dk\/mors\/kampen-for-decentralisering-af-sundhedstilbud\/","name":"- Kampen for decentralisering af sundhedstilbud - Mors","isPartOf":{"@id":"https:\/\/kunmedierne.dk\/mors\/#website"},"primaryImageOfPage":{"@id":"https:\/\/kunmedierne.dk\/mors\/kampen-for-decentralisering-af-sundhedstilbud\/#primaryimage"},"image":{"@id":"https:\/\/kunmedierne.dk\/mors\/kampen-for-decentralisering-af-sundhedstilbud\/#primaryimage"},"thumbnailUrl":"https:\/\/kunmedierne.dk\/mors\/wp-content\/uploads\/2021\/10\/tore-muller4.jpg","datePublished":"2021-10-07T09:28:09+00:00","dateModified":"2024-08-12T11:36:06+00:00","breadcrumb":{"@id":"https:\/\/kunmedierne.dk\/mors\/kampen-for-decentralisering-af-sundhedstilbud\/#breadcrumb"},"inLanguage":"da-DK","potentialAction":[{"@type":"ReadAction","target":["https:\/\/kunmedierne.dk\/mors\/kampen-for-decentralisering-af-sundhedstilbud\/"]}]},{"@type":"ImageObject","inLanguage":"da-DK","@id":"https:\/\/kunmedierne.dk\/mors\/kampen-for-decentralisering-af-sundhedstilbud\/#primaryimage","url":"https:\/\/kunmedierne.dk\/mors\/wp-content\/uploads\/2021\/10\/tore-muller4.jpg","contentUrl":"https:\/\/kunmedierne.dk\/mors\/wp-content\/uploads\/2021\/10\/tore-muller4.jpg","width":770,"height":513,"caption":"Tore M\u00fcller (S). Foto: Lars Horn\/Baghuset"},{"@type":"BreadcrumbList","@id":"https:\/\/kunmedierne.dk\/mors\/kampen-for-decentralisering-af-sundhedstilbud\/#breadcrumb","itemListElement":[{"@type":"ListItem","position":1,"name":"Hjem","item":"https:\/\/kunmedierne.dk\/mors\/"},{"@type":"ListItem","position":2,"name":"&#8211; Kampen for decentralisering af sundhedstilbud"}]},{"@type":"WebSite","@id":"https:\/\/kunmedierne.dk\/mors\/#website","url":"https:\/\/kunmedierne.dk\/mors\/","name":"Mors","description":"et netmedie med journalistik om livet p\u00e5 Mors","publisher":{"@id":"https:\/\/kunmedierne.dk\/mors\/#organization"},"potentialAction":[{"@type":"SearchAction","target":{"@type":"EntryPoint","urlTemplate":"https:\/\/kunmedierne.dk\/mors\/?s={search_term_string}"},"query-input":{"@type":"PropertyValueSpecification","valueRequired":true,"valueName":"search_term_string"}}],"inLanguage":"da-DK"},{"@type":"Organization","@id":"https:\/\/kunmedierne.dk\/mors\/#organization","name":"Mors","url":"https:\/\/kunmedierne.dk\/mors\/","logo":{"@type":"ImageObject","inLanguage":"da-DK","@id":"https:\/\/kunmedierne.dk\/mors\/#\/schema\/logo\/image\/","url":"https:\/\/kunmedierne.dk\/mors\/wp-content\/uploads\/2024\/08\/kunmors-logo.svg","contentUrl":"https:\/\/kunmedierne.dk\/mors\/wp-content\/uploads\/2024\/08\/kunmors-logo.svg","caption":"Mors"},"image":{"@id":"https:\/\/kunmedierne.dk\/mors\/#\/schema\/logo\/image\/"}},{"@type":"Person","@id":"https:\/\/kunmedierne.dk\/mors\/#\/schema\/person\/84c1391bce0b43b9bb3a49736bc0ad78","name":"Debat","image":{"@type":"ImageObject","inLanguage":"da-DK","@id":"https:\/\/kunmedierne.dk\/mors\/#\/schema\/person\/image\/","url":"https:\/\/secure.gravatar.com\/avatar\/b0fb2e221d618f7c65162ab0d49c7e8a0b580c871ca03af90e42b47b4150654c?s=96&d=mm&r=g","contentUrl":"https:\/\/secure.gravatar.com\/avatar\/b0fb2e221d618f7c65162ab0d49c7e8a0b580c871ca03af90e42b47b4150654c?s=96&d=mm&r=g","caption":"Debat"},"url":"https:\/\/kunmedierne.dk\/mors\/author\/debat\/"}]}},"_links":{"self":[{"href":"https:\/\/kunmedierne.dk\/mors\/wp-json\/wp\/v2\/posts\/53957","targetHints":{"allow":["GET"]}}],"collection":[{"href":"https:\/\/kunmedierne.dk\/mors\/wp-json\/wp\/v2\/posts"}],"about":[{"href":"https:\/\/kunmedierne.dk\/mors\/wp-json\/wp\/v2\/types\/post"}],"author":[{"embeddable":true,"href":"https:\/\/kunmedierne.dk\/mors\/wp-json\/wp\/v2\/users\/11"}],"replies":[{"embeddable":true,"href":"https:\/\/kunmedierne.dk\/mors\/wp-json\/wp\/v2\/comments?post=53957"}],"version-history":[{"count":1,"href":"https:\/\/kunmedierne.dk\/mors\/wp-json\/wp\/v2\/posts\/53957\/revisions"}],"predecessor-version":[{"id":53959,"href":"https:\/\/kunmedierne.dk\/mors\/wp-json\/wp\/v2\/posts\/53957\/revisions\/53959"}],"wp:featuredmedia":[{"embeddable":true,"href":"https:\/\/kunmedierne.dk\/mors\/wp-json\/wp\/v2\/media\/53958"}],"wp:attachment":[{"href":"https:\/\/kunmedierne.dk\/mors\/wp-json\/wp\/v2\/media?parent=53957"}],"wp:term":[{"taxonomy":"category","embeddable":true,"href":"https:\/\/kunmedierne.dk\/mors\/wp-json\/wp\/v2\/categories?post=53957"},{"taxonomy":"post_tag","embeddable":true,"href":"https:\/\/kunmedierne.dk\/mors\/wp-json\/wp\/v2\/tags?post=53957"}],"curies":[{"name":"wp","href":"https:\/\/api.w.org\/{rel}","templated":true}]}}