{"id":53895,"date":"2021-10-06T13:49:16","date_gmt":"2021-10-06T11:49:16","guid":{"rendered":"https:\/\/kunmedierne.dk\/mors\/?p=53895"},"modified":"2024-08-12T13:36:06","modified_gmt":"2024-08-12T11:36:06","slug":"top-meiner-noergaard-men-vi-er-ikke-i-maal","status":"publish","type":"post","link":"https:\/\/kunmedierne.dk\/mors\/top-meiner-noergaard-men-vi-er-ikke-i-maal\/","title":{"rendered":"&#8211; Top, Meiner N\u00f8rgaard, men vi er ikke i m\u00e5l!"},"content":{"rendered":"<p><em>Debatindl\u00e6g fra Bo Fink, kandidat for Radikale Venstre ved Kommunalvalg og Regionsr\u00e5dsvalg 2021:<\/em><\/p>\n<hr \/>\n<p><strong>MORS<\/strong>: Jeg er meget glad for at <a href=\"https:\/\/kunmedierne.dk\/mors\/beskaemmende-at-nedgoere-vores-flotte-natur\/\" target=\"_blank\" rel=\"noopener\">Meiner N\u00f8rgaard<\/a> er sprunget ud som gr\u00f8n. Jeg har efterh\u00e5nden deltaget i en del valgkampe med Meiner, og hvad natur og milj\u00f8 ang\u00e5r har et klassisk tema v\u00e6ret balancen mellem benyttelse og beskyttelse.<\/p>\n<p>Det har hidtil v\u00e6ret en noget sk\u00e6v balance med en mildest talt st\u00e6rk h\u00e6ldning mod benyttelse. Jeg minder om bataljerne om moleret. Men nu sker der endelig en dejlig forskydning mod beskyttelse. Og vi m\u00e5 holde momentum.<a href=\"https:\/\/www.fmspks.dk\/\"><img loading=\"lazy\" decoding=\"async\" class=\"alignleft size-full wp-image-46592\" src=\"https:\/\/kunmedierne.dk\/mors\/wp-content\/uploads\/2021\/06\/t01.jpg\" alt=\"\" width=\"1400\" height=\"125\" srcset=\"https:\/\/kunmedierne.dk\/mors\/wp-content\/uploads\/2021\/06\/t01.jpg 1400w, https:\/\/kunmedierne.dk\/mors\/wp-content\/uploads\/2021\/06\/t01-300x27.jpg 300w, https:\/\/kunmedierne.dk\/mors\/wp-content\/uploads\/2021\/06\/t01-1024x91.jpg 1024w, https:\/\/kunmedierne.dk\/mors\/wp-content\/uploads\/2021\/06\/t01-768x69.jpg 768w, https:\/\/kunmedierne.dk\/mors\/wp-content\/uploads\/2021\/06\/t01-600x54.jpg 600w\" sizes=\"auto, (max-width: 1400px) 100vw, 1400px\" \/><\/a><\/p>\n<p>V\u00e5domr\u00e5deindsatsen er helt n\u00f8dvendig og m\u00e5 forst\u00e6rkes. Havstigningerne vil ramme Mors h\u00e5rdt, og p\u00e5 kortet f\u00e5r man indtryk af, hvor meget af \u00f8en der vil forsvinde ved en havstigning p\u00e5 3 meter. Nu stiger havet nok kun 2 meter i l\u00f8bet af de n\u00e6ste 100 \u00e5r, s\u00e5 mange af de bl\u00e5 omr\u00e5der forsvinder ikke helt under havoverfladen, men de vil henligge som lavtliggende v\u00e5domr\u00e5der med hyppige oversv\u00f8mmelser, n\u00e5r vandet st\u00e5r h\u00f8jt i Limfjorden.<\/p>\n<p>Dejligt med plan for skovrejsning. Jeg tror bare arealet skal g\u00f8res st\u00f8rre. Der er netop nu kommet en redeg\u00f8relse for, hvor alvorligt det st\u00e5r til med drikkevandet, og det bliver snart helt umuligt at finde rent drikkevand. Beskyttelse af drikkevandsressourcen m\u00e5 v\u00e6re en topprioritet.\u00a0 Det er det i hvert fald for Radikale Venstre. Skovrejsning p\u00e5 Mors er det helt rigtige instrument at bruge. Grundvandets veje gennem jorden frem til drikkevandsboringerne er efterh\u00e5nden godt kortlagte.<a href=\"https:\/\/vester-begr.dk\"><img loading=\"lazy\" decoding=\"async\" class=\"alignleft size-full wp-image-53879\" src=\"https:\/\/kunmedierne.dk\/mors\/wp-content\/uploads\/2021\/10\/NY-Vester-Begravelse-TOP-BUND.jpg\" alt=\"\" width=\"1400\" height=\"125\" srcset=\"https:\/\/kunmedierne.dk\/mors\/wp-content\/uploads\/2021\/10\/NY-Vester-Begravelse-TOP-BUND.jpg 1400w, https:\/\/kunmedierne.dk\/mors\/wp-content\/uploads\/2021\/10\/NY-Vester-Begravelse-TOP-BUND-300x27.jpg 300w, https:\/\/kunmedierne.dk\/mors\/wp-content\/uploads\/2021\/10\/NY-Vester-Begravelse-TOP-BUND-1024x91.jpg 1024w, https:\/\/kunmedierne.dk\/mors\/wp-content\/uploads\/2021\/10\/NY-Vester-Begravelse-TOP-BUND-768x69.jpg 768w, https:\/\/kunmedierne.dk\/mors\/wp-content\/uploads\/2021\/10\/NY-Vester-Begravelse-TOP-BUND-600x54.jpg 600w\" sizes=\"auto, (max-width: 1400px) 100vw, 1400px\" \/><\/a><\/p>\n<p>Mit sp\u00f8rgsm\u00e5l til Meiner er derfor: Vil du v\u00e6re med til at udvide skovrejsningsarealet, s\u00e5 vi kan f\u00e5 tilplantet og beskyttet oplandene til drikkevandsboringerne p\u00e5 Mors? Men det kr\u00e6ver alts\u00e5 nogle flere hektar end du pt. l\u00e6gger op til.<\/p>\n<p>Jeg tror alle Morsingboer gl\u00e6der sig i lige h\u00f8j grad over vores super flotte landskaber, og at det er en arv, som vi skal v\u00e6rne om.<\/p>\n<p>S\u00e5dan vil Mors se ud ved h\u00f8jvande i fjorden, n\u00e5r det generelle havniveau stiger 2 meter:<\/p>\n<div id=\"attachment_53897\" style=\"width: 780px\" class=\"wp-caption alignleft\"><img loading=\"lazy\" decoding=\"async\" aria-describedby=\"caption-attachment-53897\" class=\"size-full wp-image-53897\" src=\"https:\/\/kunmedierne.dk\/mors\/wp-content\/uploads\/2021\/10\/Billede1.jpg\" alt=\"\" width=\"770\" height=\"952\" srcset=\"https:\/\/kunmedierne.dk\/mors\/wp-content\/uploads\/2021\/10\/Billede1.jpg 770w, https:\/\/kunmedierne.dk\/mors\/wp-content\/uploads\/2021\/10\/Billede1-243x300.jpg 243w, https:\/\/kunmedierne.dk\/mors\/wp-content\/uploads\/2021\/10\/Billede1-768x950.jpg 768w, https:\/\/kunmedierne.dk\/mors\/wp-content\/uploads\/2021\/10\/Billede1-600x742.jpg 600w\" sizes=\"auto, (max-width: 770px) 100vw, 770px\" \/><p id=\"caption-attachment-53897\" class=\"wp-caption-text\">Illustration: Bo Fink<\/p><\/div>\n<p>&nbsp;<\/p>\n<blockquote>\n<h4>Tilmeld dig vores nyhedsbrev nederst p\u00e5 siden og modtag KunMors som din daglige lokalavis. S\u00e5 deltager du samtidig i lodtr\u00e6kningen om udstyr fra\u00a0<a href=\"https:\/\/www.facebook.com\/jensen7950\" target=\"_blank\" rel=\"noopener\">Mobilhytten<\/a>\u00a0til 699 kroner. L\u00e6s\u00a0<a href=\"https:\/\/kunmedierne.dk\/mors\/vind-udstyr-fra-mobilhytten-for-699-kroner\/\" target=\"_blank\" rel=\"noopener\">her<\/a>\u00a0hvordan.<\/h4>\n<\/blockquote>\n","protected":false},"excerpt":{"rendered":"<p>Debatindl\u00e6g fra Bo Fink, kandidat for Radikale Venstre ved Kommunalvalg og Regionsr\u00e5dsvalg 2021: MORS: Jeg er meget glad for at Meiner N\u00f8rgaard er sprunget ud som gr\u00f8n. Jeg har efterh\u00e5nden deltaget i en del valgkampe med Meiner, og hvad natur og milj\u00f8 ang\u00e5r har et klassisk tema v\u00e6ret balancen mellem benyttelse og beskyttelse. Det har [&hellip;]<\/p>\n","protected":false},"author":11,"featured_media":53898,"comment_status":"open","ping_status":"open","sticky":false,"template":"","format":"standard","meta":{"_acf_changed":false,"footnotes":""},"categories":[56],"tags":[167],"class_list":["post-53895","post","type-post","status-publish","format-standard","has-post-thumbnail","hentry","category-debat","tag-politik"],"acf":[],"yoast_head":"<!-- This site is optimized with the Yoast SEO plugin v26.8 - https:\/\/yoast.com\/product\/yoast-seo-wordpress\/ -->\n<title>- Top, Meiner N\u00f8rgaard, men vi er ikke i m\u00e5l! - Mors<\/title>\n<meta name=\"robots\" content=\"index, follow, max-snippet:-1, max-image-preview:large, max-video-preview:-1\" \/>\n<link rel=\"canonical\" href=\"https:\/\/kunmedierne.dk\/mors\/top-meiner-noergaard-men-vi-er-ikke-i-maal\/\" \/>\n<meta property=\"og:locale\" content=\"da_DK\" \/>\n<meta property=\"og:type\" content=\"article\" \/>\n<meta property=\"og:title\" content=\"- Top, Meiner N\u00f8rgaard, men vi er ikke i m\u00e5l! - Mors\" \/>\n<meta property=\"og:description\" content=\"Debatindl\u00e6g fra Bo Fink, kandidat for Radikale Venstre ved Kommunalvalg og Regionsr\u00e5dsvalg 2021: MORS: Jeg er meget glad for at Meiner N\u00f8rgaard er sprunget ud som gr\u00f8n. Jeg har efterh\u00e5nden deltaget i en del valgkampe med Meiner, og hvad natur og milj\u00f8 ang\u00e5r har et klassisk tema v\u00e6ret balancen mellem benyttelse og beskyttelse. Det har [&hellip;]\" \/>\n<meta property=\"og:url\" content=\"https:\/\/kunmedierne.dk\/mors\/top-meiner-noergaard-men-vi-er-ikke-i-maal\/\" \/>\n<meta property=\"og:site_name\" content=\"Mors\" \/>\n<meta property=\"article:published_time\" content=\"2021-10-06T11:49:16+00:00\" \/>\n<meta property=\"article:modified_time\" content=\"2024-08-12T11:36:06+00:00\" \/>\n<meta property=\"og:image\" content=\"https:\/\/kunmedierne.dk\/mors\/wp-content\/uploads\/2021\/10\/bo-fink.jpg\" \/>\n\t<meta property=\"og:image:width\" content=\"770\" \/>\n\t<meta property=\"og:image:height\" content=\"513\" \/>\n\t<meta property=\"og:image:type\" content=\"image\/jpeg\" \/>\n<meta name=\"author\" content=\"Debat\" \/>\n<meta name=\"twitter:card\" content=\"summary_large_image\" \/>\n<meta name=\"twitter:label1\" content=\"Skrevet af\" \/>\n\t<meta name=\"twitter:data1\" content=\"Debat\" \/>\n\t<meta name=\"twitter:label2\" content=\"Estimeret l\u00e6setid\" \/>\n\t<meta name=\"twitter:data2\" content=\"3 minutter\" \/>\n<script type=\"application\/ld+json\" class=\"yoast-schema-graph\">{\"@context\":\"https:\/\/schema.org\",\"@graph\":[{\"@type\":\"Article\",\"@id\":\"https:\/\/kunmedierne.dk\/mors\/top-meiner-noergaard-men-vi-er-ikke-i-maal\/#article\",\"isPartOf\":{\"@id\":\"https:\/\/kunmedierne.dk\/mors\/top-meiner-noergaard-men-vi-er-ikke-i-maal\/\"},\"author\":{\"name\":\"Debat\",\"@id\":\"https:\/\/kunmedierne.dk\/mors\/#\/schema\/person\/84c1391bce0b43b9bb3a49736bc0ad78\"},\"headline\":\"&#8211; Top, Meiner N\u00f8rgaard, men vi er ikke i m\u00e5l!\",\"datePublished\":\"2021-10-06T11:49:16+00:00\",\"dateModified\":\"2024-08-12T11:36:06+00:00\",\"mainEntityOfPage\":{\"@id\":\"https:\/\/kunmedierne.dk\/mors\/top-meiner-noergaard-men-vi-er-ikke-i-maal\/\"},\"wordCount\":409,\"commentCount\":0,\"publisher\":{\"@id\":\"https:\/\/kunmedierne.dk\/mors\/#organization\"},\"image\":{\"@id\":\"https:\/\/kunmedierne.dk\/mors\/top-meiner-noergaard-men-vi-er-ikke-i-maal\/#primaryimage\"},\"thumbnailUrl\":\"https:\/\/kunmedierne.dk\/mors\/wp-content\/uploads\/2021\/10\/bo-fink.jpg\",\"keywords\":[\"Politik\"],\"articleSection\":[\"Debat\"],\"inLanguage\":\"da-DK\",\"potentialAction\":[{\"@type\":\"CommentAction\",\"name\":\"Comment\",\"target\":[\"https:\/\/kunmedierne.dk\/mors\/top-meiner-noergaard-men-vi-er-ikke-i-maal\/#respond\"]}]},{\"@type\":\"WebPage\",\"@id\":\"https:\/\/kunmedierne.dk\/mors\/top-meiner-noergaard-men-vi-er-ikke-i-maal\/\",\"url\":\"https:\/\/kunmedierne.dk\/mors\/top-meiner-noergaard-men-vi-er-ikke-i-maal\/\",\"name\":\"- Top, Meiner N\u00f8rgaard, men vi er ikke i m\u00e5l! - Mors\",\"isPartOf\":{\"@id\":\"https:\/\/kunmedierne.dk\/mors\/#website\"},\"primaryImageOfPage\":{\"@id\":\"https:\/\/kunmedierne.dk\/mors\/top-meiner-noergaard-men-vi-er-ikke-i-maal\/#primaryimage\"},\"image\":{\"@id\":\"https:\/\/kunmedierne.dk\/mors\/top-meiner-noergaard-men-vi-er-ikke-i-maal\/#primaryimage\"},\"thumbnailUrl\":\"https:\/\/kunmedierne.dk\/mors\/wp-content\/uploads\/2021\/10\/bo-fink.jpg\",\"datePublished\":\"2021-10-06T11:49:16+00:00\",\"dateModified\":\"2024-08-12T11:36:06+00:00\",\"breadcrumb\":{\"@id\":\"https:\/\/kunmedierne.dk\/mors\/top-meiner-noergaard-men-vi-er-ikke-i-maal\/#breadcrumb\"},\"inLanguage\":\"da-DK\",\"potentialAction\":[{\"@type\":\"ReadAction\",\"target\":[\"https:\/\/kunmedierne.dk\/mors\/top-meiner-noergaard-men-vi-er-ikke-i-maal\/\"]}]},{\"@type\":\"ImageObject\",\"inLanguage\":\"da-DK\",\"@id\":\"https:\/\/kunmedierne.dk\/mors\/top-meiner-noergaard-men-vi-er-ikke-i-maal\/#primaryimage\",\"url\":\"https:\/\/kunmedierne.dk\/mors\/wp-content\/uploads\/2021\/10\/bo-fink.jpg\",\"contentUrl\":\"https:\/\/kunmedierne.dk\/mors\/wp-content\/uploads\/2021\/10\/bo-fink.jpg\",\"width\":770,\"height\":513,\"caption\":\"Bo Fink, kandidat for Radikale Venstre ved b\u00e5de kommunal- og regionsr\u00e5dsvalget.\"},{\"@type\":\"BreadcrumbList\",\"@id\":\"https:\/\/kunmedierne.dk\/mors\/top-meiner-noergaard-men-vi-er-ikke-i-maal\/#breadcrumb\",\"itemListElement\":[{\"@type\":\"ListItem\",\"position\":1,\"name\":\"Hjem\",\"item\":\"https:\/\/kunmedierne.dk\/mors\/\"},{\"@type\":\"ListItem\",\"position\":2,\"name\":\"&#8211; Top, Meiner N\u00f8rgaard, men vi er ikke i m\u00e5l!\"}]},{\"@type\":\"WebSite\",\"@id\":\"https:\/\/kunmedierne.dk\/mors\/#website\",\"url\":\"https:\/\/kunmedierne.dk\/mors\/\",\"name\":\"Mors\",\"description\":\"et netmedie med journalistik om livet p\u00e5 Mors\",\"publisher\":{\"@id\":\"https:\/\/kunmedierne.dk\/mors\/#organization\"},\"potentialAction\":[{\"@type\":\"SearchAction\",\"target\":{\"@type\":\"EntryPoint\",\"urlTemplate\":\"https:\/\/kunmedierne.dk\/mors\/?s={search_term_string}\"},\"query-input\":{\"@type\":\"PropertyValueSpecification\",\"valueRequired\":true,\"valueName\":\"search_term_string\"}}],\"inLanguage\":\"da-DK\"},{\"@type\":\"Organization\",\"@id\":\"https:\/\/kunmedierne.dk\/mors\/#organization\",\"name\":\"Mors\",\"url\":\"https:\/\/kunmedierne.dk\/mors\/\",\"logo\":{\"@type\":\"ImageObject\",\"inLanguage\":\"da-DK\",\"@id\":\"https:\/\/kunmedierne.dk\/mors\/#\/schema\/logo\/image\/\",\"url\":\"https:\/\/kunmedierne.dk\/mors\/wp-content\/uploads\/2024\/08\/kunmors-logo.svg\",\"contentUrl\":\"https:\/\/kunmedierne.dk\/mors\/wp-content\/uploads\/2024\/08\/kunmors-logo.svg\",\"caption\":\"Mors\"},\"image\":{\"@id\":\"https:\/\/kunmedierne.dk\/mors\/#\/schema\/logo\/image\/\"}},{\"@type\":\"Person\",\"@id\":\"https:\/\/kunmedierne.dk\/mors\/#\/schema\/person\/84c1391bce0b43b9bb3a49736bc0ad78\",\"name\":\"Debat\",\"image\":{\"@type\":\"ImageObject\",\"inLanguage\":\"da-DK\",\"@id\":\"https:\/\/kunmedierne.dk\/mors\/#\/schema\/person\/image\/\",\"url\":\"https:\/\/secure.gravatar.com\/avatar\/b0fb2e221d618f7c65162ab0d49c7e8a0b580c871ca03af90e42b47b4150654c?s=96&d=mm&r=g\",\"contentUrl\":\"https:\/\/secure.gravatar.com\/avatar\/b0fb2e221d618f7c65162ab0d49c7e8a0b580c871ca03af90e42b47b4150654c?s=96&d=mm&r=g\",\"caption\":\"Debat\"},\"url\":\"https:\/\/kunmedierne.dk\/mors\/author\/debat\/\"}]}<\/script>\n<!-- \/ Yoast SEO plugin. -->","yoast_head_json":{"title":"- Top, Meiner N\u00f8rgaard, men vi er ikke i m\u00e5l! - Mors","robots":{"index":"index","follow":"follow","max-snippet":"max-snippet:-1","max-image-preview":"max-image-preview:large","max-video-preview":"max-video-preview:-1"},"canonical":"https:\/\/kunmedierne.dk\/mors\/top-meiner-noergaard-men-vi-er-ikke-i-maal\/","og_locale":"da_DK","og_type":"article","og_title":"- Top, Meiner N\u00f8rgaard, men vi er ikke i m\u00e5l! - Mors","og_description":"Debatindl\u00e6g fra Bo Fink, kandidat for Radikale Venstre ved Kommunalvalg og Regionsr\u00e5dsvalg 2021: MORS: Jeg er meget glad for at Meiner N\u00f8rgaard er sprunget ud som gr\u00f8n. Jeg har efterh\u00e5nden deltaget i en del valgkampe med Meiner, og hvad natur og milj\u00f8 ang\u00e5r har et klassisk tema v\u00e6ret balancen mellem benyttelse og beskyttelse. Det har [&hellip;]","og_url":"https:\/\/kunmedierne.dk\/mors\/top-meiner-noergaard-men-vi-er-ikke-i-maal\/","og_site_name":"Mors","article_published_time":"2021-10-06T11:49:16+00:00","article_modified_time":"2024-08-12T11:36:06+00:00","og_image":[{"width":770,"height":513,"url":"https:\/\/kunmedierne.dk\/mors\/wp-content\/uploads\/2021\/10\/bo-fink.jpg","type":"image\/jpeg"}],"author":"Debat","twitter_card":"summary_large_image","twitter_misc":{"Skrevet af":"Debat","Estimeret l\u00e6setid":"3 minutter"},"schema":{"@context":"https:\/\/schema.org","@graph":[{"@type":"Article","@id":"https:\/\/kunmedierne.dk\/mors\/top-meiner-noergaard-men-vi-er-ikke-i-maal\/#article","isPartOf":{"@id":"https:\/\/kunmedierne.dk\/mors\/top-meiner-noergaard-men-vi-er-ikke-i-maal\/"},"author":{"name":"Debat","@id":"https:\/\/kunmedierne.dk\/mors\/#\/schema\/person\/84c1391bce0b43b9bb3a49736bc0ad78"},"headline":"&#8211; Top, Meiner N\u00f8rgaard, men vi er ikke i m\u00e5l!","datePublished":"2021-10-06T11:49:16+00:00","dateModified":"2024-08-12T11:36:06+00:00","mainEntityOfPage":{"@id":"https:\/\/kunmedierne.dk\/mors\/top-meiner-noergaard-men-vi-er-ikke-i-maal\/"},"wordCount":409,"commentCount":0,"publisher":{"@id":"https:\/\/kunmedierne.dk\/mors\/#organization"},"image":{"@id":"https:\/\/kunmedierne.dk\/mors\/top-meiner-noergaard-men-vi-er-ikke-i-maal\/#primaryimage"},"thumbnailUrl":"https:\/\/kunmedierne.dk\/mors\/wp-content\/uploads\/2021\/10\/bo-fink.jpg","keywords":["Politik"],"articleSection":["Debat"],"inLanguage":"da-DK","potentialAction":[{"@type":"CommentAction","name":"Comment","target":["https:\/\/kunmedierne.dk\/mors\/top-meiner-noergaard-men-vi-er-ikke-i-maal\/#respond"]}]},{"@type":"WebPage","@id":"https:\/\/kunmedierne.dk\/mors\/top-meiner-noergaard-men-vi-er-ikke-i-maal\/","url":"https:\/\/kunmedierne.dk\/mors\/top-meiner-noergaard-men-vi-er-ikke-i-maal\/","name":"- Top, Meiner N\u00f8rgaard, men vi er ikke i m\u00e5l! - Mors","isPartOf":{"@id":"https:\/\/kunmedierne.dk\/mors\/#website"},"primaryImageOfPage":{"@id":"https:\/\/kunmedierne.dk\/mors\/top-meiner-noergaard-men-vi-er-ikke-i-maal\/#primaryimage"},"image":{"@id":"https:\/\/kunmedierne.dk\/mors\/top-meiner-noergaard-men-vi-er-ikke-i-maal\/#primaryimage"},"thumbnailUrl":"https:\/\/kunmedierne.dk\/mors\/wp-content\/uploads\/2021\/10\/bo-fink.jpg","datePublished":"2021-10-06T11:49:16+00:00","dateModified":"2024-08-12T11:36:06+00:00","breadcrumb":{"@id":"https:\/\/kunmedierne.dk\/mors\/top-meiner-noergaard-men-vi-er-ikke-i-maal\/#breadcrumb"},"inLanguage":"da-DK","potentialAction":[{"@type":"ReadAction","target":["https:\/\/kunmedierne.dk\/mors\/top-meiner-noergaard-men-vi-er-ikke-i-maal\/"]}]},{"@type":"ImageObject","inLanguage":"da-DK","@id":"https:\/\/kunmedierne.dk\/mors\/top-meiner-noergaard-men-vi-er-ikke-i-maal\/#primaryimage","url":"https:\/\/kunmedierne.dk\/mors\/wp-content\/uploads\/2021\/10\/bo-fink.jpg","contentUrl":"https:\/\/kunmedierne.dk\/mors\/wp-content\/uploads\/2021\/10\/bo-fink.jpg","width":770,"height":513,"caption":"Bo Fink, kandidat for Radikale Venstre ved b\u00e5de kommunal- og regionsr\u00e5dsvalget."},{"@type":"BreadcrumbList","@id":"https:\/\/kunmedierne.dk\/mors\/top-meiner-noergaard-men-vi-er-ikke-i-maal\/#breadcrumb","itemListElement":[{"@type":"ListItem","position":1,"name":"Hjem","item":"https:\/\/kunmedierne.dk\/mors\/"},{"@type":"ListItem","position":2,"name":"&#8211; Top, Meiner N\u00f8rgaard, men vi er ikke i m\u00e5l!"}]},{"@type":"WebSite","@id":"https:\/\/kunmedierne.dk\/mors\/#website","url":"https:\/\/kunmedierne.dk\/mors\/","name":"Mors","description":"et netmedie med journalistik om livet p\u00e5 Mors","publisher":{"@id":"https:\/\/kunmedierne.dk\/mors\/#organization"},"potentialAction":[{"@type":"SearchAction","target":{"@type":"EntryPoint","urlTemplate":"https:\/\/kunmedierne.dk\/mors\/?s={search_term_string}"},"query-input":{"@type":"PropertyValueSpecification","valueRequired":true,"valueName":"search_term_string"}}],"inLanguage":"da-DK"},{"@type":"Organization","@id":"https:\/\/kunmedierne.dk\/mors\/#organization","name":"Mors","url":"https:\/\/kunmedierne.dk\/mors\/","logo":{"@type":"ImageObject","inLanguage":"da-DK","@id":"https:\/\/kunmedierne.dk\/mors\/#\/schema\/logo\/image\/","url":"https:\/\/kunmedierne.dk\/mors\/wp-content\/uploads\/2024\/08\/kunmors-logo.svg","contentUrl":"https:\/\/kunmedierne.dk\/mors\/wp-content\/uploads\/2024\/08\/kunmors-logo.svg","caption":"Mors"},"image":{"@id":"https:\/\/kunmedierne.dk\/mors\/#\/schema\/logo\/image\/"}},{"@type":"Person","@id":"https:\/\/kunmedierne.dk\/mors\/#\/schema\/person\/84c1391bce0b43b9bb3a49736bc0ad78","name":"Debat","image":{"@type":"ImageObject","inLanguage":"da-DK","@id":"https:\/\/kunmedierne.dk\/mors\/#\/schema\/person\/image\/","url":"https:\/\/secure.gravatar.com\/avatar\/b0fb2e221d618f7c65162ab0d49c7e8a0b580c871ca03af90e42b47b4150654c?s=96&d=mm&r=g","contentUrl":"https:\/\/secure.gravatar.com\/avatar\/b0fb2e221d618f7c65162ab0d49c7e8a0b580c871ca03af90e42b47b4150654c?s=96&d=mm&r=g","caption":"Debat"},"url":"https:\/\/kunmedierne.dk\/mors\/author\/debat\/"}]}},"_links":{"self":[{"href":"https:\/\/kunmedierne.dk\/mors\/wp-json\/wp\/v2\/posts\/53895","targetHints":{"allow":["GET"]}}],"collection":[{"href":"https:\/\/kunmedierne.dk\/mors\/wp-json\/wp\/v2\/posts"}],"about":[{"href":"https:\/\/kunmedierne.dk\/mors\/wp-json\/wp\/v2\/types\/post"}],"author":[{"embeddable":true,"href":"https:\/\/kunmedierne.dk\/mors\/wp-json\/wp\/v2\/users\/11"}],"replies":[{"embeddable":true,"href":"https:\/\/kunmedierne.dk\/mors\/wp-json\/wp\/v2\/comments?post=53895"}],"version-history":[{"count":4,"href":"https:\/\/kunmedierne.dk\/mors\/wp-json\/wp\/v2\/posts\/53895\/revisions"}],"predecessor-version":[{"id":53901,"href":"https:\/\/kunmedierne.dk\/mors\/wp-json\/wp\/v2\/posts\/53895\/revisions\/53901"}],"wp:featuredmedia":[{"embeddable":true,"href":"https:\/\/kunmedierne.dk\/mors\/wp-json\/wp\/v2\/media\/53898"}],"wp:attachment":[{"href":"https:\/\/kunmedierne.dk\/mors\/wp-json\/wp\/v2\/media?parent=53895"}],"wp:term":[{"taxonomy":"category","embeddable":true,"href":"https:\/\/kunmedierne.dk\/mors\/wp-json\/wp\/v2\/categories?post=53895"},{"taxonomy":"post_tag","embeddable":true,"href":"https:\/\/kunmedierne.dk\/mors\/wp-json\/wp\/v2\/tags?post=53895"}],"curies":[{"name":"wp","href":"https:\/\/api.w.org\/{rel}","templated":true}]}}