{"id":53845,"date":"2021-10-05T23:20:37","date_gmt":"2021-10-05T21:20:37","guid":{"rendered":"https:\/\/kunmedierne.dk\/mors\/?p=53845"},"modified":"2024-08-12T13:36:06","modified_gmt":"2024-08-12T11:36:06","slug":"stop-for-lokal-centralisering","status":"publish","type":"post","link":"https:\/\/kunmedierne.dk\/mors\/stop-for-lokal-centralisering\/","title":{"rendered":"&#8211; Stop for lokal centralisering"},"content":{"rendered":"<p><em>Debatindl\u00e6g af Poul Kristensen, kandidat for Socialdemokratiet ved Kommunalvalg 2021:<\/em><\/p>\n<hr \/>\n<p><strong>MORS<\/strong>: Et n\u00e6rt familiemedlem gav mig for nogle \u00e5r siden bogen Udkantsmyten skrevet af nuv\u00e6rende indenrigs- og boligminister Kaare Dybvad. En p\u00e5 flere m\u00e5der rigtig sp\u00e6ndende og letl\u00e6st bog. Bogen indeholder citater\/henvisninger til navnkundige lokalpolitikere som Egon Plejdrup Poulsen og Axel Korsgaard, s\u00e5 rent lokalt er vi godt med.<\/p>\n<p>\u00c9n af teserne i bogen er at det ikke er korrekt at folk af egen drift flytter fra land til by. En centralisering som der er sket, er skabt af politikere, og der er ikke bel\u00e6g for at skrive at den samme centralisering sker over hele Europa. Det har v\u00e6ret et politisk \u00f8nske i Danmark at skabe centraliseringen.<a href=\"http:\/\/www.limfjordsteatret.dk\/#front\"><img loading=\"lazy\" decoding=\"async\" class=\"alignleft size-full wp-image-46596\" src=\"https:\/\/kunmedierne.dk\/mors\/wp-content\/uploads\/2021\/06\/t05.jpg\" alt=\"\" width=\"1400\" height=\"125\" srcset=\"https:\/\/kunmedierne.dk\/mors\/wp-content\/uploads\/2021\/06\/t05.jpg 1400w, https:\/\/kunmedierne.dk\/mors\/wp-content\/uploads\/2021\/06\/t05-300x27.jpg 300w, https:\/\/kunmedierne.dk\/mors\/wp-content\/uploads\/2021\/06\/t05-1024x91.jpg 1024w, https:\/\/kunmedierne.dk\/mors\/wp-content\/uploads\/2021\/06\/t05-768x69.jpg 768w, https:\/\/kunmedierne.dk\/mors\/wp-content\/uploads\/2021\/06\/t05-600x54.jpg 600w\" sizes=\"auto, (max-width: 1400px) 100vw, 1400px\" \/><\/a><\/p>\n<p>Ovenst\u00e5ende finder jeg ogs\u00e5 kan s\u00e6ttes p\u00e5 helt lokale forhold, hvor der for efterh\u00e5nden mange \u00e5r siden p\u00e5 Mors blev udn\u00e6vnt nogle centerbyer, og som med \u00e5rene er blevet til at det kun er \u00d8ster J\u00f8lby og Vils som der satses p\u00e5 som egentlig udviklingslandsbyer.<\/p>\n<p>Det er utrolig vigtigt at vi f\u00e5r stoppet det som nogen kalder dobbelt urbanisering, hvor vi landspolitisk r\u00e5ber op om at det kun er de store byer som f\u00e5r udvikling, og hvor vi selv lokalpolitisk flytter opgaver\/arbejdspladser fra landsbyerne ind til Nyk\u00f8bing. Vi er n\u00f8dt til at satse p\u00e5 b\u00e5de land og by. <a href=\"https:\/\/www.braendselsforeningen.dk\/\"><img loading=\"lazy\" decoding=\"async\" class=\"alignleft size-full wp-image-46597\" src=\"https:\/\/kunmedierne.dk\/mors\/wp-content\/uploads\/2021\/06\/t06.jpg\" alt=\"\" width=\"1425\" height=\"127\" srcset=\"https:\/\/kunmedierne.dk\/mors\/wp-content\/uploads\/2021\/06\/t06.jpg 1425w, https:\/\/kunmedierne.dk\/mors\/wp-content\/uploads\/2021\/06\/t06-300x27.jpg 300w, https:\/\/kunmedierne.dk\/mors\/wp-content\/uploads\/2021\/06\/t06-1024x91.jpg 1024w, https:\/\/kunmedierne.dk\/mors\/wp-content\/uploads\/2021\/06\/t06-768x68.jpg 768w, https:\/\/kunmedierne.dk\/mors\/wp-content\/uploads\/2021\/06\/t06-600x53.jpg 600w\" sizes=\"auto, (max-width: 1425px) 100vw, 1425px\" \/><\/a><\/p>\n<p>Vi har stadig ganske f\u00e5 kommunale institutioner liggende uden for Nyk\u00f8bing, hvorfor det gl\u00e6der mig meget at vi i valgopl\u00e6gget for Socialdemokratiet p\u00e5 Mors siger klart fra overfor nedl\u00e6ggelse af kommunale institutioner i den kommende valgperiode.<\/p>\n<p>Vi vil s\u00e5ledes kunne frede institutioner som f.eks. Plejehjemmet i Hvidbjerg, Erslev Skole og den institution jeg selv har v\u00e6ret med til at opbygge, B\u00f8rnehaven Maigaarden i Fr\u00f8slev.<\/p>\n<p>Men husk n\u00e6ste gang du m\u00f8der en lokalpolitiker som siger \u201dvi kan ikke g\u00f8re s\u00e5 meget, for ingen vil bo her\u201d at sige \u201dhvem er \u00e5rsag til at det er s\u00e5dan?\u201d<\/p>\n<hr \/>\n<p><a href=\"https:\/\/morsoe-begravelsesforretning.dk\/\"><img loading=\"lazy\" decoding=\"async\" class=\"alignleft size-full wp-image-46598\" src=\"https:\/\/kunmedierne.dk\/mors\/wp-content\/uploads\/2021\/06\/t07.jpg\" alt=\"\" width=\"1425\" height=\"127\" srcset=\"https:\/\/kunmedierne.dk\/mors\/wp-content\/uploads\/2021\/06\/t07.jpg 1425w, https:\/\/kunmedierne.dk\/mors\/wp-content\/uploads\/2021\/06\/t07-300x27.jpg 300w, https:\/\/kunmedierne.dk\/mors\/wp-content\/uploads\/2021\/06\/t07-1024x91.jpg 1024w, https:\/\/kunmedierne.dk\/mors\/wp-content\/uploads\/2021\/06\/t07-768x68.jpg 768w, https:\/\/kunmedierne.dk\/mors\/wp-content\/uploads\/2021\/06\/t07-600x53.jpg 600w\" sizes=\"auto, (max-width: 1425px) 100vw, 1425px\" \/><\/a><\/p>\n<blockquote>\n<h4>Tilmeld dig vores nyhedsbrev nederst p\u00e5 siden og modtag KunMors som din daglige lokalavis. S\u00e5 deltager du samtidig i lodtr\u00e6kningen om udstyr fra\u00a0<a href=\"https:\/\/www.facebook.com\/jensen7950\" target=\"_blank\" rel=\"noopener\">Mobilhytten<\/a>\u00a0til 699 kroner. L\u00e6s\u00a0<a href=\"https:\/\/kunmedierne.dk\/mors\/vind-udstyr-fra-mobilhytten-for-699-kroner\/\" target=\"_blank\" rel=\"noopener\">her<\/a>\u00a0hvordan.<\/h4>\n<\/blockquote>\n","protected":false},"excerpt":{"rendered":"<p>Debatindl\u00e6g af Poul Kristensen, kandidat for Socialdemokratiet ved Kommunalvalg 2021: MORS: Et n\u00e6rt familiemedlem gav mig for nogle \u00e5r siden bogen Udkantsmyten skrevet af nuv\u00e6rende indenrigs- og boligminister Kaare Dybvad. En p\u00e5 flere m\u00e5der rigtig sp\u00e6ndende og letl\u00e6st bog. Bogen indeholder citater\/henvisninger til navnkundige lokalpolitikere som Egon Plejdrup Poulsen og Axel Korsgaard, s\u00e5 rent lokalt [&hellip;]<\/p>\n","protected":false},"author":11,"featured_media":53851,"comment_status":"open","ping_status":"open","sticky":false,"template":"","format":"standard","meta":{"_acf_changed":false,"footnotes":""},"categories":[56],"tags":[167],"class_list":["post-53845","post","type-post","status-publish","format-standard","has-post-thumbnail","hentry","category-debat","tag-politik"],"acf":[],"yoast_head":"<!-- This site is optimized with the Yoast SEO plugin v26.8 - https:\/\/yoast.com\/product\/yoast-seo-wordpress\/ -->\n<title>- Stop for lokal centralisering - Mors<\/title>\n<meta name=\"robots\" content=\"index, follow, max-snippet:-1, max-image-preview:large, max-video-preview:-1\" \/>\n<link rel=\"canonical\" href=\"https:\/\/kunmedierne.dk\/mors\/stop-for-lokal-centralisering\/\" \/>\n<meta property=\"og:locale\" content=\"da_DK\" \/>\n<meta property=\"og:type\" content=\"article\" \/>\n<meta property=\"og:title\" content=\"- Stop for lokal centralisering - Mors\" \/>\n<meta property=\"og:description\" content=\"Debatindl\u00e6g af Poul Kristensen, kandidat for Socialdemokratiet ved Kommunalvalg 2021: MORS: Et n\u00e6rt familiemedlem gav mig for nogle \u00e5r siden bogen Udkantsmyten skrevet af nuv\u00e6rende indenrigs- og boligminister Kaare Dybvad. En p\u00e5 flere m\u00e5der rigtig sp\u00e6ndende og letl\u00e6st bog. Bogen indeholder citater\/henvisninger til navnkundige lokalpolitikere som Egon Plejdrup Poulsen og Axel Korsgaard, s\u00e5 rent lokalt [&hellip;]\" \/>\n<meta property=\"og:url\" content=\"https:\/\/kunmedierne.dk\/mors\/stop-for-lokal-centralisering\/\" \/>\n<meta property=\"og:site_name\" content=\"Mors\" \/>\n<meta property=\"article:published_time\" content=\"2021-10-05T21:20:37+00:00\" \/>\n<meta property=\"article:modified_time\" content=\"2024-08-12T11:36:06+00:00\" \/>\n<meta property=\"og:image\" content=\"https:\/\/kunmedierne.dk\/mors\/wp-content\/uploads\/2021\/10\/poul-kristensen-debat.jpg\" \/>\n\t<meta property=\"og:image:width\" content=\"770\" \/>\n\t<meta property=\"og:image:height\" content=\"513\" \/>\n\t<meta property=\"og:image:type\" content=\"image\/jpeg\" \/>\n<meta name=\"author\" content=\"Debat\" \/>\n<meta name=\"twitter:card\" content=\"summary_large_image\" \/>\n<meta name=\"twitter:label1\" content=\"Skrevet af\" \/>\n\t<meta name=\"twitter:data1\" content=\"Debat\" \/>\n\t<meta name=\"twitter:label2\" content=\"Estimeret l\u00e6setid\" \/>\n\t<meta name=\"twitter:data2\" content=\"3 minutter\" \/>\n<script type=\"application\/ld+json\" class=\"yoast-schema-graph\">{\"@context\":\"https:\/\/schema.org\",\"@graph\":[{\"@type\":\"Article\",\"@id\":\"https:\/\/kunmedierne.dk\/mors\/stop-for-lokal-centralisering\/#article\",\"isPartOf\":{\"@id\":\"https:\/\/kunmedierne.dk\/mors\/stop-for-lokal-centralisering\/\"},\"author\":{\"name\":\"Debat\",\"@id\":\"https:\/\/kunmedierne.dk\/mors\/#\/schema\/person\/84c1391bce0b43b9bb3a49736bc0ad78\"},\"headline\":\"&#8211; Stop for lokal centralisering\",\"datePublished\":\"2021-10-05T21:20:37+00:00\",\"dateModified\":\"2024-08-12T11:36:06+00:00\",\"mainEntityOfPage\":{\"@id\":\"https:\/\/kunmedierne.dk\/mors\/stop-for-lokal-centralisering\/\"},\"wordCount\":378,\"commentCount\":0,\"publisher\":{\"@id\":\"https:\/\/kunmedierne.dk\/mors\/#organization\"},\"image\":{\"@id\":\"https:\/\/kunmedierne.dk\/mors\/stop-for-lokal-centralisering\/#primaryimage\"},\"thumbnailUrl\":\"https:\/\/kunmedierne.dk\/mors\/wp-content\/uploads\/2021\/10\/poul-kristensen-debat.jpg\",\"keywords\":[\"Politik\"],\"articleSection\":[\"Debat\"],\"inLanguage\":\"da-DK\",\"potentialAction\":[{\"@type\":\"CommentAction\",\"name\":\"Comment\",\"target\":[\"https:\/\/kunmedierne.dk\/mors\/stop-for-lokal-centralisering\/#respond\"]}]},{\"@type\":\"WebPage\",\"@id\":\"https:\/\/kunmedierne.dk\/mors\/stop-for-lokal-centralisering\/\",\"url\":\"https:\/\/kunmedierne.dk\/mors\/stop-for-lokal-centralisering\/\",\"name\":\"- Stop for lokal centralisering - Mors\",\"isPartOf\":{\"@id\":\"https:\/\/kunmedierne.dk\/mors\/#website\"},\"primaryImageOfPage\":{\"@id\":\"https:\/\/kunmedierne.dk\/mors\/stop-for-lokal-centralisering\/#primaryimage\"},\"image\":{\"@id\":\"https:\/\/kunmedierne.dk\/mors\/stop-for-lokal-centralisering\/#primaryimage\"},\"thumbnailUrl\":\"https:\/\/kunmedierne.dk\/mors\/wp-content\/uploads\/2021\/10\/poul-kristensen-debat.jpg\",\"datePublished\":\"2021-10-05T21:20:37+00:00\",\"dateModified\":\"2024-08-12T11:36:06+00:00\",\"breadcrumb\":{\"@id\":\"https:\/\/kunmedierne.dk\/mors\/stop-for-lokal-centralisering\/#breadcrumb\"},\"inLanguage\":\"da-DK\",\"potentialAction\":[{\"@type\":\"ReadAction\",\"target\":[\"https:\/\/kunmedierne.dk\/mors\/stop-for-lokal-centralisering\/\"]}]},{\"@type\":\"ImageObject\",\"inLanguage\":\"da-DK\",\"@id\":\"https:\/\/kunmedierne.dk\/mors\/stop-for-lokal-centralisering\/#primaryimage\",\"url\":\"https:\/\/kunmedierne.dk\/mors\/wp-content\/uploads\/2021\/10\/poul-kristensen-debat.jpg\",\"contentUrl\":\"https:\/\/kunmedierne.dk\/mors\/wp-content\/uploads\/2021\/10\/poul-kristensen-debat.jpg\",\"width\":770,\"height\":513,\"caption\":\"Poul Kristensen, kandidat for Socialdemokratiet ved Kommunalvalg 2021.\"},{\"@type\":\"BreadcrumbList\",\"@id\":\"https:\/\/kunmedierne.dk\/mors\/stop-for-lokal-centralisering\/#breadcrumb\",\"itemListElement\":[{\"@type\":\"ListItem\",\"position\":1,\"name\":\"Hjem\",\"item\":\"https:\/\/kunmedierne.dk\/mors\/\"},{\"@type\":\"ListItem\",\"position\":2,\"name\":\"&#8211; Stop for lokal centralisering\"}]},{\"@type\":\"WebSite\",\"@id\":\"https:\/\/kunmedierne.dk\/mors\/#website\",\"url\":\"https:\/\/kunmedierne.dk\/mors\/\",\"name\":\"Mors\",\"description\":\"et netmedie med journalistik om livet p\u00e5 Mors\",\"publisher\":{\"@id\":\"https:\/\/kunmedierne.dk\/mors\/#organization\"},\"potentialAction\":[{\"@type\":\"SearchAction\",\"target\":{\"@type\":\"EntryPoint\",\"urlTemplate\":\"https:\/\/kunmedierne.dk\/mors\/?s={search_term_string}\"},\"query-input\":{\"@type\":\"PropertyValueSpecification\",\"valueRequired\":true,\"valueName\":\"search_term_string\"}}],\"inLanguage\":\"da-DK\"},{\"@type\":\"Organization\",\"@id\":\"https:\/\/kunmedierne.dk\/mors\/#organization\",\"name\":\"Mors\",\"url\":\"https:\/\/kunmedierne.dk\/mors\/\",\"logo\":{\"@type\":\"ImageObject\",\"inLanguage\":\"da-DK\",\"@id\":\"https:\/\/kunmedierne.dk\/mors\/#\/schema\/logo\/image\/\",\"url\":\"https:\/\/kunmedierne.dk\/mors\/wp-content\/uploads\/2024\/08\/kunmors-logo.svg\",\"contentUrl\":\"https:\/\/kunmedierne.dk\/mors\/wp-content\/uploads\/2024\/08\/kunmors-logo.svg\",\"caption\":\"Mors\"},\"image\":{\"@id\":\"https:\/\/kunmedierne.dk\/mors\/#\/schema\/logo\/image\/\"}},{\"@type\":\"Person\",\"@id\":\"https:\/\/kunmedierne.dk\/mors\/#\/schema\/person\/84c1391bce0b43b9bb3a49736bc0ad78\",\"name\":\"Debat\",\"image\":{\"@type\":\"ImageObject\",\"inLanguage\":\"da-DK\",\"@id\":\"https:\/\/kunmedierne.dk\/mors\/#\/schema\/person\/image\/\",\"url\":\"https:\/\/secure.gravatar.com\/avatar\/b0fb2e221d618f7c65162ab0d49c7e8a0b580c871ca03af90e42b47b4150654c?s=96&d=mm&r=g\",\"contentUrl\":\"https:\/\/secure.gravatar.com\/avatar\/b0fb2e221d618f7c65162ab0d49c7e8a0b580c871ca03af90e42b47b4150654c?s=96&d=mm&r=g\",\"caption\":\"Debat\"},\"url\":\"https:\/\/kunmedierne.dk\/mors\/author\/debat\/\"}]}<\/script>\n<!-- \/ Yoast SEO plugin. -->","yoast_head_json":{"title":"- Stop for lokal centralisering - Mors","robots":{"index":"index","follow":"follow","max-snippet":"max-snippet:-1","max-image-preview":"max-image-preview:large","max-video-preview":"max-video-preview:-1"},"canonical":"https:\/\/kunmedierne.dk\/mors\/stop-for-lokal-centralisering\/","og_locale":"da_DK","og_type":"article","og_title":"- Stop for lokal centralisering - Mors","og_description":"Debatindl\u00e6g af Poul Kristensen, kandidat for Socialdemokratiet ved Kommunalvalg 2021: MORS: Et n\u00e6rt familiemedlem gav mig for nogle \u00e5r siden bogen Udkantsmyten skrevet af nuv\u00e6rende indenrigs- og boligminister Kaare Dybvad. En p\u00e5 flere m\u00e5der rigtig sp\u00e6ndende og letl\u00e6st bog. Bogen indeholder citater\/henvisninger til navnkundige lokalpolitikere som Egon Plejdrup Poulsen og Axel Korsgaard, s\u00e5 rent lokalt [&hellip;]","og_url":"https:\/\/kunmedierne.dk\/mors\/stop-for-lokal-centralisering\/","og_site_name":"Mors","article_published_time":"2021-10-05T21:20:37+00:00","article_modified_time":"2024-08-12T11:36:06+00:00","og_image":[{"width":770,"height":513,"url":"https:\/\/kunmedierne.dk\/mors\/wp-content\/uploads\/2021\/10\/poul-kristensen-debat.jpg","type":"image\/jpeg"}],"author":"Debat","twitter_card":"summary_large_image","twitter_misc":{"Skrevet af":"Debat","Estimeret l\u00e6setid":"3 minutter"},"schema":{"@context":"https:\/\/schema.org","@graph":[{"@type":"Article","@id":"https:\/\/kunmedierne.dk\/mors\/stop-for-lokal-centralisering\/#article","isPartOf":{"@id":"https:\/\/kunmedierne.dk\/mors\/stop-for-lokal-centralisering\/"},"author":{"name":"Debat","@id":"https:\/\/kunmedierne.dk\/mors\/#\/schema\/person\/84c1391bce0b43b9bb3a49736bc0ad78"},"headline":"&#8211; Stop for lokal centralisering","datePublished":"2021-10-05T21:20:37+00:00","dateModified":"2024-08-12T11:36:06+00:00","mainEntityOfPage":{"@id":"https:\/\/kunmedierne.dk\/mors\/stop-for-lokal-centralisering\/"},"wordCount":378,"commentCount":0,"publisher":{"@id":"https:\/\/kunmedierne.dk\/mors\/#organization"},"image":{"@id":"https:\/\/kunmedierne.dk\/mors\/stop-for-lokal-centralisering\/#primaryimage"},"thumbnailUrl":"https:\/\/kunmedierne.dk\/mors\/wp-content\/uploads\/2021\/10\/poul-kristensen-debat.jpg","keywords":["Politik"],"articleSection":["Debat"],"inLanguage":"da-DK","potentialAction":[{"@type":"CommentAction","name":"Comment","target":["https:\/\/kunmedierne.dk\/mors\/stop-for-lokal-centralisering\/#respond"]}]},{"@type":"WebPage","@id":"https:\/\/kunmedierne.dk\/mors\/stop-for-lokal-centralisering\/","url":"https:\/\/kunmedierne.dk\/mors\/stop-for-lokal-centralisering\/","name":"- Stop for lokal centralisering - Mors","isPartOf":{"@id":"https:\/\/kunmedierne.dk\/mors\/#website"},"primaryImageOfPage":{"@id":"https:\/\/kunmedierne.dk\/mors\/stop-for-lokal-centralisering\/#primaryimage"},"image":{"@id":"https:\/\/kunmedierne.dk\/mors\/stop-for-lokal-centralisering\/#primaryimage"},"thumbnailUrl":"https:\/\/kunmedierne.dk\/mors\/wp-content\/uploads\/2021\/10\/poul-kristensen-debat.jpg","datePublished":"2021-10-05T21:20:37+00:00","dateModified":"2024-08-12T11:36:06+00:00","breadcrumb":{"@id":"https:\/\/kunmedierne.dk\/mors\/stop-for-lokal-centralisering\/#breadcrumb"},"inLanguage":"da-DK","potentialAction":[{"@type":"ReadAction","target":["https:\/\/kunmedierne.dk\/mors\/stop-for-lokal-centralisering\/"]}]},{"@type":"ImageObject","inLanguage":"da-DK","@id":"https:\/\/kunmedierne.dk\/mors\/stop-for-lokal-centralisering\/#primaryimage","url":"https:\/\/kunmedierne.dk\/mors\/wp-content\/uploads\/2021\/10\/poul-kristensen-debat.jpg","contentUrl":"https:\/\/kunmedierne.dk\/mors\/wp-content\/uploads\/2021\/10\/poul-kristensen-debat.jpg","width":770,"height":513,"caption":"Poul Kristensen, kandidat for Socialdemokratiet ved Kommunalvalg 2021."},{"@type":"BreadcrumbList","@id":"https:\/\/kunmedierne.dk\/mors\/stop-for-lokal-centralisering\/#breadcrumb","itemListElement":[{"@type":"ListItem","position":1,"name":"Hjem","item":"https:\/\/kunmedierne.dk\/mors\/"},{"@type":"ListItem","position":2,"name":"&#8211; Stop for lokal centralisering"}]},{"@type":"WebSite","@id":"https:\/\/kunmedierne.dk\/mors\/#website","url":"https:\/\/kunmedierne.dk\/mors\/","name":"Mors","description":"et netmedie med journalistik om livet p\u00e5 Mors","publisher":{"@id":"https:\/\/kunmedierne.dk\/mors\/#organization"},"potentialAction":[{"@type":"SearchAction","target":{"@type":"EntryPoint","urlTemplate":"https:\/\/kunmedierne.dk\/mors\/?s={search_term_string}"},"query-input":{"@type":"PropertyValueSpecification","valueRequired":true,"valueName":"search_term_string"}}],"inLanguage":"da-DK"},{"@type":"Organization","@id":"https:\/\/kunmedierne.dk\/mors\/#organization","name":"Mors","url":"https:\/\/kunmedierne.dk\/mors\/","logo":{"@type":"ImageObject","inLanguage":"da-DK","@id":"https:\/\/kunmedierne.dk\/mors\/#\/schema\/logo\/image\/","url":"https:\/\/kunmedierne.dk\/mors\/wp-content\/uploads\/2024\/08\/kunmors-logo.svg","contentUrl":"https:\/\/kunmedierne.dk\/mors\/wp-content\/uploads\/2024\/08\/kunmors-logo.svg","caption":"Mors"},"image":{"@id":"https:\/\/kunmedierne.dk\/mors\/#\/schema\/logo\/image\/"}},{"@type":"Person","@id":"https:\/\/kunmedierne.dk\/mors\/#\/schema\/person\/84c1391bce0b43b9bb3a49736bc0ad78","name":"Debat","image":{"@type":"ImageObject","inLanguage":"da-DK","@id":"https:\/\/kunmedierne.dk\/mors\/#\/schema\/person\/image\/","url":"https:\/\/secure.gravatar.com\/avatar\/b0fb2e221d618f7c65162ab0d49c7e8a0b580c871ca03af90e42b47b4150654c?s=96&d=mm&r=g","contentUrl":"https:\/\/secure.gravatar.com\/avatar\/b0fb2e221d618f7c65162ab0d49c7e8a0b580c871ca03af90e42b47b4150654c?s=96&d=mm&r=g","caption":"Debat"},"url":"https:\/\/kunmedierne.dk\/mors\/author\/debat\/"}]}},"_links":{"self":[{"href":"https:\/\/kunmedierne.dk\/mors\/wp-json\/wp\/v2\/posts\/53845","targetHints":{"allow":["GET"]}}],"collection":[{"href":"https:\/\/kunmedierne.dk\/mors\/wp-json\/wp\/v2\/posts"}],"about":[{"href":"https:\/\/kunmedierne.dk\/mors\/wp-json\/wp\/v2\/types\/post"}],"author":[{"embeddable":true,"href":"https:\/\/kunmedierne.dk\/mors\/wp-json\/wp\/v2\/users\/11"}],"replies":[{"embeddable":true,"href":"https:\/\/kunmedierne.dk\/mors\/wp-json\/wp\/v2\/comments?post=53845"}],"version-history":[{"count":1,"href":"https:\/\/kunmedierne.dk\/mors\/wp-json\/wp\/v2\/posts\/53845\/revisions"}],"predecessor-version":[{"id":53852,"href":"https:\/\/kunmedierne.dk\/mors\/wp-json\/wp\/v2\/posts\/53845\/revisions\/53852"}],"wp:featuredmedia":[{"embeddable":true,"href":"https:\/\/kunmedierne.dk\/mors\/wp-json\/wp\/v2\/media\/53851"}],"wp:attachment":[{"href":"https:\/\/kunmedierne.dk\/mors\/wp-json\/wp\/v2\/media?parent=53845"}],"wp:term":[{"taxonomy":"category","embeddable":true,"href":"https:\/\/kunmedierne.dk\/mors\/wp-json\/wp\/v2\/categories?post=53845"},{"taxonomy":"post_tag","embeddable":true,"href":"https:\/\/kunmedierne.dk\/mors\/wp-json\/wp\/v2\/tags?post=53845"}],"curies":[{"name":"wp","href":"https:\/\/api.w.org\/{rel}","templated":true}]}}