{"id":53785,"date":"2021-10-05T08:17:07","date_gmt":"2021-10-05T06:17:07","guid":{"rendered":"https:\/\/kunmedierne.dk\/mors\/?p=53785"},"modified":"2024-08-12T13:36:07","modified_gmt":"2024-08-12T11:36:07","slug":"vi-skal-vaere-danmarks-mest-erhvervsvenlige-kommune","status":"publish","type":"post","link":"https:\/\/kunmedierne.dk\/mors\/vi-skal-vaere-danmarks-mest-erhvervsvenlige-kommune\/","title":{"rendered":"&#8211; Vi skal v\u00e6re Danmarks mest erhvervsvenlige kommune"},"content":{"rendered":"<p><em>Debatindl\u00e6g fra 2. viceborgmester Meiner N\u00f8rgaard, medlem af kommunalbestyrelsen for Dansk Folkeparti og formand for Mors\u00f8 Kommunes udvalg for teknik og milj\u00f8:<\/em><\/p>\n<hr \/>\n<p>Mors\u00f8 Kommune skal v\u00e6re Danmarks mest erhvervsvenlige kommune. Og hvorfor er det vigtigt? Det er det fordi, at de arbejdspladser vores mange dygtige og veldrevne lokale erhvervsvirksomheder har, og vil skabe i fremtiden, h\u00e6nger n\u00f8je sammen med at Mors\u00f8 Kommune fremover kan tilbyde en bedre service til vores borgere. Den \u00f8gede aktivitet i erhvervslivet og i samfundet danner en \u00f8konomisk og samfundsm\u00e6ssig grobund for at Mors\u00f8 Kommune kan styrke indsatsen p\u00e5 de n\u00e6re velf\u00e6rdsomr\u00e5der. <a href=\"https:\/\/www.sparnord.dk\/filialer\/nykoebing-mors\/\"><img loading=\"lazy\" decoding=\"async\" class=\"alignleft size-full wp-image-46595\" src=\"https:\/\/kunmedierne.dk\/mors\/wp-content\/uploads\/2021\/06\/t04.jpg\" alt=\"\" width=\"1400\" height=\"123\" srcset=\"https:\/\/kunmedierne.dk\/mors\/wp-content\/uploads\/2021\/06\/t04.jpg 1400w, https:\/\/kunmedierne.dk\/mors\/wp-content\/uploads\/2021\/06\/t04-300x26.jpg 300w, https:\/\/kunmedierne.dk\/mors\/wp-content\/uploads\/2021\/06\/t04-1024x90.jpg 1024w, https:\/\/kunmedierne.dk\/mors\/wp-content\/uploads\/2021\/06\/t04-768x67.jpg 768w, https:\/\/kunmedierne.dk\/mors\/wp-content\/uploads\/2021\/06\/t04-600x53.jpg 600w\" sizes=\"auto, (max-width: 1400px) 100vw, 1400px\" \/><\/a><\/p>\n<p>Og vi har bevist at udviklingen af vores lokale erhvervsliv, sagtens kan g\u00e5 h\u00e5nd i h\u00e5nd med det omkringliggende samfund og tilpasses i lokalomr\u00e5derne, samtidig med de \u00f8vrige tiltag der sker, bla. at vi gerne vil \u00f8ge muligheden for at endnu flere kan komme ud og opleve vores flotte natur. Det er blot et sp\u00f8rgsm\u00e5l om rettidig planl\u00e6gning.<\/p>\n<p>Antallet af lokale arbejdspladser er ogs\u00e5 vigtigt i forhold til at vi gerne vil have flere til at bo p\u00e5 Mors. I skrivende stund er vi faktisk flere morsingboere, end da vi gik ind i 2021. Der er flere der flytter til Mors, end der flytter fra Mors. Vi oplever en \u00f8get foresp\u00f8rgsel p\u00e5 bomuligheder, b\u00e5de i Nyk\u00f8bing og i vores lokalomr\u00e5der rundt omkring p\u00e5 Mors. Og den tendens er et udtryk for den politik, det borgerlige flertal p\u00e5 Mors har f\u00f8rt igennem de seneste to valgperioder. Og det er selvf\u00f8lgelig en tendens vi skal udvikle og f\u00f8lge op p\u00e5, og g\u00f8re Mors til et endnu bedre sted at bo. <a href=\"http:\/\/www.limfjordsteatret.dk\/#front\"><img loading=\"lazy\" decoding=\"async\" class=\"alignleft size-full wp-image-46596\" src=\"https:\/\/kunmedierne.dk\/mors\/wp-content\/uploads\/2021\/06\/t05.jpg\" alt=\"\" width=\"1400\" height=\"125\" srcset=\"https:\/\/kunmedierne.dk\/mors\/wp-content\/uploads\/2021\/06\/t05.jpg 1400w, https:\/\/kunmedierne.dk\/mors\/wp-content\/uploads\/2021\/06\/t05-300x27.jpg 300w, https:\/\/kunmedierne.dk\/mors\/wp-content\/uploads\/2021\/06\/t05-1024x91.jpg 1024w, https:\/\/kunmedierne.dk\/mors\/wp-content\/uploads\/2021\/06\/t05-768x69.jpg 768w, https:\/\/kunmedierne.dk\/mors\/wp-content\/uploads\/2021\/06\/t05-600x54.jpg 600w\" sizes=\"auto, (max-width: 1400px) 100vw, 1400px\" \/><\/a><\/p>\n<p>Og kan det lade sig g\u00f8re at blive Danmarks mest erhvervsvenlige kommune? Ja, det kan det. Dansk Industri udkommer hvert \u00e5r med en opg\u00f8relse over samtlige 98 kommuner i landet. Og fakta er, at da det borgerlige flertal tog over fra socialdemokraterne og jeg startede som Formand for Teknisk Udvalg for knap 8 \u00e5r siden, l\u00e5 Mors\u00f8 Kommune p\u00e5 en plads som nummer 80. I 2021 ligger vi p\u00e5 en flot 11 plads p\u00e5 landsplan og p\u00e5 1. pladsen i Nordjylland p\u00e5 ranglisten over de mest erhvervsvenlige kommuner.<\/p>\n<p>Jeg opfordrer til at vi sammen forts\u00e6tter det lange seje tr\u00e6k, det er til gavn for b\u00e5de unge, \u00e6ldre, nuv\u00e6rende og fremtidige morsingboere.<\/p>\n<hr \/>\n<p><em>Har du et bidrag til den lokale debat? Send det til os p\u00e5 e-mail: debat@kunmedierne.dk\/mors. Husk at l\u00e6se korrektur inden afsendelse p\u00e5 indl\u00e6gget. <a href=\"http:\/\/www.limfjordsteatret.dk\/#front\"><img loading=\"lazy\" decoding=\"async\" class=\"alignleft size-full wp-image-46597\" src=\"https:\/\/kunmedierne.dk\/mors\/wp-content\/uploads\/2021\/06\/t06.jpg\" alt=\"\" width=\"1425\" height=\"127\" srcset=\"https:\/\/kunmedierne.dk\/mors\/wp-content\/uploads\/2021\/06\/t06.jpg 1425w, https:\/\/kunmedierne.dk\/mors\/wp-content\/uploads\/2021\/06\/t06-300x27.jpg 300w, https:\/\/kunmedierne.dk\/mors\/wp-content\/uploads\/2021\/06\/t06-1024x91.jpg 1024w, https:\/\/kunmedierne.dk\/mors\/wp-content\/uploads\/2021\/06\/t06-768x68.jpg 768w, https:\/\/kunmedierne.dk\/mors\/wp-content\/uploads\/2021\/06\/t06-600x53.jpg 600w\" sizes=\"auto, (max-width: 1425px) 100vw, 1425px\" \/><\/a><\/em><\/p>\n<blockquote>\n<h4>TIP: Find samlingen af tags i bunden af sk\u00e6rmen og klik p\u00e5 &#8220;<a href=\"https:\/\/kunmedierne.dk\/mors\/tag\/politik\/\" target=\"_blank\" rel=\"noopener\">politik<\/a>&#8220;, hvis du vil finde alt indhold p\u00e5 KunMors, der har med politik at g\u00f8re.<\/h4>\n<\/blockquote>\n","protected":false},"excerpt":{"rendered":"<p>Debatindl\u00e6g fra 2. viceborgmester Meiner N\u00f8rgaard, medlem af kommunalbestyrelsen for Dansk Folkeparti og formand for Mors\u00f8 Kommunes udvalg for teknik og milj\u00f8: Mors\u00f8 Kommune skal v\u00e6re Danmarks mest erhvervsvenlige kommune. Og hvorfor er det vigtigt? Det er det fordi, at de arbejdspladser vores mange dygtige og veldrevne lokale erhvervsvirksomheder har, og vil skabe i fremtiden, [&hellip;]<\/p>\n","protected":false},"author":11,"featured_media":17024,"comment_status":"open","ping_status":"open","sticky":false,"template":"","format":"standard","meta":{"_acf_changed":false,"footnotes":""},"categories":[56],"tags":[159,167],"class_list":["post-53785","post","type-post","status-publish","format-standard","has-post-thumbnail","hentry","category-debat","tag-erhverv","tag-politik"],"acf":[],"yoast_head":"<!-- This site is optimized with the Yoast SEO plugin v26.8 - https:\/\/yoast.com\/product\/yoast-seo-wordpress\/ -->\n<title>- Vi skal v\u00e6re Danmarks mest erhvervsvenlige kommune - Mors<\/title>\n<meta name=\"robots\" content=\"index, follow, max-snippet:-1, max-image-preview:large, max-video-preview:-1\" \/>\n<link rel=\"canonical\" href=\"https:\/\/kunmedierne.dk\/mors\/vi-skal-vaere-danmarks-mest-erhvervsvenlige-kommune\/\" \/>\n<meta property=\"og:locale\" content=\"da_DK\" \/>\n<meta property=\"og:type\" content=\"article\" \/>\n<meta property=\"og:title\" content=\"- Vi skal v\u00e6re Danmarks mest erhvervsvenlige kommune - Mors\" \/>\n<meta property=\"og:description\" content=\"Debatindl\u00e6g fra 2. viceborgmester Meiner N\u00f8rgaard, medlem af kommunalbestyrelsen for Dansk Folkeparti og formand for Mors\u00f8 Kommunes udvalg for teknik og milj\u00f8: Mors\u00f8 Kommune skal v\u00e6re Danmarks mest erhvervsvenlige kommune. Og hvorfor er det vigtigt? Det er det fordi, at de arbejdspladser vores mange dygtige og veldrevne lokale erhvervsvirksomheder har, og vil skabe i fremtiden, [&hellip;]\" \/>\n<meta property=\"og:url\" content=\"https:\/\/kunmedierne.dk\/mors\/vi-skal-vaere-danmarks-mest-erhvervsvenlige-kommune\/\" \/>\n<meta property=\"og:site_name\" content=\"Mors\" \/>\n<meta property=\"article:published_time\" content=\"2021-10-05T06:17:07+00:00\" \/>\n<meta property=\"article:modified_time\" content=\"2024-08-12T11:36:07+00:00\" \/>\n<meta property=\"og:image\" content=\"https:\/\/kunmedierne.dk\/mors\/wp-content\/uploads\/2020\/04\/200407-meiner-n\u00f8rgaard.jpg\" \/>\n\t<meta property=\"og:image:width\" content=\"770\" \/>\n\t<meta property=\"og:image:height\" content=\"513\" \/>\n\t<meta property=\"og:image:type\" content=\"image\/jpeg\" \/>\n<meta name=\"author\" content=\"Debat\" \/>\n<meta name=\"twitter:card\" content=\"summary_large_image\" \/>\n<meta name=\"twitter:label1\" content=\"Skrevet af\" \/>\n\t<meta name=\"twitter:data1\" content=\"Debat\" \/>\n\t<meta name=\"twitter:label2\" content=\"Estimeret l\u00e6setid\" \/>\n\t<meta name=\"twitter:data2\" content=\"3 minutter\" \/>\n<script type=\"application\/ld+json\" class=\"yoast-schema-graph\">{\"@context\":\"https:\/\/schema.org\",\"@graph\":[{\"@type\":\"Article\",\"@id\":\"https:\/\/kunmedierne.dk\/mors\/vi-skal-vaere-danmarks-mest-erhvervsvenlige-kommune\/#article\",\"isPartOf\":{\"@id\":\"https:\/\/kunmedierne.dk\/mors\/vi-skal-vaere-danmarks-mest-erhvervsvenlige-kommune\/\"},\"author\":{\"name\":\"Debat\",\"@id\":\"https:\/\/kunmedierne.dk\/mors\/#\/schema\/person\/84c1391bce0b43b9bb3a49736bc0ad78\"},\"headline\":\"&#8211; Vi skal v\u00e6re Danmarks mest erhvervsvenlige kommune\",\"datePublished\":\"2021-10-05T06:17:07+00:00\",\"dateModified\":\"2024-08-12T11:36:07+00:00\",\"mainEntityOfPage\":{\"@id\":\"https:\/\/kunmedierne.dk\/mors\/vi-skal-vaere-danmarks-mest-erhvervsvenlige-kommune\/\"},\"wordCount\":461,\"commentCount\":0,\"publisher\":{\"@id\":\"https:\/\/kunmedierne.dk\/mors\/#organization\"},\"image\":{\"@id\":\"https:\/\/kunmedierne.dk\/mors\/vi-skal-vaere-danmarks-mest-erhvervsvenlige-kommune\/#primaryimage\"},\"thumbnailUrl\":\"https:\/\/kunmedierne.dk\/mors\/wp-content\/uploads\/2020\/04\/200407-meiner-n\u00f8rgaard.jpg\",\"keywords\":[\"Erhverv\",\"Politik\"],\"articleSection\":[\"Debat\"],\"inLanguage\":\"da-DK\",\"potentialAction\":[{\"@type\":\"CommentAction\",\"name\":\"Comment\",\"target\":[\"https:\/\/kunmedierne.dk\/mors\/vi-skal-vaere-danmarks-mest-erhvervsvenlige-kommune\/#respond\"]}]},{\"@type\":\"WebPage\",\"@id\":\"https:\/\/kunmedierne.dk\/mors\/vi-skal-vaere-danmarks-mest-erhvervsvenlige-kommune\/\",\"url\":\"https:\/\/kunmedierne.dk\/mors\/vi-skal-vaere-danmarks-mest-erhvervsvenlige-kommune\/\",\"name\":\"- Vi skal v\u00e6re Danmarks mest erhvervsvenlige kommune - Mors\",\"isPartOf\":{\"@id\":\"https:\/\/kunmedierne.dk\/mors\/#website\"},\"primaryImageOfPage\":{\"@id\":\"https:\/\/kunmedierne.dk\/mors\/vi-skal-vaere-danmarks-mest-erhvervsvenlige-kommune\/#primaryimage\"},\"image\":{\"@id\":\"https:\/\/kunmedierne.dk\/mors\/vi-skal-vaere-danmarks-mest-erhvervsvenlige-kommune\/#primaryimage\"},\"thumbnailUrl\":\"https:\/\/kunmedierne.dk\/mors\/wp-content\/uploads\/2020\/04\/200407-meiner-n\u00f8rgaard.jpg\",\"datePublished\":\"2021-10-05T06:17:07+00:00\",\"dateModified\":\"2024-08-12T11:36:07+00:00\",\"breadcrumb\":{\"@id\":\"https:\/\/kunmedierne.dk\/mors\/vi-skal-vaere-danmarks-mest-erhvervsvenlige-kommune\/#breadcrumb\"},\"inLanguage\":\"da-DK\",\"potentialAction\":[{\"@type\":\"ReadAction\",\"target\":[\"https:\/\/kunmedierne.dk\/mors\/vi-skal-vaere-danmarks-mest-erhvervsvenlige-kommune\/\"]}]},{\"@type\":\"ImageObject\",\"inLanguage\":\"da-DK\",\"@id\":\"https:\/\/kunmedierne.dk\/mors\/vi-skal-vaere-danmarks-mest-erhvervsvenlige-kommune\/#primaryimage\",\"url\":\"https:\/\/kunmedierne.dk\/mors\/wp-content\/uploads\/2020\/04\/200407-meiner-n\u00f8rgaard.jpg\",\"contentUrl\":\"https:\/\/kunmedierne.dk\/mors\/wp-content\/uploads\/2020\/04\/200407-meiner-n\u00f8rgaard.jpg\",\"width\":770,\"height\":513,\"caption\":\"Meiner N\u00f8rgaard (DF). Foto: Per Bech\/Mors\u00f8 Kommune.\"},{\"@type\":\"BreadcrumbList\",\"@id\":\"https:\/\/kunmedierne.dk\/mors\/vi-skal-vaere-danmarks-mest-erhvervsvenlige-kommune\/#breadcrumb\",\"itemListElement\":[{\"@type\":\"ListItem\",\"position\":1,\"name\":\"Hjem\",\"item\":\"https:\/\/kunmedierne.dk\/mors\/\"},{\"@type\":\"ListItem\",\"position\":2,\"name\":\"&#8211; Vi skal v\u00e6re Danmarks mest erhvervsvenlige kommune\"}]},{\"@type\":\"WebSite\",\"@id\":\"https:\/\/kunmedierne.dk\/mors\/#website\",\"url\":\"https:\/\/kunmedierne.dk\/mors\/\",\"name\":\"Mors\",\"description\":\"et netmedie med journalistik om livet p\u00e5 Mors\",\"publisher\":{\"@id\":\"https:\/\/kunmedierne.dk\/mors\/#organization\"},\"potentialAction\":[{\"@type\":\"SearchAction\",\"target\":{\"@type\":\"EntryPoint\",\"urlTemplate\":\"https:\/\/kunmedierne.dk\/mors\/?s={search_term_string}\"},\"query-input\":{\"@type\":\"PropertyValueSpecification\",\"valueRequired\":true,\"valueName\":\"search_term_string\"}}],\"inLanguage\":\"da-DK\"},{\"@type\":\"Organization\",\"@id\":\"https:\/\/kunmedierne.dk\/mors\/#organization\",\"name\":\"Mors\",\"url\":\"https:\/\/kunmedierne.dk\/mors\/\",\"logo\":{\"@type\":\"ImageObject\",\"inLanguage\":\"da-DK\",\"@id\":\"https:\/\/kunmedierne.dk\/mors\/#\/schema\/logo\/image\/\",\"url\":\"https:\/\/kunmedierne.dk\/mors\/wp-content\/uploads\/2024\/08\/kunmors-logo.svg\",\"contentUrl\":\"https:\/\/kunmedierne.dk\/mors\/wp-content\/uploads\/2024\/08\/kunmors-logo.svg\",\"caption\":\"Mors\"},\"image\":{\"@id\":\"https:\/\/kunmedierne.dk\/mors\/#\/schema\/logo\/image\/\"}},{\"@type\":\"Person\",\"@id\":\"https:\/\/kunmedierne.dk\/mors\/#\/schema\/person\/84c1391bce0b43b9bb3a49736bc0ad78\",\"name\":\"Debat\",\"image\":{\"@type\":\"ImageObject\",\"inLanguage\":\"da-DK\",\"@id\":\"https:\/\/kunmedierne.dk\/mors\/#\/schema\/person\/image\/\",\"url\":\"https:\/\/secure.gravatar.com\/avatar\/b0fb2e221d618f7c65162ab0d49c7e8a0b580c871ca03af90e42b47b4150654c?s=96&d=mm&r=g\",\"contentUrl\":\"https:\/\/secure.gravatar.com\/avatar\/b0fb2e221d618f7c65162ab0d49c7e8a0b580c871ca03af90e42b47b4150654c?s=96&d=mm&r=g\",\"caption\":\"Debat\"},\"url\":\"https:\/\/kunmedierne.dk\/mors\/author\/debat\/\"}]}<\/script>\n<!-- \/ Yoast SEO plugin. -->","yoast_head_json":{"title":"- Vi skal v\u00e6re Danmarks mest erhvervsvenlige kommune - Mors","robots":{"index":"index","follow":"follow","max-snippet":"max-snippet:-1","max-image-preview":"max-image-preview:large","max-video-preview":"max-video-preview:-1"},"canonical":"https:\/\/kunmedierne.dk\/mors\/vi-skal-vaere-danmarks-mest-erhvervsvenlige-kommune\/","og_locale":"da_DK","og_type":"article","og_title":"- Vi skal v\u00e6re Danmarks mest erhvervsvenlige kommune - Mors","og_description":"Debatindl\u00e6g fra 2. viceborgmester Meiner N\u00f8rgaard, medlem af kommunalbestyrelsen for Dansk Folkeparti og formand for Mors\u00f8 Kommunes udvalg for teknik og milj\u00f8: Mors\u00f8 Kommune skal v\u00e6re Danmarks mest erhvervsvenlige kommune. Og hvorfor er det vigtigt? Det er det fordi, at de arbejdspladser vores mange dygtige og veldrevne lokale erhvervsvirksomheder har, og vil skabe i fremtiden, [&hellip;]","og_url":"https:\/\/kunmedierne.dk\/mors\/vi-skal-vaere-danmarks-mest-erhvervsvenlige-kommune\/","og_site_name":"Mors","article_published_time":"2021-10-05T06:17:07+00:00","article_modified_time":"2024-08-12T11:36:07+00:00","og_image":[{"width":770,"height":513,"url":"https:\/\/kunmedierne.dk\/mors\/wp-content\/uploads\/2020\/04\/200407-meiner-n\u00f8rgaard.jpg","type":"image\/jpeg"}],"author":"Debat","twitter_card":"summary_large_image","twitter_misc":{"Skrevet af":"Debat","Estimeret l\u00e6setid":"3 minutter"},"schema":{"@context":"https:\/\/schema.org","@graph":[{"@type":"Article","@id":"https:\/\/kunmedierne.dk\/mors\/vi-skal-vaere-danmarks-mest-erhvervsvenlige-kommune\/#article","isPartOf":{"@id":"https:\/\/kunmedierne.dk\/mors\/vi-skal-vaere-danmarks-mest-erhvervsvenlige-kommune\/"},"author":{"name":"Debat","@id":"https:\/\/kunmedierne.dk\/mors\/#\/schema\/person\/84c1391bce0b43b9bb3a49736bc0ad78"},"headline":"&#8211; Vi skal v\u00e6re Danmarks mest erhvervsvenlige kommune","datePublished":"2021-10-05T06:17:07+00:00","dateModified":"2024-08-12T11:36:07+00:00","mainEntityOfPage":{"@id":"https:\/\/kunmedierne.dk\/mors\/vi-skal-vaere-danmarks-mest-erhvervsvenlige-kommune\/"},"wordCount":461,"commentCount":0,"publisher":{"@id":"https:\/\/kunmedierne.dk\/mors\/#organization"},"image":{"@id":"https:\/\/kunmedierne.dk\/mors\/vi-skal-vaere-danmarks-mest-erhvervsvenlige-kommune\/#primaryimage"},"thumbnailUrl":"https:\/\/kunmedierne.dk\/mors\/wp-content\/uploads\/2020\/04\/200407-meiner-n\u00f8rgaard.jpg","keywords":["Erhverv","Politik"],"articleSection":["Debat"],"inLanguage":"da-DK","potentialAction":[{"@type":"CommentAction","name":"Comment","target":["https:\/\/kunmedierne.dk\/mors\/vi-skal-vaere-danmarks-mest-erhvervsvenlige-kommune\/#respond"]}]},{"@type":"WebPage","@id":"https:\/\/kunmedierne.dk\/mors\/vi-skal-vaere-danmarks-mest-erhvervsvenlige-kommune\/","url":"https:\/\/kunmedierne.dk\/mors\/vi-skal-vaere-danmarks-mest-erhvervsvenlige-kommune\/","name":"- Vi skal v\u00e6re Danmarks mest erhvervsvenlige kommune - Mors","isPartOf":{"@id":"https:\/\/kunmedierne.dk\/mors\/#website"},"primaryImageOfPage":{"@id":"https:\/\/kunmedierne.dk\/mors\/vi-skal-vaere-danmarks-mest-erhvervsvenlige-kommune\/#primaryimage"},"image":{"@id":"https:\/\/kunmedierne.dk\/mors\/vi-skal-vaere-danmarks-mest-erhvervsvenlige-kommune\/#primaryimage"},"thumbnailUrl":"https:\/\/kunmedierne.dk\/mors\/wp-content\/uploads\/2020\/04\/200407-meiner-n\u00f8rgaard.jpg","datePublished":"2021-10-05T06:17:07+00:00","dateModified":"2024-08-12T11:36:07+00:00","breadcrumb":{"@id":"https:\/\/kunmedierne.dk\/mors\/vi-skal-vaere-danmarks-mest-erhvervsvenlige-kommune\/#breadcrumb"},"inLanguage":"da-DK","potentialAction":[{"@type":"ReadAction","target":["https:\/\/kunmedierne.dk\/mors\/vi-skal-vaere-danmarks-mest-erhvervsvenlige-kommune\/"]}]},{"@type":"ImageObject","inLanguage":"da-DK","@id":"https:\/\/kunmedierne.dk\/mors\/vi-skal-vaere-danmarks-mest-erhvervsvenlige-kommune\/#primaryimage","url":"https:\/\/kunmedierne.dk\/mors\/wp-content\/uploads\/2020\/04\/200407-meiner-n\u00f8rgaard.jpg","contentUrl":"https:\/\/kunmedierne.dk\/mors\/wp-content\/uploads\/2020\/04\/200407-meiner-n\u00f8rgaard.jpg","width":770,"height":513,"caption":"Meiner N\u00f8rgaard (DF). Foto: Per Bech\/Mors\u00f8 Kommune."},{"@type":"BreadcrumbList","@id":"https:\/\/kunmedierne.dk\/mors\/vi-skal-vaere-danmarks-mest-erhvervsvenlige-kommune\/#breadcrumb","itemListElement":[{"@type":"ListItem","position":1,"name":"Hjem","item":"https:\/\/kunmedierne.dk\/mors\/"},{"@type":"ListItem","position":2,"name":"&#8211; Vi skal v\u00e6re Danmarks mest erhvervsvenlige kommune"}]},{"@type":"WebSite","@id":"https:\/\/kunmedierne.dk\/mors\/#website","url":"https:\/\/kunmedierne.dk\/mors\/","name":"Mors","description":"et netmedie med journalistik om livet p\u00e5 Mors","publisher":{"@id":"https:\/\/kunmedierne.dk\/mors\/#organization"},"potentialAction":[{"@type":"SearchAction","target":{"@type":"EntryPoint","urlTemplate":"https:\/\/kunmedierne.dk\/mors\/?s={search_term_string}"},"query-input":{"@type":"PropertyValueSpecification","valueRequired":true,"valueName":"search_term_string"}}],"inLanguage":"da-DK"},{"@type":"Organization","@id":"https:\/\/kunmedierne.dk\/mors\/#organization","name":"Mors","url":"https:\/\/kunmedierne.dk\/mors\/","logo":{"@type":"ImageObject","inLanguage":"da-DK","@id":"https:\/\/kunmedierne.dk\/mors\/#\/schema\/logo\/image\/","url":"https:\/\/kunmedierne.dk\/mors\/wp-content\/uploads\/2024\/08\/kunmors-logo.svg","contentUrl":"https:\/\/kunmedierne.dk\/mors\/wp-content\/uploads\/2024\/08\/kunmors-logo.svg","caption":"Mors"},"image":{"@id":"https:\/\/kunmedierne.dk\/mors\/#\/schema\/logo\/image\/"}},{"@type":"Person","@id":"https:\/\/kunmedierne.dk\/mors\/#\/schema\/person\/84c1391bce0b43b9bb3a49736bc0ad78","name":"Debat","image":{"@type":"ImageObject","inLanguage":"da-DK","@id":"https:\/\/kunmedierne.dk\/mors\/#\/schema\/person\/image\/","url":"https:\/\/secure.gravatar.com\/avatar\/b0fb2e221d618f7c65162ab0d49c7e8a0b580c871ca03af90e42b47b4150654c?s=96&d=mm&r=g","contentUrl":"https:\/\/secure.gravatar.com\/avatar\/b0fb2e221d618f7c65162ab0d49c7e8a0b580c871ca03af90e42b47b4150654c?s=96&d=mm&r=g","caption":"Debat"},"url":"https:\/\/kunmedierne.dk\/mors\/author\/debat\/"}]}},"_links":{"self":[{"href":"https:\/\/kunmedierne.dk\/mors\/wp-json\/wp\/v2\/posts\/53785","targetHints":{"allow":["GET"]}}],"collection":[{"href":"https:\/\/kunmedierne.dk\/mors\/wp-json\/wp\/v2\/posts"}],"about":[{"href":"https:\/\/kunmedierne.dk\/mors\/wp-json\/wp\/v2\/types\/post"}],"author":[{"embeddable":true,"href":"https:\/\/kunmedierne.dk\/mors\/wp-json\/wp\/v2\/users\/11"}],"replies":[{"embeddable":true,"href":"https:\/\/kunmedierne.dk\/mors\/wp-json\/wp\/v2\/comments?post=53785"}],"version-history":[{"count":2,"href":"https:\/\/kunmedierne.dk\/mors\/wp-json\/wp\/v2\/posts\/53785\/revisions"}],"predecessor-version":[{"id":53787,"href":"https:\/\/kunmedierne.dk\/mors\/wp-json\/wp\/v2\/posts\/53785\/revisions\/53787"}],"wp:featuredmedia":[{"embeddable":true,"href":"https:\/\/kunmedierne.dk\/mors\/wp-json\/wp\/v2\/media\/17024"}],"wp:attachment":[{"href":"https:\/\/kunmedierne.dk\/mors\/wp-json\/wp\/v2\/media?parent=53785"}],"wp:term":[{"taxonomy":"category","embeddable":true,"href":"https:\/\/kunmedierne.dk\/mors\/wp-json\/wp\/v2\/categories?post=53785"},{"taxonomy":"post_tag","embeddable":true,"href":"https:\/\/kunmedierne.dk\/mors\/wp-json\/wp\/v2\/tags?post=53785"}],"curies":[{"name":"wp","href":"https:\/\/api.w.org\/{rel}","templated":true}]}}