{"id":53769,"date":"2021-10-04T18:14:46","date_gmt":"2021-10-04T16:14:46","guid":{"rendered":"https:\/\/kunmedierne.dk\/mors\/?p=53769"},"modified":"2024-08-12T13:36:07","modified_gmt":"2024-08-12T11:36:07","slug":"nej-tak-til-borgerraadgiver","status":"publish","type":"post","link":"https:\/\/kunmedierne.dk\/mors\/nej-tak-til-borgerraadgiver\/","title":{"rendered":"&#8211; Nej tak til borgerr\u00e5dgiver"},"content":{"rendered":"<p><em>Debatindl\u00e6g fra Henning S\u00f8rensen, medlem af kommunalbestyrelsen for Venstre og formand for det sociale udvalg i Mors\u00f8 Kommune:<\/em><\/p>\n<hr \/>\n<p><strong>MORS<\/strong>: Jeg \u00f8nsker ikke, at vi skal bruge penge p\u00e5 en borgerr\u00e5dgiver. Det er korrekt, at vi kan f\u00e5 et tilskud til afl\u00f8nning af en borgerr\u00e5dgiver i 3 \u00e5r, men derefter skal vi selv finde pengene. Vi, der har v\u00e6ret med til at lave kommunens budget de sidste 4 \u00e5r, ved, hvor sv\u00e6rt det er at f\u00e5 budgettet til at h\u00e6nge sammen. Ans\u00e6ttelse af en borgerr\u00e5dgiver bliver en merudgift, som kunne v\u00e6re relevant, <em>hvis<\/em> der var et behov.<\/p>\n<p>I Mors\u00f8 Kommune er der ingen borgere, som ikke f\u00e5r hj\u00e6lp til at klage, hvis de er utilfredse med den afg\u00f8relse, der er taget af vores forvaltning. De bliver direkte informeret om muligheden for at klage, og \u00f8nsker de det, f\u00e5r de hj\u00e6lp til at g\u00f8re det. <a href=\"https:\/\/thistedkloakservice.dk\/\"><img loading=\"lazy\" decoding=\"async\" class=\"alignleft size-full wp-image-46603\" src=\"https:\/\/kunmedierne.dk\/mors\/wp-content\/uploads\/2021\/06\/t12.jpg\" alt=\"\" width=\"1400\" height=\"125\" srcset=\"https:\/\/kunmedierne.dk\/mors\/wp-content\/uploads\/2021\/06\/t12.jpg 1400w, https:\/\/kunmedierne.dk\/mors\/wp-content\/uploads\/2021\/06\/t12-300x27.jpg 300w, https:\/\/kunmedierne.dk\/mors\/wp-content\/uploads\/2021\/06\/t12-1024x91.jpg 1024w, https:\/\/kunmedierne.dk\/mors\/wp-content\/uploads\/2021\/06\/t12-768x69.jpg 768w, https:\/\/kunmedierne.dk\/mors\/wp-content\/uploads\/2021\/06\/t12-600x54.jpg 600w\" sizes=\"auto, (max-width: 1400px) 100vw, 1400px\" \/><\/a><\/p>\n<p>At der <em>er<\/em> klager og at der beg\u00e5s fejl, kan ikke undg\u00e5s. Det \u00e6ndrer ikke ved, at vi skal sagsbehandle efter de vedtagne kvalitetsstandarder og lovgivningen.<\/p>\n<p>N\u00e5r jeg ser, at der p\u00e5 landsplan i \u00f8jeblikket er 5.773 verserende sager i Ankestyrelsen, heraf 11 fra Mors, fort\u00e6ller det mig, at vi har <em>meget f\u00e5<\/em> klager i forhold til de mange sager, som behandles.<\/p>\n<p>\u00c5rsagen hertil er, at vi har et meget dygtigt personale. Derfor er det ikke hverken relevant eller n\u00f8dvendigt at ans\u00e6tte en borgerr\u00e5dgiver. <a href=\"https:\/\/morsgaver.dk\/\"><img loading=\"lazy\" decoding=\"async\" class=\"alignleft size-full wp-image-51444\" src=\"https:\/\/kunmedierne.dk\/mors\/wp-content\/uploads\/2021\/09\/KunMors_julegaver_2021.jpg\" alt=\"\" width=\"1400\" height=\"125\" srcset=\"https:\/\/kunmedierne.dk\/mors\/wp-content\/uploads\/2021\/09\/KunMors_julegaver_2021.jpg 1400w, https:\/\/kunmedierne.dk\/mors\/wp-content\/uploads\/2021\/09\/KunMors_julegaver_2021-300x27.jpg 300w, https:\/\/kunmedierne.dk\/mors\/wp-content\/uploads\/2021\/09\/KunMors_julegaver_2021-1024x91.jpg 1024w, https:\/\/kunmedierne.dk\/mors\/wp-content\/uploads\/2021\/09\/KunMors_julegaver_2021-768x69.jpg 768w, https:\/\/kunmedierne.dk\/mors\/wp-content\/uploads\/2021\/09\/KunMors_julegaver_2021-600x54.jpg 600w\" sizes=\"auto, (max-width: 1400px) 100vw, 1400px\" \/><\/a><\/p>\n<p>I \u00f8vrigt synes jeg, at <a href=\"https:\/\/kunmedierne.dk\/mors\/det-er-borgmesterens-ansvar-kommunaldirektoeren-tog-skraldet\/\" target=\"_blank\" rel=\"noopener\">Pia Thorsens sp\u00f8rgsm\u00e5l<\/a> &#8211; om de andre partier er blevet Venstre-tilh\u00e6ngere &#8211; kr\u00e6ver en kommentar. Partierne i kommunalbestyrelsen har vist, at de er \u00f8konomisk ansvarlige samtidig med, at de har tillid til, at kommunens sagsbehandling udf\u00f8res i henhold til lovgivningen. Med en kompleks og foranderlig lovgivning, er der risiko for, at der beg\u00e5s fejl, men det er jo bl.a. ogs\u00e5 derfor, at vi har en Ankestyrelse.<\/p>\n<p>Der er ingen tvivl om, at vi som kommune skal v\u00e6re livshj\u00e6lpere over for de borgere, som har brug for hj\u00e6lp, og jeg ved, at medarbejderne l\u00f8ser den opgave p\u00e5 bedste vis \u2013 ogs\u00e5 uden en borgerr\u00e5dgiver.<\/p>\n<hr \/>\n<p><em>Har du et bidrag til den lokale debat? Send det til os p\u00e5 e-mail: debat@kunmedierne.dk\/mors. Husk at l\u00e6se korrektur inden afsendelse p\u00e5 indl\u00e6gget. <a href=\"https:\/\/www.fmspks.dk\/\"><img loading=\"lazy\" decoding=\"async\" class=\"alignleft size-full wp-image-46592\" src=\"https:\/\/kunmedierne.dk\/mors\/wp-content\/uploads\/2021\/06\/t01.jpg\" alt=\"\" width=\"1400\" height=\"125\" srcset=\"https:\/\/kunmedierne.dk\/mors\/wp-content\/uploads\/2021\/06\/t01.jpg 1400w, https:\/\/kunmedierne.dk\/mors\/wp-content\/uploads\/2021\/06\/t01-300x27.jpg 300w, https:\/\/kunmedierne.dk\/mors\/wp-content\/uploads\/2021\/06\/t01-1024x91.jpg 1024w, https:\/\/kunmedierne.dk\/mors\/wp-content\/uploads\/2021\/06\/t01-768x69.jpg 768w, https:\/\/kunmedierne.dk\/mors\/wp-content\/uploads\/2021\/06\/t01-600x54.jpg 600w\" sizes=\"auto, (max-width: 1400px) 100vw, 1400px\" \/><\/a><\/em><\/p>\n<blockquote>\n<h4>TIP: F\u00e5 KunMors til at virke som en app. Kom ind i butikken med din mobil\/iPad og f\u00e5\u00a0 os til at hj\u00e6lpe dig \u2013 eller f\u00f8lg\u00a0<a href=\"https:\/\/kunmedierne.dk\/mors\/for-nye-og-nogle-af-de-gamle-abonnenter-saadan-faar-du-kunmors-til-at-virke-som-en-app\/\" target=\"_blank\" rel=\"noopener\">dette link<\/a>.<\/h4>\n<\/blockquote>\n","protected":false},"excerpt":{"rendered":"<p>Debatindl\u00e6g fra Henning S\u00f8rensen, medlem af kommunalbestyrelsen for Venstre og formand for det sociale udvalg i Mors\u00f8 Kommune: MORS: Jeg \u00f8nsker ikke, at vi skal bruge penge p\u00e5 en borgerr\u00e5dgiver. Det er korrekt, at vi kan f\u00e5 et tilskud til afl\u00f8nning af en borgerr\u00e5dgiver i 3 \u00e5r, men derefter skal vi selv finde pengene. Vi, [&hellip;]<\/p>\n","protected":false},"author":11,"featured_media":15114,"comment_status":"open","ping_status":"open","sticky":false,"template":"","format":"standard","meta":{"_acf_changed":false,"footnotes":""},"categories":[56],"tags":[167],"class_list":["post-53769","post","type-post","status-publish","format-standard","has-post-thumbnail","hentry","category-debat","tag-politik"],"acf":[],"yoast_head":"<!-- This site is optimized with the Yoast SEO plugin v26.8 - https:\/\/yoast.com\/product\/yoast-seo-wordpress\/ -->\n<title>- Nej tak til borgerr\u00e5dgiver - Mors<\/title>\n<meta name=\"robots\" content=\"index, follow, max-snippet:-1, max-image-preview:large, max-video-preview:-1\" \/>\n<link rel=\"canonical\" href=\"https:\/\/kunmedierne.dk\/mors\/nej-tak-til-borgerraadgiver\/\" \/>\n<meta property=\"og:locale\" content=\"da_DK\" \/>\n<meta property=\"og:type\" content=\"article\" \/>\n<meta property=\"og:title\" content=\"- Nej tak til borgerr\u00e5dgiver - Mors\" \/>\n<meta property=\"og:description\" content=\"Debatindl\u00e6g fra Henning S\u00f8rensen, medlem af kommunalbestyrelsen for Venstre og formand for det sociale udvalg i Mors\u00f8 Kommune: MORS: Jeg \u00f8nsker ikke, at vi skal bruge penge p\u00e5 en borgerr\u00e5dgiver. Det er korrekt, at vi kan f\u00e5 et tilskud til afl\u00f8nning af en borgerr\u00e5dgiver i 3 \u00e5r, men derefter skal vi selv finde pengene. Vi, [&hellip;]\" \/>\n<meta property=\"og:url\" content=\"https:\/\/kunmedierne.dk\/mors\/nej-tak-til-borgerraadgiver\/\" \/>\n<meta property=\"og:site_name\" content=\"Mors\" \/>\n<meta property=\"article:published_time\" content=\"2021-10-04T16:14:46+00:00\" \/>\n<meta property=\"article:modified_time\" content=\"2024-08-12T11:36:07+00:00\" \/>\n<meta property=\"og:image\" content=\"https:\/\/kunmedierne.dk\/mors\/wp-content\/uploads\/2020\/03\/200401-henning-s\u00f8rensen-V.jpg\" \/>\n\t<meta property=\"og:image:width\" content=\"770\" \/>\n\t<meta property=\"og:image:height\" content=\"513\" \/>\n\t<meta property=\"og:image:type\" content=\"image\/jpeg\" \/>\n<meta name=\"author\" content=\"Debat\" \/>\n<meta name=\"twitter:card\" content=\"summary_large_image\" \/>\n<meta name=\"twitter:label1\" content=\"Skrevet af\" \/>\n\t<meta name=\"twitter:data1\" content=\"Debat\" \/>\n\t<meta name=\"twitter:label2\" content=\"Estimeret l\u00e6setid\" \/>\n\t<meta name=\"twitter:data2\" content=\"3 minutter\" \/>\n<script type=\"application\/ld+json\" class=\"yoast-schema-graph\">{\"@context\":\"https:\/\/schema.org\",\"@graph\":[{\"@type\":\"Article\",\"@id\":\"https:\/\/kunmedierne.dk\/mors\/nej-tak-til-borgerraadgiver\/#article\",\"isPartOf\":{\"@id\":\"https:\/\/kunmedierne.dk\/mors\/nej-tak-til-borgerraadgiver\/\"},\"author\":{\"name\":\"Debat\",\"@id\":\"https:\/\/kunmedierne.dk\/mors\/#\/schema\/person\/84c1391bce0b43b9bb3a49736bc0ad78\"},\"headline\":\"&#8211; Nej tak til borgerr\u00e5dgiver\",\"datePublished\":\"2021-10-04T16:14:46+00:00\",\"dateModified\":\"2024-08-12T11:36:07+00:00\",\"mainEntityOfPage\":{\"@id\":\"https:\/\/kunmedierne.dk\/mors\/nej-tak-til-borgerraadgiver\/\"},\"wordCount\":429,\"commentCount\":0,\"publisher\":{\"@id\":\"https:\/\/kunmedierne.dk\/mors\/#organization\"},\"image\":{\"@id\":\"https:\/\/kunmedierne.dk\/mors\/nej-tak-til-borgerraadgiver\/#primaryimage\"},\"thumbnailUrl\":\"https:\/\/kunmedierne.dk\/mors\/wp-content\/uploads\/2020\/03\/200401-henning-s\u00f8rensen-V.jpg\",\"keywords\":[\"Politik\"],\"articleSection\":[\"Debat\"],\"inLanguage\":\"da-DK\",\"potentialAction\":[{\"@type\":\"CommentAction\",\"name\":\"Comment\",\"target\":[\"https:\/\/kunmedierne.dk\/mors\/nej-tak-til-borgerraadgiver\/#respond\"]}]},{\"@type\":\"WebPage\",\"@id\":\"https:\/\/kunmedierne.dk\/mors\/nej-tak-til-borgerraadgiver\/\",\"url\":\"https:\/\/kunmedierne.dk\/mors\/nej-tak-til-borgerraadgiver\/\",\"name\":\"- Nej tak til borgerr\u00e5dgiver - Mors\",\"isPartOf\":{\"@id\":\"https:\/\/kunmedierne.dk\/mors\/#website\"},\"primaryImageOfPage\":{\"@id\":\"https:\/\/kunmedierne.dk\/mors\/nej-tak-til-borgerraadgiver\/#primaryimage\"},\"image\":{\"@id\":\"https:\/\/kunmedierne.dk\/mors\/nej-tak-til-borgerraadgiver\/#primaryimage\"},\"thumbnailUrl\":\"https:\/\/kunmedierne.dk\/mors\/wp-content\/uploads\/2020\/03\/200401-henning-s\u00f8rensen-V.jpg\",\"datePublished\":\"2021-10-04T16:14:46+00:00\",\"dateModified\":\"2024-08-12T11:36:07+00:00\",\"breadcrumb\":{\"@id\":\"https:\/\/kunmedierne.dk\/mors\/nej-tak-til-borgerraadgiver\/#breadcrumb\"},\"inLanguage\":\"da-DK\",\"potentialAction\":[{\"@type\":\"ReadAction\",\"target\":[\"https:\/\/kunmedierne.dk\/mors\/nej-tak-til-borgerraadgiver\/\"]}]},{\"@type\":\"ImageObject\",\"inLanguage\":\"da-DK\",\"@id\":\"https:\/\/kunmedierne.dk\/mors\/nej-tak-til-borgerraadgiver\/#primaryimage\",\"url\":\"https:\/\/kunmedierne.dk\/mors\/wp-content\/uploads\/2020\/03\/200401-henning-s\u00f8rensen-V.jpg\",\"contentUrl\":\"https:\/\/kunmedierne.dk\/mors\/wp-content\/uploads\/2020\/03\/200401-henning-s\u00f8rensen-V.jpg\",\"width\":770,\"height\":513,\"caption\":\"Henning S\u00f8rensen (V). Foto: Per Bech\/Mors\u00f8 Kommune.\"},{\"@type\":\"BreadcrumbList\",\"@id\":\"https:\/\/kunmedierne.dk\/mors\/nej-tak-til-borgerraadgiver\/#breadcrumb\",\"itemListElement\":[{\"@type\":\"ListItem\",\"position\":1,\"name\":\"Hjem\",\"item\":\"https:\/\/kunmedierne.dk\/mors\/\"},{\"@type\":\"ListItem\",\"position\":2,\"name\":\"&#8211; Nej tak til borgerr\u00e5dgiver\"}]},{\"@type\":\"WebSite\",\"@id\":\"https:\/\/kunmedierne.dk\/mors\/#website\",\"url\":\"https:\/\/kunmedierne.dk\/mors\/\",\"name\":\"Mors\",\"description\":\"et netmedie med journalistik om livet p\u00e5 Mors\",\"publisher\":{\"@id\":\"https:\/\/kunmedierne.dk\/mors\/#organization\"},\"potentialAction\":[{\"@type\":\"SearchAction\",\"target\":{\"@type\":\"EntryPoint\",\"urlTemplate\":\"https:\/\/kunmedierne.dk\/mors\/?s={search_term_string}\"},\"query-input\":{\"@type\":\"PropertyValueSpecification\",\"valueRequired\":true,\"valueName\":\"search_term_string\"}}],\"inLanguage\":\"da-DK\"},{\"@type\":\"Organization\",\"@id\":\"https:\/\/kunmedierne.dk\/mors\/#organization\",\"name\":\"Mors\",\"url\":\"https:\/\/kunmedierne.dk\/mors\/\",\"logo\":{\"@type\":\"ImageObject\",\"inLanguage\":\"da-DK\",\"@id\":\"https:\/\/kunmedierne.dk\/mors\/#\/schema\/logo\/image\/\",\"url\":\"https:\/\/kunmedierne.dk\/mors\/wp-content\/uploads\/2024\/08\/kunmors-logo.svg\",\"contentUrl\":\"https:\/\/kunmedierne.dk\/mors\/wp-content\/uploads\/2024\/08\/kunmors-logo.svg\",\"caption\":\"Mors\"},\"image\":{\"@id\":\"https:\/\/kunmedierne.dk\/mors\/#\/schema\/logo\/image\/\"}},{\"@type\":\"Person\",\"@id\":\"https:\/\/kunmedierne.dk\/mors\/#\/schema\/person\/84c1391bce0b43b9bb3a49736bc0ad78\",\"name\":\"Debat\",\"image\":{\"@type\":\"ImageObject\",\"inLanguage\":\"da-DK\",\"@id\":\"https:\/\/kunmedierne.dk\/mors\/#\/schema\/person\/image\/\",\"url\":\"https:\/\/secure.gravatar.com\/avatar\/b0fb2e221d618f7c65162ab0d49c7e8a0b580c871ca03af90e42b47b4150654c?s=96&d=mm&r=g\",\"contentUrl\":\"https:\/\/secure.gravatar.com\/avatar\/b0fb2e221d618f7c65162ab0d49c7e8a0b580c871ca03af90e42b47b4150654c?s=96&d=mm&r=g\",\"caption\":\"Debat\"},\"url\":\"https:\/\/kunmedierne.dk\/mors\/author\/debat\/\"}]}<\/script>\n<!-- \/ Yoast SEO plugin. -->","yoast_head_json":{"title":"- Nej tak til borgerr\u00e5dgiver - Mors","robots":{"index":"index","follow":"follow","max-snippet":"max-snippet:-1","max-image-preview":"max-image-preview:large","max-video-preview":"max-video-preview:-1"},"canonical":"https:\/\/kunmedierne.dk\/mors\/nej-tak-til-borgerraadgiver\/","og_locale":"da_DK","og_type":"article","og_title":"- Nej tak til borgerr\u00e5dgiver - Mors","og_description":"Debatindl\u00e6g fra Henning S\u00f8rensen, medlem af kommunalbestyrelsen for Venstre og formand for det sociale udvalg i Mors\u00f8 Kommune: MORS: Jeg \u00f8nsker ikke, at vi skal bruge penge p\u00e5 en borgerr\u00e5dgiver. Det er korrekt, at vi kan f\u00e5 et tilskud til afl\u00f8nning af en borgerr\u00e5dgiver i 3 \u00e5r, men derefter skal vi selv finde pengene. Vi, [&hellip;]","og_url":"https:\/\/kunmedierne.dk\/mors\/nej-tak-til-borgerraadgiver\/","og_site_name":"Mors","article_published_time":"2021-10-04T16:14:46+00:00","article_modified_time":"2024-08-12T11:36:07+00:00","og_image":[{"width":770,"height":513,"url":"https:\/\/kunmedierne.dk\/mors\/wp-content\/uploads\/2020\/03\/200401-henning-s\u00f8rensen-V.jpg","type":"image\/jpeg"}],"author":"Debat","twitter_card":"summary_large_image","twitter_misc":{"Skrevet af":"Debat","Estimeret l\u00e6setid":"3 minutter"},"schema":{"@context":"https:\/\/schema.org","@graph":[{"@type":"Article","@id":"https:\/\/kunmedierne.dk\/mors\/nej-tak-til-borgerraadgiver\/#article","isPartOf":{"@id":"https:\/\/kunmedierne.dk\/mors\/nej-tak-til-borgerraadgiver\/"},"author":{"name":"Debat","@id":"https:\/\/kunmedierne.dk\/mors\/#\/schema\/person\/84c1391bce0b43b9bb3a49736bc0ad78"},"headline":"&#8211; Nej tak til borgerr\u00e5dgiver","datePublished":"2021-10-04T16:14:46+00:00","dateModified":"2024-08-12T11:36:07+00:00","mainEntityOfPage":{"@id":"https:\/\/kunmedierne.dk\/mors\/nej-tak-til-borgerraadgiver\/"},"wordCount":429,"commentCount":0,"publisher":{"@id":"https:\/\/kunmedierne.dk\/mors\/#organization"},"image":{"@id":"https:\/\/kunmedierne.dk\/mors\/nej-tak-til-borgerraadgiver\/#primaryimage"},"thumbnailUrl":"https:\/\/kunmedierne.dk\/mors\/wp-content\/uploads\/2020\/03\/200401-henning-s\u00f8rensen-V.jpg","keywords":["Politik"],"articleSection":["Debat"],"inLanguage":"da-DK","potentialAction":[{"@type":"CommentAction","name":"Comment","target":["https:\/\/kunmedierne.dk\/mors\/nej-tak-til-borgerraadgiver\/#respond"]}]},{"@type":"WebPage","@id":"https:\/\/kunmedierne.dk\/mors\/nej-tak-til-borgerraadgiver\/","url":"https:\/\/kunmedierne.dk\/mors\/nej-tak-til-borgerraadgiver\/","name":"- Nej tak til borgerr\u00e5dgiver - Mors","isPartOf":{"@id":"https:\/\/kunmedierne.dk\/mors\/#website"},"primaryImageOfPage":{"@id":"https:\/\/kunmedierne.dk\/mors\/nej-tak-til-borgerraadgiver\/#primaryimage"},"image":{"@id":"https:\/\/kunmedierne.dk\/mors\/nej-tak-til-borgerraadgiver\/#primaryimage"},"thumbnailUrl":"https:\/\/kunmedierne.dk\/mors\/wp-content\/uploads\/2020\/03\/200401-henning-s\u00f8rensen-V.jpg","datePublished":"2021-10-04T16:14:46+00:00","dateModified":"2024-08-12T11:36:07+00:00","breadcrumb":{"@id":"https:\/\/kunmedierne.dk\/mors\/nej-tak-til-borgerraadgiver\/#breadcrumb"},"inLanguage":"da-DK","potentialAction":[{"@type":"ReadAction","target":["https:\/\/kunmedierne.dk\/mors\/nej-tak-til-borgerraadgiver\/"]}]},{"@type":"ImageObject","inLanguage":"da-DK","@id":"https:\/\/kunmedierne.dk\/mors\/nej-tak-til-borgerraadgiver\/#primaryimage","url":"https:\/\/kunmedierne.dk\/mors\/wp-content\/uploads\/2020\/03\/200401-henning-s\u00f8rensen-V.jpg","contentUrl":"https:\/\/kunmedierne.dk\/mors\/wp-content\/uploads\/2020\/03\/200401-henning-s\u00f8rensen-V.jpg","width":770,"height":513,"caption":"Henning S\u00f8rensen (V). Foto: Per Bech\/Mors\u00f8 Kommune."},{"@type":"BreadcrumbList","@id":"https:\/\/kunmedierne.dk\/mors\/nej-tak-til-borgerraadgiver\/#breadcrumb","itemListElement":[{"@type":"ListItem","position":1,"name":"Hjem","item":"https:\/\/kunmedierne.dk\/mors\/"},{"@type":"ListItem","position":2,"name":"&#8211; Nej tak til borgerr\u00e5dgiver"}]},{"@type":"WebSite","@id":"https:\/\/kunmedierne.dk\/mors\/#website","url":"https:\/\/kunmedierne.dk\/mors\/","name":"Mors","description":"et netmedie med journalistik om livet p\u00e5 Mors","publisher":{"@id":"https:\/\/kunmedierne.dk\/mors\/#organization"},"potentialAction":[{"@type":"SearchAction","target":{"@type":"EntryPoint","urlTemplate":"https:\/\/kunmedierne.dk\/mors\/?s={search_term_string}"},"query-input":{"@type":"PropertyValueSpecification","valueRequired":true,"valueName":"search_term_string"}}],"inLanguage":"da-DK"},{"@type":"Organization","@id":"https:\/\/kunmedierne.dk\/mors\/#organization","name":"Mors","url":"https:\/\/kunmedierne.dk\/mors\/","logo":{"@type":"ImageObject","inLanguage":"da-DK","@id":"https:\/\/kunmedierne.dk\/mors\/#\/schema\/logo\/image\/","url":"https:\/\/kunmedierne.dk\/mors\/wp-content\/uploads\/2024\/08\/kunmors-logo.svg","contentUrl":"https:\/\/kunmedierne.dk\/mors\/wp-content\/uploads\/2024\/08\/kunmors-logo.svg","caption":"Mors"},"image":{"@id":"https:\/\/kunmedierne.dk\/mors\/#\/schema\/logo\/image\/"}},{"@type":"Person","@id":"https:\/\/kunmedierne.dk\/mors\/#\/schema\/person\/84c1391bce0b43b9bb3a49736bc0ad78","name":"Debat","image":{"@type":"ImageObject","inLanguage":"da-DK","@id":"https:\/\/kunmedierne.dk\/mors\/#\/schema\/person\/image\/","url":"https:\/\/secure.gravatar.com\/avatar\/b0fb2e221d618f7c65162ab0d49c7e8a0b580c871ca03af90e42b47b4150654c?s=96&d=mm&r=g","contentUrl":"https:\/\/secure.gravatar.com\/avatar\/b0fb2e221d618f7c65162ab0d49c7e8a0b580c871ca03af90e42b47b4150654c?s=96&d=mm&r=g","caption":"Debat"},"url":"https:\/\/kunmedierne.dk\/mors\/author\/debat\/"}]}},"_links":{"self":[{"href":"https:\/\/kunmedierne.dk\/mors\/wp-json\/wp\/v2\/posts\/53769","targetHints":{"allow":["GET"]}}],"collection":[{"href":"https:\/\/kunmedierne.dk\/mors\/wp-json\/wp\/v2\/posts"}],"about":[{"href":"https:\/\/kunmedierne.dk\/mors\/wp-json\/wp\/v2\/types\/post"}],"author":[{"embeddable":true,"href":"https:\/\/kunmedierne.dk\/mors\/wp-json\/wp\/v2\/users\/11"}],"replies":[{"embeddable":true,"href":"https:\/\/kunmedierne.dk\/mors\/wp-json\/wp\/v2\/comments?post=53769"}],"version-history":[{"count":2,"href":"https:\/\/kunmedierne.dk\/mors\/wp-json\/wp\/v2\/posts\/53769\/revisions"}],"predecessor-version":[{"id":53772,"href":"https:\/\/kunmedierne.dk\/mors\/wp-json\/wp\/v2\/posts\/53769\/revisions\/53772"}],"wp:featuredmedia":[{"embeddable":true,"href":"https:\/\/kunmedierne.dk\/mors\/wp-json\/wp\/v2\/media\/15114"}],"wp:attachment":[{"href":"https:\/\/kunmedierne.dk\/mors\/wp-json\/wp\/v2\/media?parent=53769"}],"wp:term":[{"taxonomy":"category","embeddable":true,"href":"https:\/\/kunmedierne.dk\/mors\/wp-json\/wp\/v2\/categories?post=53769"},{"taxonomy":"post_tag","embeddable":true,"href":"https:\/\/kunmedierne.dk\/mors\/wp-json\/wp\/v2\/tags?post=53769"}],"curies":[{"name":"wp","href":"https:\/\/api.w.org\/{rel}","templated":true}]}}