{"id":53527,"date":"2021-10-01T11:59:07","date_gmt":"2021-10-01T09:59:07","guid":{"rendered":"https:\/\/kunmedierne.dk\/mors\/?p=53527"},"modified":"2024-08-12T13:36:08","modified_gmt":"2024-08-12T11:36:08","slug":"det-er-borgmesterens-ansvar-kommunaldirektoeren-tog-skraldet","status":"publish","type":"post","link":"https:\/\/kunmedierne.dk\/mors\/det-er-borgmesterens-ansvar-kommunaldirektoeren-tog-skraldet\/","title":{"rendered":"&#8211; Det er borgmesterens ansvar &#8211; kommunaldirekt\u00f8ren tog skraldet"},"content":{"rendered":"<p><em>Debatindl\u00e6g fra Pia Thorsen, kandidat for Enhedslisten ved kommunal- og regionsr\u00e5dsvalget 2021:<\/em><\/p>\n<hr \/>\n<p><strong>MORS<\/strong>: Jeg er jo ellers flittig l\u00e6ser af alle kommunale referater, men jeg kunne ikke finde noget om en borgerr\u00e5dgiver. Det undrede mig, n\u00e5r nu puljen til statslige midler til en borgerr\u00e5dgiver blev lukket for ans\u00f8gninger i august. Derfor skrev jeg forleden et l\u00e6serbrev.<\/p>\n<p>Det blev ved med at nage mig, s\u00e5 jeg ringede rundt til nogle kommunalbestyrelsesmedlemmer, og jeg lavede en anmodning om aktindsigt. Jeg fandt ud af, at en borgerr\u00e5dgiverfunktion HAR v\u00e6ret behandlet.<\/p>\n<p>Men p\u00e5 et lukket punkt i \u00f8konomiudvalget!<\/p>\n<p>Kommunaldirekt\u00f8ren har if\u00f8lge Nordjyske beklaget, at punktet var lukket. Herefter er det blevet \u00e5bnet. Men borgerne kan stadig ikke se beslutningen i referatet. <a href=\"https:\/\/konpap.dk\/\"><img loading=\"lazy\" decoding=\"async\" class=\"alignleft size-full wp-image-49328\" src=\"https:\/\/kunmedierne.dk\/mors\/wp-content\/uploads\/2021\/07\/t10.jpg\" alt=\"\" width=\"1400\" height=\"125\" srcset=\"https:\/\/kunmedierne.dk\/mors\/wp-content\/uploads\/2021\/07\/t10.jpg 1400w, https:\/\/kunmedierne.dk\/mors\/wp-content\/uploads\/2021\/07\/t10-300x27.jpg 300w, https:\/\/kunmedierne.dk\/mors\/wp-content\/uploads\/2021\/07\/t10-1024x91.jpg 1024w, https:\/\/kunmedierne.dk\/mors\/wp-content\/uploads\/2021\/07\/t10-768x69.jpg 768w, https:\/\/kunmedierne.dk\/mors\/wp-content\/uploads\/2021\/07\/t10-600x54.jpg 600w\" sizes=\"auto, (max-width: 1400px) 100vw, 1400px\" \/><\/a><\/p>\n<p>Meget beh\u00e6ndigt gjort af kommunaldirekt\u00f8ren at l\u00e6gge sagen d\u00f8d ved at beklage fejlen. Men ansvaret for \u00f8konomiudvalget ligger hos borgmesteren. Jeg tror da ogs\u00e5, at han har haft mulighed for at udtale sig til Nordjyske. Men hvis man ikke beklager sine fejl, har man s\u00e5 ikke alligevel beg\u00e5et en fejl? Borgmesteren ved forh\u00e5bentlig godt, at man ikke bare m\u00e5 holde beslutninger skjult for borgerne.<\/p>\n<p>John Christiansen (S) synes, at \u201dborgerne bliver hjulpet ud over alle gr\u00e6nser med at anke sager, der g\u00e5r dem i mod\u201d. Han synes \u00e5benbart ikke, at borgernes retssikkerhed skal styrkes med en borgerr\u00e5dgiver. Han vil hellere acceptere at kommunen g\u00e5r over gr\u00e6nsen i sagsbehandlinger for at finde spare p\u00e5 pengene. Jeg vil gerne pr\u00e6cisere, at det ikke er kommunens opgave at g\u00e5 over gr\u00e6nsen i sagsbehandling. Det er kommunens opgave at udf\u00f8re sagsbehandling efter lovgivningen!<\/p>\n<p>Viggo Vangsgaard (SF) synes heller ikke, at en borgerr\u00e5dgiver er vigtig. Han har ikke fantasi til at finde pengene, n\u00e5r statsfinansieringen udl\u00f8ber. Det lyder som \u00e9n fra et helt andet parti.<a href=\"https:\/\/www.sparv.dk\/\"><img loading=\"lazy\" decoding=\"async\" class=\"alignleft size-full wp-image-46602\" src=\"https:\/\/kunmedierne.dk\/mors\/wp-content\/uploads\/2021\/06\/t11.jpg\" alt=\"\" width=\"1400\" height=\"125\" srcset=\"https:\/\/kunmedierne.dk\/mors\/wp-content\/uploads\/2021\/06\/t11.jpg 1400w, https:\/\/kunmedierne.dk\/mors\/wp-content\/uploads\/2021\/06\/t11-300x27.jpg 300w, https:\/\/kunmedierne.dk\/mors\/wp-content\/uploads\/2021\/06\/t11-1024x91.jpg 1024w, https:\/\/kunmedierne.dk\/mors\/wp-content\/uploads\/2021\/06\/t11-768x69.jpg 768w, https:\/\/kunmedierne.dk\/mors\/wp-content\/uploads\/2021\/06\/t11-600x54.jpg 600w\" sizes=\"auto, (max-width: 1400px) 100vw, 1400px\" \/><\/a><\/p>\n<p>Jette Jepsen (RV) vil egentlig gerne have en borgerr\u00e5dgiver og gik ogs\u00e5 i mod beslutningen i \u00f8konomiudvalget. Men hvis det var vigtigt for Jette Jepsen, kunne hun jo have b\u00e5ret sagen ind i kommunalbestyrelsen. Jeg vil g\u00e5 s\u00e5 langt som til at sige, at det burde hun.<\/p>\n<p>Det mest underfundige er m\u00e5ske, at pengene til en borgerr\u00e5dgiver i kommunen kommer fra Socialdemokratiet, SF, Radikale Venstre og Enhedslisten fra folketingets forhandlinger om finansloven 2021.<\/p>\n<p>En ting er at borgmesteren undlader at tage ansvar for sine fejl. Men er de kommunale politikere fra de \u00f8vrige partier alle blevet Venstre-tilh\u00e6ngere?<\/p>\n<hr \/>\n<p><em>Har du et bidrag til den lokale debat? Send det til os p\u00e5 e-mail: debat@kunmedierne.dk\/mors. Husk at l\u00e6se korrektur inden afsendelse p\u00e5 indl\u00e6gget.<a href=\"https:\/\/thistedkloakservice.dk\/\"><img loading=\"lazy\" decoding=\"async\" class=\"alignleft size-full wp-image-46603\" src=\"https:\/\/kunmedierne.dk\/mors\/wp-content\/uploads\/2021\/06\/t12.jpg\" alt=\"\" width=\"1400\" height=\"125\" srcset=\"https:\/\/kunmedierne.dk\/mors\/wp-content\/uploads\/2021\/06\/t12.jpg 1400w, https:\/\/kunmedierne.dk\/mors\/wp-content\/uploads\/2021\/06\/t12-300x27.jpg 300w, https:\/\/kunmedierne.dk\/mors\/wp-content\/uploads\/2021\/06\/t12-1024x91.jpg 1024w, https:\/\/kunmedierne.dk\/mors\/wp-content\/uploads\/2021\/06\/t12-768x69.jpg 768w, https:\/\/kunmedierne.dk\/mors\/wp-content\/uploads\/2021\/06\/t12-600x54.jpg 600w\" sizes=\"auto, (max-width: 1400px) 100vw, 1400px\" \/><\/a><\/em><\/p>\n<blockquote>\n<h4>Vind en l\u00e6kker shoppingtaske fra\u00a0<a href=\"https:\/\/www.facebook.com\/Wiiben-116730131808273\" target=\"_blank\" rel=\"noopener\">Wiiben<\/a>. Tilmeld dig vores daglige nyhedsbrev og modtag KunMors som en daglig avis. S\u00e5 deltager du i lodtr\u00e6kningen. L\u00e6s mere\u00a0<a href=\"https:\/\/kunmedierne.dk\/mors\/vind-en-laekker-shoppingtaske-fra-wiiben\/\" target=\"_blank\" rel=\"noopener\">her<\/a>.<\/h4>\n<\/blockquote>\n<p>&nbsp;<\/p>\n","protected":false},"excerpt":{"rendered":"<p>Debatindl\u00e6g fra Pia Thorsen, kandidat for Enhedslisten ved kommunal- og regionsr\u00e5dsvalget 2021: MORS: Jeg er jo ellers flittig l\u00e6ser af alle kommunale referater, men jeg kunne ikke finde noget om en borgerr\u00e5dgiver. Det undrede mig, n\u00e5r nu puljen til statslige midler til en borgerr\u00e5dgiver blev lukket for ans\u00f8gninger i august. Derfor skrev jeg forleden et [&hellip;]<\/p>\n","protected":false},"author":11,"featured_media":38239,"comment_status":"open","ping_status":"open","sticky":false,"template":"","format":"standard","meta":{"_acf_changed":false,"footnotes":""},"categories":[56],"tags":[167],"class_list":["post-53527","post","type-post","status-publish","format-standard","has-post-thumbnail","hentry","category-debat","tag-politik"],"acf":[],"yoast_head":"<!-- This site is optimized with the Yoast SEO plugin v26.8 - https:\/\/yoast.com\/product\/yoast-seo-wordpress\/ -->\n<title>- Det er borgmesterens ansvar - kommunaldirekt\u00f8ren tog skraldet - Mors<\/title>\n<meta name=\"robots\" content=\"index, follow, max-snippet:-1, max-image-preview:large, max-video-preview:-1\" \/>\n<link rel=\"canonical\" href=\"https:\/\/kunmedierne.dk\/mors\/det-er-borgmesterens-ansvar-kommunaldirektoeren-tog-skraldet\/\" \/>\n<meta property=\"og:locale\" content=\"da_DK\" \/>\n<meta property=\"og:type\" content=\"article\" \/>\n<meta property=\"og:title\" content=\"- Det er borgmesterens ansvar - kommunaldirekt\u00f8ren tog skraldet - Mors\" \/>\n<meta property=\"og:description\" content=\"Debatindl\u00e6g fra Pia Thorsen, kandidat for Enhedslisten ved kommunal- og regionsr\u00e5dsvalget 2021: MORS: Jeg er jo ellers flittig l\u00e6ser af alle kommunale referater, men jeg kunne ikke finde noget om en borgerr\u00e5dgiver. Det undrede mig, n\u00e5r nu puljen til statslige midler til en borgerr\u00e5dgiver blev lukket for ans\u00f8gninger i august. Derfor skrev jeg forleden et [&hellip;]\" \/>\n<meta property=\"og:url\" content=\"https:\/\/kunmedierne.dk\/mors\/det-er-borgmesterens-ansvar-kommunaldirektoeren-tog-skraldet\/\" \/>\n<meta property=\"og:site_name\" content=\"Mors\" \/>\n<meta property=\"article:published_time\" content=\"2021-10-01T09:59:07+00:00\" \/>\n<meta property=\"article:modified_time\" content=\"2024-08-12T11:36:08+00:00\" \/>\n<meta property=\"og:image\" content=\"https:\/\/kunmedierne.dk\/mors\/wp-content\/uploads\/2021\/01\/piathorsen.jpg\" \/>\n\t<meta property=\"og:image:width\" content=\"770\" \/>\n\t<meta property=\"og:image:height\" content=\"513\" \/>\n\t<meta property=\"og:image:type\" content=\"image\/jpeg\" \/>\n<meta name=\"author\" content=\"Debat\" \/>\n<meta name=\"twitter:card\" content=\"summary_large_image\" \/>\n<meta name=\"twitter:label1\" content=\"Skrevet af\" \/>\n\t<meta name=\"twitter:data1\" content=\"Debat\" \/>\n\t<meta name=\"twitter:label2\" content=\"Estimeret l\u00e6setid\" \/>\n\t<meta name=\"twitter:data2\" content=\"3 minutter\" \/>\n<script type=\"application\/ld+json\" class=\"yoast-schema-graph\">{\"@context\":\"https:\/\/schema.org\",\"@graph\":[{\"@type\":\"Article\",\"@id\":\"https:\/\/kunmedierne.dk\/mors\/det-er-borgmesterens-ansvar-kommunaldirektoeren-tog-skraldet\/#article\",\"isPartOf\":{\"@id\":\"https:\/\/kunmedierne.dk\/mors\/det-er-borgmesterens-ansvar-kommunaldirektoeren-tog-skraldet\/\"},\"author\":{\"name\":\"Debat\",\"@id\":\"https:\/\/kunmedierne.dk\/mors\/#\/schema\/person\/84c1391bce0b43b9bb3a49736bc0ad78\"},\"headline\":\"&#8211; Det er borgmesterens ansvar &#8211; kommunaldirekt\u00f8ren tog skraldet\",\"datePublished\":\"2021-10-01T09:59:07+00:00\",\"dateModified\":\"2024-08-12T11:36:08+00:00\",\"mainEntityOfPage\":{\"@id\":\"https:\/\/kunmedierne.dk\/mors\/det-er-borgmesterens-ansvar-kommunaldirektoeren-tog-skraldet\/\"},\"wordCount\":483,\"commentCount\":0,\"publisher\":{\"@id\":\"https:\/\/kunmedierne.dk\/mors\/#organization\"},\"image\":{\"@id\":\"https:\/\/kunmedierne.dk\/mors\/det-er-borgmesterens-ansvar-kommunaldirektoeren-tog-skraldet\/#primaryimage\"},\"thumbnailUrl\":\"https:\/\/kunmedierne.dk\/mors\/wp-content\/uploads\/2021\/01\/piathorsen.jpg\",\"keywords\":[\"Politik\"],\"articleSection\":[\"Debat\"],\"inLanguage\":\"da-DK\",\"potentialAction\":[{\"@type\":\"CommentAction\",\"name\":\"Comment\",\"target\":[\"https:\/\/kunmedierne.dk\/mors\/det-er-borgmesterens-ansvar-kommunaldirektoeren-tog-skraldet\/#respond\"]}]},{\"@type\":\"WebPage\",\"@id\":\"https:\/\/kunmedierne.dk\/mors\/det-er-borgmesterens-ansvar-kommunaldirektoeren-tog-skraldet\/\",\"url\":\"https:\/\/kunmedierne.dk\/mors\/det-er-borgmesterens-ansvar-kommunaldirektoeren-tog-skraldet\/\",\"name\":\"- Det er borgmesterens ansvar - kommunaldirekt\u00f8ren tog skraldet - Mors\",\"isPartOf\":{\"@id\":\"https:\/\/kunmedierne.dk\/mors\/#website\"},\"primaryImageOfPage\":{\"@id\":\"https:\/\/kunmedierne.dk\/mors\/det-er-borgmesterens-ansvar-kommunaldirektoeren-tog-skraldet\/#primaryimage\"},\"image\":{\"@id\":\"https:\/\/kunmedierne.dk\/mors\/det-er-borgmesterens-ansvar-kommunaldirektoeren-tog-skraldet\/#primaryimage\"},\"thumbnailUrl\":\"https:\/\/kunmedierne.dk\/mors\/wp-content\/uploads\/2021\/01\/piathorsen.jpg\",\"datePublished\":\"2021-10-01T09:59:07+00:00\",\"dateModified\":\"2024-08-12T11:36:08+00:00\",\"breadcrumb\":{\"@id\":\"https:\/\/kunmedierne.dk\/mors\/det-er-borgmesterens-ansvar-kommunaldirektoeren-tog-skraldet\/#breadcrumb\"},\"inLanguage\":\"da-DK\",\"potentialAction\":[{\"@type\":\"ReadAction\",\"target\":[\"https:\/\/kunmedierne.dk\/mors\/det-er-borgmesterens-ansvar-kommunaldirektoeren-tog-skraldet\/\"]}]},{\"@type\":\"ImageObject\",\"inLanguage\":\"da-DK\",\"@id\":\"https:\/\/kunmedierne.dk\/mors\/det-er-borgmesterens-ansvar-kommunaldirektoeren-tog-skraldet\/#primaryimage\",\"url\":\"https:\/\/kunmedierne.dk\/mors\/wp-content\/uploads\/2021\/01\/piathorsen.jpg\",\"contentUrl\":\"https:\/\/kunmedierne.dk\/mors\/wp-content\/uploads\/2021\/01\/piathorsen.jpg\",\"width\":770,\"height\":513,\"caption\":\"Pia Thorsen, kandidat for Enhedslisten ved kommunal- og regionsr\u00e5dsvalget 2021. Privatfoto\"},{\"@type\":\"BreadcrumbList\",\"@id\":\"https:\/\/kunmedierne.dk\/mors\/det-er-borgmesterens-ansvar-kommunaldirektoeren-tog-skraldet\/#breadcrumb\",\"itemListElement\":[{\"@type\":\"ListItem\",\"position\":1,\"name\":\"Hjem\",\"item\":\"https:\/\/kunmedierne.dk\/mors\/\"},{\"@type\":\"ListItem\",\"position\":2,\"name\":\"&#8211; Det er borgmesterens ansvar &#8211; kommunaldirekt\u00f8ren tog skraldet\"}]},{\"@type\":\"WebSite\",\"@id\":\"https:\/\/kunmedierne.dk\/mors\/#website\",\"url\":\"https:\/\/kunmedierne.dk\/mors\/\",\"name\":\"Mors\",\"description\":\"et netmedie med journalistik om livet p\u00e5 Mors\",\"publisher\":{\"@id\":\"https:\/\/kunmedierne.dk\/mors\/#organization\"},\"potentialAction\":[{\"@type\":\"SearchAction\",\"target\":{\"@type\":\"EntryPoint\",\"urlTemplate\":\"https:\/\/kunmedierne.dk\/mors\/?s={search_term_string}\"},\"query-input\":{\"@type\":\"PropertyValueSpecification\",\"valueRequired\":true,\"valueName\":\"search_term_string\"}}],\"inLanguage\":\"da-DK\"},{\"@type\":\"Organization\",\"@id\":\"https:\/\/kunmedierne.dk\/mors\/#organization\",\"name\":\"Mors\",\"url\":\"https:\/\/kunmedierne.dk\/mors\/\",\"logo\":{\"@type\":\"ImageObject\",\"inLanguage\":\"da-DK\",\"@id\":\"https:\/\/kunmedierne.dk\/mors\/#\/schema\/logo\/image\/\",\"url\":\"https:\/\/kunmedierne.dk\/mors\/wp-content\/uploads\/2024\/08\/kunmors-logo.svg\",\"contentUrl\":\"https:\/\/kunmedierne.dk\/mors\/wp-content\/uploads\/2024\/08\/kunmors-logo.svg\",\"caption\":\"Mors\"},\"image\":{\"@id\":\"https:\/\/kunmedierne.dk\/mors\/#\/schema\/logo\/image\/\"}},{\"@type\":\"Person\",\"@id\":\"https:\/\/kunmedierne.dk\/mors\/#\/schema\/person\/84c1391bce0b43b9bb3a49736bc0ad78\",\"name\":\"Debat\",\"image\":{\"@type\":\"ImageObject\",\"inLanguage\":\"da-DK\",\"@id\":\"https:\/\/kunmedierne.dk\/mors\/#\/schema\/person\/image\/\",\"url\":\"https:\/\/secure.gravatar.com\/avatar\/b0fb2e221d618f7c65162ab0d49c7e8a0b580c871ca03af90e42b47b4150654c?s=96&d=mm&r=g\",\"contentUrl\":\"https:\/\/secure.gravatar.com\/avatar\/b0fb2e221d618f7c65162ab0d49c7e8a0b580c871ca03af90e42b47b4150654c?s=96&d=mm&r=g\",\"caption\":\"Debat\"},\"url\":\"https:\/\/kunmedierne.dk\/mors\/author\/debat\/\"}]}<\/script>\n<!-- \/ Yoast SEO plugin. -->","yoast_head_json":{"title":"- Det er borgmesterens ansvar - kommunaldirekt\u00f8ren tog skraldet - Mors","robots":{"index":"index","follow":"follow","max-snippet":"max-snippet:-1","max-image-preview":"max-image-preview:large","max-video-preview":"max-video-preview:-1"},"canonical":"https:\/\/kunmedierne.dk\/mors\/det-er-borgmesterens-ansvar-kommunaldirektoeren-tog-skraldet\/","og_locale":"da_DK","og_type":"article","og_title":"- Det er borgmesterens ansvar - kommunaldirekt\u00f8ren tog skraldet - Mors","og_description":"Debatindl\u00e6g fra Pia Thorsen, kandidat for Enhedslisten ved kommunal- og regionsr\u00e5dsvalget 2021: MORS: Jeg er jo ellers flittig l\u00e6ser af alle kommunale referater, men jeg kunne ikke finde noget om en borgerr\u00e5dgiver. Det undrede mig, n\u00e5r nu puljen til statslige midler til en borgerr\u00e5dgiver blev lukket for ans\u00f8gninger i august. Derfor skrev jeg forleden et [&hellip;]","og_url":"https:\/\/kunmedierne.dk\/mors\/det-er-borgmesterens-ansvar-kommunaldirektoeren-tog-skraldet\/","og_site_name":"Mors","article_published_time":"2021-10-01T09:59:07+00:00","article_modified_time":"2024-08-12T11:36:08+00:00","og_image":[{"width":770,"height":513,"url":"https:\/\/kunmedierne.dk\/mors\/wp-content\/uploads\/2021\/01\/piathorsen.jpg","type":"image\/jpeg"}],"author":"Debat","twitter_card":"summary_large_image","twitter_misc":{"Skrevet af":"Debat","Estimeret l\u00e6setid":"3 minutter"},"schema":{"@context":"https:\/\/schema.org","@graph":[{"@type":"Article","@id":"https:\/\/kunmedierne.dk\/mors\/det-er-borgmesterens-ansvar-kommunaldirektoeren-tog-skraldet\/#article","isPartOf":{"@id":"https:\/\/kunmedierne.dk\/mors\/det-er-borgmesterens-ansvar-kommunaldirektoeren-tog-skraldet\/"},"author":{"name":"Debat","@id":"https:\/\/kunmedierne.dk\/mors\/#\/schema\/person\/84c1391bce0b43b9bb3a49736bc0ad78"},"headline":"&#8211; Det er borgmesterens ansvar &#8211; kommunaldirekt\u00f8ren tog skraldet","datePublished":"2021-10-01T09:59:07+00:00","dateModified":"2024-08-12T11:36:08+00:00","mainEntityOfPage":{"@id":"https:\/\/kunmedierne.dk\/mors\/det-er-borgmesterens-ansvar-kommunaldirektoeren-tog-skraldet\/"},"wordCount":483,"commentCount":0,"publisher":{"@id":"https:\/\/kunmedierne.dk\/mors\/#organization"},"image":{"@id":"https:\/\/kunmedierne.dk\/mors\/det-er-borgmesterens-ansvar-kommunaldirektoeren-tog-skraldet\/#primaryimage"},"thumbnailUrl":"https:\/\/kunmedierne.dk\/mors\/wp-content\/uploads\/2021\/01\/piathorsen.jpg","keywords":["Politik"],"articleSection":["Debat"],"inLanguage":"da-DK","potentialAction":[{"@type":"CommentAction","name":"Comment","target":["https:\/\/kunmedierne.dk\/mors\/det-er-borgmesterens-ansvar-kommunaldirektoeren-tog-skraldet\/#respond"]}]},{"@type":"WebPage","@id":"https:\/\/kunmedierne.dk\/mors\/det-er-borgmesterens-ansvar-kommunaldirektoeren-tog-skraldet\/","url":"https:\/\/kunmedierne.dk\/mors\/det-er-borgmesterens-ansvar-kommunaldirektoeren-tog-skraldet\/","name":"- Det er borgmesterens ansvar - kommunaldirekt\u00f8ren tog skraldet - Mors","isPartOf":{"@id":"https:\/\/kunmedierne.dk\/mors\/#website"},"primaryImageOfPage":{"@id":"https:\/\/kunmedierne.dk\/mors\/det-er-borgmesterens-ansvar-kommunaldirektoeren-tog-skraldet\/#primaryimage"},"image":{"@id":"https:\/\/kunmedierne.dk\/mors\/det-er-borgmesterens-ansvar-kommunaldirektoeren-tog-skraldet\/#primaryimage"},"thumbnailUrl":"https:\/\/kunmedierne.dk\/mors\/wp-content\/uploads\/2021\/01\/piathorsen.jpg","datePublished":"2021-10-01T09:59:07+00:00","dateModified":"2024-08-12T11:36:08+00:00","breadcrumb":{"@id":"https:\/\/kunmedierne.dk\/mors\/det-er-borgmesterens-ansvar-kommunaldirektoeren-tog-skraldet\/#breadcrumb"},"inLanguage":"da-DK","potentialAction":[{"@type":"ReadAction","target":["https:\/\/kunmedierne.dk\/mors\/det-er-borgmesterens-ansvar-kommunaldirektoeren-tog-skraldet\/"]}]},{"@type":"ImageObject","inLanguage":"da-DK","@id":"https:\/\/kunmedierne.dk\/mors\/det-er-borgmesterens-ansvar-kommunaldirektoeren-tog-skraldet\/#primaryimage","url":"https:\/\/kunmedierne.dk\/mors\/wp-content\/uploads\/2021\/01\/piathorsen.jpg","contentUrl":"https:\/\/kunmedierne.dk\/mors\/wp-content\/uploads\/2021\/01\/piathorsen.jpg","width":770,"height":513,"caption":"Pia Thorsen, kandidat for Enhedslisten ved kommunal- og regionsr\u00e5dsvalget 2021. Privatfoto"},{"@type":"BreadcrumbList","@id":"https:\/\/kunmedierne.dk\/mors\/det-er-borgmesterens-ansvar-kommunaldirektoeren-tog-skraldet\/#breadcrumb","itemListElement":[{"@type":"ListItem","position":1,"name":"Hjem","item":"https:\/\/kunmedierne.dk\/mors\/"},{"@type":"ListItem","position":2,"name":"&#8211; Det er borgmesterens ansvar &#8211; kommunaldirekt\u00f8ren tog skraldet"}]},{"@type":"WebSite","@id":"https:\/\/kunmedierne.dk\/mors\/#website","url":"https:\/\/kunmedierne.dk\/mors\/","name":"Mors","description":"et netmedie med journalistik om livet p\u00e5 Mors","publisher":{"@id":"https:\/\/kunmedierne.dk\/mors\/#organization"},"potentialAction":[{"@type":"SearchAction","target":{"@type":"EntryPoint","urlTemplate":"https:\/\/kunmedierne.dk\/mors\/?s={search_term_string}"},"query-input":{"@type":"PropertyValueSpecification","valueRequired":true,"valueName":"search_term_string"}}],"inLanguage":"da-DK"},{"@type":"Organization","@id":"https:\/\/kunmedierne.dk\/mors\/#organization","name":"Mors","url":"https:\/\/kunmedierne.dk\/mors\/","logo":{"@type":"ImageObject","inLanguage":"da-DK","@id":"https:\/\/kunmedierne.dk\/mors\/#\/schema\/logo\/image\/","url":"https:\/\/kunmedierne.dk\/mors\/wp-content\/uploads\/2024\/08\/kunmors-logo.svg","contentUrl":"https:\/\/kunmedierne.dk\/mors\/wp-content\/uploads\/2024\/08\/kunmors-logo.svg","caption":"Mors"},"image":{"@id":"https:\/\/kunmedierne.dk\/mors\/#\/schema\/logo\/image\/"}},{"@type":"Person","@id":"https:\/\/kunmedierne.dk\/mors\/#\/schema\/person\/84c1391bce0b43b9bb3a49736bc0ad78","name":"Debat","image":{"@type":"ImageObject","inLanguage":"da-DK","@id":"https:\/\/kunmedierne.dk\/mors\/#\/schema\/person\/image\/","url":"https:\/\/secure.gravatar.com\/avatar\/b0fb2e221d618f7c65162ab0d49c7e8a0b580c871ca03af90e42b47b4150654c?s=96&d=mm&r=g","contentUrl":"https:\/\/secure.gravatar.com\/avatar\/b0fb2e221d618f7c65162ab0d49c7e8a0b580c871ca03af90e42b47b4150654c?s=96&d=mm&r=g","caption":"Debat"},"url":"https:\/\/kunmedierne.dk\/mors\/author\/debat\/"}]}},"_links":{"self":[{"href":"https:\/\/kunmedierne.dk\/mors\/wp-json\/wp\/v2\/posts\/53527","targetHints":{"allow":["GET"]}}],"collection":[{"href":"https:\/\/kunmedierne.dk\/mors\/wp-json\/wp\/v2\/posts"}],"about":[{"href":"https:\/\/kunmedierne.dk\/mors\/wp-json\/wp\/v2\/types\/post"}],"author":[{"embeddable":true,"href":"https:\/\/kunmedierne.dk\/mors\/wp-json\/wp\/v2\/users\/11"}],"replies":[{"embeddable":true,"href":"https:\/\/kunmedierne.dk\/mors\/wp-json\/wp\/v2\/comments?post=53527"}],"version-history":[{"count":2,"href":"https:\/\/kunmedierne.dk\/mors\/wp-json\/wp\/v2\/posts\/53527\/revisions"}],"predecessor-version":[{"id":56235,"href":"https:\/\/kunmedierne.dk\/mors\/wp-json\/wp\/v2\/posts\/53527\/revisions\/56235"}],"wp:featuredmedia":[{"embeddable":true,"href":"https:\/\/kunmedierne.dk\/mors\/wp-json\/wp\/v2\/media\/38239"}],"wp:attachment":[{"href":"https:\/\/kunmedierne.dk\/mors\/wp-json\/wp\/v2\/media?parent=53527"}],"wp:term":[{"taxonomy":"category","embeddable":true,"href":"https:\/\/kunmedierne.dk\/mors\/wp-json\/wp\/v2\/categories?post=53527"},{"taxonomy":"post_tag","embeddable":true,"href":"https:\/\/kunmedierne.dk\/mors\/wp-json\/wp\/v2\/tags?post=53527"}],"curies":[{"name":"wp","href":"https:\/\/api.w.org\/{rel}","templated":true}]}}