{"id":53406,"date":"2021-09-29T22:59:23","date_gmt":"2021-09-29T20:59:23","guid":{"rendered":"https:\/\/kunmedierne.dk\/mors\/?p=53406"},"modified":"2024-08-12T13:36:08","modified_gmt":"2024-08-12T11:36:08","slug":"kommentar-til-viggo-vangsgaard","status":"publish","type":"post","link":"https:\/\/kunmedierne.dk\/mors\/kommentar-til-viggo-vangsgaard\/","title":{"rendered":"&#8211; Kommentar til Viggo Vangsgaard"},"content":{"rendered":"<p><em>Ellen Philipsen Dahl, formand for besk\u00e6ftigelses- og erhvervsudvalget i Mors\u00f8 Kommune, har p\u00e5 vegne af Demokratisk Balance sendt dette debatindl\u00e6g:<\/em><\/p>\n<hr \/>\n<p><strong>MORS<\/strong>: Viggo Vangsgaard udtaler i onsdags til Nordjyske, at han ikke vil afvise at pege p\u00e5 Hans Ejner Berthelsen som borgmester, n\u00e5r der p\u00e5 valgaftenen den 16. november skal fordeles poster for den kommende kommunalbestyrelsesperiode. Det er der i og for sig ikke noget at sige til \u2013 hvis han da kan f\u00e5 sit SF-bagland med p\u00e5 det.<\/p>\n<p>Det, der derimod er noget helt galt i, er hans udl\u00e6gning af budgetforhandlingsforl\u00f8bet i forbindelse med det netop indg\u00e5ede budgetforlig for Mors\u00f8 Kommune 2022.<a href=\"https:\/\/morsoe-begravelsesforretning.dk\/\"><img loading=\"lazy\" decoding=\"async\" class=\"alignleft size-full wp-image-46598\" src=\"https:\/\/kunmedierne.dk\/mors\/wp-content\/uploads\/2021\/06\/t07.jpg\" alt=\"\" width=\"1425\" height=\"127\" srcset=\"https:\/\/kunmedierne.dk\/mors\/wp-content\/uploads\/2021\/06\/t07.jpg 1425w, https:\/\/kunmedierne.dk\/mors\/wp-content\/uploads\/2021\/06\/t07-300x27.jpg 300w, https:\/\/kunmedierne.dk\/mors\/wp-content\/uploads\/2021\/06\/t07-1024x91.jpg 1024w, https:\/\/kunmedierne.dk\/mors\/wp-content\/uploads\/2021\/06\/t07-768x68.jpg 768w, https:\/\/kunmedierne.dk\/mors\/wp-content\/uploads\/2021\/06\/t07-600x53.jpg 600w\" sizes=\"auto, (max-width: 1425px) 100vw, 1425px\" \/><\/a><\/p>\n<p>Viggo udtaler, citat: \u201dSocialdemokratiet og Radikale blev holdt udenfor. De fik lov at komme ind bagefter og f\u00e5 at vide: S\u00e5dan ser det ud. Vil I v\u00e6re med eller ej?\u201d citat slut.<\/p>\n<p>Jeg m\u00e5 sige, at jeg p\u00e5 ingen m\u00e5de kan genkende det scenarie. Og jeg er faktisk rigtig \u00e6rgerlig over, at en b\u00e5de sober og helt igennem fin budgetproces i den grad bliver fejlfremstillet!<\/p>\n<p>Som Viggo ogs\u00e5 skriver \u2013 ja, s\u00e5 deltog jeg ogs\u00e5 i dette m\u00f8de, og der var p\u00e5 ingen m\u00e5de tale om at holde nogen udenfor. Hvilket ogs\u00e5 det endelige budgetforlig b\u00e6rer tydeligt pr\u00e6g af.<a href=\"https:\/\/www.sparthy.dk\/\"><img loading=\"lazy\" decoding=\"async\" class=\"alignleft size-full wp-image-46599\" src=\"https:\/\/kunmedierne.dk\/mors\/wp-content\/uploads\/2021\/06\/t08.jpg\" alt=\"\" width=\"1400\" height=\"125\" srcset=\"https:\/\/kunmedierne.dk\/mors\/wp-content\/uploads\/2021\/06\/t08.jpg 1400w, https:\/\/kunmedierne.dk\/mors\/wp-content\/uploads\/2021\/06\/t08-300x27.jpg 300w, https:\/\/kunmedierne.dk\/mors\/wp-content\/uploads\/2021\/06\/t08-1024x91.jpg 1024w, https:\/\/kunmedierne.dk\/mors\/wp-content\/uploads\/2021\/06\/t08-768x69.jpg 768w, https:\/\/kunmedierne.dk\/mors\/wp-content\/uploads\/2021\/06\/t08-600x54.jpg 600w\" sizes=\"auto, (max-width: 1400px) 100vw, 1400px\" \/><\/a><\/p>\n<p>Ligesom Venstre, Dansk Folkeparti, SF og Demokratisk Balance fik respektive m\u00e6rke- og hjertesager tilgodeset i forliget \u2013 ja s\u00e5 er der markante og helt tydelige b\u00e5de Radikale og Socialdemokratiske fingeraftryk i det indg\u00e5ede forlig.<\/p>\n<p>Jeg synes, det er en \u00e6rgerlig, helt un\u00f8dvendig og irriterende usand udl\u00e6gning, som jeg blot h\u00e5ber er en k\u00e6k journalistisk fordrejning for at s\u00e6tte gang i valgkampen.<img loading=\"lazy\" decoding=\"async\" class=\"alignleft size-full wp-image-46600\" src=\"https:\/\/kunmedierne.dk\/mors\/wp-content\/uploads\/2021\/06\/t09.jpg\" alt=\"\" width=\"1400\" height=\"125\" srcset=\"https:\/\/kunmedierne.dk\/mors\/wp-content\/uploads\/2021\/06\/t09.jpg 1400w, https:\/\/kunmedierne.dk\/mors\/wp-content\/uploads\/2021\/06\/t09-300x27.jpg 300w, https:\/\/kunmedierne.dk\/mors\/wp-content\/uploads\/2021\/06\/t09-1024x91.jpg 1024w, https:\/\/kunmedierne.dk\/mors\/wp-content\/uploads\/2021\/06\/t09-768x69.jpg 768w, https:\/\/kunmedierne.dk\/mors\/wp-content\/uploads\/2021\/06\/t09-600x54.jpg 600w\" sizes=\"auto, (max-width: 1400px) 100vw, 1400px\" \/><\/p>\n<hr \/>\n<blockquote>\n<h4>Vind en l\u00e6kker shoppingtaske fra\u00a0<a href=\"https:\/\/www.facebook.com\/Wiiben-116730131808273\" target=\"_blank\" rel=\"noopener\">Wiiben<\/a>. Tilmeld dig vores daglige nyhedsbrev og modtag KunMors som en daglig avis. S\u00e5 deltager du i lodtr\u00e6kningen. L\u00e6s mere\u00a0<a href=\"https:\/\/kunmedierne.dk\/mors\/vind-en-laekker-shoppingtaske-fra-wiiben\/\" target=\"_blank\" rel=\"noopener\">her<\/a>.<\/h4>\n<\/blockquote>\n","protected":false},"excerpt":{"rendered":"<p>Ellen Philipsen Dahl, formand for besk\u00e6ftigelses- og erhvervsudvalget i Mors\u00f8 Kommune, har p\u00e5 vegne af Demokratisk Balance sendt dette debatindl\u00e6g: MORS: Viggo Vangsgaard udtaler i onsdags til Nordjyske, at han ikke vil afvise at pege p\u00e5 Hans Ejner Berthelsen som borgmester, n\u00e5r der p\u00e5 valgaftenen den 16. november skal fordeles poster for den kommende kommunalbestyrelsesperiode. [&hellip;]<\/p>\n","protected":false},"author":11,"featured_media":18974,"comment_status":"open","ping_status":"open","sticky":false,"template":"","format":"standard","meta":{"_acf_changed":false,"footnotes":""},"categories":[56],"tags":[167],"class_list":["post-53406","post","type-post","status-publish","format-standard","has-post-thumbnail","hentry","category-debat","tag-politik"],"acf":[],"yoast_head":"<!-- This site is optimized with the Yoast SEO plugin v26.8 - https:\/\/yoast.com\/product\/yoast-seo-wordpress\/ -->\n<title>- Kommentar til Viggo Vangsgaard - Mors<\/title>\n<meta name=\"robots\" content=\"index, follow, max-snippet:-1, max-image-preview:large, max-video-preview:-1\" \/>\n<link rel=\"canonical\" href=\"https:\/\/kunmedierne.dk\/mors\/kommentar-til-viggo-vangsgaard\/\" \/>\n<meta property=\"og:locale\" content=\"da_DK\" \/>\n<meta property=\"og:type\" content=\"article\" \/>\n<meta property=\"og:title\" content=\"- Kommentar til Viggo Vangsgaard - Mors\" \/>\n<meta property=\"og:description\" content=\"Ellen Philipsen Dahl, formand for besk\u00e6ftigelses- og erhvervsudvalget i Mors\u00f8 Kommune, har p\u00e5 vegne af Demokratisk Balance sendt dette debatindl\u00e6g: MORS: Viggo Vangsgaard udtaler i onsdags til Nordjyske, at han ikke vil afvise at pege p\u00e5 Hans Ejner Berthelsen som borgmester, n\u00e5r der p\u00e5 valgaftenen den 16. november skal fordeles poster for den kommende kommunalbestyrelsesperiode. [&hellip;]\" \/>\n<meta property=\"og:url\" content=\"https:\/\/kunmedierne.dk\/mors\/kommentar-til-viggo-vangsgaard\/\" \/>\n<meta property=\"og:site_name\" content=\"Mors\" \/>\n<meta property=\"article:published_time\" content=\"2021-09-29T20:59:23+00:00\" \/>\n<meta property=\"article:modified_time\" content=\"2024-08-12T11:36:08+00:00\" \/>\n<meta property=\"og:image\" content=\"https:\/\/kunmedierne.dk\/mors\/wp-content\/uploads\/2020\/04\/0-debat-ellen-philipsen-dahl-M.jpg\" \/>\n\t<meta property=\"og:image:width\" content=\"770\" \/>\n\t<meta property=\"og:image:height\" content=\"513\" \/>\n\t<meta property=\"og:image:type\" content=\"image\/jpeg\" \/>\n<meta name=\"author\" content=\"Debat\" \/>\n<meta name=\"twitter:card\" content=\"summary_large_image\" \/>\n<meta name=\"twitter:label1\" content=\"Skrevet af\" \/>\n\t<meta name=\"twitter:data1\" content=\"Debat\" \/>\n\t<meta name=\"twitter:label2\" content=\"Estimeret l\u00e6setid\" \/>\n\t<meta name=\"twitter:data2\" content=\"2 minutter\" \/>\n<script type=\"application\/ld+json\" class=\"yoast-schema-graph\">{\"@context\":\"https:\/\/schema.org\",\"@graph\":[{\"@type\":\"Article\",\"@id\":\"https:\/\/kunmedierne.dk\/mors\/kommentar-til-viggo-vangsgaard\/#article\",\"isPartOf\":{\"@id\":\"https:\/\/kunmedierne.dk\/mors\/kommentar-til-viggo-vangsgaard\/\"},\"author\":{\"name\":\"Debat\",\"@id\":\"https:\/\/kunmedierne.dk\/mors\/#\/schema\/person\/84c1391bce0b43b9bb3a49736bc0ad78\"},\"headline\":\"&#8211; Kommentar til Viggo Vangsgaard\",\"datePublished\":\"2021-09-29T20:59:23+00:00\",\"dateModified\":\"2024-08-12T11:36:08+00:00\",\"mainEntityOfPage\":{\"@id\":\"https:\/\/kunmedierne.dk\/mors\/kommentar-til-viggo-vangsgaard\/\"},\"wordCount\":312,\"commentCount\":0,\"publisher\":{\"@id\":\"https:\/\/kunmedierne.dk\/mors\/#organization\"},\"image\":{\"@id\":\"https:\/\/kunmedierne.dk\/mors\/kommentar-til-viggo-vangsgaard\/#primaryimage\"},\"thumbnailUrl\":\"https:\/\/kunmedierne.dk\/mors\/wp-content\/uploads\/2020\/04\/0-debat-ellen-philipsen-dahl-M.jpg\",\"keywords\":[\"Politik\"],\"articleSection\":[\"Debat\"],\"inLanguage\":\"da-DK\",\"potentialAction\":[{\"@type\":\"CommentAction\",\"name\":\"Comment\",\"target\":[\"https:\/\/kunmedierne.dk\/mors\/kommentar-til-viggo-vangsgaard\/#respond\"]}]},{\"@type\":\"WebPage\",\"@id\":\"https:\/\/kunmedierne.dk\/mors\/kommentar-til-viggo-vangsgaard\/\",\"url\":\"https:\/\/kunmedierne.dk\/mors\/kommentar-til-viggo-vangsgaard\/\",\"name\":\"- Kommentar til Viggo Vangsgaard - Mors\",\"isPartOf\":{\"@id\":\"https:\/\/kunmedierne.dk\/mors\/#website\"},\"primaryImageOfPage\":{\"@id\":\"https:\/\/kunmedierne.dk\/mors\/kommentar-til-viggo-vangsgaard\/#primaryimage\"},\"image\":{\"@id\":\"https:\/\/kunmedierne.dk\/mors\/kommentar-til-viggo-vangsgaard\/#primaryimage\"},\"thumbnailUrl\":\"https:\/\/kunmedierne.dk\/mors\/wp-content\/uploads\/2020\/04\/0-debat-ellen-philipsen-dahl-M.jpg\",\"datePublished\":\"2021-09-29T20:59:23+00:00\",\"dateModified\":\"2024-08-12T11:36:08+00:00\",\"breadcrumb\":{\"@id\":\"https:\/\/kunmedierne.dk\/mors\/kommentar-til-viggo-vangsgaard\/#breadcrumb\"},\"inLanguage\":\"da-DK\",\"potentialAction\":[{\"@type\":\"ReadAction\",\"target\":[\"https:\/\/kunmedierne.dk\/mors\/kommentar-til-viggo-vangsgaard\/\"]}]},{\"@type\":\"ImageObject\",\"inLanguage\":\"da-DK\",\"@id\":\"https:\/\/kunmedierne.dk\/mors\/kommentar-til-viggo-vangsgaard\/#primaryimage\",\"url\":\"https:\/\/kunmedierne.dk\/mors\/wp-content\/uploads\/2020\/04\/0-debat-ellen-philipsen-dahl-M.jpg\",\"contentUrl\":\"https:\/\/kunmedierne.dk\/mors\/wp-content\/uploads\/2020\/04\/0-debat-ellen-philipsen-dahl-M.jpg\",\"width\":770,\"height\":513,\"caption\":\"Ellen Philipsen Dahl. Foto: Per Bech\/Mors\u00f8 Kommune.\"},{\"@type\":\"BreadcrumbList\",\"@id\":\"https:\/\/kunmedierne.dk\/mors\/kommentar-til-viggo-vangsgaard\/#breadcrumb\",\"itemListElement\":[{\"@type\":\"ListItem\",\"position\":1,\"name\":\"Hjem\",\"item\":\"https:\/\/kunmedierne.dk\/mors\/\"},{\"@type\":\"ListItem\",\"position\":2,\"name\":\"&#8211; Kommentar til Viggo Vangsgaard\"}]},{\"@type\":\"WebSite\",\"@id\":\"https:\/\/kunmedierne.dk\/mors\/#website\",\"url\":\"https:\/\/kunmedierne.dk\/mors\/\",\"name\":\"Mors\",\"description\":\"et netmedie med journalistik om livet p\u00e5 Mors\",\"publisher\":{\"@id\":\"https:\/\/kunmedierne.dk\/mors\/#organization\"},\"potentialAction\":[{\"@type\":\"SearchAction\",\"target\":{\"@type\":\"EntryPoint\",\"urlTemplate\":\"https:\/\/kunmedierne.dk\/mors\/?s={search_term_string}\"},\"query-input\":{\"@type\":\"PropertyValueSpecification\",\"valueRequired\":true,\"valueName\":\"search_term_string\"}}],\"inLanguage\":\"da-DK\"},{\"@type\":\"Organization\",\"@id\":\"https:\/\/kunmedierne.dk\/mors\/#organization\",\"name\":\"Mors\",\"url\":\"https:\/\/kunmedierne.dk\/mors\/\",\"logo\":{\"@type\":\"ImageObject\",\"inLanguage\":\"da-DK\",\"@id\":\"https:\/\/kunmedierne.dk\/mors\/#\/schema\/logo\/image\/\",\"url\":\"https:\/\/kunmedierne.dk\/mors\/wp-content\/uploads\/2024\/08\/kunmors-logo.svg\",\"contentUrl\":\"https:\/\/kunmedierne.dk\/mors\/wp-content\/uploads\/2024\/08\/kunmors-logo.svg\",\"caption\":\"Mors\"},\"image\":{\"@id\":\"https:\/\/kunmedierne.dk\/mors\/#\/schema\/logo\/image\/\"}},{\"@type\":\"Person\",\"@id\":\"https:\/\/kunmedierne.dk\/mors\/#\/schema\/person\/84c1391bce0b43b9bb3a49736bc0ad78\",\"name\":\"Debat\",\"image\":{\"@type\":\"ImageObject\",\"inLanguage\":\"da-DK\",\"@id\":\"https:\/\/kunmedierne.dk\/mors\/#\/schema\/person\/image\/\",\"url\":\"https:\/\/secure.gravatar.com\/avatar\/b0fb2e221d618f7c65162ab0d49c7e8a0b580c871ca03af90e42b47b4150654c?s=96&d=mm&r=g\",\"contentUrl\":\"https:\/\/secure.gravatar.com\/avatar\/b0fb2e221d618f7c65162ab0d49c7e8a0b580c871ca03af90e42b47b4150654c?s=96&d=mm&r=g\",\"caption\":\"Debat\"},\"url\":\"https:\/\/kunmedierne.dk\/mors\/author\/debat\/\"}]}<\/script>\n<!-- \/ Yoast SEO plugin. -->","yoast_head_json":{"title":"- Kommentar til Viggo Vangsgaard - Mors","robots":{"index":"index","follow":"follow","max-snippet":"max-snippet:-1","max-image-preview":"max-image-preview:large","max-video-preview":"max-video-preview:-1"},"canonical":"https:\/\/kunmedierne.dk\/mors\/kommentar-til-viggo-vangsgaard\/","og_locale":"da_DK","og_type":"article","og_title":"- Kommentar til Viggo Vangsgaard - Mors","og_description":"Ellen Philipsen Dahl, formand for besk\u00e6ftigelses- og erhvervsudvalget i Mors\u00f8 Kommune, har p\u00e5 vegne af Demokratisk Balance sendt dette debatindl\u00e6g: MORS: Viggo Vangsgaard udtaler i onsdags til Nordjyske, at han ikke vil afvise at pege p\u00e5 Hans Ejner Berthelsen som borgmester, n\u00e5r der p\u00e5 valgaftenen den 16. november skal fordeles poster for den kommende kommunalbestyrelsesperiode. [&hellip;]","og_url":"https:\/\/kunmedierne.dk\/mors\/kommentar-til-viggo-vangsgaard\/","og_site_name":"Mors","article_published_time":"2021-09-29T20:59:23+00:00","article_modified_time":"2024-08-12T11:36:08+00:00","og_image":[{"width":770,"height":513,"url":"https:\/\/kunmedierne.dk\/mors\/wp-content\/uploads\/2020\/04\/0-debat-ellen-philipsen-dahl-M.jpg","type":"image\/jpeg"}],"author":"Debat","twitter_card":"summary_large_image","twitter_misc":{"Skrevet af":"Debat","Estimeret l\u00e6setid":"2 minutter"},"schema":{"@context":"https:\/\/schema.org","@graph":[{"@type":"Article","@id":"https:\/\/kunmedierne.dk\/mors\/kommentar-til-viggo-vangsgaard\/#article","isPartOf":{"@id":"https:\/\/kunmedierne.dk\/mors\/kommentar-til-viggo-vangsgaard\/"},"author":{"name":"Debat","@id":"https:\/\/kunmedierne.dk\/mors\/#\/schema\/person\/84c1391bce0b43b9bb3a49736bc0ad78"},"headline":"&#8211; Kommentar til Viggo Vangsgaard","datePublished":"2021-09-29T20:59:23+00:00","dateModified":"2024-08-12T11:36:08+00:00","mainEntityOfPage":{"@id":"https:\/\/kunmedierne.dk\/mors\/kommentar-til-viggo-vangsgaard\/"},"wordCount":312,"commentCount":0,"publisher":{"@id":"https:\/\/kunmedierne.dk\/mors\/#organization"},"image":{"@id":"https:\/\/kunmedierne.dk\/mors\/kommentar-til-viggo-vangsgaard\/#primaryimage"},"thumbnailUrl":"https:\/\/kunmedierne.dk\/mors\/wp-content\/uploads\/2020\/04\/0-debat-ellen-philipsen-dahl-M.jpg","keywords":["Politik"],"articleSection":["Debat"],"inLanguage":"da-DK","potentialAction":[{"@type":"CommentAction","name":"Comment","target":["https:\/\/kunmedierne.dk\/mors\/kommentar-til-viggo-vangsgaard\/#respond"]}]},{"@type":"WebPage","@id":"https:\/\/kunmedierne.dk\/mors\/kommentar-til-viggo-vangsgaard\/","url":"https:\/\/kunmedierne.dk\/mors\/kommentar-til-viggo-vangsgaard\/","name":"- Kommentar til Viggo Vangsgaard - Mors","isPartOf":{"@id":"https:\/\/kunmedierne.dk\/mors\/#website"},"primaryImageOfPage":{"@id":"https:\/\/kunmedierne.dk\/mors\/kommentar-til-viggo-vangsgaard\/#primaryimage"},"image":{"@id":"https:\/\/kunmedierne.dk\/mors\/kommentar-til-viggo-vangsgaard\/#primaryimage"},"thumbnailUrl":"https:\/\/kunmedierne.dk\/mors\/wp-content\/uploads\/2020\/04\/0-debat-ellen-philipsen-dahl-M.jpg","datePublished":"2021-09-29T20:59:23+00:00","dateModified":"2024-08-12T11:36:08+00:00","breadcrumb":{"@id":"https:\/\/kunmedierne.dk\/mors\/kommentar-til-viggo-vangsgaard\/#breadcrumb"},"inLanguage":"da-DK","potentialAction":[{"@type":"ReadAction","target":["https:\/\/kunmedierne.dk\/mors\/kommentar-til-viggo-vangsgaard\/"]}]},{"@type":"ImageObject","inLanguage":"da-DK","@id":"https:\/\/kunmedierne.dk\/mors\/kommentar-til-viggo-vangsgaard\/#primaryimage","url":"https:\/\/kunmedierne.dk\/mors\/wp-content\/uploads\/2020\/04\/0-debat-ellen-philipsen-dahl-M.jpg","contentUrl":"https:\/\/kunmedierne.dk\/mors\/wp-content\/uploads\/2020\/04\/0-debat-ellen-philipsen-dahl-M.jpg","width":770,"height":513,"caption":"Ellen Philipsen Dahl. Foto: Per Bech\/Mors\u00f8 Kommune."},{"@type":"BreadcrumbList","@id":"https:\/\/kunmedierne.dk\/mors\/kommentar-til-viggo-vangsgaard\/#breadcrumb","itemListElement":[{"@type":"ListItem","position":1,"name":"Hjem","item":"https:\/\/kunmedierne.dk\/mors\/"},{"@type":"ListItem","position":2,"name":"&#8211; Kommentar til Viggo Vangsgaard"}]},{"@type":"WebSite","@id":"https:\/\/kunmedierne.dk\/mors\/#website","url":"https:\/\/kunmedierne.dk\/mors\/","name":"Mors","description":"et netmedie med journalistik om livet p\u00e5 Mors","publisher":{"@id":"https:\/\/kunmedierne.dk\/mors\/#organization"},"potentialAction":[{"@type":"SearchAction","target":{"@type":"EntryPoint","urlTemplate":"https:\/\/kunmedierne.dk\/mors\/?s={search_term_string}"},"query-input":{"@type":"PropertyValueSpecification","valueRequired":true,"valueName":"search_term_string"}}],"inLanguage":"da-DK"},{"@type":"Organization","@id":"https:\/\/kunmedierne.dk\/mors\/#organization","name":"Mors","url":"https:\/\/kunmedierne.dk\/mors\/","logo":{"@type":"ImageObject","inLanguage":"da-DK","@id":"https:\/\/kunmedierne.dk\/mors\/#\/schema\/logo\/image\/","url":"https:\/\/kunmedierne.dk\/mors\/wp-content\/uploads\/2024\/08\/kunmors-logo.svg","contentUrl":"https:\/\/kunmedierne.dk\/mors\/wp-content\/uploads\/2024\/08\/kunmors-logo.svg","caption":"Mors"},"image":{"@id":"https:\/\/kunmedierne.dk\/mors\/#\/schema\/logo\/image\/"}},{"@type":"Person","@id":"https:\/\/kunmedierne.dk\/mors\/#\/schema\/person\/84c1391bce0b43b9bb3a49736bc0ad78","name":"Debat","image":{"@type":"ImageObject","inLanguage":"da-DK","@id":"https:\/\/kunmedierne.dk\/mors\/#\/schema\/person\/image\/","url":"https:\/\/secure.gravatar.com\/avatar\/b0fb2e221d618f7c65162ab0d49c7e8a0b580c871ca03af90e42b47b4150654c?s=96&d=mm&r=g","contentUrl":"https:\/\/secure.gravatar.com\/avatar\/b0fb2e221d618f7c65162ab0d49c7e8a0b580c871ca03af90e42b47b4150654c?s=96&d=mm&r=g","caption":"Debat"},"url":"https:\/\/kunmedierne.dk\/mors\/author\/debat\/"}]}},"_links":{"self":[{"href":"https:\/\/kunmedierne.dk\/mors\/wp-json\/wp\/v2\/posts\/53406","targetHints":{"allow":["GET"]}}],"collection":[{"href":"https:\/\/kunmedierne.dk\/mors\/wp-json\/wp\/v2\/posts"}],"about":[{"href":"https:\/\/kunmedierne.dk\/mors\/wp-json\/wp\/v2\/types\/post"}],"author":[{"embeddable":true,"href":"https:\/\/kunmedierne.dk\/mors\/wp-json\/wp\/v2\/users\/11"}],"replies":[{"embeddable":true,"href":"https:\/\/kunmedierne.dk\/mors\/wp-json\/wp\/v2\/comments?post=53406"}],"version-history":[{"count":1,"href":"https:\/\/kunmedierne.dk\/mors\/wp-json\/wp\/v2\/posts\/53406\/revisions"}],"predecessor-version":[{"id":53407,"href":"https:\/\/kunmedierne.dk\/mors\/wp-json\/wp\/v2\/posts\/53406\/revisions\/53407"}],"wp:featuredmedia":[{"embeddable":true,"href":"https:\/\/kunmedierne.dk\/mors\/wp-json\/wp\/v2\/media\/18974"}],"wp:attachment":[{"href":"https:\/\/kunmedierne.dk\/mors\/wp-json\/wp\/v2\/media?parent=53406"}],"wp:term":[{"taxonomy":"category","embeddable":true,"href":"https:\/\/kunmedierne.dk\/mors\/wp-json\/wp\/v2\/categories?post=53406"},{"taxonomy":"post_tag","embeddable":true,"href":"https:\/\/kunmedierne.dk\/mors\/wp-json\/wp\/v2\/tags?post=53406"}],"curies":[{"name":"wp","href":"https:\/\/api.w.org\/{rel}","templated":true}]}}