{"id":53398,"date":"2021-09-29T17:15:04","date_gmt":"2021-09-29T15:15:04","guid":{"rendered":"https:\/\/kunmedierne.dk\/mors\/?p=53398"},"modified":"2024-08-12T13:36:08","modified_gmt":"2024-08-12T11:36:08","slug":"radikale-venstre-arbejder-for-en-borgerraadgiver","status":"publish","type":"post","link":"https:\/\/kunmedierne.dk\/mors\/radikale-venstre-arbejder-for-en-borgerraadgiver\/","title":{"rendered":"&#8211; Radikale Venstre arbejder for en borgerr\u00e5dgiver"},"content":{"rendered":"<p><em>Debatindl\u00e6g fra Jette Jepsen, medlem af kommunalbestyrelsen for Radikale Venstre og kandidat ved Kommunalvalg 2021:<\/em><\/p>\n<hr \/>\n<p><strong>MORS<\/strong>:\u00a0Jeg vil gerne blande mig i debatten vedr\u00f8rende to l\u00e6serbreve om frivillighed og Borgerr\u00e5dgivning med denne kommentar. Det ene l\u00e6serbrev af <a href=\"https:\/\/kunmedierne.dk\/mors-de-frivilliges-oe\/\" target=\"_blank\" rel=\"noopener\">Rasmus Christensen<\/a>, kandidat ved KV 21 for Venstre fra d. 21. september og det andet af <a href=\"https:\/\/kunmedierne.dk\/morsingboerne-har-brug-for-en-borgerraadgiver\/\" target=\"_blank\" rel=\"noopener\">Pia Thorsen<\/a>, kandidat ved KV21 for Enhedslisten fra d. 23. september.<\/p>\n<p>Jeg vil f\u00f8rst medgive Rasmus, at frivilligheden er et DNA for Mors. Vores historie bevidner dette ved andelsbev\u00e6gelsen, friskolerne, frimenighedskirken og forsamlingshuse o.s.v. og derudover et v\u00e6ld af foreninger, der skaber liv, kultur og st\u00e6rke f\u00e6llesskaber p\u00e5 Mors. Et vigtigt arbejde som vi som kommune skal underst\u00f8tte. Jeg er fuldst\u00e6ndig enig her med Rasmus. <a href=\"https:\/\/vognmand-filtenborg.dk\/\"><img loading=\"lazy\" decoding=\"async\" class=\"alignleft size-full wp-image-46594\" src=\"https:\/\/kunmedierne.dk\/mors\/wp-content\/uploads\/2021\/06\/t03.jpg\" alt=\"\" width=\"1400\" height=\"125\" srcset=\"https:\/\/kunmedierne.dk\/mors\/wp-content\/uploads\/2021\/06\/t03.jpg 1400w, https:\/\/kunmedierne.dk\/mors\/wp-content\/uploads\/2021\/06\/t03-300x27.jpg 300w, https:\/\/kunmedierne.dk\/mors\/wp-content\/uploads\/2021\/06\/t03-1024x91.jpg 1024w, https:\/\/kunmedierne.dk\/mors\/wp-content\/uploads\/2021\/06\/t03-768x69.jpg 768w, https:\/\/kunmedierne.dk\/mors\/wp-content\/uploads\/2021\/06\/t03-600x54.jpg 600w\" sizes=\"auto, (max-width: 1400px) 100vw, 1400px\" \/><\/a><\/p>\n<p>Der er dog noget, der undrer mig i l\u00e6serbrevet. Rasmus \u00f8nsker, at der skal ans\u00e6ttes en person i Mors\u00f8 Kommune, der st\u00e5r til r\u00e5dighed for frivillige i foreningsarbejdet. Rasmus beskriver, hvad han t\u00e6nker denne person skal hj\u00e6lpe med : at kende regler, kan svare p\u00e5 sp\u00f8rgsm\u00e5l, har kendskab til de ting der skal s\u00f8ges om ved forskellige arrangementer, kan afhj\u00e6lpe med at man ikke sender forkerte ans\u00f8gninger, og at man f\u00e5r det hele med i en ans\u00f8gning &#8211; en person alle foreninger kan rette henvendelser til.<\/p>\n<p>Jeg er enig med Rasmus i, at vi skal underst\u00f8tte de frivillige med s\u00e5dan en person. Vi har en s\u00e5dan person i en frivillighedskoordinator &#8211; i vores Frivillighedscenter. Jeg har selv i forenings regi som frivillig haft brug for hj\u00e6lp. I vores tilf\u00e6lde til digital afvikling af generalforsamling. Her har vi kun m\u00f8dt enorm hj\u00e6lpsomhed af vores frivillighedskoordinator. Frivillighedscenteret f\u00e5r min varmeste anbefaling og jeg tror ikke Rasmus vil g\u00e5 forg\u00e6ves med de ting han beskriver, han kunne bruge hj\u00e6lp til. Det er fint beskrevet p\u00e5 deres hjemmeside. <a href=\"https:\/\/www.sparnord.dk\/filialer\/nykoebing-mors\/\"><img loading=\"lazy\" decoding=\"async\" class=\"alignleft size-full wp-image-46595\" src=\"https:\/\/kunmedierne.dk\/mors\/wp-content\/uploads\/2021\/06\/t04.jpg\" alt=\"\" width=\"1400\" height=\"123\" srcset=\"https:\/\/kunmedierne.dk\/mors\/wp-content\/uploads\/2021\/06\/t04.jpg 1400w, https:\/\/kunmedierne.dk\/mors\/wp-content\/uploads\/2021\/06\/t04-300x26.jpg 300w, https:\/\/kunmedierne.dk\/mors\/wp-content\/uploads\/2021\/06\/t04-1024x90.jpg 1024w, https:\/\/kunmedierne.dk\/mors\/wp-content\/uploads\/2021\/06\/t04-768x67.jpg 768w, https:\/\/kunmedierne.dk\/mors\/wp-content\/uploads\/2021\/06\/t04-600x53.jpg 600w\" sizes=\"auto, (max-width: 1400px) 100vw, 1400px\" \/><\/a><\/p>\n<p>Pia kobler Rasmus&#8217;s \u00f8nske op p\u00e5 behovet for en Borgerr\u00e5dgiver. En Borgerr\u00e5dgiver er en person, der st\u00e5r til r\u00e5dighed for alle borgere i Mors\u00f8 Kommune, som kunne hj\u00e6lpe med pr\u00e6cist de ting i det kommunale system, som Rasmus beskriver, at han som frivillig kunne bruge hj\u00e6lp til. En Borgerr\u00e5dgiver skal sikre borgere i Kommunen vejledning, r\u00e5dgivning, ankemuligheder samt f\u00f8re tilsyn med kommunens administration, og dermed sikre borgerens retssikkerhed.<\/p>\n<p>Det kunne v\u00e6re interessant at h\u00f8re, hvad Rasmus mener om en borgerr\u00e5dgiver, n\u00e5r han s\u00e5 fint kan redeg\u00f8r for det behov han som frivillig har og er villig til at afs\u00e6tte penge til. For en borger, der har vanskeligheder kan systemet opleves som en k\u00e6mpe udfordring, fuldst\u00e6ndig som Rasmus beskriver det er for frivillige foreninger. <a href=\"http:\/\/www.limfjordsteatret.dk\/#front\"><img loading=\"lazy\" decoding=\"async\" class=\"alignleft size-full wp-image-46596\" src=\"https:\/\/kunmedierne.dk\/mors\/wp-content\/uploads\/2021\/06\/t05.jpg\" alt=\"\" width=\"1400\" height=\"125\" srcset=\"https:\/\/kunmedierne.dk\/mors\/wp-content\/uploads\/2021\/06\/t05.jpg 1400w, https:\/\/kunmedierne.dk\/mors\/wp-content\/uploads\/2021\/06\/t05-300x27.jpg 300w, https:\/\/kunmedierne.dk\/mors\/wp-content\/uploads\/2021\/06\/t05-1024x91.jpg 1024w, https:\/\/kunmedierne.dk\/mors\/wp-content\/uploads\/2021\/06\/t05-768x69.jpg 768w, https:\/\/kunmedierne.dk\/mors\/wp-content\/uploads\/2021\/06\/t05-600x54.jpg 600w\" sizes=\"auto, (max-width: 1400px) 100vw, 1400px\" \/><\/a><\/p>\n<p>Jeg er helt enig med Pia i, at vi burde have ans\u00f8gt puljen, s\u00e5 vi kunne ans\u00e6tte en Borgerr\u00e5dgiver i Mors\u00f8 Kommune, med en \u00f8konomisk h\u00e5ndsr\u00e6kning fra puljen afsat hertil.<\/p>\n<p>Sagen herom er politisk dr\u00f8ftet i \u00f8konomiudvalget i maj m\u00e5ned, og det er her vigtigt for mig at informere om at Radikale Venstre \u00f8nskede, at der skulle arbejdes videre med ans\u00f8gning til puljen til Borgerr\u00e5dgivning &#8211; og det er f\u00f8rt til referat. Det arbejde, der administrativt var igangsat blev herefter stoppet, da det var det \u00f8vrige udvalgs mening. Det er desuden med i Radikale Venstres valgprogram, at vi vil arbejde for en Borgerr\u00e5dgiver, eventuel i samarbejde med Thisted Kommune, da der forh\u00e5bentlig ikke er arbejde for en fuldtidsansat i en s\u00e5dan stilling i Mors\u00f8 Kommune. <a href=\"https:\/\/www.braendselsforeningen.dk\/\"><img loading=\"lazy\" decoding=\"async\" class=\"alignleft size-full wp-image-46597\" src=\"https:\/\/kunmedierne.dk\/mors\/wp-content\/uploads\/2021\/06\/t06.jpg\" alt=\"\" width=\"1425\" height=\"127\" srcset=\"https:\/\/kunmedierne.dk\/mors\/wp-content\/uploads\/2021\/06\/t06.jpg 1425w, https:\/\/kunmedierne.dk\/mors\/wp-content\/uploads\/2021\/06\/t06-300x27.jpg 300w, https:\/\/kunmedierne.dk\/mors\/wp-content\/uploads\/2021\/06\/t06-1024x91.jpg 1024w, https:\/\/kunmedierne.dk\/mors\/wp-content\/uploads\/2021\/06\/t06-768x68.jpg 768w, https:\/\/kunmedierne.dk\/mors\/wp-content\/uploads\/2021\/06\/t06-600x53.jpg 600w\" sizes=\"auto, (max-width: 1425px) 100vw, 1425px\" \/><\/a><\/p>\n<p>Puljen er oprettet, som resultat af aftalen om Finansloven 2021 mellem Socialdemokratiet, De Radikale, SF, Enhedslisten og Alternativet. Det er et radikalt h\u00e5b, at der efter kommunalvalget kunne rejses flertal for en Borgerr\u00e5dgiver i Mors\u00f8 Kommune.<\/p>\n<blockquote>\n<h4>Vind en l\u00e6kker shoppingtaske fra\u00a0<a href=\"https:\/\/www.facebook.com\/Wiiben-116730131808273\" target=\"_blank\" rel=\"noopener\">Wiiben<\/a>. Tilmeld dig vores daglige nyhedsbrev og modtag KunMors som en daglig avis. S\u00e5 deltager du i lodtr\u00e6kningen. L\u00e6s mere\u00a0<a href=\"https:\/\/kunmedierne.dk\/mors\/vind-en-laekker-shoppingtaske-fra-wiiben\/\" target=\"_blank\" rel=\"noopener\">her<\/a>.<\/h4>\n<\/blockquote>\n<hr \/>\n<p>&nbsp;<\/p>\n","protected":false},"excerpt":{"rendered":"<p>Debatindl\u00e6g fra Jette Jepsen, medlem af kommunalbestyrelsen for Radikale Venstre og kandidat ved Kommunalvalg 2021: MORS:\u00a0Jeg vil gerne blande mig i debatten vedr\u00f8rende to l\u00e6serbreve om frivillighed og Borgerr\u00e5dgivning med denne kommentar. Det ene l\u00e6serbrev af Rasmus Christensen, kandidat ved KV 21 for Venstre fra d. 21. september og det andet af Pia Thorsen, kandidat [&hellip;]<\/p>\n","protected":false},"author":11,"featured_media":18975,"comment_status":"open","ping_status":"open","sticky":false,"template":"","format":"standard","meta":{"_acf_changed":false,"footnotes":""},"categories":[56],"tags":[167],"class_list":["post-53398","post","type-post","status-publish","format-standard","has-post-thumbnail","hentry","category-debat","tag-politik"],"acf":[],"yoast_head":"<!-- This site is optimized with the Yoast SEO plugin v26.8 - https:\/\/yoast.com\/product\/yoast-seo-wordpress\/ -->\n<title>- Radikale Venstre arbejder for en borgerr\u00e5dgiver - Mors<\/title>\n<meta name=\"robots\" content=\"index, follow, max-snippet:-1, max-image-preview:large, max-video-preview:-1\" \/>\n<link rel=\"canonical\" href=\"https:\/\/kunmedierne.dk\/mors\/radikale-venstre-arbejder-for-en-borgerraadgiver\/\" \/>\n<meta property=\"og:locale\" content=\"da_DK\" \/>\n<meta property=\"og:type\" content=\"article\" \/>\n<meta property=\"og:title\" content=\"- Radikale Venstre arbejder for en borgerr\u00e5dgiver - Mors\" \/>\n<meta property=\"og:description\" content=\"Debatindl\u00e6g fra Jette Jepsen, medlem af kommunalbestyrelsen for Radikale Venstre og kandidat ved Kommunalvalg 2021: MORS:\u00a0Jeg vil gerne blande mig i debatten vedr\u00f8rende to l\u00e6serbreve om frivillighed og Borgerr\u00e5dgivning med denne kommentar. Det ene l\u00e6serbrev af Rasmus Christensen, kandidat ved KV 21 for Venstre fra d. 21. september og det andet af Pia Thorsen, kandidat [&hellip;]\" \/>\n<meta property=\"og:url\" content=\"https:\/\/kunmedierne.dk\/mors\/radikale-venstre-arbejder-for-en-borgerraadgiver\/\" \/>\n<meta property=\"og:site_name\" content=\"Mors\" \/>\n<meta property=\"article:published_time\" content=\"2021-09-29T15:15:04+00:00\" \/>\n<meta property=\"article:modified_time\" content=\"2024-08-12T11:36:08+00:00\" \/>\n<meta property=\"og:image\" content=\"https:\/\/kunmedierne.dk\/mors\/wp-content\/uploads\/2020\/01\/0-debat-jette-jepsen-R.jpg\" \/>\n\t<meta property=\"og:image:width\" content=\"770\" \/>\n\t<meta property=\"og:image:height\" content=\"513\" \/>\n\t<meta property=\"og:image:type\" content=\"image\/jpeg\" \/>\n<meta name=\"author\" content=\"Debat\" \/>\n<meta name=\"twitter:card\" content=\"summary_large_image\" \/>\n<meta name=\"twitter:label1\" content=\"Skrevet af\" \/>\n\t<meta name=\"twitter:data1\" content=\"Debat\" \/>\n\t<meta name=\"twitter:label2\" content=\"Estimeret l\u00e6setid\" \/>\n\t<meta name=\"twitter:data2\" content=\"4 minutter\" \/>\n<script type=\"application\/ld+json\" class=\"yoast-schema-graph\">{\"@context\":\"https:\/\/schema.org\",\"@graph\":[{\"@type\":\"Article\",\"@id\":\"https:\/\/kunmedierne.dk\/mors\/radikale-venstre-arbejder-for-en-borgerraadgiver\/#article\",\"isPartOf\":{\"@id\":\"https:\/\/kunmedierne.dk\/mors\/radikale-venstre-arbejder-for-en-borgerraadgiver\/\"},\"author\":{\"name\":\"Debat\",\"@id\":\"https:\/\/kunmedierne.dk\/mors\/#\/schema\/person\/84c1391bce0b43b9bb3a49736bc0ad78\"},\"headline\":\"&#8211; Radikale Venstre arbejder for en borgerr\u00e5dgiver\",\"datePublished\":\"2021-09-29T15:15:04+00:00\",\"dateModified\":\"2024-08-12T11:36:08+00:00\",\"mainEntityOfPage\":{\"@id\":\"https:\/\/kunmedierne.dk\/mors\/radikale-venstre-arbejder-for-en-borgerraadgiver\/\"},\"wordCount\":678,\"commentCount\":0,\"publisher\":{\"@id\":\"https:\/\/kunmedierne.dk\/mors\/#organization\"},\"image\":{\"@id\":\"https:\/\/kunmedierne.dk\/mors\/radikale-venstre-arbejder-for-en-borgerraadgiver\/#primaryimage\"},\"thumbnailUrl\":\"https:\/\/kunmedierne.dk\/mors\/wp-content\/uploads\/2020\/01\/0-debat-jette-jepsen-R.jpg\",\"keywords\":[\"Politik\"],\"articleSection\":[\"Debat\"],\"inLanguage\":\"da-DK\",\"potentialAction\":[{\"@type\":\"CommentAction\",\"name\":\"Comment\",\"target\":[\"https:\/\/kunmedierne.dk\/mors\/radikale-venstre-arbejder-for-en-borgerraadgiver\/#respond\"]}]},{\"@type\":\"WebPage\",\"@id\":\"https:\/\/kunmedierne.dk\/mors\/radikale-venstre-arbejder-for-en-borgerraadgiver\/\",\"url\":\"https:\/\/kunmedierne.dk\/mors\/radikale-venstre-arbejder-for-en-borgerraadgiver\/\",\"name\":\"- Radikale Venstre arbejder for en borgerr\u00e5dgiver - Mors\",\"isPartOf\":{\"@id\":\"https:\/\/kunmedierne.dk\/mors\/#website\"},\"primaryImageOfPage\":{\"@id\":\"https:\/\/kunmedierne.dk\/mors\/radikale-venstre-arbejder-for-en-borgerraadgiver\/#primaryimage\"},\"image\":{\"@id\":\"https:\/\/kunmedierne.dk\/mors\/radikale-venstre-arbejder-for-en-borgerraadgiver\/#primaryimage\"},\"thumbnailUrl\":\"https:\/\/kunmedierne.dk\/mors\/wp-content\/uploads\/2020\/01\/0-debat-jette-jepsen-R.jpg\",\"datePublished\":\"2021-09-29T15:15:04+00:00\",\"dateModified\":\"2024-08-12T11:36:08+00:00\",\"breadcrumb\":{\"@id\":\"https:\/\/kunmedierne.dk\/mors\/radikale-venstre-arbejder-for-en-borgerraadgiver\/#breadcrumb\"},\"inLanguage\":\"da-DK\",\"potentialAction\":[{\"@type\":\"ReadAction\",\"target\":[\"https:\/\/kunmedierne.dk\/mors\/radikale-venstre-arbejder-for-en-borgerraadgiver\/\"]}]},{\"@type\":\"ImageObject\",\"inLanguage\":\"da-DK\",\"@id\":\"https:\/\/kunmedierne.dk\/mors\/radikale-venstre-arbejder-for-en-borgerraadgiver\/#primaryimage\",\"url\":\"https:\/\/kunmedierne.dk\/mors\/wp-content\/uploads\/2020\/01\/0-debat-jette-jepsen-R.jpg\",\"contentUrl\":\"https:\/\/kunmedierne.dk\/mors\/wp-content\/uploads\/2020\/01\/0-debat-jette-jepsen-R.jpg\",\"width\":770,\"height\":513,\"caption\":\"Jette Jepsen (RV). Foto: Per Bech\/Mors\u00f8 Kommune.\"},{\"@type\":\"BreadcrumbList\",\"@id\":\"https:\/\/kunmedierne.dk\/mors\/radikale-venstre-arbejder-for-en-borgerraadgiver\/#breadcrumb\",\"itemListElement\":[{\"@type\":\"ListItem\",\"position\":1,\"name\":\"Hjem\",\"item\":\"https:\/\/kunmedierne.dk\/mors\/\"},{\"@type\":\"ListItem\",\"position\":2,\"name\":\"&#8211; Radikale Venstre arbejder for en borgerr\u00e5dgiver\"}]},{\"@type\":\"WebSite\",\"@id\":\"https:\/\/kunmedierne.dk\/mors\/#website\",\"url\":\"https:\/\/kunmedierne.dk\/mors\/\",\"name\":\"Mors\",\"description\":\"et netmedie med journalistik om livet p\u00e5 Mors\",\"publisher\":{\"@id\":\"https:\/\/kunmedierne.dk\/mors\/#organization\"},\"potentialAction\":[{\"@type\":\"SearchAction\",\"target\":{\"@type\":\"EntryPoint\",\"urlTemplate\":\"https:\/\/kunmedierne.dk\/mors\/?s={search_term_string}\"},\"query-input\":{\"@type\":\"PropertyValueSpecification\",\"valueRequired\":true,\"valueName\":\"search_term_string\"}}],\"inLanguage\":\"da-DK\"},{\"@type\":\"Organization\",\"@id\":\"https:\/\/kunmedierne.dk\/mors\/#organization\",\"name\":\"Mors\",\"url\":\"https:\/\/kunmedierne.dk\/mors\/\",\"logo\":{\"@type\":\"ImageObject\",\"inLanguage\":\"da-DK\",\"@id\":\"https:\/\/kunmedierne.dk\/mors\/#\/schema\/logo\/image\/\",\"url\":\"https:\/\/kunmedierne.dk\/mors\/wp-content\/uploads\/2024\/08\/kunmors-logo.svg\",\"contentUrl\":\"https:\/\/kunmedierne.dk\/mors\/wp-content\/uploads\/2024\/08\/kunmors-logo.svg\",\"caption\":\"Mors\"},\"image\":{\"@id\":\"https:\/\/kunmedierne.dk\/mors\/#\/schema\/logo\/image\/\"}},{\"@type\":\"Person\",\"@id\":\"https:\/\/kunmedierne.dk\/mors\/#\/schema\/person\/84c1391bce0b43b9bb3a49736bc0ad78\",\"name\":\"Debat\",\"image\":{\"@type\":\"ImageObject\",\"inLanguage\":\"da-DK\",\"@id\":\"https:\/\/kunmedierne.dk\/mors\/#\/schema\/person\/image\/\",\"url\":\"https:\/\/secure.gravatar.com\/avatar\/b0fb2e221d618f7c65162ab0d49c7e8a0b580c871ca03af90e42b47b4150654c?s=96&d=mm&r=g\",\"contentUrl\":\"https:\/\/secure.gravatar.com\/avatar\/b0fb2e221d618f7c65162ab0d49c7e8a0b580c871ca03af90e42b47b4150654c?s=96&d=mm&r=g\",\"caption\":\"Debat\"},\"url\":\"https:\/\/kunmedierne.dk\/mors\/author\/debat\/\"}]}<\/script>\n<!-- \/ Yoast SEO plugin. -->","yoast_head_json":{"title":"- Radikale Venstre arbejder for en borgerr\u00e5dgiver - Mors","robots":{"index":"index","follow":"follow","max-snippet":"max-snippet:-1","max-image-preview":"max-image-preview:large","max-video-preview":"max-video-preview:-1"},"canonical":"https:\/\/kunmedierne.dk\/mors\/radikale-venstre-arbejder-for-en-borgerraadgiver\/","og_locale":"da_DK","og_type":"article","og_title":"- Radikale Venstre arbejder for en borgerr\u00e5dgiver - Mors","og_description":"Debatindl\u00e6g fra Jette Jepsen, medlem af kommunalbestyrelsen for Radikale Venstre og kandidat ved Kommunalvalg 2021: MORS:\u00a0Jeg vil gerne blande mig i debatten vedr\u00f8rende to l\u00e6serbreve om frivillighed og Borgerr\u00e5dgivning med denne kommentar. Det ene l\u00e6serbrev af Rasmus Christensen, kandidat ved KV 21 for Venstre fra d. 21. september og det andet af Pia Thorsen, kandidat [&hellip;]","og_url":"https:\/\/kunmedierne.dk\/mors\/radikale-venstre-arbejder-for-en-borgerraadgiver\/","og_site_name":"Mors","article_published_time":"2021-09-29T15:15:04+00:00","article_modified_time":"2024-08-12T11:36:08+00:00","og_image":[{"width":770,"height":513,"url":"https:\/\/kunmedierne.dk\/mors\/wp-content\/uploads\/2020\/01\/0-debat-jette-jepsen-R.jpg","type":"image\/jpeg"}],"author":"Debat","twitter_card":"summary_large_image","twitter_misc":{"Skrevet af":"Debat","Estimeret l\u00e6setid":"4 minutter"},"schema":{"@context":"https:\/\/schema.org","@graph":[{"@type":"Article","@id":"https:\/\/kunmedierne.dk\/mors\/radikale-venstre-arbejder-for-en-borgerraadgiver\/#article","isPartOf":{"@id":"https:\/\/kunmedierne.dk\/mors\/radikale-venstre-arbejder-for-en-borgerraadgiver\/"},"author":{"name":"Debat","@id":"https:\/\/kunmedierne.dk\/mors\/#\/schema\/person\/84c1391bce0b43b9bb3a49736bc0ad78"},"headline":"&#8211; Radikale Venstre arbejder for en borgerr\u00e5dgiver","datePublished":"2021-09-29T15:15:04+00:00","dateModified":"2024-08-12T11:36:08+00:00","mainEntityOfPage":{"@id":"https:\/\/kunmedierne.dk\/mors\/radikale-venstre-arbejder-for-en-borgerraadgiver\/"},"wordCount":678,"commentCount":0,"publisher":{"@id":"https:\/\/kunmedierne.dk\/mors\/#organization"},"image":{"@id":"https:\/\/kunmedierne.dk\/mors\/radikale-venstre-arbejder-for-en-borgerraadgiver\/#primaryimage"},"thumbnailUrl":"https:\/\/kunmedierne.dk\/mors\/wp-content\/uploads\/2020\/01\/0-debat-jette-jepsen-R.jpg","keywords":["Politik"],"articleSection":["Debat"],"inLanguage":"da-DK","potentialAction":[{"@type":"CommentAction","name":"Comment","target":["https:\/\/kunmedierne.dk\/mors\/radikale-venstre-arbejder-for-en-borgerraadgiver\/#respond"]}]},{"@type":"WebPage","@id":"https:\/\/kunmedierne.dk\/mors\/radikale-venstre-arbejder-for-en-borgerraadgiver\/","url":"https:\/\/kunmedierne.dk\/mors\/radikale-venstre-arbejder-for-en-borgerraadgiver\/","name":"- Radikale Venstre arbejder for en borgerr\u00e5dgiver - Mors","isPartOf":{"@id":"https:\/\/kunmedierne.dk\/mors\/#website"},"primaryImageOfPage":{"@id":"https:\/\/kunmedierne.dk\/mors\/radikale-venstre-arbejder-for-en-borgerraadgiver\/#primaryimage"},"image":{"@id":"https:\/\/kunmedierne.dk\/mors\/radikale-venstre-arbejder-for-en-borgerraadgiver\/#primaryimage"},"thumbnailUrl":"https:\/\/kunmedierne.dk\/mors\/wp-content\/uploads\/2020\/01\/0-debat-jette-jepsen-R.jpg","datePublished":"2021-09-29T15:15:04+00:00","dateModified":"2024-08-12T11:36:08+00:00","breadcrumb":{"@id":"https:\/\/kunmedierne.dk\/mors\/radikale-venstre-arbejder-for-en-borgerraadgiver\/#breadcrumb"},"inLanguage":"da-DK","potentialAction":[{"@type":"ReadAction","target":["https:\/\/kunmedierne.dk\/mors\/radikale-venstre-arbejder-for-en-borgerraadgiver\/"]}]},{"@type":"ImageObject","inLanguage":"da-DK","@id":"https:\/\/kunmedierne.dk\/mors\/radikale-venstre-arbejder-for-en-borgerraadgiver\/#primaryimage","url":"https:\/\/kunmedierne.dk\/mors\/wp-content\/uploads\/2020\/01\/0-debat-jette-jepsen-R.jpg","contentUrl":"https:\/\/kunmedierne.dk\/mors\/wp-content\/uploads\/2020\/01\/0-debat-jette-jepsen-R.jpg","width":770,"height":513,"caption":"Jette Jepsen (RV). Foto: Per Bech\/Mors\u00f8 Kommune."},{"@type":"BreadcrumbList","@id":"https:\/\/kunmedierne.dk\/mors\/radikale-venstre-arbejder-for-en-borgerraadgiver\/#breadcrumb","itemListElement":[{"@type":"ListItem","position":1,"name":"Hjem","item":"https:\/\/kunmedierne.dk\/mors\/"},{"@type":"ListItem","position":2,"name":"&#8211; Radikale Venstre arbejder for en borgerr\u00e5dgiver"}]},{"@type":"WebSite","@id":"https:\/\/kunmedierne.dk\/mors\/#website","url":"https:\/\/kunmedierne.dk\/mors\/","name":"Mors","description":"et netmedie med journalistik om livet p\u00e5 Mors","publisher":{"@id":"https:\/\/kunmedierne.dk\/mors\/#organization"},"potentialAction":[{"@type":"SearchAction","target":{"@type":"EntryPoint","urlTemplate":"https:\/\/kunmedierne.dk\/mors\/?s={search_term_string}"},"query-input":{"@type":"PropertyValueSpecification","valueRequired":true,"valueName":"search_term_string"}}],"inLanguage":"da-DK"},{"@type":"Organization","@id":"https:\/\/kunmedierne.dk\/mors\/#organization","name":"Mors","url":"https:\/\/kunmedierne.dk\/mors\/","logo":{"@type":"ImageObject","inLanguage":"da-DK","@id":"https:\/\/kunmedierne.dk\/mors\/#\/schema\/logo\/image\/","url":"https:\/\/kunmedierne.dk\/mors\/wp-content\/uploads\/2024\/08\/kunmors-logo.svg","contentUrl":"https:\/\/kunmedierne.dk\/mors\/wp-content\/uploads\/2024\/08\/kunmors-logo.svg","caption":"Mors"},"image":{"@id":"https:\/\/kunmedierne.dk\/mors\/#\/schema\/logo\/image\/"}},{"@type":"Person","@id":"https:\/\/kunmedierne.dk\/mors\/#\/schema\/person\/84c1391bce0b43b9bb3a49736bc0ad78","name":"Debat","image":{"@type":"ImageObject","inLanguage":"da-DK","@id":"https:\/\/kunmedierne.dk\/mors\/#\/schema\/person\/image\/","url":"https:\/\/secure.gravatar.com\/avatar\/b0fb2e221d618f7c65162ab0d49c7e8a0b580c871ca03af90e42b47b4150654c?s=96&d=mm&r=g","contentUrl":"https:\/\/secure.gravatar.com\/avatar\/b0fb2e221d618f7c65162ab0d49c7e8a0b580c871ca03af90e42b47b4150654c?s=96&d=mm&r=g","caption":"Debat"},"url":"https:\/\/kunmedierne.dk\/mors\/author\/debat\/"}]}},"_links":{"self":[{"href":"https:\/\/kunmedierne.dk\/mors\/wp-json\/wp\/v2\/posts\/53398","targetHints":{"allow":["GET"]}}],"collection":[{"href":"https:\/\/kunmedierne.dk\/mors\/wp-json\/wp\/v2\/posts"}],"about":[{"href":"https:\/\/kunmedierne.dk\/mors\/wp-json\/wp\/v2\/types\/post"}],"author":[{"embeddable":true,"href":"https:\/\/kunmedierne.dk\/mors\/wp-json\/wp\/v2\/users\/11"}],"replies":[{"embeddable":true,"href":"https:\/\/kunmedierne.dk\/mors\/wp-json\/wp\/v2\/comments?post=53398"}],"version-history":[{"count":1,"href":"https:\/\/kunmedierne.dk\/mors\/wp-json\/wp\/v2\/posts\/53398\/revisions"}],"predecessor-version":[{"id":53399,"href":"https:\/\/kunmedierne.dk\/mors\/wp-json\/wp\/v2\/posts\/53398\/revisions\/53399"}],"wp:featuredmedia":[{"embeddable":true,"href":"https:\/\/kunmedierne.dk\/mors\/wp-json\/wp\/v2\/media\/18975"}],"wp:attachment":[{"href":"https:\/\/kunmedierne.dk\/mors\/wp-json\/wp\/v2\/media?parent=53398"}],"wp:term":[{"taxonomy":"category","embeddable":true,"href":"https:\/\/kunmedierne.dk\/mors\/wp-json\/wp\/v2\/categories?post=53398"},{"taxonomy":"post_tag","embeddable":true,"href":"https:\/\/kunmedierne.dk\/mors\/wp-json\/wp\/v2\/tags?post=53398"}],"curies":[{"name":"wp","href":"https:\/\/api.w.org\/{rel}","templated":true}]}}