{"id":53349,"date":"2021-09-28T22:59:06","date_gmt":"2021-09-28T20:59:06","guid":{"rendered":"https:\/\/kunmedierne.dk\/mors\/?p=53349"},"modified":"2024-08-12T13:36:08","modified_gmt":"2024-08-12T11:36:08","slug":"tanker-om-kommunalpolitik","status":"publish","type":"post","link":"https:\/\/kunmedierne.dk\/mors\/tanker-om-kommunalpolitik\/","title":{"rendered":"&#8211; Tanker om kommunalpolitik"},"content":{"rendered":"<p><em>Debatindl\u00e6g af Jesper Balle Kristensen, kandidat for Venstre ved Kommunalvalg 2021:<\/em><\/p>\n<hr \/>\n<p><strong>MORS<\/strong>: Natur, klima, milj\u00f8, \u00e6ldre, b\u00f8rn og unge, erhverv, kultur og mange flere. M\u00e6rkesager kan der v\u00e6re nok af, og det kan, som ny kandidat, v\u00e6re sv\u00e6rt at finde det specifikke omr\u00e5de, man vil k\u00e6mpe for.<\/p>\n<p>Med min baggrund som selvst\u00e6ndig, og nu forhenv\u00e6rende minkavler, har jeg faktisk haft en hel lille \u201dkommunal bestyrelse\u201d, dog med mig selv siddende p\u00e5 alle poster. Som minkavler kunne jeg m\u00e5ske godt have brugt flere kr\u00e6fter, og derved penge, p\u00e5 et enkelt omr\u00e5de og sparet p\u00e5 andre.<\/p>\n<p>Hvis jeg brugte tiden\/pengene til udelukkende at renovere og vedligeholde alle vores bygninger, s\u00e5 alt var i den sk\u00f8nneste orden, ville den tid g\u00e5 fra eksempelvis pasning af hvalpene. Hvis jeg omvendt kun koncentrerede mig om at nusse om dyrene, ja s\u00e5 ville bygninger og inventar ikke kunne holde i fremtiden.<a href=\"https:\/\/www.braendselsforeningen.dk\/\"><img loading=\"lazy\" decoding=\"async\" class=\"alignleft size-full wp-image-46597\" src=\"https:\/\/kunmedierne.dk\/mors\/wp-content\/uploads\/2021\/06\/t06.jpg\" alt=\"\" width=\"1425\" height=\"127\" srcset=\"https:\/\/kunmedierne.dk\/mors\/wp-content\/uploads\/2021\/06\/t06.jpg 1425w, https:\/\/kunmedierne.dk\/mors\/wp-content\/uploads\/2021\/06\/t06-300x27.jpg 300w, https:\/\/kunmedierne.dk\/mors\/wp-content\/uploads\/2021\/06\/t06-1024x91.jpg 1024w, https:\/\/kunmedierne.dk\/mors\/wp-content\/uploads\/2021\/06\/t06-768x68.jpg 768w, https:\/\/kunmedierne.dk\/mors\/wp-content\/uploads\/2021\/06\/t06-600x53.jpg 600w\" sizes=\"auto, (max-width: 1425px) 100vw, 1425px\" \/><\/a><\/p>\n<p>Hvad vil jeg s\u00e5 sige med dette? Joh &#8211; vi m\u00e5 for alt i verden ikke blive for sn\u00e6versynede, hverken som borger eller politiker, og grundet min baggrund har jeg sv\u00e6rt ved at n\u00e6vne en eller to ting, som jeg virkelig vil have \u00e6ndret eller g\u00e5 ind for.<\/p>\n<p>Den vigtigste opgave for Mors i fremtiden er bos\u00e6tning. Og der spiller alle de tidligere n\u00e6vnte parametre ind. S\u00e5 er vi tilbage til minkfarmen. Vi skal t\u00e6nke p\u00e5 det hele, og prioritere ud fra de midler der er, men det skal v\u00e6re med \u00f8get bos\u00e6tning for \u00f8je.<\/p>\n<p>Hvis en kandidat til kommunalvalget bliver spurgt om hvem vedkommende vil g\u00f8re mest for p\u00e5 Mors, og svaret er: Alle de som ikke bor her endnu! Det ville nok f\u00e5 de fleste til at ryste p\u00e5 hovedet, men det er ikke desto mindre sandheden. Vi skal have gjort folk opm\u00e6rksomme p\u00e5 Mors. De fleste af os, der bor her, er stolte af at v\u00e6re morsingboer, og det skal vi bestemt ikke l\u00e6gge skjul p\u00e5.<a href=\"https:\/\/morsoe-begravelsesforretning.dk\/\"><img loading=\"lazy\" decoding=\"async\" class=\"alignleft size-full wp-image-46598\" src=\"https:\/\/kunmedierne.dk\/mors\/wp-content\/uploads\/2021\/06\/t07.jpg\" alt=\"\" width=\"1425\" height=\"127\" srcset=\"https:\/\/kunmedierne.dk\/mors\/wp-content\/uploads\/2021\/06\/t07.jpg 1425w, https:\/\/kunmedierne.dk\/mors\/wp-content\/uploads\/2021\/06\/t07-300x27.jpg 300w, https:\/\/kunmedierne.dk\/mors\/wp-content\/uploads\/2021\/06\/t07-1024x91.jpg 1024w, https:\/\/kunmedierne.dk\/mors\/wp-content\/uploads\/2021\/06\/t07-768x68.jpg 768w, https:\/\/kunmedierne.dk\/mors\/wp-content\/uploads\/2021\/06\/t07-600x53.jpg 600w\" sizes=\"auto, (max-width: 1425px) 100vw, 1425px\" \/><\/a><\/p>\n<p>Jeg kunne rigtig godt t\u00e6nke mig, at Mors\u00f8 Kommune, i samarbejde med nogle af vores st\u00f8rre virksomheder, kommer ud til de store uddannelsesbyer, og g\u00f8r opm\u00e6rksom p\u00e5 sig selv. B\u00e5de for virksomhedernes skyld men ikke mindst kommunens. Det kr\u00e6ver selvf\u00f8lgelig, at vi er klar til at tage imod flere nye morsingboer, og her t\u00e6nker jeg p\u00e5 nogle gode lejeboliger. Det skal v\u00e6re muligt at pr\u00f8ve at v\u00e6re morsingbo, inden man k\u00f8ber hus og bos\u00e6tter sig her.<\/p>\n<p>Selvf\u00f8lgelig fylder erhvervsvenlighed ogs\u00e5 meget, men her kan man konstatere, at der virkelig er sket meget de seneste \u00e5r. Trods det skal vi selvf\u00f8lgelig stadig have i tankerne, at sagsbehandlingen skal v\u00e6re s\u00e5 smidig som mulig, uden det g\u00e5r ud over kvaliteten, hvilket er vigtigt at f\u00e5 med. Vi skal have en god dialog med vores virksomheder, alle, fra store produktionsvirksomheder til den mindre selvst\u00e6ndige, skal kunne komme med deres \u00f8nsker og frustrationer og ogs\u00e5 regne med at blive h\u00f8rt.<\/p>\n<p>Dialog, samarbejde og respekt. Det gi\u00b4r effekt. Disse v\u00e6rdier vil jeg prioritere, b\u00e5de i og udenfor kommunalbestyrelsen.<a href=\"https:\/\/www.sparthy.dk\/\"><img loading=\"lazy\" decoding=\"async\" class=\"alignleft size-full wp-image-46599\" src=\"https:\/\/kunmedierne.dk\/mors\/wp-content\/uploads\/2021\/06\/t08.jpg\" alt=\"\" width=\"1400\" height=\"125\" srcset=\"https:\/\/kunmedierne.dk\/mors\/wp-content\/uploads\/2021\/06\/t08.jpg 1400w, https:\/\/kunmedierne.dk\/mors\/wp-content\/uploads\/2021\/06\/t08-300x27.jpg 300w, https:\/\/kunmedierne.dk\/mors\/wp-content\/uploads\/2021\/06\/t08-1024x91.jpg 1024w, https:\/\/kunmedierne.dk\/mors\/wp-content\/uploads\/2021\/06\/t08-768x69.jpg 768w, https:\/\/kunmedierne.dk\/mors\/wp-content\/uploads\/2021\/06\/t08-600x54.jpg 600w\" sizes=\"auto, (max-width: 1400px) 100vw, 1400px\" \/><\/a><\/p>\n<hr \/>\n<p><em>Har du et bidrag til den lokale debat? Send det til os p\u00e5 e-mail: debat@kunmedierne.dk\/mors. Husk at l\u00e6se korrektur inden afsendelse p\u00e5 indl\u00e6gget.<\/em><\/p>\n<blockquote>\n<h4>Vind en l\u00e6kker shoppingtaske fra\u00a0<a href=\"https:\/\/www.facebook.com\/Wiiben-116730131808273\" target=\"_blank\" rel=\"noopener\">Wiiben<\/a>. Tilmeld dig vores daglige nyhedsbrev og modtag KunMors som en daglig avis. S\u00e5 deltager du i lodtr\u00e6kningen. L\u00e6s mere\u00a0<a href=\"https:\/\/kunmedierne.dk\/mors\/vind-en-laekker-shoppingtaske-fra-wiiben\/\" target=\"_blank\" rel=\"noopener\">her<\/a>.<\/h4>\n<\/blockquote>\n","protected":false},"excerpt":{"rendered":"<p>Debatindl\u00e6g af Jesper Balle Kristensen, kandidat for Venstre ved Kommunalvalg 2021: MORS: Natur, klima, milj\u00f8, \u00e6ldre, b\u00f8rn og unge, erhverv, kultur og mange flere. M\u00e6rkesager kan der v\u00e6re nok af, og det kan, som ny kandidat, v\u00e6re sv\u00e6rt at finde det specifikke omr\u00e5de, man vil k\u00e6mpe for. Med min baggrund som selvst\u00e6ndig, og nu forhenv\u00e6rende [&hellip;]<\/p>\n","protected":false},"author":11,"featured_media":53350,"comment_status":"open","ping_status":"open","sticky":false,"template":"","format":"standard","meta":{"_acf_changed":false,"footnotes":""},"categories":[56],"tags":[167],"class_list":["post-53349","post","type-post","status-publish","format-standard","has-post-thumbnail","hentry","category-debat","tag-politik"],"acf":[],"yoast_head":"<!-- This site is optimized with the Yoast SEO plugin v26.8 - https:\/\/yoast.com\/product\/yoast-seo-wordpress\/ -->\n<title>- Tanker om kommunalpolitik - Mors<\/title>\n<meta name=\"robots\" content=\"index, follow, max-snippet:-1, max-image-preview:large, max-video-preview:-1\" \/>\n<link rel=\"canonical\" href=\"https:\/\/kunmedierne.dk\/mors\/tanker-om-kommunalpolitik\/\" \/>\n<meta property=\"og:locale\" content=\"da_DK\" \/>\n<meta property=\"og:type\" content=\"article\" \/>\n<meta property=\"og:title\" content=\"- Tanker om kommunalpolitik - Mors\" \/>\n<meta property=\"og:description\" content=\"Debatindl\u00e6g af Jesper Balle Kristensen, kandidat for Venstre ved Kommunalvalg 2021: MORS: Natur, klima, milj\u00f8, \u00e6ldre, b\u00f8rn og unge, erhverv, kultur og mange flere. M\u00e6rkesager kan der v\u00e6re nok af, og det kan, som ny kandidat, v\u00e6re sv\u00e6rt at finde det specifikke omr\u00e5de, man vil k\u00e6mpe for. Med min baggrund som selvst\u00e6ndig, og nu forhenv\u00e6rende [&hellip;]\" \/>\n<meta property=\"og:url\" content=\"https:\/\/kunmedierne.dk\/mors\/tanker-om-kommunalpolitik\/\" \/>\n<meta property=\"og:site_name\" content=\"Mors\" \/>\n<meta property=\"article:published_time\" content=\"2021-09-28T20:59:06+00:00\" \/>\n<meta property=\"article:modified_time\" content=\"2024-08-12T11:36:08+00:00\" \/>\n<meta property=\"og:image\" content=\"https:\/\/kunmedierne.dk\/mors\/wp-content\/uploads\/2021\/09\/jesper-balle-kristensen.jpg\" \/>\n\t<meta property=\"og:image:width\" content=\"770\" \/>\n\t<meta property=\"og:image:height\" content=\"513\" \/>\n\t<meta property=\"og:image:type\" content=\"image\/jpeg\" \/>\n<meta name=\"author\" content=\"Debat\" \/>\n<meta name=\"twitter:card\" content=\"summary_large_image\" \/>\n<meta name=\"twitter:label1\" content=\"Skrevet af\" \/>\n\t<meta name=\"twitter:data1\" content=\"Debat\" \/>\n\t<meta name=\"twitter:label2\" content=\"Estimeret l\u00e6setid\" \/>\n\t<meta name=\"twitter:data2\" content=\"3 minutter\" \/>\n<script type=\"application\/ld+json\" class=\"yoast-schema-graph\">{\"@context\":\"https:\/\/schema.org\",\"@graph\":[{\"@type\":\"Article\",\"@id\":\"https:\/\/kunmedierne.dk\/mors\/tanker-om-kommunalpolitik\/#article\",\"isPartOf\":{\"@id\":\"https:\/\/kunmedierne.dk\/mors\/tanker-om-kommunalpolitik\/\"},\"author\":{\"name\":\"Debat\",\"@id\":\"https:\/\/kunmedierne.dk\/mors\/#\/schema\/person\/84c1391bce0b43b9bb3a49736bc0ad78\"},\"headline\":\"&#8211; Tanker om kommunalpolitik\",\"datePublished\":\"2021-09-28T20:59:06+00:00\",\"dateModified\":\"2024-08-12T11:36:08+00:00\",\"mainEntityOfPage\":{\"@id\":\"https:\/\/kunmedierne.dk\/mors\/tanker-om-kommunalpolitik\/\"},\"wordCount\":595,\"commentCount\":0,\"publisher\":{\"@id\":\"https:\/\/kunmedierne.dk\/mors\/#organization\"},\"image\":{\"@id\":\"https:\/\/kunmedierne.dk\/mors\/tanker-om-kommunalpolitik\/#primaryimage\"},\"thumbnailUrl\":\"https:\/\/kunmedierne.dk\/mors\/wp-content\/uploads\/2021\/09\/jesper-balle-kristensen.jpg\",\"keywords\":[\"Politik\"],\"articleSection\":[\"Debat\"],\"inLanguage\":\"da-DK\",\"potentialAction\":[{\"@type\":\"CommentAction\",\"name\":\"Comment\",\"target\":[\"https:\/\/kunmedierne.dk\/mors\/tanker-om-kommunalpolitik\/#respond\"]}]},{\"@type\":\"WebPage\",\"@id\":\"https:\/\/kunmedierne.dk\/mors\/tanker-om-kommunalpolitik\/\",\"url\":\"https:\/\/kunmedierne.dk\/mors\/tanker-om-kommunalpolitik\/\",\"name\":\"- Tanker om kommunalpolitik - Mors\",\"isPartOf\":{\"@id\":\"https:\/\/kunmedierne.dk\/mors\/#website\"},\"primaryImageOfPage\":{\"@id\":\"https:\/\/kunmedierne.dk\/mors\/tanker-om-kommunalpolitik\/#primaryimage\"},\"image\":{\"@id\":\"https:\/\/kunmedierne.dk\/mors\/tanker-om-kommunalpolitik\/#primaryimage\"},\"thumbnailUrl\":\"https:\/\/kunmedierne.dk\/mors\/wp-content\/uploads\/2021\/09\/jesper-balle-kristensen.jpg\",\"datePublished\":\"2021-09-28T20:59:06+00:00\",\"dateModified\":\"2024-08-12T11:36:08+00:00\",\"breadcrumb\":{\"@id\":\"https:\/\/kunmedierne.dk\/mors\/tanker-om-kommunalpolitik\/#breadcrumb\"},\"inLanguage\":\"da-DK\",\"potentialAction\":[{\"@type\":\"ReadAction\",\"target\":[\"https:\/\/kunmedierne.dk\/mors\/tanker-om-kommunalpolitik\/\"]}]},{\"@type\":\"ImageObject\",\"inLanguage\":\"da-DK\",\"@id\":\"https:\/\/kunmedierne.dk\/mors\/tanker-om-kommunalpolitik\/#primaryimage\",\"url\":\"https:\/\/kunmedierne.dk\/mors\/wp-content\/uploads\/2021\/09\/jesper-balle-kristensen.jpg\",\"contentUrl\":\"https:\/\/kunmedierne.dk\/mors\/wp-content\/uploads\/2021\/09\/jesper-balle-kristensen.jpg\",\"width\":770,\"height\":513,\"caption\":\"Jesper Balle Kristensen, kandidat for Venstre ved Kommunalvalg 2021. Privatfoto\"},{\"@type\":\"BreadcrumbList\",\"@id\":\"https:\/\/kunmedierne.dk\/mors\/tanker-om-kommunalpolitik\/#breadcrumb\",\"itemListElement\":[{\"@type\":\"ListItem\",\"position\":1,\"name\":\"Hjem\",\"item\":\"https:\/\/kunmedierne.dk\/mors\/\"},{\"@type\":\"ListItem\",\"position\":2,\"name\":\"&#8211; Tanker om kommunalpolitik\"}]},{\"@type\":\"WebSite\",\"@id\":\"https:\/\/kunmedierne.dk\/mors\/#website\",\"url\":\"https:\/\/kunmedierne.dk\/mors\/\",\"name\":\"Mors\",\"description\":\"et netmedie med journalistik om livet p\u00e5 Mors\",\"publisher\":{\"@id\":\"https:\/\/kunmedierne.dk\/mors\/#organization\"},\"potentialAction\":[{\"@type\":\"SearchAction\",\"target\":{\"@type\":\"EntryPoint\",\"urlTemplate\":\"https:\/\/kunmedierne.dk\/mors\/?s={search_term_string}\"},\"query-input\":{\"@type\":\"PropertyValueSpecification\",\"valueRequired\":true,\"valueName\":\"search_term_string\"}}],\"inLanguage\":\"da-DK\"},{\"@type\":\"Organization\",\"@id\":\"https:\/\/kunmedierne.dk\/mors\/#organization\",\"name\":\"Mors\",\"url\":\"https:\/\/kunmedierne.dk\/mors\/\",\"logo\":{\"@type\":\"ImageObject\",\"inLanguage\":\"da-DK\",\"@id\":\"https:\/\/kunmedierne.dk\/mors\/#\/schema\/logo\/image\/\",\"url\":\"https:\/\/kunmedierne.dk\/mors\/wp-content\/uploads\/2024\/08\/kunmors-logo.svg\",\"contentUrl\":\"https:\/\/kunmedierne.dk\/mors\/wp-content\/uploads\/2024\/08\/kunmors-logo.svg\",\"caption\":\"Mors\"},\"image\":{\"@id\":\"https:\/\/kunmedierne.dk\/mors\/#\/schema\/logo\/image\/\"}},{\"@type\":\"Person\",\"@id\":\"https:\/\/kunmedierne.dk\/mors\/#\/schema\/person\/84c1391bce0b43b9bb3a49736bc0ad78\",\"name\":\"Debat\",\"image\":{\"@type\":\"ImageObject\",\"inLanguage\":\"da-DK\",\"@id\":\"https:\/\/kunmedierne.dk\/mors\/#\/schema\/person\/image\/\",\"url\":\"https:\/\/secure.gravatar.com\/avatar\/b0fb2e221d618f7c65162ab0d49c7e8a0b580c871ca03af90e42b47b4150654c?s=96&d=mm&r=g\",\"contentUrl\":\"https:\/\/secure.gravatar.com\/avatar\/b0fb2e221d618f7c65162ab0d49c7e8a0b580c871ca03af90e42b47b4150654c?s=96&d=mm&r=g\",\"caption\":\"Debat\"},\"url\":\"https:\/\/kunmedierne.dk\/mors\/author\/debat\/\"}]}<\/script>\n<!-- \/ Yoast SEO plugin. -->","yoast_head_json":{"title":"- Tanker om kommunalpolitik - Mors","robots":{"index":"index","follow":"follow","max-snippet":"max-snippet:-1","max-image-preview":"max-image-preview:large","max-video-preview":"max-video-preview:-1"},"canonical":"https:\/\/kunmedierne.dk\/mors\/tanker-om-kommunalpolitik\/","og_locale":"da_DK","og_type":"article","og_title":"- Tanker om kommunalpolitik - Mors","og_description":"Debatindl\u00e6g af Jesper Balle Kristensen, kandidat for Venstre ved Kommunalvalg 2021: MORS: Natur, klima, milj\u00f8, \u00e6ldre, b\u00f8rn og unge, erhverv, kultur og mange flere. M\u00e6rkesager kan der v\u00e6re nok af, og det kan, som ny kandidat, v\u00e6re sv\u00e6rt at finde det specifikke omr\u00e5de, man vil k\u00e6mpe for. Med min baggrund som selvst\u00e6ndig, og nu forhenv\u00e6rende [&hellip;]","og_url":"https:\/\/kunmedierne.dk\/mors\/tanker-om-kommunalpolitik\/","og_site_name":"Mors","article_published_time":"2021-09-28T20:59:06+00:00","article_modified_time":"2024-08-12T11:36:08+00:00","og_image":[{"width":770,"height":513,"url":"https:\/\/kunmedierne.dk\/mors\/wp-content\/uploads\/2021\/09\/jesper-balle-kristensen.jpg","type":"image\/jpeg"}],"author":"Debat","twitter_card":"summary_large_image","twitter_misc":{"Skrevet af":"Debat","Estimeret l\u00e6setid":"3 minutter"},"schema":{"@context":"https:\/\/schema.org","@graph":[{"@type":"Article","@id":"https:\/\/kunmedierne.dk\/mors\/tanker-om-kommunalpolitik\/#article","isPartOf":{"@id":"https:\/\/kunmedierne.dk\/mors\/tanker-om-kommunalpolitik\/"},"author":{"name":"Debat","@id":"https:\/\/kunmedierne.dk\/mors\/#\/schema\/person\/84c1391bce0b43b9bb3a49736bc0ad78"},"headline":"&#8211; Tanker om kommunalpolitik","datePublished":"2021-09-28T20:59:06+00:00","dateModified":"2024-08-12T11:36:08+00:00","mainEntityOfPage":{"@id":"https:\/\/kunmedierne.dk\/mors\/tanker-om-kommunalpolitik\/"},"wordCount":595,"commentCount":0,"publisher":{"@id":"https:\/\/kunmedierne.dk\/mors\/#organization"},"image":{"@id":"https:\/\/kunmedierne.dk\/mors\/tanker-om-kommunalpolitik\/#primaryimage"},"thumbnailUrl":"https:\/\/kunmedierne.dk\/mors\/wp-content\/uploads\/2021\/09\/jesper-balle-kristensen.jpg","keywords":["Politik"],"articleSection":["Debat"],"inLanguage":"da-DK","potentialAction":[{"@type":"CommentAction","name":"Comment","target":["https:\/\/kunmedierne.dk\/mors\/tanker-om-kommunalpolitik\/#respond"]}]},{"@type":"WebPage","@id":"https:\/\/kunmedierne.dk\/mors\/tanker-om-kommunalpolitik\/","url":"https:\/\/kunmedierne.dk\/mors\/tanker-om-kommunalpolitik\/","name":"- Tanker om kommunalpolitik - Mors","isPartOf":{"@id":"https:\/\/kunmedierne.dk\/mors\/#website"},"primaryImageOfPage":{"@id":"https:\/\/kunmedierne.dk\/mors\/tanker-om-kommunalpolitik\/#primaryimage"},"image":{"@id":"https:\/\/kunmedierne.dk\/mors\/tanker-om-kommunalpolitik\/#primaryimage"},"thumbnailUrl":"https:\/\/kunmedierne.dk\/mors\/wp-content\/uploads\/2021\/09\/jesper-balle-kristensen.jpg","datePublished":"2021-09-28T20:59:06+00:00","dateModified":"2024-08-12T11:36:08+00:00","breadcrumb":{"@id":"https:\/\/kunmedierne.dk\/mors\/tanker-om-kommunalpolitik\/#breadcrumb"},"inLanguage":"da-DK","potentialAction":[{"@type":"ReadAction","target":["https:\/\/kunmedierne.dk\/mors\/tanker-om-kommunalpolitik\/"]}]},{"@type":"ImageObject","inLanguage":"da-DK","@id":"https:\/\/kunmedierne.dk\/mors\/tanker-om-kommunalpolitik\/#primaryimage","url":"https:\/\/kunmedierne.dk\/mors\/wp-content\/uploads\/2021\/09\/jesper-balle-kristensen.jpg","contentUrl":"https:\/\/kunmedierne.dk\/mors\/wp-content\/uploads\/2021\/09\/jesper-balle-kristensen.jpg","width":770,"height":513,"caption":"Jesper Balle Kristensen, kandidat for Venstre ved Kommunalvalg 2021. Privatfoto"},{"@type":"BreadcrumbList","@id":"https:\/\/kunmedierne.dk\/mors\/tanker-om-kommunalpolitik\/#breadcrumb","itemListElement":[{"@type":"ListItem","position":1,"name":"Hjem","item":"https:\/\/kunmedierne.dk\/mors\/"},{"@type":"ListItem","position":2,"name":"&#8211; Tanker om kommunalpolitik"}]},{"@type":"WebSite","@id":"https:\/\/kunmedierne.dk\/mors\/#website","url":"https:\/\/kunmedierne.dk\/mors\/","name":"Mors","description":"et netmedie med journalistik om livet p\u00e5 Mors","publisher":{"@id":"https:\/\/kunmedierne.dk\/mors\/#organization"},"potentialAction":[{"@type":"SearchAction","target":{"@type":"EntryPoint","urlTemplate":"https:\/\/kunmedierne.dk\/mors\/?s={search_term_string}"},"query-input":{"@type":"PropertyValueSpecification","valueRequired":true,"valueName":"search_term_string"}}],"inLanguage":"da-DK"},{"@type":"Organization","@id":"https:\/\/kunmedierne.dk\/mors\/#organization","name":"Mors","url":"https:\/\/kunmedierne.dk\/mors\/","logo":{"@type":"ImageObject","inLanguage":"da-DK","@id":"https:\/\/kunmedierne.dk\/mors\/#\/schema\/logo\/image\/","url":"https:\/\/kunmedierne.dk\/mors\/wp-content\/uploads\/2024\/08\/kunmors-logo.svg","contentUrl":"https:\/\/kunmedierne.dk\/mors\/wp-content\/uploads\/2024\/08\/kunmors-logo.svg","caption":"Mors"},"image":{"@id":"https:\/\/kunmedierne.dk\/mors\/#\/schema\/logo\/image\/"}},{"@type":"Person","@id":"https:\/\/kunmedierne.dk\/mors\/#\/schema\/person\/84c1391bce0b43b9bb3a49736bc0ad78","name":"Debat","image":{"@type":"ImageObject","inLanguage":"da-DK","@id":"https:\/\/kunmedierne.dk\/mors\/#\/schema\/person\/image\/","url":"https:\/\/secure.gravatar.com\/avatar\/b0fb2e221d618f7c65162ab0d49c7e8a0b580c871ca03af90e42b47b4150654c?s=96&d=mm&r=g","contentUrl":"https:\/\/secure.gravatar.com\/avatar\/b0fb2e221d618f7c65162ab0d49c7e8a0b580c871ca03af90e42b47b4150654c?s=96&d=mm&r=g","caption":"Debat"},"url":"https:\/\/kunmedierne.dk\/mors\/author\/debat\/"}]}},"_links":{"self":[{"href":"https:\/\/kunmedierne.dk\/mors\/wp-json\/wp\/v2\/posts\/53349","targetHints":{"allow":["GET"]}}],"collection":[{"href":"https:\/\/kunmedierne.dk\/mors\/wp-json\/wp\/v2\/posts"}],"about":[{"href":"https:\/\/kunmedierne.dk\/mors\/wp-json\/wp\/v2\/types\/post"}],"author":[{"embeddable":true,"href":"https:\/\/kunmedierne.dk\/mors\/wp-json\/wp\/v2\/users\/11"}],"replies":[{"embeddable":true,"href":"https:\/\/kunmedierne.dk\/mors\/wp-json\/wp\/v2\/comments?post=53349"}],"version-history":[{"count":1,"href":"https:\/\/kunmedierne.dk\/mors\/wp-json\/wp\/v2\/posts\/53349\/revisions"}],"predecessor-version":[{"id":53351,"href":"https:\/\/kunmedierne.dk\/mors\/wp-json\/wp\/v2\/posts\/53349\/revisions\/53351"}],"wp:featuredmedia":[{"embeddable":true,"href":"https:\/\/kunmedierne.dk\/mors\/wp-json\/wp\/v2\/media\/53350"}],"wp:attachment":[{"href":"https:\/\/kunmedierne.dk\/mors\/wp-json\/wp\/v2\/media?parent=53349"}],"wp:term":[{"taxonomy":"category","embeddable":true,"href":"https:\/\/kunmedierne.dk\/mors\/wp-json\/wp\/v2\/categories?post=53349"},{"taxonomy":"post_tag","embeddable":true,"href":"https:\/\/kunmedierne.dk\/mors\/wp-json\/wp\/v2\/tags?post=53349"}],"curies":[{"name":"wp","href":"https:\/\/api.w.org\/{rel}","templated":true}]}}