{"id":53015,"date":"2021-09-23T20:09:29","date_gmt":"2021-09-23T18:09:29","guid":{"rendered":"https:\/\/kunmedierne.dk\/mors\/?p=53015"},"modified":"2024-08-12T13:36:10","modified_gmt":"2024-08-12T11:36:10","slug":"oerodde-droemmenes-legeplads","status":"publish","type":"post","link":"https:\/\/kunmedierne.dk\/mors\/oerodde-droemmenes-legeplads\/","title":{"rendered":"&#8211; \u00d8rodde: dr\u00f8mmenes legeplads"},"content":{"rendered":"<p><em>Debatindl\u00e6g fra Tore M\u00fcller, gruppeformand og borgmesterkandidat for Socialdemokratiet ved Kommunalvalg 2021:<\/em><\/p>\n<hr \/>\n<p><strong>MORS<\/strong>: I Socialdemokratiet s\u00e6tter vi en \u00e6re i at sikre et rummeligt og levende demokrati. S\u00e5ledes har vi afholdt dialogm\u00f8de om \u00d8rodde for alle interesserede, for at h\u00f8re hvad vi lokale har af \u00f8nsker og tanker om omr\u00e5det. Det har v\u00e6ret enormt positivt at s\u00e5 mange mennesker har \u00f8nsket at give deres holdning til kende til os.<\/p>\n<p>Ved vores seneste arrangement p\u00e5 \u00d8rodde med dette p\u00e5 dagsordenen, m\u00f8dte ca. 125 mennesker op for at udtrykke deres holdninger.\u00a0 Det tegner godt for fremtiden, n\u00e5r den endelige udvikling og planer for omr\u00e5det skal udvikles, besluttes og udm\u00f8ntes. Konkret ift. kommuneplanen der er p\u00e5 vej igennem systemet, er vi kun blevet bekr\u00e6ftet i, at vi langt fra st\u00e5r alene med det synspunkt, at vi som parti ikke \u00f8nsker at der skal bygges private boliger for de f\u00e5, p\u00e5 den nuv\u00e6rende campingplads. <a href=\"https:\/\/konpap.dk\/\"><img loading=\"lazy\" decoding=\"async\" class=\"alignright size-full wp-image-49328\" src=\"https:\/\/kunmedierne.dk\/mors\/wp-content\/uploads\/2021\/07\/t10.jpg\" alt=\"\" width=\"1400\" height=\"125\" srcset=\"https:\/\/kunmedierne.dk\/mors\/wp-content\/uploads\/2021\/07\/t10.jpg 1400w, https:\/\/kunmedierne.dk\/mors\/wp-content\/uploads\/2021\/07\/t10-300x27.jpg 300w, https:\/\/kunmedierne.dk\/mors\/wp-content\/uploads\/2021\/07\/t10-1024x91.jpg 1024w, https:\/\/kunmedierne.dk\/mors\/wp-content\/uploads\/2021\/07\/t10-768x69.jpg 768w, https:\/\/kunmedierne.dk\/mors\/wp-content\/uploads\/2021\/07\/t10-600x54.jpg 600w\" sizes=\"auto, (max-width: 1400px) 100vw, 1400px\" \/><\/a><\/p>\n<p>Men der er selvsagt lang vej endnu. Omr\u00e5det er lovgivningsm\u00e6ssigt fastl\u00e5st ift. effektuering af de mange forskellige dr\u00f8mme og tanker. Og socialdemokratiet er helt enig i, at vi skal have dygtige folk og friske \u00f8jne til at v\u00e6re med til at se p\u00e5 omr\u00e5det som et samlet hele for at udviklingen af omr\u00e5det bliver s\u00e5 kvalificeret som muligt. Det m\u00e5 i sidste ende altid v\u00e6re den gode ide der skal v\u00e6re grundlaget for at forme vores offentlige omr\u00e5der for f\u00e6llesskabets bedste.<\/p>\n<p>Og inden andre kan v\u00e6re med til at udvikle vores dr\u00f8mme, skal vi jo selv have sat ord p\u00e5 hvilke retninger og tanker vi som lokale sidder inde med.<\/p>\n<p>Der tegner sig et tydeligt billede af, at de fleste \u00f8nsker et rekreativt omr\u00e5de, med opholdsarealer for de mange, som hovedprioritet. Samtidig \u00f8nsker de fleste vi har talt med at fastholde campingpladsen p\u00e5 den nuv\u00e6rende placering, med en mindre udvidelse s\u00e5fremt det kan give mening i den samlede plan for omr\u00e5det. Samtidig dr\u00f8mmer vi om, at der skal v\u00e6re fokus p\u00e5 tilg\u00e6ngeligheden, ogs\u00e5 p\u00e5 \u00d8sterstrand. Der er dr\u00f8mme om sundhedsfremmende redskaber og opholdsarealer der tilgodeser b\u00e5de unge og \u00e6ldre. Og flere taler om at etablere anl\u00e6g til brug for offentlige m\u00f8der og kulturelle form\u00e5l. <a href=\"https:\/\/www.sparv.dk\/\"><img loading=\"lazy\" decoding=\"async\" class=\"alignright size-full wp-image-46602\" src=\"https:\/\/kunmedierne.dk\/mors\/wp-content\/uploads\/2021\/06\/t11.jpg\" alt=\"\" width=\"1400\" height=\"125\" srcset=\"https:\/\/kunmedierne.dk\/mors\/wp-content\/uploads\/2021\/06\/t11.jpg 1400w, https:\/\/kunmedierne.dk\/mors\/wp-content\/uploads\/2021\/06\/t11-300x27.jpg 300w, https:\/\/kunmedierne.dk\/mors\/wp-content\/uploads\/2021\/06\/t11-1024x91.jpg 1024w, https:\/\/kunmedierne.dk\/mors\/wp-content\/uploads\/2021\/06\/t11-768x69.jpg 768w, https:\/\/kunmedierne.dk\/mors\/wp-content\/uploads\/2021\/06\/t11-600x54.jpg 600w\" sizes=\"auto, (max-width: 1400px) 100vw, 1400px\" \/><\/a><\/p>\n<p>Vi h\u00e5ber at arbejdet med at konkretisere omr\u00e5dets mangeartede muligheder, kan p\u00e5begyndes i den kommende valgperiode. Men det er samtidig vigtigt at sl\u00e5 fast at det ikke bare s\u00e5dan kan lade sig g\u00f8re, at f\u00e5 etableret anl\u00e6g og planl\u00e6gge nyt for omr\u00e5det under de nuv\u00e6rende restriktioner.<\/p>\n<p>Omr\u00e5det er som bekendt blandt andet begr\u00e6nset af det der hedder kystn\u00e6rhedszonen, som betyder at vi som kommune ikke bare m\u00e5 planl\u00e6gge for omr\u00e5det eller lave nye tiltag som ikke er 100% afh\u00e6ngige af en kystn\u00e6r placering. Det umuligg\u00f8r f.eks. shelters, udvidelse af campingpladsen, nye rekreative omr\u00e5der, legepladser og \u00f8nskede faciliteter. <a href=\"https:\/\/thistedkloakservice.dk\/\"><img loading=\"lazy\" decoding=\"async\" class=\"alignright size-full wp-image-46603\" src=\"https:\/\/kunmedierne.dk\/mors\/wp-content\/uploads\/2021\/06\/t12.jpg\" alt=\"\" width=\"1400\" height=\"125\" srcset=\"https:\/\/kunmedierne.dk\/mors\/wp-content\/uploads\/2021\/06\/t12.jpg 1400w, https:\/\/kunmedierne.dk\/mors\/wp-content\/uploads\/2021\/06\/t12-300x27.jpg 300w, https:\/\/kunmedierne.dk\/mors\/wp-content\/uploads\/2021\/06\/t12-1024x91.jpg 1024w, https:\/\/kunmedierne.dk\/mors\/wp-content\/uploads\/2021\/06\/t12-768x69.jpg 768w, https:\/\/kunmedierne.dk\/mors\/wp-content\/uploads\/2021\/06\/t12-600x54.jpg 600w\" sizes=\"auto, (max-width: 1400px) 100vw, 1400px\" \/><\/a><\/p>\n<p>S\u00e5 der er en lang og sn\u00f8rklet vej der skal passeres, inden alle ideerne overhovedet kan realiseres, men dr\u00f8mmene har vi jo alle lov at have. Og det mindste vi kan g\u00f8re, er at sikre en \u00e5ben dialog med hinanden. Ikke mindst for at sikre udvikling for og med f\u00e6llesskabet.<\/p>\n<hr \/>\n<p><em>Har du et bidrag til den lokale debat? Send det til os p\u00e5 e-mail: debat@kunmedierne.dk\/mors. Husk at l\u00e6se korrektur inden afsendelse p\u00e5 indl\u00e6gget.<\/em><\/p>\n<blockquote>\n<h4>Tilmeld dig vores gratis nyhedsbrev og vind et gavekort p\u00e5 500 kroner til\u00a0<a href=\"https:\/\/www.facebook.com\/brinckisenkramnykoebingmors\" target=\"_blank\" rel=\"noopener\">Brinck Isenkram<\/a>\u00a0eller en forl\u00e6ngelse af dit abonnement. L\u00e6s mere\u00a0<a href=\"https:\/\/kunmedierne.dk\/mors\/vind-gavekort-paa-500-kroner-til-brinck-isenkram\/\" target=\"_blank\" rel=\"noopener\">her<\/a>.<\/h4>\n<\/blockquote>\n<h4><\/h4>\n","protected":false},"excerpt":{"rendered":"<p>Debatindl\u00e6g fra Tore M\u00fcller, gruppeformand og borgmesterkandidat for Socialdemokratiet ved Kommunalvalg 2021: MORS: I Socialdemokratiet s\u00e6tter vi en \u00e6re i at sikre et rummeligt og levende demokrati. S\u00e5ledes har vi afholdt dialogm\u00f8de om \u00d8rodde for alle interesserede, for at h\u00f8re hvad vi lokale har af \u00f8nsker og tanker om omr\u00e5det. Det har v\u00e6ret enormt positivt [&hellip;]<\/p>\n","protected":false},"author":11,"featured_media":30639,"comment_status":"open","ping_status":"open","sticky":false,"template":"","format":"standard","meta":{"_acf_changed":false,"footnotes":""},"categories":[56],"tags":[167],"class_list":["post-53015","post","type-post","status-publish","format-standard","has-post-thumbnail","hentry","category-debat","tag-politik"],"acf":[],"yoast_head":"<!-- This site is optimized with the Yoast SEO plugin v26.8 - https:\/\/yoast.com\/product\/yoast-seo-wordpress\/ -->\n<title>- \u00d8rodde: dr\u00f8mmenes legeplads - Mors<\/title>\n<meta name=\"robots\" content=\"index, follow, max-snippet:-1, max-image-preview:large, max-video-preview:-1\" \/>\n<link rel=\"canonical\" href=\"https:\/\/kunmedierne.dk\/mors\/oerodde-droemmenes-legeplads\/\" \/>\n<meta property=\"og:locale\" content=\"da_DK\" \/>\n<meta property=\"og:type\" content=\"article\" \/>\n<meta property=\"og:title\" content=\"- \u00d8rodde: dr\u00f8mmenes legeplads - Mors\" \/>\n<meta property=\"og:description\" content=\"Debatindl\u00e6g fra Tore M\u00fcller, gruppeformand og borgmesterkandidat for Socialdemokratiet ved Kommunalvalg 2021: MORS: I Socialdemokratiet s\u00e6tter vi en \u00e6re i at sikre et rummeligt og levende demokrati. S\u00e5ledes har vi afholdt dialogm\u00f8de om \u00d8rodde for alle interesserede, for at h\u00f8re hvad vi lokale har af \u00f8nsker og tanker om omr\u00e5det. Det har v\u00e6ret enormt positivt [&hellip;]\" \/>\n<meta property=\"og:url\" content=\"https:\/\/kunmedierne.dk\/mors\/oerodde-droemmenes-legeplads\/\" \/>\n<meta property=\"og:site_name\" content=\"Mors\" \/>\n<meta property=\"article:published_time\" content=\"2021-09-23T18:09:29+00:00\" \/>\n<meta property=\"article:modified_time\" content=\"2024-08-12T11:36:10+00:00\" \/>\n<meta property=\"og:image\" content=\"https:\/\/kunmedierne.dk\/mors\/wp-content\/uploads\/2020\/08\/0-tore-m\u00fcller.jpg\" \/>\n\t<meta property=\"og:image:width\" content=\"770\" \/>\n\t<meta property=\"og:image:height\" content=\"513\" \/>\n\t<meta property=\"og:image:type\" content=\"image\/jpeg\" \/>\n<meta name=\"author\" content=\"Debat\" \/>\n<meta name=\"twitter:card\" content=\"summary_large_image\" \/>\n<meta name=\"twitter:label1\" content=\"Skrevet af\" \/>\n\t<meta name=\"twitter:data1\" content=\"Debat\" \/>\n\t<meta name=\"twitter:label2\" content=\"Estimeret l\u00e6setid\" \/>\n\t<meta name=\"twitter:data2\" content=\"4 minutter\" \/>\n<script type=\"application\/ld+json\" class=\"yoast-schema-graph\">{\"@context\":\"https:\/\/schema.org\",\"@graph\":[{\"@type\":\"Article\",\"@id\":\"https:\/\/kunmedierne.dk\/mors\/oerodde-droemmenes-legeplads\/#article\",\"isPartOf\":{\"@id\":\"https:\/\/kunmedierne.dk\/mors\/oerodde-droemmenes-legeplads\/\"},\"author\":{\"name\":\"Debat\",\"@id\":\"https:\/\/kunmedierne.dk\/mors\/#\/schema\/person\/84c1391bce0b43b9bb3a49736bc0ad78\"},\"headline\":\"&#8211; \u00d8rodde: dr\u00f8mmenes legeplads\",\"datePublished\":\"2021-09-23T18:09:29+00:00\",\"dateModified\":\"2024-08-12T11:36:10+00:00\",\"mainEntityOfPage\":{\"@id\":\"https:\/\/kunmedierne.dk\/mors\/oerodde-droemmenes-legeplads\/\"},\"wordCount\":618,\"commentCount\":0,\"publisher\":{\"@id\":\"https:\/\/kunmedierne.dk\/mors\/#organization\"},\"image\":{\"@id\":\"https:\/\/kunmedierne.dk\/mors\/oerodde-droemmenes-legeplads\/#primaryimage\"},\"thumbnailUrl\":\"https:\/\/kunmedierne.dk\/mors\/wp-content\/uploads\/2020\/08\/0-tore-m\u00fcller.jpg\",\"keywords\":[\"Politik\"],\"articleSection\":[\"Debat\"],\"inLanguage\":\"da-DK\",\"potentialAction\":[{\"@type\":\"CommentAction\",\"name\":\"Comment\",\"target\":[\"https:\/\/kunmedierne.dk\/mors\/oerodde-droemmenes-legeplads\/#respond\"]}]},{\"@type\":\"WebPage\",\"@id\":\"https:\/\/kunmedierne.dk\/mors\/oerodde-droemmenes-legeplads\/\",\"url\":\"https:\/\/kunmedierne.dk\/mors\/oerodde-droemmenes-legeplads\/\",\"name\":\"- \u00d8rodde: dr\u00f8mmenes legeplads - Mors\",\"isPartOf\":{\"@id\":\"https:\/\/kunmedierne.dk\/mors\/#website\"},\"primaryImageOfPage\":{\"@id\":\"https:\/\/kunmedierne.dk\/mors\/oerodde-droemmenes-legeplads\/#primaryimage\"},\"image\":{\"@id\":\"https:\/\/kunmedierne.dk\/mors\/oerodde-droemmenes-legeplads\/#primaryimage\"},\"thumbnailUrl\":\"https:\/\/kunmedierne.dk\/mors\/wp-content\/uploads\/2020\/08\/0-tore-m\u00fcller.jpg\",\"datePublished\":\"2021-09-23T18:09:29+00:00\",\"dateModified\":\"2024-08-12T11:36:10+00:00\",\"breadcrumb\":{\"@id\":\"https:\/\/kunmedierne.dk\/mors\/oerodde-droemmenes-legeplads\/#breadcrumb\"},\"inLanguage\":\"da-DK\",\"potentialAction\":[{\"@type\":\"ReadAction\",\"target\":[\"https:\/\/kunmedierne.dk\/mors\/oerodde-droemmenes-legeplads\/\"]}]},{\"@type\":\"ImageObject\",\"inLanguage\":\"da-DK\",\"@id\":\"https:\/\/kunmedierne.dk\/mors\/oerodde-droemmenes-legeplads\/#primaryimage\",\"url\":\"https:\/\/kunmedierne.dk\/mors\/wp-content\/uploads\/2020\/08\/0-tore-m\u00fcller.jpg\",\"contentUrl\":\"https:\/\/kunmedierne.dk\/mors\/wp-content\/uploads\/2020\/08\/0-tore-m\u00fcller.jpg\",\"width\":770,\"height\":513,\"caption\":\"Tore M\u00fcller. Foto: Lars Horn\/Baghuset.\"},{\"@type\":\"BreadcrumbList\",\"@id\":\"https:\/\/kunmedierne.dk\/mors\/oerodde-droemmenes-legeplads\/#breadcrumb\",\"itemListElement\":[{\"@type\":\"ListItem\",\"position\":1,\"name\":\"Hjem\",\"item\":\"https:\/\/kunmedierne.dk\/mors\/\"},{\"@type\":\"ListItem\",\"position\":2,\"name\":\"&#8211; \u00d8rodde: dr\u00f8mmenes legeplads\"}]},{\"@type\":\"WebSite\",\"@id\":\"https:\/\/kunmedierne.dk\/mors\/#website\",\"url\":\"https:\/\/kunmedierne.dk\/mors\/\",\"name\":\"Mors\",\"description\":\"et netmedie med journalistik om livet p\u00e5 Mors\",\"publisher\":{\"@id\":\"https:\/\/kunmedierne.dk\/mors\/#organization\"},\"potentialAction\":[{\"@type\":\"SearchAction\",\"target\":{\"@type\":\"EntryPoint\",\"urlTemplate\":\"https:\/\/kunmedierne.dk\/mors\/?s={search_term_string}\"},\"query-input\":{\"@type\":\"PropertyValueSpecification\",\"valueRequired\":true,\"valueName\":\"search_term_string\"}}],\"inLanguage\":\"da-DK\"},{\"@type\":\"Organization\",\"@id\":\"https:\/\/kunmedierne.dk\/mors\/#organization\",\"name\":\"Mors\",\"url\":\"https:\/\/kunmedierne.dk\/mors\/\",\"logo\":{\"@type\":\"ImageObject\",\"inLanguage\":\"da-DK\",\"@id\":\"https:\/\/kunmedierne.dk\/mors\/#\/schema\/logo\/image\/\",\"url\":\"https:\/\/kunmedierne.dk\/mors\/wp-content\/uploads\/2024\/08\/kunmors-logo.svg\",\"contentUrl\":\"https:\/\/kunmedierne.dk\/mors\/wp-content\/uploads\/2024\/08\/kunmors-logo.svg\",\"caption\":\"Mors\"},\"image\":{\"@id\":\"https:\/\/kunmedierne.dk\/mors\/#\/schema\/logo\/image\/\"}},{\"@type\":\"Person\",\"@id\":\"https:\/\/kunmedierne.dk\/mors\/#\/schema\/person\/84c1391bce0b43b9bb3a49736bc0ad78\",\"name\":\"Debat\",\"image\":{\"@type\":\"ImageObject\",\"inLanguage\":\"da-DK\",\"@id\":\"https:\/\/kunmedierne.dk\/mors\/#\/schema\/person\/image\/\",\"url\":\"https:\/\/secure.gravatar.com\/avatar\/b0fb2e221d618f7c65162ab0d49c7e8a0b580c871ca03af90e42b47b4150654c?s=96&d=mm&r=g\",\"contentUrl\":\"https:\/\/secure.gravatar.com\/avatar\/b0fb2e221d618f7c65162ab0d49c7e8a0b580c871ca03af90e42b47b4150654c?s=96&d=mm&r=g\",\"caption\":\"Debat\"},\"url\":\"https:\/\/kunmedierne.dk\/mors\/author\/debat\/\"}]}<\/script>\n<!-- \/ Yoast SEO plugin. -->","yoast_head_json":{"title":"- \u00d8rodde: dr\u00f8mmenes legeplads - Mors","robots":{"index":"index","follow":"follow","max-snippet":"max-snippet:-1","max-image-preview":"max-image-preview:large","max-video-preview":"max-video-preview:-1"},"canonical":"https:\/\/kunmedierne.dk\/mors\/oerodde-droemmenes-legeplads\/","og_locale":"da_DK","og_type":"article","og_title":"- \u00d8rodde: dr\u00f8mmenes legeplads - Mors","og_description":"Debatindl\u00e6g fra Tore M\u00fcller, gruppeformand og borgmesterkandidat for Socialdemokratiet ved Kommunalvalg 2021: MORS: I Socialdemokratiet s\u00e6tter vi en \u00e6re i at sikre et rummeligt og levende demokrati. S\u00e5ledes har vi afholdt dialogm\u00f8de om \u00d8rodde for alle interesserede, for at h\u00f8re hvad vi lokale har af \u00f8nsker og tanker om omr\u00e5det. Det har v\u00e6ret enormt positivt [&hellip;]","og_url":"https:\/\/kunmedierne.dk\/mors\/oerodde-droemmenes-legeplads\/","og_site_name":"Mors","article_published_time":"2021-09-23T18:09:29+00:00","article_modified_time":"2024-08-12T11:36:10+00:00","og_image":[{"width":770,"height":513,"url":"https:\/\/kunmedierne.dk\/mors\/wp-content\/uploads\/2020\/08\/0-tore-m\u00fcller.jpg","type":"image\/jpeg"}],"author":"Debat","twitter_card":"summary_large_image","twitter_misc":{"Skrevet af":"Debat","Estimeret l\u00e6setid":"4 minutter"},"schema":{"@context":"https:\/\/schema.org","@graph":[{"@type":"Article","@id":"https:\/\/kunmedierne.dk\/mors\/oerodde-droemmenes-legeplads\/#article","isPartOf":{"@id":"https:\/\/kunmedierne.dk\/mors\/oerodde-droemmenes-legeplads\/"},"author":{"name":"Debat","@id":"https:\/\/kunmedierne.dk\/mors\/#\/schema\/person\/84c1391bce0b43b9bb3a49736bc0ad78"},"headline":"&#8211; \u00d8rodde: dr\u00f8mmenes legeplads","datePublished":"2021-09-23T18:09:29+00:00","dateModified":"2024-08-12T11:36:10+00:00","mainEntityOfPage":{"@id":"https:\/\/kunmedierne.dk\/mors\/oerodde-droemmenes-legeplads\/"},"wordCount":618,"commentCount":0,"publisher":{"@id":"https:\/\/kunmedierne.dk\/mors\/#organization"},"image":{"@id":"https:\/\/kunmedierne.dk\/mors\/oerodde-droemmenes-legeplads\/#primaryimage"},"thumbnailUrl":"https:\/\/kunmedierne.dk\/mors\/wp-content\/uploads\/2020\/08\/0-tore-m\u00fcller.jpg","keywords":["Politik"],"articleSection":["Debat"],"inLanguage":"da-DK","potentialAction":[{"@type":"CommentAction","name":"Comment","target":["https:\/\/kunmedierne.dk\/mors\/oerodde-droemmenes-legeplads\/#respond"]}]},{"@type":"WebPage","@id":"https:\/\/kunmedierne.dk\/mors\/oerodde-droemmenes-legeplads\/","url":"https:\/\/kunmedierne.dk\/mors\/oerodde-droemmenes-legeplads\/","name":"- \u00d8rodde: dr\u00f8mmenes legeplads - Mors","isPartOf":{"@id":"https:\/\/kunmedierne.dk\/mors\/#website"},"primaryImageOfPage":{"@id":"https:\/\/kunmedierne.dk\/mors\/oerodde-droemmenes-legeplads\/#primaryimage"},"image":{"@id":"https:\/\/kunmedierne.dk\/mors\/oerodde-droemmenes-legeplads\/#primaryimage"},"thumbnailUrl":"https:\/\/kunmedierne.dk\/mors\/wp-content\/uploads\/2020\/08\/0-tore-m\u00fcller.jpg","datePublished":"2021-09-23T18:09:29+00:00","dateModified":"2024-08-12T11:36:10+00:00","breadcrumb":{"@id":"https:\/\/kunmedierne.dk\/mors\/oerodde-droemmenes-legeplads\/#breadcrumb"},"inLanguage":"da-DK","potentialAction":[{"@type":"ReadAction","target":["https:\/\/kunmedierne.dk\/mors\/oerodde-droemmenes-legeplads\/"]}]},{"@type":"ImageObject","inLanguage":"da-DK","@id":"https:\/\/kunmedierne.dk\/mors\/oerodde-droemmenes-legeplads\/#primaryimage","url":"https:\/\/kunmedierne.dk\/mors\/wp-content\/uploads\/2020\/08\/0-tore-m\u00fcller.jpg","contentUrl":"https:\/\/kunmedierne.dk\/mors\/wp-content\/uploads\/2020\/08\/0-tore-m\u00fcller.jpg","width":770,"height":513,"caption":"Tore M\u00fcller. Foto: Lars Horn\/Baghuset."},{"@type":"BreadcrumbList","@id":"https:\/\/kunmedierne.dk\/mors\/oerodde-droemmenes-legeplads\/#breadcrumb","itemListElement":[{"@type":"ListItem","position":1,"name":"Hjem","item":"https:\/\/kunmedierne.dk\/mors\/"},{"@type":"ListItem","position":2,"name":"&#8211; \u00d8rodde: dr\u00f8mmenes legeplads"}]},{"@type":"WebSite","@id":"https:\/\/kunmedierne.dk\/mors\/#website","url":"https:\/\/kunmedierne.dk\/mors\/","name":"Mors","description":"et netmedie med journalistik om livet p\u00e5 Mors","publisher":{"@id":"https:\/\/kunmedierne.dk\/mors\/#organization"},"potentialAction":[{"@type":"SearchAction","target":{"@type":"EntryPoint","urlTemplate":"https:\/\/kunmedierne.dk\/mors\/?s={search_term_string}"},"query-input":{"@type":"PropertyValueSpecification","valueRequired":true,"valueName":"search_term_string"}}],"inLanguage":"da-DK"},{"@type":"Organization","@id":"https:\/\/kunmedierne.dk\/mors\/#organization","name":"Mors","url":"https:\/\/kunmedierne.dk\/mors\/","logo":{"@type":"ImageObject","inLanguage":"da-DK","@id":"https:\/\/kunmedierne.dk\/mors\/#\/schema\/logo\/image\/","url":"https:\/\/kunmedierne.dk\/mors\/wp-content\/uploads\/2024\/08\/kunmors-logo.svg","contentUrl":"https:\/\/kunmedierne.dk\/mors\/wp-content\/uploads\/2024\/08\/kunmors-logo.svg","caption":"Mors"},"image":{"@id":"https:\/\/kunmedierne.dk\/mors\/#\/schema\/logo\/image\/"}},{"@type":"Person","@id":"https:\/\/kunmedierne.dk\/mors\/#\/schema\/person\/84c1391bce0b43b9bb3a49736bc0ad78","name":"Debat","image":{"@type":"ImageObject","inLanguage":"da-DK","@id":"https:\/\/kunmedierne.dk\/mors\/#\/schema\/person\/image\/","url":"https:\/\/secure.gravatar.com\/avatar\/b0fb2e221d618f7c65162ab0d49c7e8a0b580c871ca03af90e42b47b4150654c?s=96&d=mm&r=g","contentUrl":"https:\/\/secure.gravatar.com\/avatar\/b0fb2e221d618f7c65162ab0d49c7e8a0b580c871ca03af90e42b47b4150654c?s=96&d=mm&r=g","caption":"Debat"},"url":"https:\/\/kunmedierne.dk\/mors\/author\/debat\/"}]}},"_links":{"self":[{"href":"https:\/\/kunmedierne.dk\/mors\/wp-json\/wp\/v2\/posts\/53015","targetHints":{"allow":["GET"]}}],"collection":[{"href":"https:\/\/kunmedierne.dk\/mors\/wp-json\/wp\/v2\/posts"}],"about":[{"href":"https:\/\/kunmedierne.dk\/mors\/wp-json\/wp\/v2\/types\/post"}],"author":[{"embeddable":true,"href":"https:\/\/kunmedierne.dk\/mors\/wp-json\/wp\/v2\/users\/11"}],"replies":[{"embeddable":true,"href":"https:\/\/kunmedierne.dk\/mors\/wp-json\/wp\/v2\/comments?post=53015"}],"version-history":[{"count":3,"href":"https:\/\/kunmedierne.dk\/mors\/wp-json\/wp\/v2\/posts\/53015\/revisions"}],"predecessor-version":[{"id":53260,"href":"https:\/\/kunmedierne.dk\/mors\/wp-json\/wp\/v2\/posts\/53015\/revisions\/53260"}],"wp:featuredmedia":[{"embeddable":true,"href":"https:\/\/kunmedierne.dk\/mors\/wp-json\/wp\/v2\/media\/30639"}],"wp:attachment":[{"href":"https:\/\/kunmedierne.dk\/mors\/wp-json\/wp\/v2\/media?parent=53015"}],"wp:term":[{"taxonomy":"category","embeddable":true,"href":"https:\/\/kunmedierne.dk\/mors\/wp-json\/wp\/v2\/categories?post=53015"},{"taxonomy":"post_tag","embeddable":true,"href":"https:\/\/kunmedierne.dk\/mors\/wp-json\/wp\/v2\/tags?post=53015"}],"curies":[{"name":"wp","href":"https:\/\/api.w.org\/{rel}","templated":true}]}}