{"id":52965,"date":"2021-09-22T16:43:51","date_gmt":"2021-09-22T14:43:51","guid":{"rendered":"https:\/\/kunmedierne.dk\/mors\/?p=52965"},"modified":"2024-08-12T13:36:10","modified_gmt":"2024-08-12T11:36:10","slug":"vi-skal-styrke-foreningslivet-paa-mors","status":"publish","type":"post","link":"https:\/\/kunmedierne.dk\/mors\/vi-skal-styrke-foreningslivet-paa-mors\/","title":{"rendered":"&#8211; Vi skal styrke foreningslivet p\u00e5 Mors"},"content":{"rendered":"<p><em>Debatindl\u00e6g fra Henrik &#8216;Sivert&#8217; Kristensen, kandidat for Venstre ved Kommunalvalg 2021:<\/em><\/p>\n<hr \/>\n<p>Jeg m\u00e5 indr\u00f8mme at det er med svedende h\u00e5ndflader og en lille smule \u00e6resfrygt at jeg kaster mig ud i lokalpolitik. Men med min v\u00e6gt har jeg med tiden fundet ud af at isen ikke altid kan b\u00e6re. Men jeg har ogs\u00e5 fundet ud af at en kold dukkert ikke altid er s\u00e5 skidt, den kan ogs\u00e5 rense hjernen og give ny energi. Min energi har jeg indtil nu brugt p\u00e5 foreningslivet og idr\u00e6tslivet, et sted hvor jeg altid har fundet mig til rette, og et sted jeg har fundet givende. Men man skal ogs\u00e5 gi\u2019 f\u00f8r man kan f\u00e5. Derfor vil jeg ogs\u00e5 politisk forts\u00e6tte min kamp for at styrke foreningslivet rundt om p\u00e5 vores sk\u00f8nne \u00f8.<a href=\"https:\/\/www.sparthy.dk\/\"><img loading=\"lazy\" decoding=\"async\" class=\"alignright size-full wp-image-46599\" src=\"https:\/\/kunmedierne.dk\/mors\/wp-content\/uploads\/2021\/06\/t08.jpg\" alt=\"\" width=\"1400\" height=\"125\" srcset=\"https:\/\/kunmedierne.dk\/mors\/wp-content\/uploads\/2021\/06\/t08.jpg 1400w, https:\/\/kunmedierne.dk\/mors\/wp-content\/uploads\/2021\/06\/t08-300x27.jpg 300w, https:\/\/kunmedierne.dk\/mors\/wp-content\/uploads\/2021\/06\/t08-1024x91.jpg 1024w, https:\/\/kunmedierne.dk\/mors\/wp-content\/uploads\/2021\/06\/t08-768x69.jpg 768w, https:\/\/kunmedierne.dk\/mors\/wp-content\/uploads\/2021\/06\/t08-600x54.jpg 600w\" sizes=\"auto, (max-width: 1400px) 100vw, 1400px\" \/><\/a><\/p>\n<p>Jeg vil g\u00f8re alt hvad der st\u00e5r i min magt for at foreningslivet\/idr\u00e6tslivet f\u00e5r de bedst mulige rammer for at kunne tiltr\u00e6kke b\u00e5de unge og gamle, og f\u00e5 dem med ind i det f\u00e6lleskab som jeg elsker og har brugt det meste af mit liv p\u00e5.<\/p>\n<p>Vi har utroligt meget at byde p\u00e5 her p\u00e5 \u00f8en, og vi er ikke mindst gode til at byde vores g\u00e6ster og turister velkommen. Det skal vi forts\u00e6tte med, vi skal alle v\u00e6re med til at brande vores \u00f8 &#8211; ikke mindst kommunen.<\/p>\n<p>Naturen og alle de smukke steder vi har p\u00e5 Mors er p\u00e5 en og samme tid det billigste, og mest dyrebare vi har. Vi skal pleje naturen og s\u00f8rge for at vi kan give den skat videre til de n\u00e6ste generationer, men vi skal g\u00f8re det i samspil med landbruget og de mennesker der bruger n\u00e6sten alt deres tid i den &#8211; samspil og respekt m\u00e5 v\u00e6re ordene.<a href=\"https:\/\/konpap.dk\/\"><img loading=\"lazy\" decoding=\"async\" class=\"alignright size-full wp-image-46600\" src=\"https:\/\/kunmedierne.dk\/mors\/wp-content\/uploads\/2021\/06\/t09.jpg\" alt=\"\" width=\"1400\" height=\"125\" srcset=\"https:\/\/kunmedierne.dk\/mors\/wp-content\/uploads\/2021\/06\/t09.jpg 1400w, https:\/\/kunmedierne.dk\/mors\/wp-content\/uploads\/2021\/06\/t09-300x27.jpg 300w, https:\/\/kunmedierne.dk\/mors\/wp-content\/uploads\/2021\/06\/t09-1024x91.jpg 1024w, https:\/\/kunmedierne.dk\/mors\/wp-content\/uploads\/2021\/06\/t09-768x69.jpg 768w, https:\/\/kunmedierne.dk\/mors\/wp-content\/uploads\/2021\/06\/t09-600x54.jpg 600w\" sizes=\"auto, (max-width: 1400px) 100vw, 1400px\" \/><\/a><\/p>\n<p>Politik er for mig mange ting, men det vigtigste er nok respekt. Respekt for andres meninger og holdninger, men selvf\u00f8lgelig ogs\u00e5 en tro p\u00e5 ens egne. Jeg vil p\u00e5 bedste vis pr\u00f8ve at komme med mine indspark til hvad jeg synes er vigtigt, og ikke mindst tage ved l\u00e6re af andres viden &#8211; for vi skal st\u00e5 sammen for det Mors vi holder af \u2026<\/p>\n<hr \/>\n<p><em>Har du et bidrag til den lokale debat? Send det til os p\u00e5 e-mail: debat@kunmedierne.dk\/mors. Husk at l\u00e6se korrektur inden afsendelse p\u00e5 indl\u00e6gget. <a href=\"https:\/\/konpap.dk\/\"><img loading=\"lazy\" decoding=\"async\" class=\"alignright size-full wp-image-49328\" src=\"https:\/\/kunmedierne.dk\/mors\/wp-content\/uploads\/2021\/07\/t10.jpg\" alt=\"\" width=\"1400\" height=\"125\" srcset=\"https:\/\/kunmedierne.dk\/mors\/wp-content\/uploads\/2021\/07\/t10.jpg 1400w, https:\/\/kunmedierne.dk\/mors\/wp-content\/uploads\/2021\/07\/t10-300x27.jpg 300w, https:\/\/kunmedierne.dk\/mors\/wp-content\/uploads\/2021\/07\/t10-1024x91.jpg 1024w, https:\/\/kunmedierne.dk\/mors\/wp-content\/uploads\/2021\/07\/t10-768x69.jpg 768w, https:\/\/kunmedierne.dk\/mors\/wp-content\/uploads\/2021\/07\/t10-600x54.jpg 600w\" sizes=\"auto, (max-width: 1400px) 100vw, 1400px\" \/><\/a><\/em><\/p>\n<blockquote>\n<h4>Tilmeld dig vores gratis nyhedsbrev og vind et gavekort p\u00e5 500 kroner til\u00a0<a href=\"https:\/\/www.facebook.com\/brinckisenkramnykoebingmors\" target=\"_blank\" rel=\"noopener\">Brinck Isenkram<\/a>\u00a0eller en forl\u00e6ngelse af dit abonnement. L\u00e6s mere\u00a0<a href=\"https:\/\/kunmedierne.dk\/mors\/vind-gavekort-paa-500-kroner-til-brinck-isenkram\/\" target=\"_blank\" rel=\"noopener\">her<\/a>.<\/h4>\n<\/blockquote>\n","protected":false},"excerpt":{"rendered":"<p>Debatindl\u00e6g fra Henrik &#8216;Sivert&#8217; Kristensen, kandidat for Venstre ved Kommunalvalg 2021: Jeg m\u00e5 indr\u00f8mme at det er med svedende h\u00e5ndflader og en lille smule \u00e6resfrygt at jeg kaster mig ud i lokalpolitik. Men med min v\u00e6gt har jeg med tiden fundet ud af at isen ikke altid kan b\u00e6re. Men jeg har ogs\u00e5 fundet ud [&hellip;]<\/p>\n","protected":false},"author":11,"featured_media":37504,"comment_status":"open","ping_status":"open","sticky":false,"template":"","format":"standard","meta":{"_acf_changed":false,"footnotes":""},"categories":[56],"tags":[167],"class_list":["post-52965","post","type-post","status-publish","format-standard","has-post-thumbnail","hentry","category-debat","tag-politik"],"acf":[],"yoast_head":"<!-- This site is optimized with the Yoast SEO plugin v26.8 - https:\/\/yoast.com\/product\/yoast-seo-wordpress\/ -->\n<title>- Vi skal styrke foreningslivet p\u00e5 Mors - Mors<\/title>\n<meta name=\"robots\" content=\"index, follow, max-snippet:-1, max-image-preview:large, max-video-preview:-1\" \/>\n<link rel=\"canonical\" href=\"https:\/\/kunmedierne.dk\/mors\/vi-skal-styrke-foreningslivet-paa-mors\/\" \/>\n<meta property=\"og:locale\" content=\"da_DK\" \/>\n<meta property=\"og:type\" content=\"article\" \/>\n<meta property=\"og:title\" content=\"- Vi skal styrke foreningslivet p\u00e5 Mors - Mors\" \/>\n<meta property=\"og:description\" content=\"Debatindl\u00e6g fra Henrik &#8216;Sivert&#8217; Kristensen, kandidat for Venstre ved Kommunalvalg 2021: Jeg m\u00e5 indr\u00f8mme at det er med svedende h\u00e5ndflader og en lille smule \u00e6resfrygt at jeg kaster mig ud i lokalpolitik. Men med min v\u00e6gt har jeg med tiden fundet ud af at isen ikke altid kan b\u00e6re. Men jeg har ogs\u00e5 fundet ud [&hellip;]\" \/>\n<meta property=\"og:url\" content=\"https:\/\/kunmedierne.dk\/mors\/vi-skal-styrke-foreningslivet-paa-mors\/\" \/>\n<meta property=\"og:site_name\" content=\"Mors\" \/>\n<meta property=\"article:published_time\" content=\"2021-09-22T14:43:51+00:00\" \/>\n<meta property=\"article:modified_time\" content=\"2024-08-12T11:36:10+00:00\" \/>\n<meta property=\"og:image\" content=\"https:\/\/kunmedierne.dk\/mors\/wp-content\/uploads\/2020\/12\/henrik-sivert-kristensen.jpg\" \/>\n\t<meta property=\"og:image:width\" content=\"770\" \/>\n\t<meta property=\"og:image:height\" content=\"513\" \/>\n\t<meta property=\"og:image:type\" content=\"image\/jpeg\" \/>\n<meta name=\"author\" content=\"Debat\" \/>\n<meta name=\"twitter:card\" content=\"summary_large_image\" \/>\n<meta name=\"twitter:label1\" content=\"Skrevet af\" \/>\n\t<meta name=\"twitter:data1\" content=\"Debat\" \/>\n\t<meta name=\"twitter:label2\" content=\"Estimeret l\u00e6setid\" \/>\n\t<meta name=\"twitter:data2\" content=\"3 minutter\" \/>\n<script type=\"application\/ld+json\" class=\"yoast-schema-graph\">{\"@context\":\"https:\/\/schema.org\",\"@graph\":[{\"@type\":\"Article\",\"@id\":\"https:\/\/kunmedierne.dk\/mors\/vi-skal-styrke-foreningslivet-paa-mors\/#article\",\"isPartOf\":{\"@id\":\"https:\/\/kunmedierne.dk\/mors\/vi-skal-styrke-foreningslivet-paa-mors\/\"},\"author\":{\"name\":\"Debat\",\"@id\":\"https:\/\/kunmedierne.dk\/mors\/#\/schema\/person\/84c1391bce0b43b9bb3a49736bc0ad78\"},\"headline\":\"&#8211; Vi skal styrke foreningslivet p\u00e5 Mors\",\"datePublished\":\"2021-09-22T14:43:51+00:00\",\"dateModified\":\"2024-08-12T11:36:10+00:00\",\"mainEntityOfPage\":{\"@id\":\"https:\/\/kunmedierne.dk\/mors\/vi-skal-styrke-foreningslivet-paa-mors\/\"},\"wordCount\":434,\"commentCount\":0,\"publisher\":{\"@id\":\"https:\/\/kunmedierne.dk\/mors\/#organization\"},\"image\":{\"@id\":\"https:\/\/kunmedierne.dk\/mors\/vi-skal-styrke-foreningslivet-paa-mors\/#primaryimage\"},\"thumbnailUrl\":\"https:\/\/kunmedierne.dk\/mors\/wp-content\/uploads\/2020\/12\/henrik-sivert-kristensen.jpg\",\"keywords\":[\"Politik\"],\"articleSection\":[\"Debat\"],\"inLanguage\":\"da-DK\",\"potentialAction\":[{\"@type\":\"CommentAction\",\"name\":\"Comment\",\"target\":[\"https:\/\/kunmedierne.dk\/mors\/vi-skal-styrke-foreningslivet-paa-mors\/#respond\"]}]},{\"@type\":\"WebPage\",\"@id\":\"https:\/\/kunmedierne.dk\/mors\/vi-skal-styrke-foreningslivet-paa-mors\/\",\"url\":\"https:\/\/kunmedierne.dk\/mors\/vi-skal-styrke-foreningslivet-paa-mors\/\",\"name\":\"- Vi skal styrke foreningslivet p\u00e5 Mors - Mors\",\"isPartOf\":{\"@id\":\"https:\/\/kunmedierne.dk\/mors\/#website\"},\"primaryImageOfPage\":{\"@id\":\"https:\/\/kunmedierne.dk\/mors\/vi-skal-styrke-foreningslivet-paa-mors\/#primaryimage\"},\"image\":{\"@id\":\"https:\/\/kunmedierne.dk\/mors\/vi-skal-styrke-foreningslivet-paa-mors\/#primaryimage\"},\"thumbnailUrl\":\"https:\/\/kunmedierne.dk\/mors\/wp-content\/uploads\/2020\/12\/henrik-sivert-kristensen.jpg\",\"datePublished\":\"2021-09-22T14:43:51+00:00\",\"dateModified\":\"2024-08-12T11:36:10+00:00\",\"breadcrumb\":{\"@id\":\"https:\/\/kunmedierne.dk\/mors\/vi-skal-styrke-foreningslivet-paa-mors\/#breadcrumb\"},\"inLanguage\":\"da-DK\",\"potentialAction\":[{\"@type\":\"ReadAction\",\"target\":[\"https:\/\/kunmedierne.dk\/mors\/vi-skal-styrke-foreningslivet-paa-mors\/\"]}]},{\"@type\":\"ImageObject\",\"inLanguage\":\"da-DK\",\"@id\":\"https:\/\/kunmedierne.dk\/mors\/vi-skal-styrke-foreningslivet-paa-mors\/#primaryimage\",\"url\":\"https:\/\/kunmedierne.dk\/mors\/wp-content\/uploads\/2020\/12\/henrik-sivert-kristensen.jpg\",\"contentUrl\":\"https:\/\/kunmedierne.dk\/mors\/wp-content\/uploads\/2020\/12\/henrik-sivert-kristensen.jpg\",\"width\":770,\"height\":513,\"caption\":\"Henrik 'Sivert' Kristensen, kandidat for Venstre ved Kommunalvalg 2021.\"},{\"@type\":\"BreadcrumbList\",\"@id\":\"https:\/\/kunmedierne.dk\/mors\/vi-skal-styrke-foreningslivet-paa-mors\/#breadcrumb\",\"itemListElement\":[{\"@type\":\"ListItem\",\"position\":1,\"name\":\"Hjem\",\"item\":\"https:\/\/kunmedierne.dk\/mors\/\"},{\"@type\":\"ListItem\",\"position\":2,\"name\":\"&#8211; Vi skal styrke foreningslivet p\u00e5 Mors\"}]},{\"@type\":\"WebSite\",\"@id\":\"https:\/\/kunmedierne.dk\/mors\/#website\",\"url\":\"https:\/\/kunmedierne.dk\/mors\/\",\"name\":\"Mors\",\"description\":\"et netmedie med journalistik om livet p\u00e5 Mors\",\"publisher\":{\"@id\":\"https:\/\/kunmedierne.dk\/mors\/#organization\"},\"potentialAction\":[{\"@type\":\"SearchAction\",\"target\":{\"@type\":\"EntryPoint\",\"urlTemplate\":\"https:\/\/kunmedierne.dk\/mors\/?s={search_term_string}\"},\"query-input\":{\"@type\":\"PropertyValueSpecification\",\"valueRequired\":true,\"valueName\":\"search_term_string\"}}],\"inLanguage\":\"da-DK\"},{\"@type\":\"Organization\",\"@id\":\"https:\/\/kunmedierne.dk\/mors\/#organization\",\"name\":\"Mors\",\"url\":\"https:\/\/kunmedierne.dk\/mors\/\",\"logo\":{\"@type\":\"ImageObject\",\"inLanguage\":\"da-DK\",\"@id\":\"https:\/\/kunmedierne.dk\/mors\/#\/schema\/logo\/image\/\",\"url\":\"https:\/\/kunmedierne.dk\/mors\/wp-content\/uploads\/2024\/08\/kunmors-logo.svg\",\"contentUrl\":\"https:\/\/kunmedierne.dk\/mors\/wp-content\/uploads\/2024\/08\/kunmors-logo.svg\",\"caption\":\"Mors\"},\"image\":{\"@id\":\"https:\/\/kunmedierne.dk\/mors\/#\/schema\/logo\/image\/\"}},{\"@type\":\"Person\",\"@id\":\"https:\/\/kunmedierne.dk\/mors\/#\/schema\/person\/84c1391bce0b43b9bb3a49736bc0ad78\",\"name\":\"Debat\",\"image\":{\"@type\":\"ImageObject\",\"inLanguage\":\"da-DK\",\"@id\":\"https:\/\/kunmedierne.dk\/mors\/#\/schema\/person\/image\/\",\"url\":\"https:\/\/secure.gravatar.com\/avatar\/b0fb2e221d618f7c65162ab0d49c7e8a0b580c871ca03af90e42b47b4150654c?s=96&d=mm&r=g\",\"contentUrl\":\"https:\/\/secure.gravatar.com\/avatar\/b0fb2e221d618f7c65162ab0d49c7e8a0b580c871ca03af90e42b47b4150654c?s=96&d=mm&r=g\",\"caption\":\"Debat\"},\"url\":\"https:\/\/kunmedierne.dk\/mors\/author\/debat\/\"}]}<\/script>\n<!-- \/ Yoast SEO plugin. -->","yoast_head_json":{"title":"- Vi skal styrke foreningslivet p\u00e5 Mors - Mors","robots":{"index":"index","follow":"follow","max-snippet":"max-snippet:-1","max-image-preview":"max-image-preview:large","max-video-preview":"max-video-preview:-1"},"canonical":"https:\/\/kunmedierne.dk\/mors\/vi-skal-styrke-foreningslivet-paa-mors\/","og_locale":"da_DK","og_type":"article","og_title":"- Vi skal styrke foreningslivet p\u00e5 Mors - Mors","og_description":"Debatindl\u00e6g fra Henrik &#8216;Sivert&#8217; Kristensen, kandidat for Venstre ved Kommunalvalg 2021: Jeg m\u00e5 indr\u00f8mme at det er med svedende h\u00e5ndflader og en lille smule \u00e6resfrygt at jeg kaster mig ud i lokalpolitik. Men med min v\u00e6gt har jeg med tiden fundet ud af at isen ikke altid kan b\u00e6re. Men jeg har ogs\u00e5 fundet ud [&hellip;]","og_url":"https:\/\/kunmedierne.dk\/mors\/vi-skal-styrke-foreningslivet-paa-mors\/","og_site_name":"Mors","article_published_time":"2021-09-22T14:43:51+00:00","article_modified_time":"2024-08-12T11:36:10+00:00","og_image":[{"width":770,"height":513,"url":"https:\/\/kunmedierne.dk\/mors\/wp-content\/uploads\/2020\/12\/henrik-sivert-kristensen.jpg","type":"image\/jpeg"}],"author":"Debat","twitter_card":"summary_large_image","twitter_misc":{"Skrevet af":"Debat","Estimeret l\u00e6setid":"3 minutter"},"schema":{"@context":"https:\/\/schema.org","@graph":[{"@type":"Article","@id":"https:\/\/kunmedierne.dk\/mors\/vi-skal-styrke-foreningslivet-paa-mors\/#article","isPartOf":{"@id":"https:\/\/kunmedierne.dk\/mors\/vi-skal-styrke-foreningslivet-paa-mors\/"},"author":{"name":"Debat","@id":"https:\/\/kunmedierne.dk\/mors\/#\/schema\/person\/84c1391bce0b43b9bb3a49736bc0ad78"},"headline":"&#8211; Vi skal styrke foreningslivet p\u00e5 Mors","datePublished":"2021-09-22T14:43:51+00:00","dateModified":"2024-08-12T11:36:10+00:00","mainEntityOfPage":{"@id":"https:\/\/kunmedierne.dk\/mors\/vi-skal-styrke-foreningslivet-paa-mors\/"},"wordCount":434,"commentCount":0,"publisher":{"@id":"https:\/\/kunmedierne.dk\/mors\/#organization"},"image":{"@id":"https:\/\/kunmedierne.dk\/mors\/vi-skal-styrke-foreningslivet-paa-mors\/#primaryimage"},"thumbnailUrl":"https:\/\/kunmedierne.dk\/mors\/wp-content\/uploads\/2020\/12\/henrik-sivert-kristensen.jpg","keywords":["Politik"],"articleSection":["Debat"],"inLanguage":"da-DK","potentialAction":[{"@type":"CommentAction","name":"Comment","target":["https:\/\/kunmedierne.dk\/mors\/vi-skal-styrke-foreningslivet-paa-mors\/#respond"]}]},{"@type":"WebPage","@id":"https:\/\/kunmedierne.dk\/mors\/vi-skal-styrke-foreningslivet-paa-mors\/","url":"https:\/\/kunmedierne.dk\/mors\/vi-skal-styrke-foreningslivet-paa-mors\/","name":"- Vi skal styrke foreningslivet p\u00e5 Mors - Mors","isPartOf":{"@id":"https:\/\/kunmedierne.dk\/mors\/#website"},"primaryImageOfPage":{"@id":"https:\/\/kunmedierne.dk\/mors\/vi-skal-styrke-foreningslivet-paa-mors\/#primaryimage"},"image":{"@id":"https:\/\/kunmedierne.dk\/mors\/vi-skal-styrke-foreningslivet-paa-mors\/#primaryimage"},"thumbnailUrl":"https:\/\/kunmedierne.dk\/mors\/wp-content\/uploads\/2020\/12\/henrik-sivert-kristensen.jpg","datePublished":"2021-09-22T14:43:51+00:00","dateModified":"2024-08-12T11:36:10+00:00","breadcrumb":{"@id":"https:\/\/kunmedierne.dk\/mors\/vi-skal-styrke-foreningslivet-paa-mors\/#breadcrumb"},"inLanguage":"da-DK","potentialAction":[{"@type":"ReadAction","target":["https:\/\/kunmedierne.dk\/mors\/vi-skal-styrke-foreningslivet-paa-mors\/"]}]},{"@type":"ImageObject","inLanguage":"da-DK","@id":"https:\/\/kunmedierne.dk\/mors\/vi-skal-styrke-foreningslivet-paa-mors\/#primaryimage","url":"https:\/\/kunmedierne.dk\/mors\/wp-content\/uploads\/2020\/12\/henrik-sivert-kristensen.jpg","contentUrl":"https:\/\/kunmedierne.dk\/mors\/wp-content\/uploads\/2020\/12\/henrik-sivert-kristensen.jpg","width":770,"height":513,"caption":"Henrik 'Sivert' Kristensen, kandidat for Venstre ved Kommunalvalg 2021."},{"@type":"BreadcrumbList","@id":"https:\/\/kunmedierne.dk\/mors\/vi-skal-styrke-foreningslivet-paa-mors\/#breadcrumb","itemListElement":[{"@type":"ListItem","position":1,"name":"Hjem","item":"https:\/\/kunmedierne.dk\/mors\/"},{"@type":"ListItem","position":2,"name":"&#8211; Vi skal styrke foreningslivet p\u00e5 Mors"}]},{"@type":"WebSite","@id":"https:\/\/kunmedierne.dk\/mors\/#website","url":"https:\/\/kunmedierne.dk\/mors\/","name":"Mors","description":"et netmedie med journalistik om livet p\u00e5 Mors","publisher":{"@id":"https:\/\/kunmedierne.dk\/mors\/#organization"},"potentialAction":[{"@type":"SearchAction","target":{"@type":"EntryPoint","urlTemplate":"https:\/\/kunmedierne.dk\/mors\/?s={search_term_string}"},"query-input":{"@type":"PropertyValueSpecification","valueRequired":true,"valueName":"search_term_string"}}],"inLanguage":"da-DK"},{"@type":"Organization","@id":"https:\/\/kunmedierne.dk\/mors\/#organization","name":"Mors","url":"https:\/\/kunmedierne.dk\/mors\/","logo":{"@type":"ImageObject","inLanguage":"da-DK","@id":"https:\/\/kunmedierne.dk\/mors\/#\/schema\/logo\/image\/","url":"https:\/\/kunmedierne.dk\/mors\/wp-content\/uploads\/2024\/08\/kunmors-logo.svg","contentUrl":"https:\/\/kunmedierne.dk\/mors\/wp-content\/uploads\/2024\/08\/kunmors-logo.svg","caption":"Mors"},"image":{"@id":"https:\/\/kunmedierne.dk\/mors\/#\/schema\/logo\/image\/"}},{"@type":"Person","@id":"https:\/\/kunmedierne.dk\/mors\/#\/schema\/person\/84c1391bce0b43b9bb3a49736bc0ad78","name":"Debat","image":{"@type":"ImageObject","inLanguage":"da-DK","@id":"https:\/\/kunmedierne.dk\/mors\/#\/schema\/person\/image\/","url":"https:\/\/secure.gravatar.com\/avatar\/b0fb2e221d618f7c65162ab0d49c7e8a0b580c871ca03af90e42b47b4150654c?s=96&d=mm&r=g","contentUrl":"https:\/\/secure.gravatar.com\/avatar\/b0fb2e221d618f7c65162ab0d49c7e8a0b580c871ca03af90e42b47b4150654c?s=96&d=mm&r=g","caption":"Debat"},"url":"https:\/\/kunmedierne.dk\/mors\/author\/debat\/"}]}},"_links":{"self":[{"href":"https:\/\/kunmedierne.dk\/mors\/wp-json\/wp\/v2\/posts\/52965","targetHints":{"allow":["GET"]}}],"collection":[{"href":"https:\/\/kunmedierne.dk\/mors\/wp-json\/wp\/v2\/posts"}],"about":[{"href":"https:\/\/kunmedierne.dk\/mors\/wp-json\/wp\/v2\/types\/post"}],"author":[{"embeddable":true,"href":"https:\/\/kunmedierne.dk\/mors\/wp-json\/wp\/v2\/users\/11"}],"replies":[{"embeddable":true,"href":"https:\/\/kunmedierne.dk\/mors\/wp-json\/wp\/v2\/comments?post=52965"}],"version-history":[{"count":3,"href":"https:\/\/kunmedierne.dk\/mors\/wp-json\/wp\/v2\/posts\/52965\/revisions"}],"predecessor-version":[{"id":52976,"href":"https:\/\/kunmedierne.dk\/mors\/wp-json\/wp\/v2\/posts\/52965\/revisions\/52976"}],"wp:featuredmedia":[{"embeddable":true,"href":"https:\/\/kunmedierne.dk\/mors\/wp-json\/wp\/v2\/media\/37504"}],"wp:attachment":[{"href":"https:\/\/kunmedierne.dk\/mors\/wp-json\/wp\/v2\/media?parent=52965"}],"wp:term":[{"taxonomy":"category","embeddable":true,"href":"https:\/\/kunmedierne.dk\/mors\/wp-json\/wp\/v2\/categories?post=52965"},{"taxonomy":"post_tag","embeddable":true,"href":"https:\/\/kunmedierne.dk\/mors\/wp-json\/wp\/v2\/tags?post=52965"}],"curies":[{"name":"wp","href":"https:\/\/api.w.org\/{rel}","templated":true}]}}