{"id":52921,"date":"2021-09-21T16:42:58","date_gmt":"2021-09-21T14:42:58","guid":{"rendered":"https:\/\/kunmedierne.dk\/mors\/?p=52921"},"modified":"2024-08-12T13:36:10","modified_gmt":"2024-08-12T11:36:10","slug":"for-lange-responstider-paa-mors-nu-maa-regionen-saette-tommelskruerne-paa","status":"publish","type":"post","link":"https:\/\/kunmedierne.dk\/mors\/for-lange-responstider-paa-mors-nu-maa-regionen-saette-tommelskruerne-paa\/","title":{"rendered":"For lange responstider p\u00e5 Mors: &#8211; Nu m\u00e5 regionen s\u00e6tte tommelskruerne p\u00e5"},"content":{"rendered":"<p><strong>MORS<\/strong>: &#8220;Det kan vi jo ikke v\u00e6re tjent med.&#8221;<\/p>\n<p>Henning S\u00f8rensen (V), formand for det sociale udvalg i Mors\u00f8 Kommune, sk\u00e6lder ud p\u00e5 Region Nordjylland.<\/p>\n<p>P\u00e5 tirsdag morgens udvalgsm\u00f8de var responstiderne for f\u00f8rste halv\u00e5r 2021 p\u00e5 dagsordenen. Og selv om responstiden siden andet halv\u00e5r 2020 er forbedret med to sekunder fra 9:31 minutter til 9:29, er de 17 sekunder, Falck stadig mangler i at opfylde serviceniveauet p\u00e5 9:12 minutter s\u00e5 utilfredsstillende, at udvalgsformanden efter m\u00f8det i morges gik til tasterne. <a href=\"https:\/\/www.sparv.dk\/\"><img loading=\"lazy\" decoding=\"async\" class=\"alignright size-full wp-image-46602\" src=\"https:\/\/kunmedierne.dk\/mors\/wp-content\/uploads\/2021\/06\/t11.jpg\" alt=\"\" width=\"1400\" height=\"125\" srcset=\"https:\/\/kunmedierne.dk\/mors\/wp-content\/uploads\/2021\/06\/t11.jpg 1400w, https:\/\/kunmedierne.dk\/mors\/wp-content\/uploads\/2021\/06\/t11-300x27.jpg 300w, https:\/\/kunmedierne.dk\/mors\/wp-content\/uploads\/2021\/06\/t11-1024x91.jpg 1024w, https:\/\/kunmedierne.dk\/mors\/wp-content\/uploads\/2021\/06\/t11-768x69.jpg 768w, https:\/\/kunmedierne.dk\/mors\/wp-content\/uploads\/2021\/06\/t11-600x54.jpg 600w\" sizes=\"auto, (max-width: 1400px) 100vw, 1400px\" \/><\/a><\/p>\n<p>I en meddelelse til blandt andet KunMors giver Henning S\u00f8rensen udtryk for en forventning om, at regionen tager h\u00e5nd om situationen, s\u00e5 Falck leverer, hvad der er betalt for.<\/p>\n<p>&#8220;Vi ved godt, at det koster Falck b\u00f8der, n\u00e5r de ikke overholder tiden, men det kan jo ikke redde borgernes liv. I hele region Nordjylland er responstiden 9:20 minutter, s\u00e5 jeg m\u00e5 bede regionen om at huske, at Mors ogs\u00e5 er en del af Region Nordjylland,&#8221; lyder det fra Henning S\u00f8rensen.<\/p>\n<p>&nbsp;<\/p>\n<p><strong>N\u00f8dt til at reagere<\/strong><\/p>\n<p>KunMors har kontaktet udvalgsformanden for en uddybning af utilfredsheden &#8211; og for at f\u00e5 kommentarer til nogle af de data, udvalget har kigget p\u00e5.<\/p>\n<p>Henning S\u00f8rensen understreger, at selv om det ikke er mange sekunder, det drejer sig om, er det nok til at g\u00f8re en forskel, n\u00e5r responstiden ikke er, hvad man er stillet i udsigt.<\/p>\n<p>&#8220;Jeg er slet ikke tilfreds. Det er 9:20 p\u00e5 regionsplan og 9:29 for Mors. Det kan man jo ikke v\u00e6re tilfreds med, n\u00e5r der er en garanti for, at gennemsnitstiden ikke m\u00e5 v\u00e6re over 9:12,&#8221; siger han. <a href=\"https:\/\/thistedkloakservice.dk\/\"><img loading=\"lazy\" decoding=\"async\" class=\"alignright size-full wp-image-46603\" src=\"https:\/\/kunmedierne.dk\/mors\/wp-content\/uploads\/2021\/06\/t12.jpg\" alt=\"\" width=\"1400\" height=\"125\" srcset=\"https:\/\/kunmedierne.dk\/mors\/wp-content\/uploads\/2021\/06\/t12.jpg 1400w, https:\/\/kunmedierne.dk\/mors\/wp-content\/uploads\/2021\/06\/t12-300x27.jpg 300w, https:\/\/kunmedierne.dk\/mors\/wp-content\/uploads\/2021\/06\/t12-1024x91.jpg 1024w, https:\/\/kunmedierne.dk\/mors\/wp-content\/uploads\/2021\/06\/t12-768x69.jpg 768w, https:\/\/kunmedierne.dk\/mors\/wp-content\/uploads\/2021\/06\/t12-600x54.jpg 600w\" sizes=\"auto, (max-width: 1400px) 100vw, 1400px\" \/><\/a><\/p>\n<p><em>Men det var jo heller ikke gode tal i andet halv\u00e5r 2020. Det er faktisk blevet to sekunder hurtigere nu. S\u00e5 hvorfor skal vi tro p\u00e5, at det bliver bedre? Er det ikke bare vilk\u00e5rene?<\/em><\/p>\n<p>&#8220;Det kan du godt sige, men vi stiller os ikke tilfredse, n\u00e5r man ikke overholder de 9:12 minutter, vi er blevet lovet. S\u00e5 er vi n\u00f8dt til at reagere som socialudvalg. Hvis vi bare tier, sker der i hvert fald ingenting. Jeg har v\u00e6ret i det game i 36 \u00e5r, og jeg ved jo godt, at hver gang, de kan \u00f8ge sekunderne, uden at det g\u00f8r noget, er det penge i kassen for dem, der skal udf\u00f8re det,&#8221; siger han.<\/p>\n<p>&nbsp;<\/p>\n<p><strong>Falck kun p\u00e5 Mors til april 2022<\/strong><\/p>\n<p>Henning S\u00f8rensen supplerer, at han alene retter sin kritik imod Region Nordjylland.<\/p>\n<p>&#8220;Jeg skal ikke udtale mig om regionens underleverand\u00f8r. Det sorterer ikke under mig. Men regionen skal s\u00f8rge for, at deres underleverand\u00f8r overholder de aftaler, der er. Jeg skal ikke kommentere p\u00e5, hvordan Falck driver deres virksomhed &#8211; jeg kommenterer kun p\u00e5 regionen. Det er dem, der har ansvaret for, at vi f\u00e5r det leveret, vi er blevet lovet,&#8221; siger han.<\/p>\n<p><em>Der var en voldsom debat, da det blev besluttet, at ambulancetjenesten i Region Nordjylland fra april 2012 skulle overg\u00e5 fra Falck til PreMed. Viser det her s\u00e5, at det var en god id\u00e9? <a href=\"https:\/\/morsgaver.dk\/\"><img loading=\"lazy\" decoding=\"async\" class=\"alignright size-full wp-image-51444\" src=\"https:\/\/kunmedierne.dk\/mors\/wp-content\/uploads\/2021\/09\/KunMors_julegaver_2021.jpg\" alt=\"\" width=\"1400\" height=\"125\" srcset=\"https:\/\/kunmedierne.dk\/mors\/wp-content\/uploads\/2021\/09\/KunMors_julegaver_2021.jpg 1400w, https:\/\/kunmedierne.dk\/mors\/wp-content\/uploads\/2021\/09\/KunMors_julegaver_2021-300x27.jpg 300w, https:\/\/kunmedierne.dk\/mors\/wp-content\/uploads\/2021\/09\/KunMors_julegaver_2021-1024x91.jpg 1024w, https:\/\/kunmedierne.dk\/mors\/wp-content\/uploads\/2021\/09\/KunMors_julegaver_2021-768x69.jpg 768w, https:\/\/kunmedierne.dk\/mors\/wp-content\/uploads\/2021\/09\/KunMors_julegaver_2021-600x54.jpg 600w\" sizes=\"auto, (max-width: 1400px) 100vw, 1400px\" \/><\/a><\/em><\/p>\n<p>&#8220;Nej, det tror jeg ikke. Jeg kan godt have en fornemmelse af, at det kan v\u00e6re sv\u00e6rt for underleverand\u00f8ren at overholde sine ting, fordi nogle m\u00e5ske s\u00f8ger v\u00e6k, fordi de er usikre p\u00e5, hvad der skal ske. Men det er kun gisninger fra min side, det kan jeg ikke vide noget om,&#8221; siger Henning S\u00f8rensen.<\/p>\n<p><em>Du forventer, at regionen tager h\u00e5nd om det. Hvad kan de g\u00f8re i praksis?<\/em><\/p>\n<p>&#8220;De er n\u00f8dt til at s\u00e6tte tommelskruerne p\u00e5 og sige, at det, de betaler for, vil de gerne have leveret. Det er ikke anderledes end andre steder.&#8221;<\/p>\n<p><em>Man kan ogs\u00e5 se p\u00e5 tallene, at antallet af k\u00f8rsler til Karby, Redsted og \u00d8ster Assels fylder mere rent procentvis. Der er 13 procent af k\u00f8rslerne dertil nu mod 9,4 procent i sidste opg\u00f8relse. Det spiller vel ogs\u00e5 ind i det samlede billede?<\/em><\/p>\n<p>&#8220;Ja, det er klart, at det g\u00f8r det ogs\u00e5,&#8221; siger Henning S\u00f8rensen med tilf\u00f8jelsen, at han forholder sig mest til, at den gennemsnitlige responstid ikke bliver overholdt. <a href=\"https:\/\/www.fmspks.dk\/\"><img loading=\"lazy\" decoding=\"async\" class=\"alignright size-full wp-image-46592\" src=\"https:\/\/kunmedierne.dk\/mors\/wp-content\/uploads\/2021\/06\/t01.jpg\" alt=\"\" width=\"1400\" height=\"125\" srcset=\"https:\/\/kunmedierne.dk\/mors\/wp-content\/uploads\/2021\/06\/t01.jpg 1400w, https:\/\/kunmedierne.dk\/mors\/wp-content\/uploads\/2021\/06\/t01-300x27.jpg 300w, https:\/\/kunmedierne.dk\/mors\/wp-content\/uploads\/2021\/06\/t01-1024x91.jpg 1024w, https:\/\/kunmedierne.dk\/mors\/wp-content\/uploads\/2021\/06\/t01-768x69.jpg 768w, https:\/\/kunmedierne.dk\/mors\/wp-content\/uploads\/2021\/06\/t01-600x54.jpg 600w\" sizes=\"auto, (max-width: 1400px) 100vw, 1400px\" \/><\/a><\/p>\n<p>Samtidig p\u00e5peger han, at der ogs\u00e5 i Nyk\u00f8bing er ture med l\u00e6ngere responstid end lovet.<\/p>\n<p>&#8220;Jeg kan jo ikke se, hvor dem i Nyk\u00f8bing er k\u00f8rt hen, for det kan ogs\u00e5 v\u00e6re til Sejerslev. Men der er en hel del i Nyk\u00f8bing, der varer op til 15 minutter og mere,&#8221; siger Henning S\u00f8rensen.<\/p>\n<p>I f\u00f8rste halv\u00e5r 2021 var der 355 h\u00e6ndelser med s\u00e5kaldt Ambulancek\u00f8rsel A (akut livstruende k\u00f8rsel) p\u00e5 Mors. I andet halv\u00e5r 2020 var antallet 404. Ved Ambulancek\u00f8rsel A skal ambulancen v\u00e6re fremme hos patienten senest ni minutter og 12 sekunder efter at v\u00e6re bestilt &#8211; j\u00e6vnf\u00f8r ambulancekontrakten indg\u00e5et i 2015 mellem Falck Danmark A\/S og Region Nordjylland.<\/p>\n<blockquote>\n<h2>RESPONSTIDEN P\u00c5 MORS<\/h2>\n<h4>Karby: 17:14 minutter<\/h4>\n<h4>Redsted: 15:38 &#8211;<\/h4>\n<h4>\u00d8ster Assels: 12:36 &#8211;<\/h4>\n<h4>Vils: 11:18 &#8211;<\/h4>\n<h4>Erslev: 10:06 &#8211;<\/h4>\n<h4>Nyk\u00f8bing: 8:13 &#8211;<\/h4>\n<\/blockquote>\n<p><a href=\"https:\/\/vester-begr.dk\"><img loading=\"lazy\" decoding=\"async\" class=\"alignright size-full wp-image-46593\" src=\"https:\/\/kunmedierne.dk\/mors\/wp-content\/uploads\/2021\/06\/t02.jpg\" alt=\"\" width=\"1400\" height=\"125\" srcset=\"https:\/\/kunmedierne.dk\/mors\/wp-content\/uploads\/2021\/06\/t02.jpg 1400w, https:\/\/kunmedierne.dk\/mors\/wp-content\/uploads\/2021\/06\/t02-300x27.jpg 300w, https:\/\/kunmedierne.dk\/mors\/wp-content\/uploads\/2021\/06\/t02-1024x91.jpg 1024w, https:\/\/kunmedierne.dk\/mors\/wp-content\/uploads\/2021\/06\/t02-768x69.jpg 768w, https:\/\/kunmedierne.dk\/mors\/wp-content\/uploads\/2021\/06\/t02-600x54.jpg 600w\" sizes=\"auto, (max-width: 1400px) 100vw, 1400px\" \/><\/a><\/p>\n<blockquote>\n<h2>FAKTA<\/h2>\n<h5>Det sociale udvalg i Mors\u00f8 Kommune best\u00e5r af:<\/h5>\n<h5>Formand Henning S\u00f8rensen (V), n\u00e6stformand Jakob Kortb\u00e6k (S), Peter Therkildsen (V), Tage Andersen (V), Ansgar Nygaard (V), Anette Svindborg (DF) og Jens Dahlgaard (S).<\/h5>\n<\/blockquote>\n<p><a href=\"https:\/\/vognmand-filtenborg.dk\/\"><img loading=\"lazy\" decoding=\"async\" class=\"alignright size-full wp-image-46594\" src=\"https:\/\/kunmedierne.dk\/mors\/wp-content\/uploads\/2021\/06\/t03.jpg\" alt=\"\" width=\"1400\" height=\"125\" srcset=\"https:\/\/kunmedierne.dk\/mors\/wp-content\/uploads\/2021\/06\/t03.jpg 1400w, https:\/\/kunmedierne.dk\/mors\/wp-content\/uploads\/2021\/06\/t03-300x27.jpg 300w, https:\/\/kunmedierne.dk\/mors\/wp-content\/uploads\/2021\/06\/t03-1024x91.jpg 1024w, https:\/\/kunmedierne.dk\/mors\/wp-content\/uploads\/2021\/06\/t03-768x69.jpg 768w, https:\/\/kunmedierne.dk\/mors\/wp-content\/uploads\/2021\/06\/t03-600x54.jpg 600w\" sizes=\"auto, (max-width: 1400px) 100vw, 1400px\" \/><\/a><\/p>\n<blockquote>\n<h4>Tilmeld dig vores gratis nyhedsbrev og vind et gavekort p\u00e5 500 kroner til\u00a0<a href=\"https:\/\/www.facebook.com\/brinckisenkramnykoebingmors\" target=\"_blank\" rel=\"noopener\">Brinck Isenkram<\/a>\u00a0eller en forl\u00e6ngelse af dit abonnement. L\u00e6s mere\u00a0<a href=\"https:\/\/kunmedierne.dk\/mors\/vind-gavekort-paa-500-kroner-til-brinck-isenkram\/\" target=\"_blank\" rel=\"noopener\">her<\/a>.<\/h4>\n<\/blockquote>\n","protected":false},"excerpt":{"rendered":"<p>MORS: &#8220;Det kan vi jo ikke v\u00e6re tjent med.&#8221; Henning S\u00f8rensen (V), formand for det sociale udvalg i Mors\u00f8 Kommune, sk\u00e6lder ud p\u00e5 Region Nordjylland. P\u00e5 tirsdag morgens udvalgsm\u00f8de var responstiderne for f\u00f8rste halv\u00e5r 2021 p\u00e5 dagsordenen. Og selv om responstiden siden andet halv\u00e5r 2020 er forbedret med to sekunder fra 9:31 minutter til 9:29, [&hellip;]<\/p>\n","protected":false},"author":8,"featured_media":33070,"comment_status":"open","ping_status":"open","sticky":false,"template":"","format":"standard","meta":{"_acf_changed":false,"footnotes":""},"categories":[54],"tags":[167],"class_list":["post-52921","post","type-post","status-publish","format-standard","has-post-thumbnail","hentry","category-54","tag-politik"],"acf":[],"yoast_head":"<!-- This site is optimized with the Yoast SEO plugin v26.8 - https:\/\/yoast.com\/product\/yoast-seo-wordpress\/ -->\n<title>For lange responstider p\u00e5 Mors: - Nu m\u00e5 regionen s\u00e6tte tommelskruerne p\u00e5 - Mors<\/title>\n<meta name=\"robots\" content=\"index, follow, max-snippet:-1, max-image-preview:large, max-video-preview:-1\" \/>\n<link rel=\"canonical\" href=\"https:\/\/kunmedierne.dk\/mors\/for-lange-responstider-paa-mors-nu-maa-regionen-saette-tommelskruerne-paa\/\" \/>\n<meta property=\"og:locale\" content=\"da_DK\" \/>\n<meta property=\"og:type\" content=\"article\" \/>\n<meta property=\"og:title\" content=\"For lange responstider p\u00e5 Mors: - Nu m\u00e5 regionen s\u00e6tte tommelskruerne p\u00e5 - Mors\" \/>\n<meta property=\"og:description\" content=\"MORS: &#8220;Det kan vi jo ikke v\u00e6re tjent med.&#8221; Henning S\u00f8rensen (V), formand for det sociale udvalg i Mors\u00f8 Kommune, sk\u00e6lder ud p\u00e5 Region Nordjylland. P\u00e5 tirsdag morgens udvalgsm\u00f8de var responstiderne for f\u00f8rste halv\u00e5r 2021 p\u00e5 dagsordenen. Og selv om responstiden siden andet halv\u00e5r 2020 er forbedret med to sekunder fra 9:31 minutter til 9:29, [&hellip;]\" \/>\n<meta property=\"og:url\" content=\"https:\/\/kunmedierne.dk\/mors\/for-lange-responstider-paa-mors-nu-maa-regionen-saette-tommelskruerne-paa\/\" \/>\n<meta property=\"og:site_name\" content=\"Mors\" \/>\n<meta property=\"article:published_time\" content=\"2021-09-21T14:42:58+00:00\" \/>\n<meta property=\"article:modified_time\" content=\"2024-08-12T11:36:10+00:00\" \/>\n<meta property=\"og:image\" content=\"https:\/\/kunmedierne.dk\/mors\/wp-content\/uploads\/2020\/10\/ambulance-foto-falck.jpg\" \/>\n\t<meta property=\"og:image:width\" content=\"770\" \/>\n\t<meta property=\"og:image:height\" content=\"514\" \/>\n\t<meta property=\"og:image:type\" content=\"image\/jpeg\" \/>\n<meta name=\"author\" content=\"David H\u00f8jmark\" \/>\n<meta name=\"twitter:card\" content=\"summary_large_image\" \/>\n<meta name=\"twitter:label1\" content=\"Skrevet af\" \/>\n\t<meta name=\"twitter:data1\" content=\"David H\u00f8jmark\" \/>\n\t<meta name=\"twitter:label2\" content=\"Estimeret l\u00e6setid\" \/>\n\t<meta name=\"twitter:data2\" content=\"5 minutter\" \/>\n<script type=\"application\/ld+json\" class=\"yoast-schema-graph\">{\"@context\":\"https:\/\/schema.org\",\"@graph\":[{\"@type\":\"Article\",\"@id\":\"https:\/\/kunmedierne.dk\/mors\/for-lange-responstider-paa-mors-nu-maa-regionen-saette-tommelskruerne-paa\/#article\",\"isPartOf\":{\"@id\":\"https:\/\/kunmedierne.dk\/mors\/for-lange-responstider-paa-mors-nu-maa-regionen-saette-tommelskruerne-paa\/\"},\"author\":{\"name\":\"David H\u00f8jmark\",\"@id\":\"https:\/\/kunmedierne.dk\/mors\/#\/schema\/person\/5fe23251bf1d0abbcdc6f7896579d548\"},\"headline\":\"For lange responstider p\u00e5 Mors: &#8211; Nu m\u00e5 regionen s\u00e6tte tommelskruerne p\u00e5\",\"datePublished\":\"2021-09-21T14:42:58+00:00\",\"dateModified\":\"2024-08-12T11:36:10+00:00\",\"mainEntityOfPage\":{\"@id\":\"https:\/\/kunmedierne.dk\/mors\/for-lange-responstider-paa-mors-nu-maa-regionen-saette-tommelskruerne-paa\/\"},\"wordCount\":901,\"commentCount\":0,\"publisher\":{\"@id\":\"https:\/\/kunmedierne.dk\/mors\/#organization\"},\"image\":{\"@id\":\"https:\/\/kunmedierne.dk\/mors\/for-lange-responstider-paa-mors-nu-maa-regionen-saette-tommelskruerne-paa\/#primaryimage\"},\"thumbnailUrl\":\"https:\/\/kunmedierne.dk\/mors\/wp-content\/uploads\/2020\/10\/ambulance-foto-falck.jpg\",\"keywords\":[\"Politik\"],\"articleSection\":[\"112\"],\"inLanguage\":\"da-DK\",\"potentialAction\":[{\"@type\":\"CommentAction\",\"name\":\"Comment\",\"target\":[\"https:\/\/kunmedierne.dk\/mors\/for-lange-responstider-paa-mors-nu-maa-regionen-saette-tommelskruerne-paa\/#respond\"]}]},{\"@type\":\"WebPage\",\"@id\":\"https:\/\/kunmedierne.dk\/mors\/for-lange-responstider-paa-mors-nu-maa-regionen-saette-tommelskruerne-paa\/\",\"url\":\"https:\/\/kunmedierne.dk\/mors\/for-lange-responstider-paa-mors-nu-maa-regionen-saette-tommelskruerne-paa\/\",\"name\":\"For lange responstider p\u00e5 Mors: - Nu m\u00e5 regionen s\u00e6tte tommelskruerne p\u00e5 - Mors\",\"isPartOf\":{\"@id\":\"https:\/\/kunmedierne.dk\/mors\/#website\"},\"primaryImageOfPage\":{\"@id\":\"https:\/\/kunmedierne.dk\/mors\/for-lange-responstider-paa-mors-nu-maa-regionen-saette-tommelskruerne-paa\/#primaryimage\"},\"image\":{\"@id\":\"https:\/\/kunmedierne.dk\/mors\/for-lange-responstider-paa-mors-nu-maa-regionen-saette-tommelskruerne-paa\/#primaryimage\"},\"thumbnailUrl\":\"https:\/\/kunmedierne.dk\/mors\/wp-content\/uploads\/2020\/10\/ambulance-foto-falck.jpg\",\"datePublished\":\"2021-09-21T14:42:58+00:00\",\"dateModified\":\"2024-08-12T11:36:10+00:00\",\"breadcrumb\":{\"@id\":\"https:\/\/kunmedierne.dk\/mors\/for-lange-responstider-paa-mors-nu-maa-regionen-saette-tommelskruerne-paa\/#breadcrumb\"},\"inLanguage\":\"da-DK\",\"potentialAction\":[{\"@type\":\"ReadAction\",\"target\":[\"https:\/\/kunmedierne.dk\/mors\/for-lange-responstider-paa-mors-nu-maa-regionen-saette-tommelskruerne-paa\/\"]}]},{\"@type\":\"ImageObject\",\"inLanguage\":\"da-DK\",\"@id\":\"https:\/\/kunmedierne.dk\/mors\/for-lange-responstider-paa-mors-nu-maa-regionen-saette-tommelskruerne-paa\/#primaryimage\",\"url\":\"https:\/\/kunmedierne.dk\/mors\/wp-content\/uploads\/2020\/10\/ambulance-foto-falck.jpg\",\"contentUrl\":\"https:\/\/kunmedierne.dk\/mors\/wp-content\/uploads\/2020\/10\/ambulance-foto-falck.jpg\",\"width\":770,\"height\":514,\"caption\":\"Modelfoto: Falck\"},{\"@type\":\"BreadcrumbList\",\"@id\":\"https:\/\/kunmedierne.dk\/mors\/for-lange-responstider-paa-mors-nu-maa-regionen-saette-tommelskruerne-paa\/#breadcrumb\",\"itemListElement\":[{\"@type\":\"ListItem\",\"position\":1,\"name\":\"Hjem\",\"item\":\"https:\/\/kunmedierne.dk\/mors\/\"},{\"@type\":\"ListItem\",\"position\":2,\"name\":\"For lange responstider p\u00e5 Mors: &#8211; Nu m\u00e5 regionen s\u00e6tte tommelskruerne p\u00e5\"}]},{\"@type\":\"WebSite\",\"@id\":\"https:\/\/kunmedierne.dk\/mors\/#website\",\"url\":\"https:\/\/kunmedierne.dk\/mors\/\",\"name\":\"Mors\",\"description\":\"et netmedie med journalistik om livet p\u00e5 Mors\",\"publisher\":{\"@id\":\"https:\/\/kunmedierne.dk\/mors\/#organization\"},\"potentialAction\":[{\"@type\":\"SearchAction\",\"target\":{\"@type\":\"EntryPoint\",\"urlTemplate\":\"https:\/\/kunmedierne.dk\/mors\/?s={search_term_string}\"},\"query-input\":{\"@type\":\"PropertyValueSpecification\",\"valueRequired\":true,\"valueName\":\"search_term_string\"}}],\"inLanguage\":\"da-DK\"},{\"@type\":\"Organization\",\"@id\":\"https:\/\/kunmedierne.dk\/mors\/#organization\",\"name\":\"Mors\",\"url\":\"https:\/\/kunmedierne.dk\/mors\/\",\"logo\":{\"@type\":\"ImageObject\",\"inLanguage\":\"da-DK\",\"@id\":\"https:\/\/kunmedierne.dk\/mors\/#\/schema\/logo\/image\/\",\"url\":\"https:\/\/kunmedierne.dk\/mors\/wp-content\/uploads\/2024\/08\/kunmors-logo.svg\",\"contentUrl\":\"https:\/\/kunmedierne.dk\/mors\/wp-content\/uploads\/2024\/08\/kunmors-logo.svg\",\"caption\":\"Mors\"},\"image\":{\"@id\":\"https:\/\/kunmedierne.dk\/mors\/#\/schema\/logo\/image\/\"}},{\"@type\":\"Person\",\"@id\":\"https:\/\/kunmedierne.dk\/mors\/#\/schema\/person\/5fe23251bf1d0abbcdc6f7896579d548\",\"name\":\"David H\u00f8jmark\",\"image\":{\"@type\":\"ImageObject\",\"inLanguage\":\"da-DK\",\"@id\":\"https:\/\/kunmedierne.dk\/mors\/#\/schema\/person\/image\/\",\"url\":\"https:\/\/secure.gravatar.com\/avatar\/4315d6fb9ef244d729989f5f90268eb08d5bf8a3d84402f595fa194bb35784fd?s=96&d=mm&r=g\",\"contentUrl\":\"https:\/\/secure.gravatar.com\/avatar\/4315d6fb9ef244d729989f5f90268eb08d5bf8a3d84402f595fa194bb35784fd?s=96&d=mm&r=g\",\"caption\":\"David H\u00f8jmark\"},\"sameAs\":[\"https:\/\/www.kunmedierne.dk\"],\"url\":\"https:\/\/kunmedierne.dk\/mors\/author\/david\/\"}]}<\/script>\n<!-- \/ Yoast SEO plugin. -->","yoast_head_json":{"title":"For lange responstider p\u00e5 Mors: - Nu m\u00e5 regionen s\u00e6tte tommelskruerne p\u00e5 - Mors","robots":{"index":"index","follow":"follow","max-snippet":"max-snippet:-1","max-image-preview":"max-image-preview:large","max-video-preview":"max-video-preview:-1"},"canonical":"https:\/\/kunmedierne.dk\/mors\/for-lange-responstider-paa-mors-nu-maa-regionen-saette-tommelskruerne-paa\/","og_locale":"da_DK","og_type":"article","og_title":"For lange responstider p\u00e5 Mors: - Nu m\u00e5 regionen s\u00e6tte tommelskruerne p\u00e5 - Mors","og_description":"MORS: &#8220;Det kan vi jo ikke v\u00e6re tjent med.&#8221; Henning S\u00f8rensen (V), formand for det sociale udvalg i Mors\u00f8 Kommune, sk\u00e6lder ud p\u00e5 Region Nordjylland. P\u00e5 tirsdag morgens udvalgsm\u00f8de var responstiderne for f\u00f8rste halv\u00e5r 2021 p\u00e5 dagsordenen. Og selv om responstiden siden andet halv\u00e5r 2020 er forbedret med to sekunder fra 9:31 minutter til 9:29, [&hellip;]","og_url":"https:\/\/kunmedierne.dk\/mors\/for-lange-responstider-paa-mors-nu-maa-regionen-saette-tommelskruerne-paa\/","og_site_name":"Mors","article_published_time":"2021-09-21T14:42:58+00:00","article_modified_time":"2024-08-12T11:36:10+00:00","og_image":[{"width":770,"height":514,"url":"https:\/\/kunmedierne.dk\/mors\/wp-content\/uploads\/2020\/10\/ambulance-foto-falck.jpg","type":"image\/jpeg"}],"author":"David H\u00f8jmark","twitter_card":"summary_large_image","twitter_misc":{"Skrevet af":"David H\u00f8jmark","Estimeret l\u00e6setid":"5 minutter"},"schema":{"@context":"https:\/\/schema.org","@graph":[{"@type":"Article","@id":"https:\/\/kunmedierne.dk\/mors\/for-lange-responstider-paa-mors-nu-maa-regionen-saette-tommelskruerne-paa\/#article","isPartOf":{"@id":"https:\/\/kunmedierne.dk\/mors\/for-lange-responstider-paa-mors-nu-maa-regionen-saette-tommelskruerne-paa\/"},"author":{"name":"David H\u00f8jmark","@id":"https:\/\/kunmedierne.dk\/mors\/#\/schema\/person\/5fe23251bf1d0abbcdc6f7896579d548"},"headline":"For lange responstider p\u00e5 Mors: &#8211; Nu m\u00e5 regionen s\u00e6tte tommelskruerne p\u00e5","datePublished":"2021-09-21T14:42:58+00:00","dateModified":"2024-08-12T11:36:10+00:00","mainEntityOfPage":{"@id":"https:\/\/kunmedierne.dk\/mors\/for-lange-responstider-paa-mors-nu-maa-regionen-saette-tommelskruerne-paa\/"},"wordCount":901,"commentCount":0,"publisher":{"@id":"https:\/\/kunmedierne.dk\/mors\/#organization"},"image":{"@id":"https:\/\/kunmedierne.dk\/mors\/for-lange-responstider-paa-mors-nu-maa-regionen-saette-tommelskruerne-paa\/#primaryimage"},"thumbnailUrl":"https:\/\/kunmedierne.dk\/mors\/wp-content\/uploads\/2020\/10\/ambulance-foto-falck.jpg","keywords":["Politik"],"articleSection":["112"],"inLanguage":"da-DK","potentialAction":[{"@type":"CommentAction","name":"Comment","target":["https:\/\/kunmedierne.dk\/mors\/for-lange-responstider-paa-mors-nu-maa-regionen-saette-tommelskruerne-paa\/#respond"]}]},{"@type":"WebPage","@id":"https:\/\/kunmedierne.dk\/mors\/for-lange-responstider-paa-mors-nu-maa-regionen-saette-tommelskruerne-paa\/","url":"https:\/\/kunmedierne.dk\/mors\/for-lange-responstider-paa-mors-nu-maa-regionen-saette-tommelskruerne-paa\/","name":"For lange responstider p\u00e5 Mors: - Nu m\u00e5 regionen s\u00e6tte tommelskruerne p\u00e5 - Mors","isPartOf":{"@id":"https:\/\/kunmedierne.dk\/mors\/#website"},"primaryImageOfPage":{"@id":"https:\/\/kunmedierne.dk\/mors\/for-lange-responstider-paa-mors-nu-maa-regionen-saette-tommelskruerne-paa\/#primaryimage"},"image":{"@id":"https:\/\/kunmedierne.dk\/mors\/for-lange-responstider-paa-mors-nu-maa-regionen-saette-tommelskruerne-paa\/#primaryimage"},"thumbnailUrl":"https:\/\/kunmedierne.dk\/mors\/wp-content\/uploads\/2020\/10\/ambulance-foto-falck.jpg","datePublished":"2021-09-21T14:42:58+00:00","dateModified":"2024-08-12T11:36:10+00:00","breadcrumb":{"@id":"https:\/\/kunmedierne.dk\/mors\/for-lange-responstider-paa-mors-nu-maa-regionen-saette-tommelskruerne-paa\/#breadcrumb"},"inLanguage":"da-DK","potentialAction":[{"@type":"ReadAction","target":["https:\/\/kunmedierne.dk\/mors\/for-lange-responstider-paa-mors-nu-maa-regionen-saette-tommelskruerne-paa\/"]}]},{"@type":"ImageObject","inLanguage":"da-DK","@id":"https:\/\/kunmedierne.dk\/mors\/for-lange-responstider-paa-mors-nu-maa-regionen-saette-tommelskruerne-paa\/#primaryimage","url":"https:\/\/kunmedierne.dk\/mors\/wp-content\/uploads\/2020\/10\/ambulance-foto-falck.jpg","contentUrl":"https:\/\/kunmedierne.dk\/mors\/wp-content\/uploads\/2020\/10\/ambulance-foto-falck.jpg","width":770,"height":514,"caption":"Modelfoto: Falck"},{"@type":"BreadcrumbList","@id":"https:\/\/kunmedierne.dk\/mors\/for-lange-responstider-paa-mors-nu-maa-regionen-saette-tommelskruerne-paa\/#breadcrumb","itemListElement":[{"@type":"ListItem","position":1,"name":"Hjem","item":"https:\/\/kunmedierne.dk\/mors\/"},{"@type":"ListItem","position":2,"name":"For lange responstider p\u00e5 Mors: &#8211; Nu m\u00e5 regionen s\u00e6tte tommelskruerne p\u00e5"}]},{"@type":"WebSite","@id":"https:\/\/kunmedierne.dk\/mors\/#website","url":"https:\/\/kunmedierne.dk\/mors\/","name":"Mors","description":"et netmedie med journalistik om livet p\u00e5 Mors","publisher":{"@id":"https:\/\/kunmedierne.dk\/mors\/#organization"},"potentialAction":[{"@type":"SearchAction","target":{"@type":"EntryPoint","urlTemplate":"https:\/\/kunmedierne.dk\/mors\/?s={search_term_string}"},"query-input":{"@type":"PropertyValueSpecification","valueRequired":true,"valueName":"search_term_string"}}],"inLanguage":"da-DK"},{"@type":"Organization","@id":"https:\/\/kunmedierne.dk\/mors\/#organization","name":"Mors","url":"https:\/\/kunmedierne.dk\/mors\/","logo":{"@type":"ImageObject","inLanguage":"da-DK","@id":"https:\/\/kunmedierne.dk\/mors\/#\/schema\/logo\/image\/","url":"https:\/\/kunmedierne.dk\/mors\/wp-content\/uploads\/2024\/08\/kunmors-logo.svg","contentUrl":"https:\/\/kunmedierne.dk\/mors\/wp-content\/uploads\/2024\/08\/kunmors-logo.svg","caption":"Mors"},"image":{"@id":"https:\/\/kunmedierne.dk\/mors\/#\/schema\/logo\/image\/"}},{"@type":"Person","@id":"https:\/\/kunmedierne.dk\/mors\/#\/schema\/person\/5fe23251bf1d0abbcdc6f7896579d548","name":"David H\u00f8jmark","image":{"@type":"ImageObject","inLanguage":"da-DK","@id":"https:\/\/kunmedierne.dk\/mors\/#\/schema\/person\/image\/","url":"https:\/\/secure.gravatar.com\/avatar\/4315d6fb9ef244d729989f5f90268eb08d5bf8a3d84402f595fa194bb35784fd?s=96&d=mm&r=g","contentUrl":"https:\/\/secure.gravatar.com\/avatar\/4315d6fb9ef244d729989f5f90268eb08d5bf8a3d84402f595fa194bb35784fd?s=96&d=mm&r=g","caption":"David H\u00f8jmark"},"sameAs":["https:\/\/www.kunmedierne.dk"],"url":"https:\/\/kunmedierne.dk\/mors\/author\/david\/"}]}},"_links":{"self":[{"href":"https:\/\/kunmedierne.dk\/mors\/wp-json\/wp\/v2\/posts\/52921","targetHints":{"allow":["GET"]}}],"collection":[{"href":"https:\/\/kunmedierne.dk\/mors\/wp-json\/wp\/v2\/posts"}],"about":[{"href":"https:\/\/kunmedierne.dk\/mors\/wp-json\/wp\/v2\/types\/post"}],"author":[{"embeddable":true,"href":"https:\/\/kunmedierne.dk\/mors\/wp-json\/wp\/v2\/users\/8"}],"replies":[{"embeddable":true,"href":"https:\/\/kunmedierne.dk\/mors\/wp-json\/wp\/v2\/comments?post=52921"}],"version-history":[{"count":8,"href":"https:\/\/kunmedierne.dk\/mors\/wp-json\/wp\/v2\/posts\/52921\/revisions"}],"predecessor-version":[{"id":52930,"href":"https:\/\/kunmedierne.dk\/mors\/wp-json\/wp\/v2\/posts\/52921\/revisions\/52930"}],"wp:featuredmedia":[{"embeddable":true,"href":"https:\/\/kunmedierne.dk\/mors\/wp-json\/wp\/v2\/media\/33070"}],"wp:attachment":[{"href":"https:\/\/kunmedierne.dk\/mors\/wp-json\/wp\/v2\/media?parent=52921"}],"wp:term":[{"taxonomy":"category","embeddable":true,"href":"https:\/\/kunmedierne.dk\/mors\/wp-json\/wp\/v2\/categories?post=52921"},{"taxonomy":"post_tag","embeddable":true,"href":"https:\/\/kunmedierne.dk\/mors\/wp-json\/wp\/v2\/tags?post=52921"}],"curies":[{"name":"wp","href":"https:\/\/api.w.org\/{rel}","templated":true}]}}