{"id":52865,"date":"2021-09-20T22:27:58","date_gmt":"2021-09-20T20:27:58","guid":{"rendered":"https:\/\/kunmedierne.dk\/mors\/?p=52865"},"modified":"2024-08-12T13:36:10","modified_gmt":"2024-08-12T11:36:10","slug":"mors-de-frivilliges-oe","status":"publish","type":"post","link":"https:\/\/kunmedierne.dk\/mors\/mors-de-frivilliges-oe\/","title":{"rendered":"&#8211; Mors: De frivilliges \u00f8"},"content":{"rendered":"<p><em>Rasmus Christensen, kandidat for Venstre ved Kommunalvalg 2021, har sendt dette debatindl\u00e6g:<\/em><\/p>\n<hr \/>\n<p><strong>MORS<\/strong>: Mors er, som vi alle ved, b\u00e5ret af en utrolig frivillighed. En frivillighed som ville v\u00e6re umulig at undv\u00e6re i en lille kommune som vores.<\/p>\n<p>Jeg er s\u00e5 privilegeret at jeg her i weekenden har v\u00e6ret med til at st\u00e5 i spidsen for den lokale h\u00f8stfest i Karby med bl.a. traktortr\u00e6k. Normalt ville vi have haft vores byfest i juli, men pga. covid-19 og restriktionerne valgte vi at satse og flytte det til nu.<\/p>\n<p>At arrangere s\u00e5dan en weekend er et k\u00e6mpe arbejde. Det kr\u00e6ver utroligt mange frivillige kr\u00e6fter, og der er brug for at lokalomr\u00e5det bakker op.<\/p>\n<p>I Karby har vi, heldigvis, den forn\u00f8dne opbakning. N\u00e6rmest alle i byen st\u00e5r klar med en hj\u00e6lpende h\u00e5nd, indimellem beh\u00f8ver vi end ikke at sp\u00f8rge. Det kr\u00e6ver mange h\u00e6nder at f\u00e5 et arrangement med over 3000 g\u00e6ster til at fungere. S\u00e5 jeg vil selvf\u00f8lgelig lige benytte muligheden for at sende en k\u00e6mpe tak, til alle der er med til at g\u00f8re det muligt. Vi er m\u00e5ske kun 12 i bestyrelsen, men uden de op mod 75 \u00f8vrige frivillige hj\u00e6lpere, var det ikke muligt. S\u00e5 TAK! <a href=\"https:\/\/www.sparv.dk\/\"><img loading=\"lazy\" decoding=\"async\" class=\"alignright size-full wp-image-46602\" src=\"https:\/\/kunmedierne.dk\/mors\/wp-content\/uploads\/2021\/06\/t11.jpg\" alt=\"\" width=\"1400\" height=\"125\" srcset=\"https:\/\/kunmedierne.dk\/mors\/wp-content\/uploads\/2021\/06\/t11.jpg 1400w, https:\/\/kunmedierne.dk\/mors\/wp-content\/uploads\/2021\/06\/t11-300x27.jpg 300w, https:\/\/kunmedierne.dk\/mors\/wp-content\/uploads\/2021\/06\/t11-1024x91.jpg 1024w, https:\/\/kunmedierne.dk\/mors\/wp-content\/uploads\/2021\/06\/t11-768x69.jpg 768w, https:\/\/kunmedierne.dk\/mors\/wp-content\/uploads\/2021\/06\/t11-600x54.jpg 600w\" sizes=\"auto, (max-width: 1400px) 100vw, 1400px\" \/><\/a><\/p>\n<p>Alt er dog ikke nemt ved s\u00e5dan en weekend. Det bliver kun sv\u00e6rere at v\u00e6re arrang\u00f8r. Der kommer flere og flere ting og instanser der skal s\u00f8ges tilladelser til og af. Det er en jungle at finde rundt i. Nu har vi efterh\u00e5nden afholdt diverse arrangementer i Karby i mange \u00e5r, men vi kan stadig blive overraskede n\u00e5r der pludselig skal s\u00f8ges et nyt sted eller der er noget vi ikke tidligere skulle s\u00f8ge tilladelse til, pludseligt skal s\u00f8ge. Jeg t\u00e6nker, at hvis man som forening vil pr\u00f8ve at stable et nyt arrangement p\u00e5 benene, s\u00e5 kan man nemt drukne i regler og kaste h\u00e5ndkl\u00e6det i ringen.<\/p>\n<p>Man kan nemt sige at det m\u00e5 vi klare selv og bruge den ekstra tid det kr\u00e6ver at s\u00e6tte os ind i det hele.<a href=\"https:\/\/thistedkloakservice.dk\/\"><img loading=\"lazy\" decoding=\"async\" class=\"alignright size-full wp-image-46603\" src=\"https:\/\/kunmedierne.dk\/mors\/wp-content\/uploads\/2021\/06\/t12.jpg\" alt=\"\" width=\"1400\" height=\"125\" srcset=\"https:\/\/kunmedierne.dk\/mors\/wp-content\/uploads\/2021\/06\/t12.jpg 1400w, https:\/\/kunmedierne.dk\/mors\/wp-content\/uploads\/2021\/06\/t12-300x27.jpg 300w, https:\/\/kunmedierne.dk\/mors\/wp-content\/uploads\/2021\/06\/t12-1024x91.jpg 1024w, https:\/\/kunmedierne.dk\/mors\/wp-content\/uploads\/2021\/06\/t12-768x69.jpg 768w, https:\/\/kunmedierne.dk\/mors\/wp-content\/uploads\/2021\/06\/t12-600x54.jpg 600w\" sizes=\"auto, (max-width: 1400px) 100vw, 1400px\" \/><\/a><\/p>\n<p>Men som jeg skrev f\u00f8rst i mit indl\u00e6g, s\u00e5 er det frivillige arbejde alt afg\u00f8rende for vores \u00f8. Derfor synes jeg, at vi som kommune skal st\u00e5 til r\u00e5dighed, n\u00e5r vi f\u00e5r mulighed for at ans\u00e6tte en person, evt. p\u00e5 deltid, eller n\u00e5r \u00f8konomien tillader det. Det kr\u00e6ver selvf\u00f8lgelig noget \u00f8konomi at have en person med den rolle, men jeg tror personligt at det er en god investering. Vi skal have en person der kan svare p\u00e5 alle sp\u00f8rgsm\u00e5l. Ikke en der skal lave ans\u00f8gningerne for os frivillige ude i foreningerne, men en der kan sende os i de rigtige retninger. En der kender reglerne og ved hvilke ting der skal s\u00f8ges til de forskellige arrangementer, eller som minimum kan finde et svar. En person der kan afhj\u00e6lpe at vi sender de forkerte ans\u00f8gninger og at vi f\u00e5r det hele med. Det skal v\u00e6re en, alle foreninger kan rette henvendelse til, om det s\u00e5 er en jagt-, idr\u00e6ts- eller borgerforening. <a href=\"https:\/\/morsgaver.dk\/\"><img loading=\"lazy\" decoding=\"async\" class=\"alignright size-full wp-image-51444\" src=\"https:\/\/kunmedierne.dk\/mors\/wp-content\/uploads\/2021\/09\/KunMors_julegaver_2021.jpg\" alt=\"\" width=\"1400\" height=\"125\" srcset=\"https:\/\/kunmedierne.dk\/mors\/wp-content\/uploads\/2021\/09\/KunMors_julegaver_2021.jpg 1400w, https:\/\/kunmedierne.dk\/mors\/wp-content\/uploads\/2021\/09\/KunMors_julegaver_2021-300x27.jpg 300w, https:\/\/kunmedierne.dk\/mors\/wp-content\/uploads\/2021\/09\/KunMors_julegaver_2021-1024x91.jpg 1024w, https:\/\/kunmedierne.dk\/mors\/wp-content\/uploads\/2021\/09\/KunMors_julegaver_2021-768x69.jpg 768w, https:\/\/kunmedierne.dk\/mors\/wp-content\/uploads\/2021\/09\/KunMors_julegaver_2021-600x54.jpg 600w\" sizes=\"auto, (max-width: 1400px) 100vw, 1400px\" \/><\/a><\/p>\n<p>Jeg t\u00e6nker at oprettelsen af s\u00e5dan en stilling ogs\u00e5 vil v\u00e6re med til at g\u00f8re det nemmere at finde de nye frivillige. For hvis det kr\u00e6ver for meget tid og for mange kr\u00e6fter, kan det v\u00e6re sv\u00e6rt at finde overskuddet i en travl hverdag.<\/p>\n<p>Hvis jeg er s\u00e5 heldig at blive valgt til Kommunalbestyrelsen d. 16. november, s\u00e5 vil jeg k\u00e6mpe en kamp for at s\u00e6tte endnu st\u00f8rre fokus p\u00e5 frivilligheden.<\/p>\n<hr \/>\n<p><em>Har du et bidrag til den lokale debat? Send det til os p\u00e5 e-mail: debat@kunmedierne.dk\/mors. Husk at l\u00e6se korrektur inden afsendelse p\u00e5 indl\u00e6gget.<\/em><\/p>\n<blockquote>\n<h4>Tilmeld dig vores gratis nyhedsbrev og vind et gavekort p\u00e5 500 kroner til\u00a0<a href=\"https:\/\/www.facebook.com\/brinckisenkramnykoebingmors\" target=\"_blank\" rel=\"noopener\">Brinck Isenkram<\/a>\u00a0eller en forl\u00e6ngelse af dit abonnement. L\u00e6s mere\u00a0<a href=\"https:\/\/kunmedierne.dk\/mors\/vind-gavekort-paa-500-kroner-til-brinck-isenkram\/\" target=\"_blank\" rel=\"noopener\">her<\/a>.<\/h4>\n<\/blockquote>\n","protected":false},"excerpt":{"rendered":"<p>Rasmus Christensen, kandidat for Venstre ved Kommunalvalg 2021, har sendt dette debatindl\u00e6g: MORS: Mors er, som vi alle ved, b\u00e5ret af en utrolig frivillighed. En frivillighed som ville v\u00e6re umulig at undv\u00e6re i en lille kommune som vores. Jeg er s\u00e5 privilegeret at jeg her i weekenden har v\u00e6ret med til at st\u00e5 i spidsen [&hellip;]<\/p>\n","protected":false},"author":11,"featured_media":37865,"comment_status":"open","ping_status":"open","sticky":false,"template":"","format":"standard","meta":{"_acf_changed":false,"footnotes":""},"categories":[56],"tags":[167],"class_list":["post-52865","post","type-post","status-publish","format-standard","has-post-thumbnail","hentry","category-debat","tag-politik"],"acf":[],"yoast_head":"<!-- This site is optimized with the Yoast SEO plugin v26.8 - https:\/\/yoast.com\/product\/yoast-seo-wordpress\/ -->\n<title>- Mors: De frivilliges \u00f8 - Mors<\/title>\n<meta name=\"robots\" content=\"index, follow, max-snippet:-1, max-image-preview:large, max-video-preview:-1\" \/>\n<link rel=\"canonical\" href=\"https:\/\/kunmedierne.dk\/mors\/mors-de-frivilliges-oe\/\" \/>\n<meta property=\"og:locale\" content=\"da_DK\" \/>\n<meta property=\"og:type\" content=\"article\" \/>\n<meta property=\"og:title\" content=\"- Mors: De frivilliges \u00f8 - Mors\" \/>\n<meta property=\"og:description\" content=\"Rasmus Christensen, kandidat for Venstre ved Kommunalvalg 2021, har sendt dette debatindl\u00e6g: MORS: Mors er, som vi alle ved, b\u00e5ret af en utrolig frivillighed. En frivillighed som ville v\u00e6re umulig at undv\u00e6re i en lille kommune som vores. Jeg er s\u00e5 privilegeret at jeg her i weekenden har v\u00e6ret med til at st\u00e5 i spidsen [&hellip;]\" \/>\n<meta property=\"og:url\" content=\"https:\/\/kunmedierne.dk\/mors\/mors-de-frivilliges-oe\/\" \/>\n<meta property=\"og:site_name\" content=\"Mors\" \/>\n<meta property=\"article:published_time\" content=\"2021-09-20T20:27:58+00:00\" \/>\n<meta property=\"article:modified_time\" content=\"2024-08-12T11:36:10+00:00\" \/>\n<meta property=\"og:image\" content=\"https:\/\/kunmedierne.dk\/mors\/wp-content\/uploads\/2021\/01\/rasmus-christensen.jpg\" \/>\n\t<meta property=\"og:image:width\" content=\"770\" \/>\n\t<meta property=\"og:image:height\" content=\"513\" \/>\n\t<meta property=\"og:image:type\" content=\"image\/jpeg\" \/>\n<meta name=\"author\" content=\"Debat\" \/>\n<meta name=\"twitter:card\" content=\"summary_large_image\" \/>\n<meta name=\"twitter:label1\" content=\"Skrevet af\" \/>\n\t<meta name=\"twitter:data1\" content=\"Debat\" \/>\n\t<meta name=\"twitter:label2\" content=\"Estimeret l\u00e6setid\" \/>\n\t<meta name=\"twitter:data2\" content=\"4 minutter\" \/>\n<script type=\"application\/ld+json\" class=\"yoast-schema-graph\">{\"@context\":\"https:\/\/schema.org\",\"@graph\":[{\"@type\":\"Article\",\"@id\":\"https:\/\/kunmedierne.dk\/mors\/mors-de-frivilliges-oe\/#article\",\"isPartOf\":{\"@id\":\"https:\/\/kunmedierne.dk\/mors\/mors-de-frivilliges-oe\/\"},\"author\":{\"name\":\"Debat\",\"@id\":\"https:\/\/kunmedierne.dk\/mors\/#\/schema\/person\/84c1391bce0b43b9bb3a49736bc0ad78\"},\"headline\":\"&#8211; Mors: De frivilliges \u00f8\",\"datePublished\":\"2021-09-20T20:27:58+00:00\",\"dateModified\":\"2024-08-12T11:36:10+00:00\",\"mainEntityOfPage\":{\"@id\":\"https:\/\/kunmedierne.dk\/mors\/mors-de-frivilliges-oe\/\"},\"wordCount\":682,\"commentCount\":0,\"publisher\":{\"@id\":\"https:\/\/kunmedierne.dk\/mors\/#organization\"},\"image\":{\"@id\":\"https:\/\/kunmedierne.dk\/mors\/mors-de-frivilliges-oe\/#primaryimage\"},\"thumbnailUrl\":\"https:\/\/kunmedierne.dk\/mors\/wp-content\/uploads\/2021\/01\/rasmus-christensen.jpg\",\"keywords\":[\"Politik\"],\"articleSection\":[\"Debat\"],\"inLanguage\":\"da-DK\",\"potentialAction\":[{\"@type\":\"CommentAction\",\"name\":\"Comment\",\"target\":[\"https:\/\/kunmedierne.dk\/mors\/mors-de-frivilliges-oe\/#respond\"]}]},{\"@type\":\"WebPage\",\"@id\":\"https:\/\/kunmedierne.dk\/mors\/mors-de-frivilliges-oe\/\",\"url\":\"https:\/\/kunmedierne.dk\/mors\/mors-de-frivilliges-oe\/\",\"name\":\"- Mors: De frivilliges \u00f8 - Mors\",\"isPartOf\":{\"@id\":\"https:\/\/kunmedierne.dk\/mors\/#website\"},\"primaryImageOfPage\":{\"@id\":\"https:\/\/kunmedierne.dk\/mors\/mors-de-frivilliges-oe\/#primaryimage\"},\"image\":{\"@id\":\"https:\/\/kunmedierne.dk\/mors\/mors-de-frivilliges-oe\/#primaryimage\"},\"thumbnailUrl\":\"https:\/\/kunmedierne.dk\/mors\/wp-content\/uploads\/2021\/01\/rasmus-christensen.jpg\",\"datePublished\":\"2021-09-20T20:27:58+00:00\",\"dateModified\":\"2024-08-12T11:36:10+00:00\",\"breadcrumb\":{\"@id\":\"https:\/\/kunmedierne.dk\/mors\/mors-de-frivilliges-oe\/#breadcrumb\"},\"inLanguage\":\"da-DK\",\"potentialAction\":[{\"@type\":\"ReadAction\",\"target\":[\"https:\/\/kunmedierne.dk\/mors\/mors-de-frivilliges-oe\/\"]}]},{\"@type\":\"ImageObject\",\"inLanguage\":\"da-DK\",\"@id\":\"https:\/\/kunmedierne.dk\/mors\/mors-de-frivilliges-oe\/#primaryimage\",\"url\":\"https:\/\/kunmedierne.dk\/mors\/wp-content\/uploads\/2021\/01\/rasmus-christensen.jpg\",\"contentUrl\":\"https:\/\/kunmedierne.dk\/mors\/wp-content\/uploads\/2021\/01\/rasmus-christensen.jpg\",\"width\":770,\"height\":513,\"caption\":\"Rasmus Christensen, kandidat for Venstre ved Kommunalvalg 2021.\"},{\"@type\":\"BreadcrumbList\",\"@id\":\"https:\/\/kunmedierne.dk\/mors\/mors-de-frivilliges-oe\/#breadcrumb\",\"itemListElement\":[{\"@type\":\"ListItem\",\"position\":1,\"name\":\"Hjem\",\"item\":\"https:\/\/kunmedierne.dk\/mors\/\"},{\"@type\":\"ListItem\",\"position\":2,\"name\":\"&#8211; Mors: De frivilliges \u00f8\"}]},{\"@type\":\"WebSite\",\"@id\":\"https:\/\/kunmedierne.dk\/mors\/#website\",\"url\":\"https:\/\/kunmedierne.dk\/mors\/\",\"name\":\"Mors\",\"description\":\"et netmedie med journalistik om livet p\u00e5 Mors\",\"publisher\":{\"@id\":\"https:\/\/kunmedierne.dk\/mors\/#organization\"},\"potentialAction\":[{\"@type\":\"SearchAction\",\"target\":{\"@type\":\"EntryPoint\",\"urlTemplate\":\"https:\/\/kunmedierne.dk\/mors\/?s={search_term_string}\"},\"query-input\":{\"@type\":\"PropertyValueSpecification\",\"valueRequired\":true,\"valueName\":\"search_term_string\"}}],\"inLanguage\":\"da-DK\"},{\"@type\":\"Organization\",\"@id\":\"https:\/\/kunmedierne.dk\/mors\/#organization\",\"name\":\"Mors\",\"url\":\"https:\/\/kunmedierne.dk\/mors\/\",\"logo\":{\"@type\":\"ImageObject\",\"inLanguage\":\"da-DK\",\"@id\":\"https:\/\/kunmedierne.dk\/mors\/#\/schema\/logo\/image\/\",\"url\":\"https:\/\/kunmedierne.dk\/mors\/wp-content\/uploads\/2024\/08\/kunmors-logo.svg\",\"contentUrl\":\"https:\/\/kunmedierne.dk\/mors\/wp-content\/uploads\/2024\/08\/kunmors-logo.svg\",\"caption\":\"Mors\"},\"image\":{\"@id\":\"https:\/\/kunmedierne.dk\/mors\/#\/schema\/logo\/image\/\"}},{\"@type\":\"Person\",\"@id\":\"https:\/\/kunmedierne.dk\/mors\/#\/schema\/person\/84c1391bce0b43b9bb3a49736bc0ad78\",\"name\":\"Debat\",\"image\":{\"@type\":\"ImageObject\",\"inLanguage\":\"da-DK\",\"@id\":\"https:\/\/kunmedierne.dk\/mors\/#\/schema\/person\/image\/\",\"url\":\"https:\/\/secure.gravatar.com\/avatar\/b0fb2e221d618f7c65162ab0d49c7e8a0b580c871ca03af90e42b47b4150654c?s=96&d=mm&r=g\",\"contentUrl\":\"https:\/\/secure.gravatar.com\/avatar\/b0fb2e221d618f7c65162ab0d49c7e8a0b580c871ca03af90e42b47b4150654c?s=96&d=mm&r=g\",\"caption\":\"Debat\"},\"url\":\"https:\/\/kunmedierne.dk\/mors\/author\/debat\/\"}]}<\/script>\n<!-- \/ Yoast SEO plugin. -->","yoast_head_json":{"title":"- Mors: De frivilliges \u00f8 - Mors","robots":{"index":"index","follow":"follow","max-snippet":"max-snippet:-1","max-image-preview":"max-image-preview:large","max-video-preview":"max-video-preview:-1"},"canonical":"https:\/\/kunmedierne.dk\/mors\/mors-de-frivilliges-oe\/","og_locale":"da_DK","og_type":"article","og_title":"- Mors: De frivilliges \u00f8 - Mors","og_description":"Rasmus Christensen, kandidat for Venstre ved Kommunalvalg 2021, har sendt dette debatindl\u00e6g: MORS: Mors er, som vi alle ved, b\u00e5ret af en utrolig frivillighed. En frivillighed som ville v\u00e6re umulig at undv\u00e6re i en lille kommune som vores. Jeg er s\u00e5 privilegeret at jeg her i weekenden har v\u00e6ret med til at st\u00e5 i spidsen [&hellip;]","og_url":"https:\/\/kunmedierne.dk\/mors\/mors-de-frivilliges-oe\/","og_site_name":"Mors","article_published_time":"2021-09-20T20:27:58+00:00","article_modified_time":"2024-08-12T11:36:10+00:00","og_image":[{"width":770,"height":513,"url":"https:\/\/kunmedierne.dk\/mors\/wp-content\/uploads\/2021\/01\/rasmus-christensen.jpg","type":"image\/jpeg"}],"author":"Debat","twitter_card":"summary_large_image","twitter_misc":{"Skrevet af":"Debat","Estimeret l\u00e6setid":"4 minutter"},"schema":{"@context":"https:\/\/schema.org","@graph":[{"@type":"Article","@id":"https:\/\/kunmedierne.dk\/mors\/mors-de-frivilliges-oe\/#article","isPartOf":{"@id":"https:\/\/kunmedierne.dk\/mors\/mors-de-frivilliges-oe\/"},"author":{"name":"Debat","@id":"https:\/\/kunmedierne.dk\/mors\/#\/schema\/person\/84c1391bce0b43b9bb3a49736bc0ad78"},"headline":"&#8211; Mors: De frivilliges \u00f8","datePublished":"2021-09-20T20:27:58+00:00","dateModified":"2024-08-12T11:36:10+00:00","mainEntityOfPage":{"@id":"https:\/\/kunmedierne.dk\/mors\/mors-de-frivilliges-oe\/"},"wordCount":682,"commentCount":0,"publisher":{"@id":"https:\/\/kunmedierne.dk\/mors\/#organization"},"image":{"@id":"https:\/\/kunmedierne.dk\/mors\/mors-de-frivilliges-oe\/#primaryimage"},"thumbnailUrl":"https:\/\/kunmedierne.dk\/mors\/wp-content\/uploads\/2021\/01\/rasmus-christensen.jpg","keywords":["Politik"],"articleSection":["Debat"],"inLanguage":"da-DK","potentialAction":[{"@type":"CommentAction","name":"Comment","target":["https:\/\/kunmedierne.dk\/mors\/mors-de-frivilliges-oe\/#respond"]}]},{"@type":"WebPage","@id":"https:\/\/kunmedierne.dk\/mors\/mors-de-frivilliges-oe\/","url":"https:\/\/kunmedierne.dk\/mors\/mors-de-frivilliges-oe\/","name":"- Mors: De frivilliges \u00f8 - Mors","isPartOf":{"@id":"https:\/\/kunmedierne.dk\/mors\/#website"},"primaryImageOfPage":{"@id":"https:\/\/kunmedierne.dk\/mors\/mors-de-frivilliges-oe\/#primaryimage"},"image":{"@id":"https:\/\/kunmedierne.dk\/mors\/mors-de-frivilliges-oe\/#primaryimage"},"thumbnailUrl":"https:\/\/kunmedierne.dk\/mors\/wp-content\/uploads\/2021\/01\/rasmus-christensen.jpg","datePublished":"2021-09-20T20:27:58+00:00","dateModified":"2024-08-12T11:36:10+00:00","breadcrumb":{"@id":"https:\/\/kunmedierne.dk\/mors\/mors-de-frivilliges-oe\/#breadcrumb"},"inLanguage":"da-DK","potentialAction":[{"@type":"ReadAction","target":["https:\/\/kunmedierne.dk\/mors\/mors-de-frivilliges-oe\/"]}]},{"@type":"ImageObject","inLanguage":"da-DK","@id":"https:\/\/kunmedierne.dk\/mors\/mors-de-frivilliges-oe\/#primaryimage","url":"https:\/\/kunmedierne.dk\/mors\/wp-content\/uploads\/2021\/01\/rasmus-christensen.jpg","contentUrl":"https:\/\/kunmedierne.dk\/mors\/wp-content\/uploads\/2021\/01\/rasmus-christensen.jpg","width":770,"height":513,"caption":"Rasmus Christensen, kandidat for Venstre ved Kommunalvalg 2021."},{"@type":"BreadcrumbList","@id":"https:\/\/kunmedierne.dk\/mors\/mors-de-frivilliges-oe\/#breadcrumb","itemListElement":[{"@type":"ListItem","position":1,"name":"Hjem","item":"https:\/\/kunmedierne.dk\/mors\/"},{"@type":"ListItem","position":2,"name":"&#8211; Mors: De frivilliges \u00f8"}]},{"@type":"WebSite","@id":"https:\/\/kunmedierne.dk\/mors\/#website","url":"https:\/\/kunmedierne.dk\/mors\/","name":"Mors","description":"et netmedie med journalistik om livet p\u00e5 Mors","publisher":{"@id":"https:\/\/kunmedierne.dk\/mors\/#organization"},"potentialAction":[{"@type":"SearchAction","target":{"@type":"EntryPoint","urlTemplate":"https:\/\/kunmedierne.dk\/mors\/?s={search_term_string}"},"query-input":{"@type":"PropertyValueSpecification","valueRequired":true,"valueName":"search_term_string"}}],"inLanguage":"da-DK"},{"@type":"Organization","@id":"https:\/\/kunmedierne.dk\/mors\/#organization","name":"Mors","url":"https:\/\/kunmedierne.dk\/mors\/","logo":{"@type":"ImageObject","inLanguage":"da-DK","@id":"https:\/\/kunmedierne.dk\/mors\/#\/schema\/logo\/image\/","url":"https:\/\/kunmedierne.dk\/mors\/wp-content\/uploads\/2024\/08\/kunmors-logo.svg","contentUrl":"https:\/\/kunmedierne.dk\/mors\/wp-content\/uploads\/2024\/08\/kunmors-logo.svg","caption":"Mors"},"image":{"@id":"https:\/\/kunmedierne.dk\/mors\/#\/schema\/logo\/image\/"}},{"@type":"Person","@id":"https:\/\/kunmedierne.dk\/mors\/#\/schema\/person\/84c1391bce0b43b9bb3a49736bc0ad78","name":"Debat","image":{"@type":"ImageObject","inLanguage":"da-DK","@id":"https:\/\/kunmedierne.dk\/mors\/#\/schema\/person\/image\/","url":"https:\/\/secure.gravatar.com\/avatar\/b0fb2e221d618f7c65162ab0d49c7e8a0b580c871ca03af90e42b47b4150654c?s=96&d=mm&r=g","contentUrl":"https:\/\/secure.gravatar.com\/avatar\/b0fb2e221d618f7c65162ab0d49c7e8a0b580c871ca03af90e42b47b4150654c?s=96&d=mm&r=g","caption":"Debat"},"url":"https:\/\/kunmedierne.dk\/mors\/author\/debat\/"}]}},"_links":{"self":[{"href":"https:\/\/kunmedierne.dk\/mors\/wp-json\/wp\/v2\/posts\/52865","targetHints":{"allow":["GET"]}}],"collection":[{"href":"https:\/\/kunmedierne.dk\/mors\/wp-json\/wp\/v2\/posts"}],"about":[{"href":"https:\/\/kunmedierne.dk\/mors\/wp-json\/wp\/v2\/types\/post"}],"author":[{"embeddable":true,"href":"https:\/\/kunmedierne.dk\/mors\/wp-json\/wp\/v2\/users\/11"}],"replies":[{"embeddable":true,"href":"https:\/\/kunmedierne.dk\/mors\/wp-json\/wp\/v2\/comments?post=52865"}],"version-history":[{"count":4,"href":"https:\/\/kunmedierne.dk\/mors\/wp-json\/wp\/v2\/posts\/52865\/revisions"}],"predecessor-version":[{"id":52870,"href":"https:\/\/kunmedierne.dk\/mors\/wp-json\/wp\/v2\/posts\/52865\/revisions\/52870"}],"wp:featuredmedia":[{"embeddable":true,"href":"https:\/\/kunmedierne.dk\/mors\/wp-json\/wp\/v2\/media\/37865"}],"wp:attachment":[{"href":"https:\/\/kunmedierne.dk\/mors\/wp-json\/wp\/v2\/media?parent=52865"}],"wp:term":[{"taxonomy":"category","embeddable":true,"href":"https:\/\/kunmedierne.dk\/mors\/wp-json\/wp\/v2\/categories?post=52865"},{"taxonomy":"post_tag","embeddable":true,"href":"https:\/\/kunmedierne.dk\/mors\/wp-json\/wp\/v2\/tags?post=52865"}],"curies":[{"name":"wp","href":"https:\/\/api.w.org\/{rel}","templated":true}]}}