{"id":52494,"date":"2021-09-15T17:21:19","date_gmt":"2021-09-15T15:21:19","guid":{"rendered":"https:\/\/kunmedierne.dk\/mors\/?p=52494"},"modified":"2024-08-12T13:36:12","modified_gmt":"2024-08-12T11:36:12","slug":"hvert-skridt-taeller-i-en-baeredygtig-hverdag","status":"publish","type":"post","link":"https:\/\/kunmedierne.dk\/mors\/hvert-skridt-taeller-i-en-baeredygtig-hverdag\/","title":{"rendered":"&#8211; Hvert skridt t\u00e6ller i en b\u00e6redygtig hverdag"},"content":{"rendered":"<p><em>Anette Jensen, kandidat for Demokratisk Balance ved kommunalvalget i november, har sendt dette debatindl\u00e6g:<\/em><\/p>\n<hr \/>\n<p><strong>MORS<\/strong>: Vi kan rigtig meget p\u00e5 Mors. S\u00f8ndag d. 12. september gennemf\u00f8rte Regional Madkultur Thy\/Mors en stort f\u00f8devaremarked i maskinhallen p\u00e5 Mors\u00f8 Landbrugsskole med stande fra b\u00e5de Thy og Mors. Der var rigtig mange bes\u00f8gende de 5 timer, der var \u00e5ben. Der var b\u00e5de lokale g\u00e6ster og g\u00e6ster langvejs fra, som n\u00f8d at kunne k\u00f8be og handle lokale f\u00f8devarer. Og alle stande meldte om udsolgt eller rigtig godt salg. S\u00e5 der er grund til at v\u00e6re stolte og tilfredse.<\/p>\n<p>Og vi kan og skal meget mere p\u00e5 det lokale f\u00f8devareomr\u00e5de. Mors har noget af det mest frugtbare landbrugsjord i landet og der er masser af potentiale for at producere og levere endnu mere gr\u00f8nt. Det skylder vi vores omverden og fremtiden. <a href=\"https:\/\/www.braendselsforeningen.dk\/\"><img loading=\"lazy\" decoding=\"async\" class=\"alignright size-full wp-image-46597\" src=\"https:\/\/kunmedierne.dk\/mors\/wp-content\/uploads\/2021\/06\/t06.jpg\" alt=\"\" width=\"1425\" height=\"127\" srcset=\"https:\/\/kunmedierne.dk\/mors\/wp-content\/uploads\/2021\/06\/t06.jpg 1425w, https:\/\/kunmedierne.dk\/mors\/wp-content\/uploads\/2021\/06\/t06-300x27.jpg 300w, https:\/\/kunmedierne.dk\/mors\/wp-content\/uploads\/2021\/06\/t06-1024x91.jpg 1024w, https:\/\/kunmedierne.dk\/mors\/wp-content\/uploads\/2021\/06\/t06-768x68.jpg 768w, https:\/\/kunmedierne.dk\/mors\/wp-content\/uploads\/2021\/06\/t06-600x53.jpg 600w\" sizes=\"auto, (max-width: 1425px) 100vw, 1425px\" \/><\/a><\/p>\n<p>FNs 17 verdensm\u00e5l fylder ikke meget i Mors\u00f8 Kommunes vision 2030 \u201dF\u00e6lles om Mors\u201d, men er blevet fortalt at \u201dde gennemsyrer det hele\u201d.\u00a0 Min egen erfaring siger mig dog, at det er vigtigt, at Verdensm\u00e5lene skal synligg\u00f8res, hvis de skal blive en del af virkeligheden. Hvis de skal v\u00e6re et f\u00e6lles gods, vi alle arbejder hen imod at bidrage til, i det store og det sm\u00e5. Og netop Verdensm\u00e5l nummer 12: \u201dAnsvarligt forbrug og produktion\u201d giver god mening her. For n\u00e5r vi producerer lokalt \u2013 det v\u00e6re sig s\u00e5vel gr\u00f8nsager og frugt som\u00a0 k\u00f8d, fisk og skaldyr \u2013 og efterf\u00f8lgende spiser lokalt \u2013 og oms\u00e6tter affald til g\u00f8dning og andet genanvendeligt, s\u00e5 er vi allerede godt p\u00e5 vej til at bidrage til en bedre verden. Hvert skridt t\u00e6ller i den forbindelse. Og det betyder at vi ved at have fokus p\u00e5 at producere og forbruge lokalt, kan bidrage til at mindske CO2-aftrykket. Og dermed blive endnu mere b\u00e6redygtige. <a href=\"https:\/\/morsoe-begravelsesforretning.dk\/\"><img loading=\"lazy\" decoding=\"async\" class=\"alignright size-full wp-image-46598\" src=\"https:\/\/kunmedierne.dk\/mors\/wp-content\/uploads\/2021\/06\/t07.jpg\" alt=\"\" width=\"1425\" height=\"127\" srcset=\"https:\/\/kunmedierne.dk\/mors\/wp-content\/uploads\/2021\/06\/t07.jpg 1425w, https:\/\/kunmedierne.dk\/mors\/wp-content\/uploads\/2021\/06\/t07-300x27.jpg 300w, https:\/\/kunmedierne.dk\/mors\/wp-content\/uploads\/2021\/06\/t07-1024x91.jpg 1024w, https:\/\/kunmedierne.dk\/mors\/wp-content\/uploads\/2021\/06\/t07-768x68.jpg 768w, https:\/\/kunmedierne.dk\/mors\/wp-content\/uploads\/2021\/06\/t07-600x53.jpg 600w\" sizes=\"auto, (max-width: 1425px) 100vw, 1425px\" \/><\/a><\/p>\n<p>B\u00e6redygtighed er ogs\u00e5 et \u00f8nske hos mange turister, n\u00e5r de kigger efter feriem\u00e5l. En ny rapport fra \u201dVisit Danmark\u201d viser netop, at andelen af s\u00e5kaldte \u201dgr\u00f8nne idealister\u201d i Tyskland, der prioriterer b\u00e6redygtige rejsem\u00e5l, er steget kraftigt. I 2020 var andelen 17 % og nye m\u00e5linger i 2021 viser en stigning til 27 %. Tyske turister udg\u00f8r ca. 60 % af overnatninger i Danmark, og dermed ogs\u00e5 en v\u00e6sentlig del p\u00e5 Mors. Og da turisme er en anden fyldig del af vision 2030 \u201dF\u00e6lles om Mors\u201d kan det jo kun g\u00e5 for langsomt med at intensivere udviklingen i en mere b\u00e6redygtig retning. Det vil vi i Balance arbejde for i den kommende byr\u00e5dsperiode.<\/p>\n<hr \/>\n<p><em>Har du et bidrag til den lokale debat? Send det til os p\u00e5 e-mail: debat@kunmedierne.dk\/mors. Husk at l\u00e6se korrektur inden afsendelse p\u00e5 indl\u00e6gget.<\/em><\/p>\n<blockquote>\n<h2>Tilmeld dig vores nyhedsbrev og vind pr\u00e6mier!<\/h2>\n<h2>L\u00e6s mere\u00a0<strong><a href=\"https:\/\/kunmedierne.dk\/mors\/tilmeld-dig-vores-nyhedsbrev-og-vind-ny-krimi-af-lokal-forfatter\/\" target=\"_blank\" rel=\"noopener\">her<\/a><\/strong>.<\/h2>\n<\/blockquote>\n","protected":false},"excerpt":{"rendered":"<p>Anette Jensen, kandidat for Demokratisk Balance ved kommunalvalget i november, har sendt dette debatindl\u00e6g: MORS: Vi kan rigtig meget p\u00e5 Mors. S\u00f8ndag d. 12. september gennemf\u00f8rte Regional Madkultur Thy\/Mors en stort f\u00f8devaremarked i maskinhallen p\u00e5 Mors\u00f8 Landbrugsskole med stande fra b\u00e5de Thy og Mors. Der var rigtig mange bes\u00f8gende de 5 timer, der var \u00e5ben. [&hellip;]<\/p>\n","protected":false},"author":11,"featured_media":52495,"comment_status":"open","ping_status":"open","sticky":false,"template":"","format":"standard","meta":{"_acf_changed":false,"footnotes":""},"categories":[56],"tags":[167],"class_list":["post-52494","post","type-post","status-publish","format-standard","has-post-thumbnail","hentry","category-debat","tag-politik"],"acf":[],"yoast_head":"<!-- This site is optimized with the Yoast SEO plugin v26.8 - https:\/\/yoast.com\/product\/yoast-seo-wordpress\/ -->\n<title>- Hvert skridt t\u00e6ller i en b\u00e6redygtig hverdag - Mors<\/title>\n<meta name=\"robots\" content=\"index, follow, max-snippet:-1, max-image-preview:large, max-video-preview:-1\" \/>\n<link rel=\"canonical\" href=\"https:\/\/kunmedierne.dk\/mors\/hvert-skridt-taeller-i-en-baeredygtig-hverdag\/\" \/>\n<meta property=\"og:locale\" content=\"da_DK\" \/>\n<meta property=\"og:type\" content=\"article\" \/>\n<meta property=\"og:title\" content=\"- Hvert skridt t\u00e6ller i en b\u00e6redygtig hverdag - Mors\" \/>\n<meta property=\"og:description\" content=\"Anette Jensen, kandidat for Demokratisk Balance ved kommunalvalget i november, har sendt dette debatindl\u00e6g: MORS: Vi kan rigtig meget p\u00e5 Mors. S\u00f8ndag d. 12. september gennemf\u00f8rte Regional Madkultur Thy\/Mors en stort f\u00f8devaremarked i maskinhallen p\u00e5 Mors\u00f8 Landbrugsskole med stande fra b\u00e5de Thy og Mors. Der var rigtig mange bes\u00f8gende de 5 timer, der var \u00e5ben. [&hellip;]\" \/>\n<meta property=\"og:url\" content=\"https:\/\/kunmedierne.dk\/mors\/hvert-skridt-taeller-i-en-baeredygtig-hverdag\/\" \/>\n<meta property=\"og:site_name\" content=\"Mors\" \/>\n<meta property=\"article:published_time\" content=\"2021-09-15T15:21:19+00:00\" \/>\n<meta property=\"article:modified_time\" content=\"2024-08-12T11:36:12+00:00\" \/>\n<meta property=\"og:image\" content=\"https:\/\/kunmedierne.dk\/mors\/wp-content\/uploads\/2021\/09\/0-debat-anette-jensen.jpg\" \/>\n\t<meta property=\"og:image:width\" content=\"770\" \/>\n\t<meta property=\"og:image:height\" content=\"513\" \/>\n\t<meta property=\"og:image:type\" content=\"image\/jpeg\" \/>\n<meta name=\"author\" content=\"Debat\" \/>\n<meta name=\"twitter:card\" content=\"summary_large_image\" \/>\n<meta name=\"twitter:label1\" content=\"Skrevet af\" \/>\n\t<meta name=\"twitter:data1\" content=\"Debat\" \/>\n\t<meta name=\"twitter:label2\" content=\"Estimeret l\u00e6setid\" \/>\n\t<meta name=\"twitter:data2\" content=\"3 minutter\" \/>\n<script type=\"application\/ld+json\" class=\"yoast-schema-graph\">{\"@context\":\"https:\/\/schema.org\",\"@graph\":[{\"@type\":\"Article\",\"@id\":\"https:\/\/kunmedierne.dk\/mors\/hvert-skridt-taeller-i-en-baeredygtig-hverdag\/#article\",\"isPartOf\":{\"@id\":\"https:\/\/kunmedierne.dk\/mors\/hvert-skridt-taeller-i-en-baeredygtig-hverdag\/\"},\"author\":{\"name\":\"Debat\",\"@id\":\"https:\/\/kunmedierne.dk\/mors\/#\/schema\/person\/84c1391bce0b43b9bb3a49736bc0ad78\"},\"headline\":\"&#8211; Hvert skridt t\u00e6ller i en b\u00e6redygtig hverdag\",\"datePublished\":\"2021-09-15T15:21:19+00:00\",\"dateModified\":\"2024-08-12T11:36:12+00:00\",\"mainEntityOfPage\":{\"@id\":\"https:\/\/kunmedierne.dk\/mors\/hvert-skridt-taeller-i-en-baeredygtig-hverdag\/\"},\"wordCount\":485,\"commentCount\":0,\"publisher\":{\"@id\":\"https:\/\/kunmedierne.dk\/mors\/#organization\"},\"image\":{\"@id\":\"https:\/\/kunmedierne.dk\/mors\/hvert-skridt-taeller-i-en-baeredygtig-hverdag\/#primaryimage\"},\"thumbnailUrl\":\"https:\/\/kunmedierne.dk\/mors\/wp-content\/uploads\/2021\/09\/0-debat-anette-jensen.jpg\",\"keywords\":[\"Politik\"],\"articleSection\":[\"Debat\"],\"inLanguage\":\"da-DK\",\"potentialAction\":[{\"@type\":\"CommentAction\",\"name\":\"Comment\",\"target\":[\"https:\/\/kunmedierne.dk\/mors\/hvert-skridt-taeller-i-en-baeredygtig-hverdag\/#respond\"]}]},{\"@type\":\"WebPage\",\"@id\":\"https:\/\/kunmedierne.dk\/mors\/hvert-skridt-taeller-i-en-baeredygtig-hverdag\/\",\"url\":\"https:\/\/kunmedierne.dk\/mors\/hvert-skridt-taeller-i-en-baeredygtig-hverdag\/\",\"name\":\"- Hvert skridt t\u00e6ller i en b\u00e6redygtig hverdag - Mors\",\"isPartOf\":{\"@id\":\"https:\/\/kunmedierne.dk\/mors\/#website\"},\"primaryImageOfPage\":{\"@id\":\"https:\/\/kunmedierne.dk\/mors\/hvert-skridt-taeller-i-en-baeredygtig-hverdag\/#primaryimage\"},\"image\":{\"@id\":\"https:\/\/kunmedierne.dk\/mors\/hvert-skridt-taeller-i-en-baeredygtig-hverdag\/#primaryimage\"},\"thumbnailUrl\":\"https:\/\/kunmedierne.dk\/mors\/wp-content\/uploads\/2021\/09\/0-debat-anette-jensen.jpg\",\"datePublished\":\"2021-09-15T15:21:19+00:00\",\"dateModified\":\"2024-08-12T11:36:12+00:00\",\"breadcrumb\":{\"@id\":\"https:\/\/kunmedierne.dk\/mors\/hvert-skridt-taeller-i-en-baeredygtig-hverdag\/#breadcrumb\"},\"inLanguage\":\"da-DK\",\"potentialAction\":[{\"@type\":\"ReadAction\",\"target\":[\"https:\/\/kunmedierne.dk\/mors\/hvert-skridt-taeller-i-en-baeredygtig-hverdag\/\"]}]},{\"@type\":\"ImageObject\",\"inLanguage\":\"da-DK\",\"@id\":\"https:\/\/kunmedierne.dk\/mors\/hvert-skridt-taeller-i-en-baeredygtig-hverdag\/#primaryimage\",\"url\":\"https:\/\/kunmedierne.dk\/mors\/wp-content\/uploads\/2021\/09\/0-debat-anette-jensen.jpg\",\"contentUrl\":\"https:\/\/kunmedierne.dk\/mors\/wp-content\/uploads\/2021\/09\/0-debat-anette-jensen.jpg\",\"width\":770,\"height\":513,\"caption\":\"Anette Jensen, kandidat for Demokratisk Balance til Kommunalvalg 2021.\"},{\"@type\":\"BreadcrumbList\",\"@id\":\"https:\/\/kunmedierne.dk\/mors\/hvert-skridt-taeller-i-en-baeredygtig-hverdag\/#breadcrumb\",\"itemListElement\":[{\"@type\":\"ListItem\",\"position\":1,\"name\":\"Hjem\",\"item\":\"https:\/\/kunmedierne.dk\/mors\/\"},{\"@type\":\"ListItem\",\"position\":2,\"name\":\"&#8211; Hvert skridt t\u00e6ller i en b\u00e6redygtig hverdag\"}]},{\"@type\":\"WebSite\",\"@id\":\"https:\/\/kunmedierne.dk\/mors\/#website\",\"url\":\"https:\/\/kunmedierne.dk\/mors\/\",\"name\":\"Mors\",\"description\":\"et netmedie med journalistik om livet p\u00e5 Mors\",\"publisher\":{\"@id\":\"https:\/\/kunmedierne.dk\/mors\/#organization\"},\"potentialAction\":[{\"@type\":\"SearchAction\",\"target\":{\"@type\":\"EntryPoint\",\"urlTemplate\":\"https:\/\/kunmedierne.dk\/mors\/?s={search_term_string}\"},\"query-input\":{\"@type\":\"PropertyValueSpecification\",\"valueRequired\":true,\"valueName\":\"search_term_string\"}}],\"inLanguage\":\"da-DK\"},{\"@type\":\"Organization\",\"@id\":\"https:\/\/kunmedierne.dk\/mors\/#organization\",\"name\":\"Mors\",\"url\":\"https:\/\/kunmedierne.dk\/mors\/\",\"logo\":{\"@type\":\"ImageObject\",\"inLanguage\":\"da-DK\",\"@id\":\"https:\/\/kunmedierne.dk\/mors\/#\/schema\/logo\/image\/\",\"url\":\"https:\/\/kunmedierne.dk\/mors\/wp-content\/uploads\/2024\/08\/kunmors-logo.svg\",\"contentUrl\":\"https:\/\/kunmedierne.dk\/mors\/wp-content\/uploads\/2024\/08\/kunmors-logo.svg\",\"caption\":\"Mors\"},\"image\":{\"@id\":\"https:\/\/kunmedierne.dk\/mors\/#\/schema\/logo\/image\/\"}},{\"@type\":\"Person\",\"@id\":\"https:\/\/kunmedierne.dk\/mors\/#\/schema\/person\/84c1391bce0b43b9bb3a49736bc0ad78\",\"name\":\"Debat\",\"image\":{\"@type\":\"ImageObject\",\"inLanguage\":\"da-DK\",\"@id\":\"https:\/\/kunmedierne.dk\/mors\/#\/schema\/person\/image\/\",\"url\":\"https:\/\/secure.gravatar.com\/avatar\/b0fb2e221d618f7c65162ab0d49c7e8a0b580c871ca03af90e42b47b4150654c?s=96&d=mm&r=g\",\"contentUrl\":\"https:\/\/secure.gravatar.com\/avatar\/b0fb2e221d618f7c65162ab0d49c7e8a0b580c871ca03af90e42b47b4150654c?s=96&d=mm&r=g\",\"caption\":\"Debat\"},\"url\":\"https:\/\/kunmedierne.dk\/mors\/author\/debat\/\"}]}<\/script>\n<!-- \/ Yoast SEO plugin. -->","yoast_head_json":{"title":"- Hvert skridt t\u00e6ller i en b\u00e6redygtig hverdag - Mors","robots":{"index":"index","follow":"follow","max-snippet":"max-snippet:-1","max-image-preview":"max-image-preview:large","max-video-preview":"max-video-preview:-1"},"canonical":"https:\/\/kunmedierne.dk\/mors\/hvert-skridt-taeller-i-en-baeredygtig-hverdag\/","og_locale":"da_DK","og_type":"article","og_title":"- Hvert skridt t\u00e6ller i en b\u00e6redygtig hverdag - Mors","og_description":"Anette Jensen, kandidat for Demokratisk Balance ved kommunalvalget i november, har sendt dette debatindl\u00e6g: MORS: Vi kan rigtig meget p\u00e5 Mors. S\u00f8ndag d. 12. september gennemf\u00f8rte Regional Madkultur Thy\/Mors en stort f\u00f8devaremarked i maskinhallen p\u00e5 Mors\u00f8 Landbrugsskole med stande fra b\u00e5de Thy og Mors. Der var rigtig mange bes\u00f8gende de 5 timer, der var \u00e5ben. [&hellip;]","og_url":"https:\/\/kunmedierne.dk\/mors\/hvert-skridt-taeller-i-en-baeredygtig-hverdag\/","og_site_name":"Mors","article_published_time":"2021-09-15T15:21:19+00:00","article_modified_time":"2024-08-12T11:36:12+00:00","og_image":[{"width":770,"height":513,"url":"https:\/\/kunmedierne.dk\/mors\/wp-content\/uploads\/2021\/09\/0-debat-anette-jensen.jpg","type":"image\/jpeg"}],"author":"Debat","twitter_card":"summary_large_image","twitter_misc":{"Skrevet af":"Debat","Estimeret l\u00e6setid":"3 minutter"},"schema":{"@context":"https:\/\/schema.org","@graph":[{"@type":"Article","@id":"https:\/\/kunmedierne.dk\/mors\/hvert-skridt-taeller-i-en-baeredygtig-hverdag\/#article","isPartOf":{"@id":"https:\/\/kunmedierne.dk\/mors\/hvert-skridt-taeller-i-en-baeredygtig-hverdag\/"},"author":{"name":"Debat","@id":"https:\/\/kunmedierne.dk\/mors\/#\/schema\/person\/84c1391bce0b43b9bb3a49736bc0ad78"},"headline":"&#8211; Hvert skridt t\u00e6ller i en b\u00e6redygtig hverdag","datePublished":"2021-09-15T15:21:19+00:00","dateModified":"2024-08-12T11:36:12+00:00","mainEntityOfPage":{"@id":"https:\/\/kunmedierne.dk\/mors\/hvert-skridt-taeller-i-en-baeredygtig-hverdag\/"},"wordCount":485,"commentCount":0,"publisher":{"@id":"https:\/\/kunmedierne.dk\/mors\/#organization"},"image":{"@id":"https:\/\/kunmedierne.dk\/mors\/hvert-skridt-taeller-i-en-baeredygtig-hverdag\/#primaryimage"},"thumbnailUrl":"https:\/\/kunmedierne.dk\/mors\/wp-content\/uploads\/2021\/09\/0-debat-anette-jensen.jpg","keywords":["Politik"],"articleSection":["Debat"],"inLanguage":"da-DK","potentialAction":[{"@type":"CommentAction","name":"Comment","target":["https:\/\/kunmedierne.dk\/mors\/hvert-skridt-taeller-i-en-baeredygtig-hverdag\/#respond"]}]},{"@type":"WebPage","@id":"https:\/\/kunmedierne.dk\/mors\/hvert-skridt-taeller-i-en-baeredygtig-hverdag\/","url":"https:\/\/kunmedierne.dk\/mors\/hvert-skridt-taeller-i-en-baeredygtig-hverdag\/","name":"- Hvert skridt t\u00e6ller i en b\u00e6redygtig hverdag - Mors","isPartOf":{"@id":"https:\/\/kunmedierne.dk\/mors\/#website"},"primaryImageOfPage":{"@id":"https:\/\/kunmedierne.dk\/mors\/hvert-skridt-taeller-i-en-baeredygtig-hverdag\/#primaryimage"},"image":{"@id":"https:\/\/kunmedierne.dk\/mors\/hvert-skridt-taeller-i-en-baeredygtig-hverdag\/#primaryimage"},"thumbnailUrl":"https:\/\/kunmedierne.dk\/mors\/wp-content\/uploads\/2021\/09\/0-debat-anette-jensen.jpg","datePublished":"2021-09-15T15:21:19+00:00","dateModified":"2024-08-12T11:36:12+00:00","breadcrumb":{"@id":"https:\/\/kunmedierne.dk\/mors\/hvert-skridt-taeller-i-en-baeredygtig-hverdag\/#breadcrumb"},"inLanguage":"da-DK","potentialAction":[{"@type":"ReadAction","target":["https:\/\/kunmedierne.dk\/mors\/hvert-skridt-taeller-i-en-baeredygtig-hverdag\/"]}]},{"@type":"ImageObject","inLanguage":"da-DK","@id":"https:\/\/kunmedierne.dk\/mors\/hvert-skridt-taeller-i-en-baeredygtig-hverdag\/#primaryimage","url":"https:\/\/kunmedierne.dk\/mors\/wp-content\/uploads\/2021\/09\/0-debat-anette-jensen.jpg","contentUrl":"https:\/\/kunmedierne.dk\/mors\/wp-content\/uploads\/2021\/09\/0-debat-anette-jensen.jpg","width":770,"height":513,"caption":"Anette Jensen, kandidat for Demokratisk Balance til Kommunalvalg 2021."},{"@type":"BreadcrumbList","@id":"https:\/\/kunmedierne.dk\/mors\/hvert-skridt-taeller-i-en-baeredygtig-hverdag\/#breadcrumb","itemListElement":[{"@type":"ListItem","position":1,"name":"Hjem","item":"https:\/\/kunmedierne.dk\/mors\/"},{"@type":"ListItem","position":2,"name":"&#8211; Hvert skridt t\u00e6ller i en b\u00e6redygtig hverdag"}]},{"@type":"WebSite","@id":"https:\/\/kunmedierne.dk\/mors\/#website","url":"https:\/\/kunmedierne.dk\/mors\/","name":"Mors","description":"et netmedie med journalistik om livet p\u00e5 Mors","publisher":{"@id":"https:\/\/kunmedierne.dk\/mors\/#organization"},"potentialAction":[{"@type":"SearchAction","target":{"@type":"EntryPoint","urlTemplate":"https:\/\/kunmedierne.dk\/mors\/?s={search_term_string}"},"query-input":{"@type":"PropertyValueSpecification","valueRequired":true,"valueName":"search_term_string"}}],"inLanguage":"da-DK"},{"@type":"Organization","@id":"https:\/\/kunmedierne.dk\/mors\/#organization","name":"Mors","url":"https:\/\/kunmedierne.dk\/mors\/","logo":{"@type":"ImageObject","inLanguage":"da-DK","@id":"https:\/\/kunmedierne.dk\/mors\/#\/schema\/logo\/image\/","url":"https:\/\/kunmedierne.dk\/mors\/wp-content\/uploads\/2024\/08\/kunmors-logo.svg","contentUrl":"https:\/\/kunmedierne.dk\/mors\/wp-content\/uploads\/2024\/08\/kunmors-logo.svg","caption":"Mors"},"image":{"@id":"https:\/\/kunmedierne.dk\/mors\/#\/schema\/logo\/image\/"}},{"@type":"Person","@id":"https:\/\/kunmedierne.dk\/mors\/#\/schema\/person\/84c1391bce0b43b9bb3a49736bc0ad78","name":"Debat","image":{"@type":"ImageObject","inLanguage":"da-DK","@id":"https:\/\/kunmedierne.dk\/mors\/#\/schema\/person\/image\/","url":"https:\/\/secure.gravatar.com\/avatar\/b0fb2e221d618f7c65162ab0d49c7e8a0b580c871ca03af90e42b47b4150654c?s=96&d=mm&r=g","contentUrl":"https:\/\/secure.gravatar.com\/avatar\/b0fb2e221d618f7c65162ab0d49c7e8a0b580c871ca03af90e42b47b4150654c?s=96&d=mm&r=g","caption":"Debat"},"url":"https:\/\/kunmedierne.dk\/mors\/author\/debat\/"}]}},"_links":{"self":[{"href":"https:\/\/kunmedierne.dk\/mors\/wp-json\/wp\/v2\/posts\/52494","targetHints":{"allow":["GET"]}}],"collection":[{"href":"https:\/\/kunmedierne.dk\/mors\/wp-json\/wp\/v2\/posts"}],"about":[{"href":"https:\/\/kunmedierne.dk\/mors\/wp-json\/wp\/v2\/types\/post"}],"author":[{"embeddable":true,"href":"https:\/\/kunmedierne.dk\/mors\/wp-json\/wp\/v2\/users\/11"}],"replies":[{"embeddable":true,"href":"https:\/\/kunmedierne.dk\/mors\/wp-json\/wp\/v2\/comments?post=52494"}],"version-history":[{"count":1,"href":"https:\/\/kunmedierne.dk\/mors\/wp-json\/wp\/v2\/posts\/52494\/revisions"}],"predecessor-version":[{"id":52496,"href":"https:\/\/kunmedierne.dk\/mors\/wp-json\/wp\/v2\/posts\/52494\/revisions\/52496"}],"wp:featuredmedia":[{"embeddable":true,"href":"https:\/\/kunmedierne.dk\/mors\/wp-json\/wp\/v2\/media\/52495"}],"wp:attachment":[{"href":"https:\/\/kunmedierne.dk\/mors\/wp-json\/wp\/v2\/media?parent=52494"}],"wp:term":[{"taxonomy":"category","embeddable":true,"href":"https:\/\/kunmedierne.dk\/mors\/wp-json\/wp\/v2\/categories?post=52494"},{"taxonomy":"post_tag","embeddable":true,"href":"https:\/\/kunmedierne.dk\/mors\/wp-json\/wp\/v2\/tags?post=52494"}],"curies":[{"name":"wp","href":"https:\/\/api.w.org\/{rel}","templated":true}]}}