{"id":52480,"date":"2021-09-15T13:37:30","date_gmt":"2021-09-15T11:37:30","guid":{"rendered":"https:\/\/kunmedierne.dk\/mors\/?p=52480"},"modified":"2024-08-12T13:36:12","modified_gmt":"2024-08-12T11:36:12","slug":"hvordan-ser-de-fremtidige-budgetter-ud","status":"publish","type":"post","link":"https:\/\/kunmedierne.dk\/mors\/hvordan-ser-de-fremtidige-budgetter-ud\/","title":{"rendered":"Hvordan ser de fremtidige budgetter ud?"},"content":{"rendered":"<p><em>Poul Kristensen, kandidat for Socialdemokratiet til kommunalvalget i november, har sendt dette debatindl\u00e6g:<\/em><\/p>\n<hr \/>\n<p><strong>MORS<\/strong>:\u00a0Umiddelbart er det rigtig godt at en enig kommunalbestyrelse har fundet sammen om et budget, hvor alle f\u00e5r lov at f\u00e5 m\u00e6rkesager med, men til forskel fra tidligere \u00e5r er der tale om et budget med besparelser for at f\u00e5 r\u00e5d til udvikling. Igennem de sidste 6 \u00e5r er der lavet ganske fornuftige forlig, hvor der har v\u00e6ret plads i budgettet, og hvor blandt andet udviklingspuljen har set dagens lys.<\/p>\n<p>I \u00e5r er det desv\u00e6rre en hel anden historie med besparelser, og hvor udligningsreformen f\u00e5r skylden, og hvor alle lokale partier kritiserer den aftale, som Folketingets partier har indg\u00e5et.<\/p>\n<p>Aftalen blev indg\u00e5et for ca. 1\u00bd \u00e5r siden, og det kan undre at det f\u00f8rst er nu, at den viser sig at give Mors\u00f8 Kommune en slagside. Endvidere er Mors\u00f8 Kommune fortsat voldsomt afh\u00e6ngigt af det s\u00e5kaldte s\u00e6rtilskud til vanskeligt stillede kommuner. <a href=\"https:\/\/www.fmspks.dk\/\"><img loading=\"lazy\" decoding=\"async\" class=\"alignright size-full wp-image-46592\" src=\"https:\/\/kunmedierne.dk\/mors\/wp-content\/uploads\/2021\/06\/t01.jpg\" alt=\"\" width=\"1400\" height=\"125\" srcset=\"https:\/\/kunmedierne.dk\/mors\/wp-content\/uploads\/2021\/06\/t01.jpg 1400w, https:\/\/kunmedierne.dk\/mors\/wp-content\/uploads\/2021\/06\/t01-300x27.jpg 300w, https:\/\/kunmedierne.dk\/mors\/wp-content\/uploads\/2021\/06\/t01-1024x91.jpg 1024w, https:\/\/kunmedierne.dk\/mors\/wp-content\/uploads\/2021\/06\/t01-768x69.jpg 768w, https:\/\/kunmedierne.dk\/mors\/wp-content\/uploads\/2021\/06\/t01-600x54.jpg 600w\" sizes=\"auto, (max-width: 1400px) 100vw, 1400px\" \/><\/a><\/p>\n<p>Der burde have v\u00e6ret arbejdet intents p\u00e5 at f\u00e5 \u00e6ndret reformen, og dette i fuld offentlighed. Jeg erindrer at det var en ikke utilfreds borgmester der udtalte sig da reformen kom frem i dagens lys. Jeg forst\u00e5r ikke, hvorfor der g\u00e5r s\u00e5 lang tid inden man betror sig til morsingboerne?<\/p>\n<p>Dette \u00e5rs budget holdes blandt andet oppe af en engangsindt\u00e6gt, og jeg h\u00e6fter mig meget ved, at det fremg\u00e5r at baggrunden for at Mors er kommet i fedtefadet skyldes demografien. Da aldersfordelingen til stadighed bliver mere og mere sk\u00e6v med flere \u00e6ldre p\u00e5 Mors m\u00e5 dette betyde at vi i de kommende \u00e5r kommer til at kigge ind i en d\u00e5rligere stillet \u00f8konomi. Jeg er bange for at vi st\u00e5r i en situation hvor det enten handler om besparelser eller skattestigninger ligesom Lemvig Kommune netop nu barsler med. <a href=\"https:\/\/vester-begr.dk\"><img loading=\"lazy\" decoding=\"async\" class=\"alignright size-full wp-image-46593\" src=\"https:\/\/kunmedierne.dk\/mors\/wp-content\/uploads\/2021\/06\/t02.jpg\" alt=\"\" width=\"1400\" height=\"125\" srcset=\"https:\/\/kunmedierne.dk\/mors\/wp-content\/uploads\/2021\/06\/t02.jpg 1400w, https:\/\/kunmedierne.dk\/mors\/wp-content\/uploads\/2021\/06\/t02-300x27.jpg 300w, https:\/\/kunmedierne.dk\/mors\/wp-content\/uploads\/2021\/06\/t02-1024x91.jpg 1024w, https:\/\/kunmedierne.dk\/mors\/wp-content\/uploads\/2021\/06\/t02-768x69.jpg 768w, https:\/\/kunmedierne.dk\/mors\/wp-content\/uploads\/2021\/06\/t02-600x54.jpg 600w\" sizes=\"auto, (max-width: 1400px) 100vw, 1400px\" \/><\/a><\/p>\n<p>Jeg tror ikke, at det er et fallitbo som den nuv\u00e6rende kommunalbestyrelse overdrager, men som kandidat vil jeg gerne have \u00e5benhed, og jeg vil helst f\u00f8re valgkamp p\u00e5 noget der er r\u00e5d til. Derfor syntes jeg at alt skal frem s\u00e5 vi i valgkampen kan diskutere hvordan vi i f\u00e6llesskab klarer de udfordringer vi st\u00e5r overfor.<\/p>\n<p>F\u00e5r jeg lov vil jeg selvf\u00f8lgelig aktivt sammen med mine socialdemokratiske kollegaer, og gerne alle kommunalbestyrelsesmedlemmer, fors\u00f8ge at v\u00e6re med til at begr\u00e6nse skaderne p\u00e5 \u00f8ens \u00f8konomi ved at bombardere de ministre som har noget at sige om udligningsreformen. Jeg h\u00e5ber ikke vi skal i en st\u00f8rre besparelsesrunde eller en st\u00f8rre skattestigning men er klar til at tage ansvar for det hvis det bliver n\u00f8dvendigt.<\/p>\n<hr \/>\n<p><em>Har du et bidrag til den lokale debat? Send det til os p\u00e5 e-mail: debat@kunmedierne.dk\/mors. Husk at l\u00e6se korrektur inden afsendelse p\u00e5 indl\u00e6gget. <a href=\"https:\/\/vognmand-filtenborg.dk\/\"><img loading=\"lazy\" decoding=\"async\" class=\"alignright size-full wp-image-46594\" src=\"https:\/\/kunmedierne.dk\/mors\/wp-content\/uploads\/2021\/06\/t03.jpg\" alt=\"\" width=\"1400\" height=\"125\" srcset=\"https:\/\/kunmedierne.dk\/mors\/wp-content\/uploads\/2021\/06\/t03.jpg 1400w, https:\/\/kunmedierne.dk\/mors\/wp-content\/uploads\/2021\/06\/t03-300x27.jpg 300w, https:\/\/kunmedierne.dk\/mors\/wp-content\/uploads\/2021\/06\/t03-1024x91.jpg 1024w, https:\/\/kunmedierne.dk\/mors\/wp-content\/uploads\/2021\/06\/t03-768x69.jpg 768w, https:\/\/kunmedierne.dk\/mors\/wp-content\/uploads\/2021\/06\/t03-600x54.jpg 600w\" sizes=\"auto, (max-width: 1400px) 100vw, 1400px\" \/><\/a><\/em><\/p>\n<blockquote>\n<h2>Tilmeld dig vores nyhedsbrev og vind pr\u00e6mier!<\/h2>\n<h2>L\u00e6s mere\u00a0<strong><a href=\"https:\/\/kunmedierne.dk\/mors\/tilmeld-dig-vores-nyhedsbrev-og-vind-ny-krimi-af-lokal-forfatter\/\" target=\"_blank\" rel=\"noopener\">her<\/a><\/strong>.<\/h2>\n<\/blockquote>\n<p>&nbsp;<\/p>\n","protected":false},"excerpt":{"rendered":"<p>Poul Kristensen, kandidat for Socialdemokratiet til kommunalvalget i november, har sendt dette debatindl\u00e6g: MORS:\u00a0Umiddelbart er det rigtig godt at en enig kommunalbestyrelse har fundet sammen om et budget, hvor alle f\u00e5r lov at f\u00e5 m\u00e6rkesager med, men til forskel fra tidligere \u00e5r er der tale om et budget med besparelser for at f\u00e5 r\u00e5d til [&hellip;]<\/p>\n","protected":false},"author":11,"featured_media":44869,"comment_status":"open","ping_status":"open","sticky":false,"template":"","format":"standard","meta":{"_acf_changed":false,"footnotes":""},"categories":[56],"tags":[167],"class_list":["post-52480","post","type-post","status-publish","format-standard","has-post-thumbnail","hentry","category-debat","tag-politik"],"acf":[],"yoast_head":"<!-- This site is optimized with the Yoast SEO plugin v26.8 - https:\/\/yoast.com\/product\/yoast-seo-wordpress\/ -->\n<title>Hvordan ser de fremtidige budgetter ud? - Mors<\/title>\n<meta name=\"robots\" content=\"index, follow, max-snippet:-1, max-image-preview:large, max-video-preview:-1\" \/>\n<link rel=\"canonical\" href=\"https:\/\/kunmedierne.dk\/mors\/hvordan-ser-de-fremtidige-budgetter-ud\/\" \/>\n<meta property=\"og:locale\" content=\"da_DK\" \/>\n<meta property=\"og:type\" content=\"article\" \/>\n<meta property=\"og:title\" content=\"Hvordan ser de fremtidige budgetter ud? - Mors\" \/>\n<meta property=\"og:description\" content=\"Poul Kristensen, kandidat for Socialdemokratiet til kommunalvalget i november, har sendt dette debatindl\u00e6g: MORS:\u00a0Umiddelbart er det rigtig godt at en enig kommunalbestyrelse har fundet sammen om et budget, hvor alle f\u00e5r lov at f\u00e5 m\u00e6rkesager med, men til forskel fra tidligere \u00e5r er der tale om et budget med besparelser for at f\u00e5 r\u00e5d til [&hellip;]\" \/>\n<meta property=\"og:url\" content=\"https:\/\/kunmedierne.dk\/mors\/hvordan-ser-de-fremtidige-budgetter-ud\/\" \/>\n<meta property=\"og:site_name\" content=\"Mors\" \/>\n<meta property=\"article:published_time\" content=\"2021-09-15T11:37:30+00:00\" \/>\n<meta property=\"article:modified_time\" content=\"2024-08-12T11:36:12+00:00\" \/>\n<meta property=\"og:image\" content=\"https:\/\/kunmedierne.dk\/mors\/wp-content\/uploads\/2021\/05\/poul-kristensen.jpg\" \/>\n\t<meta property=\"og:image:width\" content=\"770\" \/>\n\t<meta property=\"og:image:height\" content=\"513\" \/>\n\t<meta property=\"og:image:type\" content=\"image\/jpeg\" \/>\n<meta name=\"author\" content=\"Debat\" \/>\n<meta name=\"twitter:card\" content=\"summary_large_image\" \/>\n<meta name=\"twitter:label1\" content=\"Skrevet af\" \/>\n\t<meta name=\"twitter:data1\" content=\"Debat\" \/>\n\t<meta name=\"twitter:label2\" content=\"Estimeret l\u00e6setid\" \/>\n\t<meta name=\"twitter:data2\" content=\"3 minutter\" \/>\n<script type=\"application\/ld+json\" class=\"yoast-schema-graph\">{\"@context\":\"https:\/\/schema.org\",\"@graph\":[{\"@type\":\"Article\",\"@id\":\"https:\/\/kunmedierne.dk\/mors\/hvordan-ser-de-fremtidige-budgetter-ud\/#article\",\"isPartOf\":{\"@id\":\"https:\/\/kunmedierne.dk\/mors\/hvordan-ser-de-fremtidige-budgetter-ud\/\"},\"author\":{\"name\":\"Debat\",\"@id\":\"https:\/\/kunmedierne.dk\/mors\/#\/schema\/person\/84c1391bce0b43b9bb3a49736bc0ad78\"},\"headline\":\"Hvordan ser de fremtidige budgetter ud?\",\"datePublished\":\"2021-09-15T11:37:30+00:00\",\"dateModified\":\"2024-08-12T11:36:12+00:00\",\"mainEntityOfPage\":{\"@id\":\"https:\/\/kunmedierne.dk\/mors\/hvordan-ser-de-fremtidige-budgetter-ud\/\"},\"wordCount\":495,\"commentCount\":0,\"publisher\":{\"@id\":\"https:\/\/kunmedierne.dk\/mors\/#organization\"},\"image\":{\"@id\":\"https:\/\/kunmedierne.dk\/mors\/hvordan-ser-de-fremtidige-budgetter-ud\/#primaryimage\"},\"thumbnailUrl\":\"https:\/\/kunmedierne.dk\/mors\/wp-content\/uploads\/2021\/05\/poul-kristensen.jpg\",\"keywords\":[\"Politik\"],\"articleSection\":[\"Debat\"],\"inLanguage\":\"da-DK\",\"potentialAction\":[{\"@type\":\"CommentAction\",\"name\":\"Comment\",\"target\":[\"https:\/\/kunmedierne.dk\/mors\/hvordan-ser-de-fremtidige-budgetter-ud\/#respond\"]}]},{\"@type\":\"WebPage\",\"@id\":\"https:\/\/kunmedierne.dk\/mors\/hvordan-ser-de-fremtidige-budgetter-ud\/\",\"url\":\"https:\/\/kunmedierne.dk\/mors\/hvordan-ser-de-fremtidige-budgetter-ud\/\",\"name\":\"Hvordan ser de fremtidige budgetter ud? - Mors\",\"isPartOf\":{\"@id\":\"https:\/\/kunmedierne.dk\/mors\/#website\"},\"primaryImageOfPage\":{\"@id\":\"https:\/\/kunmedierne.dk\/mors\/hvordan-ser-de-fremtidige-budgetter-ud\/#primaryimage\"},\"image\":{\"@id\":\"https:\/\/kunmedierne.dk\/mors\/hvordan-ser-de-fremtidige-budgetter-ud\/#primaryimage\"},\"thumbnailUrl\":\"https:\/\/kunmedierne.dk\/mors\/wp-content\/uploads\/2021\/05\/poul-kristensen.jpg\",\"datePublished\":\"2021-09-15T11:37:30+00:00\",\"dateModified\":\"2024-08-12T11:36:12+00:00\",\"breadcrumb\":{\"@id\":\"https:\/\/kunmedierne.dk\/mors\/hvordan-ser-de-fremtidige-budgetter-ud\/#breadcrumb\"},\"inLanguage\":\"da-DK\",\"potentialAction\":[{\"@type\":\"ReadAction\",\"target\":[\"https:\/\/kunmedierne.dk\/mors\/hvordan-ser-de-fremtidige-budgetter-ud\/\"]}]},{\"@type\":\"ImageObject\",\"inLanguage\":\"da-DK\",\"@id\":\"https:\/\/kunmedierne.dk\/mors\/hvordan-ser-de-fremtidige-budgetter-ud\/#primaryimage\",\"url\":\"https:\/\/kunmedierne.dk\/mors\/wp-content\/uploads\/2021\/05\/poul-kristensen.jpg\",\"contentUrl\":\"https:\/\/kunmedierne.dk\/mors\/wp-content\/uploads\/2021\/05\/poul-kristensen.jpg\",\"width\":770,\"height\":513,\"caption\":\"Poul Kristensen. Foto: Socialdemokratiet Mors.\"},{\"@type\":\"BreadcrumbList\",\"@id\":\"https:\/\/kunmedierne.dk\/mors\/hvordan-ser-de-fremtidige-budgetter-ud\/#breadcrumb\",\"itemListElement\":[{\"@type\":\"ListItem\",\"position\":1,\"name\":\"Hjem\",\"item\":\"https:\/\/kunmedierne.dk\/mors\/\"},{\"@type\":\"ListItem\",\"position\":2,\"name\":\"Hvordan ser de fremtidige budgetter ud?\"}]},{\"@type\":\"WebSite\",\"@id\":\"https:\/\/kunmedierne.dk\/mors\/#website\",\"url\":\"https:\/\/kunmedierne.dk\/mors\/\",\"name\":\"Mors\",\"description\":\"et netmedie med journalistik om livet p\u00e5 Mors\",\"publisher\":{\"@id\":\"https:\/\/kunmedierne.dk\/mors\/#organization\"},\"potentialAction\":[{\"@type\":\"SearchAction\",\"target\":{\"@type\":\"EntryPoint\",\"urlTemplate\":\"https:\/\/kunmedierne.dk\/mors\/?s={search_term_string}\"},\"query-input\":{\"@type\":\"PropertyValueSpecification\",\"valueRequired\":true,\"valueName\":\"search_term_string\"}}],\"inLanguage\":\"da-DK\"},{\"@type\":\"Organization\",\"@id\":\"https:\/\/kunmedierne.dk\/mors\/#organization\",\"name\":\"Mors\",\"url\":\"https:\/\/kunmedierne.dk\/mors\/\",\"logo\":{\"@type\":\"ImageObject\",\"inLanguage\":\"da-DK\",\"@id\":\"https:\/\/kunmedierne.dk\/mors\/#\/schema\/logo\/image\/\",\"url\":\"https:\/\/kunmedierne.dk\/mors\/wp-content\/uploads\/2024\/08\/kunmors-logo.svg\",\"contentUrl\":\"https:\/\/kunmedierne.dk\/mors\/wp-content\/uploads\/2024\/08\/kunmors-logo.svg\",\"caption\":\"Mors\"},\"image\":{\"@id\":\"https:\/\/kunmedierne.dk\/mors\/#\/schema\/logo\/image\/\"}},{\"@type\":\"Person\",\"@id\":\"https:\/\/kunmedierne.dk\/mors\/#\/schema\/person\/84c1391bce0b43b9bb3a49736bc0ad78\",\"name\":\"Debat\",\"image\":{\"@type\":\"ImageObject\",\"inLanguage\":\"da-DK\",\"@id\":\"https:\/\/kunmedierne.dk\/mors\/#\/schema\/person\/image\/\",\"url\":\"https:\/\/secure.gravatar.com\/avatar\/b0fb2e221d618f7c65162ab0d49c7e8a0b580c871ca03af90e42b47b4150654c?s=96&d=mm&r=g\",\"contentUrl\":\"https:\/\/secure.gravatar.com\/avatar\/b0fb2e221d618f7c65162ab0d49c7e8a0b580c871ca03af90e42b47b4150654c?s=96&d=mm&r=g\",\"caption\":\"Debat\"},\"url\":\"https:\/\/kunmedierne.dk\/mors\/author\/debat\/\"}]}<\/script>\n<!-- \/ Yoast SEO plugin. -->","yoast_head_json":{"title":"Hvordan ser de fremtidige budgetter ud? - Mors","robots":{"index":"index","follow":"follow","max-snippet":"max-snippet:-1","max-image-preview":"max-image-preview:large","max-video-preview":"max-video-preview:-1"},"canonical":"https:\/\/kunmedierne.dk\/mors\/hvordan-ser-de-fremtidige-budgetter-ud\/","og_locale":"da_DK","og_type":"article","og_title":"Hvordan ser de fremtidige budgetter ud? - Mors","og_description":"Poul Kristensen, kandidat for Socialdemokratiet til kommunalvalget i november, har sendt dette debatindl\u00e6g: MORS:\u00a0Umiddelbart er det rigtig godt at en enig kommunalbestyrelse har fundet sammen om et budget, hvor alle f\u00e5r lov at f\u00e5 m\u00e6rkesager med, men til forskel fra tidligere \u00e5r er der tale om et budget med besparelser for at f\u00e5 r\u00e5d til [&hellip;]","og_url":"https:\/\/kunmedierne.dk\/mors\/hvordan-ser-de-fremtidige-budgetter-ud\/","og_site_name":"Mors","article_published_time":"2021-09-15T11:37:30+00:00","article_modified_time":"2024-08-12T11:36:12+00:00","og_image":[{"width":770,"height":513,"url":"https:\/\/kunmedierne.dk\/mors\/wp-content\/uploads\/2021\/05\/poul-kristensen.jpg","type":"image\/jpeg"}],"author":"Debat","twitter_card":"summary_large_image","twitter_misc":{"Skrevet af":"Debat","Estimeret l\u00e6setid":"3 minutter"},"schema":{"@context":"https:\/\/schema.org","@graph":[{"@type":"Article","@id":"https:\/\/kunmedierne.dk\/mors\/hvordan-ser-de-fremtidige-budgetter-ud\/#article","isPartOf":{"@id":"https:\/\/kunmedierne.dk\/mors\/hvordan-ser-de-fremtidige-budgetter-ud\/"},"author":{"name":"Debat","@id":"https:\/\/kunmedierne.dk\/mors\/#\/schema\/person\/84c1391bce0b43b9bb3a49736bc0ad78"},"headline":"Hvordan ser de fremtidige budgetter ud?","datePublished":"2021-09-15T11:37:30+00:00","dateModified":"2024-08-12T11:36:12+00:00","mainEntityOfPage":{"@id":"https:\/\/kunmedierne.dk\/mors\/hvordan-ser-de-fremtidige-budgetter-ud\/"},"wordCount":495,"commentCount":0,"publisher":{"@id":"https:\/\/kunmedierne.dk\/mors\/#organization"},"image":{"@id":"https:\/\/kunmedierne.dk\/mors\/hvordan-ser-de-fremtidige-budgetter-ud\/#primaryimage"},"thumbnailUrl":"https:\/\/kunmedierne.dk\/mors\/wp-content\/uploads\/2021\/05\/poul-kristensen.jpg","keywords":["Politik"],"articleSection":["Debat"],"inLanguage":"da-DK","potentialAction":[{"@type":"CommentAction","name":"Comment","target":["https:\/\/kunmedierne.dk\/mors\/hvordan-ser-de-fremtidige-budgetter-ud\/#respond"]}]},{"@type":"WebPage","@id":"https:\/\/kunmedierne.dk\/mors\/hvordan-ser-de-fremtidige-budgetter-ud\/","url":"https:\/\/kunmedierne.dk\/mors\/hvordan-ser-de-fremtidige-budgetter-ud\/","name":"Hvordan ser de fremtidige budgetter ud? - Mors","isPartOf":{"@id":"https:\/\/kunmedierne.dk\/mors\/#website"},"primaryImageOfPage":{"@id":"https:\/\/kunmedierne.dk\/mors\/hvordan-ser-de-fremtidige-budgetter-ud\/#primaryimage"},"image":{"@id":"https:\/\/kunmedierne.dk\/mors\/hvordan-ser-de-fremtidige-budgetter-ud\/#primaryimage"},"thumbnailUrl":"https:\/\/kunmedierne.dk\/mors\/wp-content\/uploads\/2021\/05\/poul-kristensen.jpg","datePublished":"2021-09-15T11:37:30+00:00","dateModified":"2024-08-12T11:36:12+00:00","breadcrumb":{"@id":"https:\/\/kunmedierne.dk\/mors\/hvordan-ser-de-fremtidige-budgetter-ud\/#breadcrumb"},"inLanguage":"da-DK","potentialAction":[{"@type":"ReadAction","target":["https:\/\/kunmedierne.dk\/mors\/hvordan-ser-de-fremtidige-budgetter-ud\/"]}]},{"@type":"ImageObject","inLanguage":"da-DK","@id":"https:\/\/kunmedierne.dk\/mors\/hvordan-ser-de-fremtidige-budgetter-ud\/#primaryimage","url":"https:\/\/kunmedierne.dk\/mors\/wp-content\/uploads\/2021\/05\/poul-kristensen.jpg","contentUrl":"https:\/\/kunmedierne.dk\/mors\/wp-content\/uploads\/2021\/05\/poul-kristensen.jpg","width":770,"height":513,"caption":"Poul Kristensen. Foto: Socialdemokratiet Mors."},{"@type":"BreadcrumbList","@id":"https:\/\/kunmedierne.dk\/mors\/hvordan-ser-de-fremtidige-budgetter-ud\/#breadcrumb","itemListElement":[{"@type":"ListItem","position":1,"name":"Hjem","item":"https:\/\/kunmedierne.dk\/mors\/"},{"@type":"ListItem","position":2,"name":"Hvordan ser de fremtidige budgetter ud?"}]},{"@type":"WebSite","@id":"https:\/\/kunmedierne.dk\/mors\/#website","url":"https:\/\/kunmedierne.dk\/mors\/","name":"Mors","description":"et netmedie med journalistik om livet p\u00e5 Mors","publisher":{"@id":"https:\/\/kunmedierne.dk\/mors\/#organization"},"potentialAction":[{"@type":"SearchAction","target":{"@type":"EntryPoint","urlTemplate":"https:\/\/kunmedierne.dk\/mors\/?s={search_term_string}"},"query-input":{"@type":"PropertyValueSpecification","valueRequired":true,"valueName":"search_term_string"}}],"inLanguage":"da-DK"},{"@type":"Organization","@id":"https:\/\/kunmedierne.dk\/mors\/#organization","name":"Mors","url":"https:\/\/kunmedierne.dk\/mors\/","logo":{"@type":"ImageObject","inLanguage":"da-DK","@id":"https:\/\/kunmedierne.dk\/mors\/#\/schema\/logo\/image\/","url":"https:\/\/kunmedierne.dk\/mors\/wp-content\/uploads\/2024\/08\/kunmors-logo.svg","contentUrl":"https:\/\/kunmedierne.dk\/mors\/wp-content\/uploads\/2024\/08\/kunmors-logo.svg","caption":"Mors"},"image":{"@id":"https:\/\/kunmedierne.dk\/mors\/#\/schema\/logo\/image\/"}},{"@type":"Person","@id":"https:\/\/kunmedierne.dk\/mors\/#\/schema\/person\/84c1391bce0b43b9bb3a49736bc0ad78","name":"Debat","image":{"@type":"ImageObject","inLanguage":"da-DK","@id":"https:\/\/kunmedierne.dk\/mors\/#\/schema\/person\/image\/","url":"https:\/\/secure.gravatar.com\/avatar\/b0fb2e221d618f7c65162ab0d49c7e8a0b580c871ca03af90e42b47b4150654c?s=96&d=mm&r=g","contentUrl":"https:\/\/secure.gravatar.com\/avatar\/b0fb2e221d618f7c65162ab0d49c7e8a0b580c871ca03af90e42b47b4150654c?s=96&d=mm&r=g","caption":"Debat"},"url":"https:\/\/kunmedierne.dk\/mors\/author\/debat\/"}]}},"_links":{"self":[{"href":"https:\/\/kunmedierne.dk\/mors\/wp-json\/wp\/v2\/posts\/52480","targetHints":{"allow":["GET"]}}],"collection":[{"href":"https:\/\/kunmedierne.dk\/mors\/wp-json\/wp\/v2\/posts"}],"about":[{"href":"https:\/\/kunmedierne.dk\/mors\/wp-json\/wp\/v2\/types\/post"}],"author":[{"embeddable":true,"href":"https:\/\/kunmedierne.dk\/mors\/wp-json\/wp\/v2\/users\/11"}],"replies":[{"embeddable":true,"href":"https:\/\/kunmedierne.dk\/mors\/wp-json\/wp\/v2\/comments?post=52480"}],"version-history":[{"count":2,"href":"https:\/\/kunmedierne.dk\/mors\/wp-json\/wp\/v2\/posts\/52480\/revisions"}],"predecessor-version":[{"id":52482,"href":"https:\/\/kunmedierne.dk\/mors\/wp-json\/wp\/v2\/posts\/52480\/revisions\/52482"}],"wp:featuredmedia":[{"embeddable":true,"href":"https:\/\/kunmedierne.dk\/mors\/wp-json\/wp\/v2\/media\/44869"}],"wp:attachment":[{"href":"https:\/\/kunmedierne.dk\/mors\/wp-json\/wp\/v2\/media?parent=52480"}],"wp:term":[{"taxonomy":"category","embeddable":true,"href":"https:\/\/kunmedierne.dk\/mors\/wp-json\/wp\/v2\/categories?post=52480"},{"taxonomy":"post_tag","embeddable":true,"href":"https:\/\/kunmedierne.dk\/mors\/wp-json\/wp\/v2\/tags?post=52480"}],"curies":[{"name":"wp","href":"https:\/\/api.w.org\/{rel}","templated":true}]}}