{"id":52409,"date":"2021-09-14T11:03:48","date_gmt":"2021-09-14T09:03:48","guid":{"rendered":"https:\/\/kunmedierne.dk\/mors\/?p=52409"},"modified":"2024-08-12T13:36:12","modified_gmt":"2024-08-12T11:36:12","slug":"boernene-er-vores-fremtid","status":"publish","type":"post","link":"https:\/\/kunmedierne.dk\/mors\/boernene-er-vores-fremtid\/","title":{"rendered":"B\u00f8rnene er vores fremtid"},"content":{"rendered":"<p><em>Jens Dahlgaard, medlem af kommunalbestyrelsen for Socialdemokratiet, har sendt dette l\u00e6serbrev:<\/em><\/p>\n<hr \/>\n<p><strong>MORS<\/strong>: Mors\u00f8 Kommune skal aktivt arbejde p\u00e5 at \u00e6ndre befolkningsudviklingen p\u00e5 Mors. Jeg har den klare holdning, at vi skal investere i vores b\u00f8rn og unge. Der skal skabes gode liv. Det er selve fremtidssikringen af Mors. De er vores fremtid.<\/p>\n<p>Fort\u00e6llingen om Mors skal v\u00e6re historien om, at Mors er \u00f8en, der af et godt hjerte arbejder m\u00e5lrettet p\u00e5 at skabe den perfekte start p\u00e5 livet.<\/p>\n<p>Vi skal s\u00e6tte ind tidligt for at skabe trygge rammer for b\u00f8rnefamilierne. Af konkrete ting kan jeg n\u00e6vne f\u00e6rre elever i klasserne, en solid normering, fokus p\u00e5 de udsatte unge, tiltag for de skoletr\u00e6tte, ekstra hj\u00e6lp til de bogligt svage, en aktiv hj\u00e6lp til at f\u00e5 b\u00f8rnene ud i foreningslivet og meget andet. Flere af indsatserne er allerede i gang, men de skal styrkes. <a href=\"https:\/\/thistedkloakservice.dk\/\"><img loading=\"lazy\" decoding=\"async\" class=\"alignright wp-image-46603 size-full\" src=\"https:\/\/kunmedierne.dk\/mors\/wp-content\/uploads\/2021\/06\/t12.jpg\" alt=\"\" width=\"1400\" height=\"125\" srcset=\"https:\/\/kunmedierne.dk\/mors\/wp-content\/uploads\/2021\/06\/t12.jpg 1400w, https:\/\/kunmedierne.dk\/mors\/wp-content\/uploads\/2021\/06\/t12-300x27.jpg 300w, https:\/\/kunmedierne.dk\/mors\/wp-content\/uploads\/2021\/06\/t12-1024x91.jpg 1024w, https:\/\/kunmedierne.dk\/mors\/wp-content\/uploads\/2021\/06\/t12-768x69.jpg 768w, https:\/\/kunmedierne.dk\/mors\/wp-content\/uploads\/2021\/06\/t12-600x54.jpg 600w\" sizes=\"auto, (max-width: 1400px) 100vw, 1400px\" \/><\/a><\/p>\n<p>Hvor skal pengene komme fra? Et naturligt sp\u00f8rgsm\u00e5l, som vil blive stillet efterf\u00f8lgende. Mit svar er, at denne investering er langsigtet. Vi f\u00e5r ikke resultatet af den med det samme. Vi f\u00e5r ikke resultatet af vores indsatser nu. Det viser sig f\u00f8rst senere. Jeg er dog slet ikke i tvivl om, at pengene skal findes p\u00e5 de kolde indsatser, events, branding og titler. Mors\u00f8 Kommune skal ikke bruge en masse ressourcer p\u00e5 at fort\u00e6lle, hvem vi er. Vi skal vise det. Det er vejen frem. Mors skal v\u00e6re hele landets b\u00f8rne- og ungdoms\u00f8. B\u00f8rnene er og bliver vores fremtid. Frem med de indsatser, der t\u00e6ller for b\u00f8rnene og de unge. B\u00f8rnene er og bliver l\u00f8sningen p\u00e5 vores udfordringer.<\/p>\n<hr \/>\n<p><em>Har du et bidrag til den lokale debat? Send det til os p\u00e5 e-mail: debat@kunmedierne.dk\/mors. Husk at l\u00e6se korrektur inden afsendelse p\u00e5 indl\u00e6gget.<\/em><\/p>\n","protected":false},"excerpt":{"rendered":"<p>Jens Dahlgaard, medlem af kommunalbestyrelsen for Socialdemokratiet, har sendt dette l\u00e6serbrev: MORS: Mors\u00f8 Kommune skal aktivt arbejde p\u00e5 at \u00e6ndre befolkningsudviklingen p\u00e5 Mors. Jeg har den klare holdning, at vi skal investere i vores b\u00f8rn og unge. Der skal skabes gode liv. Det er selve fremtidssikringen af Mors. De er vores fremtid. Fort\u00e6llingen om Mors [&hellip;]<\/p>\n","protected":false},"author":11,"featured_media":38562,"comment_status":"open","ping_status":"open","sticky":false,"template":"","format":"standard","meta":{"_acf_changed":false,"footnotes":""},"categories":[56],"tags":[167],"class_list":["post-52409","post","type-post","status-publish","format-standard","has-post-thumbnail","hentry","category-debat","tag-politik"],"acf":[],"yoast_head":"<!-- This site is optimized with the Yoast SEO plugin v26.8 - https:\/\/yoast.com\/product\/yoast-seo-wordpress\/ -->\n<title>B\u00f8rnene er vores fremtid - Mors<\/title>\n<meta name=\"robots\" content=\"index, follow, max-snippet:-1, max-image-preview:large, max-video-preview:-1\" \/>\n<link rel=\"canonical\" href=\"https:\/\/kunmedierne.dk\/mors\/boernene-er-vores-fremtid\/\" \/>\n<meta property=\"og:locale\" content=\"da_DK\" \/>\n<meta property=\"og:type\" content=\"article\" \/>\n<meta property=\"og:title\" content=\"B\u00f8rnene er vores fremtid - Mors\" \/>\n<meta property=\"og:description\" content=\"Jens Dahlgaard, medlem af kommunalbestyrelsen for Socialdemokratiet, har sendt dette l\u00e6serbrev: MORS: Mors\u00f8 Kommune skal aktivt arbejde p\u00e5 at \u00e6ndre befolkningsudviklingen p\u00e5 Mors. Jeg har den klare holdning, at vi skal investere i vores b\u00f8rn og unge. Der skal skabes gode liv. Det er selve fremtidssikringen af Mors. De er vores fremtid. Fort\u00e6llingen om Mors [&hellip;]\" \/>\n<meta property=\"og:url\" content=\"https:\/\/kunmedierne.dk\/mors\/boernene-er-vores-fremtid\/\" \/>\n<meta property=\"og:site_name\" content=\"Mors\" \/>\n<meta property=\"article:published_time\" content=\"2021-09-14T09:03:48+00:00\" \/>\n<meta property=\"article:modified_time\" content=\"2024-08-12T11:36:12+00:00\" \/>\n<meta property=\"og:image\" content=\"https:\/\/kunmedierne.dk\/mors\/wp-content\/uploads\/2021\/01\/0-debat-jens-dahlgaard-S.jpg\" \/>\n\t<meta property=\"og:image:width\" content=\"770\" \/>\n\t<meta property=\"og:image:height\" content=\"513\" \/>\n\t<meta property=\"og:image:type\" content=\"image\/jpeg\" \/>\n<meta name=\"author\" content=\"Debat\" \/>\n<meta name=\"twitter:card\" content=\"summary_large_image\" \/>\n<meta name=\"twitter:label1\" content=\"Skrevet af\" \/>\n\t<meta name=\"twitter:data1\" content=\"Debat\" \/>\n\t<meta name=\"twitter:label2\" content=\"Estimeret l\u00e6setid\" \/>\n\t<meta name=\"twitter:data2\" content=\"2 minutter\" \/>\n<script type=\"application\/ld+json\" class=\"yoast-schema-graph\">{\"@context\":\"https:\/\/schema.org\",\"@graph\":[{\"@type\":\"Article\",\"@id\":\"https:\/\/kunmedierne.dk\/mors\/boernene-er-vores-fremtid\/#article\",\"isPartOf\":{\"@id\":\"https:\/\/kunmedierne.dk\/mors\/boernene-er-vores-fremtid\/\"},\"author\":{\"name\":\"Debat\",\"@id\":\"https:\/\/kunmedierne.dk\/mors\/#\/schema\/person\/84c1391bce0b43b9bb3a49736bc0ad78\"},\"headline\":\"B\u00f8rnene er vores fremtid\",\"datePublished\":\"2021-09-14T09:03:48+00:00\",\"dateModified\":\"2024-08-12T11:36:12+00:00\",\"mainEntityOfPage\":{\"@id\":\"https:\/\/kunmedierne.dk\/mors\/boernene-er-vores-fremtid\/\"},\"wordCount\":320,\"commentCount\":0,\"publisher\":{\"@id\":\"https:\/\/kunmedierne.dk\/mors\/#organization\"},\"image\":{\"@id\":\"https:\/\/kunmedierne.dk\/mors\/boernene-er-vores-fremtid\/#primaryimage\"},\"thumbnailUrl\":\"https:\/\/kunmedierne.dk\/mors\/wp-content\/uploads\/2021\/01\/0-debat-jens-dahlgaard-S.jpg\",\"keywords\":[\"Politik\"],\"articleSection\":[\"Debat\"],\"inLanguage\":\"da-DK\",\"potentialAction\":[{\"@type\":\"CommentAction\",\"name\":\"Comment\",\"target\":[\"https:\/\/kunmedierne.dk\/mors\/boernene-er-vores-fremtid\/#respond\"]}]},{\"@type\":\"WebPage\",\"@id\":\"https:\/\/kunmedierne.dk\/mors\/boernene-er-vores-fremtid\/\",\"url\":\"https:\/\/kunmedierne.dk\/mors\/boernene-er-vores-fremtid\/\",\"name\":\"B\u00f8rnene er vores fremtid - Mors\",\"isPartOf\":{\"@id\":\"https:\/\/kunmedierne.dk\/mors\/#website\"},\"primaryImageOfPage\":{\"@id\":\"https:\/\/kunmedierne.dk\/mors\/boernene-er-vores-fremtid\/#primaryimage\"},\"image\":{\"@id\":\"https:\/\/kunmedierne.dk\/mors\/boernene-er-vores-fremtid\/#primaryimage\"},\"thumbnailUrl\":\"https:\/\/kunmedierne.dk\/mors\/wp-content\/uploads\/2021\/01\/0-debat-jens-dahlgaard-S.jpg\",\"datePublished\":\"2021-09-14T09:03:48+00:00\",\"dateModified\":\"2024-08-12T11:36:12+00:00\",\"breadcrumb\":{\"@id\":\"https:\/\/kunmedierne.dk\/mors\/boernene-er-vores-fremtid\/#breadcrumb\"},\"inLanguage\":\"da-DK\",\"potentialAction\":[{\"@type\":\"ReadAction\",\"target\":[\"https:\/\/kunmedierne.dk\/mors\/boernene-er-vores-fremtid\/\"]}]},{\"@type\":\"ImageObject\",\"inLanguage\":\"da-DK\",\"@id\":\"https:\/\/kunmedierne.dk\/mors\/boernene-er-vores-fremtid\/#primaryimage\",\"url\":\"https:\/\/kunmedierne.dk\/mors\/wp-content\/uploads\/2021\/01\/0-debat-jens-dahlgaard-S.jpg\",\"contentUrl\":\"https:\/\/kunmedierne.dk\/mors\/wp-content\/uploads\/2021\/01\/0-debat-jens-dahlgaard-S.jpg\",\"width\":770,\"height\":513,\"caption\":\"Jens Dahlgaard (S). Foto: Per Bech\/Mors\u00f8 Kommune.\"},{\"@type\":\"BreadcrumbList\",\"@id\":\"https:\/\/kunmedierne.dk\/mors\/boernene-er-vores-fremtid\/#breadcrumb\",\"itemListElement\":[{\"@type\":\"ListItem\",\"position\":1,\"name\":\"Hjem\",\"item\":\"https:\/\/kunmedierne.dk\/mors\/\"},{\"@type\":\"ListItem\",\"position\":2,\"name\":\"B\u00f8rnene er vores fremtid\"}]},{\"@type\":\"WebSite\",\"@id\":\"https:\/\/kunmedierne.dk\/mors\/#website\",\"url\":\"https:\/\/kunmedierne.dk\/mors\/\",\"name\":\"Mors\",\"description\":\"et netmedie med journalistik om livet p\u00e5 Mors\",\"publisher\":{\"@id\":\"https:\/\/kunmedierne.dk\/mors\/#organization\"},\"potentialAction\":[{\"@type\":\"SearchAction\",\"target\":{\"@type\":\"EntryPoint\",\"urlTemplate\":\"https:\/\/kunmedierne.dk\/mors\/?s={search_term_string}\"},\"query-input\":{\"@type\":\"PropertyValueSpecification\",\"valueRequired\":true,\"valueName\":\"search_term_string\"}}],\"inLanguage\":\"da-DK\"},{\"@type\":\"Organization\",\"@id\":\"https:\/\/kunmedierne.dk\/mors\/#organization\",\"name\":\"Mors\",\"url\":\"https:\/\/kunmedierne.dk\/mors\/\",\"logo\":{\"@type\":\"ImageObject\",\"inLanguage\":\"da-DK\",\"@id\":\"https:\/\/kunmedierne.dk\/mors\/#\/schema\/logo\/image\/\",\"url\":\"https:\/\/kunmedierne.dk\/mors\/wp-content\/uploads\/2024\/08\/kunmors-logo.svg\",\"contentUrl\":\"https:\/\/kunmedierne.dk\/mors\/wp-content\/uploads\/2024\/08\/kunmors-logo.svg\",\"caption\":\"Mors\"},\"image\":{\"@id\":\"https:\/\/kunmedierne.dk\/mors\/#\/schema\/logo\/image\/\"}},{\"@type\":\"Person\",\"@id\":\"https:\/\/kunmedierne.dk\/mors\/#\/schema\/person\/84c1391bce0b43b9bb3a49736bc0ad78\",\"name\":\"Debat\",\"image\":{\"@type\":\"ImageObject\",\"inLanguage\":\"da-DK\",\"@id\":\"https:\/\/kunmedierne.dk\/mors\/#\/schema\/person\/image\/\",\"url\":\"https:\/\/secure.gravatar.com\/avatar\/b0fb2e221d618f7c65162ab0d49c7e8a0b580c871ca03af90e42b47b4150654c?s=96&d=mm&r=g\",\"contentUrl\":\"https:\/\/secure.gravatar.com\/avatar\/b0fb2e221d618f7c65162ab0d49c7e8a0b580c871ca03af90e42b47b4150654c?s=96&d=mm&r=g\",\"caption\":\"Debat\"},\"url\":\"https:\/\/kunmedierne.dk\/mors\/author\/debat\/\"}]}<\/script>\n<!-- \/ Yoast SEO plugin. -->","yoast_head_json":{"title":"B\u00f8rnene er vores fremtid - Mors","robots":{"index":"index","follow":"follow","max-snippet":"max-snippet:-1","max-image-preview":"max-image-preview:large","max-video-preview":"max-video-preview:-1"},"canonical":"https:\/\/kunmedierne.dk\/mors\/boernene-er-vores-fremtid\/","og_locale":"da_DK","og_type":"article","og_title":"B\u00f8rnene er vores fremtid - Mors","og_description":"Jens Dahlgaard, medlem af kommunalbestyrelsen for Socialdemokratiet, har sendt dette l\u00e6serbrev: MORS: Mors\u00f8 Kommune skal aktivt arbejde p\u00e5 at \u00e6ndre befolkningsudviklingen p\u00e5 Mors. Jeg har den klare holdning, at vi skal investere i vores b\u00f8rn og unge. Der skal skabes gode liv. Det er selve fremtidssikringen af Mors. De er vores fremtid. Fort\u00e6llingen om Mors [&hellip;]","og_url":"https:\/\/kunmedierne.dk\/mors\/boernene-er-vores-fremtid\/","og_site_name":"Mors","article_published_time":"2021-09-14T09:03:48+00:00","article_modified_time":"2024-08-12T11:36:12+00:00","og_image":[{"width":770,"height":513,"url":"https:\/\/kunmedierne.dk\/mors\/wp-content\/uploads\/2021\/01\/0-debat-jens-dahlgaard-S.jpg","type":"image\/jpeg"}],"author":"Debat","twitter_card":"summary_large_image","twitter_misc":{"Skrevet af":"Debat","Estimeret l\u00e6setid":"2 minutter"},"schema":{"@context":"https:\/\/schema.org","@graph":[{"@type":"Article","@id":"https:\/\/kunmedierne.dk\/mors\/boernene-er-vores-fremtid\/#article","isPartOf":{"@id":"https:\/\/kunmedierne.dk\/mors\/boernene-er-vores-fremtid\/"},"author":{"name":"Debat","@id":"https:\/\/kunmedierne.dk\/mors\/#\/schema\/person\/84c1391bce0b43b9bb3a49736bc0ad78"},"headline":"B\u00f8rnene er vores fremtid","datePublished":"2021-09-14T09:03:48+00:00","dateModified":"2024-08-12T11:36:12+00:00","mainEntityOfPage":{"@id":"https:\/\/kunmedierne.dk\/mors\/boernene-er-vores-fremtid\/"},"wordCount":320,"commentCount":0,"publisher":{"@id":"https:\/\/kunmedierne.dk\/mors\/#organization"},"image":{"@id":"https:\/\/kunmedierne.dk\/mors\/boernene-er-vores-fremtid\/#primaryimage"},"thumbnailUrl":"https:\/\/kunmedierne.dk\/mors\/wp-content\/uploads\/2021\/01\/0-debat-jens-dahlgaard-S.jpg","keywords":["Politik"],"articleSection":["Debat"],"inLanguage":"da-DK","potentialAction":[{"@type":"CommentAction","name":"Comment","target":["https:\/\/kunmedierne.dk\/mors\/boernene-er-vores-fremtid\/#respond"]}]},{"@type":"WebPage","@id":"https:\/\/kunmedierne.dk\/mors\/boernene-er-vores-fremtid\/","url":"https:\/\/kunmedierne.dk\/mors\/boernene-er-vores-fremtid\/","name":"B\u00f8rnene er vores fremtid - Mors","isPartOf":{"@id":"https:\/\/kunmedierne.dk\/mors\/#website"},"primaryImageOfPage":{"@id":"https:\/\/kunmedierne.dk\/mors\/boernene-er-vores-fremtid\/#primaryimage"},"image":{"@id":"https:\/\/kunmedierne.dk\/mors\/boernene-er-vores-fremtid\/#primaryimage"},"thumbnailUrl":"https:\/\/kunmedierne.dk\/mors\/wp-content\/uploads\/2021\/01\/0-debat-jens-dahlgaard-S.jpg","datePublished":"2021-09-14T09:03:48+00:00","dateModified":"2024-08-12T11:36:12+00:00","breadcrumb":{"@id":"https:\/\/kunmedierne.dk\/mors\/boernene-er-vores-fremtid\/#breadcrumb"},"inLanguage":"da-DK","potentialAction":[{"@type":"ReadAction","target":["https:\/\/kunmedierne.dk\/mors\/boernene-er-vores-fremtid\/"]}]},{"@type":"ImageObject","inLanguage":"da-DK","@id":"https:\/\/kunmedierne.dk\/mors\/boernene-er-vores-fremtid\/#primaryimage","url":"https:\/\/kunmedierne.dk\/mors\/wp-content\/uploads\/2021\/01\/0-debat-jens-dahlgaard-S.jpg","contentUrl":"https:\/\/kunmedierne.dk\/mors\/wp-content\/uploads\/2021\/01\/0-debat-jens-dahlgaard-S.jpg","width":770,"height":513,"caption":"Jens Dahlgaard (S). Foto: Per Bech\/Mors\u00f8 Kommune."},{"@type":"BreadcrumbList","@id":"https:\/\/kunmedierne.dk\/mors\/boernene-er-vores-fremtid\/#breadcrumb","itemListElement":[{"@type":"ListItem","position":1,"name":"Hjem","item":"https:\/\/kunmedierne.dk\/mors\/"},{"@type":"ListItem","position":2,"name":"B\u00f8rnene er vores fremtid"}]},{"@type":"WebSite","@id":"https:\/\/kunmedierne.dk\/mors\/#website","url":"https:\/\/kunmedierne.dk\/mors\/","name":"Mors","description":"et netmedie med journalistik om livet p\u00e5 Mors","publisher":{"@id":"https:\/\/kunmedierne.dk\/mors\/#organization"},"potentialAction":[{"@type":"SearchAction","target":{"@type":"EntryPoint","urlTemplate":"https:\/\/kunmedierne.dk\/mors\/?s={search_term_string}"},"query-input":{"@type":"PropertyValueSpecification","valueRequired":true,"valueName":"search_term_string"}}],"inLanguage":"da-DK"},{"@type":"Organization","@id":"https:\/\/kunmedierne.dk\/mors\/#organization","name":"Mors","url":"https:\/\/kunmedierne.dk\/mors\/","logo":{"@type":"ImageObject","inLanguage":"da-DK","@id":"https:\/\/kunmedierne.dk\/mors\/#\/schema\/logo\/image\/","url":"https:\/\/kunmedierne.dk\/mors\/wp-content\/uploads\/2024\/08\/kunmors-logo.svg","contentUrl":"https:\/\/kunmedierne.dk\/mors\/wp-content\/uploads\/2024\/08\/kunmors-logo.svg","caption":"Mors"},"image":{"@id":"https:\/\/kunmedierne.dk\/mors\/#\/schema\/logo\/image\/"}},{"@type":"Person","@id":"https:\/\/kunmedierne.dk\/mors\/#\/schema\/person\/84c1391bce0b43b9bb3a49736bc0ad78","name":"Debat","image":{"@type":"ImageObject","inLanguage":"da-DK","@id":"https:\/\/kunmedierne.dk\/mors\/#\/schema\/person\/image\/","url":"https:\/\/secure.gravatar.com\/avatar\/b0fb2e221d618f7c65162ab0d49c7e8a0b580c871ca03af90e42b47b4150654c?s=96&d=mm&r=g","contentUrl":"https:\/\/secure.gravatar.com\/avatar\/b0fb2e221d618f7c65162ab0d49c7e8a0b580c871ca03af90e42b47b4150654c?s=96&d=mm&r=g","caption":"Debat"},"url":"https:\/\/kunmedierne.dk\/mors\/author\/debat\/"}]}},"_links":{"self":[{"href":"https:\/\/kunmedierne.dk\/mors\/wp-json\/wp\/v2\/posts\/52409","targetHints":{"allow":["GET"]}}],"collection":[{"href":"https:\/\/kunmedierne.dk\/mors\/wp-json\/wp\/v2\/posts"}],"about":[{"href":"https:\/\/kunmedierne.dk\/mors\/wp-json\/wp\/v2\/types\/post"}],"author":[{"embeddable":true,"href":"https:\/\/kunmedierne.dk\/mors\/wp-json\/wp\/v2\/users\/11"}],"replies":[{"embeddable":true,"href":"https:\/\/kunmedierne.dk\/mors\/wp-json\/wp\/v2\/comments?post=52409"}],"version-history":[{"count":1,"href":"https:\/\/kunmedierne.dk\/mors\/wp-json\/wp\/v2\/posts\/52409\/revisions"}],"predecessor-version":[{"id":52410,"href":"https:\/\/kunmedierne.dk\/mors\/wp-json\/wp\/v2\/posts\/52409\/revisions\/52410"}],"wp:featuredmedia":[{"embeddable":true,"href":"https:\/\/kunmedierne.dk\/mors\/wp-json\/wp\/v2\/media\/38562"}],"wp:attachment":[{"href":"https:\/\/kunmedierne.dk\/mors\/wp-json\/wp\/v2\/media?parent=52409"}],"wp:term":[{"taxonomy":"category","embeddable":true,"href":"https:\/\/kunmedierne.dk\/mors\/wp-json\/wp\/v2\/categories?post=52409"},{"taxonomy":"post_tag","embeddable":true,"href":"https:\/\/kunmedierne.dk\/mors\/wp-json\/wp\/v2\/tags?post=52409"}],"curies":[{"name":"wp","href":"https:\/\/api.w.org\/{rel}","templated":true}]}}