{"id":52390,"date":"2021-09-13T23:07:38","date_gmt":"2021-09-13T21:07:38","guid":{"rendered":"https:\/\/kunmedierne.dk\/mors\/?p=52390"},"modified":"2024-08-12T13:36:12","modified_gmt":"2024-08-12T11:36:12","slug":"kortbaeks-kritik-af-forvaltning-og-venstre-maa-undre","status":"publish","type":"post","link":"https:\/\/kunmedierne.dk\/mors\/kortbaeks-kritik-af-forvaltning-og-venstre-maa-undre\/","title":{"rendered":"&#8211; Kortb\u00e6ks kritik af forvaltning og Venstre m\u00e5 undre"},"content":{"rendered":"<p><em>Henning S\u00f8rensen (V), formand for det sociale udvalg i Mors\u00f8 Kommune, har sendt dette debatindl\u00e6g:<\/em><\/p>\n<hr \/>\n<p><strong>MORS<\/strong>: Jeg er utroligt skuffet \u2013 men ogs\u00e5 forundret &#8211; over at Jakob Kortb\u00e6k i mediet KunMors giver udtryk for, at vores forvaltning i Mors\u00f8 kommune ikke er neutral over for alle kommunalbestyrelsens medlemmer. Han beskylder medarbejderne for at favorisere Venstres holdninger i sagsfremstillingerne og indstillingerne.<\/p>\n<p>Det er en grov beskyldning mod medarbejderne i Mors\u00f8 Kommune. Og det kan undre, at Jakob Kortb\u00e6k kommer med en s\u00e5 alvorlig beskyldning p\u00e5 vej ud af politik. Havde det ikke v\u00e6ret hans pligt at g\u00f8re opm\u00e6rksom p\u00e5 s\u00e5 groft et misforhold i de \u00e5r, han har siddet som aktiv politiker? Hvorfor kommer det f\u00f8rst nu? Kan det have noget med det forest\u00e5ende kommunalvalg at g\u00f8re?<a href=\"https:\/\/morsoe-begravelsesforretning.dk\/\"><img loading=\"lazy\" decoding=\"async\" class=\"alignright size-full wp-image-46598\" src=\"https:\/\/kunmedierne.dk\/mors\/wp-content\/uploads\/2021\/06\/t07.jpg\" alt=\"\" width=\"1425\" height=\"127\" srcset=\"https:\/\/kunmedierne.dk\/mors\/wp-content\/uploads\/2021\/06\/t07.jpg 1425w, https:\/\/kunmedierne.dk\/mors\/wp-content\/uploads\/2021\/06\/t07-300x27.jpg 300w, https:\/\/kunmedierne.dk\/mors\/wp-content\/uploads\/2021\/06\/t07-1024x91.jpg 1024w, https:\/\/kunmedierne.dk\/mors\/wp-content\/uploads\/2021\/06\/t07-768x68.jpg 768w, https:\/\/kunmedierne.dk\/mors\/wp-content\/uploads\/2021\/06\/t07-600x53.jpg 600w\" sizes=\"auto, (max-width: 1425px) 100vw, 1425px\" \/><\/a><\/p>\n<p>Hvis Jakob Kortb\u00e6k havde handlet ansvarligt, skulle han have s\u00f8rget for, at hans mistanke blev p\u00e5talt over for vores kommunaldirekt\u00f8r eller p\u00e5 det lukkede orienteringspunkt i socialudvalget eller \u00f8konomiudvalget, som jeg selv sidder med i. Det ville have v\u00e6ret det rette forum, for det skulle selvf\u00f8lgelig rettes, hvis der var noget som helst i p\u00e5standen. Jakob sidder som n\u00e6stformand i socialudvalget og er med til alle form\u00f8derne, hvor han har mulighed for at forme dagsordenen og tilkendegive, hvis han \u00f8nsker noget fremsat.<\/p>\n<p>Det erindrer jeg ikke, han nogensinde har gjort! Det er da m\u00e6rkeligt \u2013 og i mine \u00f8jne uansvarligt \u2013 at man i s\u00e5 lang tid g\u00e5r s\u00e5 stille med en s\u00e5 alvorlig mistanke?<a href=\"https:\/\/www.sparthy.dk\/\"><img loading=\"lazy\" decoding=\"async\" class=\"alignright size-full wp-image-46599\" src=\"https:\/\/kunmedierne.dk\/mors\/wp-content\/uploads\/2021\/06\/t08.jpg\" alt=\"\" width=\"1400\" height=\"125\" srcset=\"https:\/\/kunmedierne.dk\/mors\/wp-content\/uploads\/2021\/06\/t08.jpg 1400w, https:\/\/kunmedierne.dk\/mors\/wp-content\/uploads\/2021\/06\/t08-300x27.jpg 300w, https:\/\/kunmedierne.dk\/mors\/wp-content\/uploads\/2021\/06\/t08-1024x91.jpg 1024w, https:\/\/kunmedierne.dk\/mors\/wp-content\/uploads\/2021\/06\/t08-768x69.jpg 768w, https:\/\/kunmedierne.dk\/mors\/wp-content\/uploads\/2021\/06\/t08-600x54.jpg 600w\" sizes=\"auto, (max-width: 1400px) 100vw, 1400px\" \/><\/a><\/p>\n<p>Vi har opn\u00e5et mange gode resultater i kommunalbestyrelsen de sidste 4 \u00e5r. Senest en aftale om det kommende \u00e5rs budget. Her var alle 21 stemmer bag, fordi alle parter er blevet h\u00f8rt og kan se sig selv i aftalen. Den form for samarbejde skaber resultater. Det g\u00f8r Jakob Kortb\u00e6ks indl\u00e6g ikke.<\/p>\n<hr \/>\n<p><em>Har du et bidrag til den lokale debat? Send det til os p\u00e5 e-mail: debat@kunmedierne.dk\/mors. Husk at l\u00e6se korrektur inden afsendelse p\u00e5 indl\u00e6gget.<\/em><\/p>\n","protected":false},"excerpt":{"rendered":"<p>Henning S\u00f8rensen (V), formand for det sociale udvalg i Mors\u00f8 Kommune, har sendt dette debatindl\u00e6g: MORS: Jeg er utroligt skuffet \u2013 men ogs\u00e5 forundret &#8211; over at Jakob Kortb\u00e6k i mediet KunMors giver udtryk for, at vores forvaltning i Mors\u00f8 kommune ikke er neutral over for alle kommunalbestyrelsens medlemmer. Han beskylder medarbejderne for at favorisere [&hellip;]<\/p>\n","protected":false},"author":11,"featured_media":15114,"comment_status":"open","ping_status":"open","sticky":false,"template":"","format":"standard","meta":{"_acf_changed":false,"footnotes":""},"categories":[56],"tags":[167],"class_list":["post-52390","post","type-post","status-publish","format-standard","has-post-thumbnail","hentry","category-debat","tag-politik"],"acf":[],"yoast_head":"<!-- This site is optimized with the Yoast SEO plugin v26.8 - https:\/\/yoast.com\/product\/yoast-seo-wordpress\/ -->\n<title>- Kortb\u00e6ks kritik af forvaltning og Venstre m\u00e5 undre - Mors<\/title>\n<meta name=\"robots\" content=\"index, follow, max-snippet:-1, max-image-preview:large, max-video-preview:-1\" \/>\n<link rel=\"canonical\" href=\"https:\/\/kunmedierne.dk\/mors\/kortbaeks-kritik-af-forvaltning-og-venstre-maa-undre\/\" \/>\n<meta property=\"og:locale\" content=\"da_DK\" \/>\n<meta property=\"og:type\" content=\"article\" \/>\n<meta property=\"og:title\" content=\"- Kortb\u00e6ks kritik af forvaltning og Venstre m\u00e5 undre - Mors\" \/>\n<meta property=\"og:description\" content=\"Henning S\u00f8rensen (V), formand for det sociale udvalg i Mors\u00f8 Kommune, har sendt dette debatindl\u00e6g: MORS: Jeg er utroligt skuffet \u2013 men ogs\u00e5 forundret &#8211; over at Jakob Kortb\u00e6k i mediet KunMors giver udtryk for, at vores forvaltning i Mors\u00f8 kommune ikke er neutral over for alle kommunalbestyrelsens medlemmer. Han beskylder medarbejderne for at favorisere [&hellip;]\" \/>\n<meta property=\"og:url\" content=\"https:\/\/kunmedierne.dk\/mors\/kortbaeks-kritik-af-forvaltning-og-venstre-maa-undre\/\" \/>\n<meta property=\"og:site_name\" content=\"Mors\" \/>\n<meta property=\"article:published_time\" content=\"2021-09-13T21:07:38+00:00\" \/>\n<meta property=\"article:modified_time\" content=\"2024-08-12T11:36:12+00:00\" \/>\n<meta property=\"og:image\" content=\"https:\/\/kunmedierne.dk\/mors\/wp-content\/uploads\/2020\/03\/200401-henning-s\u00f8rensen-V.jpg\" \/>\n\t<meta property=\"og:image:width\" content=\"770\" \/>\n\t<meta property=\"og:image:height\" content=\"513\" \/>\n\t<meta property=\"og:image:type\" content=\"image\/jpeg\" \/>\n<meta name=\"author\" content=\"Debat\" \/>\n<meta name=\"twitter:card\" content=\"summary_large_image\" \/>\n<meta name=\"twitter:label1\" content=\"Skrevet af\" \/>\n\t<meta name=\"twitter:data1\" content=\"Debat\" \/>\n\t<meta name=\"twitter:label2\" content=\"Estimeret l\u00e6setid\" \/>\n\t<meta name=\"twitter:data2\" content=\"2 minutter\" \/>\n<script type=\"application\/ld+json\" class=\"yoast-schema-graph\">{\"@context\":\"https:\/\/schema.org\",\"@graph\":[{\"@type\":\"Article\",\"@id\":\"https:\/\/kunmedierne.dk\/mors\/kortbaeks-kritik-af-forvaltning-og-venstre-maa-undre\/#article\",\"isPartOf\":{\"@id\":\"https:\/\/kunmedierne.dk\/mors\/kortbaeks-kritik-af-forvaltning-og-venstre-maa-undre\/\"},\"author\":{\"name\":\"Debat\",\"@id\":\"https:\/\/kunmedierne.dk\/mors\/#\/schema\/person\/84c1391bce0b43b9bb3a49736bc0ad78\"},\"headline\":\"&#8211; Kortb\u00e6ks kritik af forvaltning og Venstre m\u00e5 undre\",\"datePublished\":\"2021-09-13T21:07:38+00:00\",\"dateModified\":\"2024-08-12T11:36:12+00:00\",\"mainEntityOfPage\":{\"@id\":\"https:\/\/kunmedierne.dk\/mors\/kortbaeks-kritik-af-forvaltning-og-venstre-maa-undre\/\"},\"wordCount\":351,\"commentCount\":0,\"publisher\":{\"@id\":\"https:\/\/kunmedierne.dk\/mors\/#organization\"},\"image\":{\"@id\":\"https:\/\/kunmedierne.dk\/mors\/kortbaeks-kritik-af-forvaltning-og-venstre-maa-undre\/#primaryimage\"},\"thumbnailUrl\":\"https:\/\/kunmedierne.dk\/mors\/wp-content\/uploads\/2020\/03\/200401-henning-s\u00f8rensen-V.jpg\",\"keywords\":[\"Politik\"],\"articleSection\":[\"Debat\"],\"inLanguage\":\"da-DK\",\"potentialAction\":[{\"@type\":\"CommentAction\",\"name\":\"Comment\",\"target\":[\"https:\/\/kunmedierne.dk\/mors\/kortbaeks-kritik-af-forvaltning-og-venstre-maa-undre\/#respond\"]}]},{\"@type\":\"WebPage\",\"@id\":\"https:\/\/kunmedierne.dk\/mors\/kortbaeks-kritik-af-forvaltning-og-venstre-maa-undre\/\",\"url\":\"https:\/\/kunmedierne.dk\/mors\/kortbaeks-kritik-af-forvaltning-og-venstre-maa-undre\/\",\"name\":\"- Kortb\u00e6ks kritik af forvaltning og Venstre m\u00e5 undre - Mors\",\"isPartOf\":{\"@id\":\"https:\/\/kunmedierne.dk\/mors\/#website\"},\"primaryImageOfPage\":{\"@id\":\"https:\/\/kunmedierne.dk\/mors\/kortbaeks-kritik-af-forvaltning-og-venstre-maa-undre\/#primaryimage\"},\"image\":{\"@id\":\"https:\/\/kunmedierne.dk\/mors\/kortbaeks-kritik-af-forvaltning-og-venstre-maa-undre\/#primaryimage\"},\"thumbnailUrl\":\"https:\/\/kunmedierne.dk\/mors\/wp-content\/uploads\/2020\/03\/200401-henning-s\u00f8rensen-V.jpg\",\"datePublished\":\"2021-09-13T21:07:38+00:00\",\"dateModified\":\"2024-08-12T11:36:12+00:00\",\"breadcrumb\":{\"@id\":\"https:\/\/kunmedierne.dk\/mors\/kortbaeks-kritik-af-forvaltning-og-venstre-maa-undre\/#breadcrumb\"},\"inLanguage\":\"da-DK\",\"potentialAction\":[{\"@type\":\"ReadAction\",\"target\":[\"https:\/\/kunmedierne.dk\/mors\/kortbaeks-kritik-af-forvaltning-og-venstre-maa-undre\/\"]}]},{\"@type\":\"ImageObject\",\"inLanguage\":\"da-DK\",\"@id\":\"https:\/\/kunmedierne.dk\/mors\/kortbaeks-kritik-af-forvaltning-og-venstre-maa-undre\/#primaryimage\",\"url\":\"https:\/\/kunmedierne.dk\/mors\/wp-content\/uploads\/2020\/03\/200401-henning-s\u00f8rensen-V.jpg\",\"contentUrl\":\"https:\/\/kunmedierne.dk\/mors\/wp-content\/uploads\/2020\/03\/200401-henning-s\u00f8rensen-V.jpg\",\"width\":770,\"height\":513,\"caption\":\"Henning S\u00f8rensen (V). Foto: Per Bech\/Mors\u00f8 Kommune.\"},{\"@type\":\"BreadcrumbList\",\"@id\":\"https:\/\/kunmedierne.dk\/mors\/kortbaeks-kritik-af-forvaltning-og-venstre-maa-undre\/#breadcrumb\",\"itemListElement\":[{\"@type\":\"ListItem\",\"position\":1,\"name\":\"Hjem\",\"item\":\"https:\/\/kunmedierne.dk\/mors\/\"},{\"@type\":\"ListItem\",\"position\":2,\"name\":\"&#8211; Kortb\u00e6ks kritik af forvaltning og Venstre m\u00e5 undre\"}]},{\"@type\":\"WebSite\",\"@id\":\"https:\/\/kunmedierne.dk\/mors\/#website\",\"url\":\"https:\/\/kunmedierne.dk\/mors\/\",\"name\":\"Mors\",\"description\":\"et netmedie med journalistik om livet p\u00e5 Mors\",\"publisher\":{\"@id\":\"https:\/\/kunmedierne.dk\/mors\/#organization\"},\"potentialAction\":[{\"@type\":\"SearchAction\",\"target\":{\"@type\":\"EntryPoint\",\"urlTemplate\":\"https:\/\/kunmedierne.dk\/mors\/?s={search_term_string}\"},\"query-input\":{\"@type\":\"PropertyValueSpecification\",\"valueRequired\":true,\"valueName\":\"search_term_string\"}}],\"inLanguage\":\"da-DK\"},{\"@type\":\"Organization\",\"@id\":\"https:\/\/kunmedierne.dk\/mors\/#organization\",\"name\":\"Mors\",\"url\":\"https:\/\/kunmedierne.dk\/mors\/\",\"logo\":{\"@type\":\"ImageObject\",\"inLanguage\":\"da-DK\",\"@id\":\"https:\/\/kunmedierne.dk\/mors\/#\/schema\/logo\/image\/\",\"url\":\"https:\/\/kunmedierne.dk\/mors\/wp-content\/uploads\/2024\/08\/kunmors-logo.svg\",\"contentUrl\":\"https:\/\/kunmedierne.dk\/mors\/wp-content\/uploads\/2024\/08\/kunmors-logo.svg\",\"caption\":\"Mors\"},\"image\":{\"@id\":\"https:\/\/kunmedierne.dk\/mors\/#\/schema\/logo\/image\/\"}},{\"@type\":\"Person\",\"@id\":\"https:\/\/kunmedierne.dk\/mors\/#\/schema\/person\/84c1391bce0b43b9bb3a49736bc0ad78\",\"name\":\"Debat\",\"image\":{\"@type\":\"ImageObject\",\"inLanguage\":\"da-DK\",\"@id\":\"https:\/\/kunmedierne.dk\/mors\/#\/schema\/person\/image\/\",\"url\":\"https:\/\/secure.gravatar.com\/avatar\/b0fb2e221d618f7c65162ab0d49c7e8a0b580c871ca03af90e42b47b4150654c?s=96&d=mm&r=g\",\"contentUrl\":\"https:\/\/secure.gravatar.com\/avatar\/b0fb2e221d618f7c65162ab0d49c7e8a0b580c871ca03af90e42b47b4150654c?s=96&d=mm&r=g\",\"caption\":\"Debat\"},\"url\":\"https:\/\/kunmedierne.dk\/mors\/author\/debat\/\"}]}<\/script>\n<!-- \/ Yoast SEO plugin. -->","yoast_head_json":{"title":"- Kortb\u00e6ks kritik af forvaltning og Venstre m\u00e5 undre - Mors","robots":{"index":"index","follow":"follow","max-snippet":"max-snippet:-1","max-image-preview":"max-image-preview:large","max-video-preview":"max-video-preview:-1"},"canonical":"https:\/\/kunmedierne.dk\/mors\/kortbaeks-kritik-af-forvaltning-og-venstre-maa-undre\/","og_locale":"da_DK","og_type":"article","og_title":"- Kortb\u00e6ks kritik af forvaltning og Venstre m\u00e5 undre - Mors","og_description":"Henning S\u00f8rensen (V), formand for det sociale udvalg i Mors\u00f8 Kommune, har sendt dette debatindl\u00e6g: MORS: Jeg er utroligt skuffet \u2013 men ogs\u00e5 forundret &#8211; over at Jakob Kortb\u00e6k i mediet KunMors giver udtryk for, at vores forvaltning i Mors\u00f8 kommune ikke er neutral over for alle kommunalbestyrelsens medlemmer. Han beskylder medarbejderne for at favorisere [&hellip;]","og_url":"https:\/\/kunmedierne.dk\/mors\/kortbaeks-kritik-af-forvaltning-og-venstre-maa-undre\/","og_site_name":"Mors","article_published_time":"2021-09-13T21:07:38+00:00","article_modified_time":"2024-08-12T11:36:12+00:00","og_image":[{"width":770,"height":513,"url":"https:\/\/kunmedierne.dk\/mors\/wp-content\/uploads\/2020\/03\/200401-henning-s\u00f8rensen-V.jpg","type":"image\/jpeg"}],"author":"Debat","twitter_card":"summary_large_image","twitter_misc":{"Skrevet af":"Debat","Estimeret l\u00e6setid":"2 minutter"},"schema":{"@context":"https:\/\/schema.org","@graph":[{"@type":"Article","@id":"https:\/\/kunmedierne.dk\/mors\/kortbaeks-kritik-af-forvaltning-og-venstre-maa-undre\/#article","isPartOf":{"@id":"https:\/\/kunmedierne.dk\/mors\/kortbaeks-kritik-af-forvaltning-og-venstre-maa-undre\/"},"author":{"name":"Debat","@id":"https:\/\/kunmedierne.dk\/mors\/#\/schema\/person\/84c1391bce0b43b9bb3a49736bc0ad78"},"headline":"&#8211; Kortb\u00e6ks kritik af forvaltning og Venstre m\u00e5 undre","datePublished":"2021-09-13T21:07:38+00:00","dateModified":"2024-08-12T11:36:12+00:00","mainEntityOfPage":{"@id":"https:\/\/kunmedierne.dk\/mors\/kortbaeks-kritik-af-forvaltning-og-venstre-maa-undre\/"},"wordCount":351,"commentCount":0,"publisher":{"@id":"https:\/\/kunmedierne.dk\/mors\/#organization"},"image":{"@id":"https:\/\/kunmedierne.dk\/mors\/kortbaeks-kritik-af-forvaltning-og-venstre-maa-undre\/#primaryimage"},"thumbnailUrl":"https:\/\/kunmedierne.dk\/mors\/wp-content\/uploads\/2020\/03\/200401-henning-s\u00f8rensen-V.jpg","keywords":["Politik"],"articleSection":["Debat"],"inLanguage":"da-DK","potentialAction":[{"@type":"CommentAction","name":"Comment","target":["https:\/\/kunmedierne.dk\/mors\/kortbaeks-kritik-af-forvaltning-og-venstre-maa-undre\/#respond"]}]},{"@type":"WebPage","@id":"https:\/\/kunmedierne.dk\/mors\/kortbaeks-kritik-af-forvaltning-og-venstre-maa-undre\/","url":"https:\/\/kunmedierne.dk\/mors\/kortbaeks-kritik-af-forvaltning-og-venstre-maa-undre\/","name":"- Kortb\u00e6ks kritik af forvaltning og Venstre m\u00e5 undre - Mors","isPartOf":{"@id":"https:\/\/kunmedierne.dk\/mors\/#website"},"primaryImageOfPage":{"@id":"https:\/\/kunmedierne.dk\/mors\/kortbaeks-kritik-af-forvaltning-og-venstre-maa-undre\/#primaryimage"},"image":{"@id":"https:\/\/kunmedierne.dk\/mors\/kortbaeks-kritik-af-forvaltning-og-venstre-maa-undre\/#primaryimage"},"thumbnailUrl":"https:\/\/kunmedierne.dk\/mors\/wp-content\/uploads\/2020\/03\/200401-henning-s\u00f8rensen-V.jpg","datePublished":"2021-09-13T21:07:38+00:00","dateModified":"2024-08-12T11:36:12+00:00","breadcrumb":{"@id":"https:\/\/kunmedierne.dk\/mors\/kortbaeks-kritik-af-forvaltning-og-venstre-maa-undre\/#breadcrumb"},"inLanguage":"da-DK","potentialAction":[{"@type":"ReadAction","target":["https:\/\/kunmedierne.dk\/mors\/kortbaeks-kritik-af-forvaltning-og-venstre-maa-undre\/"]}]},{"@type":"ImageObject","inLanguage":"da-DK","@id":"https:\/\/kunmedierne.dk\/mors\/kortbaeks-kritik-af-forvaltning-og-venstre-maa-undre\/#primaryimage","url":"https:\/\/kunmedierne.dk\/mors\/wp-content\/uploads\/2020\/03\/200401-henning-s\u00f8rensen-V.jpg","contentUrl":"https:\/\/kunmedierne.dk\/mors\/wp-content\/uploads\/2020\/03\/200401-henning-s\u00f8rensen-V.jpg","width":770,"height":513,"caption":"Henning S\u00f8rensen (V). Foto: Per Bech\/Mors\u00f8 Kommune."},{"@type":"BreadcrumbList","@id":"https:\/\/kunmedierne.dk\/mors\/kortbaeks-kritik-af-forvaltning-og-venstre-maa-undre\/#breadcrumb","itemListElement":[{"@type":"ListItem","position":1,"name":"Hjem","item":"https:\/\/kunmedierne.dk\/mors\/"},{"@type":"ListItem","position":2,"name":"&#8211; Kortb\u00e6ks kritik af forvaltning og Venstre m\u00e5 undre"}]},{"@type":"WebSite","@id":"https:\/\/kunmedierne.dk\/mors\/#website","url":"https:\/\/kunmedierne.dk\/mors\/","name":"Mors","description":"et netmedie med journalistik om livet p\u00e5 Mors","publisher":{"@id":"https:\/\/kunmedierne.dk\/mors\/#organization"},"potentialAction":[{"@type":"SearchAction","target":{"@type":"EntryPoint","urlTemplate":"https:\/\/kunmedierne.dk\/mors\/?s={search_term_string}"},"query-input":{"@type":"PropertyValueSpecification","valueRequired":true,"valueName":"search_term_string"}}],"inLanguage":"da-DK"},{"@type":"Organization","@id":"https:\/\/kunmedierne.dk\/mors\/#organization","name":"Mors","url":"https:\/\/kunmedierne.dk\/mors\/","logo":{"@type":"ImageObject","inLanguage":"da-DK","@id":"https:\/\/kunmedierne.dk\/mors\/#\/schema\/logo\/image\/","url":"https:\/\/kunmedierne.dk\/mors\/wp-content\/uploads\/2024\/08\/kunmors-logo.svg","contentUrl":"https:\/\/kunmedierne.dk\/mors\/wp-content\/uploads\/2024\/08\/kunmors-logo.svg","caption":"Mors"},"image":{"@id":"https:\/\/kunmedierne.dk\/mors\/#\/schema\/logo\/image\/"}},{"@type":"Person","@id":"https:\/\/kunmedierne.dk\/mors\/#\/schema\/person\/84c1391bce0b43b9bb3a49736bc0ad78","name":"Debat","image":{"@type":"ImageObject","inLanguage":"da-DK","@id":"https:\/\/kunmedierne.dk\/mors\/#\/schema\/person\/image\/","url":"https:\/\/secure.gravatar.com\/avatar\/b0fb2e221d618f7c65162ab0d49c7e8a0b580c871ca03af90e42b47b4150654c?s=96&d=mm&r=g","contentUrl":"https:\/\/secure.gravatar.com\/avatar\/b0fb2e221d618f7c65162ab0d49c7e8a0b580c871ca03af90e42b47b4150654c?s=96&d=mm&r=g","caption":"Debat"},"url":"https:\/\/kunmedierne.dk\/mors\/author\/debat\/"}]}},"_links":{"self":[{"href":"https:\/\/kunmedierne.dk\/mors\/wp-json\/wp\/v2\/posts\/52390","targetHints":{"allow":["GET"]}}],"collection":[{"href":"https:\/\/kunmedierne.dk\/mors\/wp-json\/wp\/v2\/posts"}],"about":[{"href":"https:\/\/kunmedierne.dk\/mors\/wp-json\/wp\/v2\/types\/post"}],"author":[{"embeddable":true,"href":"https:\/\/kunmedierne.dk\/mors\/wp-json\/wp\/v2\/users\/11"}],"replies":[{"embeddable":true,"href":"https:\/\/kunmedierne.dk\/mors\/wp-json\/wp\/v2\/comments?post=52390"}],"version-history":[{"count":4,"href":"https:\/\/kunmedierne.dk\/mors\/wp-json\/wp\/v2\/posts\/52390\/revisions"}],"predecessor-version":[{"id":52399,"href":"https:\/\/kunmedierne.dk\/mors\/wp-json\/wp\/v2\/posts\/52390\/revisions\/52399"}],"wp:featuredmedia":[{"embeddable":true,"href":"https:\/\/kunmedierne.dk\/mors\/wp-json\/wp\/v2\/media\/15114"}],"wp:attachment":[{"href":"https:\/\/kunmedierne.dk\/mors\/wp-json\/wp\/v2\/media?parent=52390"}],"wp:term":[{"taxonomy":"category","embeddable":true,"href":"https:\/\/kunmedierne.dk\/mors\/wp-json\/wp\/v2\/categories?post=52390"},{"taxonomy":"post_tag","embeddable":true,"href":"https:\/\/kunmedierne.dk\/mors\/wp-json\/wp\/v2\/tags?post=52390"}],"curies":[{"name":"wp","href":"https:\/\/api.w.org\/{rel}","templated":true}]}}