{"id":52317,"date":"2021-09-12T21:28:49","date_gmt":"2021-09-12T19:28:49","guid":{"rendered":"https:\/\/kunmedierne.dk\/mors\/?p=52317"},"modified":"2024-08-12T13:36:13","modified_gmt":"2024-08-12T11:36:13","slug":"snusfornuftigt-og-demokratisk","status":"publish","type":"post","link":"https:\/\/kunmedierne.dk\/mors\/snusfornuftigt-og-demokratisk\/","title":{"rendered":"&#8211; Snusfornuftigt og demokratisk"},"content":{"rendered":"<p><em>Hans Ejner Bertelsen (V), borgmester i Mors\u00f8 Kommune, har sendt dette debatindl\u00e6g:<\/em><\/p>\n<hr \/>\n<p>De konservative er \u00e5benbart v\u00e5gnet efter 4 \u00e5rs vinterdvale og f\u00f8ler sig derfor kaldet til at angribe mig i s\u00e6rdeleshed og alle partierne i kommunalbestyrelsen i almindelighed, som det skete i Nordjyske forleden.<\/p>\n<p>At kalde det netop indg\u00e5ede forlig for visionsl\u00f8st og processen for udemokratisk viser, at de konservatives vinterdvale har v\u00e6ret meget dyb. S\u00e5 dyb, at de slet ikke har fulgt med i de mange tiltag, der er sket over de sidste 4, ja 8 \u00e5r. Gode resultater for Mors og morsingboerne. Resultater der er opn\u00e5et, fordi kommunalbestyrelsen i min borgmestertid har form\u00e5et at samarbejde og respektere hinanden og finde brugbare l\u00f8sninger, selvom vi har begr\u00e6nsede midler til r\u00e5dighed. <a href=\"https:\/\/www.fmspks.dk\/\"><img loading=\"lazy\" decoding=\"async\" class=\"alignright size-full wp-image-46592\" src=\"https:\/\/kunmedierne.dk\/mors\/wp-content\/uploads\/2021\/06\/t01.jpg\" alt=\"\" width=\"1400\" height=\"125\" srcset=\"https:\/\/kunmedierne.dk\/mors\/wp-content\/uploads\/2021\/06\/t01.jpg 1400w, https:\/\/kunmedierne.dk\/mors\/wp-content\/uploads\/2021\/06\/t01-300x27.jpg 300w, https:\/\/kunmedierne.dk\/mors\/wp-content\/uploads\/2021\/06\/t01-1024x91.jpg 1024w, https:\/\/kunmedierne.dk\/mors\/wp-content\/uploads\/2021\/06\/t01-768x69.jpg 768w, https:\/\/kunmedierne.dk\/mors\/wp-content\/uploads\/2021\/06\/t01-600x54.jpg 600w\" sizes=\"auto, (max-width: 1400px) 100vw, 1400px\" \/><\/a><\/p>\n<p>Jeg bliver klandret for at fort\u00e6lle om alle de positive historier og tage \u201d\u00e6ren\u201d for resultater, der er kommet til udefra eller for ideer, der er gamle.<\/p>\n<p>Hvis ideen er god, og vi f\u00e5r mulighed for at f\u00f8re den ud i livet, b\u00f8r den vel ikke kasseres, blot fordi den er gammel?\u00a0 Grunden til, at ideer ikke er f\u00f8rt ud i livet, kunne m\u00e5ske v\u00e6re, at tidligere kommunalbestyrelser hellere brugte energi og tid p\u00e5 at bekrige hinanden end p\u00e5 at samarbejde til gavn for Mors.<\/p>\n<p>At noget godt er kommet udefra forringer vel ikke v\u00e6rdien af det?<\/p>\n<p>Eksempelvis fik vi tilf\u00f8rt Mors 30 mio. til et \u00f8sterskl\u00e6kkeri og 18 mio. til et modtagecenter for \u00f8stersturisme, fordi vi havde en god dialog med den dav\u00e6rende regering og med Venstres lokalt valgte Torsten Schack.<\/p>\n<p>At vi har f\u00e5et Rute 26 forhandlet ind i et trafikforlig kommer udefra, ja. Men det kommer efter et stort arbejde fra 4 samarbejdende kommuner. Og p\u00e5 Mors med opbakning fra en enig kommunalbestyrelse. <a href=\"https:\/\/vester-begr.dk\"><img loading=\"lazy\" decoding=\"async\" class=\"alignright size-full wp-image-46593\" src=\"https:\/\/kunmedierne.dk\/mors\/wp-content\/uploads\/2021\/06\/t02.jpg\" alt=\"\" width=\"1400\" height=\"125\" srcset=\"https:\/\/kunmedierne.dk\/mors\/wp-content\/uploads\/2021\/06\/t02.jpg 1400w, https:\/\/kunmedierne.dk\/mors\/wp-content\/uploads\/2021\/06\/t02-300x27.jpg 300w, https:\/\/kunmedierne.dk\/mors\/wp-content\/uploads\/2021\/06\/t02-1024x91.jpg 1024w, https:\/\/kunmedierne.dk\/mors\/wp-content\/uploads\/2021\/06\/t02-768x69.jpg 768w, https:\/\/kunmedierne.dk\/mors\/wp-content\/uploads\/2021\/06\/t02-600x54.jpg 600w\" sizes=\"auto, (max-width: 1400px) 100vw, 1400px\" \/><\/a><\/p>\n<p>Det er utroligt at opleve kritik for at fort\u00e6lle de gode historier, n\u00e5r nu der er mange af dem, og der gerne skulle blive flere.<\/p>\n<p>Vi har f\u00e5et hoveds\u00e6det for turistdestination Limfjorden, hoveds\u00e6det for FGU Nordvest, en afdeling af Erhvervshus Nordjylland, Nordic Food college, en ny teaterbygning, et nyt plejecenter og Kulturm\u00f8det udvikler sig.<\/p>\n<p>Vi er placeret som den mest erhvervsvenlige kommune i Nordjylland og som nr. 11 i Danmark.<\/p>\n<p>Vi har den laveste arbejdsl\u00f8shed i Nordjylland. Et topprofessionelt erhvervsliv og landbrug der producerer og udvikler sig.<\/p>\n<p>Vi har en velfungerende administration og dygtige medarbejdere og tilbyder en god og ordentlig service til vore borgere.<\/p>\n<p>Og alt det og meget mere skulle jeg lade v\u00e6re med at fort\u00e6lle?<\/p>\n<p>Ikke p\u00e5 vilk\u00e5r! Hvad er det nu for en tilgang, de konservative har til deres egen \u00f8 og kommune. <a href=\"https:\/\/vognmand-filtenborg.dk\/\"><img loading=\"lazy\" decoding=\"async\" class=\"alignright size-full wp-image-46594\" src=\"https:\/\/kunmedierne.dk\/mors\/wp-content\/uploads\/2021\/06\/t03.jpg\" alt=\"\" width=\"1400\" height=\"125\" srcset=\"https:\/\/kunmedierne.dk\/mors\/wp-content\/uploads\/2021\/06\/t03.jpg 1400w, https:\/\/kunmedierne.dk\/mors\/wp-content\/uploads\/2021\/06\/t03-300x27.jpg 300w, https:\/\/kunmedierne.dk\/mors\/wp-content\/uploads\/2021\/06\/t03-1024x91.jpg 1024w, https:\/\/kunmedierne.dk\/mors\/wp-content\/uploads\/2021\/06\/t03-768x69.jpg 768w, https:\/\/kunmedierne.dk\/mors\/wp-content\/uploads\/2021\/06\/t03-600x54.jpg 600w\" sizes=\"auto, (max-width: 1400px) 100vw, 1400px\" \/><\/a><\/p>\n<p>Beskyldningen om, at jeg skulle v\u00e6re smart og binde forligspartierne, viser manglende forst\u00e5else for, hvordan tingene fungerer, n\u00e5r man efter lange og mange forhandlinger binder sig til et forlig.<\/p>\n<p>Der er skrevet under p\u00e5 et budgetforlig, som rummer \u00f8nsker og forslag fra alle partier. N\u00e5r man indg\u00e5r et forlig, udviser man samtidig tillid til hinanden. Derfor er det helt rimeligt, at \u00e6ndringer ogs\u00e5 skal ske i enighed. Ellers rykkes balancen i aftalen.<\/p>\n<p>Man kunne jo ogs\u00e5 vende argumentationen om og sige, at netop en s\u00e5dan musketered er demokratisk og sidestiller alle partier uanset st\u00f8rrelse.<\/p>\n<p>Og s\u00e5 rummer aftalen jo netop mulighed for at justere i forliget efter h\u00f8ringsperioden mellem 1. og 2. behandlingen. <a href=\"https:\/\/www.sparnord.dk\/filialer\/nykoebing-mors\/\"><img loading=\"lazy\" decoding=\"async\" class=\"alignright size-full wp-image-46595\" src=\"https:\/\/kunmedierne.dk\/mors\/wp-content\/uploads\/2021\/06\/t04.jpg\" alt=\"\" width=\"1400\" height=\"123\" srcset=\"https:\/\/kunmedierne.dk\/mors\/wp-content\/uploads\/2021\/06\/t04.jpg 1400w, https:\/\/kunmedierne.dk\/mors\/wp-content\/uploads\/2021\/06\/t04-300x26.jpg 300w, https:\/\/kunmedierne.dk\/mors\/wp-content\/uploads\/2021\/06\/t04-1024x90.jpg 1024w, https:\/\/kunmedierne.dk\/mors\/wp-content\/uploads\/2021\/06\/t04-768x67.jpg 768w, https:\/\/kunmedierne.dk\/mors\/wp-content\/uploads\/2021\/06\/t04-600x53.jpg 600w\" sizes=\"auto, (max-width: 1400px) 100vw, 1400px\" \/><\/a><\/p>\n<p>Budgetforliget er det muliges kunst, og jeg er stolt af og vil gerne takke de \u00f8vrige partier i kommunalbestyrelsen for, at vi lykkedes med at vedtage det i enighed, ogs\u00e5 i et valg\u00e5r.<\/p>\n<p>Det viser, at vi er ansvarlige og har beslutningskraft.<\/p>\n<p>Det finder jeg er v\u00e6sentlig og kan danne baggrund og mulighed for at fort\u00e6lle mange flere positive historier fra Mors.<\/p>\n<p>De konservatives udfald m\u00e5 vist h\u00f8re til i afdelingen for bulder og bragesnak.<\/p>\n<p>I venstregruppen arbejder vi ufortr\u00f8dent videre for det Mors, vi holder af.<\/p>\n<hr \/>\n<p><em>Har du et bidrag til den lokale debat? Send det til os p\u00e5 e-mail: debat@kunmedierne.dk\/mors. Husk at l\u00e6se korrektur inden afsendelse p\u00e5 indl\u00e6gget.<\/em><\/p>\n","protected":false},"excerpt":{"rendered":"<p>Hans Ejner Bertelsen (V), borgmester i Mors\u00f8 Kommune, har sendt dette debatindl\u00e6g: De konservative er \u00e5benbart v\u00e5gnet efter 4 \u00e5rs vinterdvale og f\u00f8ler sig derfor kaldet til at angribe mig i s\u00e6rdeleshed og alle partierne i kommunalbestyrelsen i almindelighed, som det skete i Nordjyske forleden. At kalde det netop indg\u00e5ede forlig for visionsl\u00f8st og processen [&hellip;]<\/p>\n","protected":false},"author":11,"featured_media":13995,"comment_status":"open","ping_status":"open","sticky":false,"template":"","format":"standard","meta":{"_acf_changed":false,"footnotes":""},"categories":[56],"tags":[167],"class_list":["post-52317","post","type-post","status-publish","format-standard","has-post-thumbnail","hentry","category-debat","tag-politik"],"acf":[],"yoast_head":"<!-- This site is optimized with the Yoast SEO plugin v26.8 - https:\/\/yoast.com\/product\/yoast-seo-wordpress\/ -->\n<title>- Snusfornuftigt og demokratisk - Mors<\/title>\n<meta name=\"robots\" content=\"index, follow, max-snippet:-1, max-image-preview:large, max-video-preview:-1\" \/>\n<link rel=\"canonical\" href=\"https:\/\/kunmedierne.dk\/mors\/snusfornuftigt-og-demokratisk\/\" \/>\n<meta property=\"og:locale\" content=\"da_DK\" \/>\n<meta property=\"og:type\" content=\"article\" \/>\n<meta property=\"og:title\" content=\"- Snusfornuftigt og demokratisk - Mors\" \/>\n<meta property=\"og:description\" content=\"Hans Ejner Bertelsen (V), borgmester i Mors\u00f8 Kommune, har sendt dette debatindl\u00e6g: De konservative er \u00e5benbart v\u00e5gnet efter 4 \u00e5rs vinterdvale og f\u00f8ler sig derfor kaldet til at angribe mig i s\u00e6rdeleshed og alle partierne i kommunalbestyrelsen i almindelighed, som det skete i Nordjyske forleden. At kalde det netop indg\u00e5ede forlig for visionsl\u00f8st og processen [&hellip;]\" \/>\n<meta property=\"og:url\" content=\"https:\/\/kunmedierne.dk\/mors\/snusfornuftigt-og-demokratisk\/\" \/>\n<meta property=\"og:site_name\" content=\"Mors\" \/>\n<meta property=\"article:published_time\" content=\"2021-09-12T19:28:49+00:00\" \/>\n<meta property=\"article:modified_time\" content=\"2024-08-12T11:36:13+00:00\" \/>\n<meta property=\"og:image\" content=\"https:\/\/kunmedierne.dk\/mors\/wp-content\/uploads\/2020\/03\/200101-hans-ejner-bertelsen-V.jpg\" \/>\n\t<meta property=\"og:image:width\" content=\"770\" \/>\n\t<meta property=\"og:image:height\" content=\"513\" \/>\n\t<meta property=\"og:image:type\" content=\"image\/jpeg\" \/>\n<meta name=\"author\" content=\"Debat\" \/>\n<meta name=\"twitter:card\" content=\"summary_large_image\" \/>\n<meta name=\"twitter:label1\" content=\"Skrevet af\" \/>\n\t<meta name=\"twitter:data1\" content=\"Debat\" \/>\n\t<meta name=\"twitter:label2\" content=\"Estimeret l\u00e6setid\" \/>\n\t<meta name=\"twitter:data2\" content=\"4 minutter\" \/>\n<script type=\"application\/ld+json\" class=\"yoast-schema-graph\">{\"@context\":\"https:\/\/schema.org\",\"@graph\":[{\"@type\":\"Article\",\"@id\":\"https:\/\/kunmedierne.dk\/mors\/snusfornuftigt-og-demokratisk\/#article\",\"isPartOf\":{\"@id\":\"https:\/\/kunmedierne.dk\/mors\/snusfornuftigt-og-demokratisk\/\"},\"author\":{\"name\":\"Debat\",\"@id\":\"https:\/\/kunmedierne.dk\/mors\/#\/schema\/person\/84c1391bce0b43b9bb3a49736bc0ad78\"},\"headline\":\"&#8211; Snusfornuftigt og demokratisk\",\"datePublished\":\"2021-09-12T19:28:49+00:00\",\"dateModified\":\"2024-08-12T11:36:13+00:00\",\"mainEntityOfPage\":{\"@id\":\"https:\/\/kunmedierne.dk\/mors\/snusfornuftigt-og-demokratisk\/\"},\"wordCount\":692,\"commentCount\":0,\"publisher\":{\"@id\":\"https:\/\/kunmedierne.dk\/mors\/#organization\"},\"image\":{\"@id\":\"https:\/\/kunmedierne.dk\/mors\/snusfornuftigt-og-demokratisk\/#primaryimage\"},\"thumbnailUrl\":\"https:\/\/kunmedierne.dk\/mors\/wp-content\/uploads\/2020\/03\/200101-hans-ejner-bertelsen-V.jpg\",\"keywords\":[\"Politik\"],\"articleSection\":[\"Debat\"],\"inLanguage\":\"da-DK\",\"potentialAction\":[{\"@type\":\"CommentAction\",\"name\":\"Comment\",\"target\":[\"https:\/\/kunmedierne.dk\/mors\/snusfornuftigt-og-demokratisk\/#respond\"]}]},{\"@type\":\"WebPage\",\"@id\":\"https:\/\/kunmedierne.dk\/mors\/snusfornuftigt-og-demokratisk\/\",\"url\":\"https:\/\/kunmedierne.dk\/mors\/snusfornuftigt-og-demokratisk\/\",\"name\":\"- Snusfornuftigt og demokratisk - Mors\",\"isPartOf\":{\"@id\":\"https:\/\/kunmedierne.dk\/mors\/#website\"},\"primaryImageOfPage\":{\"@id\":\"https:\/\/kunmedierne.dk\/mors\/snusfornuftigt-og-demokratisk\/#primaryimage\"},\"image\":{\"@id\":\"https:\/\/kunmedierne.dk\/mors\/snusfornuftigt-og-demokratisk\/#primaryimage\"},\"thumbnailUrl\":\"https:\/\/kunmedierne.dk\/mors\/wp-content\/uploads\/2020\/03\/200101-hans-ejner-bertelsen-V.jpg\",\"datePublished\":\"2021-09-12T19:28:49+00:00\",\"dateModified\":\"2024-08-12T11:36:13+00:00\",\"breadcrumb\":{\"@id\":\"https:\/\/kunmedierne.dk\/mors\/snusfornuftigt-og-demokratisk\/#breadcrumb\"},\"inLanguage\":\"da-DK\",\"potentialAction\":[{\"@type\":\"ReadAction\",\"target\":[\"https:\/\/kunmedierne.dk\/mors\/snusfornuftigt-og-demokratisk\/\"]}]},{\"@type\":\"ImageObject\",\"inLanguage\":\"da-DK\",\"@id\":\"https:\/\/kunmedierne.dk\/mors\/snusfornuftigt-og-demokratisk\/#primaryimage\",\"url\":\"https:\/\/kunmedierne.dk\/mors\/wp-content\/uploads\/2020\/03\/200101-hans-ejner-bertelsen-V.jpg\",\"contentUrl\":\"https:\/\/kunmedierne.dk\/mors\/wp-content\/uploads\/2020\/03\/200101-hans-ejner-bertelsen-V.jpg\",\"width\":770,\"height\":513,\"caption\":\"Borgmester Hans Ejner Bertelsen (V). Foto: Per Bech\/Mors\u00f8 Kommune.\"},{\"@type\":\"BreadcrumbList\",\"@id\":\"https:\/\/kunmedierne.dk\/mors\/snusfornuftigt-og-demokratisk\/#breadcrumb\",\"itemListElement\":[{\"@type\":\"ListItem\",\"position\":1,\"name\":\"Hjem\",\"item\":\"https:\/\/kunmedierne.dk\/mors\/\"},{\"@type\":\"ListItem\",\"position\":2,\"name\":\"&#8211; Snusfornuftigt og demokratisk\"}]},{\"@type\":\"WebSite\",\"@id\":\"https:\/\/kunmedierne.dk\/mors\/#website\",\"url\":\"https:\/\/kunmedierne.dk\/mors\/\",\"name\":\"Mors\",\"description\":\"et netmedie med journalistik om livet p\u00e5 Mors\",\"publisher\":{\"@id\":\"https:\/\/kunmedierne.dk\/mors\/#organization\"},\"potentialAction\":[{\"@type\":\"SearchAction\",\"target\":{\"@type\":\"EntryPoint\",\"urlTemplate\":\"https:\/\/kunmedierne.dk\/mors\/?s={search_term_string}\"},\"query-input\":{\"@type\":\"PropertyValueSpecification\",\"valueRequired\":true,\"valueName\":\"search_term_string\"}}],\"inLanguage\":\"da-DK\"},{\"@type\":\"Organization\",\"@id\":\"https:\/\/kunmedierne.dk\/mors\/#organization\",\"name\":\"Mors\",\"url\":\"https:\/\/kunmedierne.dk\/mors\/\",\"logo\":{\"@type\":\"ImageObject\",\"inLanguage\":\"da-DK\",\"@id\":\"https:\/\/kunmedierne.dk\/mors\/#\/schema\/logo\/image\/\",\"url\":\"https:\/\/kunmedierne.dk\/mors\/wp-content\/uploads\/2024\/08\/kunmors-logo.svg\",\"contentUrl\":\"https:\/\/kunmedierne.dk\/mors\/wp-content\/uploads\/2024\/08\/kunmors-logo.svg\",\"caption\":\"Mors\"},\"image\":{\"@id\":\"https:\/\/kunmedierne.dk\/mors\/#\/schema\/logo\/image\/\"}},{\"@type\":\"Person\",\"@id\":\"https:\/\/kunmedierne.dk\/mors\/#\/schema\/person\/84c1391bce0b43b9bb3a49736bc0ad78\",\"name\":\"Debat\",\"image\":{\"@type\":\"ImageObject\",\"inLanguage\":\"da-DK\",\"@id\":\"https:\/\/kunmedierne.dk\/mors\/#\/schema\/person\/image\/\",\"url\":\"https:\/\/secure.gravatar.com\/avatar\/b0fb2e221d618f7c65162ab0d49c7e8a0b580c871ca03af90e42b47b4150654c?s=96&d=mm&r=g\",\"contentUrl\":\"https:\/\/secure.gravatar.com\/avatar\/b0fb2e221d618f7c65162ab0d49c7e8a0b580c871ca03af90e42b47b4150654c?s=96&d=mm&r=g\",\"caption\":\"Debat\"},\"url\":\"https:\/\/kunmedierne.dk\/mors\/author\/debat\/\"}]}<\/script>\n<!-- \/ Yoast SEO plugin. -->","yoast_head_json":{"title":"- Snusfornuftigt og demokratisk - Mors","robots":{"index":"index","follow":"follow","max-snippet":"max-snippet:-1","max-image-preview":"max-image-preview:large","max-video-preview":"max-video-preview:-1"},"canonical":"https:\/\/kunmedierne.dk\/mors\/snusfornuftigt-og-demokratisk\/","og_locale":"da_DK","og_type":"article","og_title":"- Snusfornuftigt og demokratisk - Mors","og_description":"Hans Ejner Bertelsen (V), borgmester i Mors\u00f8 Kommune, har sendt dette debatindl\u00e6g: De konservative er \u00e5benbart v\u00e5gnet efter 4 \u00e5rs vinterdvale og f\u00f8ler sig derfor kaldet til at angribe mig i s\u00e6rdeleshed og alle partierne i kommunalbestyrelsen i almindelighed, som det skete i Nordjyske forleden. At kalde det netop indg\u00e5ede forlig for visionsl\u00f8st og processen [&hellip;]","og_url":"https:\/\/kunmedierne.dk\/mors\/snusfornuftigt-og-demokratisk\/","og_site_name":"Mors","article_published_time":"2021-09-12T19:28:49+00:00","article_modified_time":"2024-08-12T11:36:13+00:00","og_image":[{"width":770,"height":513,"url":"https:\/\/kunmedierne.dk\/mors\/wp-content\/uploads\/2020\/03\/200101-hans-ejner-bertelsen-V.jpg","type":"image\/jpeg"}],"author":"Debat","twitter_card":"summary_large_image","twitter_misc":{"Skrevet af":"Debat","Estimeret l\u00e6setid":"4 minutter"},"schema":{"@context":"https:\/\/schema.org","@graph":[{"@type":"Article","@id":"https:\/\/kunmedierne.dk\/mors\/snusfornuftigt-og-demokratisk\/#article","isPartOf":{"@id":"https:\/\/kunmedierne.dk\/mors\/snusfornuftigt-og-demokratisk\/"},"author":{"name":"Debat","@id":"https:\/\/kunmedierne.dk\/mors\/#\/schema\/person\/84c1391bce0b43b9bb3a49736bc0ad78"},"headline":"&#8211; Snusfornuftigt og demokratisk","datePublished":"2021-09-12T19:28:49+00:00","dateModified":"2024-08-12T11:36:13+00:00","mainEntityOfPage":{"@id":"https:\/\/kunmedierne.dk\/mors\/snusfornuftigt-og-demokratisk\/"},"wordCount":692,"commentCount":0,"publisher":{"@id":"https:\/\/kunmedierne.dk\/mors\/#organization"},"image":{"@id":"https:\/\/kunmedierne.dk\/mors\/snusfornuftigt-og-demokratisk\/#primaryimage"},"thumbnailUrl":"https:\/\/kunmedierne.dk\/mors\/wp-content\/uploads\/2020\/03\/200101-hans-ejner-bertelsen-V.jpg","keywords":["Politik"],"articleSection":["Debat"],"inLanguage":"da-DK","potentialAction":[{"@type":"CommentAction","name":"Comment","target":["https:\/\/kunmedierne.dk\/mors\/snusfornuftigt-og-demokratisk\/#respond"]}]},{"@type":"WebPage","@id":"https:\/\/kunmedierne.dk\/mors\/snusfornuftigt-og-demokratisk\/","url":"https:\/\/kunmedierne.dk\/mors\/snusfornuftigt-og-demokratisk\/","name":"- Snusfornuftigt og demokratisk - Mors","isPartOf":{"@id":"https:\/\/kunmedierne.dk\/mors\/#website"},"primaryImageOfPage":{"@id":"https:\/\/kunmedierne.dk\/mors\/snusfornuftigt-og-demokratisk\/#primaryimage"},"image":{"@id":"https:\/\/kunmedierne.dk\/mors\/snusfornuftigt-og-demokratisk\/#primaryimage"},"thumbnailUrl":"https:\/\/kunmedierne.dk\/mors\/wp-content\/uploads\/2020\/03\/200101-hans-ejner-bertelsen-V.jpg","datePublished":"2021-09-12T19:28:49+00:00","dateModified":"2024-08-12T11:36:13+00:00","breadcrumb":{"@id":"https:\/\/kunmedierne.dk\/mors\/snusfornuftigt-og-demokratisk\/#breadcrumb"},"inLanguage":"da-DK","potentialAction":[{"@type":"ReadAction","target":["https:\/\/kunmedierne.dk\/mors\/snusfornuftigt-og-demokratisk\/"]}]},{"@type":"ImageObject","inLanguage":"da-DK","@id":"https:\/\/kunmedierne.dk\/mors\/snusfornuftigt-og-demokratisk\/#primaryimage","url":"https:\/\/kunmedierne.dk\/mors\/wp-content\/uploads\/2020\/03\/200101-hans-ejner-bertelsen-V.jpg","contentUrl":"https:\/\/kunmedierne.dk\/mors\/wp-content\/uploads\/2020\/03\/200101-hans-ejner-bertelsen-V.jpg","width":770,"height":513,"caption":"Borgmester Hans Ejner Bertelsen (V). Foto: Per Bech\/Mors\u00f8 Kommune."},{"@type":"BreadcrumbList","@id":"https:\/\/kunmedierne.dk\/mors\/snusfornuftigt-og-demokratisk\/#breadcrumb","itemListElement":[{"@type":"ListItem","position":1,"name":"Hjem","item":"https:\/\/kunmedierne.dk\/mors\/"},{"@type":"ListItem","position":2,"name":"&#8211; Snusfornuftigt og demokratisk"}]},{"@type":"WebSite","@id":"https:\/\/kunmedierne.dk\/mors\/#website","url":"https:\/\/kunmedierne.dk\/mors\/","name":"Mors","description":"et netmedie med journalistik om livet p\u00e5 Mors","publisher":{"@id":"https:\/\/kunmedierne.dk\/mors\/#organization"},"potentialAction":[{"@type":"SearchAction","target":{"@type":"EntryPoint","urlTemplate":"https:\/\/kunmedierne.dk\/mors\/?s={search_term_string}"},"query-input":{"@type":"PropertyValueSpecification","valueRequired":true,"valueName":"search_term_string"}}],"inLanguage":"da-DK"},{"@type":"Organization","@id":"https:\/\/kunmedierne.dk\/mors\/#organization","name":"Mors","url":"https:\/\/kunmedierne.dk\/mors\/","logo":{"@type":"ImageObject","inLanguage":"da-DK","@id":"https:\/\/kunmedierne.dk\/mors\/#\/schema\/logo\/image\/","url":"https:\/\/kunmedierne.dk\/mors\/wp-content\/uploads\/2024\/08\/kunmors-logo.svg","contentUrl":"https:\/\/kunmedierne.dk\/mors\/wp-content\/uploads\/2024\/08\/kunmors-logo.svg","caption":"Mors"},"image":{"@id":"https:\/\/kunmedierne.dk\/mors\/#\/schema\/logo\/image\/"}},{"@type":"Person","@id":"https:\/\/kunmedierne.dk\/mors\/#\/schema\/person\/84c1391bce0b43b9bb3a49736bc0ad78","name":"Debat","image":{"@type":"ImageObject","inLanguage":"da-DK","@id":"https:\/\/kunmedierne.dk\/mors\/#\/schema\/person\/image\/","url":"https:\/\/secure.gravatar.com\/avatar\/b0fb2e221d618f7c65162ab0d49c7e8a0b580c871ca03af90e42b47b4150654c?s=96&d=mm&r=g","contentUrl":"https:\/\/secure.gravatar.com\/avatar\/b0fb2e221d618f7c65162ab0d49c7e8a0b580c871ca03af90e42b47b4150654c?s=96&d=mm&r=g","caption":"Debat"},"url":"https:\/\/kunmedierne.dk\/mors\/author\/debat\/"}]}},"_links":{"self":[{"href":"https:\/\/kunmedierne.dk\/mors\/wp-json\/wp\/v2\/posts\/52317","targetHints":{"allow":["GET"]}}],"collection":[{"href":"https:\/\/kunmedierne.dk\/mors\/wp-json\/wp\/v2\/posts"}],"about":[{"href":"https:\/\/kunmedierne.dk\/mors\/wp-json\/wp\/v2\/types\/post"}],"author":[{"embeddable":true,"href":"https:\/\/kunmedierne.dk\/mors\/wp-json\/wp\/v2\/users\/11"}],"replies":[{"embeddable":true,"href":"https:\/\/kunmedierne.dk\/mors\/wp-json\/wp\/v2\/comments?post=52317"}],"version-history":[{"count":1,"href":"https:\/\/kunmedierne.dk\/mors\/wp-json\/wp\/v2\/posts\/52317\/revisions"}],"predecessor-version":[{"id":52319,"href":"https:\/\/kunmedierne.dk\/mors\/wp-json\/wp\/v2\/posts\/52317\/revisions\/52319"}],"wp:featuredmedia":[{"embeddable":true,"href":"https:\/\/kunmedierne.dk\/mors\/wp-json\/wp\/v2\/media\/13995"}],"wp:attachment":[{"href":"https:\/\/kunmedierne.dk\/mors\/wp-json\/wp\/v2\/media?parent=52317"}],"wp:term":[{"taxonomy":"category","embeddable":true,"href":"https:\/\/kunmedierne.dk\/mors\/wp-json\/wp\/v2\/categories?post=52317"},{"taxonomy":"post_tag","embeddable":true,"href":"https:\/\/kunmedierne.dk\/mors\/wp-json\/wp\/v2\/tags?post=52317"}],"curies":[{"name":"wp","href":"https:\/\/api.w.org\/{rel}","templated":true}]}}