{"id":52268,"date":"2021-09-12T15:06:50","date_gmt":"2021-09-12T13:06:50","guid":{"rendered":"https:\/\/kunmedierne.dk\/mors\/?p=52268"},"modified":"2024-08-12T13:36:13","modified_gmt":"2024-08-12T11:36:13","slug":"oeget-bosaetning-foerer-til-velfaerd","status":"publish","type":"post","link":"https:\/\/kunmedierne.dk\/mors\/oeget-bosaetning-foerer-til-velfaerd\/","title":{"rendered":"&#8211; \u00d8get bos\u00e6tning f\u00f8rer til velf\u00e6rd"},"content":{"rendered":"<p><em>Hans Henrik Ebbesen, kandidat for Venstre til efter\u00e5rets kommunalvalg, har sendt dette debatindl\u00e6g:<\/em><\/p>\n<hr \/>\n<p><strong>MORS<\/strong><em>:<\/em>Det er lykkedes at stoppe faldet i befolkningstallet p\u00e5 Mors. Der flytter faktisk nu flere til Mors, end fra \u00f8en. Men der d\u00f8r flere, end der bliver f\u00f8dt, hvilket betyder, at indbyggertallet har stabiliseret sig omkring 20.000.<\/p>\n<p>Befolkningssammens\u00e6tningen g\u00f8r, at der er mange morsingboere forlader arbejdsmarkedet og der er akut mangel p\u00e5 arbejdskraft. For \u00f8jeblikket er der under 200 registrerede ledige p\u00e5 \u00f8en.<\/p>\n<p>For at afhj\u00e6lpe manglen p\u00e5 arbejdskraft inden for landbrug, h\u00e5ndv\u00e6rk, tr\u00e6- og metalindustrien og sundhedssektoren, skal der ydes en m\u00e5lrettet og koordineret indsats for at tiltr\u00e6kke kvalificeret arbejdskraft til Mors, med fokus p\u00e5 f.eks. \u00f8st- og sydeurop\u00e6er. Disse tilflyttere bos\u00e6tter sig ofte i landsbyer, hvilket bidrager til mere liv p\u00e5 landet. <a href=\"https:\/\/vester-begr.dk\"><img loading=\"lazy\" decoding=\"async\" class=\"alignright size-full wp-image-46593\" src=\"https:\/\/kunmedierne.dk\/mors\/wp-content\/uploads\/2021\/06\/t02.jpg\" alt=\"\" width=\"1400\" height=\"125\" srcset=\"https:\/\/kunmedierne.dk\/mors\/wp-content\/uploads\/2021\/06\/t02.jpg 1400w, https:\/\/kunmedierne.dk\/mors\/wp-content\/uploads\/2021\/06\/t02-300x27.jpg 300w, https:\/\/kunmedierne.dk\/mors\/wp-content\/uploads\/2021\/06\/t02-1024x91.jpg 1024w, https:\/\/kunmedierne.dk\/mors\/wp-content\/uploads\/2021\/06\/t02-768x69.jpg 768w, https:\/\/kunmedierne.dk\/mors\/wp-content\/uploads\/2021\/06\/t02-600x54.jpg 600w\" sizes=\"auto, (max-width: 1400px) 100vw, 1400px\" \/><\/a><\/p>\n<p>Derudover skal der v\u00e6re fokus p\u00e5 at f\u00e5 flere h\u00f8jtuddannede til at bos\u00e6tte sig p\u00e5 Mors. Kommunen b\u00f8r arbejde aktivt med f.eks. informationer til nyansatte, \u00e6gtef\u00e6llestillinger, muligheder for gode lejeboliger og billige huspriser. Og ikke mindst forts\u00e6tte med at fort\u00e6lle de gode historie om Mors.<\/p>\n<p>\u00d8get bos\u00e6tning er en foruds\u00e6tning for v\u00e6rdiskabelsen, som er en foruds\u00e6tning for velf\u00e6rd.<\/p>\n<p>Det er noget at det jeg vil arbejde for i den nye kommunalbestyrelse.<\/p>\n<hr \/>\n<p><em>Har du et bidrag til den lokale debat? Send det til os p\u00e5 e-mail: debat@kunmedierne.dk\/mors. Husk at l\u00e6se korrektur inden afsendelse p\u00e5 indl\u00e6gget.<\/em><\/p>\n","protected":false},"excerpt":{"rendered":"<p>Hans Henrik Ebbesen, kandidat for Venstre til efter\u00e5rets kommunalvalg, har sendt dette debatindl\u00e6g: MORS:Det er lykkedes at stoppe faldet i befolkningstallet p\u00e5 Mors. Der flytter faktisk nu flere til Mors, end fra \u00f8en. Men der d\u00f8r flere, end der bliver f\u00f8dt, hvilket betyder, at indbyggertallet har stabiliseret sig omkring 20.000. Befolkningssammens\u00e6tningen g\u00f8r, at der er [&hellip;]<\/p>\n","protected":false},"author":11,"featured_media":52271,"comment_status":"open","ping_status":"open","sticky":false,"template":"","format":"standard","meta":{"_acf_changed":false,"footnotes":""},"categories":[56],"tags":[167],"class_list":["post-52268","post","type-post","status-publish","format-standard","has-post-thumbnail","hentry","category-debat","tag-politik"],"acf":[],"yoast_head":"<!-- This site is optimized with the Yoast SEO plugin v26.8 - https:\/\/yoast.com\/product\/yoast-seo-wordpress\/ -->\n<title>- \u00d8get bos\u00e6tning f\u00f8rer til velf\u00e6rd - Mors<\/title>\n<meta name=\"robots\" content=\"index, follow, max-snippet:-1, max-image-preview:large, max-video-preview:-1\" \/>\n<link rel=\"canonical\" href=\"https:\/\/kunmedierne.dk\/mors\/oeget-bosaetning-foerer-til-velfaerd\/\" \/>\n<meta property=\"og:locale\" content=\"da_DK\" \/>\n<meta property=\"og:type\" content=\"article\" \/>\n<meta property=\"og:title\" content=\"- \u00d8get bos\u00e6tning f\u00f8rer til velf\u00e6rd - Mors\" \/>\n<meta property=\"og:description\" content=\"Hans Henrik Ebbesen, kandidat for Venstre til efter\u00e5rets kommunalvalg, har sendt dette debatindl\u00e6g: MORS:Det er lykkedes at stoppe faldet i befolkningstallet p\u00e5 Mors. Der flytter faktisk nu flere til Mors, end fra \u00f8en. Men der d\u00f8r flere, end der bliver f\u00f8dt, hvilket betyder, at indbyggertallet har stabiliseret sig omkring 20.000. Befolkningssammens\u00e6tningen g\u00f8r, at der er [&hellip;]\" \/>\n<meta property=\"og:url\" content=\"https:\/\/kunmedierne.dk\/mors\/oeget-bosaetning-foerer-til-velfaerd\/\" \/>\n<meta property=\"og:site_name\" content=\"Mors\" \/>\n<meta property=\"article:published_time\" content=\"2021-09-12T13:06:50+00:00\" \/>\n<meta property=\"article:modified_time\" content=\"2024-08-12T11:36:13+00:00\" \/>\n<meta property=\"og:image\" content=\"https:\/\/kunmedierne.dk\/mors\/wp-content\/uploads\/2021\/09\/0-debat-hans-henrik-ebbesen.jpg\" \/>\n\t<meta property=\"og:image:width\" content=\"770\" \/>\n\t<meta property=\"og:image:height\" content=\"513\" \/>\n\t<meta property=\"og:image:type\" content=\"image\/jpeg\" \/>\n<meta name=\"author\" content=\"Debat\" \/>\n<meta name=\"twitter:card\" content=\"summary_large_image\" \/>\n<meta name=\"twitter:label1\" content=\"Skrevet af\" \/>\n\t<meta name=\"twitter:data1\" content=\"Debat\" \/>\n\t<meta name=\"twitter:label2\" content=\"Estimeret l\u00e6setid\" \/>\n\t<meta name=\"twitter:data2\" content=\"2 minutter\" \/>\n<script type=\"application\/ld+json\" class=\"yoast-schema-graph\">{\"@context\":\"https:\/\/schema.org\",\"@graph\":[{\"@type\":\"Article\",\"@id\":\"https:\/\/kunmedierne.dk\/mors\/oeget-bosaetning-foerer-til-velfaerd\/#article\",\"isPartOf\":{\"@id\":\"https:\/\/kunmedierne.dk\/mors\/oeget-bosaetning-foerer-til-velfaerd\/\"},\"author\":{\"name\":\"Debat\",\"@id\":\"https:\/\/kunmedierne.dk\/mors\/#\/schema\/person\/84c1391bce0b43b9bb3a49736bc0ad78\"},\"headline\":\"&#8211; \u00d8get bos\u00e6tning f\u00f8rer til velf\u00e6rd\",\"datePublished\":\"2021-09-12T13:06:50+00:00\",\"dateModified\":\"2024-08-12T11:36:13+00:00\",\"mainEntityOfPage\":{\"@id\":\"https:\/\/kunmedierne.dk\/mors\/oeget-bosaetning-foerer-til-velfaerd\/\"},\"wordCount\":261,\"commentCount\":0,\"publisher\":{\"@id\":\"https:\/\/kunmedierne.dk\/mors\/#organization\"},\"image\":{\"@id\":\"https:\/\/kunmedierne.dk\/mors\/oeget-bosaetning-foerer-til-velfaerd\/#primaryimage\"},\"thumbnailUrl\":\"https:\/\/kunmedierne.dk\/mors\/wp-content\/uploads\/2021\/09\/0-debat-hans-henrik-ebbesen.jpg\",\"keywords\":[\"Politik\"],\"articleSection\":[\"Debat\"],\"inLanguage\":\"da-DK\",\"potentialAction\":[{\"@type\":\"CommentAction\",\"name\":\"Comment\",\"target\":[\"https:\/\/kunmedierne.dk\/mors\/oeget-bosaetning-foerer-til-velfaerd\/#respond\"]}]},{\"@type\":\"WebPage\",\"@id\":\"https:\/\/kunmedierne.dk\/mors\/oeget-bosaetning-foerer-til-velfaerd\/\",\"url\":\"https:\/\/kunmedierne.dk\/mors\/oeget-bosaetning-foerer-til-velfaerd\/\",\"name\":\"- \u00d8get bos\u00e6tning f\u00f8rer til velf\u00e6rd - Mors\",\"isPartOf\":{\"@id\":\"https:\/\/kunmedierne.dk\/mors\/#website\"},\"primaryImageOfPage\":{\"@id\":\"https:\/\/kunmedierne.dk\/mors\/oeget-bosaetning-foerer-til-velfaerd\/#primaryimage\"},\"image\":{\"@id\":\"https:\/\/kunmedierne.dk\/mors\/oeget-bosaetning-foerer-til-velfaerd\/#primaryimage\"},\"thumbnailUrl\":\"https:\/\/kunmedierne.dk\/mors\/wp-content\/uploads\/2021\/09\/0-debat-hans-henrik-ebbesen.jpg\",\"datePublished\":\"2021-09-12T13:06:50+00:00\",\"dateModified\":\"2024-08-12T11:36:13+00:00\",\"breadcrumb\":{\"@id\":\"https:\/\/kunmedierne.dk\/mors\/oeget-bosaetning-foerer-til-velfaerd\/#breadcrumb\"},\"inLanguage\":\"da-DK\",\"potentialAction\":[{\"@type\":\"ReadAction\",\"target\":[\"https:\/\/kunmedierne.dk\/mors\/oeget-bosaetning-foerer-til-velfaerd\/\"]}]},{\"@type\":\"ImageObject\",\"inLanguage\":\"da-DK\",\"@id\":\"https:\/\/kunmedierne.dk\/mors\/oeget-bosaetning-foerer-til-velfaerd\/#primaryimage\",\"url\":\"https:\/\/kunmedierne.dk\/mors\/wp-content\/uploads\/2021\/09\/0-debat-hans-henrik-ebbesen.jpg\",\"contentUrl\":\"https:\/\/kunmedierne.dk\/mors\/wp-content\/uploads\/2021\/09\/0-debat-hans-henrik-ebbesen.jpg\",\"width\":770,\"height\":513,\"caption\":\"Hans Henriksen Ebbesen, kandidat for Venstre ved Kommunalvalg 2021.\"},{\"@type\":\"BreadcrumbList\",\"@id\":\"https:\/\/kunmedierne.dk\/mors\/oeget-bosaetning-foerer-til-velfaerd\/#breadcrumb\",\"itemListElement\":[{\"@type\":\"ListItem\",\"position\":1,\"name\":\"Hjem\",\"item\":\"https:\/\/kunmedierne.dk\/mors\/\"},{\"@type\":\"ListItem\",\"position\":2,\"name\":\"&#8211; \u00d8get bos\u00e6tning f\u00f8rer til velf\u00e6rd\"}]},{\"@type\":\"WebSite\",\"@id\":\"https:\/\/kunmedierne.dk\/mors\/#website\",\"url\":\"https:\/\/kunmedierne.dk\/mors\/\",\"name\":\"Mors\",\"description\":\"et netmedie med journalistik om livet p\u00e5 Mors\",\"publisher\":{\"@id\":\"https:\/\/kunmedierne.dk\/mors\/#organization\"},\"potentialAction\":[{\"@type\":\"SearchAction\",\"target\":{\"@type\":\"EntryPoint\",\"urlTemplate\":\"https:\/\/kunmedierne.dk\/mors\/?s={search_term_string}\"},\"query-input\":{\"@type\":\"PropertyValueSpecification\",\"valueRequired\":true,\"valueName\":\"search_term_string\"}}],\"inLanguage\":\"da-DK\"},{\"@type\":\"Organization\",\"@id\":\"https:\/\/kunmedierne.dk\/mors\/#organization\",\"name\":\"Mors\",\"url\":\"https:\/\/kunmedierne.dk\/mors\/\",\"logo\":{\"@type\":\"ImageObject\",\"inLanguage\":\"da-DK\",\"@id\":\"https:\/\/kunmedierne.dk\/mors\/#\/schema\/logo\/image\/\",\"url\":\"https:\/\/kunmedierne.dk\/mors\/wp-content\/uploads\/2024\/08\/kunmors-logo.svg\",\"contentUrl\":\"https:\/\/kunmedierne.dk\/mors\/wp-content\/uploads\/2024\/08\/kunmors-logo.svg\",\"caption\":\"Mors\"},\"image\":{\"@id\":\"https:\/\/kunmedierne.dk\/mors\/#\/schema\/logo\/image\/\"}},{\"@type\":\"Person\",\"@id\":\"https:\/\/kunmedierne.dk\/mors\/#\/schema\/person\/84c1391bce0b43b9bb3a49736bc0ad78\",\"name\":\"Debat\",\"image\":{\"@type\":\"ImageObject\",\"inLanguage\":\"da-DK\",\"@id\":\"https:\/\/kunmedierne.dk\/mors\/#\/schema\/person\/image\/\",\"url\":\"https:\/\/secure.gravatar.com\/avatar\/b0fb2e221d618f7c65162ab0d49c7e8a0b580c871ca03af90e42b47b4150654c?s=96&d=mm&r=g\",\"contentUrl\":\"https:\/\/secure.gravatar.com\/avatar\/b0fb2e221d618f7c65162ab0d49c7e8a0b580c871ca03af90e42b47b4150654c?s=96&d=mm&r=g\",\"caption\":\"Debat\"},\"url\":\"https:\/\/kunmedierne.dk\/mors\/author\/debat\/\"}]}<\/script>\n<!-- \/ Yoast SEO plugin. -->","yoast_head_json":{"title":"- \u00d8get bos\u00e6tning f\u00f8rer til velf\u00e6rd - Mors","robots":{"index":"index","follow":"follow","max-snippet":"max-snippet:-1","max-image-preview":"max-image-preview:large","max-video-preview":"max-video-preview:-1"},"canonical":"https:\/\/kunmedierne.dk\/mors\/oeget-bosaetning-foerer-til-velfaerd\/","og_locale":"da_DK","og_type":"article","og_title":"- \u00d8get bos\u00e6tning f\u00f8rer til velf\u00e6rd - Mors","og_description":"Hans Henrik Ebbesen, kandidat for Venstre til efter\u00e5rets kommunalvalg, har sendt dette debatindl\u00e6g: MORS:Det er lykkedes at stoppe faldet i befolkningstallet p\u00e5 Mors. Der flytter faktisk nu flere til Mors, end fra \u00f8en. Men der d\u00f8r flere, end der bliver f\u00f8dt, hvilket betyder, at indbyggertallet har stabiliseret sig omkring 20.000. Befolkningssammens\u00e6tningen g\u00f8r, at der er [&hellip;]","og_url":"https:\/\/kunmedierne.dk\/mors\/oeget-bosaetning-foerer-til-velfaerd\/","og_site_name":"Mors","article_published_time":"2021-09-12T13:06:50+00:00","article_modified_time":"2024-08-12T11:36:13+00:00","og_image":[{"width":770,"height":513,"url":"https:\/\/kunmedierne.dk\/mors\/wp-content\/uploads\/2021\/09\/0-debat-hans-henrik-ebbesen.jpg","type":"image\/jpeg"}],"author":"Debat","twitter_card":"summary_large_image","twitter_misc":{"Skrevet af":"Debat","Estimeret l\u00e6setid":"2 minutter"},"schema":{"@context":"https:\/\/schema.org","@graph":[{"@type":"Article","@id":"https:\/\/kunmedierne.dk\/mors\/oeget-bosaetning-foerer-til-velfaerd\/#article","isPartOf":{"@id":"https:\/\/kunmedierne.dk\/mors\/oeget-bosaetning-foerer-til-velfaerd\/"},"author":{"name":"Debat","@id":"https:\/\/kunmedierne.dk\/mors\/#\/schema\/person\/84c1391bce0b43b9bb3a49736bc0ad78"},"headline":"&#8211; \u00d8get bos\u00e6tning f\u00f8rer til velf\u00e6rd","datePublished":"2021-09-12T13:06:50+00:00","dateModified":"2024-08-12T11:36:13+00:00","mainEntityOfPage":{"@id":"https:\/\/kunmedierne.dk\/mors\/oeget-bosaetning-foerer-til-velfaerd\/"},"wordCount":261,"commentCount":0,"publisher":{"@id":"https:\/\/kunmedierne.dk\/mors\/#organization"},"image":{"@id":"https:\/\/kunmedierne.dk\/mors\/oeget-bosaetning-foerer-til-velfaerd\/#primaryimage"},"thumbnailUrl":"https:\/\/kunmedierne.dk\/mors\/wp-content\/uploads\/2021\/09\/0-debat-hans-henrik-ebbesen.jpg","keywords":["Politik"],"articleSection":["Debat"],"inLanguage":"da-DK","potentialAction":[{"@type":"CommentAction","name":"Comment","target":["https:\/\/kunmedierne.dk\/mors\/oeget-bosaetning-foerer-til-velfaerd\/#respond"]}]},{"@type":"WebPage","@id":"https:\/\/kunmedierne.dk\/mors\/oeget-bosaetning-foerer-til-velfaerd\/","url":"https:\/\/kunmedierne.dk\/mors\/oeget-bosaetning-foerer-til-velfaerd\/","name":"- \u00d8get bos\u00e6tning f\u00f8rer til velf\u00e6rd - Mors","isPartOf":{"@id":"https:\/\/kunmedierne.dk\/mors\/#website"},"primaryImageOfPage":{"@id":"https:\/\/kunmedierne.dk\/mors\/oeget-bosaetning-foerer-til-velfaerd\/#primaryimage"},"image":{"@id":"https:\/\/kunmedierne.dk\/mors\/oeget-bosaetning-foerer-til-velfaerd\/#primaryimage"},"thumbnailUrl":"https:\/\/kunmedierne.dk\/mors\/wp-content\/uploads\/2021\/09\/0-debat-hans-henrik-ebbesen.jpg","datePublished":"2021-09-12T13:06:50+00:00","dateModified":"2024-08-12T11:36:13+00:00","breadcrumb":{"@id":"https:\/\/kunmedierne.dk\/mors\/oeget-bosaetning-foerer-til-velfaerd\/#breadcrumb"},"inLanguage":"da-DK","potentialAction":[{"@type":"ReadAction","target":["https:\/\/kunmedierne.dk\/mors\/oeget-bosaetning-foerer-til-velfaerd\/"]}]},{"@type":"ImageObject","inLanguage":"da-DK","@id":"https:\/\/kunmedierne.dk\/mors\/oeget-bosaetning-foerer-til-velfaerd\/#primaryimage","url":"https:\/\/kunmedierne.dk\/mors\/wp-content\/uploads\/2021\/09\/0-debat-hans-henrik-ebbesen.jpg","contentUrl":"https:\/\/kunmedierne.dk\/mors\/wp-content\/uploads\/2021\/09\/0-debat-hans-henrik-ebbesen.jpg","width":770,"height":513,"caption":"Hans Henriksen Ebbesen, kandidat for Venstre ved Kommunalvalg 2021."},{"@type":"BreadcrumbList","@id":"https:\/\/kunmedierne.dk\/mors\/oeget-bosaetning-foerer-til-velfaerd\/#breadcrumb","itemListElement":[{"@type":"ListItem","position":1,"name":"Hjem","item":"https:\/\/kunmedierne.dk\/mors\/"},{"@type":"ListItem","position":2,"name":"&#8211; \u00d8get bos\u00e6tning f\u00f8rer til velf\u00e6rd"}]},{"@type":"WebSite","@id":"https:\/\/kunmedierne.dk\/mors\/#website","url":"https:\/\/kunmedierne.dk\/mors\/","name":"Mors","description":"et netmedie med journalistik om livet p\u00e5 Mors","publisher":{"@id":"https:\/\/kunmedierne.dk\/mors\/#organization"},"potentialAction":[{"@type":"SearchAction","target":{"@type":"EntryPoint","urlTemplate":"https:\/\/kunmedierne.dk\/mors\/?s={search_term_string}"},"query-input":{"@type":"PropertyValueSpecification","valueRequired":true,"valueName":"search_term_string"}}],"inLanguage":"da-DK"},{"@type":"Organization","@id":"https:\/\/kunmedierne.dk\/mors\/#organization","name":"Mors","url":"https:\/\/kunmedierne.dk\/mors\/","logo":{"@type":"ImageObject","inLanguage":"da-DK","@id":"https:\/\/kunmedierne.dk\/mors\/#\/schema\/logo\/image\/","url":"https:\/\/kunmedierne.dk\/mors\/wp-content\/uploads\/2024\/08\/kunmors-logo.svg","contentUrl":"https:\/\/kunmedierne.dk\/mors\/wp-content\/uploads\/2024\/08\/kunmors-logo.svg","caption":"Mors"},"image":{"@id":"https:\/\/kunmedierne.dk\/mors\/#\/schema\/logo\/image\/"}},{"@type":"Person","@id":"https:\/\/kunmedierne.dk\/mors\/#\/schema\/person\/84c1391bce0b43b9bb3a49736bc0ad78","name":"Debat","image":{"@type":"ImageObject","inLanguage":"da-DK","@id":"https:\/\/kunmedierne.dk\/mors\/#\/schema\/person\/image\/","url":"https:\/\/secure.gravatar.com\/avatar\/b0fb2e221d618f7c65162ab0d49c7e8a0b580c871ca03af90e42b47b4150654c?s=96&d=mm&r=g","contentUrl":"https:\/\/secure.gravatar.com\/avatar\/b0fb2e221d618f7c65162ab0d49c7e8a0b580c871ca03af90e42b47b4150654c?s=96&d=mm&r=g","caption":"Debat"},"url":"https:\/\/kunmedierne.dk\/mors\/author\/debat\/"}]}},"_links":{"self":[{"href":"https:\/\/kunmedierne.dk\/mors\/wp-json\/wp\/v2\/posts\/52268","targetHints":{"allow":["GET"]}}],"collection":[{"href":"https:\/\/kunmedierne.dk\/mors\/wp-json\/wp\/v2\/posts"}],"about":[{"href":"https:\/\/kunmedierne.dk\/mors\/wp-json\/wp\/v2\/types\/post"}],"author":[{"embeddable":true,"href":"https:\/\/kunmedierne.dk\/mors\/wp-json\/wp\/v2\/users\/11"}],"replies":[{"embeddable":true,"href":"https:\/\/kunmedierne.dk\/mors\/wp-json\/wp\/v2\/comments?post=52268"}],"version-history":[{"count":1,"href":"https:\/\/kunmedierne.dk\/mors\/wp-json\/wp\/v2\/posts\/52268\/revisions"}],"predecessor-version":[{"id":52269,"href":"https:\/\/kunmedierne.dk\/mors\/wp-json\/wp\/v2\/posts\/52268\/revisions\/52269"}],"wp:featuredmedia":[{"embeddable":true,"href":"https:\/\/kunmedierne.dk\/mors\/wp-json\/wp\/v2\/media\/52271"}],"wp:attachment":[{"href":"https:\/\/kunmedierne.dk\/mors\/wp-json\/wp\/v2\/media?parent=52268"}],"wp:term":[{"taxonomy":"category","embeddable":true,"href":"https:\/\/kunmedierne.dk\/mors\/wp-json\/wp\/v2\/categories?post=52268"},{"taxonomy":"post_tag","embeddable":true,"href":"https:\/\/kunmedierne.dk\/mors\/wp-json\/wp\/v2\/tags?post=52268"}],"curies":[{"name":"wp","href":"https:\/\/api.w.org\/{rel}","templated":true}]}}