{"id":52061,"date":"2021-09-08T22:22:16","date_gmt":"2021-09-08T20:22:16","guid":{"rendered":"https:\/\/kunmedierne.dk\/mors\/?p=52061"},"modified":"2024-08-12T13:36:14","modified_gmt":"2024-08-12T11:36:14","slug":"ja-tak-til-kommunesamarbejder","status":"publish","type":"post","link":"https:\/\/kunmedierne.dk\/mors\/ja-tak-til-kommunesamarbejder\/","title":{"rendered":"&#8211; Ja tak til kommunesamarbejder!"},"content":{"rendered":"<p><em>Poul Kristensen, kandidat til kommunalvalget for Socialdemokratiet, har sendt dette debatindl\u00e6g:<\/em><\/p>\n<hr \/>\n<p>Inden sommerferien var udvalgsform\u00e6ndene for de tekniske udvalg i Mors\u00f8 Kommune og Thisted Kommune i en lidt m\u00e6rkelig dialog om sagsbehandlingen i forbindelse med det nye erhvervsomr\u00e5de i Nyk\u00f8bing.<\/p>\n<p>Jeg kender ikke den dybere baggrund for dialogen ej heller, hvem der startede den, men jeg syntes, det er politik i en hel forkert retning.<\/p>\n<p>I stedet b\u00f8r der satses p\u00e5 samarbejde mellem de 2 kommuner. <a href=\"https:\/\/www.sparv.dk\/\"><img loading=\"lazy\" decoding=\"async\" class=\"alignright size-full wp-image-46602\" src=\"https:\/\/kunmedierne.dk\/mors\/wp-content\/uploads\/2021\/06\/t11.jpg\" alt=\"\" width=\"1400\" height=\"125\" srcset=\"https:\/\/kunmedierne.dk\/mors\/wp-content\/uploads\/2021\/06\/t11.jpg 1400w, https:\/\/kunmedierne.dk\/mors\/wp-content\/uploads\/2021\/06\/t11-300x27.jpg 300w, https:\/\/kunmedierne.dk\/mors\/wp-content\/uploads\/2021\/06\/t11-1024x91.jpg 1024w, https:\/\/kunmedierne.dk\/mors\/wp-content\/uploads\/2021\/06\/t11-768x69.jpg 768w, https:\/\/kunmedierne.dk\/mors\/wp-content\/uploads\/2021\/06\/t11-600x54.jpg 600w\" sizes=\"auto, (max-width: 1400px) 100vw, 1400px\" \/><\/a><\/p>\n<p>Hverken Mors\u00f8, Thisted eller for den sags skyld Skive Kommune er store kommuner, n\u00e5r man kigger p\u00e5 indbyggertallet. Jeg tror, at alle 3 kommuner kunne have fordele af et samarbejde.<\/p>\n<p>Det at drive en kommune bliver ikke nemmere, s\u00e5 hvorfor ikke indg\u00e5 forpligtende samarbejder p\u00e5 forvaltningsniveau p\u00e5 omr\u00e5der, hvor kompetencerne kan udnyttes til gavn for alle.<\/p>\n<p>Thisted Kommune er dygtige med blandt andet Nationalpark Thy og Cold Hawaii, og jeg kan sagtens se et udvidet samarbejde med Jesperhus og et kommende oplevelsescenter for moler.<\/p>\n<p>Jeg er dybt misundelig p\u00e5 Skive Kommunes langsigtede opbygning af energiomr\u00e5det Green Lap ved K\u00e5strup. M\u00e5ske Mors kunne h\u00e6gte sig p\u00e5, s\u00e5 vi p\u00e5 \u00e9n eller anden m\u00e5de f\u00e5r gang i noget p\u00e5 energiomr\u00e5det, hvor det i dag halter rigtig meget. <a href=\"https:\/\/thistedkloakservice.dk\/\"><img loading=\"lazy\" decoding=\"async\" class=\"alignright size-full wp-image-46603\" src=\"https:\/\/kunmedierne.dk\/mors\/wp-content\/uploads\/2021\/06\/t12.jpg\" alt=\"\" width=\"1400\" height=\"125\" srcset=\"https:\/\/kunmedierne.dk\/mors\/wp-content\/uploads\/2021\/06\/t12.jpg 1400w, https:\/\/kunmedierne.dk\/mors\/wp-content\/uploads\/2021\/06\/t12-300x27.jpg 300w, https:\/\/kunmedierne.dk\/mors\/wp-content\/uploads\/2021\/06\/t12-1024x91.jpg 1024w, https:\/\/kunmedierne.dk\/mors\/wp-content\/uploads\/2021\/06\/t12-768x69.jpg 768w, https:\/\/kunmedierne.dk\/mors\/wp-content\/uploads\/2021\/06\/t12-600x54.jpg 600w\" sizes=\"auto, (max-width: 1400px) 100vw, 1400px\" \/><\/a><\/p>\n<p>F\u00e5r jeg lov, vil jeg i de kommende 4 \u00e5r arbejde p\u00e5 at f\u00e5 samarbejdet med vore naboer op i et h\u00f8jere gear. De politiske udvalg kunne m\u00f8des regelm\u00e6ssigt og arbejde sammen i stedet for at modarbejde hinanden.<\/p>\n<p>Og for god ordens skyld, jeg ser ikke samarbejdet som nogen trussel for Mors\u00f8 Kommunes selvst\u00e6ndighed. For mig drejer det sig om at komme l\u00e6ngere i f\u00e6llesskab og skabe synergier.<\/p>\n<p>For \u201dsammen er vi bedst\u201d.<\/p>\n<hr \/>\n<p><em>Har du et bidrag til den lokale debat? Send det til os p\u00e5 e-mail: debat@kunmedierne.dk\/mors. Husk at l\u00e6se korrektur inden afsendelse p\u00e5 indl\u00e6gget.<\/em><\/p>\n","protected":false},"excerpt":{"rendered":"<p>Poul Kristensen, kandidat til kommunalvalget for Socialdemokratiet, har sendt dette debatindl\u00e6g: Inden sommerferien var udvalgsform\u00e6ndene for de tekniske udvalg i Mors\u00f8 Kommune og Thisted Kommune i en lidt m\u00e6rkelig dialog om sagsbehandlingen i forbindelse med det nye erhvervsomr\u00e5de i Nyk\u00f8bing. Jeg kender ikke den dybere baggrund for dialogen ej heller, hvem der startede den, men [&hellip;]<\/p>\n","protected":false},"author":11,"featured_media":52064,"comment_status":"open","ping_status":"open","sticky":false,"template":"","format":"standard","meta":{"_acf_changed":false,"footnotes":""},"categories":[56],"tags":[167],"class_list":["post-52061","post","type-post","status-publish","format-standard","has-post-thumbnail","hentry","category-debat","tag-politik"],"acf":[],"yoast_head":"<!-- This site is optimized with the Yoast SEO plugin v26.8 - https:\/\/yoast.com\/product\/yoast-seo-wordpress\/ -->\n<title>- Ja tak til kommunesamarbejder! - Mors<\/title>\n<meta name=\"robots\" content=\"index, follow, max-snippet:-1, max-image-preview:large, max-video-preview:-1\" \/>\n<link rel=\"canonical\" href=\"https:\/\/kunmedierne.dk\/mors\/ja-tak-til-kommunesamarbejder\/\" \/>\n<meta property=\"og:locale\" content=\"da_DK\" \/>\n<meta property=\"og:type\" content=\"article\" \/>\n<meta property=\"og:title\" content=\"- Ja tak til kommunesamarbejder! - Mors\" \/>\n<meta property=\"og:description\" content=\"Poul Kristensen, kandidat til kommunalvalget for Socialdemokratiet, har sendt dette debatindl\u00e6g: Inden sommerferien var udvalgsform\u00e6ndene for de tekniske udvalg i Mors\u00f8 Kommune og Thisted Kommune i en lidt m\u00e6rkelig dialog om sagsbehandlingen i forbindelse med det nye erhvervsomr\u00e5de i Nyk\u00f8bing. Jeg kender ikke den dybere baggrund for dialogen ej heller, hvem der startede den, men [&hellip;]\" \/>\n<meta property=\"og:url\" content=\"https:\/\/kunmedierne.dk\/mors\/ja-tak-til-kommunesamarbejder\/\" \/>\n<meta property=\"og:site_name\" content=\"Mors\" \/>\n<meta property=\"article:published_time\" content=\"2021-09-08T20:22:16+00:00\" \/>\n<meta property=\"article:modified_time\" content=\"2024-08-12T11:36:14+00:00\" \/>\n<meta property=\"og:image\" content=\"https:\/\/kunmedierne.dk\/mors\/wp-content\/uploads\/2021\/09\/poul-kristensen.jpg\" \/>\n\t<meta property=\"og:image:width\" content=\"770\" \/>\n\t<meta property=\"og:image:height\" content=\"514\" \/>\n\t<meta property=\"og:image:type\" content=\"image\/jpeg\" \/>\n<meta name=\"author\" content=\"Debat\" \/>\n<meta name=\"twitter:card\" content=\"summary_large_image\" \/>\n<meta name=\"twitter:label1\" content=\"Skrevet af\" \/>\n\t<meta name=\"twitter:data1\" content=\"Debat\" \/>\n\t<meta name=\"twitter:label2\" content=\"Estimeret l\u00e6setid\" \/>\n\t<meta name=\"twitter:data2\" content=\"2 minutter\" \/>\n<script type=\"application\/ld+json\" class=\"yoast-schema-graph\">{\"@context\":\"https:\/\/schema.org\",\"@graph\":[{\"@type\":\"Article\",\"@id\":\"https:\/\/kunmedierne.dk\/mors\/ja-tak-til-kommunesamarbejder\/#article\",\"isPartOf\":{\"@id\":\"https:\/\/kunmedierne.dk\/mors\/ja-tak-til-kommunesamarbejder\/\"},\"author\":{\"name\":\"Debat\",\"@id\":\"https:\/\/kunmedierne.dk\/mors\/#\/schema\/person\/84c1391bce0b43b9bb3a49736bc0ad78\"},\"headline\":\"&#8211; Ja tak til kommunesamarbejder!\",\"datePublished\":\"2021-09-08T20:22:16+00:00\",\"dateModified\":\"2024-08-12T11:36:14+00:00\",\"mainEntityOfPage\":{\"@id\":\"https:\/\/kunmedierne.dk\/mors\/ja-tak-til-kommunesamarbejder\/\"},\"wordCount\":325,\"commentCount\":0,\"publisher\":{\"@id\":\"https:\/\/kunmedierne.dk\/mors\/#organization\"},\"image\":{\"@id\":\"https:\/\/kunmedierne.dk\/mors\/ja-tak-til-kommunesamarbejder\/#primaryimage\"},\"thumbnailUrl\":\"https:\/\/kunmedierne.dk\/mors\/wp-content\/uploads\/2021\/09\/poul-kristensen.jpg\",\"keywords\":[\"Politik\"],\"articleSection\":[\"Debat\"],\"inLanguage\":\"da-DK\",\"potentialAction\":[{\"@type\":\"CommentAction\",\"name\":\"Comment\",\"target\":[\"https:\/\/kunmedierne.dk\/mors\/ja-tak-til-kommunesamarbejder\/#respond\"]}]},{\"@type\":\"WebPage\",\"@id\":\"https:\/\/kunmedierne.dk\/mors\/ja-tak-til-kommunesamarbejder\/\",\"url\":\"https:\/\/kunmedierne.dk\/mors\/ja-tak-til-kommunesamarbejder\/\",\"name\":\"- Ja tak til kommunesamarbejder! - Mors\",\"isPartOf\":{\"@id\":\"https:\/\/kunmedierne.dk\/mors\/#website\"},\"primaryImageOfPage\":{\"@id\":\"https:\/\/kunmedierne.dk\/mors\/ja-tak-til-kommunesamarbejder\/#primaryimage\"},\"image\":{\"@id\":\"https:\/\/kunmedierne.dk\/mors\/ja-tak-til-kommunesamarbejder\/#primaryimage\"},\"thumbnailUrl\":\"https:\/\/kunmedierne.dk\/mors\/wp-content\/uploads\/2021\/09\/poul-kristensen.jpg\",\"datePublished\":\"2021-09-08T20:22:16+00:00\",\"dateModified\":\"2024-08-12T11:36:14+00:00\",\"breadcrumb\":{\"@id\":\"https:\/\/kunmedierne.dk\/mors\/ja-tak-til-kommunesamarbejder\/#breadcrumb\"},\"inLanguage\":\"da-DK\",\"potentialAction\":[{\"@type\":\"ReadAction\",\"target\":[\"https:\/\/kunmedierne.dk\/mors\/ja-tak-til-kommunesamarbejder\/\"]}]},{\"@type\":\"ImageObject\",\"inLanguage\":\"da-DK\",\"@id\":\"https:\/\/kunmedierne.dk\/mors\/ja-tak-til-kommunesamarbejder\/#primaryimage\",\"url\":\"https:\/\/kunmedierne.dk\/mors\/wp-content\/uploads\/2021\/09\/poul-kristensen.jpg\",\"contentUrl\":\"https:\/\/kunmedierne.dk\/mors\/wp-content\/uploads\/2021\/09\/poul-kristensen.jpg\",\"width\":770,\"height\":514,\"caption\":\"Poul Kristensen vil have mere samarbejde mellem Mors\u00f8 Kommune og Thisted Kommune.\"},{\"@type\":\"BreadcrumbList\",\"@id\":\"https:\/\/kunmedierne.dk\/mors\/ja-tak-til-kommunesamarbejder\/#breadcrumb\",\"itemListElement\":[{\"@type\":\"ListItem\",\"position\":1,\"name\":\"Hjem\",\"item\":\"https:\/\/kunmedierne.dk\/mors\/\"},{\"@type\":\"ListItem\",\"position\":2,\"name\":\"&#8211; Ja tak til kommunesamarbejder!\"}]},{\"@type\":\"WebSite\",\"@id\":\"https:\/\/kunmedierne.dk\/mors\/#website\",\"url\":\"https:\/\/kunmedierne.dk\/mors\/\",\"name\":\"Mors\",\"description\":\"et netmedie med journalistik om livet p\u00e5 Mors\",\"publisher\":{\"@id\":\"https:\/\/kunmedierne.dk\/mors\/#organization\"},\"potentialAction\":[{\"@type\":\"SearchAction\",\"target\":{\"@type\":\"EntryPoint\",\"urlTemplate\":\"https:\/\/kunmedierne.dk\/mors\/?s={search_term_string}\"},\"query-input\":{\"@type\":\"PropertyValueSpecification\",\"valueRequired\":true,\"valueName\":\"search_term_string\"}}],\"inLanguage\":\"da-DK\"},{\"@type\":\"Organization\",\"@id\":\"https:\/\/kunmedierne.dk\/mors\/#organization\",\"name\":\"Mors\",\"url\":\"https:\/\/kunmedierne.dk\/mors\/\",\"logo\":{\"@type\":\"ImageObject\",\"inLanguage\":\"da-DK\",\"@id\":\"https:\/\/kunmedierne.dk\/mors\/#\/schema\/logo\/image\/\",\"url\":\"https:\/\/kunmedierne.dk\/mors\/wp-content\/uploads\/2024\/08\/kunmors-logo.svg\",\"contentUrl\":\"https:\/\/kunmedierne.dk\/mors\/wp-content\/uploads\/2024\/08\/kunmors-logo.svg\",\"caption\":\"Mors\"},\"image\":{\"@id\":\"https:\/\/kunmedierne.dk\/mors\/#\/schema\/logo\/image\/\"}},{\"@type\":\"Person\",\"@id\":\"https:\/\/kunmedierne.dk\/mors\/#\/schema\/person\/84c1391bce0b43b9bb3a49736bc0ad78\",\"name\":\"Debat\",\"image\":{\"@type\":\"ImageObject\",\"inLanguage\":\"da-DK\",\"@id\":\"https:\/\/kunmedierne.dk\/mors\/#\/schema\/person\/image\/\",\"url\":\"https:\/\/secure.gravatar.com\/avatar\/b0fb2e221d618f7c65162ab0d49c7e8a0b580c871ca03af90e42b47b4150654c?s=96&d=mm&r=g\",\"contentUrl\":\"https:\/\/secure.gravatar.com\/avatar\/b0fb2e221d618f7c65162ab0d49c7e8a0b580c871ca03af90e42b47b4150654c?s=96&d=mm&r=g\",\"caption\":\"Debat\"},\"url\":\"https:\/\/kunmedierne.dk\/mors\/author\/debat\/\"}]}<\/script>\n<!-- \/ Yoast SEO plugin. -->","yoast_head_json":{"title":"- Ja tak til kommunesamarbejder! - Mors","robots":{"index":"index","follow":"follow","max-snippet":"max-snippet:-1","max-image-preview":"max-image-preview:large","max-video-preview":"max-video-preview:-1"},"canonical":"https:\/\/kunmedierne.dk\/mors\/ja-tak-til-kommunesamarbejder\/","og_locale":"da_DK","og_type":"article","og_title":"- Ja tak til kommunesamarbejder! - Mors","og_description":"Poul Kristensen, kandidat til kommunalvalget for Socialdemokratiet, har sendt dette debatindl\u00e6g: Inden sommerferien var udvalgsform\u00e6ndene for de tekniske udvalg i Mors\u00f8 Kommune og Thisted Kommune i en lidt m\u00e6rkelig dialog om sagsbehandlingen i forbindelse med det nye erhvervsomr\u00e5de i Nyk\u00f8bing. Jeg kender ikke den dybere baggrund for dialogen ej heller, hvem der startede den, men [&hellip;]","og_url":"https:\/\/kunmedierne.dk\/mors\/ja-tak-til-kommunesamarbejder\/","og_site_name":"Mors","article_published_time":"2021-09-08T20:22:16+00:00","article_modified_time":"2024-08-12T11:36:14+00:00","og_image":[{"width":770,"height":514,"url":"https:\/\/kunmedierne.dk\/mors\/wp-content\/uploads\/2021\/09\/poul-kristensen.jpg","type":"image\/jpeg"}],"author":"Debat","twitter_card":"summary_large_image","twitter_misc":{"Skrevet af":"Debat","Estimeret l\u00e6setid":"2 minutter"},"schema":{"@context":"https:\/\/schema.org","@graph":[{"@type":"Article","@id":"https:\/\/kunmedierne.dk\/mors\/ja-tak-til-kommunesamarbejder\/#article","isPartOf":{"@id":"https:\/\/kunmedierne.dk\/mors\/ja-tak-til-kommunesamarbejder\/"},"author":{"name":"Debat","@id":"https:\/\/kunmedierne.dk\/mors\/#\/schema\/person\/84c1391bce0b43b9bb3a49736bc0ad78"},"headline":"&#8211; Ja tak til kommunesamarbejder!","datePublished":"2021-09-08T20:22:16+00:00","dateModified":"2024-08-12T11:36:14+00:00","mainEntityOfPage":{"@id":"https:\/\/kunmedierne.dk\/mors\/ja-tak-til-kommunesamarbejder\/"},"wordCount":325,"commentCount":0,"publisher":{"@id":"https:\/\/kunmedierne.dk\/mors\/#organization"},"image":{"@id":"https:\/\/kunmedierne.dk\/mors\/ja-tak-til-kommunesamarbejder\/#primaryimage"},"thumbnailUrl":"https:\/\/kunmedierne.dk\/mors\/wp-content\/uploads\/2021\/09\/poul-kristensen.jpg","keywords":["Politik"],"articleSection":["Debat"],"inLanguage":"da-DK","potentialAction":[{"@type":"CommentAction","name":"Comment","target":["https:\/\/kunmedierne.dk\/mors\/ja-tak-til-kommunesamarbejder\/#respond"]}]},{"@type":"WebPage","@id":"https:\/\/kunmedierne.dk\/mors\/ja-tak-til-kommunesamarbejder\/","url":"https:\/\/kunmedierne.dk\/mors\/ja-tak-til-kommunesamarbejder\/","name":"- Ja tak til kommunesamarbejder! - Mors","isPartOf":{"@id":"https:\/\/kunmedierne.dk\/mors\/#website"},"primaryImageOfPage":{"@id":"https:\/\/kunmedierne.dk\/mors\/ja-tak-til-kommunesamarbejder\/#primaryimage"},"image":{"@id":"https:\/\/kunmedierne.dk\/mors\/ja-tak-til-kommunesamarbejder\/#primaryimage"},"thumbnailUrl":"https:\/\/kunmedierne.dk\/mors\/wp-content\/uploads\/2021\/09\/poul-kristensen.jpg","datePublished":"2021-09-08T20:22:16+00:00","dateModified":"2024-08-12T11:36:14+00:00","breadcrumb":{"@id":"https:\/\/kunmedierne.dk\/mors\/ja-tak-til-kommunesamarbejder\/#breadcrumb"},"inLanguage":"da-DK","potentialAction":[{"@type":"ReadAction","target":["https:\/\/kunmedierne.dk\/mors\/ja-tak-til-kommunesamarbejder\/"]}]},{"@type":"ImageObject","inLanguage":"da-DK","@id":"https:\/\/kunmedierne.dk\/mors\/ja-tak-til-kommunesamarbejder\/#primaryimage","url":"https:\/\/kunmedierne.dk\/mors\/wp-content\/uploads\/2021\/09\/poul-kristensen.jpg","contentUrl":"https:\/\/kunmedierne.dk\/mors\/wp-content\/uploads\/2021\/09\/poul-kristensen.jpg","width":770,"height":514,"caption":"Poul Kristensen vil have mere samarbejde mellem Mors\u00f8 Kommune og Thisted Kommune."},{"@type":"BreadcrumbList","@id":"https:\/\/kunmedierne.dk\/mors\/ja-tak-til-kommunesamarbejder\/#breadcrumb","itemListElement":[{"@type":"ListItem","position":1,"name":"Hjem","item":"https:\/\/kunmedierne.dk\/mors\/"},{"@type":"ListItem","position":2,"name":"&#8211; Ja tak til kommunesamarbejder!"}]},{"@type":"WebSite","@id":"https:\/\/kunmedierne.dk\/mors\/#website","url":"https:\/\/kunmedierne.dk\/mors\/","name":"Mors","description":"et netmedie med journalistik om livet p\u00e5 Mors","publisher":{"@id":"https:\/\/kunmedierne.dk\/mors\/#organization"},"potentialAction":[{"@type":"SearchAction","target":{"@type":"EntryPoint","urlTemplate":"https:\/\/kunmedierne.dk\/mors\/?s={search_term_string}"},"query-input":{"@type":"PropertyValueSpecification","valueRequired":true,"valueName":"search_term_string"}}],"inLanguage":"da-DK"},{"@type":"Organization","@id":"https:\/\/kunmedierne.dk\/mors\/#organization","name":"Mors","url":"https:\/\/kunmedierne.dk\/mors\/","logo":{"@type":"ImageObject","inLanguage":"da-DK","@id":"https:\/\/kunmedierne.dk\/mors\/#\/schema\/logo\/image\/","url":"https:\/\/kunmedierne.dk\/mors\/wp-content\/uploads\/2024\/08\/kunmors-logo.svg","contentUrl":"https:\/\/kunmedierne.dk\/mors\/wp-content\/uploads\/2024\/08\/kunmors-logo.svg","caption":"Mors"},"image":{"@id":"https:\/\/kunmedierne.dk\/mors\/#\/schema\/logo\/image\/"}},{"@type":"Person","@id":"https:\/\/kunmedierne.dk\/mors\/#\/schema\/person\/84c1391bce0b43b9bb3a49736bc0ad78","name":"Debat","image":{"@type":"ImageObject","inLanguage":"da-DK","@id":"https:\/\/kunmedierne.dk\/mors\/#\/schema\/person\/image\/","url":"https:\/\/secure.gravatar.com\/avatar\/b0fb2e221d618f7c65162ab0d49c7e8a0b580c871ca03af90e42b47b4150654c?s=96&d=mm&r=g","contentUrl":"https:\/\/secure.gravatar.com\/avatar\/b0fb2e221d618f7c65162ab0d49c7e8a0b580c871ca03af90e42b47b4150654c?s=96&d=mm&r=g","caption":"Debat"},"url":"https:\/\/kunmedierne.dk\/mors\/author\/debat\/"}]}},"_links":{"self":[{"href":"https:\/\/kunmedierne.dk\/mors\/wp-json\/wp\/v2\/posts\/52061","targetHints":{"allow":["GET"]}}],"collection":[{"href":"https:\/\/kunmedierne.dk\/mors\/wp-json\/wp\/v2\/posts"}],"about":[{"href":"https:\/\/kunmedierne.dk\/mors\/wp-json\/wp\/v2\/types\/post"}],"author":[{"embeddable":true,"href":"https:\/\/kunmedierne.dk\/mors\/wp-json\/wp\/v2\/users\/11"}],"replies":[{"embeddable":true,"href":"https:\/\/kunmedierne.dk\/mors\/wp-json\/wp\/v2\/comments?post=52061"}],"version-history":[{"count":1,"href":"https:\/\/kunmedierne.dk\/mors\/wp-json\/wp\/v2\/posts\/52061\/revisions"}],"predecessor-version":[{"id":52065,"href":"https:\/\/kunmedierne.dk\/mors\/wp-json\/wp\/v2\/posts\/52061\/revisions\/52065"}],"wp:featuredmedia":[{"embeddable":true,"href":"https:\/\/kunmedierne.dk\/mors\/wp-json\/wp\/v2\/media\/52064"}],"wp:attachment":[{"href":"https:\/\/kunmedierne.dk\/mors\/wp-json\/wp\/v2\/media?parent=52061"}],"wp:term":[{"taxonomy":"category","embeddable":true,"href":"https:\/\/kunmedierne.dk\/mors\/wp-json\/wp\/v2\/categories?post=52061"},{"taxonomy":"post_tag","embeddable":true,"href":"https:\/\/kunmedierne.dk\/mors\/wp-json\/wp\/v2\/tags?post=52061"}],"curies":[{"name":"wp","href":"https:\/\/api.w.org\/{rel}","templated":true}]}}