{"id":51963,"date":"2021-09-07T20:01:26","date_gmt":"2021-09-07T18:01:26","guid":{"rendered":"https:\/\/kunmedierne.dk\/mors\/?p=51963"},"modified":"2024-08-12T13:36:14","modified_gmt":"2024-08-12T11:36:14","slug":"legeland-i-sydvestmors-kultur-og-fritidscenter","status":"publish","type":"post","link":"https:\/\/kunmedierne.dk\/mors\/legeland-i-sydvestmors-kultur-og-fritidscenter\/","title":{"rendered":"Legeland i Sydvestmors Kultur- og Fritidscenter"},"content":{"rendered":"<p><em>VIF Mors Gymnastik har sendt dette til Fritid KunMors:<\/em><\/p>\n<hr \/>\n<p><strong>HVIDBJERG<\/strong>: P\u00e5 s\u00f8ndag d. 12. September holder Sydvestmors kultur og fritidscenter sammen med VIF Mors Gymnastik legedag i hallen.<\/p>\n<div dir=\"auto\">Vi finder alle redskaberne frem og leger. Caf\u00e9en har \u00e5ben og vores Maskot Vildfred kigger forbi og hilser p\u00e5 alle b\u00f8rnene.<\/div>\n<div dir=\"auto\"><\/div>\n<div dir=\"auto\">\n<p>Dato: 12. september klokken 10-13.<\/p>\n<hr \/>\n<p><a href=\"https:\/\/vester-begr.dk\"><img loading=\"lazy\" decoding=\"async\" class=\"alignright size-full wp-image-46593\" src=\"https:\/\/kunmedierne.dk\/mors\/wp-content\/uploads\/2021\/06\/t02.jpg\" alt=\"\" width=\"1400\" height=\"125\" srcset=\"https:\/\/kunmedierne.dk\/mors\/wp-content\/uploads\/2021\/06\/t02.jpg 1400w, https:\/\/kunmedierne.dk\/mors\/wp-content\/uploads\/2021\/06\/t02-300x27.jpg 300w, https:\/\/kunmedierne.dk\/mors\/wp-content\/uploads\/2021\/06\/t02-1024x91.jpg 1024w, https:\/\/kunmedierne.dk\/mors\/wp-content\/uploads\/2021\/06\/t02-768x69.jpg 768w, https:\/\/kunmedierne.dk\/mors\/wp-content\/uploads\/2021\/06\/t02-600x54.jpg 600w\" sizes=\"auto, (max-width: 1400px) 100vw, 1400px\" \/><\/a><em>KunMors stiller en hel sektion med titlen Fritid til r\u00e5dighed for \u00f8ens foreninger og haller\/fritidscentre. Alle har mulighed for at f\u00e5 publiceret to gratis tekster inden for samme kalenderm\u00e5ned om for eksempel livet i foreningen eller kommende tiltag.<\/em><\/p>\n<p><em>Send indl\u00e6g (max 6000 anslag) til KunMors p\u00e5 e-mail: fritid@kunmedierne.dk\/mors. S\u00e5 bringer vi det en af de f\u00f8lgende dage efter modtagelse. Vi p\u00e5tager os ikke at l\u00e6se korrektur p\u00e5 modtaget materiale, s\u00e5 husk at g\u00f8re det selv eller f\u00e5 andre til det.<\/em><\/p>\n<p><em>NB: Indkaldelse til generalforsamling optages kun som annonce.<\/em><\/p>\n<\/div>\n","protected":false},"excerpt":{"rendered":"<p>VIF Mors Gymnastik har sendt dette til Fritid KunMors: HVIDBJERG: P\u00e5 s\u00f8ndag d. 12. September holder Sydvestmors kultur og fritidscenter sammen med VIF Mors Gymnastik legedag i hallen. Vi finder alle redskaberne frem og leger. Caf\u00e9en har \u00e5ben og vores Maskot Vildfred kigger forbi og hilser p\u00e5 alle b\u00f8rnene. Dato: 12. september klokken 10-13. KunMors [&hellip;]<\/p>\n","protected":false},"author":747,"featured_media":51964,"comment_status":"open","ping_status":"open","sticky":false,"template":"","format":"standard","meta":{"_acf_changed":false,"footnotes":""},"categories":[51],"tags":[196],"class_list":["post-51963","post","type-post","status-publish","format-standard","has-post-thumbnail","hentry","category-lokalt","tag-foreningsliv"],"acf":[],"yoast_head":"<!-- This site is optimized with the Yoast SEO plugin v26.8 - https:\/\/yoast.com\/product\/yoast-seo-wordpress\/ -->\n<title>Legeland i Sydvestmors Kultur- og Fritidscenter - Mors<\/title>\n<meta name=\"robots\" content=\"index, follow, max-snippet:-1, max-image-preview:large, max-video-preview:-1\" \/>\n<link rel=\"canonical\" href=\"https:\/\/kunmedierne.dk\/mors\/legeland-i-sydvestmors-kultur-og-fritidscenter\/\" \/>\n<meta property=\"og:locale\" content=\"da_DK\" \/>\n<meta property=\"og:type\" content=\"article\" \/>\n<meta property=\"og:title\" content=\"Legeland i Sydvestmors Kultur- og Fritidscenter - Mors\" \/>\n<meta property=\"og:description\" content=\"VIF Mors Gymnastik har sendt dette til Fritid KunMors: HVIDBJERG: P\u00e5 s\u00f8ndag d. 12. September holder Sydvestmors kultur og fritidscenter sammen med VIF Mors Gymnastik legedag i hallen. Vi finder alle redskaberne frem og leger. Caf\u00e9en har \u00e5ben og vores Maskot Vildfred kigger forbi og hilser p\u00e5 alle b\u00f8rnene. Dato: 12. september klokken 10-13. KunMors [&hellip;]\" \/>\n<meta property=\"og:url\" content=\"https:\/\/kunmedierne.dk\/mors\/legeland-i-sydvestmors-kultur-og-fritidscenter\/\" \/>\n<meta property=\"og:site_name\" content=\"Mors\" \/>\n<meta property=\"article:published_time\" content=\"2021-09-07T18:01:26+00:00\" \/>\n<meta property=\"article:modified_time\" content=\"2024-08-12T11:36:14+00:00\" \/>\n<meta property=\"og:image\" content=\"https:\/\/kunmedierne.dk\/mors\/wp-content\/uploads\/2021\/09\/vif.jpg\" \/>\n\t<meta property=\"og:image:width\" content=\"770\" \/>\n\t<meta property=\"og:image:height\" content=\"512\" \/>\n\t<meta property=\"og:image:type\" content=\"image\/jpeg\" \/>\n<meta name=\"author\" content=\"Redaktion\" \/>\n<meta name=\"twitter:card\" content=\"summary_large_image\" \/>\n<meta name=\"twitter:label1\" content=\"Skrevet af\" \/>\n\t<meta name=\"twitter:data1\" content=\"Redaktion\" \/>\n\t<meta name=\"twitter:label2\" content=\"Estimeret l\u00e6setid\" \/>\n\t<meta name=\"twitter:data2\" content=\"1 minut\" \/>\n<script type=\"application\/ld+json\" class=\"yoast-schema-graph\">{\"@context\":\"https:\/\/schema.org\",\"@graph\":[{\"@type\":\"Article\",\"@id\":\"https:\/\/kunmedierne.dk\/mors\/legeland-i-sydvestmors-kultur-og-fritidscenter\/#article\",\"isPartOf\":{\"@id\":\"https:\/\/kunmedierne.dk\/mors\/legeland-i-sydvestmors-kultur-og-fritidscenter\/\"},\"author\":{\"name\":\"Redaktion\",\"@id\":\"https:\/\/kunmedierne.dk\/mors\/#\/schema\/person\/23238f24c03ec888fff51102de5a585f\"},\"headline\":\"Legeland i Sydvestmors Kultur- og Fritidscenter\",\"datePublished\":\"2021-09-07T18:01:26+00:00\",\"dateModified\":\"2024-08-12T11:36:14+00:00\",\"mainEntityOfPage\":{\"@id\":\"https:\/\/kunmedierne.dk\/mors\/legeland-i-sydvestmors-kultur-og-fritidscenter\/\"},\"wordCount\":159,\"commentCount\":0,\"publisher\":{\"@id\":\"https:\/\/kunmedierne.dk\/mors\/#organization\"},\"image\":{\"@id\":\"https:\/\/kunmedierne.dk\/mors\/legeland-i-sydvestmors-kultur-og-fritidscenter\/#primaryimage\"},\"thumbnailUrl\":\"https:\/\/kunmedierne.dk\/mors\/wp-content\/uploads\/2021\/09\/vif.jpg\",\"keywords\":[\"Foreningsliv\"],\"articleSection\":[\"Lokalt\"],\"inLanguage\":\"da-DK\",\"potentialAction\":[{\"@type\":\"CommentAction\",\"name\":\"Comment\",\"target\":[\"https:\/\/kunmedierne.dk\/mors\/legeland-i-sydvestmors-kultur-og-fritidscenter\/#respond\"]}]},{\"@type\":\"WebPage\",\"@id\":\"https:\/\/kunmedierne.dk\/mors\/legeland-i-sydvestmors-kultur-og-fritidscenter\/\",\"url\":\"https:\/\/kunmedierne.dk\/mors\/legeland-i-sydvestmors-kultur-og-fritidscenter\/\",\"name\":\"Legeland i Sydvestmors Kultur- og Fritidscenter - Mors\",\"isPartOf\":{\"@id\":\"https:\/\/kunmedierne.dk\/mors\/#website\"},\"primaryImageOfPage\":{\"@id\":\"https:\/\/kunmedierne.dk\/mors\/legeland-i-sydvestmors-kultur-og-fritidscenter\/#primaryimage\"},\"image\":{\"@id\":\"https:\/\/kunmedierne.dk\/mors\/legeland-i-sydvestmors-kultur-og-fritidscenter\/#primaryimage\"},\"thumbnailUrl\":\"https:\/\/kunmedierne.dk\/mors\/wp-content\/uploads\/2021\/09\/vif.jpg\",\"datePublished\":\"2021-09-07T18:01:26+00:00\",\"dateModified\":\"2024-08-12T11:36:14+00:00\",\"breadcrumb\":{\"@id\":\"https:\/\/kunmedierne.dk\/mors\/legeland-i-sydvestmors-kultur-og-fritidscenter\/#breadcrumb\"},\"inLanguage\":\"da-DK\",\"potentialAction\":[{\"@type\":\"ReadAction\",\"target\":[\"https:\/\/kunmedierne.dk\/mors\/legeland-i-sydvestmors-kultur-og-fritidscenter\/\"]}]},{\"@type\":\"ImageObject\",\"inLanguage\":\"da-DK\",\"@id\":\"https:\/\/kunmedierne.dk\/mors\/legeland-i-sydvestmors-kultur-og-fritidscenter\/#primaryimage\",\"url\":\"https:\/\/kunmedierne.dk\/mors\/wp-content\/uploads\/2021\/09\/vif.jpg\",\"contentUrl\":\"https:\/\/kunmedierne.dk\/mors\/wp-content\/uploads\/2021\/09\/vif.jpg\",\"width\":770,\"height\":512},{\"@type\":\"BreadcrumbList\",\"@id\":\"https:\/\/kunmedierne.dk\/mors\/legeland-i-sydvestmors-kultur-og-fritidscenter\/#breadcrumb\",\"itemListElement\":[{\"@type\":\"ListItem\",\"position\":1,\"name\":\"Hjem\",\"item\":\"https:\/\/kunmedierne.dk\/mors\/\"},{\"@type\":\"ListItem\",\"position\":2,\"name\":\"Legeland i Sydvestmors Kultur- og Fritidscenter\"}]},{\"@type\":\"WebSite\",\"@id\":\"https:\/\/kunmedierne.dk\/mors\/#website\",\"url\":\"https:\/\/kunmedierne.dk\/mors\/\",\"name\":\"Mors\",\"description\":\"et netmedie med journalistik om livet p\u00e5 Mors\",\"publisher\":{\"@id\":\"https:\/\/kunmedierne.dk\/mors\/#organization\"},\"potentialAction\":[{\"@type\":\"SearchAction\",\"target\":{\"@type\":\"EntryPoint\",\"urlTemplate\":\"https:\/\/kunmedierne.dk\/mors\/?s={search_term_string}\"},\"query-input\":{\"@type\":\"PropertyValueSpecification\",\"valueRequired\":true,\"valueName\":\"search_term_string\"}}],\"inLanguage\":\"da-DK\"},{\"@type\":\"Organization\",\"@id\":\"https:\/\/kunmedierne.dk\/mors\/#organization\",\"name\":\"Mors\",\"url\":\"https:\/\/kunmedierne.dk\/mors\/\",\"logo\":{\"@type\":\"ImageObject\",\"inLanguage\":\"da-DK\",\"@id\":\"https:\/\/kunmedierne.dk\/mors\/#\/schema\/logo\/image\/\",\"url\":\"https:\/\/kunmedierne.dk\/mors\/wp-content\/uploads\/2024\/08\/kunmors-logo.svg\",\"contentUrl\":\"https:\/\/kunmedierne.dk\/mors\/wp-content\/uploads\/2024\/08\/kunmors-logo.svg\",\"caption\":\"Mors\"},\"image\":{\"@id\":\"https:\/\/kunmedierne.dk\/mors\/#\/schema\/logo\/image\/\"}},{\"@type\":\"Person\",\"@id\":\"https:\/\/kunmedierne.dk\/mors\/#\/schema\/person\/23238f24c03ec888fff51102de5a585f\",\"name\":\"Redaktion\",\"image\":{\"@type\":\"ImageObject\",\"inLanguage\":\"da-DK\",\"@id\":\"https:\/\/kunmedierne.dk\/mors\/#\/schema\/person\/image\/\",\"url\":\"https:\/\/secure.gravatar.com\/avatar\/690249c43fd60787b97b93384a212aafd43f4087384fe866ff6bcd15574fdf55?s=96&d=mm&r=g\",\"contentUrl\":\"https:\/\/secure.gravatar.com\/avatar\/690249c43fd60787b97b93384a212aafd43f4087384fe866ff6bcd15574fdf55?s=96&d=mm&r=g\",\"caption\":\"Redaktion\"},\"url\":\"https:\/\/kunmedierne.dk\/mors\/author\/redaktion\/\"}]}<\/script>\n<!-- \/ Yoast SEO plugin. -->","yoast_head_json":{"title":"Legeland i Sydvestmors Kultur- og Fritidscenter - Mors","robots":{"index":"index","follow":"follow","max-snippet":"max-snippet:-1","max-image-preview":"max-image-preview:large","max-video-preview":"max-video-preview:-1"},"canonical":"https:\/\/kunmedierne.dk\/mors\/legeland-i-sydvestmors-kultur-og-fritidscenter\/","og_locale":"da_DK","og_type":"article","og_title":"Legeland i Sydvestmors Kultur- og Fritidscenter - Mors","og_description":"VIF Mors Gymnastik har sendt dette til Fritid KunMors: HVIDBJERG: P\u00e5 s\u00f8ndag d. 12. September holder Sydvestmors kultur og fritidscenter sammen med VIF Mors Gymnastik legedag i hallen. Vi finder alle redskaberne frem og leger. Caf\u00e9en har \u00e5ben og vores Maskot Vildfred kigger forbi og hilser p\u00e5 alle b\u00f8rnene. Dato: 12. september klokken 10-13. KunMors [&hellip;]","og_url":"https:\/\/kunmedierne.dk\/mors\/legeland-i-sydvestmors-kultur-og-fritidscenter\/","og_site_name":"Mors","article_published_time":"2021-09-07T18:01:26+00:00","article_modified_time":"2024-08-12T11:36:14+00:00","og_image":[{"width":770,"height":512,"url":"https:\/\/kunmedierne.dk\/mors\/wp-content\/uploads\/2021\/09\/vif.jpg","type":"image\/jpeg"}],"author":"Redaktion","twitter_card":"summary_large_image","twitter_misc":{"Skrevet af":"Redaktion","Estimeret l\u00e6setid":"1 minut"},"schema":{"@context":"https:\/\/schema.org","@graph":[{"@type":"Article","@id":"https:\/\/kunmedierne.dk\/mors\/legeland-i-sydvestmors-kultur-og-fritidscenter\/#article","isPartOf":{"@id":"https:\/\/kunmedierne.dk\/mors\/legeland-i-sydvestmors-kultur-og-fritidscenter\/"},"author":{"name":"Redaktion","@id":"https:\/\/kunmedierne.dk\/mors\/#\/schema\/person\/23238f24c03ec888fff51102de5a585f"},"headline":"Legeland i Sydvestmors Kultur- og Fritidscenter","datePublished":"2021-09-07T18:01:26+00:00","dateModified":"2024-08-12T11:36:14+00:00","mainEntityOfPage":{"@id":"https:\/\/kunmedierne.dk\/mors\/legeland-i-sydvestmors-kultur-og-fritidscenter\/"},"wordCount":159,"commentCount":0,"publisher":{"@id":"https:\/\/kunmedierne.dk\/mors\/#organization"},"image":{"@id":"https:\/\/kunmedierne.dk\/mors\/legeland-i-sydvestmors-kultur-og-fritidscenter\/#primaryimage"},"thumbnailUrl":"https:\/\/kunmedierne.dk\/mors\/wp-content\/uploads\/2021\/09\/vif.jpg","keywords":["Foreningsliv"],"articleSection":["Lokalt"],"inLanguage":"da-DK","potentialAction":[{"@type":"CommentAction","name":"Comment","target":["https:\/\/kunmedierne.dk\/mors\/legeland-i-sydvestmors-kultur-og-fritidscenter\/#respond"]}]},{"@type":"WebPage","@id":"https:\/\/kunmedierne.dk\/mors\/legeland-i-sydvestmors-kultur-og-fritidscenter\/","url":"https:\/\/kunmedierne.dk\/mors\/legeland-i-sydvestmors-kultur-og-fritidscenter\/","name":"Legeland i Sydvestmors Kultur- og Fritidscenter - Mors","isPartOf":{"@id":"https:\/\/kunmedierne.dk\/mors\/#website"},"primaryImageOfPage":{"@id":"https:\/\/kunmedierne.dk\/mors\/legeland-i-sydvestmors-kultur-og-fritidscenter\/#primaryimage"},"image":{"@id":"https:\/\/kunmedierne.dk\/mors\/legeland-i-sydvestmors-kultur-og-fritidscenter\/#primaryimage"},"thumbnailUrl":"https:\/\/kunmedierne.dk\/mors\/wp-content\/uploads\/2021\/09\/vif.jpg","datePublished":"2021-09-07T18:01:26+00:00","dateModified":"2024-08-12T11:36:14+00:00","breadcrumb":{"@id":"https:\/\/kunmedierne.dk\/mors\/legeland-i-sydvestmors-kultur-og-fritidscenter\/#breadcrumb"},"inLanguage":"da-DK","potentialAction":[{"@type":"ReadAction","target":["https:\/\/kunmedierne.dk\/mors\/legeland-i-sydvestmors-kultur-og-fritidscenter\/"]}]},{"@type":"ImageObject","inLanguage":"da-DK","@id":"https:\/\/kunmedierne.dk\/mors\/legeland-i-sydvestmors-kultur-og-fritidscenter\/#primaryimage","url":"https:\/\/kunmedierne.dk\/mors\/wp-content\/uploads\/2021\/09\/vif.jpg","contentUrl":"https:\/\/kunmedierne.dk\/mors\/wp-content\/uploads\/2021\/09\/vif.jpg","width":770,"height":512},{"@type":"BreadcrumbList","@id":"https:\/\/kunmedierne.dk\/mors\/legeland-i-sydvestmors-kultur-og-fritidscenter\/#breadcrumb","itemListElement":[{"@type":"ListItem","position":1,"name":"Hjem","item":"https:\/\/kunmedierne.dk\/mors\/"},{"@type":"ListItem","position":2,"name":"Legeland i Sydvestmors Kultur- og Fritidscenter"}]},{"@type":"WebSite","@id":"https:\/\/kunmedierne.dk\/mors\/#website","url":"https:\/\/kunmedierne.dk\/mors\/","name":"Mors","description":"et netmedie med journalistik om livet p\u00e5 Mors","publisher":{"@id":"https:\/\/kunmedierne.dk\/mors\/#organization"},"potentialAction":[{"@type":"SearchAction","target":{"@type":"EntryPoint","urlTemplate":"https:\/\/kunmedierne.dk\/mors\/?s={search_term_string}"},"query-input":{"@type":"PropertyValueSpecification","valueRequired":true,"valueName":"search_term_string"}}],"inLanguage":"da-DK"},{"@type":"Organization","@id":"https:\/\/kunmedierne.dk\/mors\/#organization","name":"Mors","url":"https:\/\/kunmedierne.dk\/mors\/","logo":{"@type":"ImageObject","inLanguage":"da-DK","@id":"https:\/\/kunmedierne.dk\/mors\/#\/schema\/logo\/image\/","url":"https:\/\/kunmedierne.dk\/mors\/wp-content\/uploads\/2024\/08\/kunmors-logo.svg","contentUrl":"https:\/\/kunmedierne.dk\/mors\/wp-content\/uploads\/2024\/08\/kunmors-logo.svg","caption":"Mors"},"image":{"@id":"https:\/\/kunmedierne.dk\/mors\/#\/schema\/logo\/image\/"}},{"@type":"Person","@id":"https:\/\/kunmedierne.dk\/mors\/#\/schema\/person\/23238f24c03ec888fff51102de5a585f","name":"Redaktion","image":{"@type":"ImageObject","inLanguage":"da-DK","@id":"https:\/\/kunmedierne.dk\/mors\/#\/schema\/person\/image\/","url":"https:\/\/secure.gravatar.com\/avatar\/690249c43fd60787b97b93384a212aafd43f4087384fe866ff6bcd15574fdf55?s=96&d=mm&r=g","contentUrl":"https:\/\/secure.gravatar.com\/avatar\/690249c43fd60787b97b93384a212aafd43f4087384fe866ff6bcd15574fdf55?s=96&d=mm&r=g","caption":"Redaktion"},"url":"https:\/\/kunmedierne.dk\/mors\/author\/redaktion\/"}]}},"_links":{"self":[{"href":"https:\/\/kunmedierne.dk\/mors\/wp-json\/wp\/v2\/posts\/51963","targetHints":{"allow":["GET"]}}],"collection":[{"href":"https:\/\/kunmedierne.dk\/mors\/wp-json\/wp\/v2\/posts"}],"about":[{"href":"https:\/\/kunmedierne.dk\/mors\/wp-json\/wp\/v2\/types\/post"}],"author":[{"embeddable":true,"href":"https:\/\/kunmedierne.dk\/mors\/wp-json\/wp\/v2\/users\/747"}],"replies":[{"embeddable":true,"href":"https:\/\/kunmedierne.dk\/mors\/wp-json\/wp\/v2\/comments?post=51963"}],"version-history":[{"count":2,"href":"https:\/\/kunmedierne.dk\/mors\/wp-json\/wp\/v2\/posts\/51963\/revisions"}],"predecessor-version":[{"id":51966,"href":"https:\/\/kunmedierne.dk\/mors\/wp-json\/wp\/v2\/posts\/51963\/revisions\/51966"}],"wp:featuredmedia":[{"embeddable":true,"href":"https:\/\/kunmedierne.dk\/mors\/wp-json\/wp\/v2\/media\/51964"}],"wp:attachment":[{"href":"https:\/\/kunmedierne.dk\/mors\/wp-json\/wp\/v2\/media?parent=51963"}],"wp:term":[{"taxonomy":"category","embeddable":true,"href":"https:\/\/kunmedierne.dk\/mors\/wp-json\/wp\/v2\/categories?post=51963"},{"taxonomy":"post_tag","embeddable":true,"href":"https:\/\/kunmedierne.dk\/mors\/wp-json\/wp\/v2\/tags?post=51963"}],"curies":[{"name":"wp","href":"https:\/\/api.w.org\/{rel}","templated":true}]}}