{"id":51494,"date":"2021-09-02T19:36:57","date_gmt":"2021-09-02T17:36:57","guid":{"rendered":"https:\/\/kunmedierne.dk\/mors\/?p=51494"},"modified":"2024-08-07T14:45:34","modified_gmt":"2024-08-07T12:45:34","slug":"ny-leder-af-kundesupport-til-kpk-doere-og-vinduer","status":"publish","type":"post","link":"https:\/\/kunmedierne.dk\/mors\/ny-leder-af-kundesupport-til-kpk-doere-og-vinduer\/","title":{"rendered":"Ny leder af kundesupport til KPK D\u00f8re og Vinduer"},"content":{"rendered":"<p><em>KPK D\u00f8re og Vinduer har sendt dette til KunMors.<\/em><\/p>\n<hr \/>\n<p style=\"font-weight: 400;\"><strong>NYK\u00d8BING<\/strong>: Bjarne Josefsen, 48 \u00e5r, er netop tiltr\u00e5dt som leder af kundesupport hos KPK D\u00f8re og Vinduer i Nyk\u00f8bing. Her f\u00e5r han ansvaret for frontpersonalet i kundesupport og skal sammen med den \u00f8vrige ledelse i kundesupport v\u00e6re med til at sikre, at h\u00e5ndv\u00e6rkskunderne f\u00e5r en god faglig kundeservice.<\/p>\n<p>Bjarne har et s\u00e6rdeles godt kendskab til KPK D\u00f8re og Vinduer, da han blandt andet for mere end 20 \u00e5r siden var virksomhedens f\u00f8rste voksenl\u00e6rling. Efterf\u00f8lgende blev han en del af salgsteamet, som han nu har 14 \u00e5rs erfaring fra, hvoraf de seneste ti \u00e5r har v\u00e6ret som ekstern vindueskonsulent.<\/p>\n<p>Privat er Bjarne bosat i Vester Assels, og han har desuden vundet danmarksmesterskabet for maskinsnedkere i 2002 samt efterf\u00f8lgende deltaget i verdensmesterskabet.<\/p>\n<hr \/>\n<p><em>Har du eller din virksomhed et bidrag til navnesiden p\u00e5 KunMors? Send en e-mail til os p\u00e5: navne@kunmedierne.dk\/mors.<\/em><\/p>\n","protected":false},"excerpt":{"rendered":"<p>KPK D\u00f8re og Vinduer har sendt dette til KunMors. NYK\u00d8BING: Bjarne Josefsen, 48 \u00e5r, er netop tiltr\u00e5dt som leder af kundesupport hos KPK D\u00f8re og Vinduer i Nyk\u00f8bing. Her f\u00e5r han ansvaret for frontpersonalet i kundesupport og skal sammen med den \u00f8vrige ledelse i kundesupport v\u00e6re med til at sikre, at h\u00e5ndv\u00e6rkskunderne f\u00e5r en god [&hellip;]<\/p>\n","protected":false},"author":8,"featured_media":51532,"comment_status":"open","ping_status":"open","sticky":false,"template":"","format":"standard","meta":{"_acf_changed":false,"footnotes":""},"categories":[52],"tags":[159],"class_list":["post-51494","post","type-post","status-publish","format-standard","has-post-thumbnail","hentry","category-navne","tag-erhverv"],"acf":[],"yoast_head":"<!-- This site is optimized with the Yoast SEO plugin v26.8 - https:\/\/yoast.com\/product\/yoast-seo-wordpress\/ -->\n<title>Ny leder af kundesupport til KPK D\u00f8re og Vinduer - Mors<\/title>\n<meta name=\"robots\" content=\"index, follow, max-snippet:-1, max-image-preview:large, max-video-preview:-1\" \/>\n<link rel=\"canonical\" href=\"https:\/\/kunmedierne.dk\/mors\/ny-leder-af-kundesupport-til-kpk-doere-og-vinduer\/\" \/>\n<meta property=\"og:locale\" content=\"da_DK\" \/>\n<meta property=\"og:type\" content=\"article\" \/>\n<meta property=\"og:title\" content=\"Ny leder af kundesupport til KPK D\u00f8re og Vinduer - Mors\" \/>\n<meta property=\"og:description\" content=\"KPK D\u00f8re og Vinduer har sendt dette til KunMors. NYK\u00d8BING: Bjarne Josefsen, 48 \u00e5r, er netop tiltr\u00e5dt som leder af kundesupport hos KPK D\u00f8re og Vinduer i Nyk\u00f8bing. Her f\u00e5r han ansvaret for frontpersonalet i kundesupport og skal sammen med den \u00f8vrige ledelse i kundesupport v\u00e6re med til at sikre, at h\u00e5ndv\u00e6rkskunderne f\u00e5r en god [&hellip;]\" \/>\n<meta property=\"og:url\" content=\"https:\/\/kunmedierne.dk\/mors\/ny-leder-af-kundesupport-til-kpk-doere-og-vinduer\/\" \/>\n<meta property=\"og:site_name\" content=\"Mors\" \/>\n<meta property=\"article:published_time\" content=\"2021-09-02T17:36:57+00:00\" \/>\n<meta property=\"article:modified_time\" content=\"2024-08-07T12:45:34+00:00\" \/>\n<meta property=\"og:image\" content=\"https:\/\/kunmedierne.dk\/mors\/wp-content\/uploads\/2021\/09\/kpk3.jpg\" \/>\n\t<meta property=\"og:image:width\" content=\"770\" \/>\n\t<meta property=\"og:image:height\" content=\"513\" \/>\n\t<meta property=\"og:image:type\" content=\"image\/jpeg\" \/>\n<meta name=\"author\" content=\"David H\u00f8jmark\" \/>\n<meta name=\"twitter:card\" content=\"summary_large_image\" \/>\n<meta name=\"twitter:label1\" content=\"Skrevet af\" \/>\n\t<meta name=\"twitter:data1\" content=\"David H\u00f8jmark\" \/>\n\t<meta name=\"twitter:label2\" content=\"Estimeret l\u00e6setid\" \/>\n\t<meta name=\"twitter:data2\" content=\"1 minut\" \/>\n<script type=\"application\/ld+json\" class=\"yoast-schema-graph\">{\"@context\":\"https:\/\/schema.org\",\"@graph\":[{\"@type\":\"Article\",\"@id\":\"https:\/\/kunmedierne.dk\/mors\/ny-leder-af-kundesupport-til-kpk-doere-og-vinduer\/#article\",\"isPartOf\":{\"@id\":\"https:\/\/kunmedierne.dk\/mors\/ny-leder-af-kundesupport-til-kpk-doere-og-vinduer\/\"},\"author\":{\"name\":\"David H\u00f8jmark\",\"@id\":\"https:\/\/kunmedierne.dk\/mors\/#\/schema\/person\/5fe23251bf1d0abbcdc6f7896579d548\"},\"headline\":\"Ny leder af kundesupport til KPK D\u00f8re og Vinduer\",\"datePublished\":\"2021-09-02T17:36:57+00:00\",\"dateModified\":\"2024-08-07T12:45:34+00:00\",\"mainEntityOfPage\":{\"@id\":\"https:\/\/kunmedierne.dk\/mors\/ny-leder-af-kundesupport-til-kpk-doere-og-vinduer\/\"},\"wordCount\":173,\"commentCount\":0,\"publisher\":{\"@id\":\"https:\/\/kunmedierne.dk\/mors\/#organization\"},\"image\":{\"@id\":\"https:\/\/kunmedierne.dk\/mors\/ny-leder-af-kundesupport-til-kpk-doere-og-vinduer\/#primaryimage\"},\"thumbnailUrl\":\"https:\/\/kunmedierne.dk\/mors\/wp-content\/uploads\/2021\/09\/kpk3.jpg\",\"keywords\":[\"Erhverv\"],\"articleSection\":[\"Navne\"],\"inLanguage\":\"da-DK\",\"potentialAction\":[{\"@type\":\"CommentAction\",\"name\":\"Comment\",\"target\":[\"https:\/\/kunmedierne.dk\/mors\/ny-leder-af-kundesupport-til-kpk-doere-og-vinduer\/#respond\"]}]},{\"@type\":\"WebPage\",\"@id\":\"https:\/\/kunmedierne.dk\/mors\/ny-leder-af-kundesupport-til-kpk-doere-og-vinduer\/\",\"url\":\"https:\/\/kunmedierne.dk\/mors\/ny-leder-af-kundesupport-til-kpk-doere-og-vinduer\/\",\"name\":\"Ny leder af kundesupport til KPK D\u00f8re og Vinduer - Mors\",\"isPartOf\":{\"@id\":\"https:\/\/kunmedierne.dk\/mors\/#website\"},\"primaryImageOfPage\":{\"@id\":\"https:\/\/kunmedierne.dk\/mors\/ny-leder-af-kundesupport-til-kpk-doere-og-vinduer\/#primaryimage\"},\"image\":{\"@id\":\"https:\/\/kunmedierne.dk\/mors\/ny-leder-af-kundesupport-til-kpk-doere-og-vinduer\/#primaryimage\"},\"thumbnailUrl\":\"https:\/\/kunmedierne.dk\/mors\/wp-content\/uploads\/2021\/09\/kpk3.jpg\",\"datePublished\":\"2021-09-02T17:36:57+00:00\",\"dateModified\":\"2024-08-07T12:45:34+00:00\",\"breadcrumb\":{\"@id\":\"https:\/\/kunmedierne.dk\/mors\/ny-leder-af-kundesupport-til-kpk-doere-og-vinduer\/#breadcrumb\"},\"inLanguage\":\"da-DK\",\"potentialAction\":[{\"@type\":\"ReadAction\",\"target\":[\"https:\/\/kunmedierne.dk\/mors\/ny-leder-af-kundesupport-til-kpk-doere-og-vinduer\/\"]}]},{\"@type\":\"ImageObject\",\"inLanguage\":\"da-DK\",\"@id\":\"https:\/\/kunmedierne.dk\/mors\/ny-leder-af-kundesupport-til-kpk-doere-og-vinduer\/#primaryimage\",\"url\":\"https:\/\/kunmedierne.dk\/mors\/wp-content\/uploads\/2021\/09\/kpk3.jpg\",\"contentUrl\":\"https:\/\/kunmedierne.dk\/mors\/wp-content\/uploads\/2021\/09\/kpk3.jpg\",\"width\":770,\"height\":513,\"caption\":\"Bjarne Josefsen, KPK D\u00f8re og Vinduer.\"},{\"@type\":\"BreadcrumbList\",\"@id\":\"https:\/\/kunmedierne.dk\/mors\/ny-leder-af-kundesupport-til-kpk-doere-og-vinduer\/#breadcrumb\",\"itemListElement\":[{\"@type\":\"ListItem\",\"position\":1,\"name\":\"Hjem\",\"item\":\"https:\/\/kunmedierne.dk\/mors\/\"},{\"@type\":\"ListItem\",\"position\":2,\"name\":\"Ny leder af kundesupport til KPK D\u00f8re og Vinduer\"}]},{\"@type\":\"WebSite\",\"@id\":\"https:\/\/kunmedierne.dk\/mors\/#website\",\"url\":\"https:\/\/kunmedierne.dk\/mors\/\",\"name\":\"Mors\",\"description\":\"et netmedie med journalistik om livet p\u00e5 Mors\",\"publisher\":{\"@id\":\"https:\/\/kunmedierne.dk\/mors\/#organization\"},\"potentialAction\":[{\"@type\":\"SearchAction\",\"target\":{\"@type\":\"EntryPoint\",\"urlTemplate\":\"https:\/\/kunmedierne.dk\/mors\/?s={search_term_string}\"},\"query-input\":{\"@type\":\"PropertyValueSpecification\",\"valueRequired\":true,\"valueName\":\"search_term_string\"}}],\"inLanguage\":\"da-DK\"},{\"@type\":\"Organization\",\"@id\":\"https:\/\/kunmedierne.dk\/mors\/#organization\",\"name\":\"Mors\",\"url\":\"https:\/\/kunmedierne.dk\/mors\/\",\"logo\":{\"@type\":\"ImageObject\",\"inLanguage\":\"da-DK\",\"@id\":\"https:\/\/kunmedierne.dk\/mors\/#\/schema\/logo\/image\/\",\"url\":\"https:\/\/kunmedierne.dk\/mors\/wp-content\/uploads\/2024\/08\/kunmors-logo.svg\",\"contentUrl\":\"https:\/\/kunmedierne.dk\/mors\/wp-content\/uploads\/2024\/08\/kunmors-logo.svg\",\"caption\":\"Mors\"},\"image\":{\"@id\":\"https:\/\/kunmedierne.dk\/mors\/#\/schema\/logo\/image\/\"}},{\"@type\":\"Person\",\"@id\":\"https:\/\/kunmedierne.dk\/mors\/#\/schema\/person\/5fe23251bf1d0abbcdc6f7896579d548\",\"name\":\"David H\u00f8jmark\",\"image\":{\"@type\":\"ImageObject\",\"inLanguage\":\"da-DK\",\"@id\":\"https:\/\/kunmedierne.dk\/mors\/#\/schema\/person\/image\/\",\"url\":\"https:\/\/secure.gravatar.com\/avatar\/4315d6fb9ef244d729989f5f90268eb08d5bf8a3d84402f595fa194bb35784fd?s=96&d=mm&r=g\",\"contentUrl\":\"https:\/\/secure.gravatar.com\/avatar\/4315d6fb9ef244d729989f5f90268eb08d5bf8a3d84402f595fa194bb35784fd?s=96&d=mm&r=g\",\"caption\":\"David H\u00f8jmark\"},\"sameAs\":[\"https:\/\/www.kunmedierne.dk\"],\"url\":\"https:\/\/kunmedierne.dk\/mors\/author\/david\/\"}]}<\/script>\n<!-- \/ Yoast SEO plugin. -->","yoast_head_json":{"title":"Ny leder af kundesupport til KPK D\u00f8re og Vinduer - Mors","robots":{"index":"index","follow":"follow","max-snippet":"max-snippet:-1","max-image-preview":"max-image-preview:large","max-video-preview":"max-video-preview:-1"},"canonical":"https:\/\/kunmedierne.dk\/mors\/ny-leder-af-kundesupport-til-kpk-doere-og-vinduer\/","og_locale":"da_DK","og_type":"article","og_title":"Ny leder af kundesupport til KPK D\u00f8re og Vinduer - Mors","og_description":"KPK D\u00f8re og Vinduer har sendt dette til KunMors. NYK\u00d8BING: Bjarne Josefsen, 48 \u00e5r, er netop tiltr\u00e5dt som leder af kundesupport hos KPK D\u00f8re og Vinduer i Nyk\u00f8bing. Her f\u00e5r han ansvaret for frontpersonalet i kundesupport og skal sammen med den \u00f8vrige ledelse i kundesupport v\u00e6re med til at sikre, at h\u00e5ndv\u00e6rkskunderne f\u00e5r en god [&hellip;]","og_url":"https:\/\/kunmedierne.dk\/mors\/ny-leder-af-kundesupport-til-kpk-doere-og-vinduer\/","og_site_name":"Mors","article_published_time":"2021-09-02T17:36:57+00:00","article_modified_time":"2024-08-07T12:45:34+00:00","og_image":[{"width":770,"height":513,"url":"https:\/\/kunmedierne.dk\/mors\/wp-content\/uploads\/2021\/09\/kpk3.jpg","type":"image\/jpeg"}],"author":"David H\u00f8jmark","twitter_card":"summary_large_image","twitter_misc":{"Skrevet af":"David H\u00f8jmark","Estimeret l\u00e6setid":"1 minut"},"schema":{"@context":"https:\/\/schema.org","@graph":[{"@type":"Article","@id":"https:\/\/kunmedierne.dk\/mors\/ny-leder-af-kundesupport-til-kpk-doere-og-vinduer\/#article","isPartOf":{"@id":"https:\/\/kunmedierne.dk\/mors\/ny-leder-af-kundesupport-til-kpk-doere-og-vinduer\/"},"author":{"name":"David H\u00f8jmark","@id":"https:\/\/kunmedierne.dk\/mors\/#\/schema\/person\/5fe23251bf1d0abbcdc6f7896579d548"},"headline":"Ny leder af kundesupport til KPK D\u00f8re og Vinduer","datePublished":"2021-09-02T17:36:57+00:00","dateModified":"2024-08-07T12:45:34+00:00","mainEntityOfPage":{"@id":"https:\/\/kunmedierne.dk\/mors\/ny-leder-af-kundesupport-til-kpk-doere-og-vinduer\/"},"wordCount":173,"commentCount":0,"publisher":{"@id":"https:\/\/kunmedierne.dk\/mors\/#organization"},"image":{"@id":"https:\/\/kunmedierne.dk\/mors\/ny-leder-af-kundesupport-til-kpk-doere-og-vinduer\/#primaryimage"},"thumbnailUrl":"https:\/\/kunmedierne.dk\/mors\/wp-content\/uploads\/2021\/09\/kpk3.jpg","keywords":["Erhverv"],"articleSection":["Navne"],"inLanguage":"da-DK","potentialAction":[{"@type":"CommentAction","name":"Comment","target":["https:\/\/kunmedierne.dk\/mors\/ny-leder-af-kundesupport-til-kpk-doere-og-vinduer\/#respond"]}]},{"@type":"WebPage","@id":"https:\/\/kunmedierne.dk\/mors\/ny-leder-af-kundesupport-til-kpk-doere-og-vinduer\/","url":"https:\/\/kunmedierne.dk\/mors\/ny-leder-af-kundesupport-til-kpk-doere-og-vinduer\/","name":"Ny leder af kundesupport til KPK D\u00f8re og Vinduer - Mors","isPartOf":{"@id":"https:\/\/kunmedierne.dk\/mors\/#website"},"primaryImageOfPage":{"@id":"https:\/\/kunmedierne.dk\/mors\/ny-leder-af-kundesupport-til-kpk-doere-og-vinduer\/#primaryimage"},"image":{"@id":"https:\/\/kunmedierne.dk\/mors\/ny-leder-af-kundesupport-til-kpk-doere-og-vinduer\/#primaryimage"},"thumbnailUrl":"https:\/\/kunmedierne.dk\/mors\/wp-content\/uploads\/2021\/09\/kpk3.jpg","datePublished":"2021-09-02T17:36:57+00:00","dateModified":"2024-08-07T12:45:34+00:00","breadcrumb":{"@id":"https:\/\/kunmedierne.dk\/mors\/ny-leder-af-kundesupport-til-kpk-doere-og-vinduer\/#breadcrumb"},"inLanguage":"da-DK","potentialAction":[{"@type":"ReadAction","target":["https:\/\/kunmedierne.dk\/mors\/ny-leder-af-kundesupport-til-kpk-doere-og-vinduer\/"]}]},{"@type":"ImageObject","inLanguage":"da-DK","@id":"https:\/\/kunmedierne.dk\/mors\/ny-leder-af-kundesupport-til-kpk-doere-og-vinduer\/#primaryimage","url":"https:\/\/kunmedierne.dk\/mors\/wp-content\/uploads\/2021\/09\/kpk3.jpg","contentUrl":"https:\/\/kunmedierne.dk\/mors\/wp-content\/uploads\/2021\/09\/kpk3.jpg","width":770,"height":513,"caption":"Bjarne Josefsen, KPK D\u00f8re og Vinduer."},{"@type":"BreadcrumbList","@id":"https:\/\/kunmedierne.dk\/mors\/ny-leder-af-kundesupport-til-kpk-doere-og-vinduer\/#breadcrumb","itemListElement":[{"@type":"ListItem","position":1,"name":"Hjem","item":"https:\/\/kunmedierne.dk\/mors\/"},{"@type":"ListItem","position":2,"name":"Ny leder af kundesupport til KPK D\u00f8re og Vinduer"}]},{"@type":"WebSite","@id":"https:\/\/kunmedierne.dk\/mors\/#website","url":"https:\/\/kunmedierne.dk\/mors\/","name":"Mors","description":"et netmedie med journalistik om livet p\u00e5 Mors","publisher":{"@id":"https:\/\/kunmedierne.dk\/mors\/#organization"},"potentialAction":[{"@type":"SearchAction","target":{"@type":"EntryPoint","urlTemplate":"https:\/\/kunmedierne.dk\/mors\/?s={search_term_string}"},"query-input":{"@type":"PropertyValueSpecification","valueRequired":true,"valueName":"search_term_string"}}],"inLanguage":"da-DK"},{"@type":"Organization","@id":"https:\/\/kunmedierne.dk\/mors\/#organization","name":"Mors","url":"https:\/\/kunmedierne.dk\/mors\/","logo":{"@type":"ImageObject","inLanguage":"da-DK","@id":"https:\/\/kunmedierne.dk\/mors\/#\/schema\/logo\/image\/","url":"https:\/\/kunmedierne.dk\/mors\/wp-content\/uploads\/2024\/08\/kunmors-logo.svg","contentUrl":"https:\/\/kunmedierne.dk\/mors\/wp-content\/uploads\/2024\/08\/kunmors-logo.svg","caption":"Mors"},"image":{"@id":"https:\/\/kunmedierne.dk\/mors\/#\/schema\/logo\/image\/"}},{"@type":"Person","@id":"https:\/\/kunmedierne.dk\/mors\/#\/schema\/person\/5fe23251bf1d0abbcdc6f7896579d548","name":"David H\u00f8jmark","image":{"@type":"ImageObject","inLanguage":"da-DK","@id":"https:\/\/kunmedierne.dk\/mors\/#\/schema\/person\/image\/","url":"https:\/\/secure.gravatar.com\/avatar\/4315d6fb9ef244d729989f5f90268eb08d5bf8a3d84402f595fa194bb35784fd?s=96&d=mm&r=g","contentUrl":"https:\/\/secure.gravatar.com\/avatar\/4315d6fb9ef244d729989f5f90268eb08d5bf8a3d84402f595fa194bb35784fd?s=96&d=mm&r=g","caption":"David H\u00f8jmark"},"sameAs":["https:\/\/www.kunmedierne.dk"],"url":"https:\/\/kunmedierne.dk\/mors\/author\/david\/"}]}},"_links":{"self":[{"href":"https:\/\/kunmedierne.dk\/mors\/wp-json\/wp\/v2\/posts\/51494","targetHints":{"allow":["GET"]}}],"collection":[{"href":"https:\/\/kunmedierne.dk\/mors\/wp-json\/wp\/v2\/posts"}],"about":[{"href":"https:\/\/kunmedierne.dk\/mors\/wp-json\/wp\/v2\/types\/post"}],"author":[{"embeddable":true,"href":"https:\/\/kunmedierne.dk\/mors\/wp-json\/wp\/v2\/users\/8"}],"replies":[{"embeddable":true,"href":"https:\/\/kunmedierne.dk\/mors\/wp-json\/wp\/v2\/comments?post=51494"}],"version-history":[{"count":2,"href":"https:\/\/kunmedierne.dk\/mors\/wp-json\/wp\/v2\/posts\/51494\/revisions"}],"predecessor-version":[{"id":51534,"href":"https:\/\/kunmedierne.dk\/mors\/wp-json\/wp\/v2\/posts\/51494\/revisions\/51534"}],"wp:featuredmedia":[{"embeddable":true,"href":"https:\/\/kunmedierne.dk\/mors\/wp-json\/wp\/v2\/media\/51532"}],"wp:attachment":[{"href":"https:\/\/kunmedierne.dk\/mors\/wp-json\/wp\/v2\/media?parent=51494"}],"wp:term":[{"taxonomy":"category","embeddable":true,"href":"https:\/\/kunmedierne.dk\/mors\/wp-json\/wp\/v2\/categories?post=51494"},{"taxonomy":"post_tag","embeddable":true,"href":"https:\/\/kunmedierne.dk\/mors\/wp-json\/wp\/v2\/tags?post=51494"}],"curies":[{"name":"wp","href":"https:\/\/api.w.org\/{rel}","templated":true}]}}