{"id":51033,"date":"2021-08-27T15:13:40","date_gmt":"2021-08-27T13:13:40","guid":{"rendered":"https:\/\/kunmedierne.dk\/mors\/?p=51033"},"modified":"2024-08-07T14:45:12","modified_gmt":"2024-08-07T12:45:12","slug":"ny-hoejskoleformand-glaeder-sig-over-skelsaettende-beslutning","status":"publish","type":"post","link":"https:\/\/kunmedierne.dk\/mors\/ny-hoejskoleformand-glaeder-sig-over-skelsaettende-beslutning\/","title":{"rendered":"Ny h\u00f8jskoleformand gl\u00e6der sig over skels\u00e6ttende beslutning"},"content":{"rendered":"<p><strong>FLADE<\/strong>: En h\u00f8jskole for seniorer alene? Eller en, der ogs\u00e5 skulle tilbyde lange kurser for de unge?<\/p>\n<p>Det var et af de store sp\u00f8rgsm\u00e5l, folkene bag H\u00f8jskolen Mors skulle finde svaret p\u00e5 frem imod etableringen af det popul\u00e6re kursussted. Nu kan man s\u00e5 gl\u00e6de sig over, at man valgte b\u00e5de den yngre og \u00e6ldre generation som m\u00e5lgruppe.<\/p>\n<p>Det fort\u00e6ller Tonny Nedergaard. Som omtalt <a href=\"https:\/\/kunmedierne.dk\/mors\/hoejskolen-mors-skifter-formand\/\" target=\"_blank\" rel=\"noopener\">torsdag<\/a> har Svend Erik J\u00f8rgensen, formand i h\u00f8jskolens f\u00f8rste \u00e5r, valgt at tr\u00e6de tilbage fra posten, som n\u00e6stformand Tonny Nedergaard overtager. Ogs\u00e5 han har v\u00e6ret med hele vejen igennem mere end tre \u00e5rs arbejde frem imod det, der nu er en h\u00f8jskole med ventelister, 20 fastansatte og nye skatteborgere p\u00e5 Mors &#8211; og et forventet overskud for 2021 p\u00e5 cirka 1,4 mio. kroner. <a href=\"https:\/\/konpap.dk\/\"><img loading=\"lazy\" decoding=\"async\" class=\"alignright size-full wp-image-49328\" src=\"https:\/\/kunmedierne.dk\/mors\/wp-content\/uploads\/2021\/07\/t10.jpg\" alt=\"\" width=\"1400\" height=\"125\" srcset=\"https:\/\/kunmedierne.dk\/mors\/wp-content\/uploads\/2021\/07\/t10.jpg 1400w, https:\/\/kunmedierne.dk\/mors\/wp-content\/uploads\/2021\/07\/t10-300x27.jpg 300w, https:\/\/kunmedierne.dk\/mors\/wp-content\/uploads\/2021\/07\/t10-1024x91.jpg 1024w, https:\/\/kunmedierne.dk\/mors\/wp-content\/uploads\/2021\/07\/t10-768x69.jpg 768w, https:\/\/kunmedierne.dk\/mors\/wp-content\/uploads\/2021\/07\/t10-600x54.jpg 600w\" sizes=\"auto, (max-width: 1400px) 100vw, 1400px\" \/><\/a><\/p>\n<p>Men bestemt ogs\u00e5 med udfordringer undervejs.<\/p>\n<p>&#8220;Der har v\u00e6ret mange udfordringer, men generelt har det v\u00e6ret en sp\u00e6ndende opgave at s\u00e6tte en h\u00f8jskole i gang p\u00e5 Mors,&#8221; siger Tonny Nedergaard.<\/p>\n<p>Han t\u00e6nker blandt andet tilbage p\u00e5 dengang, man overvejede, om det alene skulle v\u00e6re en h\u00f8jskole for seniorer, fordi man var skeptisk over for, om det kunne lade sig g\u00f8re at lave en almindelig h\u00f8jskole for unge.<\/p>\n<p>&#8220;Men grunden til at lave en h\u00f8jskole var ikke at tr\u00e6kke flere \u00e6ldre til Mors. Det var at tiltr\u00e6kke flere unge. S\u00e5 vel vidende, at det ville blive sv\u00e6rt, satte vi os for at lave en for unge,&#8221; siger Tonny Nedergaard og gl\u00e6der sig over, at kombinationen af korte og lange kurser tiltr\u00e6kker forskellige generationer.<\/p>\n<p>&nbsp;<\/p>\n<p><strong>Mange frivillige arbejdstimer<\/strong><\/p>\n<p>Inden indvielsen af H\u00f8jskolen Mors var der en anden udfordring: Stedet, der tidligere husede opholdsstedet Villa Ville Kulla, var i en forfatning, der kr\u00e6vede mange frivillige arbejdsdage med oprydning og praktisk arbejde.<\/p>\n<p>&#8220;Der var rigtig meget, der skulle ryddes op og renoveres,&#8221; husker Tonny Nedergaard, som i den forbindelse beskriver timingen med coronaen som b\u00e5de uheldig og praktisk.\u00a0 <a href=\"https:\/\/www.sparv.dk\/\"><img loading=\"lazy\" decoding=\"async\" class=\"alignright size-full wp-image-46602\" src=\"https:\/\/kunmedierne.dk\/mors\/wp-content\/uploads\/2021\/06\/t11.jpg\" alt=\"\" width=\"1400\" height=\"125\" srcset=\"https:\/\/kunmedierne.dk\/mors\/wp-content\/uploads\/2021\/06\/t11.jpg 1400w, https:\/\/kunmedierne.dk\/mors\/wp-content\/uploads\/2021\/06\/t11-300x27.jpg 300w, https:\/\/kunmedierne.dk\/mors\/wp-content\/uploads\/2021\/06\/t11-1024x91.jpg 1024w, https:\/\/kunmedierne.dk\/mors\/wp-content\/uploads\/2021\/06\/t11-768x69.jpg 768w, https:\/\/kunmedierne.dk\/mors\/wp-content\/uploads\/2021\/06\/t11-600x54.jpg 600w\" sizes=\"auto, (max-width: 1400px) 100vw, 1400px\" \/><\/a><\/p>\n<p>&#8220;Det var uheldigt, at vi ikke kunne starte et kursus op, men det var heldigt, at vi var mange, der p\u00e5 grund af restriktionerne under coronaen ikke kunne passe vores almindelige arbejde. S\u00e5 vi havde tiden til at arbejde frivilligt,&#8221; siger han.<\/p>\n<p>Tonny Nedergaard fremh\u00e6ver i \u00f8vrigt netop det frivillige arbejde som en af \u00e5rsagerne til, at det er g\u00e5et h\u00f8jskolen s\u00e5 godt.<\/p>\n<p>&#8220;Det, der har v\u00e6ret fantastisk, er, at vi har haft et frivilligt team p\u00e5 14-16 personer, der har lavet rigtig meget arbejde. Og det team er stadig intakt,&#8221; siger han om den store gruppe, der m\u00f8des hver anden torsdag for at l\u00f8se praktiske opgaver.<\/p>\n<p>&nbsp;<\/p>\n<p><strong>Grundigt forarbejde for arbejdsgruppen<\/strong><\/p>\n<p>Den nu tidligere formand er ogs\u00e5 imellem &#8211; efter i f\u00f8rste omgang at have v\u00e6ret initiativtager til H\u00f8jskolen Mors.<\/p>\n<p>&#8220;Vi skylder en stor tak til vores afg\u00e5ende formand, Svend Erik J\u00f8rgensen, for at have fulgt op p\u00e5 id\u00e9en om at etablere en h\u00f8jskole p\u00e5 Mors og f\u00e5 os andre i bestyrelsen med p\u00e5 tanken. Svend Erik lavede et grundigt forarbejde, inden der i marts 2018 blev nedsat en arbejdsgruppe til at unders\u00f8ge mulighederne for at etablere en h\u00f8jskole i Flade i Villa Villekulas tidligere lokaler,&#8221; siger Tonny Nedergaard og forts\u00e6tter: <a href=\"https:\/\/thistedkloakservice.dk\/\"><img loading=\"lazy\" decoding=\"async\" class=\"alignright size-full wp-image-46603\" src=\"https:\/\/kunmedierne.dk\/mors\/wp-content\/uploads\/2021\/06\/t12.jpg\" alt=\"\" width=\"1400\" height=\"125\" srcset=\"https:\/\/kunmedierne.dk\/mors\/wp-content\/uploads\/2021\/06\/t12.jpg 1400w, https:\/\/kunmedierne.dk\/mors\/wp-content\/uploads\/2021\/06\/t12-300x27.jpg 300w, https:\/\/kunmedierne.dk\/mors\/wp-content\/uploads\/2021\/06\/t12-1024x91.jpg 1024w, https:\/\/kunmedierne.dk\/mors\/wp-content\/uploads\/2021\/06\/t12-768x69.jpg 768w, https:\/\/kunmedierne.dk\/mors\/wp-content\/uploads\/2021\/06\/t12-600x54.jpg 600w\" sizes=\"auto, (max-width: 1400px) 100vw, 1400px\" \/><\/a><\/p>\n<p>&#8220;Uden Svend Eriks drivkraft, optimisme, kompetencer inden for h\u00f8jskoleverdenen samt v\u00e6rdifulde netv\u00e6rk havde det ikke v\u00e6ret muligt at etablere en h\u00f8jskole. Vi har stor forst\u00e5else for Svend Eriks \u00f8nske om at stoppe som formand og er dybt taknemmelige for, at han forbliver som medlem af bestyrelsen, s\u00e5 vi kan drage gavn af hans store viden og erfaring.&#8221;<\/p>\n<p>Tonny Nedergaard fremh\u00e6ver ogs\u00e5 indsatsen hos forstanderparret Mette Damiri og Nikolai Seidelin og resten af bestyrelsen som \u00e5rsag til, at det er en st\u00e6rkt funderet h\u00f8jskole, han nu er formand for.<\/p>\n<p>Udover ham selv og n\u00e6stformand Jens J\u00f8rgen Jensen best\u00e5r bestyrelsen af Svend Erik J\u00f8rgensen, Ivan Clausen, Klara Espersen, John Christiansen samt Jette Jepsen, som er repr\u00e6sentant for kommunalbestyrelsen i Mors\u00f8 Kommune. <a href=\"https:\/\/www.fmspks.dk\/\"><img loading=\"lazy\" decoding=\"async\" class=\"alignright size-full wp-image-46592\" src=\"https:\/\/kunmedierne.dk\/mors\/wp-content\/uploads\/2021\/06\/t01.jpg\" alt=\"\" width=\"1400\" height=\"125\" srcset=\"https:\/\/kunmedierne.dk\/mors\/wp-content\/uploads\/2021\/06\/t01.jpg 1400w, https:\/\/kunmedierne.dk\/mors\/wp-content\/uploads\/2021\/06\/t01-300x27.jpg 300w, https:\/\/kunmedierne.dk\/mors\/wp-content\/uploads\/2021\/06\/t01-1024x91.jpg 1024w, https:\/\/kunmedierne.dk\/mors\/wp-content\/uploads\/2021\/06\/t01-768x69.jpg 768w, https:\/\/kunmedierne.dk\/mors\/wp-content\/uploads\/2021\/06\/t01-600x54.jpg 600w\" sizes=\"auto, (max-width: 1400px) 100vw, 1400px\" \/><\/a><\/p>\n<blockquote>\n<h2>G\u00e5 ikke glip af en artikel p\u00e5 KunMors<\/h2>\n<h4>Tilmeld dig vores nyhedsbrev nederst p\u00e5 siden. S\u00e5 modtager du hver dag en e-mail med direkte links til alle artikler i det seneste d\u00f8gn. P\u00e5 den m\u00e5de f\u00e5r du dit lokale medie p\u00e5 samme m\u00e5de som en lokal avis \u2013 alle ugens dage \u00e5ret rundt.<\/h4>\n<\/blockquote>\n","protected":false},"excerpt":{"rendered":"<p>FLADE: En h\u00f8jskole for seniorer alene? Eller en, der ogs\u00e5 skulle tilbyde lange kurser for de unge? Det var et af de store sp\u00f8rgsm\u00e5l, folkene bag H\u00f8jskolen Mors skulle finde svaret p\u00e5 frem imod etableringen af det popul\u00e6re kursussted. Nu kan man s\u00e5 gl\u00e6de sig over, at man valgte b\u00e5de den yngre og \u00e6ldre generation [&hellip;]<\/p>\n","protected":false},"author":8,"featured_media":51117,"comment_status":"open","ping_status":"open","sticky":false,"template":"","format":"standard","meta":{"_acf_changed":false,"footnotes":""},"categories":[49],"tags":[],"class_list":["post-51033","post","type-post","status-publish","format-standard","has-post-thumbnail","hentry","category-kultur"],"acf":[],"yoast_head":"<!-- This site is optimized with the Yoast SEO plugin v26.8 - https:\/\/yoast.com\/product\/yoast-seo-wordpress\/ -->\n<title>Ny h\u00f8jskoleformand gl\u00e6der sig over skels\u00e6ttende beslutning - Mors<\/title>\n<meta name=\"robots\" content=\"index, follow, max-snippet:-1, max-image-preview:large, max-video-preview:-1\" \/>\n<link rel=\"canonical\" href=\"https:\/\/kunmedierne.dk\/mors\/ny-hoejskoleformand-glaeder-sig-over-skelsaettende-beslutning\/\" \/>\n<meta property=\"og:locale\" content=\"da_DK\" \/>\n<meta property=\"og:type\" content=\"article\" \/>\n<meta property=\"og:title\" content=\"Ny h\u00f8jskoleformand gl\u00e6der sig over skels\u00e6ttende beslutning - Mors\" \/>\n<meta property=\"og:description\" content=\"FLADE: En h\u00f8jskole for seniorer alene? Eller en, der ogs\u00e5 skulle tilbyde lange kurser for de unge? Det var et af de store sp\u00f8rgsm\u00e5l, folkene bag H\u00f8jskolen Mors skulle finde svaret p\u00e5 frem imod etableringen af det popul\u00e6re kursussted. Nu kan man s\u00e5 gl\u00e6de sig over, at man valgte b\u00e5de den yngre og \u00e6ldre generation [&hellip;]\" \/>\n<meta property=\"og:url\" content=\"https:\/\/kunmedierne.dk\/mors\/ny-hoejskoleformand-glaeder-sig-over-skelsaettende-beslutning\/\" \/>\n<meta property=\"og:site_name\" content=\"Mors\" \/>\n<meta property=\"article:published_time\" content=\"2021-08-27T13:13:40+00:00\" \/>\n<meta property=\"article:modified_time\" content=\"2024-08-07T12:45:12+00:00\" \/>\n<meta property=\"og:image\" content=\"https:\/\/kunmedierne.dk\/mors\/wp-content\/uploads\/2021\/08\/IMG_1741.jpg\" \/>\n\t<meta property=\"og:image:width\" content=\"770\" \/>\n\t<meta property=\"og:image:height\" content=\"513\" \/>\n\t<meta property=\"og:image:type\" content=\"image\/jpeg\" \/>\n<meta name=\"author\" content=\"David H\u00f8jmark\" \/>\n<meta name=\"twitter:card\" content=\"summary_large_image\" \/>\n<meta name=\"twitter:label1\" content=\"Skrevet af\" \/>\n\t<meta name=\"twitter:data1\" content=\"David H\u00f8jmark\" \/>\n\t<meta name=\"twitter:label2\" content=\"Estimeret l\u00e6setid\" \/>\n\t<meta name=\"twitter:data2\" content=\"4 minutter\" \/>\n<script type=\"application\/ld+json\" class=\"yoast-schema-graph\">{\"@context\":\"https:\/\/schema.org\",\"@graph\":[{\"@type\":\"Article\",\"@id\":\"https:\/\/kunmedierne.dk\/mors\/ny-hoejskoleformand-glaeder-sig-over-skelsaettende-beslutning\/#article\",\"isPartOf\":{\"@id\":\"https:\/\/kunmedierne.dk\/mors\/ny-hoejskoleformand-glaeder-sig-over-skelsaettende-beslutning\/\"},\"author\":{\"name\":\"David H\u00f8jmark\",\"@id\":\"https:\/\/kunmedierne.dk\/mors\/#\/schema\/person\/5fe23251bf1d0abbcdc6f7896579d548\"},\"headline\":\"Ny h\u00f8jskoleformand gl\u00e6der sig over skels\u00e6ttende beslutning\",\"datePublished\":\"2021-08-27T13:13:40+00:00\",\"dateModified\":\"2024-08-07T12:45:12+00:00\",\"mainEntityOfPage\":{\"@id\":\"https:\/\/kunmedierne.dk\/mors\/ny-hoejskoleformand-glaeder-sig-over-skelsaettende-beslutning\/\"},\"wordCount\":758,\"commentCount\":0,\"publisher\":{\"@id\":\"https:\/\/kunmedierne.dk\/mors\/#organization\"},\"image\":{\"@id\":\"https:\/\/kunmedierne.dk\/mors\/ny-hoejskoleformand-glaeder-sig-over-skelsaettende-beslutning\/#primaryimage\"},\"thumbnailUrl\":\"https:\/\/kunmedierne.dk\/mors\/wp-content\/uploads\/2021\/08\/IMG_1741.jpg\",\"articleSection\":[\"Kultur\"],\"inLanguage\":\"da-DK\",\"potentialAction\":[{\"@type\":\"CommentAction\",\"name\":\"Comment\",\"target\":[\"https:\/\/kunmedierne.dk\/mors\/ny-hoejskoleformand-glaeder-sig-over-skelsaettende-beslutning\/#respond\"]}]},{\"@type\":\"WebPage\",\"@id\":\"https:\/\/kunmedierne.dk\/mors\/ny-hoejskoleformand-glaeder-sig-over-skelsaettende-beslutning\/\",\"url\":\"https:\/\/kunmedierne.dk\/mors\/ny-hoejskoleformand-glaeder-sig-over-skelsaettende-beslutning\/\",\"name\":\"Ny h\u00f8jskoleformand gl\u00e6der sig over skels\u00e6ttende beslutning - Mors\",\"isPartOf\":{\"@id\":\"https:\/\/kunmedierne.dk\/mors\/#website\"},\"primaryImageOfPage\":{\"@id\":\"https:\/\/kunmedierne.dk\/mors\/ny-hoejskoleformand-glaeder-sig-over-skelsaettende-beslutning\/#primaryimage\"},\"image\":{\"@id\":\"https:\/\/kunmedierne.dk\/mors\/ny-hoejskoleformand-glaeder-sig-over-skelsaettende-beslutning\/#primaryimage\"},\"thumbnailUrl\":\"https:\/\/kunmedierne.dk\/mors\/wp-content\/uploads\/2021\/08\/IMG_1741.jpg\",\"datePublished\":\"2021-08-27T13:13:40+00:00\",\"dateModified\":\"2024-08-07T12:45:12+00:00\",\"breadcrumb\":{\"@id\":\"https:\/\/kunmedierne.dk\/mors\/ny-hoejskoleformand-glaeder-sig-over-skelsaettende-beslutning\/#breadcrumb\"},\"inLanguage\":\"da-DK\",\"potentialAction\":[{\"@type\":\"ReadAction\",\"target\":[\"https:\/\/kunmedierne.dk\/mors\/ny-hoejskoleformand-glaeder-sig-over-skelsaettende-beslutning\/\"]}]},{\"@type\":\"ImageObject\",\"inLanguage\":\"da-DK\",\"@id\":\"https:\/\/kunmedierne.dk\/mors\/ny-hoejskoleformand-glaeder-sig-over-skelsaettende-beslutning\/#primaryimage\",\"url\":\"https:\/\/kunmedierne.dk\/mors\/wp-content\/uploads\/2021\/08\/IMG_1741.jpg\",\"contentUrl\":\"https:\/\/kunmedierne.dk\/mors\/wp-content\/uploads\/2021\/08\/IMG_1741.jpg\",\"width\":770,\"height\":513},{\"@type\":\"BreadcrumbList\",\"@id\":\"https:\/\/kunmedierne.dk\/mors\/ny-hoejskoleformand-glaeder-sig-over-skelsaettende-beslutning\/#breadcrumb\",\"itemListElement\":[{\"@type\":\"ListItem\",\"position\":1,\"name\":\"Hjem\",\"item\":\"https:\/\/kunmedierne.dk\/mors\/\"},{\"@type\":\"ListItem\",\"position\":2,\"name\":\"Ny h\u00f8jskoleformand gl\u00e6der sig over skels\u00e6ttende beslutning\"}]},{\"@type\":\"WebSite\",\"@id\":\"https:\/\/kunmedierne.dk\/mors\/#website\",\"url\":\"https:\/\/kunmedierne.dk\/mors\/\",\"name\":\"Mors\",\"description\":\"et netmedie med journalistik om livet p\u00e5 Mors\",\"publisher\":{\"@id\":\"https:\/\/kunmedierne.dk\/mors\/#organization\"},\"potentialAction\":[{\"@type\":\"SearchAction\",\"target\":{\"@type\":\"EntryPoint\",\"urlTemplate\":\"https:\/\/kunmedierne.dk\/mors\/?s={search_term_string}\"},\"query-input\":{\"@type\":\"PropertyValueSpecification\",\"valueRequired\":true,\"valueName\":\"search_term_string\"}}],\"inLanguage\":\"da-DK\"},{\"@type\":\"Organization\",\"@id\":\"https:\/\/kunmedierne.dk\/mors\/#organization\",\"name\":\"Mors\",\"url\":\"https:\/\/kunmedierne.dk\/mors\/\",\"logo\":{\"@type\":\"ImageObject\",\"inLanguage\":\"da-DK\",\"@id\":\"https:\/\/kunmedierne.dk\/mors\/#\/schema\/logo\/image\/\",\"url\":\"https:\/\/kunmedierne.dk\/mors\/wp-content\/uploads\/2024\/08\/kunmors-logo.svg\",\"contentUrl\":\"https:\/\/kunmedierne.dk\/mors\/wp-content\/uploads\/2024\/08\/kunmors-logo.svg\",\"caption\":\"Mors\"},\"image\":{\"@id\":\"https:\/\/kunmedierne.dk\/mors\/#\/schema\/logo\/image\/\"}},{\"@type\":\"Person\",\"@id\":\"https:\/\/kunmedierne.dk\/mors\/#\/schema\/person\/5fe23251bf1d0abbcdc6f7896579d548\",\"name\":\"David H\u00f8jmark\",\"image\":{\"@type\":\"ImageObject\",\"inLanguage\":\"da-DK\",\"@id\":\"https:\/\/kunmedierne.dk\/mors\/#\/schema\/person\/image\/\",\"url\":\"https:\/\/secure.gravatar.com\/avatar\/4315d6fb9ef244d729989f5f90268eb08d5bf8a3d84402f595fa194bb35784fd?s=96&d=mm&r=g\",\"contentUrl\":\"https:\/\/secure.gravatar.com\/avatar\/4315d6fb9ef244d729989f5f90268eb08d5bf8a3d84402f595fa194bb35784fd?s=96&d=mm&r=g\",\"caption\":\"David H\u00f8jmark\"},\"sameAs\":[\"https:\/\/www.kunmedierne.dk\"],\"url\":\"https:\/\/kunmedierne.dk\/mors\/author\/david\/\"}]}<\/script>\n<!-- \/ Yoast SEO plugin. -->","yoast_head_json":{"title":"Ny h\u00f8jskoleformand gl\u00e6der sig over skels\u00e6ttende beslutning - Mors","robots":{"index":"index","follow":"follow","max-snippet":"max-snippet:-1","max-image-preview":"max-image-preview:large","max-video-preview":"max-video-preview:-1"},"canonical":"https:\/\/kunmedierne.dk\/mors\/ny-hoejskoleformand-glaeder-sig-over-skelsaettende-beslutning\/","og_locale":"da_DK","og_type":"article","og_title":"Ny h\u00f8jskoleformand gl\u00e6der sig over skels\u00e6ttende beslutning - Mors","og_description":"FLADE: En h\u00f8jskole for seniorer alene? Eller en, der ogs\u00e5 skulle tilbyde lange kurser for de unge? Det var et af de store sp\u00f8rgsm\u00e5l, folkene bag H\u00f8jskolen Mors skulle finde svaret p\u00e5 frem imod etableringen af det popul\u00e6re kursussted. Nu kan man s\u00e5 gl\u00e6de sig over, at man valgte b\u00e5de den yngre og \u00e6ldre generation [&hellip;]","og_url":"https:\/\/kunmedierne.dk\/mors\/ny-hoejskoleformand-glaeder-sig-over-skelsaettende-beslutning\/","og_site_name":"Mors","article_published_time":"2021-08-27T13:13:40+00:00","article_modified_time":"2024-08-07T12:45:12+00:00","og_image":[{"width":770,"height":513,"url":"https:\/\/kunmedierne.dk\/mors\/wp-content\/uploads\/2021\/08\/IMG_1741.jpg","type":"image\/jpeg"}],"author":"David H\u00f8jmark","twitter_card":"summary_large_image","twitter_misc":{"Skrevet af":"David H\u00f8jmark","Estimeret l\u00e6setid":"4 minutter"},"schema":{"@context":"https:\/\/schema.org","@graph":[{"@type":"Article","@id":"https:\/\/kunmedierne.dk\/mors\/ny-hoejskoleformand-glaeder-sig-over-skelsaettende-beslutning\/#article","isPartOf":{"@id":"https:\/\/kunmedierne.dk\/mors\/ny-hoejskoleformand-glaeder-sig-over-skelsaettende-beslutning\/"},"author":{"name":"David H\u00f8jmark","@id":"https:\/\/kunmedierne.dk\/mors\/#\/schema\/person\/5fe23251bf1d0abbcdc6f7896579d548"},"headline":"Ny h\u00f8jskoleformand gl\u00e6der sig over skels\u00e6ttende beslutning","datePublished":"2021-08-27T13:13:40+00:00","dateModified":"2024-08-07T12:45:12+00:00","mainEntityOfPage":{"@id":"https:\/\/kunmedierne.dk\/mors\/ny-hoejskoleformand-glaeder-sig-over-skelsaettende-beslutning\/"},"wordCount":758,"commentCount":0,"publisher":{"@id":"https:\/\/kunmedierne.dk\/mors\/#organization"},"image":{"@id":"https:\/\/kunmedierne.dk\/mors\/ny-hoejskoleformand-glaeder-sig-over-skelsaettende-beslutning\/#primaryimage"},"thumbnailUrl":"https:\/\/kunmedierne.dk\/mors\/wp-content\/uploads\/2021\/08\/IMG_1741.jpg","articleSection":["Kultur"],"inLanguage":"da-DK","potentialAction":[{"@type":"CommentAction","name":"Comment","target":["https:\/\/kunmedierne.dk\/mors\/ny-hoejskoleformand-glaeder-sig-over-skelsaettende-beslutning\/#respond"]}]},{"@type":"WebPage","@id":"https:\/\/kunmedierne.dk\/mors\/ny-hoejskoleformand-glaeder-sig-over-skelsaettende-beslutning\/","url":"https:\/\/kunmedierne.dk\/mors\/ny-hoejskoleformand-glaeder-sig-over-skelsaettende-beslutning\/","name":"Ny h\u00f8jskoleformand gl\u00e6der sig over skels\u00e6ttende beslutning - Mors","isPartOf":{"@id":"https:\/\/kunmedierne.dk\/mors\/#website"},"primaryImageOfPage":{"@id":"https:\/\/kunmedierne.dk\/mors\/ny-hoejskoleformand-glaeder-sig-over-skelsaettende-beslutning\/#primaryimage"},"image":{"@id":"https:\/\/kunmedierne.dk\/mors\/ny-hoejskoleformand-glaeder-sig-over-skelsaettende-beslutning\/#primaryimage"},"thumbnailUrl":"https:\/\/kunmedierne.dk\/mors\/wp-content\/uploads\/2021\/08\/IMG_1741.jpg","datePublished":"2021-08-27T13:13:40+00:00","dateModified":"2024-08-07T12:45:12+00:00","breadcrumb":{"@id":"https:\/\/kunmedierne.dk\/mors\/ny-hoejskoleformand-glaeder-sig-over-skelsaettende-beslutning\/#breadcrumb"},"inLanguage":"da-DK","potentialAction":[{"@type":"ReadAction","target":["https:\/\/kunmedierne.dk\/mors\/ny-hoejskoleformand-glaeder-sig-over-skelsaettende-beslutning\/"]}]},{"@type":"ImageObject","inLanguage":"da-DK","@id":"https:\/\/kunmedierne.dk\/mors\/ny-hoejskoleformand-glaeder-sig-over-skelsaettende-beslutning\/#primaryimage","url":"https:\/\/kunmedierne.dk\/mors\/wp-content\/uploads\/2021\/08\/IMG_1741.jpg","contentUrl":"https:\/\/kunmedierne.dk\/mors\/wp-content\/uploads\/2021\/08\/IMG_1741.jpg","width":770,"height":513},{"@type":"BreadcrumbList","@id":"https:\/\/kunmedierne.dk\/mors\/ny-hoejskoleformand-glaeder-sig-over-skelsaettende-beslutning\/#breadcrumb","itemListElement":[{"@type":"ListItem","position":1,"name":"Hjem","item":"https:\/\/kunmedierne.dk\/mors\/"},{"@type":"ListItem","position":2,"name":"Ny h\u00f8jskoleformand gl\u00e6der sig over skels\u00e6ttende beslutning"}]},{"@type":"WebSite","@id":"https:\/\/kunmedierne.dk\/mors\/#website","url":"https:\/\/kunmedierne.dk\/mors\/","name":"Mors","description":"et netmedie med journalistik om livet p\u00e5 Mors","publisher":{"@id":"https:\/\/kunmedierne.dk\/mors\/#organization"},"potentialAction":[{"@type":"SearchAction","target":{"@type":"EntryPoint","urlTemplate":"https:\/\/kunmedierne.dk\/mors\/?s={search_term_string}"},"query-input":{"@type":"PropertyValueSpecification","valueRequired":true,"valueName":"search_term_string"}}],"inLanguage":"da-DK"},{"@type":"Organization","@id":"https:\/\/kunmedierne.dk\/mors\/#organization","name":"Mors","url":"https:\/\/kunmedierne.dk\/mors\/","logo":{"@type":"ImageObject","inLanguage":"da-DK","@id":"https:\/\/kunmedierne.dk\/mors\/#\/schema\/logo\/image\/","url":"https:\/\/kunmedierne.dk\/mors\/wp-content\/uploads\/2024\/08\/kunmors-logo.svg","contentUrl":"https:\/\/kunmedierne.dk\/mors\/wp-content\/uploads\/2024\/08\/kunmors-logo.svg","caption":"Mors"},"image":{"@id":"https:\/\/kunmedierne.dk\/mors\/#\/schema\/logo\/image\/"}},{"@type":"Person","@id":"https:\/\/kunmedierne.dk\/mors\/#\/schema\/person\/5fe23251bf1d0abbcdc6f7896579d548","name":"David H\u00f8jmark","image":{"@type":"ImageObject","inLanguage":"da-DK","@id":"https:\/\/kunmedierne.dk\/mors\/#\/schema\/person\/image\/","url":"https:\/\/secure.gravatar.com\/avatar\/4315d6fb9ef244d729989f5f90268eb08d5bf8a3d84402f595fa194bb35784fd?s=96&d=mm&r=g","contentUrl":"https:\/\/secure.gravatar.com\/avatar\/4315d6fb9ef244d729989f5f90268eb08d5bf8a3d84402f595fa194bb35784fd?s=96&d=mm&r=g","caption":"David H\u00f8jmark"},"sameAs":["https:\/\/www.kunmedierne.dk"],"url":"https:\/\/kunmedierne.dk\/mors\/author\/david\/"}]}},"_links":{"self":[{"href":"https:\/\/kunmedierne.dk\/mors\/wp-json\/wp\/v2\/posts\/51033","targetHints":{"allow":["GET"]}}],"collection":[{"href":"https:\/\/kunmedierne.dk\/mors\/wp-json\/wp\/v2\/posts"}],"about":[{"href":"https:\/\/kunmedierne.dk\/mors\/wp-json\/wp\/v2\/types\/post"}],"author":[{"embeddable":true,"href":"https:\/\/kunmedierne.dk\/mors\/wp-json\/wp\/v2\/users\/8"}],"replies":[{"embeddable":true,"href":"https:\/\/kunmedierne.dk\/mors\/wp-json\/wp\/v2\/comments?post=51033"}],"version-history":[{"count":5,"href":"https:\/\/kunmedierne.dk\/mors\/wp-json\/wp\/v2\/posts\/51033\/revisions"}],"predecessor-version":[{"id":51118,"href":"https:\/\/kunmedierne.dk\/mors\/wp-json\/wp\/v2\/posts\/51033\/revisions\/51118"}],"wp:featuredmedia":[{"embeddable":true,"href":"https:\/\/kunmedierne.dk\/mors\/wp-json\/wp\/v2\/media\/51117"}],"wp:attachment":[{"href":"https:\/\/kunmedierne.dk\/mors\/wp-json\/wp\/v2\/media?parent=51033"}],"wp:term":[{"taxonomy":"category","embeddable":true,"href":"https:\/\/kunmedierne.dk\/mors\/wp-json\/wp\/v2\/categories?post=51033"},{"taxonomy":"post_tag","embeddable":true,"href":"https:\/\/kunmedierne.dk\/mors\/wp-json\/wp\/v2\/tags?post=51033"}],"curies":[{"name":"wp","href":"https:\/\/api.w.org\/{rel}","templated":true}]}}