{"id":50985,"date":"2021-08-25T16:16:46","date_gmt":"2021-08-25T14:16:46","guid":{"rendered":"https:\/\/kunmedierne.dk\/mors\/?p=50985"},"modified":"2024-08-07T14:45:12","modified_gmt":"2024-08-07T12:45:12","slug":"efter-kulturmoedet-det-skal-ikke-vaere-stoerre-det-skal-vaere-bedre","status":"publish","type":"post","link":"https:\/\/kunmedierne.dk\/mors\/efter-kulturmoedet-det-skal-ikke-vaere-stoerre-det-skal-vaere-bedre\/","title":{"rendered":"Efter Kulturm\u00f8det: &#8211; Det skal ikke v\u00e6re st\u00f8rre, det skal v\u00e6re bedre"},"content":{"rendered":"<p><strong>MORS<\/strong>: Kulturm\u00f8det Mors skal blive bedre og bedre \u00e5r efter \u00e5r.<\/p>\n<p>S\u00e5dan lyder en af ambitionerne hos Trine Bang, direkt\u00f8r for den b\u00e5de lokale og nationale kulturevent og dermed ansvarlig for det program, morsingboerne i slutningen af sidste uge tog til sig med stor kulturel appetit.<\/p>\n<p>9000 solgte billetter kom i brug hen over fire dage med kultur i mange former, s\u00e5 endnu mens kassen bliver gjort op og indtrykkene ford\u00f8jet, er det en glad direkt\u00f8r, der p\u00e5 vegne af b\u00e5de sig selv og det store hold bag Kulturm\u00f8det Mors, puster ud med en blanding af gl\u00e6de og lettelse.<\/p>\n<p>&#8220;Vi er simpelthen s\u00e5 begejstrede for den succes, det har v\u00e6ret med det kulturm\u00f8de, vi har skabt,&#8221; siger hun &#8211; vel vidende, at 2021-versionen med coronaens sp\u00e6ndetr\u00f8je over sig ikke var en folkefest som i 2019 og tidligere.<\/p>\n<p>&#8220;Men med de succesparametre, vi havde opstillet med programmet p\u00e5 Mors, er det jo g\u00e5et over al forventning,&#8221; siger Trine Bang. <a href=\"https:\/\/morsoe-begravelsesforretning.dk\/\"><img loading=\"lazy\" decoding=\"async\" class=\"alignright size-full wp-image-46598\" src=\"https:\/\/kunmedierne.dk\/mors\/wp-content\/uploads\/2021\/06\/t07.jpg\" alt=\"\" width=\"1425\" height=\"127\" srcset=\"https:\/\/kunmedierne.dk\/mors\/wp-content\/uploads\/2021\/06\/t07.jpg 1425w, https:\/\/kunmedierne.dk\/mors\/wp-content\/uploads\/2021\/06\/t07-300x27.jpg 300w, https:\/\/kunmedierne.dk\/mors\/wp-content\/uploads\/2021\/06\/t07-1024x91.jpg 1024w, https:\/\/kunmedierne.dk\/mors\/wp-content\/uploads\/2021\/06\/t07-768x68.jpg 768w, https:\/\/kunmedierne.dk\/mors\/wp-content\/uploads\/2021\/06\/t07-600x53.jpg 600w\" sizes=\"auto, (max-width: 1425px) 100vw, 1425px\" \/><\/a><\/p>\n<p>KunMors har kontaktet hende for b\u00e5de at se tilbage p\u00e5 dette \u00e5rs kulturm\u00f8de og frem imod det n\u00e6ste. For hvordan vil Kulturm\u00f8det Mors 2022 se ud, n\u00e5r coronaen forh\u00e5bentlig er helt ude af billedet? Bliver det eksempelvis, lige som i \u00e5r, bredt ud over fire dage?<\/p>\n<p>Til det sidste er svaret nej. Kulturm\u00f8det Mors vender tilbage til at begynde torsdag og slutte l\u00f8rdag &#8211; men dette \u00e5rs store afslutning med Savage Rose-koncerten s\u00f8ndag aften danner alligevel inspiration for en nyhed i forhold til tidligere kulturm\u00f8der.<\/p>\n<p>&#8220;Vi har l\u00e6rt rigtig meget i \u00e5r &#8211; blandt andet af de store koncerter p\u00e5 Folkescenen,&#8221; siger Trine Bang, der forestiller sig, at Kulturm\u00f8det 2022 forts\u00e6tter til l\u00f8rdag aften og i stedet for at s\u00e6tte punktum om eftermiddagen g\u00f8r det med en stor koncert om aftenen.<\/p>\n<p>&nbsp;<\/p>\n<p><strong>F\u00e6rre til digitale debatter<\/strong><\/p>\n<p>Noget af det, coronaen har f\u00e5et tilf\u00f8rt Kulturm\u00f8det, er de digitale debatter. Dem var der 25 af i \u00e5r, og selv om der ikke er gjort endelig status over bes\u00f8gstallet hjemme fra stuerne, er indtrykket, at de var knap s\u00e5 bes\u00f8gte som sidste \u00e5r.<\/p>\n<p>&#8220;Men nu ligger debatterne p\u00e5 vores hjemmeside resten af \u00e5ret. Og det, vi s\u00e5 sidste \u00e5r, var ogs\u00e5, at mange derefter gik ind og kiggede p\u00e5 dem,&#8221; siger Trine Bang og beskriver de digitale debatter som en form for vidensarkiv til senere brug.<img loading=\"lazy\" decoding=\"async\" class=\"alignright size-full wp-image-46600\" src=\"https:\/\/kunmedierne.dk\/mors\/wp-content\/uploads\/2021\/06\/t09.jpg\" alt=\"\" width=\"1400\" height=\"125\" srcset=\"https:\/\/kunmedierne.dk\/mors\/wp-content\/uploads\/2021\/06\/t09.jpg 1400w, https:\/\/kunmedierne.dk\/mors\/wp-content\/uploads\/2021\/06\/t09-300x27.jpg 300w, https:\/\/kunmedierne.dk\/mors\/wp-content\/uploads\/2021\/06\/t09-1024x91.jpg 1024w, https:\/\/kunmedierne.dk\/mors\/wp-content\/uploads\/2021\/06\/t09-768x69.jpg 768w, https:\/\/kunmedierne.dk\/mors\/wp-content\/uploads\/2021\/06\/t09-600x54.jpg 600w\" sizes=\"auto, (max-width: 1400px) 100vw, 1400px\" \/><\/p>\n<p>Samtidig vurderer hun, at den digitale tilslutning til Kulturm\u00f8det var knap s\u00e5 stor i \u00e5r som sidste \u00e5r, og at det skyldes, at verden nu er mere \u00e5ben.<\/p>\n<p>Det var dog heller ikke s\u00e5dan, at folket valfartede til debatterne p\u00e5 Folkescenen torsdag, lyder erkendelsen om \u00e5bningsdagen.<\/p>\n<p>&#8220;Men det var heller ikke noget, vi havde gjort specielt meget ud af. Det var debatter, der ogs\u00e5 gik ind i det digitale program, og p\u00e5 den m\u00e5de ogs\u00e5 var en del af et andet univers,&#8221; siger Trine Bang.<\/p>\n<p>&nbsp;<\/p>\n<p><strong>Fra kulturminister til folkefest<\/strong><\/p>\n<p>Kulturm\u00f8det 2021 n\u00e6rmest \u00e5bnede med pr\u00e6sentation af en ny kulturminister &#8211; og s\u00e5 gik det l\u00f8s med i alt 40 n\u00f8je udvalgte tilbud til morsingboerne.<\/p>\n<p>Trine Bang n\u00e6vner de <a href=\"https:\/\/kunmedierne.dk\/mors\/490-boern-byggede-kulturel-bro-til-sydspanien\/\" target=\"_blank\" rel=\"noopener\">lokale skoleb\u00f8rns m\u00f8de med spanske kunstnere<\/a>, f\u00e6llessangen om morgenen ved Holmen, John Mogensen-koncerten med Rasmus Bjerg og Oh Lands optr\u00e6den i Nyk\u00f8bing Mors Kirke som noget af det, der alt sammen var med til at g\u00f8re Kulturm\u00f8det til en helhedsoplevelse. <a href=\"https:\/\/konpap.dk\/\"><img loading=\"lazy\" decoding=\"async\" class=\"alignright size-full wp-image-49328\" src=\"https:\/\/kunmedierne.dk\/mors\/wp-content\/uploads\/2021\/07\/t10.jpg\" alt=\"\" width=\"1400\" height=\"125\" srcset=\"https:\/\/kunmedierne.dk\/mors\/wp-content\/uploads\/2021\/07\/t10.jpg 1400w, https:\/\/kunmedierne.dk\/mors\/wp-content\/uploads\/2021\/07\/t10-300x27.jpg 300w, https:\/\/kunmedierne.dk\/mors\/wp-content\/uploads\/2021\/07\/t10-1024x91.jpg 1024w, https:\/\/kunmedierne.dk\/mors\/wp-content\/uploads\/2021\/07\/t10-768x69.jpg 768w, https:\/\/kunmedierne.dk\/mors\/wp-content\/uploads\/2021\/07\/t10-600x54.jpg 600w\" sizes=\"auto, (max-width: 1400px) 100vw, 1400px\" \/><\/a><\/p>\n<p>&#8220;Men ogs\u00e5\u00a0 Den Kongelige Ballet og de store forfattere p\u00e5 H\u00f8jriis Slot. Det er den blanding, Kulturm\u00f8det altid har st\u00e5et for &#8211; og som jeg virkelig synes, at vi lykkedes med i \u00e5r,&#8221; siger hun.<\/p>\n<p><em>Hvor meget n\u00e5ede du selv at komme rundt?<\/em><\/p>\n<p>&#8220;Helt vildt meget! Og det har bare v\u00e6ret s\u00e5 fantastisk i \u00e5r,&#8221; siger Trine Bang.<\/p>\n<p>&#8220;Det har v\u00e6ret rigtig dejligt at komme rundt og pr\u00e6sentere kunsterne p\u00e5 scenerne, s\u00e5 det har v\u00e6ret en fantastisk dejlig oplevelse at v\u00e6re s\u00e5 meget til stede. At cykle hen og pr\u00e6sentere Oh Land i kirken, som fylder rummet med magi, og dagen efter st\u00e5 til b\u00f8rneparade igennem byen, hvor der bliver kastet med gr\u00f8ntsager &#8211; og der bliver sunget af spanske kunstnere. S\u00e5 bliver jeg fyldt med en helt anden gl\u00e6de,&#8221; siger hun og har sv\u00e6rt ved at fremh\u00e6ve enkelte oplevelser frem for andre.<\/p>\n<p>&#8220;Det har v\u00e6ret nogle sindssygt flotte arrangementer, og det har r\u00f8rt mig rigtig meget, at det har v\u00e6ret s\u00e5 varieret. Vi startede med en kulturminister og sluttede med en folkefest &#8211; og det er det sp\u00e6nd, Kulturm\u00f8det skal bev\u00e6ge sig i,&#8221; siger Trine Bang.<\/p>\n<p>&nbsp;<\/p>\n<p><strong>Nervepirrende m\u00e5neder<\/strong><\/p>\n<p>I begyndelsen af \u00e5ret stod Kulturm\u00f8det Mors foran en stor beslutning. Coronaen var p\u00e5 det tidspunkt p\u00e5 sit h\u00f8jeste, og hvordan skulle man planl\u00e6gge uden at kunne se otte m\u00e5neder frem i tiden og kende restriktionerne til den tid?<\/p>\n<p>&#8220;Vi kunne ikke have et for\u00e5r, hvor vi sejlede mellem forskellige scenarier. S\u00e5 allerede i januar var vi meget klar p\u00e5, at kulturm\u00f8det i \u00e5r ikke ville blive en festival med 30.000 g\u00e6ster. Det ville heller ikke blive en branchefestival, hvor vi inviterede g\u00e6ster fra hele Danmark til Mors &#8211; for det kunne v\u00e6re sv\u00e6rt at planl\u00e6gge,&#8221; siger hun. <a href=\"https:\/\/www.sparv.dk\/\"><img loading=\"lazy\" decoding=\"async\" class=\"alignright size-full wp-image-46602\" src=\"https:\/\/kunmedierne.dk\/mors\/wp-content\/uploads\/2021\/06\/t11.jpg\" alt=\"\" width=\"1400\" height=\"125\" srcset=\"https:\/\/kunmedierne.dk\/mors\/wp-content\/uploads\/2021\/06\/t11.jpg 1400w, https:\/\/kunmedierne.dk\/mors\/wp-content\/uploads\/2021\/06\/t11-300x27.jpg 300w, https:\/\/kunmedierne.dk\/mors\/wp-content\/uploads\/2021\/06\/t11-1024x91.jpg 1024w, https:\/\/kunmedierne.dk\/mors\/wp-content\/uploads\/2021\/06\/t11-768x69.jpg 768w, https:\/\/kunmedierne.dk\/mors\/wp-content\/uploads\/2021\/06\/t11-600x54.jpg 600w\" sizes=\"auto, (max-width: 1400px) 100vw, 1400px\" \/><\/a><\/p>\n<p>L\u00f8sningen blev blandt andet de 40 kulturoplevelser p\u00e5 Mors &#8211; og s\u00e5 holdt man ellers vejret og h\u00e5bede, at coronaen ikke forhindrede dem til august.<\/p>\n<p>Det gjorde den ikke. Tv\u00e6rtimod kunne man f\u00e5 dagen inden\u00a0Kulturm\u00f8det med stor begejstring frigive <a href=\"https:\/\/kunmedierne.dk\/mors\/kulturmoedet-frigiver-2000-billetter\/\" target=\"_blank\" rel=\"noopener\">2000 ekstra billetter<\/a> som f\u00f8lge af nye lempelser.<\/p>\n<p>Men det kunne man jo ikke vide noget om hen over for\u00e5rets og sommerens planl\u00e6gning af Kulturm\u00f8det.<\/p>\n<p>&#8220;Det kunne ogs\u00e5 v\u00e6re g\u00e5et den helt anden vej, og det har v\u00e6ret nervepirrende. Vi har selvf\u00f8lgelig v\u00e6ret klar p\u00e5, at hvis det gik s\u00e5dan, m\u00e5tte det v\u00e6re det, der skulle ske. Men i vores planl\u00e6gning har vi t\u00e6nkt, at det gik den rigtige vej,&#8221; siger Trine Bang.<\/p>\n<p>En model talte ogs\u00e5 om at opdele kulturpladsen med de store koncerter i tre sektioner opdelt af hegn. I stedet endte det med 1400 mennesker i samlet flok og f\u00e6lles oplevelse.<\/p>\n<p>Og med en f\u00f8lelse af, at de gode, gamle dage f\u00f8r coronaen for alvor var p\u00e5 vej tilbage.<a href=\"https:\/\/thistedkloakservice.dk\/\"><img loading=\"lazy\" decoding=\"async\" class=\"alignright size-full wp-image-46603\" src=\"https:\/\/kunmedierne.dk\/mors\/wp-content\/uploads\/2021\/06\/t12.jpg\" alt=\"\" width=\"1400\" height=\"125\" srcset=\"https:\/\/kunmedierne.dk\/mors\/wp-content\/uploads\/2021\/06\/t12.jpg 1400w, https:\/\/kunmedierne.dk\/mors\/wp-content\/uploads\/2021\/06\/t12-300x27.jpg 300w, https:\/\/kunmedierne.dk\/mors\/wp-content\/uploads\/2021\/06\/t12-1024x91.jpg 1024w, https:\/\/kunmedierne.dk\/mors\/wp-content\/uploads\/2021\/06\/t12-768x69.jpg 768w, https:\/\/kunmedierne.dk\/mors\/wp-content\/uploads\/2021\/06\/t12-600x54.jpg 600w\" sizes=\"auto, (max-width: 1400px) 100vw, 1400px\" \/><\/a><\/p>\n<p>&#8220;At st\u00e5 der med s\u00e5 mange mennesker, som vi gjorde, var jo bare gl\u00e6deligt p\u00e5 alle parametre. S\u00e5 vi er virkelig, virkelig glade. Og s\u00e5 er jeg helt med p\u00e5, at formatet i \u00e5r, hvor man ikke bare har kunnet drysse forbi, men har skullet have billetter, selvf\u00f8lgelig har gjort, at mange af de lokale, der plejer at bes\u00f8ge Kulturm\u00f8det, ikke har gjort det i \u00e5r,&#8221; siger Trine Bang.<\/p>\n<p>&#8220;Og det er jo det, vi \u00f8nsker. Det er d\u00e9t Kulturm\u00f8det Mors, vi gerne vil have &#8211; med fest i gaderne. S\u00e5 nu g\u00e5r vi i gang med at planl\u00e6gge det til n\u00e6ste \u00e5r. Nu planl\u00e6gger vi det Kulturm\u00f8det, vi alle sammen kan huske fra 2019 &#8211; og med alle vores gode erfaringer, som vi bygger ovenp\u00e5,&#8221; siger hun.<\/p>\n<p>&nbsp;<\/p>\n<p><strong>Forventer mange g\u00e6ster i 2022<\/strong><\/p>\n<p>Kulturm\u00f8det Mors 2021 b\u00f8d ogs\u00e5 p\u00e5 programpunkter andre steder end i Nyk\u00f8bing. B\u00e5de H\u00f8jriis Slot og Hanklit dannede ramme om kulturelle tiltag.<\/p>\n<p>Den slags vil man ogs\u00e5 kunne se i n\u00e6ste \u00e5rs program.<\/p>\n<p>&#8220;Vi har eksperimenteret rigtig meget med den m\u00e5de, vi skaber oplevelser p\u00e5. Og det er klart, at det tager vi med ind i Kulturm\u00f8det 2022. S\u00e5 det bliver bedre end nogensinde, det er jeg sikker p\u00e5,&#8221; siger Trine Bang.<\/p>\n<p><em>Skal det mere eller mindre ud p\u00e5 \u00f8en n\u00e6ste \u00e5r?<\/em><\/p>\n<p>&#8220;Nu g\u00e5r vi i maskinrummet, og s\u00e5 m\u00e5 vi se, hvad det kan tr\u00e6kke. Det er klart, at det store, bankende hjerte &#8211; der, hvor fort\u00e6tningen skal v\u00e6re &#8211; er i Nyk\u00f8bing. Man skal have f\u00f8lelsen af, at man er til en koncentreret festival. Men det er helt oplagt, at man laver de nedslag, vi har haft i \u00e5r,&#8221; siger hun.<\/p>\n<p><em>Bliver det s\u00e5 st\u00f8rre n\u00e6ste \u00e5r?<\/em><\/p>\n<p>&#8220;Jeg tror, det bliver bedre. Vi har altid haft mange arrangementer, s\u00e5 jeg har ikke ambitioner om, at vi skal have flere. Men det at komme til Kulturm\u00f8det skal v\u00e6re en bedre oplevelse i forhold til v\u00e6rtsskab, stemning og de programpunkter, vi s\u00e6tter p\u00e5 scenen,&#8221; siger Trine Bang. <a href=\"https:\/\/www.fmspks.dk\/\"><img loading=\"lazy\" decoding=\"async\" class=\"alignright size-full wp-image-46592\" src=\"https:\/\/kunmedierne.dk\/mors\/wp-content\/uploads\/2021\/06\/t01.jpg\" alt=\"\" width=\"1400\" height=\"125\" srcset=\"https:\/\/kunmedierne.dk\/mors\/wp-content\/uploads\/2021\/06\/t01.jpg 1400w, https:\/\/kunmedierne.dk\/mors\/wp-content\/uploads\/2021\/06\/t01-300x27.jpg 300w, https:\/\/kunmedierne.dk\/mors\/wp-content\/uploads\/2021\/06\/t01-1024x91.jpg 1024w, https:\/\/kunmedierne.dk\/mors\/wp-content\/uploads\/2021\/06\/t01-768x69.jpg 768w, https:\/\/kunmedierne.dk\/mors\/wp-content\/uploads\/2021\/06\/t01-600x54.jpg 600w\" sizes=\"auto, (max-width: 1400px) 100vw, 1400px\" \/><\/a><\/p>\n<p>&#8220;Det er ikke vores ambitioner, at der skal v\u00e6re mere &#8211; men det skal v\u00e6re bedre og bedre skruet sammen og skabe nye oplevelser \u00e5r efter \u00e5r. Det skal v\u00e6re s\u00e5dan, at vi ikke bare gentager os selv, men ogs\u00e5 udvikler os,&#8221; lyder ambitionen &#8211; med tilf\u00f8jelsen:<\/p>\n<p>&#8220;N\u00e5r det s\u00e5 er sagt, kan jeg allerede fornemme, at der kommer til at komme flere til Kulturm\u00f8det, fordi dets nationale brand har en k\u00e6mpe opm\u00e6rksomhed. Og alle sulter efter at komme tilbage. S\u00e5 jeg er slet ikke i tvivl om, at vi kommer til at st\u00e5 med nogle udfordringer i forhold til, at der faktisk kommer rigtig mange mennesker til Mors &#8211; og der skal vi selvf\u00f8lgelig se p\u00e5 overnatninger, der jo ikke har den h\u00f8jeste kapacitet.&#8221;<\/p>\n<p>&nbsp;<\/p>\n<p><strong>Stolt af de frivilliges indsats<\/strong><\/p>\n<p>S\u00e5 det bliver \u00e9t af fokuspunkterne til n\u00e6ste \u00e5rs Kulturm\u00f8det &#8211; med krydsede fingre for, at coronaen ikke vender tilbage og p\u00e5virker planerne for tredje \u00e5r i tr\u00e6k.<\/p>\n<p>Et andet bliver at bevare korpset af frivillige &#8211; eller m\u00e5ske endda udbygge det. I forhold til det kan Trine Bang hente optimisme i, at dem, der var med i \u00e5r, fik store skulderklap fra de deltagende kunstnere, som har meldt om god afvikling af deres bidrag. <a href=\"https:\/\/vester-begr.dk\"><img loading=\"lazy\" decoding=\"async\" class=\"alignright size-full wp-image-46593\" src=\"https:\/\/kunmedierne.dk\/mors\/wp-content\/uploads\/2021\/06\/t02.jpg\" alt=\"\" width=\"1400\" height=\"125\" srcset=\"https:\/\/kunmedierne.dk\/mors\/wp-content\/uploads\/2021\/06\/t02.jpg 1400w, https:\/\/kunmedierne.dk\/mors\/wp-content\/uploads\/2021\/06\/t02-300x27.jpg 300w, https:\/\/kunmedierne.dk\/mors\/wp-content\/uploads\/2021\/06\/t02-1024x91.jpg 1024w, https:\/\/kunmedierne.dk\/mors\/wp-content\/uploads\/2021\/06\/t02-768x69.jpg 768w, https:\/\/kunmedierne.dk\/mors\/wp-content\/uploads\/2021\/06\/t02-600x54.jpg 600w\" sizes=\"auto, (max-width: 1400px) 100vw, 1400px\" \/><\/a><\/p>\n<p>&#8220;Og det er jo vigtigt, n\u00e5r vi tager imod g\u00e6ster p\u00e5 Mors, at de ogs\u00e5 oplever det som noget godt. S\u00e5 det er jeg virkelig stolt af p\u00e5 de frivilliges vegne,&#8221; siger Trine Bang<\/p>\n<p>Kulturm\u00f8det Mors 2022 finder sted i dagene 25.-27. august.<\/p>\n<div id=\"attachment_50998\" style=\"width: 780px\" class=\"wp-caption alignright\"><img loading=\"lazy\" decoding=\"async\" aria-describedby=\"caption-attachment-50998\" class=\"size-full wp-image-50998\" src=\"https:\/\/kunmedierne.dk\/mors\/wp-content\/uploads\/2021\/08\/kulturmoedet-2021-5.jpg\" alt=\"\" width=\"770\" height=\"514\" srcset=\"https:\/\/kunmedierne.dk\/mors\/wp-content\/uploads\/2021\/08\/kulturmoedet-2021-5.jpg 770w, https:\/\/kunmedierne.dk\/mors\/wp-content\/uploads\/2021\/08\/kulturmoedet-2021-5-300x200.jpg 300w, https:\/\/kunmedierne.dk\/mors\/wp-content\/uploads\/2021\/08\/kulturmoedet-2021-5-768x513.jpg 768w, https:\/\/kunmedierne.dk\/mors\/wp-content\/uploads\/2021\/08\/kulturmoedet-2021-5-360x240.jpg 360w, https:\/\/kunmedierne.dk\/mors\/wp-content\/uploads\/2021\/08\/kulturmoedet-2021-5-600x401.jpg 600w\" sizes=\"auto, (max-width: 770px) 100vw, 770px\" \/><p id=\"caption-attachment-50998\" class=\"wp-caption-text\">Gr\u00f8ntsagsparade med spanske flamenco-dansere. Foto: Per Bille.<\/p><\/div>\n<p><a href=\"https:\/\/vognmand-filtenborg.dk\/\"><img loading=\"lazy\" decoding=\"async\" class=\"alignright size-full wp-image-46594\" src=\"https:\/\/kunmedierne.dk\/mors\/wp-content\/uploads\/2021\/06\/t03.jpg\" alt=\"\" width=\"1400\" height=\"125\" srcset=\"https:\/\/kunmedierne.dk\/mors\/wp-content\/uploads\/2021\/06\/t03.jpg 1400w, https:\/\/kunmedierne.dk\/mors\/wp-content\/uploads\/2021\/06\/t03-300x27.jpg 300w, https:\/\/kunmedierne.dk\/mors\/wp-content\/uploads\/2021\/06\/t03-1024x91.jpg 1024w, https:\/\/kunmedierne.dk\/mors\/wp-content\/uploads\/2021\/06\/t03-768x69.jpg 768w, https:\/\/kunmedierne.dk\/mors\/wp-content\/uploads\/2021\/06\/t03-600x54.jpg 600w\" sizes=\"auto, (max-width: 1400px) 100vw, 1400px\" \/><\/a><\/p>\n<div id=\"attachment_50997\" style=\"width: 780px\" class=\"wp-caption alignright\"><img loading=\"lazy\" decoding=\"async\" aria-describedby=\"caption-attachment-50997\" class=\"size-full wp-image-50997\" src=\"https:\/\/kunmedierne.dk\/mors\/wp-content\/uploads\/2021\/08\/kulturmoedet-2021-4.jpg\" alt=\"\" width=\"770\" height=\"513\" srcset=\"https:\/\/kunmedierne.dk\/mors\/wp-content\/uploads\/2021\/08\/kulturmoedet-2021-4.jpg 770w, https:\/\/kunmedierne.dk\/mors\/wp-content\/uploads\/2021\/08\/kulturmoedet-2021-4-300x200.jpg 300w, https:\/\/kunmedierne.dk\/mors\/wp-content\/uploads\/2021\/08\/kulturmoedet-2021-4-768x512.jpg 768w, https:\/\/kunmedierne.dk\/mors\/wp-content\/uploads\/2021\/08\/kulturmoedet-2021-4-360x240.jpg 360w, https:\/\/kunmedierne.dk\/mors\/wp-content\/uploads\/2021\/08\/kulturmoedet-2021-4-600x400.jpg 600w\" sizes=\"auto, (max-width: 770px) 100vw, 770px\" \/><p id=\"caption-attachment-50997\" class=\"wp-caption-text\">Oh Land optr\u00e5dte i Sankt Clemens Kirke i Nyk\u00f8bing. Foto: Per Bille.<\/p><\/div>\n<p><a href=\"https:\/\/www.sparnord.dk\/filialer\/nykoebing-mors\/\"><img loading=\"lazy\" decoding=\"async\" class=\"alignright size-full wp-image-46595\" src=\"https:\/\/kunmedierne.dk\/mors\/wp-content\/uploads\/2021\/06\/t04.jpg\" alt=\"\" width=\"1400\" height=\"123\" srcset=\"https:\/\/kunmedierne.dk\/mors\/wp-content\/uploads\/2021\/06\/t04.jpg 1400w, https:\/\/kunmedierne.dk\/mors\/wp-content\/uploads\/2021\/06\/t04-300x26.jpg 300w, https:\/\/kunmedierne.dk\/mors\/wp-content\/uploads\/2021\/06\/t04-1024x90.jpg 1024w, https:\/\/kunmedierne.dk\/mors\/wp-content\/uploads\/2021\/06\/t04-768x67.jpg 768w, https:\/\/kunmedierne.dk\/mors\/wp-content\/uploads\/2021\/06\/t04-600x53.jpg 600w\" sizes=\"auto, (max-width: 1400px) 100vw, 1400px\" \/><\/a><\/p>\n<div id=\"attachment_50996\" style=\"width: 780px\" class=\"wp-caption alignright\"><img loading=\"lazy\" decoding=\"async\" aria-describedby=\"caption-attachment-50996\" class=\"size-full wp-image-50996\" src=\"https:\/\/kunmedierne.dk\/mors\/wp-content\/uploads\/2021\/08\/kulturmoedet-2021-3.jpg\" alt=\"\" width=\"770\" height=\"513\" srcset=\"https:\/\/kunmedierne.dk\/mors\/wp-content\/uploads\/2021\/08\/kulturmoedet-2021-3.jpg 770w, https:\/\/kunmedierne.dk\/mors\/wp-content\/uploads\/2021\/08\/kulturmoedet-2021-3-300x200.jpg 300w, https:\/\/kunmedierne.dk\/mors\/wp-content\/uploads\/2021\/08\/kulturmoedet-2021-3-768x512.jpg 768w, https:\/\/kunmedierne.dk\/mors\/wp-content\/uploads\/2021\/08\/kulturmoedet-2021-3-360x240.jpg 360w, https:\/\/kunmedierne.dk\/mors\/wp-content\/uploads\/2021\/08\/kulturmoedet-2021-3-600x400.jpg 600w\" sizes=\"auto, (max-width: 770px) 100vw, 770px\" \/><p id=\"caption-attachment-50996\" class=\"wp-caption-text\">Forfattersalon med Leonora Christina Skov. Foto: Per Bille.<\/p><\/div>\n<p><a href=\"https:\/\/www.braendselsforeningen.dk\/\"><img loading=\"lazy\" decoding=\"async\" class=\"alignright size-full wp-image-46597\" src=\"https:\/\/kunmedierne.dk\/mors\/wp-content\/uploads\/2021\/06\/t06.jpg\" alt=\"\" width=\"1425\" height=\"127\" srcset=\"https:\/\/kunmedierne.dk\/mors\/wp-content\/uploads\/2021\/06\/t06.jpg 1425w, https:\/\/kunmedierne.dk\/mors\/wp-content\/uploads\/2021\/06\/t06-300x27.jpg 300w, https:\/\/kunmedierne.dk\/mors\/wp-content\/uploads\/2021\/06\/t06-1024x91.jpg 1024w, https:\/\/kunmedierne.dk\/mors\/wp-content\/uploads\/2021\/06\/t06-768x68.jpg 768w, https:\/\/kunmedierne.dk\/mors\/wp-content\/uploads\/2021\/06\/t06-600x53.jpg 600w\" sizes=\"auto, (max-width: 1425px) 100vw, 1425px\" \/><\/a><\/p>\n<div id=\"attachment_50994\" style=\"width: 780px\" class=\"wp-caption alignright\"><img loading=\"lazy\" decoding=\"async\" aria-describedby=\"caption-attachment-50994\" class=\"size-full wp-image-50994\" src=\"https:\/\/kunmedierne.dk\/mors\/wp-content\/uploads\/2021\/08\/kulturmoedet-2021-1.jpg\" alt=\"\" width=\"770\" height=\"461\" srcset=\"https:\/\/kunmedierne.dk\/mors\/wp-content\/uploads\/2021\/08\/kulturmoedet-2021-1.jpg 770w, https:\/\/kunmedierne.dk\/mors\/wp-content\/uploads\/2021\/08\/kulturmoedet-2021-1-300x180.jpg 300w, https:\/\/kunmedierne.dk\/mors\/wp-content\/uploads\/2021\/08\/kulturmoedet-2021-1-768x460.jpg 768w, https:\/\/kunmedierne.dk\/mors\/wp-content\/uploads\/2021\/08\/kulturmoedet-2021-1-600x359.jpg 600w\" sizes=\"auto, (max-width: 770px) 100vw, 770px\" \/><p id=\"caption-attachment-50994\" class=\"wp-caption-text\">Rasmus Bjerg gav koncert som John Mogensen. Foto: Per Bille.<\/p><\/div>\n<p>&nbsp;<\/p>\n<p><a href=\"http:\/\/www.limfjordsteatret.dk\/#front\"><img loading=\"lazy\" decoding=\"async\" class=\"alignright size-full wp-image-46596\" src=\"https:\/\/kunmedierne.dk\/mors\/wp-content\/uploads\/2021\/06\/t05.jpg\" alt=\"\" width=\"1400\" height=\"125\" srcset=\"https:\/\/kunmedierne.dk\/mors\/wp-content\/uploads\/2021\/06\/t05.jpg 1400w, https:\/\/kunmedierne.dk\/mors\/wp-content\/uploads\/2021\/06\/t05-300x27.jpg 300w, https:\/\/kunmedierne.dk\/mors\/wp-content\/uploads\/2021\/06\/t05-1024x91.jpg 1024w, https:\/\/kunmedierne.dk\/mors\/wp-content\/uploads\/2021\/06\/t05-768x69.jpg 768w, https:\/\/kunmedierne.dk\/mors\/wp-content\/uploads\/2021\/06\/t05-600x54.jpg 600w\" sizes=\"auto, (max-width: 1400px) 100vw, 1400px\" \/><\/a><\/p>\n<div id=\"attachment_50995\" style=\"width: 780px\" class=\"wp-caption alignright\"><img loading=\"lazy\" decoding=\"async\" aria-describedby=\"caption-attachment-50995\" class=\"size-full wp-image-50995\" src=\"https:\/\/kunmedierne.dk\/mors\/wp-content\/uploads\/2021\/08\/kulturmoedet-2021-2.jpg\" alt=\"\" width=\"770\" height=\"540\" srcset=\"https:\/\/kunmedierne.dk\/mors\/wp-content\/uploads\/2021\/08\/kulturmoedet-2021-2.jpg 770w, https:\/\/kunmedierne.dk\/mors\/wp-content\/uploads\/2021\/08\/kulturmoedet-2021-2-300x210.jpg 300w, https:\/\/kunmedierne.dk\/mors\/wp-content\/uploads\/2021\/08\/kulturmoedet-2021-2-768x539.jpg 768w, https:\/\/kunmedierne.dk\/mors\/wp-content\/uploads\/2021\/08\/kulturmoedet-2021-2-100x70.jpg 100w, https:\/\/kunmedierne.dk\/mors\/wp-content\/uploads\/2021\/08\/kulturmoedet-2021-2-600x421.jpg 600w\" sizes=\"auto, (max-width: 770px) 100vw, 770px\" \/><p id=\"caption-attachment-50995\" class=\"wp-caption-text\">Trine Bang (tv.), direkt\u00f8r for Kulturm\u00f8det Mors, og kulturminister Ane Halsboe-J\u00f8rgensen (S). Foto: Per Bille.<\/p><\/div>\n","protected":false},"excerpt":{"rendered":"<p>MORS: Kulturm\u00f8det Mors skal blive bedre og bedre \u00e5r efter \u00e5r. S\u00e5dan lyder en af ambitionerne hos Trine Bang, direkt\u00f8r for den b\u00e5de lokale og nationale kulturevent og dermed ansvarlig for det program, morsingboerne i slutningen af sidste uge tog til sig med stor kulturel appetit. 9000 solgte billetter kom i brug hen over fire [&hellip;]<\/p>\n","protected":false},"author":8,"featured_media":50999,"comment_status":"open","ping_status":"open","sticky":false,"template":"","format":"standard","meta":{"_acf_changed":false,"footnotes":""},"categories":[49],"tags":[162],"class_list":["post-50985","post","type-post","status-publish","format-standard","has-post-thumbnail","hentry","category-kultur","tag-kulturmoedet"],"acf":[],"yoast_head":"<!-- This site is optimized with the Yoast SEO plugin v26.8 - https:\/\/yoast.com\/product\/yoast-seo-wordpress\/ -->\n<title>Efter Kulturm\u00f8det: - Det skal ikke v\u00e6re st\u00f8rre, det skal v\u00e6re bedre - Mors<\/title>\n<meta name=\"robots\" content=\"index, follow, max-snippet:-1, max-image-preview:large, max-video-preview:-1\" \/>\n<link rel=\"canonical\" href=\"https:\/\/kunmedierne.dk\/mors\/efter-kulturmoedet-det-skal-ikke-vaere-stoerre-det-skal-vaere-bedre\/\" \/>\n<meta property=\"og:locale\" content=\"da_DK\" \/>\n<meta property=\"og:type\" content=\"article\" \/>\n<meta property=\"og:title\" content=\"Efter Kulturm\u00f8det: - Det skal ikke v\u00e6re st\u00f8rre, det skal v\u00e6re bedre - Mors\" \/>\n<meta property=\"og:description\" content=\"MORS: Kulturm\u00f8det Mors skal blive bedre og bedre \u00e5r efter \u00e5r. S\u00e5dan lyder en af ambitionerne hos Trine Bang, direkt\u00f8r for den b\u00e5de lokale og nationale kulturevent og dermed ansvarlig for det program, morsingboerne i slutningen af sidste uge tog til sig med stor kulturel appetit. 9000 solgte billetter kom i brug hen over fire [&hellip;]\" \/>\n<meta property=\"og:url\" content=\"https:\/\/kunmedierne.dk\/mors\/efter-kulturmoedet-det-skal-ikke-vaere-stoerre-det-skal-vaere-bedre\/\" \/>\n<meta property=\"og:site_name\" content=\"Mors\" \/>\n<meta property=\"article:published_time\" content=\"2021-08-25T14:16:46+00:00\" \/>\n<meta property=\"article:modified_time\" content=\"2024-08-07T12:45:12+00:00\" \/>\n<meta property=\"og:image\" content=\"https:\/\/kunmedierne.dk\/mors\/wp-content\/uploads\/2021\/08\/kulturmoedet-2021-6.jpg\" \/>\n\t<meta property=\"og:image:width\" content=\"770\" \/>\n\t<meta property=\"og:image:height\" content=\"513\" \/>\n\t<meta property=\"og:image:type\" content=\"image\/jpeg\" \/>\n<meta name=\"author\" content=\"David H\u00f8jmark\" \/>\n<meta name=\"twitter:card\" content=\"summary_large_image\" \/>\n<meta name=\"twitter:label1\" content=\"Skrevet af\" \/>\n\t<meta name=\"twitter:data1\" content=\"David H\u00f8jmark\" \/>\n\t<meta name=\"twitter:label2\" content=\"Estimeret l\u00e6setid\" \/>\n\t<meta name=\"twitter:data2\" content=\"11 minutter\" \/>\n<script type=\"application\/ld+json\" class=\"yoast-schema-graph\">{\"@context\":\"https:\/\/schema.org\",\"@graph\":[{\"@type\":\"Article\",\"@id\":\"https:\/\/kunmedierne.dk\/mors\/efter-kulturmoedet-det-skal-ikke-vaere-stoerre-det-skal-vaere-bedre\/#article\",\"isPartOf\":{\"@id\":\"https:\/\/kunmedierne.dk\/mors\/efter-kulturmoedet-det-skal-ikke-vaere-stoerre-det-skal-vaere-bedre\/\"},\"author\":{\"name\":\"David H\u00f8jmark\",\"@id\":\"https:\/\/kunmedierne.dk\/mors\/#\/schema\/person\/5fe23251bf1d0abbcdc6f7896579d548\"},\"headline\":\"Efter Kulturm\u00f8det: &#8211; Det skal ikke v\u00e6re st\u00f8rre, det skal v\u00e6re bedre\",\"datePublished\":\"2021-08-25T14:16:46+00:00\",\"dateModified\":\"2024-08-07T12:45:12+00:00\",\"mainEntityOfPage\":{\"@id\":\"https:\/\/kunmedierne.dk\/mors\/efter-kulturmoedet-det-skal-ikke-vaere-stoerre-det-skal-vaere-bedre\/\"},\"wordCount\":1822,\"commentCount\":0,\"publisher\":{\"@id\":\"https:\/\/kunmedierne.dk\/mors\/#organization\"},\"image\":{\"@id\":\"https:\/\/kunmedierne.dk\/mors\/efter-kulturmoedet-det-skal-ikke-vaere-stoerre-det-skal-vaere-bedre\/#primaryimage\"},\"thumbnailUrl\":\"https:\/\/kunmedierne.dk\/mors\/wp-content\/uploads\/2021\/08\/kulturmoedet-2021-6.jpg\",\"keywords\":[\"Kulturm\u00f8det\"],\"articleSection\":[\"Kultur\"],\"inLanguage\":\"da-DK\",\"potentialAction\":[{\"@type\":\"CommentAction\",\"name\":\"Comment\",\"target\":[\"https:\/\/kunmedierne.dk\/mors\/efter-kulturmoedet-det-skal-ikke-vaere-stoerre-det-skal-vaere-bedre\/#respond\"]}]},{\"@type\":\"WebPage\",\"@id\":\"https:\/\/kunmedierne.dk\/mors\/efter-kulturmoedet-det-skal-ikke-vaere-stoerre-det-skal-vaere-bedre\/\",\"url\":\"https:\/\/kunmedierne.dk\/mors\/efter-kulturmoedet-det-skal-ikke-vaere-stoerre-det-skal-vaere-bedre\/\",\"name\":\"Efter Kulturm\u00f8det: - Det skal ikke v\u00e6re st\u00f8rre, det skal v\u00e6re bedre - Mors\",\"isPartOf\":{\"@id\":\"https:\/\/kunmedierne.dk\/mors\/#website\"},\"primaryImageOfPage\":{\"@id\":\"https:\/\/kunmedierne.dk\/mors\/efter-kulturmoedet-det-skal-ikke-vaere-stoerre-det-skal-vaere-bedre\/#primaryimage\"},\"image\":{\"@id\":\"https:\/\/kunmedierne.dk\/mors\/efter-kulturmoedet-det-skal-ikke-vaere-stoerre-det-skal-vaere-bedre\/#primaryimage\"},\"thumbnailUrl\":\"https:\/\/kunmedierne.dk\/mors\/wp-content\/uploads\/2021\/08\/kulturmoedet-2021-6.jpg\",\"datePublished\":\"2021-08-25T14:16:46+00:00\",\"dateModified\":\"2024-08-07T12:45:12+00:00\",\"breadcrumb\":{\"@id\":\"https:\/\/kunmedierne.dk\/mors\/efter-kulturmoedet-det-skal-ikke-vaere-stoerre-det-skal-vaere-bedre\/#breadcrumb\"},\"inLanguage\":\"da-DK\",\"potentialAction\":[{\"@type\":\"ReadAction\",\"target\":[\"https:\/\/kunmedierne.dk\/mors\/efter-kulturmoedet-det-skal-ikke-vaere-stoerre-det-skal-vaere-bedre\/\"]}]},{\"@type\":\"ImageObject\",\"inLanguage\":\"da-DK\",\"@id\":\"https:\/\/kunmedierne.dk\/mors\/efter-kulturmoedet-det-skal-ikke-vaere-stoerre-det-skal-vaere-bedre\/#primaryimage\",\"url\":\"https:\/\/kunmedierne.dk\/mors\/wp-content\/uploads\/2021\/08\/kulturmoedet-2021-6.jpg\",\"contentUrl\":\"https:\/\/kunmedierne.dk\/mors\/wp-content\/uploads\/2021\/08\/kulturmoedet-2021-6.jpg\",\"width\":770,\"height\":513,\"caption\":\"Kulturm\u00f8det 2021 fik ogs\u00e5 en folkelig dimension. Foto: Per Bille.\"},{\"@type\":\"BreadcrumbList\",\"@id\":\"https:\/\/kunmedierne.dk\/mors\/efter-kulturmoedet-det-skal-ikke-vaere-stoerre-det-skal-vaere-bedre\/#breadcrumb\",\"itemListElement\":[{\"@type\":\"ListItem\",\"position\":1,\"name\":\"Hjem\",\"item\":\"https:\/\/kunmedierne.dk\/mors\/\"},{\"@type\":\"ListItem\",\"position\":2,\"name\":\"Efter Kulturm\u00f8det: &#8211; Det skal ikke v\u00e6re st\u00f8rre, det skal v\u00e6re bedre\"}]},{\"@type\":\"WebSite\",\"@id\":\"https:\/\/kunmedierne.dk\/mors\/#website\",\"url\":\"https:\/\/kunmedierne.dk\/mors\/\",\"name\":\"Mors\",\"description\":\"et netmedie med journalistik om livet p\u00e5 Mors\",\"publisher\":{\"@id\":\"https:\/\/kunmedierne.dk\/mors\/#organization\"},\"potentialAction\":[{\"@type\":\"SearchAction\",\"target\":{\"@type\":\"EntryPoint\",\"urlTemplate\":\"https:\/\/kunmedierne.dk\/mors\/?s={search_term_string}\"},\"query-input\":{\"@type\":\"PropertyValueSpecification\",\"valueRequired\":true,\"valueName\":\"search_term_string\"}}],\"inLanguage\":\"da-DK\"},{\"@type\":\"Organization\",\"@id\":\"https:\/\/kunmedierne.dk\/mors\/#organization\",\"name\":\"Mors\",\"url\":\"https:\/\/kunmedierne.dk\/mors\/\",\"logo\":{\"@type\":\"ImageObject\",\"inLanguage\":\"da-DK\",\"@id\":\"https:\/\/kunmedierne.dk\/mors\/#\/schema\/logo\/image\/\",\"url\":\"https:\/\/kunmedierne.dk\/mors\/wp-content\/uploads\/2024\/08\/kunmors-logo.svg\",\"contentUrl\":\"https:\/\/kunmedierne.dk\/mors\/wp-content\/uploads\/2024\/08\/kunmors-logo.svg\",\"caption\":\"Mors\"},\"image\":{\"@id\":\"https:\/\/kunmedierne.dk\/mors\/#\/schema\/logo\/image\/\"}},{\"@type\":\"Person\",\"@id\":\"https:\/\/kunmedierne.dk\/mors\/#\/schema\/person\/5fe23251bf1d0abbcdc6f7896579d548\",\"name\":\"David H\u00f8jmark\",\"image\":{\"@type\":\"ImageObject\",\"inLanguage\":\"da-DK\",\"@id\":\"https:\/\/kunmedierne.dk\/mors\/#\/schema\/person\/image\/\",\"url\":\"https:\/\/secure.gravatar.com\/avatar\/4315d6fb9ef244d729989f5f90268eb08d5bf8a3d84402f595fa194bb35784fd?s=96&d=mm&r=g\",\"contentUrl\":\"https:\/\/secure.gravatar.com\/avatar\/4315d6fb9ef244d729989f5f90268eb08d5bf8a3d84402f595fa194bb35784fd?s=96&d=mm&r=g\",\"caption\":\"David H\u00f8jmark\"},\"sameAs\":[\"https:\/\/www.kunmedierne.dk\"],\"url\":\"https:\/\/kunmedierne.dk\/mors\/author\/david\/\"}]}<\/script>\n<!-- \/ Yoast SEO plugin. -->","yoast_head_json":{"title":"Efter Kulturm\u00f8det: - Det skal ikke v\u00e6re st\u00f8rre, det skal v\u00e6re bedre - Mors","robots":{"index":"index","follow":"follow","max-snippet":"max-snippet:-1","max-image-preview":"max-image-preview:large","max-video-preview":"max-video-preview:-1"},"canonical":"https:\/\/kunmedierne.dk\/mors\/efter-kulturmoedet-det-skal-ikke-vaere-stoerre-det-skal-vaere-bedre\/","og_locale":"da_DK","og_type":"article","og_title":"Efter Kulturm\u00f8det: - Det skal ikke v\u00e6re st\u00f8rre, det skal v\u00e6re bedre - Mors","og_description":"MORS: Kulturm\u00f8det Mors skal blive bedre og bedre \u00e5r efter \u00e5r. S\u00e5dan lyder en af ambitionerne hos Trine Bang, direkt\u00f8r for den b\u00e5de lokale og nationale kulturevent og dermed ansvarlig for det program, morsingboerne i slutningen af sidste uge tog til sig med stor kulturel appetit. 9000 solgte billetter kom i brug hen over fire [&hellip;]","og_url":"https:\/\/kunmedierne.dk\/mors\/efter-kulturmoedet-det-skal-ikke-vaere-stoerre-det-skal-vaere-bedre\/","og_site_name":"Mors","article_published_time":"2021-08-25T14:16:46+00:00","article_modified_time":"2024-08-07T12:45:12+00:00","og_image":[{"width":770,"height":513,"url":"https:\/\/kunmedierne.dk\/mors\/wp-content\/uploads\/2021\/08\/kulturmoedet-2021-6.jpg","type":"image\/jpeg"}],"author":"David H\u00f8jmark","twitter_card":"summary_large_image","twitter_misc":{"Skrevet af":"David H\u00f8jmark","Estimeret l\u00e6setid":"11 minutter"},"schema":{"@context":"https:\/\/schema.org","@graph":[{"@type":"Article","@id":"https:\/\/kunmedierne.dk\/mors\/efter-kulturmoedet-det-skal-ikke-vaere-stoerre-det-skal-vaere-bedre\/#article","isPartOf":{"@id":"https:\/\/kunmedierne.dk\/mors\/efter-kulturmoedet-det-skal-ikke-vaere-stoerre-det-skal-vaere-bedre\/"},"author":{"name":"David H\u00f8jmark","@id":"https:\/\/kunmedierne.dk\/mors\/#\/schema\/person\/5fe23251bf1d0abbcdc6f7896579d548"},"headline":"Efter Kulturm\u00f8det: &#8211; Det skal ikke v\u00e6re st\u00f8rre, det skal v\u00e6re bedre","datePublished":"2021-08-25T14:16:46+00:00","dateModified":"2024-08-07T12:45:12+00:00","mainEntityOfPage":{"@id":"https:\/\/kunmedierne.dk\/mors\/efter-kulturmoedet-det-skal-ikke-vaere-stoerre-det-skal-vaere-bedre\/"},"wordCount":1822,"commentCount":0,"publisher":{"@id":"https:\/\/kunmedierne.dk\/mors\/#organization"},"image":{"@id":"https:\/\/kunmedierne.dk\/mors\/efter-kulturmoedet-det-skal-ikke-vaere-stoerre-det-skal-vaere-bedre\/#primaryimage"},"thumbnailUrl":"https:\/\/kunmedierne.dk\/mors\/wp-content\/uploads\/2021\/08\/kulturmoedet-2021-6.jpg","keywords":["Kulturm\u00f8det"],"articleSection":["Kultur"],"inLanguage":"da-DK","potentialAction":[{"@type":"CommentAction","name":"Comment","target":["https:\/\/kunmedierne.dk\/mors\/efter-kulturmoedet-det-skal-ikke-vaere-stoerre-det-skal-vaere-bedre\/#respond"]}]},{"@type":"WebPage","@id":"https:\/\/kunmedierne.dk\/mors\/efter-kulturmoedet-det-skal-ikke-vaere-stoerre-det-skal-vaere-bedre\/","url":"https:\/\/kunmedierne.dk\/mors\/efter-kulturmoedet-det-skal-ikke-vaere-stoerre-det-skal-vaere-bedre\/","name":"Efter Kulturm\u00f8det: - Det skal ikke v\u00e6re st\u00f8rre, det skal v\u00e6re bedre - Mors","isPartOf":{"@id":"https:\/\/kunmedierne.dk\/mors\/#website"},"primaryImageOfPage":{"@id":"https:\/\/kunmedierne.dk\/mors\/efter-kulturmoedet-det-skal-ikke-vaere-stoerre-det-skal-vaere-bedre\/#primaryimage"},"image":{"@id":"https:\/\/kunmedierne.dk\/mors\/efter-kulturmoedet-det-skal-ikke-vaere-stoerre-det-skal-vaere-bedre\/#primaryimage"},"thumbnailUrl":"https:\/\/kunmedierne.dk\/mors\/wp-content\/uploads\/2021\/08\/kulturmoedet-2021-6.jpg","datePublished":"2021-08-25T14:16:46+00:00","dateModified":"2024-08-07T12:45:12+00:00","breadcrumb":{"@id":"https:\/\/kunmedierne.dk\/mors\/efter-kulturmoedet-det-skal-ikke-vaere-stoerre-det-skal-vaere-bedre\/#breadcrumb"},"inLanguage":"da-DK","potentialAction":[{"@type":"ReadAction","target":["https:\/\/kunmedierne.dk\/mors\/efter-kulturmoedet-det-skal-ikke-vaere-stoerre-det-skal-vaere-bedre\/"]}]},{"@type":"ImageObject","inLanguage":"da-DK","@id":"https:\/\/kunmedierne.dk\/mors\/efter-kulturmoedet-det-skal-ikke-vaere-stoerre-det-skal-vaere-bedre\/#primaryimage","url":"https:\/\/kunmedierne.dk\/mors\/wp-content\/uploads\/2021\/08\/kulturmoedet-2021-6.jpg","contentUrl":"https:\/\/kunmedierne.dk\/mors\/wp-content\/uploads\/2021\/08\/kulturmoedet-2021-6.jpg","width":770,"height":513,"caption":"Kulturm\u00f8det 2021 fik ogs\u00e5 en folkelig dimension. Foto: Per Bille."},{"@type":"BreadcrumbList","@id":"https:\/\/kunmedierne.dk\/mors\/efter-kulturmoedet-det-skal-ikke-vaere-stoerre-det-skal-vaere-bedre\/#breadcrumb","itemListElement":[{"@type":"ListItem","position":1,"name":"Hjem","item":"https:\/\/kunmedierne.dk\/mors\/"},{"@type":"ListItem","position":2,"name":"Efter Kulturm\u00f8det: &#8211; Det skal ikke v\u00e6re st\u00f8rre, det skal v\u00e6re bedre"}]},{"@type":"WebSite","@id":"https:\/\/kunmedierne.dk\/mors\/#website","url":"https:\/\/kunmedierne.dk\/mors\/","name":"Mors","description":"et netmedie med journalistik om livet p\u00e5 Mors","publisher":{"@id":"https:\/\/kunmedierne.dk\/mors\/#organization"},"potentialAction":[{"@type":"SearchAction","target":{"@type":"EntryPoint","urlTemplate":"https:\/\/kunmedierne.dk\/mors\/?s={search_term_string}"},"query-input":{"@type":"PropertyValueSpecification","valueRequired":true,"valueName":"search_term_string"}}],"inLanguage":"da-DK"},{"@type":"Organization","@id":"https:\/\/kunmedierne.dk\/mors\/#organization","name":"Mors","url":"https:\/\/kunmedierne.dk\/mors\/","logo":{"@type":"ImageObject","inLanguage":"da-DK","@id":"https:\/\/kunmedierne.dk\/mors\/#\/schema\/logo\/image\/","url":"https:\/\/kunmedierne.dk\/mors\/wp-content\/uploads\/2024\/08\/kunmors-logo.svg","contentUrl":"https:\/\/kunmedierne.dk\/mors\/wp-content\/uploads\/2024\/08\/kunmors-logo.svg","caption":"Mors"},"image":{"@id":"https:\/\/kunmedierne.dk\/mors\/#\/schema\/logo\/image\/"}},{"@type":"Person","@id":"https:\/\/kunmedierne.dk\/mors\/#\/schema\/person\/5fe23251bf1d0abbcdc6f7896579d548","name":"David H\u00f8jmark","image":{"@type":"ImageObject","inLanguage":"da-DK","@id":"https:\/\/kunmedierne.dk\/mors\/#\/schema\/person\/image\/","url":"https:\/\/secure.gravatar.com\/avatar\/4315d6fb9ef244d729989f5f90268eb08d5bf8a3d84402f595fa194bb35784fd?s=96&d=mm&r=g","contentUrl":"https:\/\/secure.gravatar.com\/avatar\/4315d6fb9ef244d729989f5f90268eb08d5bf8a3d84402f595fa194bb35784fd?s=96&d=mm&r=g","caption":"David H\u00f8jmark"},"sameAs":["https:\/\/www.kunmedierne.dk"],"url":"https:\/\/kunmedierne.dk\/mors\/author\/david\/"}]}},"_links":{"self":[{"href":"https:\/\/kunmedierne.dk\/mors\/wp-json\/wp\/v2\/posts\/50985","targetHints":{"allow":["GET"]}}],"collection":[{"href":"https:\/\/kunmedierne.dk\/mors\/wp-json\/wp\/v2\/posts"}],"about":[{"href":"https:\/\/kunmedierne.dk\/mors\/wp-json\/wp\/v2\/types\/post"}],"author":[{"embeddable":true,"href":"https:\/\/kunmedierne.dk\/mors\/wp-json\/wp\/v2\/users\/8"}],"replies":[{"embeddable":true,"href":"https:\/\/kunmedierne.dk\/mors\/wp-json\/wp\/v2\/comments?post=50985"}],"version-history":[{"count":3,"href":"https:\/\/kunmedierne.dk\/mors\/wp-json\/wp\/v2\/posts\/50985\/revisions"}],"predecessor-version":[{"id":51000,"href":"https:\/\/kunmedierne.dk\/mors\/wp-json\/wp\/v2\/posts\/50985\/revisions\/51000"}],"wp:featuredmedia":[{"embeddable":true,"href":"https:\/\/kunmedierne.dk\/mors\/wp-json\/wp\/v2\/media\/50999"}],"wp:attachment":[{"href":"https:\/\/kunmedierne.dk\/mors\/wp-json\/wp\/v2\/media?parent=50985"}],"wp:term":[{"taxonomy":"category","embeddable":true,"href":"https:\/\/kunmedierne.dk\/mors\/wp-json\/wp\/v2\/categories?post=50985"},{"taxonomy":"post_tag","embeddable":true,"href":"https:\/\/kunmedierne.dk\/mors\/wp-json\/wp\/v2\/tags?post=50985"}],"curies":[{"name":"wp","href":"https:\/\/api.w.org\/{rel}","templated":true}]}}