{"id":50585,"date":"2021-08-20T08:43:18","date_gmt":"2021-08-20T06:43:18","guid":{"rendered":"https:\/\/kunmedierne.dk\/mors\/?p=50585"},"modified":"2024-08-07T14:45:20","modified_gmt":"2024-08-07T12:45:20","slug":"kulturmoedet-kryber-ind-i-gaagaden","status":"publish","type":"post","link":"https:\/\/kunmedierne.dk\/mors\/kulturmoedet-kryber-ind-i-gaagaden\/","title":{"rendered":"Kulturm\u00f8det kryber ind i g\u00e5gaden"},"content":{"rendered":"<p><strong>NYK\u00d8BING<\/strong>: Der er altid gode muligheder for shopping i Nyk\u00f8bings g\u00e5gade &#8211; og i dag kan man oven i k\u00f8bet f\u00e5 en dosis kultur med i oplevelsen.<\/p>\n<p>Det er Kulturm\u00f8det Mors, der rykker ind i handelsgaden, n\u00e5r den fra klokken 17.30 til 20 byder p\u00e5 en r\u00e6kke forskellige kunstneres tolkning af begreberne &#8216;indesp\u00e6rret&#8217; og &#8216;befriet&#8217;.<\/p>\n<p>Det fort\u00e6ller Steen Nedergaard Haugesen, sceneinstrukt\u00f8r p\u00e5 Limfjordsteatret, der har v\u00e6ret tovholder p\u00e5 et projekt, der p\u00e5 trods af de velkendte coronabegr\u00e6nsninger ogs\u00e5 sender kulturen ud i det \u00e5bne milj\u00f8. <a href=\"https:\/\/www.braendselsforeningen.dk\/\"><img loading=\"lazy\" decoding=\"async\" class=\"alignright size-full wp-image-46597\" src=\"https:\/\/kunmedierne.dk\/mors\/wp-content\/uploads\/2021\/06\/t06.jpg\" alt=\"\" width=\"1425\" height=\"127\" srcset=\"https:\/\/kunmedierne.dk\/mors\/wp-content\/uploads\/2021\/06\/t06.jpg 1425w, https:\/\/kunmedierne.dk\/mors\/wp-content\/uploads\/2021\/06\/t06-300x27.jpg 300w, https:\/\/kunmedierne.dk\/mors\/wp-content\/uploads\/2021\/06\/t06-1024x91.jpg 1024w, https:\/\/kunmedierne.dk\/mors\/wp-content\/uploads\/2021\/06\/t06-768x68.jpg 768w, https:\/\/kunmedierne.dk\/mors\/wp-content\/uploads\/2021\/06\/t06-600x53.jpg 600w\" sizes=\"auto, (max-width: 1425px) 100vw, 1425px\" \/><\/a><\/p>\n<p>&#8220;I de timer, hvor vi opf\u00f8rer det hele, er der glimt af kunst hid og did. Det er musik, dans, performance, litteratur og s\u00e5gar streetart. Det er alt sammen p\u00e5 facader eller i porte &#8211; s\u00e5 det er noget, der kryber ind i g\u00e5gaden,&#8221; siger Steen Nedergaard Haugesen.<\/p>\n<p>Han tilf\u00f8jer, at konceptet ogs\u00e5 er udt\u00e6nkt, fordi coronaen g\u00f8r Kulturm\u00f8det Mors 2021 anderledes end de tidligere gennemf\u00f8rte \u00e5r. S\u00e5 man har t\u00e6nkt kreativt og allieret sig med dygtige kunstnere til at optr\u00e6de i g\u00e5gaden. <a href=\"http:\/\/www.limfjordsteatret.dk\/#front\"><img loading=\"lazy\" decoding=\"async\" class=\"alignright size-full wp-image-46596\" src=\"https:\/\/kunmedierne.dk\/mors\/wp-content\/uploads\/2021\/06\/t05.jpg\" alt=\"\" width=\"1400\" height=\"125\" srcset=\"https:\/\/kunmedierne.dk\/mors\/wp-content\/uploads\/2021\/06\/t05.jpg 1400w, https:\/\/kunmedierne.dk\/mors\/wp-content\/uploads\/2021\/06\/t05-300x27.jpg 300w, https:\/\/kunmedierne.dk\/mors\/wp-content\/uploads\/2021\/06\/t05-1024x91.jpg 1024w, https:\/\/kunmedierne.dk\/mors\/wp-content\/uploads\/2021\/06\/t05-768x69.jpg 768w, https:\/\/kunmedierne.dk\/mors\/wp-content\/uploads\/2021\/06\/t05-600x54.jpg 600w\" sizes=\"auto, (max-width: 1400px) 100vw, 1400px\" \/><\/a><\/p>\n<p>De kommer til at optr\u00e6de p\u00e5 vidt forskellige m\u00e5der &#8211; men med farven hvid som gennemg\u00e5ende. Og s\u00e5 i deres egne fortolkninger af &#8216;indesp\u00e6rret&#8217; og &#8216;befriet&#8217; &#8211; de to begreber, der m\u00e5ske bedst d\u00e6kker nedlukningen under coronaen og den f\u00f8lgende gen\u00e5bning af samfundet.<\/p>\n<p>&#8220;Det er den tid, vi befinder os i nu. Og de forskellige kunstnere tolker det s\u00e5 forskelligt og putter sig selv ind i den kontekst,&#8221; siger Steen Nedegaard Haugesen.<\/p>\n<p>Tidlige p\u00e5 dagen er der ogs\u00e5 ekstraordin\u00e6r aktivitet i g\u00e5gaden. Det er med gratis rundstykker og musik ved Nadja Broholm om formiddagen og en s\u00e5kaldt gr\u00f8ntsagsparade fra klokken 12 til 13, n\u00e5r en musikalsk parade g\u00e5r gennem byen og modtager gr\u00f8ntsager til aftenens paella i Kulturm\u00f8dets store folkefest.\u00a0 <a href=\"https:\/\/morsoe-begravelsesforretning.dk\/\"><img loading=\"lazy\" decoding=\"async\" class=\"alignright size-full wp-image-46598\" src=\"https:\/\/kunmedierne.dk\/mors\/wp-content\/uploads\/2021\/06\/t07.jpg\" alt=\"\" width=\"1425\" height=\"127\" srcset=\"https:\/\/kunmedierne.dk\/mors\/wp-content\/uploads\/2021\/06\/t07.jpg 1425w, https:\/\/kunmedierne.dk\/mors\/wp-content\/uploads\/2021\/06\/t07-300x27.jpg 300w, https:\/\/kunmedierne.dk\/mors\/wp-content\/uploads\/2021\/06\/t07-1024x91.jpg 1024w, https:\/\/kunmedierne.dk\/mors\/wp-content\/uploads\/2021\/06\/t07-768x68.jpg 768w, https:\/\/kunmedierne.dk\/mors\/wp-content\/uploads\/2021\/06\/t07-600x53.jpg 600w\" sizes=\"auto, (max-width: 1425px) 100vw, 1425px\" \/><\/a><\/p>\n<blockquote>\n<h2>G\u00e5 ikke glip af en artikel p\u00e5 KunMors<\/h2>\n<h4>Tilmeld dig vores nyhedsbrev nederst p\u00e5 siden. S\u00e5 modtager du hver dag en e-mail med direkte links til alle artikler i det seneste d\u00f8gn. P\u00e5 den m\u00e5de f\u00e5r du dit lokale medie p\u00e5 samme m\u00e5de som en lokal avis \u2013 alle ugens dage \u00e5ret rundt.<\/h4>\n<\/blockquote>\n","protected":false},"excerpt":{"rendered":"<p>NYK\u00d8BING: Der er altid gode muligheder for shopping i Nyk\u00f8bings g\u00e5gade &#8211; og i dag kan man oven i k\u00f8bet f\u00e5 en dosis kultur med i oplevelsen. Det er Kulturm\u00f8det Mors, der rykker ind i handelsgaden, n\u00e5r den fra klokken 17.30 til 20 byder p\u00e5 en r\u00e6kke forskellige kunstneres tolkning af begreberne &#8216;indesp\u00e6rret&#8217; og &#8216;befriet&#8217;. [&hellip;]<\/p>\n","protected":false},"author":8,"featured_media":43408,"comment_status":"open","ping_status":"open","sticky":false,"template":"","format":"standard","meta":{"_acf_changed":false,"footnotes":""},"categories":[49],"tags":[162],"class_list":["post-50585","post","type-post","status-publish","format-standard","has-post-thumbnail","hentry","category-kultur","tag-kulturmoedet"],"acf":[],"yoast_head":"<!-- This site is optimized with the Yoast SEO plugin v26.8 - https:\/\/yoast.com\/product\/yoast-seo-wordpress\/ -->\n<title>Kulturm\u00f8det kryber ind i g\u00e5gaden - Mors<\/title>\n<meta name=\"robots\" content=\"index, follow, max-snippet:-1, max-image-preview:large, max-video-preview:-1\" \/>\n<link rel=\"canonical\" href=\"https:\/\/kunmedierne.dk\/mors\/kulturmoedet-kryber-ind-i-gaagaden\/\" \/>\n<meta property=\"og:locale\" content=\"da_DK\" \/>\n<meta property=\"og:type\" content=\"article\" \/>\n<meta property=\"og:title\" content=\"Kulturm\u00f8det kryber ind i g\u00e5gaden - Mors\" \/>\n<meta property=\"og:description\" content=\"NYK\u00d8BING: Der er altid gode muligheder for shopping i Nyk\u00f8bings g\u00e5gade &#8211; og i dag kan man oven i k\u00f8bet f\u00e5 en dosis kultur med i oplevelsen. Det er Kulturm\u00f8det Mors, der rykker ind i handelsgaden, n\u00e5r den fra klokken 17.30 til 20 byder p\u00e5 en r\u00e6kke forskellige kunstneres tolkning af begreberne &#8216;indesp\u00e6rret&#8217; og &#8216;befriet&#8217;. [&hellip;]\" \/>\n<meta property=\"og:url\" content=\"https:\/\/kunmedierne.dk\/mors\/kulturmoedet-kryber-ind-i-gaagaden\/\" \/>\n<meta property=\"og:site_name\" content=\"Mors\" \/>\n<meta property=\"article:published_time\" content=\"2021-08-20T06:43:18+00:00\" \/>\n<meta property=\"article:modified_time\" content=\"2024-08-07T12:45:20+00:00\" \/>\n<meta property=\"og:image\" content=\"https:\/\/kunmedierne.dk\/mors\/wp-content\/uploads\/2021\/04\/IMG_1110.jpg\" \/>\n\t<meta property=\"og:image:width\" content=\"770\" \/>\n\t<meta property=\"og:image:height\" content=\"513\" \/>\n\t<meta property=\"og:image:type\" content=\"image\/jpeg\" \/>\n<meta name=\"author\" content=\"David H\u00f8jmark\" \/>\n<meta name=\"twitter:card\" content=\"summary_large_image\" \/>\n<meta name=\"twitter:label1\" content=\"Skrevet af\" \/>\n\t<meta name=\"twitter:data1\" content=\"David H\u00f8jmark\" \/>\n\t<meta name=\"twitter:label2\" content=\"Estimeret l\u00e6setid\" \/>\n\t<meta name=\"twitter:data2\" content=\"3 minutter\" \/>\n<script type=\"application\/ld+json\" class=\"yoast-schema-graph\">{\"@context\":\"https:\/\/schema.org\",\"@graph\":[{\"@type\":\"Article\",\"@id\":\"https:\/\/kunmedierne.dk\/mors\/kulturmoedet-kryber-ind-i-gaagaden\/#article\",\"isPartOf\":{\"@id\":\"https:\/\/kunmedierne.dk\/mors\/kulturmoedet-kryber-ind-i-gaagaden\/\"},\"author\":{\"name\":\"David H\u00f8jmark\",\"@id\":\"https:\/\/kunmedierne.dk\/mors\/#\/schema\/person\/5fe23251bf1d0abbcdc6f7896579d548\"},\"headline\":\"Kulturm\u00f8det kryber ind i g\u00e5gaden\",\"datePublished\":\"2021-08-20T06:43:18+00:00\",\"dateModified\":\"2024-08-07T12:45:20+00:00\",\"mainEntityOfPage\":{\"@id\":\"https:\/\/kunmedierne.dk\/mors\/kulturmoedet-kryber-ind-i-gaagaden\/\"},\"wordCount\":385,\"commentCount\":0,\"publisher\":{\"@id\":\"https:\/\/kunmedierne.dk\/mors\/#organization\"},\"image\":{\"@id\":\"https:\/\/kunmedierne.dk\/mors\/kulturmoedet-kryber-ind-i-gaagaden\/#primaryimage\"},\"thumbnailUrl\":\"https:\/\/kunmedierne.dk\/mors\/wp-content\/uploads\/2021\/04\/IMG_1110.jpg\",\"keywords\":[\"Kulturm\u00f8det\"],\"articleSection\":[\"Kultur\"],\"inLanguage\":\"da-DK\",\"potentialAction\":[{\"@type\":\"CommentAction\",\"name\":\"Comment\",\"target\":[\"https:\/\/kunmedierne.dk\/mors\/kulturmoedet-kryber-ind-i-gaagaden\/#respond\"]}]},{\"@type\":\"WebPage\",\"@id\":\"https:\/\/kunmedierne.dk\/mors\/kulturmoedet-kryber-ind-i-gaagaden\/\",\"url\":\"https:\/\/kunmedierne.dk\/mors\/kulturmoedet-kryber-ind-i-gaagaden\/\",\"name\":\"Kulturm\u00f8det kryber ind i g\u00e5gaden - Mors\",\"isPartOf\":{\"@id\":\"https:\/\/kunmedierne.dk\/mors\/#website\"},\"primaryImageOfPage\":{\"@id\":\"https:\/\/kunmedierne.dk\/mors\/kulturmoedet-kryber-ind-i-gaagaden\/#primaryimage\"},\"image\":{\"@id\":\"https:\/\/kunmedierne.dk\/mors\/kulturmoedet-kryber-ind-i-gaagaden\/#primaryimage\"},\"thumbnailUrl\":\"https:\/\/kunmedierne.dk\/mors\/wp-content\/uploads\/2021\/04\/IMG_1110.jpg\",\"datePublished\":\"2021-08-20T06:43:18+00:00\",\"dateModified\":\"2024-08-07T12:45:20+00:00\",\"breadcrumb\":{\"@id\":\"https:\/\/kunmedierne.dk\/mors\/kulturmoedet-kryber-ind-i-gaagaden\/#breadcrumb\"},\"inLanguage\":\"da-DK\",\"potentialAction\":[{\"@type\":\"ReadAction\",\"target\":[\"https:\/\/kunmedierne.dk\/mors\/kulturmoedet-kryber-ind-i-gaagaden\/\"]}]},{\"@type\":\"ImageObject\",\"inLanguage\":\"da-DK\",\"@id\":\"https:\/\/kunmedierne.dk\/mors\/kulturmoedet-kryber-ind-i-gaagaden\/#primaryimage\",\"url\":\"https:\/\/kunmedierne.dk\/mors\/wp-content\/uploads\/2021\/04\/IMG_1110.jpg\",\"contentUrl\":\"https:\/\/kunmedierne.dk\/mors\/wp-content\/uploads\/2021\/04\/IMG_1110.jpg\",\"width\":770,\"height\":513,\"caption\":\"G\u00e5gaden i Nyk\u00f8bing. Arkivfoto.\"},{\"@type\":\"BreadcrumbList\",\"@id\":\"https:\/\/kunmedierne.dk\/mors\/kulturmoedet-kryber-ind-i-gaagaden\/#breadcrumb\",\"itemListElement\":[{\"@type\":\"ListItem\",\"position\":1,\"name\":\"Hjem\",\"item\":\"https:\/\/kunmedierne.dk\/mors\/\"},{\"@type\":\"ListItem\",\"position\":2,\"name\":\"Kulturm\u00f8det kryber ind i g\u00e5gaden\"}]},{\"@type\":\"WebSite\",\"@id\":\"https:\/\/kunmedierne.dk\/mors\/#website\",\"url\":\"https:\/\/kunmedierne.dk\/mors\/\",\"name\":\"Mors\",\"description\":\"et netmedie med journalistik om livet p\u00e5 Mors\",\"publisher\":{\"@id\":\"https:\/\/kunmedierne.dk\/mors\/#organization\"},\"potentialAction\":[{\"@type\":\"SearchAction\",\"target\":{\"@type\":\"EntryPoint\",\"urlTemplate\":\"https:\/\/kunmedierne.dk\/mors\/?s={search_term_string}\"},\"query-input\":{\"@type\":\"PropertyValueSpecification\",\"valueRequired\":true,\"valueName\":\"search_term_string\"}}],\"inLanguage\":\"da-DK\"},{\"@type\":\"Organization\",\"@id\":\"https:\/\/kunmedierne.dk\/mors\/#organization\",\"name\":\"Mors\",\"url\":\"https:\/\/kunmedierne.dk\/mors\/\",\"logo\":{\"@type\":\"ImageObject\",\"inLanguage\":\"da-DK\",\"@id\":\"https:\/\/kunmedierne.dk\/mors\/#\/schema\/logo\/image\/\",\"url\":\"https:\/\/kunmedierne.dk\/mors\/wp-content\/uploads\/2024\/08\/kunmors-logo.svg\",\"contentUrl\":\"https:\/\/kunmedierne.dk\/mors\/wp-content\/uploads\/2024\/08\/kunmors-logo.svg\",\"caption\":\"Mors\"},\"image\":{\"@id\":\"https:\/\/kunmedierne.dk\/mors\/#\/schema\/logo\/image\/\"}},{\"@type\":\"Person\",\"@id\":\"https:\/\/kunmedierne.dk\/mors\/#\/schema\/person\/5fe23251bf1d0abbcdc6f7896579d548\",\"name\":\"David H\u00f8jmark\",\"image\":{\"@type\":\"ImageObject\",\"inLanguage\":\"da-DK\",\"@id\":\"https:\/\/kunmedierne.dk\/mors\/#\/schema\/person\/image\/\",\"url\":\"https:\/\/secure.gravatar.com\/avatar\/4315d6fb9ef244d729989f5f90268eb08d5bf8a3d84402f595fa194bb35784fd?s=96&d=mm&r=g\",\"contentUrl\":\"https:\/\/secure.gravatar.com\/avatar\/4315d6fb9ef244d729989f5f90268eb08d5bf8a3d84402f595fa194bb35784fd?s=96&d=mm&r=g\",\"caption\":\"David H\u00f8jmark\"},\"sameAs\":[\"https:\/\/www.kunmedierne.dk\"],\"url\":\"https:\/\/kunmedierne.dk\/mors\/author\/david\/\"}]}<\/script>\n<!-- \/ Yoast SEO plugin. -->","yoast_head_json":{"title":"Kulturm\u00f8det kryber ind i g\u00e5gaden - Mors","robots":{"index":"index","follow":"follow","max-snippet":"max-snippet:-1","max-image-preview":"max-image-preview:large","max-video-preview":"max-video-preview:-1"},"canonical":"https:\/\/kunmedierne.dk\/mors\/kulturmoedet-kryber-ind-i-gaagaden\/","og_locale":"da_DK","og_type":"article","og_title":"Kulturm\u00f8det kryber ind i g\u00e5gaden - Mors","og_description":"NYK\u00d8BING: Der er altid gode muligheder for shopping i Nyk\u00f8bings g\u00e5gade &#8211; og i dag kan man oven i k\u00f8bet f\u00e5 en dosis kultur med i oplevelsen. Det er Kulturm\u00f8det Mors, der rykker ind i handelsgaden, n\u00e5r den fra klokken 17.30 til 20 byder p\u00e5 en r\u00e6kke forskellige kunstneres tolkning af begreberne &#8216;indesp\u00e6rret&#8217; og &#8216;befriet&#8217;. [&hellip;]","og_url":"https:\/\/kunmedierne.dk\/mors\/kulturmoedet-kryber-ind-i-gaagaden\/","og_site_name":"Mors","article_published_time":"2021-08-20T06:43:18+00:00","article_modified_time":"2024-08-07T12:45:20+00:00","og_image":[{"width":770,"height":513,"url":"https:\/\/kunmedierne.dk\/mors\/wp-content\/uploads\/2021\/04\/IMG_1110.jpg","type":"image\/jpeg"}],"author":"David H\u00f8jmark","twitter_card":"summary_large_image","twitter_misc":{"Skrevet af":"David H\u00f8jmark","Estimeret l\u00e6setid":"3 minutter"},"schema":{"@context":"https:\/\/schema.org","@graph":[{"@type":"Article","@id":"https:\/\/kunmedierne.dk\/mors\/kulturmoedet-kryber-ind-i-gaagaden\/#article","isPartOf":{"@id":"https:\/\/kunmedierne.dk\/mors\/kulturmoedet-kryber-ind-i-gaagaden\/"},"author":{"name":"David H\u00f8jmark","@id":"https:\/\/kunmedierne.dk\/mors\/#\/schema\/person\/5fe23251bf1d0abbcdc6f7896579d548"},"headline":"Kulturm\u00f8det kryber ind i g\u00e5gaden","datePublished":"2021-08-20T06:43:18+00:00","dateModified":"2024-08-07T12:45:20+00:00","mainEntityOfPage":{"@id":"https:\/\/kunmedierne.dk\/mors\/kulturmoedet-kryber-ind-i-gaagaden\/"},"wordCount":385,"commentCount":0,"publisher":{"@id":"https:\/\/kunmedierne.dk\/mors\/#organization"},"image":{"@id":"https:\/\/kunmedierne.dk\/mors\/kulturmoedet-kryber-ind-i-gaagaden\/#primaryimage"},"thumbnailUrl":"https:\/\/kunmedierne.dk\/mors\/wp-content\/uploads\/2021\/04\/IMG_1110.jpg","keywords":["Kulturm\u00f8det"],"articleSection":["Kultur"],"inLanguage":"da-DK","potentialAction":[{"@type":"CommentAction","name":"Comment","target":["https:\/\/kunmedierne.dk\/mors\/kulturmoedet-kryber-ind-i-gaagaden\/#respond"]}]},{"@type":"WebPage","@id":"https:\/\/kunmedierne.dk\/mors\/kulturmoedet-kryber-ind-i-gaagaden\/","url":"https:\/\/kunmedierne.dk\/mors\/kulturmoedet-kryber-ind-i-gaagaden\/","name":"Kulturm\u00f8det kryber ind i g\u00e5gaden - Mors","isPartOf":{"@id":"https:\/\/kunmedierne.dk\/mors\/#website"},"primaryImageOfPage":{"@id":"https:\/\/kunmedierne.dk\/mors\/kulturmoedet-kryber-ind-i-gaagaden\/#primaryimage"},"image":{"@id":"https:\/\/kunmedierne.dk\/mors\/kulturmoedet-kryber-ind-i-gaagaden\/#primaryimage"},"thumbnailUrl":"https:\/\/kunmedierne.dk\/mors\/wp-content\/uploads\/2021\/04\/IMG_1110.jpg","datePublished":"2021-08-20T06:43:18+00:00","dateModified":"2024-08-07T12:45:20+00:00","breadcrumb":{"@id":"https:\/\/kunmedierne.dk\/mors\/kulturmoedet-kryber-ind-i-gaagaden\/#breadcrumb"},"inLanguage":"da-DK","potentialAction":[{"@type":"ReadAction","target":["https:\/\/kunmedierne.dk\/mors\/kulturmoedet-kryber-ind-i-gaagaden\/"]}]},{"@type":"ImageObject","inLanguage":"da-DK","@id":"https:\/\/kunmedierne.dk\/mors\/kulturmoedet-kryber-ind-i-gaagaden\/#primaryimage","url":"https:\/\/kunmedierne.dk\/mors\/wp-content\/uploads\/2021\/04\/IMG_1110.jpg","contentUrl":"https:\/\/kunmedierne.dk\/mors\/wp-content\/uploads\/2021\/04\/IMG_1110.jpg","width":770,"height":513,"caption":"G\u00e5gaden i Nyk\u00f8bing. Arkivfoto."},{"@type":"BreadcrumbList","@id":"https:\/\/kunmedierne.dk\/mors\/kulturmoedet-kryber-ind-i-gaagaden\/#breadcrumb","itemListElement":[{"@type":"ListItem","position":1,"name":"Hjem","item":"https:\/\/kunmedierne.dk\/mors\/"},{"@type":"ListItem","position":2,"name":"Kulturm\u00f8det kryber ind i g\u00e5gaden"}]},{"@type":"WebSite","@id":"https:\/\/kunmedierne.dk\/mors\/#website","url":"https:\/\/kunmedierne.dk\/mors\/","name":"Mors","description":"et netmedie med journalistik om livet p\u00e5 Mors","publisher":{"@id":"https:\/\/kunmedierne.dk\/mors\/#organization"},"potentialAction":[{"@type":"SearchAction","target":{"@type":"EntryPoint","urlTemplate":"https:\/\/kunmedierne.dk\/mors\/?s={search_term_string}"},"query-input":{"@type":"PropertyValueSpecification","valueRequired":true,"valueName":"search_term_string"}}],"inLanguage":"da-DK"},{"@type":"Organization","@id":"https:\/\/kunmedierne.dk\/mors\/#organization","name":"Mors","url":"https:\/\/kunmedierne.dk\/mors\/","logo":{"@type":"ImageObject","inLanguage":"da-DK","@id":"https:\/\/kunmedierne.dk\/mors\/#\/schema\/logo\/image\/","url":"https:\/\/kunmedierne.dk\/mors\/wp-content\/uploads\/2024\/08\/kunmors-logo.svg","contentUrl":"https:\/\/kunmedierne.dk\/mors\/wp-content\/uploads\/2024\/08\/kunmors-logo.svg","caption":"Mors"},"image":{"@id":"https:\/\/kunmedierne.dk\/mors\/#\/schema\/logo\/image\/"}},{"@type":"Person","@id":"https:\/\/kunmedierne.dk\/mors\/#\/schema\/person\/5fe23251bf1d0abbcdc6f7896579d548","name":"David H\u00f8jmark","image":{"@type":"ImageObject","inLanguage":"da-DK","@id":"https:\/\/kunmedierne.dk\/mors\/#\/schema\/person\/image\/","url":"https:\/\/secure.gravatar.com\/avatar\/4315d6fb9ef244d729989f5f90268eb08d5bf8a3d84402f595fa194bb35784fd?s=96&d=mm&r=g","contentUrl":"https:\/\/secure.gravatar.com\/avatar\/4315d6fb9ef244d729989f5f90268eb08d5bf8a3d84402f595fa194bb35784fd?s=96&d=mm&r=g","caption":"David H\u00f8jmark"},"sameAs":["https:\/\/www.kunmedierne.dk"],"url":"https:\/\/kunmedierne.dk\/mors\/author\/david\/"}]}},"_links":{"self":[{"href":"https:\/\/kunmedierne.dk\/mors\/wp-json\/wp\/v2\/posts\/50585","targetHints":{"allow":["GET"]}}],"collection":[{"href":"https:\/\/kunmedierne.dk\/mors\/wp-json\/wp\/v2\/posts"}],"about":[{"href":"https:\/\/kunmedierne.dk\/mors\/wp-json\/wp\/v2\/types\/post"}],"author":[{"embeddable":true,"href":"https:\/\/kunmedierne.dk\/mors\/wp-json\/wp\/v2\/users\/8"}],"replies":[{"embeddable":true,"href":"https:\/\/kunmedierne.dk\/mors\/wp-json\/wp\/v2\/comments?post=50585"}],"version-history":[{"count":1,"href":"https:\/\/kunmedierne.dk\/mors\/wp-json\/wp\/v2\/posts\/50585\/revisions"}],"predecessor-version":[{"id":50586,"href":"https:\/\/kunmedierne.dk\/mors\/wp-json\/wp\/v2\/posts\/50585\/revisions\/50586"}],"wp:featuredmedia":[{"embeddable":true,"href":"https:\/\/kunmedierne.dk\/mors\/wp-json\/wp\/v2\/media\/43408"}],"wp:attachment":[{"href":"https:\/\/kunmedierne.dk\/mors\/wp-json\/wp\/v2\/media?parent=50585"}],"wp:term":[{"taxonomy":"category","embeddable":true,"href":"https:\/\/kunmedierne.dk\/mors\/wp-json\/wp\/v2\/categories?post=50585"},{"taxonomy":"post_tag","embeddable":true,"href":"https:\/\/kunmedierne.dk\/mors\/wp-json\/wp\/v2\/tags?post=50585"}],"curies":[{"name":"wp","href":"https:\/\/api.w.org\/{rel}","templated":true}]}}