{"id":50522,"date":"2021-08-19T10:23:30","date_gmt":"2021-08-19T08:23:30","guid":{"rendered":"https:\/\/kunmedierne.dk\/mors\/?p=50522"},"modified":"2024-08-07T14:45:20","modified_gmt":"2024-08-07T12:45:20","slug":"ny-kulturminister-der-er-rigtig-meget-om-kulturen-jeg-ikke-ved-noget-om","status":"publish","type":"post","link":"https:\/\/kunmedierne.dk\/mors\/ny-kulturminister-der-er-rigtig-meget-om-kulturen-jeg-ikke-ved-noget-om\/","title":{"rendered":"Ny kulturminister: &#8211; Der er rigtig meget om kulturen, jeg ikke ved noget om"},"content":{"rendered":"<p><strong>MORS<\/strong>: Det er kun tre dage siden, hun satte sig i ministerstolen, og torsdag morgen \u00e5bnede den nye kulturminister, Ane Halsboe-J\u00f8rgensen (S), s\u00e5 Kulturm\u00f8det Mors 2021.<\/p>\n<p>Det gjorde hun til en snak med den alsidige kommunikationsmand Christian Have. En samtale, der meget naturligt viste, at den nye kulturminister er ny p\u00e5 posten &#8211; og at der i kulturlivet blandt andet er nysgerrighed om, hvad hun st\u00e5r for og interesserer sig for rent kulturelt.<\/p>\n<p>Samtalen viste ogs\u00e5, at den Ane Halsboe-J\u00f8rgensen g\u00e5r ind til sin nye opgave med bevidstheden om egne begr\u00e6nsninger. For p\u00e5 et sp\u00f8rgsm\u00e5l, om hun kan bruge sin erfaring som uddannelses- og forskningsminister til noget som minister for kulturen, l\u00f8d det:<\/p>\n<p>&#8220;Det tror jeg helt bestemt, men jeg bilder mig ikke ind, at jeg dermed bare kommer ind p\u00e5 kulturministerposten og ved alt om det. For der er rigtig meget om kulturen, jeg ikke ved noget om.&#8221;<a href=\"https:\/\/www.sparthy.dk\/\"><img loading=\"lazy\" decoding=\"async\" class=\"alignright size-full wp-image-46599\" src=\"https:\/\/kunmedierne.dk\/mors\/wp-content\/uploads\/2021\/06\/t08.jpg\" alt=\"\" width=\"1400\" height=\"125\" srcset=\"https:\/\/kunmedierne.dk\/mors\/wp-content\/uploads\/2021\/06\/t08.jpg 1400w, https:\/\/kunmedierne.dk\/mors\/wp-content\/uploads\/2021\/06\/t08-300x27.jpg 300w, https:\/\/kunmedierne.dk\/mors\/wp-content\/uploads\/2021\/06\/t08-1024x91.jpg 1024w, https:\/\/kunmedierne.dk\/mors\/wp-content\/uploads\/2021\/06\/t08-768x69.jpg 768w, https:\/\/kunmedierne.dk\/mors\/wp-content\/uploads\/2021\/06\/t08-600x54.jpg 600w\" sizes=\"auto, (max-width: 1400px) 100vw, 1400px\" \/><\/a><\/p>\n<p>Ane Halsboe-J\u00f8rgensen fortsatte:<\/p>\n<p>&#8220;Og det er m\u00e5ske i virkeligheden ogs\u00e5 en vigtig pointe fra mig i dag: Vi har et stigende polariseret samfund. Vi er et lige land og et lille land &#8211; men vi lever meget forskellige liv. Og i den diskussion, uanset om det handler om vores medieforbrug eller kulturen og kunsten, skal vi v\u00e6re nysgerrige p\u00e5 hinanden og lukke hinanden ind. Vi skal pr\u00f8ve at forst\u00e5 det fascinerende i at have en sportsoplevelse, men ogs\u00e5 hvor r\u00f8rende, det kan v\u00e6re at st\u00e5 foran levende kunst p\u00e5 en scene p\u00e5 Det Kongelige Teater. Den nysgerrighed kan kulturen og kunsten jo pirre til, men det kr\u00e6ver ogs\u00e5, at alle os, der har med det at g\u00f8re, faktisk er \u00e5bne for at m\u00f8de hinanden der.&#8221;<\/p>\n<p>&nbsp;<\/p>\n<p><strong>Tager over p\u00e5 godt tidspunkt<\/strong><\/p>\n<p>Christian Have konkluderede derefter, at ministeren l\u00e6gger an til at lytte og v\u00e6re nysgerrig &#8211; og at det bliver en opgave for Ane Halsboe-J\u00f8rgensen i den kommende tid for at forst\u00e5 omr\u00e5det, h\u00f8re akt\u00f8rerne og danne sig en mening om, hvad kunsten og kulturen skal. <img loading=\"lazy\" decoding=\"async\" class=\"alignright size-full wp-image-46600\" src=\"https:\/\/kunmedierne.dk\/mors\/wp-content\/uploads\/2021\/06\/t09.jpg\" alt=\"\" width=\"1400\" height=\"125\" srcset=\"https:\/\/kunmedierne.dk\/mors\/wp-content\/uploads\/2021\/06\/t09.jpg 1400w, https:\/\/kunmedierne.dk\/mors\/wp-content\/uploads\/2021\/06\/t09-300x27.jpg 300w, https:\/\/kunmedierne.dk\/mors\/wp-content\/uploads\/2021\/06\/t09-1024x91.jpg 1024w, https:\/\/kunmedierne.dk\/mors\/wp-content\/uploads\/2021\/06\/t09-768x69.jpg 768w, https:\/\/kunmedierne.dk\/mors\/wp-content\/uploads\/2021\/06\/t09-600x54.jpg 600w\" sizes=\"auto, (max-width: 1400px) 100vw, 1400px\" \/><\/p>\n<p>&#8220;Jeg g\u00e5r meget nysgerrigt, \u00e5bent og lyttende ind i det her job. Og det g\u00f8r jeg b\u00e5de, fordi der er mange ting, jeg ikke ved- og der er meget kultur, jeg ikke forst\u00e5r mig p\u00e5. Men nysgerrigheden har jeg &#8211; og lysten til at forst\u00e5 og lysten til at lytte st\u00e5r helt centralt i mit arbejde i den kommende tid. Derfor er jeg ogs\u00e5 privilegeret at tage over p\u00e5 et tidspunkt, hvor jeg faktisk kan komme rundt og m\u00f8de mennesker og v\u00e6re her p\u00e5 Mors &#8211; men ogs\u00e5 m\u00f8de kulturlivet i det hele taget.<\/p>\n<p>Kulturm\u00f8det Mors forts\u00e6tter frem til p\u00e5 s\u00f8ndag og best\u00e5r af 25 digitale samtaler og 40 lokale arrangementer. De digitale debatter kan ses live og bliver l\u00f8bende ogs\u00e5 lagt op p\u00e5 Kulturm\u00f8dets hjemmeside <a href=\"https:\/\/www.kulturmoedet.dk\/\" target=\"_blank\" rel=\"noopener\">her<\/a>. \u00c5bningen med kultuministeren s\u00e5ledes i eftermiddag, men den kan allerede nu ses i fuld l\u00e6ngde p\u00e5 Kulturm\u00f8dets Facebook-profil <a href=\"https:\/\/www.facebook.com\/kulturmoedet\" target=\"_blank\" rel=\"noopener\">her<\/a>.<\/p>\n","protected":false},"excerpt":{"rendered":"<p>MORS: Det er kun tre dage siden, hun satte sig i ministerstolen, og torsdag morgen \u00e5bnede den nye kulturminister, Ane Halsboe-J\u00f8rgensen (S), s\u00e5 Kulturm\u00f8det Mors 2021. Det gjorde hun til en snak med den alsidige kommunikationsmand Christian Have. En samtale, der meget naturligt viste, at den nye kulturminister er ny p\u00e5 posten &#8211; og at [&hellip;]<\/p>\n","protected":false},"author":8,"featured_media":50531,"comment_status":"open","ping_status":"open","sticky":false,"template":"","format":"standard","meta":{"_acf_changed":false,"footnotes":""},"categories":[49],"tags":[162],"class_list":["post-50522","post","type-post","status-publish","format-standard","has-post-thumbnail","hentry","category-kultur","tag-kulturmoedet"],"acf":[],"yoast_head":"<!-- This site is optimized with the Yoast SEO plugin v26.8 - https:\/\/yoast.com\/product\/yoast-seo-wordpress\/ -->\n<title>Ny kulturminister: - Der er rigtig meget om kulturen, jeg ikke ved noget om - Mors<\/title>\n<meta name=\"robots\" content=\"index, follow, max-snippet:-1, max-image-preview:large, max-video-preview:-1\" \/>\n<link rel=\"canonical\" href=\"https:\/\/kunmedierne.dk\/mors\/ny-kulturminister-der-er-rigtig-meget-om-kulturen-jeg-ikke-ved-noget-om\/\" \/>\n<meta property=\"og:locale\" content=\"da_DK\" \/>\n<meta property=\"og:type\" content=\"article\" \/>\n<meta property=\"og:title\" content=\"Ny kulturminister: - Der er rigtig meget om kulturen, jeg ikke ved noget om - Mors\" \/>\n<meta property=\"og:description\" content=\"MORS: Det er kun tre dage siden, hun satte sig i ministerstolen, og torsdag morgen \u00e5bnede den nye kulturminister, Ane Halsboe-J\u00f8rgensen (S), s\u00e5 Kulturm\u00f8det Mors 2021. Det gjorde hun til en snak med den alsidige kommunikationsmand Christian Have. En samtale, der meget naturligt viste, at den nye kulturminister er ny p\u00e5 posten &#8211; og at [&hellip;]\" \/>\n<meta property=\"og:url\" content=\"https:\/\/kunmedierne.dk\/mors\/ny-kulturminister-der-er-rigtig-meget-om-kulturen-jeg-ikke-ved-noget-om\/\" \/>\n<meta property=\"og:site_name\" content=\"Mors\" \/>\n<meta property=\"article:published_time\" content=\"2021-08-19T08:23:30+00:00\" \/>\n<meta property=\"article:modified_time\" content=\"2024-08-07T12:45:20+00:00\" \/>\n<meta property=\"og:image\" content=\"https:\/\/kunmedierne.dk\/mors\/wp-content\/uploads\/2021\/08\/kulturmoedet-aabnet2.jpg\" \/>\n\t<meta property=\"og:image:width\" content=\"770\" \/>\n\t<meta property=\"og:image:height\" content=\"513\" \/>\n\t<meta property=\"og:image:type\" content=\"image\/jpeg\" \/>\n<meta name=\"author\" content=\"David H\u00f8jmark\" \/>\n<meta name=\"twitter:card\" content=\"summary_large_image\" \/>\n<meta name=\"twitter:label1\" content=\"Skrevet af\" \/>\n\t<meta name=\"twitter:data1\" content=\"David H\u00f8jmark\" \/>\n\t<meta name=\"twitter:label2\" content=\"Estimeret l\u00e6setid\" \/>\n\t<meta name=\"twitter:data2\" content=\"3 minutter\" \/>\n<script type=\"application\/ld+json\" class=\"yoast-schema-graph\">{\"@context\":\"https:\/\/schema.org\",\"@graph\":[{\"@type\":\"Article\",\"@id\":\"https:\/\/kunmedierne.dk\/mors\/ny-kulturminister-der-er-rigtig-meget-om-kulturen-jeg-ikke-ved-noget-om\/#article\",\"isPartOf\":{\"@id\":\"https:\/\/kunmedierne.dk\/mors\/ny-kulturminister-der-er-rigtig-meget-om-kulturen-jeg-ikke-ved-noget-om\/\"},\"author\":{\"name\":\"David H\u00f8jmark\",\"@id\":\"https:\/\/kunmedierne.dk\/mors\/#\/schema\/person\/5fe23251bf1d0abbcdc6f7896579d548\"},\"headline\":\"Ny kulturminister: &#8211; Der er rigtig meget om kulturen, jeg ikke ved noget om\",\"datePublished\":\"2021-08-19T08:23:30+00:00\",\"dateModified\":\"2024-08-07T12:45:20+00:00\",\"mainEntityOfPage\":{\"@id\":\"https:\/\/kunmedierne.dk\/mors\/ny-kulturminister-der-er-rigtig-meget-om-kulturen-jeg-ikke-ved-noget-om\/\"},\"wordCount\":523,\"commentCount\":0,\"publisher\":{\"@id\":\"https:\/\/kunmedierne.dk\/mors\/#organization\"},\"image\":{\"@id\":\"https:\/\/kunmedierne.dk\/mors\/ny-kulturminister-der-er-rigtig-meget-om-kulturen-jeg-ikke-ved-noget-om\/#primaryimage\"},\"thumbnailUrl\":\"https:\/\/kunmedierne.dk\/mors\/wp-content\/uploads\/2021\/08\/kulturmoedet-aabnet2.jpg\",\"keywords\":[\"Kulturm\u00f8det\"],\"articleSection\":[\"Kultur\"],\"inLanguage\":\"da-DK\",\"potentialAction\":[{\"@type\":\"CommentAction\",\"name\":\"Comment\",\"target\":[\"https:\/\/kunmedierne.dk\/mors\/ny-kulturminister-der-er-rigtig-meget-om-kulturen-jeg-ikke-ved-noget-om\/#respond\"]}]},{\"@type\":\"WebPage\",\"@id\":\"https:\/\/kunmedierne.dk\/mors\/ny-kulturminister-der-er-rigtig-meget-om-kulturen-jeg-ikke-ved-noget-om\/\",\"url\":\"https:\/\/kunmedierne.dk\/mors\/ny-kulturminister-der-er-rigtig-meget-om-kulturen-jeg-ikke-ved-noget-om\/\",\"name\":\"Ny kulturminister: - Der er rigtig meget om kulturen, jeg ikke ved noget om - Mors\",\"isPartOf\":{\"@id\":\"https:\/\/kunmedierne.dk\/mors\/#website\"},\"primaryImageOfPage\":{\"@id\":\"https:\/\/kunmedierne.dk\/mors\/ny-kulturminister-der-er-rigtig-meget-om-kulturen-jeg-ikke-ved-noget-om\/#primaryimage\"},\"image\":{\"@id\":\"https:\/\/kunmedierne.dk\/mors\/ny-kulturminister-der-er-rigtig-meget-om-kulturen-jeg-ikke-ved-noget-om\/#primaryimage\"},\"thumbnailUrl\":\"https:\/\/kunmedierne.dk\/mors\/wp-content\/uploads\/2021\/08\/kulturmoedet-aabnet2.jpg\",\"datePublished\":\"2021-08-19T08:23:30+00:00\",\"dateModified\":\"2024-08-07T12:45:20+00:00\",\"breadcrumb\":{\"@id\":\"https:\/\/kunmedierne.dk\/mors\/ny-kulturminister-der-er-rigtig-meget-om-kulturen-jeg-ikke-ved-noget-om\/#breadcrumb\"},\"inLanguage\":\"da-DK\",\"potentialAction\":[{\"@type\":\"ReadAction\",\"target\":[\"https:\/\/kunmedierne.dk\/mors\/ny-kulturminister-der-er-rigtig-meget-om-kulturen-jeg-ikke-ved-noget-om\/\"]}]},{\"@type\":\"ImageObject\",\"inLanguage\":\"da-DK\",\"@id\":\"https:\/\/kunmedierne.dk\/mors\/ny-kulturminister-der-er-rigtig-meget-om-kulturen-jeg-ikke-ved-noget-om\/#primaryimage\",\"url\":\"https:\/\/kunmedierne.dk\/mors\/wp-content\/uploads\/2021\/08\/kulturmoedet-aabnet2.jpg\",\"contentUrl\":\"https:\/\/kunmedierne.dk\/mors\/wp-content\/uploads\/2021\/08\/kulturmoedet-aabnet2.jpg\",\"width\":770,\"height\":513,\"caption\":\"Kulturminister Ane Halsboe-J\u00f8rgensen (S) \u00e5bnede \u00e5rets kulturm\u00f8de som helt ny p\u00e5 posten. Screendump fra Kulturm\u00f8det Mors' hjemmeside.\"},{\"@type\":\"BreadcrumbList\",\"@id\":\"https:\/\/kunmedierne.dk\/mors\/ny-kulturminister-der-er-rigtig-meget-om-kulturen-jeg-ikke-ved-noget-om\/#breadcrumb\",\"itemListElement\":[{\"@type\":\"ListItem\",\"position\":1,\"name\":\"Hjem\",\"item\":\"https:\/\/kunmedierne.dk\/mors\/\"},{\"@type\":\"ListItem\",\"position\":2,\"name\":\"Ny kulturminister: &#8211; Der er rigtig meget om kulturen, jeg ikke ved noget om\"}]},{\"@type\":\"WebSite\",\"@id\":\"https:\/\/kunmedierne.dk\/mors\/#website\",\"url\":\"https:\/\/kunmedierne.dk\/mors\/\",\"name\":\"Mors\",\"description\":\"et netmedie med journalistik om livet p\u00e5 Mors\",\"publisher\":{\"@id\":\"https:\/\/kunmedierne.dk\/mors\/#organization\"},\"potentialAction\":[{\"@type\":\"SearchAction\",\"target\":{\"@type\":\"EntryPoint\",\"urlTemplate\":\"https:\/\/kunmedierne.dk\/mors\/?s={search_term_string}\"},\"query-input\":{\"@type\":\"PropertyValueSpecification\",\"valueRequired\":true,\"valueName\":\"search_term_string\"}}],\"inLanguage\":\"da-DK\"},{\"@type\":\"Organization\",\"@id\":\"https:\/\/kunmedierne.dk\/mors\/#organization\",\"name\":\"Mors\",\"url\":\"https:\/\/kunmedierne.dk\/mors\/\",\"logo\":{\"@type\":\"ImageObject\",\"inLanguage\":\"da-DK\",\"@id\":\"https:\/\/kunmedierne.dk\/mors\/#\/schema\/logo\/image\/\",\"url\":\"https:\/\/kunmedierne.dk\/mors\/wp-content\/uploads\/2024\/08\/kunmors-logo.svg\",\"contentUrl\":\"https:\/\/kunmedierne.dk\/mors\/wp-content\/uploads\/2024\/08\/kunmors-logo.svg\",\"caption\":\"Mors\"},\"image\":{\"@id\":\"https:\/\/kunmedierne.dk\/mors\/#\/schema\/logo\/image\/\"}},{\"@type\":\"Person\",\"@id\":\"https:\/\/kunmedierne.dk\/mors\/#\/schema\/person\/5fe23251bf1d0abbcdc6f7896579d548\",\"name\":\"David H\u00f8jmark\",\"image\":{\"@type\":\"ImageObject\",\"inLanguage\":\"da-DK\",\"@id\":\"https:\/\/kunmedierne.dk\/mors\/#\/schema\/person\/image\/\",\"url\":\"https:\/\/secure.gravatar.com\/avatar\/4315d6fb9ef244d729989f5f90268eb08d5bf8a3d84402f595fa194bb35784fd?s=96&d=mm&r=g\",\"contentUrl\":\"https:\/\/secure.gravatar.com\/avatar\/4315d6fb9ef244d729989f5f90268eb08d5bf8a3d84402f595fa194bb35784fd?s=96&d=mm&r=g\",\"caption\":\"David H\u00f8jmark\"},\"sameAs\":[\"https:\/\/www.kunmedierne.dk\"],\"url\":\"https:\/\/kunmedierne.dk\/mors\/author\/david\/\"}]}<\/script>\n<!-- \/ Yoast SEO plugin. -->","yoast_head_json":{"title":"Ny kulturminister: - Der er rigtig meget om kulturen, jeg ikke ved noget om - Mors","robots":{"index":"index","follow":"follow","max-snippet":"max-snippet:-1","max-image-preview":"max-image-preview:large","max-video-preview":"max-video-preview:-1"},"canonical":"https:\/\/kunmedierne.dk\/mors\/ny-kulturminister-der-er-rigtig-meget-om-kulturen-jeg-ikke-ved-noget-om\/","og_locale":"da_DK","og_type":"article","og_title":"Ny kulturminister: - Der er rigtig meget om kulturen, jeg ikke ved noget om - Mors","og_description":"MORS: Det er kun tre dage siden, hun satte sig i ministerstolen, og torsdag morgen \u00e5bnede den nye kulturminister, Ane Halsboe-J\u00f8rgensen (S), s\u00e5 Kulturm\u00f8det Mors 2021. Det gjorde hun til en snak med den alsidige kommunikationsmand Christian Have. En samtale, der meget naturligt viste, at den nye kulturminister er ny p\u00e5 posten &#8211; og at [&hellip;]","og_url":"https:\/\/kunmedierne.dk\/mors\/ny-kulturminister-der-er-rigtig-meget-om-kulturen-jeg-ikke-ved-noget-om\/","og_site_name":"Mors","article_published_time":"2021-08-19T08:23:30+00:00","article_modified_time":"2024-08-07T12:45:20+00:00","og_image":[{"width":770,"height":513,"url":"https:\/\/kunmedierne.dk\/mors\/wp-content\/uploads\/2021\/08\/kulturmoedet-aabnet2.jpg","type":"image\/jpeg"}],"author":"David H\u00f8jmark","twitter_card":"summary_large_image","twitter_misc":{"Skrevet af":"David H\u00f8jmark","Estimeret l\u00e6setid":"3 minutter"},"schema":{"@context":"https:\/\/schema.org","@graph":[{"@type":"Article","@id":"https:\/\/kunmedierne.dk\/mors\/ny-kulturminister-der-er-rigtig-meget-om-kulturen-jeg-ikke-ved-noget-om\/#article","isPartOf":{"@id":"https:\/\/kunmedierne.dk\/mors\/ny-kulturminister-der-er-rigtig-meget-om-kulturen-jeg-ikke-ved-noget-om\/"},"author":{"name":"David H\u00f8jmark","@id":"https:\/\/kunmedierne.dk\/mors\/#\/schema\/person\/5fe23251bf1d0abbcdc6f7896579d548"},"headline":"Ny kulturminister: &#8211; Der er rigtig meget om kulturen, jeg ikke ved noget om","datePublished":"2021-08-19T08:23:30+00:00","dateModified":"2024-08-07T12:45:20+00:00","mainEntityOfPage":{"@id":"https:\/\/kunmedierne.dk\/mors\/ny-kulturminister-der-er-rigtig-meget-om-kulturen-jeg-ikke-ved-noget-om\/"},"wordCount":523,"commentCount":0,"publisher":{"@id":"https:\/\/kunmedierne.dk\/mors\/#organization"},"image":{"@id":"https:\/\/kunmedierne.dk\/mors\/ny-kulturminister-der-er-rigtig-meget-om-kulturen-jeg-ikke-ved-noget-om\/#primaryimage"},"thumbnailUrl":"https:\/\/kunmedierne.dk\/mors\/wp-content\/uploads\/2021\/08\/kulturmoedet-aabnet2.jpg","keywords":["Kulturm\u00f8det"],"articleSection":["Kultur"],"inLanguage":"da-DK","potentialAction":[{"@type":"CommentAction","name":"Comment","target":["https:\/\/kunmedierne.dk\/mors\/ny-kulturminister-der-er-rigtig-meget-om-kulturen-jeg-ikke-ved-noget-om\/#respond"]}]},{"@type":"WebPage","@id":"https:\/\/kunmedierne.dk\/mors\/ny-kulturminister-der-er-rigtig-meget-om-kulturen-jeg-ikke-ved-noget-om\/","url":"https:\/\/kunmedierne.dk\/mors\/ny-kulturminister-der-er-rigtig-meget-om-kulturen-jeg-ikke-ved-noget-om\/","name":"Ny kulturminister: - Der er rigtig meget om kulturen, jeg ikke ved noget om - Mors","isPartOf":{"@id":"https:\/\/kunmedierne.dk\/mors\/#website"},"primaryImageOfPage":{"@id":"https:\/\/kunmedierne.dk\/mors\/ny-kulturminister-der-er-rigtig-meget-om-kulturen-jeg-ikke-ved-noget-om\/#primaryimage"},"image":{"@id":"https:\/\/kunmedierne.dk\/mors\/ny-kulturminister-der-er-rigtig-meget-om-kulturen-jeg-ikke-ved-noget-om\/#primaryimage"},"thumbnailUrl":"https:\/\/kunmedierne.dk\/mors\/wp-content\/uploads\/2021\/08\/kulturmoedet-aabnet2.jpg","datePublished":"2021-08-19T08:23:30+00:00","dateModified":"2024-08-07T12:45:20+00:00","breadcrumb":{"@id":"https:\/\/kunmedierne.dk\/mors\/ny-kulturminister-der-er-rigtig-meget-om-kulturen-jeg-ikke-ved-noget-om\/#breadcrumb"},"inLanguage":"da-DK","potentialAction":[{"@type":"ReadAction","target":["https:\/\/kunmedierne.dk\/mors\/ny-kulturminister-der-er-rigtig-meget-om-kulturen-jeg-ikke-ved-noget-om\/"]}]},{"@type":"ImageObject","inLanguage":"da-DK","@id":"https:\/\/kunmedierne.dk\/mors\/ny-kulturminister-der-er-rigtig-meget-om-kulturen-jeg-ikke-ved-noget-om\/#primaryimage","url":"https:\/\/kunmedierne.dk\/mors\/wp-content\/uploads\/2021\/08\/kulturmoedet-aabnet2.jpg","contentUrl":"https:\/\/kunmedierne.dk\/mors\/wp-content\/uploads\/2021\/08\/kulturmoedet-aabnet2.jpg","width":770,"height":513,"caption":"Kulturminister Ane Halsboe-J\u00f8rgensen (S) \u00e5bnede \u00e5rets kulturm\u00f8de som helt ny p\u00e5 posten. Screendump fra Kulturm\u00f8det Mors' hjemmeside."},{"@type":"BreadcrumbList","@id":"https:\/\/kunmedierne.dk\/mors\/ny-kulturminister-der-er-rigtig-meget-om-kulturen-jeg-ikke-ved-noget-om\/#breadcrumb","itemListElement":[{"@type":"ListItem","position":1,"name":"Hjem","item":"https:\/\/kunmedierne.dk\/mors\/"},{"@type":"ListItem","position":2,"name":"Ny kulturminister: &#8211; Der er rigtig meget om kulturen, jeg ikke ved noget om"}]},{"@type":"WebSite","@id":"https:\/\/kunmedierne.dk\/mors\/#website","url":"https:\/\/kunmedierne.dk\/mors\/","name":"Mors","description":"et netmedie med journalistik om livet p\u00e5 Mors","publisher":{"@id":"https:\/\/kunmedierne.dk\/mors\/#organization"},"potentialAction":[{"@type":"SearchAction","target":{"@type":"EntryPoint","urlTemplate":"https:\/\/kunmedierne.dk\/mors\/?s={search_term_string}"},"query-input":{"@type":"PropertyValueSpecification","valueRequired":true,"valueName":"search_term_string"}}],"inLanguage":"da-DK"},{"@type":"Organization","@id":"https:\/\/kunmedierne.dk\/mors\/#organization","name":"Mors","url":"https:\/\/kunmedierne.dk\/mors\/","logo":{"@type":"ImageObject","inLanguage":"da-DK","@id":"https:\/\/kunmedierne.dk\/mors\/#\/schema\/logo\/image\/","url":"https:\/\/kunmedierne.dk\/mors\/wp-content\/uploads\/2024\/08\/kunmors-logo.svg","contentUrl":"https:\/\/kunmedierne.dk\/mors\/wp-content\/uploads\/2024\/08\/kunmors-logo.svg","caption":"Mors"},"image":{"@id":"https:\/\/kunmedierne.dk\/mors\/#\/schema\/logo\/image\/"}},{"@type":"Person","@id":"https:\/\/kunmedierne.dk\/mors\/#\/schema\/person\/5fe23251bf1d0abbcdc6f7896579d548","name":"David H\u00f8jmark","image":{"@type":"ImageObject","inLanguage":"da-DK","@id":"https:\/\/kunmedierne.dk\/mors\/#\/schema\/person\/image\/","url":"https:\/\/secure.gravatar.com\/avatar\/4315d6fb9ef244d729989f5f90268eb08d5bf8a3d84402f595fa194bb35784fd?s=96&d=mm&r=g","contentUrl":"https:\/\/secure.gravatar.com\/avatar\/4315d6fb9ef244d729989f5f90268eb08d5bf8a3d84402f595fa194bb35784fd?s=96&d=mm&r=g","caption":"David H\u00f8jmark"},"sameAs":["https:\/\/www.kunmedierne.dk"],"url":"https:\/\/kunmedierne.dk\/mors\/author\/david\/"}]}},"_links":{"self":[{"href":"https:\/\/kunmedierne.dk\/mors\/wp-json\/wp\/v2\/posts\/50522","targetHints":{"allow":["GET"]}}],"collection":[{"href":"https:\/\/kunmedierne.dk\/mors\/wp-json\/wp\/v2\/posts"}],"about":[{"href":"https:\/\/kunmedierne.dk\/mors\/wp-json\/wp\/v2\/types\/post"}],"author":[{"embeddable":true,"href":"https:\/\/kunmedierne.dk\/mors\/wp-json\/wp\/v2\/users\/8"}],"replies":[{"embeddable":true,"href":"https:\/\/kunmedierne.dk\/mors\/wp-json\/wp\/v2\/comments?post=50522"}],"version-history":[{"count":2,"href":"https:\/\/kunmedierne.dk\/mors\/wp-json\/wp\/v2\/posts\/50522\/revisions"}],"predecessor-version":[{"id":50529,"href":"https:\/\/kunmedierne.dk\/mors\/wp-json\/wp\/v2\/posts\/50522\/revisions\/50529"}],"wp:featuredmedia":[{"embeddable":true,"href":"https:\/\/kunmedierne.dk\/mors\/wp-json\/wp\/v2\/media\/50531"}],"wp:attachment":[{"href":"https:\/\/kunmedierne.dk\/mors\/wp-json\/wp\/v2\/media?parent=50522"}],"wp:term":[{"taxonomy":"category","embeddable":true,"href":"https:\/\/kunmedierne.dk\/mors\/wp-json\/wp\/v2\/categories?post=50522"},{"taxonomy":"post_tag","embeddable":true,"href":"https:\/\/kunmedierne.dk\/mors\/wp-json\/wp\/v2\/tags?post=50522"}],"curies":[{"name":"wp","href":"https:\/\/api.w.org\/{rel}","templated":true}]}}