{"id":50382,"date":"2021-08-16T20:00:23","date_gmt":"2021-08-16T18:00:23","guid":{"rendered":"https:\/\/kunmedierne.dk\/mors\/?p=50382"},"modified":"2024-08-07T14:45:21","modified_gmt":"2024-08-07T12:45:21","slug":"oeens-trafik-skal-vaere-sikker-for-alle","status":"publish","type":"post","link":"https:\/\/kunmedierne.dk\/mors\/oeens-trafik-skal-vaere-sikker-for-alle\/","title":{"rendered":"&#8211; \u00d8ens trafik skal v\u00e6re sikker for alle"},"content":{"rendered":"<p><em>Anette Svindborg, social- og sundhedsassistent, medlem af kommunalbestyrelsen for Dansk Folkeparti og medlem af det sociale udvalg i Mors\u00f8 Kommune, har sendt dette debatindl\u00e6g.<\/em><\/p>\n<hr \/>\n<p>Den 24.\u00a0juli s\u00e5 jeg <a href=\"https:\/\/kunmedierne.dk\/mors\/giv-kandidaterne-til-kommunalvalget-en-rollator\/\" target=\"_blank\" rel=\"noopener\">et debatindl\u00e6g<\/a>, som jeg har g\u00e5et og t\u00e6nkt p\u00e5 siden.\u00a0Det handlede om besv\u00e6ret ved at bev\u00e6ge sig rundt med rollator i \u00f8ens landomr\u00e5der p\u00e5 grund af sten p\u00e5 fortove og sk\u00e6ve fliser, samt niveauforskelle p\u00e5 fortov og vej. Jeg har t\u00e6nkt meget p\u00e5 denne problematik siden. Jeg br\u00e6nder for at skabe en god og sikker hverdag for alle, derfor er det ogs\u00e5 vigtigt for mig, at alle kan f\u00f8le sig sikre i trafikken, lige fra de yngste p\u00e5 cykel til de \u00e6ldre med rollator.<\/p>\n<p>Som Social- og Sundhedsassistent er jeg allerede opm\u00e6rksom p\u00e5, at det er sv\u00e6rere at bev\u00e6ge sig rundt hvis man er gangbesv\u00e6ret. Faktisk har jeg gennem min uddannelse allerede afpr\u00f8vet b\u00e5de rollator og k\u00f8restol \u2013 og jeg forst\u00e5r absolut hvor besv\u00e6rligt, det kan v\u00e6re. Men det er ogs\u00e5 sv\u00e6rt at v\u00e6re opm\u00e6rksom p\u00e5 dette i hverdagen, n\u00e5r det ikke er et problem, som man selv har. Derfor er jeg glad for at blive gjort opm\u00e6rksom p\u00e5 de besv\u00e6rlige forhold. <a href=\"https:\/\/thistedkloakservice.dk\/\"><img loading=\"lazy\" decoding=\"async\" class=\"alignright size-full wp-image-46603\" src=\"https:\/\/kunmedierne.dk\/mors\/wp-content\/uploads\/2021\/06\/t12.jpg\" alt=\"\" width=\"1400\" height=\"125\" srcset=\"https:\/\/kunmedierne.dk\/mors\/wp-content\/uploads\/2021\/06\/t12.jpg 1400w, https:\/\/kunmedierne.dk\/mors\/wp-content\/uploads\/2021\/06\/t12-300x27.jpg 300w, https:\/\/kunmedierne.dk\/mors\/wp-content\/uploads\/2021\/06\/t12-1024x91.jpg 1024w, https:\/\/kunmedierne.dk\/mors\/wp-content\/uploads\/2021\/06\/t12-768x69.jpg 768w, https:\/\/kunmedierne.dk\/mors\/wp-content\/uploads\/2021\/06\/t12-600x54.jpg 600w\" sizes=\"auto, (max-width: 1400px) 100vw, 1400px\" \/><\/a><\/p>\n<p>En af mine m\u00e6rkesager er, at trafikken p\u00e5 \u00f8en skal v\u00e6re sikker for alle. Jeg \u00f8nsker at skabe l\u00f8sninger der kan v\u00e6re til gavn for de svagt g\u00e5ende udenfor byerne, at f\u00e5 flere cykelstier p\u00e5 hele \u00f8en s\u00e5 b\u00f8rn kan komme sikkert i skole og deres for\u00e6ldre kan komme sikkert p\u00e5 arbejde, og s\u00e5 \u00f8nsker jeg, at forbedre infrastrukturen s\u00e5 trafikken for biler og tungere k\u00f8ret\u00f8jer kan blive mere sikker, og s\u00e5 ulykker grundet for h\u00f8j fart kan forhindres. Men som der ogs\u00e5 blev skrevet i det debatindl\u00e6g, der satte mine tanker i gang, koster det mange penge. Det betyder desv\u00e6rre, at vi er n\u00f8dt til at prioritere projekterne og \u00f8nskerne, for at f\u00e5 kommunens budget til at h\u00e6nge sammen. <a href=\"https:\/\/www.fmspks.dk\/\"><img loading=\"lazy\" decoding=\"async\" class=\"alignright size-full wp-image-46592\" src=\"https:\/\/kunmedierne.dk\/mors\/wp-content\/uploads\/2021\/06\/t01.jpg\" alt=\"\" width=\"1400\" height=\"125\" srcset=\"https:\/\/kunmedierne.dk\/mors\/wp-content\/uploads\/2021\/06\/t01.jpg 1400w, https:\/\/kunmedierne.dk\/mors\/wp-content\/uploads\/2021\/06\/t01-300x27.jpg 300w, https:\/\/kunmedierne.dk\/mors\/wp-content\/uploads\/2021\/06\/t01-1024x91.jpg 1024w, https:\/\/kunmedierne.dk\/mors\/wp-content\/uploads\/2021\/06\/t01-768x69.jpg 768w, https:\/\/kunmedierne.dk\/mors\/wp-content\/uploads\/2021\/06\/t01-600x54.jpg 600w\" sizes=\"auto, (max-width: 1400px) 100vw, 1400px\" \/><\/a><\/p>\n<p>Jeg h\u00f8rer jeres \u00f8nsker, jeg ser jeres problemer, og jeg forst\u00e5r at det er n\u00f8dvendigt at g\u00f8re noget. Hvis i har gode id\u00e9er eller forslag til gode billige l\u00f8sninger og besparelser, s\u00e5 er jeg klar til at lytte til jer, s\u00e5 vi alle f\u00e6rdes sikkert i trafikken p\u00e5 Mors.<\/p>\n<hr \/>\n<p><em>Har du et bidrag til den lokale debat? Send det til os p\u00e5 e-mail: debat@kunmedierne.dk\/mors. Husk at l\u00e6se korrektur inden afsendelse p\u00e5 indl\u00e6gget.<\/em><\/p>\n","protected":false},"excerpt":{"rendered":"<p>Anette Svindborg, social- og sundhedsassistent, medlem af kommunalbestyrelsen for Dansk Folkeparti og medlem af det sociale udvalg i Mors\u00f8 Kommune, har sendt dette debatindl\u00e6g. Den 24.\u00a0juli s\u00e5 jeg et debatindl\u00e6g, som jeg har g\u00e5et og t\u00e6nkt p\u00e5 siden.\u00a0Det handlede om besv\u00e6ret ved at bev\u00e6ge sig rundt med rollator i \u00f8ens landomr\u00e5der p\u00e5 grund af sten [&hellip;]<\/p>\n","protected":false},"author":11,"featured_media":36990,"comment_status":"open","ping_status":"open","sticky":false,"template":"","format":"standard","meta":{"_acf_changed":false,"footnotes":""},"categories":[56],"tags":[167],"class_list":["post-50382","post","type-post","status-publish","format-standard","has-post-thumbnail","hentry","category-debat","tag-politik"],"acf":[],"yoast_head":"<!-- This site is optimized with the Yoast SEO plugin v26.8 - https:\/\/yoast.com\/product\/yoast-seo-wordpress\/ -->\n<title>- \u00d8ens trafik skal v\u00e6re sikker for alle - Mors<\/title>\n<meta name=\"robots\" content=\"index, follow, max-snippet:-1, max-image-preview:large, max-video-preview:-1\" \/>\n<link rel=\"canonical\" href=\"https:\/\/kunmedierne.dk\/mors\/oeens-trafik-skal-vaere-sikker-for-alle\/\" \/>\n<meta property=\"og:locale\" content=\"da_DK\" \/>\n<meta property=\"og:type\" content=\"article\" \/>\n<meta property=\"og:title\" content=\"- \u00d8ens trafik skal v\u00e6re sikker for alle - Mors\" \/>\n<meta property=\"og:description\" content=\"Anette Svindborg, social- og sundhedsassistent, medlem af kommunalbestyrelsen for Dansk Folkeparti og medlem af det sociale udvalg i Mors\u00f8 Kommune, har sendt dette debatindl\u00e6g. Den 24.\u00a0juli s\u00e5 jeg et debatindl\u00e6g, som jeg har g\u00e5et og t\u00e6nkt p\u00e5 siden.\u00a0Det handlede om besv\u00e6ret ved at bev\u00e6ge sig rundt med rollator i \u00f8ens landomr\u00e5der p\u00e5 grund af sten [&hellip;]\" \/>\n<meta property=\"og:url\" content=\"https:\/\/kunmedierne.dk\/mors\/oeens-trafik-skal-vaere-sikker-for-alle\/\" \/>\n<meta property=\"og:site_name\" content=\"Mors\" \/>\n<meta property=\"article:published_time\" content=\"2021-08-16T18:00:23+00:00\" \/>\n<meta property=\"article:modified_time\" content=\"2024-08-07T12:45:21+00:00\" \/>\n<meta property=\"og:image\" content=\"https:\/\/kunmedierne.dk\/mors\/wp-content\/uploads\/2020\/12\/0-debat-anette-svindborg-o.jpg\" \/>\n\t<meta property=\"og:image:width\" content=\"770\" \/>\n\t<meta property=\"og:image:height\" content=\"513\" \/>\n\t<meta property=\"og:image:type\" content=\"image\/jpeg\" \/>\n<meta name=\"author\" content=\"Debat\" \/>\n<meta name=\"twitter:card\" content=\"summary_large_image\" \/>\n<meta name=\"twitter:label1\" content=\"Skrevet af\" \/>\n\t<meta name=\"twitter:data1\" content=\"Debat\" \/>\n\t<meta name=\"twitter:label2\" content=\"Estimeret l\u00e6setid\" \/>\n\t<meta name=\"twitter:data2\" content=\"3 minutter\" \/>\n<script type=\"application\/ld+json\" class=\"yoast-schema-graph\">{\"@context\":\"https:\/\/schema.org\",\"@graph\":[{\"@type\":\"Article\",\"@id\":\"https:\/\/kunmedierne.dk\/mors\/oeens-trafik-skal-vaere-sikker-for-alle\/#article\",\"isPartOf\":{\"@id\":\"https:\/\/kunmedierne.dk\/mors\/oeens-trafik-skal-vaere-sikker-for-alle\/\"},\"author\":{\"name\":\"Debat\",\"@id\":\"https:\/\/kunmedierne.dk\/mors\/#\/schema\/person\/84c1391bce0b43b9bb3a49736bc0ad78\"},\"headline\":\"&#8211; \u00d8ens trafik skal v\u00e6re sikker for alle\",\"datePublished\":\"2021-08-16T18:00:23+00:00\",\"dateModified\":\"2024-08-07T12:45:21+00:00\",\"mainEntityOfPage\":{\"@id\":\"https:\/\/kunmedierne.dk\/mors\/oeens-trafik-skal-vaere-sikker-for-alle\/\"},\"wordCount\":443,\"commentCount\":0,\"publisher\":{\"@id\":\"https:\/\/kunmedierne.dk\/mors\/#organization\"},\"image\":{\"@id\":\"https:\/\/kunmedierne.dk\/mors\/oeens-trafik-skal-vaere-sikker-for-alle\/#primaryimage\"},\"thumbnailUrl\":\"https:\/\/kunmedierne.dk\/mors\/wp-content\/uploads\/2020\/12\/0-debat-anette-svindborg-o.jpg\",\"keywords\":[\"Politik\"],\"articleSection\":[\"Debat\"],\"inLanguage\":\"da-DK\",\"potentialAction\":[{\"@type\":\"CommentAction\",\"name\":\"Comment\",\"target\":[\"https:\/\/kunmedierne.dk\/mors\/oeens-trafik-skal-vaere-sikker-for-alle\/#respond\"]}]},{\"@type\":\"WebPage\",\"@id\":\"https:\/\/kunmedierne.dk\/mors\/oeens-trafik-skal-vaere-sikker-for-alle\/\",\"url\":\"https:\/\/kunmedierne.dk\/mors\/oeens-trafik-skal-vaere-sikker-for-alle\/\",\"name\":\"- \u00d8ens trafik skal v\u00e6re sikker for alle - Mors\",\"isPartOf\":{\"@id\":\"https:\/\/kunmedierne.dk\/mors\/#website\"},\"primaryImageOfPage\":{\"@id\":\"https:\/\/kunmedierne.dk\/mors\/oeens-trafik-skal-vaere-sikker-for-alle\/#primaryimage\"},\"image\":{\"@id\":\"https:\/\/kunmedierne.dk\/mors\/oeens-trafik-skal-vaere-sikker-for-alle\/#primaryimage\"},\"thumbnailUrl\":\"https:\/\/kunmedierne.dk\/mors\/wp-content\/uploads\/2020\/12\/0-debat-anette-svindborg-o.jpg\",\"datePublished\":\"2021-08-16T18:00:23+00:00\",\"dateModified\":\"2024-08-07T12:45:21+00:00\",\"breadcrumb\":{\"@id\":\"https:\/\/kunmedierne.dk\/mors\/oeens-trafik-skal-vaere-sikker-for-alle\/#breadcrumb\"},\"inLanguage\":\"da-DK\",\"potentialAction\":[{\"@type\":\"ReadAction\",\"target\":[\"https:\/\/kunmedierne.dk\/mors\/oeens-trafik-skal-vaere-sikker-for-alle\/\"]}]},{\"@type\":\"ImageObject\",\"inLanguage\":\"da-DK\",\"@id\":\"https:\/\/kunmedierne.dk\/mors\/oeens-trafik-skal-vaere-sikker-for-alle\/#primaryimage\",\"url\":\"https:\/\/kunmedierne.dk\/mors\/wp-content\/uploads\/2020\/12\/0-debat-anette-svindborg-o.jpg\",\"contentUrl\":\"https:\/\/kunmedierne.dk\/mors\/wp-content\/uploads\/2020\/12\/0-debat-anette-svindborg-o.jpg\",\"width\":770,\"height\":513,\"caption\":\"Anette Svindborg (DF). Foto: Per Bech\/Mors\u00f8 Kommune.\"},{\"@type\":\"BreadcrumbList\",\"@id\":\"https:\/\/kunmedierne.dk\/mors\/oeens-trafik-skal-vaere-sikker-for-alle\/#breadcrumb\",\"itemListElement\":[{\"@type\":\"ListItem\",\"position\":1,\"name\":\"Hjem\",\"item\":\"https:\/\/kunmedierne.dk\/mors\/\"},{\"@type\":\"ListItem\",\"position\":2,\"name\":\"&#8211; \u00d8ens trafik skal v\u00e6re sikker for alle\"}]},{\"@type\":\"WebSite\",\"@id\":\"https:\/\/kunmedierne.dk\/mors\/#website\",\"url\":\"https:\/\/kunmedierne.dk\/mors\/\",\"name\":\"Mors\",\"description\":\"et netmedie med journalistik om livet p\u00e5 Mors\",\"publisher\":{\"@id\":\"https:\/\/kunmedierne.dk\/mors\/#organization\"},\"potentialAction\":[{\"@type\":\"SearchAction\",\"target\":{\"@type\":\"EntryPoint\",\"urlTemplate\":\"https:\/\/kunmedierne.dk\/mors\/?s={search_term_string}\"},\"query-input\":{\"@type\":\"PropertyValueSpecification\",\"valueRequired\":true,\"valueName\":\"search_term_string\"}}],\"inLanguage\":\"da-DK\"},{\"@type\":\"Organization\",\"@id\":\"https:\/\/kunmedierne.dk\/mors\/#organization\",\"name\":\"Mors\",\"url\":\"https:\/\/kunmedierne.dk\/mors\/\",\"logo\":{\"@type\":\"ImageObject\",\"inLanguage\":\"da-DK\",\"@id\":\"https:\/\/kunmedierne.dk\/mors\/#\/schema\/logo\/image\/\",\"url\":\"https:\/\/kunmedierne.dk\/mors\/wp-content\/uploads\/2024\/08\/kunmors-logo.svg\",\"contentUrl\":\"https:\/\/kunmedierne.dk\/mors\/wp-content\/uploads\/2024\/08\/kunmors-logo.svg\",\"caption\":\"Mors\"},\"image\":{\"@id\":\"https:\/\/kunmedierne.dk\/mors\/#\/schema\/logo\/image\/\"}},{\"@type\":\"Person\",\"@id\":\"https:\/\/kunmedierne.dk\/mors\/#\/schema\/person\/84c1391bce0b43b9bb3a49736bc0ad78\",\"name\":\"Debat\",\"image\":{\"@type\":\"ImageObject\",\"inLanguage\":\"da-DK\",\"@id\":\"https:\/\/kunmedierne.dk\/mors\/#\/schema\/person\/image\/\",\"url\":\"https:\/\/secure.gravatar.com\/avatar\/b0fb2e221d618f7c65162ab0d49c7e8a0b580c871ca03af90e42b47b4150654c?s=96&d=mm&r=g\",\"contentUrl\":\"https:\/\/secure.gravatar.com\/avatar\/b0fb2e221d618f7c65162ab0d49c7e8a0b580c871ca03af90e42b47b4150654c?s=96&d=mm&r=g\",\"caption\":\"Debat\"},\"url\":\"https:\/\/kunmedierne.dk\/mors\/author\/debat\/\"}]}<\/script>\n<!-- \/ Yoast SEO plugin. -->","yoast_head_json":{"title":"- \u00d8ens trafik skal v\u00e6re sikker for alle - Mors","robots":{"index":"index","follow":"follow","max-snippet":"max-snippet:-1","max-image-preview":"max-image-preview:large","max-video-preview":"max-video-preview:-1"},"canonical":"https:\/\/kunmedierne.dk\/mors\/oeens-trafik-skal-vaere-sikker-for-alle\/","og_locale":"da_DK","og_type":"article","og_title":"- \u00d8ens trafik skal v\u00e6re sikker for alle - Mors","og_description":"Anette Svindborg, social- og sundhedsassistent, medlem af kommunalbestyrelsen for Dansk Folkeparti og medlem af det sociale udvalg i Mors\u00f8 Kommune, har sendt dette debatindl\u00e6g. Den 24.\u00a0juli s\u00e5 jeg et debatindl\u00e6g, som jeg har g\u00e5et og t\u00e6nkt p\u00e5 siden.\u00a0Det handlede om besv\u00e6ret ved at bev\u00e6ge sig rundt med rollator i \u00f8ens landomr\u00e5der p\u00e5 grund af sten [&hellip;]","og_url":"https:\/\/kunmedierne.dk\/mors\/oeens-trafik-skal-vaere-sikker-for-alle\/","og_site_name":"Mors","article_published_time":"2021-08-16T18:00:23+00:00","article_modified_time":"2024-08-07T12:45:21+00:00","og_image":[{"width":770,"height":513,"url":"https:\/\/kunmedierne.dk\/mors\/wp-content\/uploads\/2020\/12\/0-debat-anette-svindborg-o.jpg","type":"image\/jpeg"}],"author":"Debat","twitter_card":"summary_large_image","twitter_misc":{"Skrevet af":"Debat","Estimeret l\u00e6setid":"3 minutter"},"schema":{"@context":"https:\/\/schema.org","@graph":[{"@type":"Article","@id":"https:\/\/kunmedierne.dk\/mors\/oeens-trafik-skal-vaere-sikker-for-alle\/#article","isPartOf":{"@id":"https:\/\/kunmedierne.dk\/mors\/oeens-trafik-skal-vaere-sikker-for-alle\/"},"author":{"name":"Debat","@id":"https:\/\/kunmedierne.dk\/mors\/#\/schema\/person\/84c1391bce0b43b9bb3a49736bc0ad78"},"headline":"&#8211; \u00d8ens trafik skal v\u00e6re sikker for alle","datePublished":"2021-08-16T18:00:23+00:00","dateModified":"2024-08-07T12:45:21+00:00","mainEntityOfPage":{"@id":"https:\/\/kunmedierne.dk\/mors\/oeens-trafik-skal-vaere-sikker-for-alle\/"},"wordCount":443,"commentCount":0,"publisher":{"@id":"https:\/\/kunmedierne.dk\/mors\/#organization"},"image":{"@id":"https:\/\/kunmedierne.dk\/mors\/oeens-trafik-skal-vaere-sikker-for-alle\/#primaryimage"},"thumbnailUrl":"https:\/\/kunmedierne.dk\/mors\/wp-content\/uploads\/2020\/12\/0-debat-anette-svindborg-o.jpg","keywords":["Politik"],"articleSection":["Debat"],"inLanguage":"da-DK","potentialAction":[{"@type":"CommentAction","name":"Comment","target":["https:\/\/kunmedierne.dk\/mors\/oeens-trafik-skal-vaere-sikker-for-alle\/#respond"]}]},{"@type":"WebPage","@id":"https:\/\/kunmedierne.dk\/mors\/oeens-trafik-skal-vaere-sikker-for-alle\/","url":"https:\/\/kunmedierne.dk\/mors\/oeens-trafik-skal-vaere-sikker-for-alle\/","name":"- \u00d8ens trafik skal v\u00e6re sikker for alle - Mors","isPartOf":{"@id":"https:\/\/kunmedierne.dk\/mors\/#website"},"primaryImageOfPage":{"@id":"https:\/\/kunmedierne.dk\/mors\/oeens-trafik-skal-vaere-sikker-for-alle\/#primaryimage"},"image":{"@id":"https:\/\/kunmedierne.dk\/mors\/oeens-trafik-skal-vaere-sikker-for-alle\/#primaryimage"},"thumbnailUrl":"https:\/\/kunmedierne.dk\/mors\/wp-content\/uploads\/2020\/12\/0-debat-anette-svindborg-o.jpg","datePublished":"2021-08-16T18:00:23+00:00","dateModified":"2024-08-07T12:45:21+00:00","breadcrumb":{"@id":"https:\/\/kunmedierne.dk\/mors\/oeens-trafik-skal-vaere-sikker-for-alle\/#breadcrumb"},"inLanguage":"da-DK","potentialAction":[{"@type":"ReadAction","target":["https:\/\/kunmedierne.dk\/mors\/oeens-trafik-skal-vaere-sikker-for-alle\/"]}]},{"@type":"ImageObject","inLanguage":"da-DK","@id":"https:\/\/kunmedierne.dk\/mors\/oeens-trafik-skal-vaere-sikker-for-alle\/#primaryimage","url":"https:\/\/kunmedierne.dk\/mors\/wp-content\/uploads\/2020\/12\/0-debat-anette-svindborg-o.jpg","contentUrl":"https:\/\/kunmedierne.dk\/mors\/wp-content\/uploads\/2020\/12\/0-debat-anette-svindborg-o.jpg","width":770,"height":513,"caption":"Anette Svindborg (DF). Foto: Per Bech\/Mors\u00f8 Kommune."},{"@type":"BreadcrumbList","@id":"https:\/\/kunmedierne.dk\/mors\/oeens-trafik-skal-vaere-sikker-for-alle\/#breadcrumb","itemListElement":[{"@type":"ListItem","position":1,"name":"Hjem","item":"https:\/\/kunmedierne.dk\/mors\/"},{"@type":"ListItem","position":2,"name":"&#8211; \u00d8ens trafik skal v\u00e6re sikker for alle"}]},{"@type":"WebSite","@id":"https:\/\/kunmedierne.dk\/mors\/#website","url":"https:\/\/kunmedierne.dk\/mors\/","name":"Mors","description":"et netmedie med journalistik om livet p\u00e5 Mors","publisher":{"@id":"https:\/\/kunmedierne.dk\/mors\/#organization"},"potentialAction":[{"@type":"SearchAction","target":{"@type":"EntryPoint","urlTemplate":"https:\/\/kunmedierne.dk\/mors\/?s={search_term_string}"},"query-input":{"@type":"PropertyValueSpecification","valueRequired":true,"valueName":"search_term_string"}}],"inLanguage":"da-DK"},{"@type":"Organization","@id":"https:\/\/kunmedierne.dk\/mors\/#organization","name":"Mors","url":"https:\/\/kunmedierne.dk\/mors\/","logo":{"@type":"ImageObject","inLanguage":"da-DK","@id":"https:\/\/kunmedierne.dk\/mors\/#\/schema\/logo\/image\/","url":"https:\/\/kunmedierne.dk\/mors\/wp-content\/uploads\/2024\/08\/kunmors-logo.svg","contentUrl":"https:\/\/kunmedierne.dk\/mors\/wp-content\/uploads\/2024\/08\/kunmors-logo.svg","caption":"Mors"},"image":{"@id":"https:\/\/kunmedierne.dk\/mors\/#\/schema\/logo\/image\/"}},{"@type":"Person","@id":"https:\/\/kunmedierne.dk\/mors\/#\/schema\/person\/84c1391bce0b43b9bb3a49736bc0ad78","name":"Debat","image":{"@type":"ImageObject","inLanguage":"da-DK","@id":"https:\/\/kunmedierne.dk\/mors\/#\/schema\/person\/image\/","url":"https:\/\/secure.gravatar.com\/avatar\/b0fb2e221d618f7c65162ab0d49c7e8a0b580c871ca03af90e42b47b4150654c?s=96&d=mm&r=g","contentUrl":"https:\/\/secure.gravatar.com\/avatar\/b0fb2e221d618f7c65162ab0d49c7e8a0b580c871ca03af90e42b47b4150654c?s=96&d=mm&r=g","caption":"Debat"},"url":"https:\/\/kunmedierne.dk\/mors\/author\/debat\/"}]}},"_links":{"self":[{"href":"https:\/\/kunmedierne.dk\/mors\/wp-json\/wp\/v2\/posts\/50382","targetHints":{"allow":["GET"]}}],"collection":[{"href":"https:\/\/kunmedierne.dk\/mors\/wp-json\/wp\/v2\/posts"}],"about":[{"href":"https:\/\/kunmedierne.dk\/mors\/wp-json\/wp\/v2\/types\/post"}],"author":[{"embeddable":true,"href":"https:\/\/kunmedierne.dk\/mors\/wp-json\/wp\/v2\/users\/11"}],"replies":[{"embeddable":true,"href":"https:\/\/kunmedierne.dk\/mors\/wp-json\/wp\/v2\/comments?post=50382"}],"version-history":[{"count":6,"href":"https:\/\/kunmedierne.dk\/mors\/wp-json\/wp\/v2\/posts\/50382\/revisions"}],"predecessor-version":[{"id":50388,"href":"https:\/\/kunmedierne.dk\/mors\/wp-json\/wp\/v2\/posts\/50382\/revisions\/50388"}],"wp:featuredmedia":[{"embeddable":true,"href":"https:\/\/kunmedierne.dk\/mors\/wp-json\/wp\/v2\/media\/36990"}],"wp:attachment":[{"href":"https:\/\/kunmedierne.dk\/mors\/wp-json\/wp\/v2\/media?parent=50382"}],"wp:term":[{"taxonomy":"category","embeddable":true,"href":"https:\/\/kunmedierne.dk\/mors\/wp-json\/wp\/v2\/categories?post=50382"},{"taxonomy":"post_tag","embeddable":true,"href":"https:\/\/kunmedierne.dk\/mors\/wp-json\/wp\/v2\/tags?post=50382"}],"curies":[{"name":"wp","href":"https:\/\/api.w.org\/{rel}","templated":true}]}}