{"id":50202,"date":"2021-08-13T19:07:48","date_gmt":"2021-08-13T17:07:48","guid":{"rendered":"https:\/\/kunmedierne.dk\/mors\/?p=50202"},"modified":"2024-08-07T14:45:22","modified_gmt":"2024-08-07T12:45:22","slug":"forvandlinger-i-den-strikkede-skov","status":"publish","type":"post","link":"https:\/\/kunmedierne.dk\/mors\/forvandlinger-i-den-strikkede-skov\/","title":{"rendered":"Forvandlinger i den strikkede skov"},"content":{"rendered":"<p><strong>NYK\u00d8BING<\/strong>: Limfjordsteatret sl\u00e5r d\u00f8rene op til det helt s\u00e6rlige skovunivers, som omkring 100 frivillige har v\u00e6ret med til strikke, h\u00e6kle, sy og brodere, og som udg\u00f8r scenografien til sm\u00e5b\u00f8rnsforestillingen &#8216;Forvandling&#8217;.<\/p>\n<p>Under kulturm\u00f8det rykker forskellige sm\u00e5 arrangementer ind i den tekstile skov, som teatrets syerske og scenograf Lene Bek Nielsen har v\u00e6ret primus motor for. Det er ogs\u00e5 hende, der har sammensat det s\u00e6rlige kulturm\u00f8deprogram.<\/p>\n<p>&#8220;Mange af de frivillige, som har v\u00e6ret med til at skabe scenografien, har efterspurgt muligheden for at vise den frem til familie og venner. Nu laver vi en stribe sm\u00e5 events, s\u00e5 man enten bare kan komme og kigge eller f\u00e5 en fort\u00e6lling, strikke et blad, se forestillingen eller m\u00e5ske starte dagen med en meditation i skovuniverset,&#8221; siger Lene Bek Nielsen, der byder p\u00e5 arrangementer for b\u00e5de b\u00f8rn og voksne. <a href=\"http:\/\/www.limfjordsteatret.dk\/#front\"><img loading=\"lazy\" decoding=\"async\" class=\"alignright size-full wp-image-46596\" src=\"https:\/\/kunmedierne.dk\/mors\/wp-content\/uploads\/2021\/06\/t05.jpg\" alt=\"\" width=\"1400\" height=\"125\" srcset=\"https:\/\/kunmedierne.dk\/mors\/wp-content\/uploads\/2021\/06\/t05.jpg 1400w, https:\/\/kunmedierne.dk\/mors\/wp-content\/uploads\/2021\/06\/t05-300x27.jpg 300w, https:\/\/kunmedierne.dk\/mors\/wp-content\/uploads\/2021\/06\/t05-1024x91.jpg 1024w, https:\/\/kunmedierne.dk\/mors\/wp-content\/uploads\/2021\/06\/t05-768x69.jpg 768w, https:\/\/kunmedierne.dk\/mors\/wp-content\/uploads\/2021\/06\/t05-600x54.jpg 600w\" sizes=\"auto, (max-width: 1400px) 100vw, 1400px\" \/><\/a><\/p>\n<p>Fredag og l\u00f8rdag begynder s\u00e5ledes med en morgenmeditation ved yogal\u00e6rer Anne-Mette Riis \u2013 for de voksne, der passende kan efterf\u00f8lges af en smootie i caf\u00e9en.<\/p>\n<p>Sm\u00e5b\u00f8rnsforestillingen &#8216;Forvandling&#8217; for de 0-4 \u00e5rige og deres voksne spiller to gange hver dag.<\/p>\n<p>B\u00f8rnebogsforfatteren fra Thy, Mette Hegnh\u00f8j kommer og fort\u00e6ller for de 1-4 \u00e5rige og deres voksne.<\/p>\n<p>De h\u00e5ndarbejdsinteresserede kan tage strikkepindene med til &#8216;Skovstrik&#8217;, hvor Lene Bek Nielsen har garn parat, s\u00e5 deltagerne kan strikke et af de blade, som der indg\u00e5r mere end 4000 af i scenegrafien, mens de h\u00f8rer om projektet.<\/p>\n<p>Endelig er der begge eftermiddage to timers \u00c5ben skov, hvor man kan kigge forbi til en lille skovtur med eller uden b\u00f8rn.<\/p>\n<p>P\u00e5 grund af den begr\u00e6nsede plads i scenografien er det n\u00f8dvendigt at reservere plads til alle arrangementer \u2013 bortset fra \u00c5ben skov. Billetter til selve forestillingen har en s\u00e6rlig kulturm\u00f8depris p\u00e5 40 kr. pr. billet + gebyr. Resten er gratis, men kr\u00e6ver at man &#8216;k\u00f8ber&#8217; en gratis billet p\u00e5 teatrets hjemmeside <a href=\"http:\/\/www.limfjordsteatret.dk\">www.limfjordsteatret.dk<\/a>. Her kan man ogs\u00e5 finde de pr\u00e6cise tidspunkter<\/p>\n<blockquote>\n<h2>G\u00e5 ikke glip af en artikel p\u00e5 KunMors<\/h2>\n<h4>Tilmeld dig vores nyhedsbrev nederst p\u00e5 siden. S\u00e5 modtager du hver dag en e-mail med direkte links til alle artikler i det seneste d\u00f8gn. P\u00e5 den m\u00e5de f\u00e5r du dit lokale medie p\u00e5 samme m\u00e5de som en lokal avis \u2013 alle ugens dage \u00e5ret rundt.<\/h4>\n<\/blockquote>\n<p><a href=\"https:\/\/www.braendselsforeningen.dk\/\"><img loading=\"lazy\" decoding=\"async\" class=\"alignright size-full wp-image-46597\" src=\"https:\/\/kunmedierne.dk\/mors\/wp-content\/uploads\/2021\/06\/t06.jpg\" alt=\"\" width=\"1425\" height=\"127\" srcset=\"https:\/\/kunmedierne.dk\/mors\/wp-content\/uploads\/2021\/06\/t06.jpg 1425w, https:\/\/kunmedierne.dk\/mors\/wp-content\/uploads\/2021\/06\/t06-300x27.jpg 300w, https:\/\/kunmedierne.dk\/mors\/wp-content\/uploads\/2021\/06\/t06-1024x91.jpg 1024w, https:\/\/kunmedierne.dk\/mors\/wp-content\/uploads\/2021\/06\/t06-768x68.jpg 768w, https:\/\/kunmedierne.dk\/mors\/wp-content\/uploads\/2021\/06\/t06-600x53.jpg 600w\" sizes=\"auto, (max-width: 1425px) 100vw, 1425px\" \/><\/a><\/p>\n<div id=\"attachment_50206\" style=\"width: 780px\" class=\"wp-caption alignright\"><img loading=\"lazy\" decoding=\"async\" aria-describedby=\"caption-attachment-50206\" class=\"wp-image-50206\" src=\"https:\/\/kunmedierne.dk\/mors\/wp-content\/uploads\/2021\/08\/Lene-Bek-Nielsen-Foto-Lars-Horn-Baghuset.jpg\" alt=\"\" width=\"770\" height=\"513\" srcset=\"https:\/\/kunmedierne.dk\/mors\/wp-content\/uploads\/2021\/08\/Lene-Bek-Nielsen-Foto-Lars-Horn-Baghuset.jpg 770w, https:\/\/kunmedierne.dk\/mors\/wp-content\/uploads\/2021\/08\/Lene-Bek-Nielsen-Foto-Lars-Horn-Baghuset-300x200.jpg 300w, https:\/\/kunmedierne.dk\/mors\/wp-content\/uploads\/2021\/08\/Lene-Bek-Nielsen-Foto-Lars-Horn-Baghuset-768x512.jpg 768w, https:\/\/kunmedierne.dk\/mors\/wp-content\/uploads\/2021\/08\/Lene-Bek-Nielsen-Foto-Lars-Horn-Baghuset-360x240.jpg 360w, https:\/\/kunmedierne.dk\/mors\/wp-content\/uploads\/2021\/08\/Lene-Bek-Nielsen-Foto-Lars-Horn-Baghuset-600x400.jpg 600w\" sizes=\"auto, (max-width: 770px) 100vw, 770px\" \/><p id=\"caption-attachment-50206\" class=\"wp-caption-text\">Lene Bek Nielsen. Foto: Lars Horn\/Baghuset.<\/p><\/div>\n<p><a href=\"https:\/\/morsoe-begravelsesforretning.dk\/\"><img loading=\"lazy\" decoding=\"async\" class=\"alignright size-full wp-image-46598\" src=\"https:\/\/kunmedierne.dk\/mors\/wp-content\/uploads\/2021\/06\/t07.jpg\" alt=\"\" width=\"1425\" height=\"127\" srcset=\"https:\/\/kunmedierne.dk\/mors\/wp-content\/uploads\/2021\/06\/t07.jpg 1425w, https:\/\/kunmedierne.dk\/mors\/wp-content\/uploads\/2021\/06\/t07-300x27.jpg 300w, https:\/\/kunmedierne.dk\/mors\/wp-content\/uploads\/2021\/06\/t07-1024x91.jpg 1024w, https:\/\/kunmedierne.dk\/mors\/wp-content\/uploads\/2021\/06\/t07-768x68.jpg 768w, https:\/\/kunmedierne.dk\/mors\/wp-content\/uploads\/2021\/06\/t07-600x53.jpg 600w\" sizes=\"auto, (max-width: 1425px) 100vw, 1425px\" \/><\/a><\/p>\n<div id=\"attachment_50203\" style=\"width: 780px\" class=\"wp-caption alignright\"><img loading=\"lazy\" decoding=\"async\" aria-describedby=\"caption-attachment-50203\" class=\"wp-image-50203\" src=\"https:\/\/kunmedierne.dk\/mors\/wp-content\/uploads\/2021\/08\/Anne-Mette-Riis-Foto-Lars-Horn-Baghuset.jpg\" alt=\"\" width=\"770\" height=\"513\" srcset=\"https:\/\/kunmedierne.dk\/mors\/wp-content\/uploads\/2021\/08\/Anne-Mette-Riis-Foto-Lars-Horn-Baghuset.jpg 770w, https:\/\/kunmedierne.dk\/mors\/wp-content\/uploads\/2021\/08\/Anne-Mette-Riis-Foto-Lars-Horn-Baghuset-300x200.jpg 300w, https:\/\/kunmedierne.dk\/mors\/wp-content\/uploads\/2021\/08\/Anne-Mette-Riis-Foto-Lars-Horn-Baghuset-768x512.jpg 768w, https:\/\/kunmedierne.dk\/mors\/wp-content\/uploads\/2021\/08\/Anne-Mette-Riis-Foto-Lars-Horn-Baghuset-360x240.jpg 360w, https:\/\/kunmedierne.dk\/mors\/wp-content\/uploads\/2021\/08\/Anne-Mette-Riis-Foto-Lars-Horn-Baghuset-600x400.jpg 600w\" sizes=\"auto, (max-width: 770px) 100vw, 770px\" \/><p id=\"caption-attachment-50203\" class=\"wp-caption-text\">Anne-Mette Riis. Foto: Lars Horn\/Baghuset.<\/p><\/div>\n<p>&nbsp;<\/p>\n<p>&nbsp;<\/p>\n<p>&nbsp;<\/p>\n","protected":false},"excerpt":{"rendered":"<p>NYK\u00d8BING: Limfjordsteatret sl\u00e5r d\u00f8rene op til det helt s\u00e6rlige skovunivers, som omkring 100 frivillige har v\u00e6ret med til strikke, h\u00e6kle, sy og brodere, og som udg\u00f8r scenografien til sm\u00e5b\u00f8rnsforestillingen &#8216;Forvandling&#8217;. Under kulturm\u00f8det rykker forskellige sm\u00e5 arrangementer ind i den tekstile skov, som teatrets syerske og scenograf Lene Bek Nielsen har v\u00e6ret primus motor for. Det [&hellip;]<\/p>\n","protected":false},"author":747,"featured_media":50205,"comment_status":"open","ping_status":"open","sticky":false,"template":"","format":"standard","meta":{"_acf_changed":false,"footnotes":""},"categories":[49],"tags":[162],"class_list":["post-50202","post","type-post","status-publish","format-standard","has-post-thumbnail","hentry","category-kultur","tag-kulturmoedet"],"acf":[],"yoast_head":"<!-- This site is optimized with the Yoast SEO plugin v26.8 - https:\/\/yoast.com\/product\/yoast-seo-wordpress\/ -->\n<title>Forvandlinger i den strikkede skov - Mors<\/title>\n<meta name=\"robots\" content=\"index, follow, max-snippet:-1, max-image-preview:large, max-video-preview:-1\" \/>\n<link rel=\"canonical\" href=\"https:\/\/kunmedierne.dk\/mors\/forvandlinger-i-den-strikkede-skov\/\" \/>\n<meta property=\"og:locale\" content=\"da_DK\" \/>\n<meta property=\"og:type\" content=\"article\" \/>\n<meta property=\"og:title\" content=\"Forvandlinger i den strikkede skov - Mors\" \/>\n<meta property=\"og:description\" content=\"NYK\u00d8BING: Limfjordsteatret sl\u00e5r d\u00f8rene op til det helt s\u00e6rlige skovunivers, som omkring 100 frivillige har v\u00e6ret med til strikke, h\u00e6kle, sy og brodere, og som udg\u00f8r scenografien til sm\u00e5b\u00f8rnsforestillingen &#8216;Forvandling&#8217;. Under kulturm\u00f8det rykker forskellige sm\u00e5 arrangementer ind i den tekstile skov, som teatrets syerske og scenograf Lene Bek Nielsen har v\u00e6ret primus motor for. Det [&hellip;]\" \/>\n<meta property=\"og:url\" content=\"https:\/\/kunmedierne.dk\/mors\/forvandlinger-i-den-strikkede-skov\/\" \/>\n<meta property=\"og:site_name\" content=\"Mors\" \/>\n<meta property=\"article:published_time\" content=\"2021-08-13T17:07:48+00:00\" \/>\n<meta property=\"article:modified_time\" content=\"2024-08-07T12:45:22+00:00\" \/>\n<meta property=\"og:image\" content=\"https:\/\/kunmedierne.dk\/mors\/wp-content\/uploads\/2021\/08\/Boern-kigger-paa-Stisa-og-Asger-Foto-Jamal-Mekdad-1.jpg\" \/>\n\t<meta property=\"og:image:width\" content=\"770\" \/>\n\t<meta property=\"og:image:height\" content=\"513\" \/>\n\t<meta property=\"og:image:type\" content=\"image\/jpeg\" \/>\n<meta name=\"author\" content=\"Redaktion\" \/>\n<meta name=\"twitter:card\" content=\"summary_large_image\" \/>\n<meta name=\"twitter:label1\" content=\"Skrevet af\" \/>\n\t<meta name=\"twitter:data1\" content=\"Redaktion\" \/>\n\t<meta name=\"twitter:label2\" content=\"Estimeret l\u00e6setid\" \/>\n\t<meta name=\"twitter:data2\" content=\"3 minutter\" \/>\n<script type=\"application\/ld+json\" class=\"yoast-schema-graph\">{\"@context\":\"https:\/\/schema.org\",\"@graph\":[{\"@type\":\"Article\",\"@id\":\"https:\/\/kunmedierne.dk\/mors\/forvandlinger-i-den-strikkede-skov\/#article\",\"isPartOf\":{\"@id\":\"https:\/\/kunmedierne.dk\/mors\/forvandlinger-i-den-strikkede-skov\/\"},\"author\":{\"name\":\"Redaktion\",\"@id\":\"https:\/\/kunmedierne.dk\/mors\/#\/schema\/person\/23238f24c03ec888fff51102de5a585f\"},\"headline\":\"Forvandlinger i den strikkede skov\",\"datePublished\":\"2021-08-13T17:07:48+00:00\",\"dateModified\":\"2024-08-07T12:45:22+00:00\",\"mainEntityOfPage\":{\"@id\":\"https:\/\/kunmedierne.dk\/mors\/forvandlinger-i-den-strikkede-skov\/\"},\"wordCount\":433,\"commentCount\":0,\"publisher\":{\"@id\":\"https:\/\/kunmedierne.dk\/mors\/#organization\"},\"image\":{\"@id\":\"https:\/\/kunmedierne.dk\/mors\/forvandlinger-i-den-strikkede-skov\/#primaryimage\"},\"thumbnailUrl\":\"https:\/\/kunmedierne.dk\/mors\/wp-content\/uploads\/2021\/08\/Boern-kigger-paa-Stisa-og-Asger-Foto-Jamal-Mekdad-1.jpg\",\"keywords\":[\"Kulturm\u00f8det\"],\"articleSection\":[\"Kultur\"],\"inLanguage\":\"da-DK\",\"potentialAction\":[{\"@type\":\"CommentAction\",\"name\":\"Comment\",\"target\":[\"https:\/\/kunmedierne.dk\/mors\/forvandlinger-i-den-strikkede-skov\/#respond\"]}]},{\"@type\":\"WebPage\",\"@id\":\"https:\/\/kunmedierne.dk\/mors\/forvandlinger-i-den-strikkede-skov\/\",\"url\":\"https:\/\/kunmedierne.dk\/mors\/forvandlinger-i-den-strikkede-skov\/\",\"name\":\"Forvandlinger i den strikkede skov - Mors\",\"isPartOf\":{\"@id\":\"https:\/\/kunmedierne.dk\/mors\/#website\"},\"primaryImageOfPage\":{\"@id\":\"https:\/\/kunmedierne.dk\/mors\/forvandlinger-i-den-strikkede-skov\/#primaryimage\"},\"image\":{\"@id\":\"https:\/\/kunmedierne.dk\/mors\/forvandlinger-i-den-strikkede-skov\/#primaryimage\"},\"thumbnailUrl\":\"https:\/\/kunmedierne.dk\/mors\/wp-content\/uploads\/2021\/08\/Boern-kigger-paa-Stisa-og-Asger-Foto-Jamal-Mekdad-1.jpg\",\"datePublished\":\"2021-08-13T17:07:48+00:00\",\"dateModified\":\"2024-08-07T12:45:22+00:00\",\"breadcrumb\":{\"@id\":\"https:\/\/kunmedierne.dk\/mors\/forvandlinger-i-den-strikkede-skov\/#breadcrumb\"},\"inLanguage\":\"da-DK\",\"potentialAction\":[{\"@type\":\"ReadAction\",\"target\":[\"https:\/\/kunmedierne.dk\/mors\/forvandlinger-i-den-strikkede-skov\/\"]}]},{\"@type\":\"ImageObject\",\"inLanguage\":\"da-DK\",\"@id\":\"https:\/\/kunmedierne.dk\/mors\/forvandlinger-i-den-strikkede-skov\/#primaryimage\",\"url\":\"https:\/\/kunmedierne.dk\/mors\/wp-content\/uploads\/2021\/08\/Boern-kigger-paa-Stisa-og-Asger-Foto-Jamal-Mekdad-1.jpg\",\"contentUrl\":\"https:\/\/kunmedierne.dk\/mors\/wp-content\/uploads\/2021\/08\/Boern-kigger-paa-Stisa-og-Asger-Foto-Jamal-Mekdad-1.jpg\",\"width\":770,\"height\":513,\"caption\":\"B\u00f8rn kigger p\u00e5 Stisa og Asger. Foto: Jamal Mekdad\/Limfjordsteatret.\"},{\"@type\":\"BreadcrumbList\",\"@id\":\"https:\/\/kunmedierne.dk\/mors\/forvandlinger-i-den-strikkede-skov\/#breadcrumb\",\"itemListElement\":[{\"@type\":\"ListItem\",\"position\":1,\"name\":\"Hjem\",\"item\":\"https:\/\/kunmedierne.dk\/mors\/\"},{\"@type\":\"ListItem\",\"position\":2,\"name\":\"Forvandlinger i den strikkede skov\"}]},{\"@type\":\"WebSite\",\"@id\":\"https:\/\/kunmedierne.dk\/mors\/#website\",\"url\":\"https:\/\/kunmedierne.dk\/mors\/\",\"name\":\"Mors\",\"description\":\"et netmedie med journalistik om livet p\u00e5 Mors\",\"publisher\":{\"@id\":\"https:\/\/kunmedierne.dk\/mors\/#organization\"},\"potentialAction\":[{\"@type\":\"SearchAction\",\"target\":{\"@type\":\"EntryPoint\",\"urlTemplate\":\"https:\/\/kunmedierne.dk\/mors\/?s={search_term_string}\"},\"query-input\":{\"@type\":\"PropertyValueSpecification\",\"valueRequired\":true,\"valueName\":\"search_term_string\"}}],\"inLanguage\":\"da-DK\"},{\"@type\":\"Organization\",\"@id\":\"https:\/\/kunmedierne.dk\/mors\/#organization\",\"name\":\"Mors\",\"url\":\"https:\/\/kunmedierne.dk\/mors\/\",\"logo\":{\"@type\":\"ImageObject\",\"inLanguage\":\"da-DK\",\"@id\":\"https:\/\/kunmedierne.dk\/mors\/#\/schema\/logo\/image\/\",\"url\":\"https:\/\/kunmedierne.dk\/mors\/wp-content\/uploads\/2024\/08\/kunmors-logo.svg\",\"contentUrl\":\"https:\/\/kunmedierne.dk\/mors\/wp-content\/uploads\/2024\/08\/kunmors-logo.svg\",\"caption\":\"Mors\"},\"image\":{\"@id\":\"https:\/\/kunmedierne.dk\/mors\/#\/schema\/logo\/image\/\"}},{\"@type\":\"Person\",\"@id\":\"https:\/\/kunmedierne.dk\/mors\/#\/schema\/person\/23238f24c03ec888fff51102de5a585f\",\"name\":\"Redaktion\",\"image\":{\"@type\":\"ImageObject\",\"inLanguage\":\"da-DK\",\"@id\":\"https:\/\/kunmedierne.dk\/mors\/#\/schema\/person\/image\/\",\"url\":\"https:\/\/secure.gravatar.com\/avatar\/690249c43fd60787b97b93384a212aafd43f4087384fe866ff6bcd15574fdf55?s=96&d=mm&r=g\",\"contentUrl\":\"https:\/\/secure.gravatar.com\/avatar\/690249c43fd60787b97b93384a212aafd43f4087384fe866ff6bcd15574fdf55?s=96&d=mm&r=g\",\"caption\":\"Redaktion\"},\"url\":\"https:\/\/kunmedierne.dk\/mors\/author\/redaktion\/\"}]}<\/script>\n<!-- \/ Yoast SEO plugin. -->","yoast_head_json":{"title":"Forvandlinger i den strikkede skov - Mors","robots":{"index":"index","follow":"follow","max-snippet":"max-snippet:-1","max-image-preview":"max-image-preview:large","max-video-preview":"max-video-preview:-1"},"canonical":"https:\/\/kunmedierne.dk\/mors\/forvandlinger-i-den-strikkede-skov\/","og_locale":"da_DK","og_type":"article","og_title":"Forvandlinger i den strikkede skov - Mors","og_description":"NYK\u00d8BING: Limfjordsteatret sl\u00e5r d\u00f8rene op til det helt s\u00e6rlige skovunivers, som omkring 100 frivillige har v\u00e6ret med til strikke, h\u00e6kle, sy og brodere, og som udg\u00f8r scenografien til sm\u00e5b\u00f8rnsforestillingen &#8216;Forvandling&#8217;. Under kulturm\u00f8det rykker forskellige sm\u00e5 arrangementer ind i den tekstile skov, som teatrets syerske og scenograf Lene Bek Nielsen har v\u00e6ret primus motor for. Det [&hellip;]","og_url":"https:\/\/kunmedierne.dk\/mors\/forvandlinger-i-den-strikkede-skov\/","og_site_name":"Mors","article_published_time":"2021-08-13T17:07:48+00:00","article_modified_time":"2024-08-07T12:45:22+00:00","og_image":[{"width":770,"height":513,"url":"https:\/\/kunmedierne.dk\/mors\/wp-content\/uploads\/2021\/08\/Boern-kigger-paa-Stisa-og-Asger-Foto-Jamal-Mekdad-1.jpg","type":"image\/jpeg"}],"author":"Redaktion","twitter_card":"summary_large_image","twitter_misc":{"Skrevet af":"Redaktion","Estimeret l\u00e6setid":"3 minutter"},"schema":{"@context":"https:\/\/schema.org","@graph":[{"@type":"Article","@id":"https:\/\/kunmedierne.dk\/mors\/forvandlinger-i-den-strikkede-skov\/#article","isPartOf":{"@id":"https:\/\/kunmedierne.dk\/mors\/forvandlinger-i-den-strikkede-skov\/"},"author":{"name":"Redaktion","@id":"https:\/\/kunmedierne.dk\/mors\/#\/schema\/person\/23238f24c03ec888fff51102de5a585f"},"headline":"Forvandlinger i den strikkede skov","datePublished":"2021-08-13T17:07:48+00:00","dateModified":"2024-08-07T12:45:22+00:00","mainEntityOfPage":{"@id":"https:\/\/kunmedierne.dk\/mors\/forvandlinger-i-den-strikkede-skov\/"},"wordCount":433,"commentCount":0,"publisher":{"@id":"https:\/\/kunmedierne.dk\/mors\/#organization"},"image":{"@id":"https:\/\/kunmedierne.dk\/mors\/forvandlinger-i-den-strikkede-skov\/#primaryimage"},"thumbnailUrl":"https:\/\/kunmedierne.dk\/mors\/wp-content\/uploads\/2021\/08\/Boern-kigger-paa-Stisa-og-Asger-Foto-Jamal-Mekdad-1.jpg","keywords":["Kulturm\u00f8det"],"articleSection":["Kultur"],"inLanguage":"da-DK","potentialAction":[{"@type":"CommentAction","name":"Comment","target":["https:\/\/kunmedierne.dk\/mors\/forvandlinger-i-den-strikkede-skov\/#respond"]}]},{"@type":"WebPage","@id":"https:\/\/kunmedierne.dk\/mors\/forvandlinger-i-den-strikkede-skov\/","url":"https:\/\/kunmedierne.dk\/mors\/forvandlinger-i-den-strikkede-skov\/","name":"Forvandlinger i den strikkede skov - Mors","isPartOf":{"@id":"https:\/\/kunmedierne.dk\/mors\/#website"},"primaryImageOfPage":{"@id":"https:\/\/kunmedierne.dk\/mors\/forvandlinger-i-den-strikkede-skov\/#primaryimage"},"image":{"@id":"https:\/\/kunmedierne.dk\/mors\/forvandlinger-i-den-strikkede-skov\/#primaryimage"},"thumbnailUrl":"https:\/\/kunmedierne.dk\/mors\/wp-content\/uploads\/2021\/08\/Boern-kigger-paa-Stisa-og-Asger-Foto-Jamal-Mekdad-1.jpg","datePublished":"2021-08-13T17:07:48+00:00","dateModified":"2024-08-07T12:45:22+00:00","breadcrumb":{"@id":"https:\/\/kunmedierne.dk\/mors\/forvandlinger-i-den-strikkede-skov\/#breadcrumb"},"inLanguage":"da-DK","potentialAction":[{"@type":"ReadAction","target":["https:\/\/kunmedierne.dk\/mors\/forvandlinger-i-den-strikkede-skov\/"]}]},{"@type":"ImageObject","inLanguage":"da-DK","@id":"https:\/\/kunmedierne.dk\/mors\/forvandlinger-i-den-strikkede-skov\/#primaryimage","url":"https:\/\/kunmedierne.dk\/mors\/wp-content\/uploads\/2021\/08\/Boern-kigger-paa-Stisa-og-Asger-Foto-Jamal-Mekdad-1.jpg","contentUrl":"https:\/\/kunmedierne.dk\/mors\/wp-content\/uploads\/2021\/08\/Boern-kigger-paa-Stisa-og-Asger-Foto-Jamal-Mekdad-1.jpg","width":770,"height":513,"caption":"B\u00f8rn kigger p\u00e5 Stisa og Asger. Foto: Jamal Mekdad\/Limfjordsteatret."},{"@type":"BreadcrumbList","@id":"https:\/\/kunmedierne.dk\/mors\/forvandlinger-i-den-strikkede-skov\/#breadcrumb","itemListElement":[{"@type":"ListItem","position":1,"name":"Hjem","item":"https:\/\/kunmedierne.dk\/mors\/"},{"@type":"ListItem","position":2,"name":"Forvandlinger i den strikkede skov"}]},{"@type":"WebSite","@id":"https:\/\/kunmedierne.dk\/mors\/#website","url":"https:\/\/kunmedierne.dk\/mors\/","name":"Mors","description":"et netmedie med journalistik om livet p\u00e5 Mors","publisher":{"@id":"https:\/\/kunmedierne.dk\/mors\/#organization"},"potentialAction":[{"@type":"SearchAction","target":{"@type":"EntryPoint","urlTemplate":"https:\/\/kunmedierne.dk\/mors\/?s={search_term_string}"},"query-input":{"@type":"PropertyValueSpecification","valueRequired":true,"valueName":"search_term_string"}}],"inLanguage":"da-DK"},{"@type":"Organization","@id":"https:\/\/kunmedierne.dk\/mors\/#organization","name":"Mors","url":"https:\/\/kunmedierne.dk\/mors\/","logo":{"@type":"ImageObject","inLanguage":"da-DK","@id":"https:\/\/kunmedierne.dk\/mors\/#\/schema\/logo\/image\/","url":"https:\/\/kunmedierne.dk\/mors\/wp-content\/uploads\/2024\/08\/kunmors-logo.svg","contentUrl":"https:\/\/kunmedierne.dk\/mors\/wp-content\/uploads\/2024\/08\/kunmors-logo.svg","caption":"Mors"},"image":{"@id":"https:\/\/kunmedierne.dk\/mors\/#\/schema\/logo\/image\/"}},{"@type":"Person","@id":"https:\/\/kunmedierne.dk\/mors\/#\/schema\/person\/23238f24c03ec888fff51102de5a585f","name":"Redaktion","image":{"@type":"ImageObject","inLanguage":"da-DK","@id":"https:\/\/kunmedierne.dk\/mors\/#\/schema\/person\/image\/","url":"https:\/\/secure.gravatar.com\/avatar\/690249c43fd60787b97b93384a212aafd43f4087384fe866ff6bcd15574fdf55?s=96&d=mm&r=g","contentUrl":"https:\/\/secure.gravatar.com\/avatar\/690249c43fd60787b97b93384a212aafd43f4087384fe866ff6bcd15574fdf55?s=96&d=mm&r=g","caption":"Redaktion"},"url":"https:\/\/kunmedierne.dk\/mors\/author\/redaktion\/"}]}},"_links":{"self":[{"href":"https:\/\/kunmedierne.dk\/mors\/wp-json\/wp\/v2\/posts\/50202","targetHints":{"allow":["GET"]}}],"collection":[{"href":"https:\/\/kunmedierne.dk\/mors\/wp-json\/wp\/v2\/posts"}],"about":[{"href":"https:\/\/kunmedierne.dk\/mors\/wp-json\/wp\/v2\/types\/post"}],"author":[{"embeddable":true,"href":"https:\/\/kunmedierne.dk\/mors\/wp-json\/wp\/v2\/users\/747"}],"replies":[{"embeddable":true,"href":"https:\/\/kunmedierne.dk\/mors\/wp-json\/wp\/v2\/comments?post=50202"}],"version-history":[{"count":3,"href":"https:\/\/kunmedierne.dk\/mors\/wp-json\/wp\/v2\/posts\/50202\/revisions"}],"predecessor-version":[{"id":50472,"href":"https:\/\/kunmedierne.dk\/mors\/wp-json\/wp\/v2\/posts\/50202\/revisions\/50472"}],"wp:featuredmedia":[{"embeddable":true,"href":"https:\/\/kunmedierne.dk\/mors\/wp-json\/wp\/v2\/media\/50205"}],"wp:attachment":[{"href":"https:\/\/kunmedierne.dk\/mors\/wp-json\/wp\/v2\/media?parent=50202"}],"wp:term":[{"taxonomy":"category","embeddable":true,"href":"https:\/\/kunmedierne.dk\/mors\/wp-json\/wp\/v2\/categories?post=50202"},{"taxonomy":"post_tag","embeddable":true,"href":"https:\/\/kunmedierne.dk\/mors\/wp-json\/wp\/v2\/tags?post=50202"}],"curies":[{"name":"wp","href":"https:\/\/api.w.org\/{rel}","templated":true}]}}