{"id":50097,"date":"2021-08-12T11:32:21","date_gmt":"2021-08-12T09:32:21","guid":{"rendered":"https:\/\/kunmedierne.dk\/mors\/?p=50097"},"modified":"2024-08-07T14:45:22","modified_gmt":"2024-08-07T12:45:22","slug":"en-uge-foer-starten-kulturmoedet-mors-aabner-for-flere-billetter","status":"publish","type":"post","link":"https:\/\/kunmedierne.dk\/mors\/en-uge-foer-starten-kulturmoedet-mors-aabner-for-flere-billetter\/","title":{"rendered":"En uge f\u00f8r starten: Kulturm\u00f8det Mors \u00e5bner for flere billetter"},"content":{"rendered":"<p><strong>MORS<\/strong>: Fik du ikke billet til Kammerballetten med de kongelige balletdansere, kirkekoncerten med Oh Land eller salonen med forfatteren Leonora Christina Skov, f\u00e5r du muligheden igen om meget kort tid.<\/p>\n<p>For klokken 13 i dag \u00e5bner Kulturm\u00f8det Mors for ekstra billetter til b\u00e5de de udsolgte programpunkter og andre tilbud i \u00e5rets kulturm\u00f8de. Det sker efter onsdag aftens lempelse af coronarestriktioner, der tillader flere publikummer til blandt andet den slags arrangementer.<\/p>\n<p>&#8220;Det er klart, at der ikke er s\u00e5 lang tid til Kulturm\u00f8det, s\u00e5 nu m\u00e5 vi se, hvor meget vi kan n\u00e5 at f\u00e5 gang i et nyt ryk af billetsalg. Men det er positivt, og vi er s\u00e5 glade for at kunne give endnu flere mulighed for at komme ind til vores arrangementer,&#8221; siger Trine Bang, direkt\u00f8r for Kulturm\u00f8det Mors. <a href=\"https:\/\/www.sparv.dk\/\"><img loading=\"lazy\" decoding=\"async\" class=\"alignright size-full wp-image-46602\" src=\"https:\/\/kunmedierne.dk\/mors\/wp-content\/uploads\/2021\/06\/t11.jpg\" alt=\"\" width=\"1400\" height=\"125\" srcset=\"https:\/\/kunmedierne.dk\/mors\/wp-content\/uploads\/2021\/06\/t11.jpg 1400w, https:\/\/kunmedierne.dk\/mors\/wp-content\/uploads\/2021\/06\/t11-300x27.jpg 300w, https:\/\/kunmedierne.dk\/mors\/wp-content\/uploads\/2021\/06\/t11-1024x91.jpg 1024w, https:\/\/kunmedierne.dk\/mors\/wp-content\/uploads\/2021\/06\/t11-768x69.jpg 768w, https:\/\/kunmedierne.dk\/mors\/wp-content\/uploads\/2021\/06\/t11-600x54.jpg 600w\" sizes=\"auto, (max-width: 1400px) 100vw, 1400px\" \/><\/a><\/p>\n<p>&#8220;Der er mange af de meget popul\u00e6re arrangementer, der nu bliver \u00e5bnet for flere, men derudover er det ogs\u00e5 vigtigt at fort\u00e6lle, at der er mange andre gode oplevelser tilbage, hvor der stadig er masser af billetter,&#8221; tilf\u00f8jer hun.<\/p>\n<p>Hun opfordrer derfor morsingboer og andre med lyst til at opleve kulturen p\u00e5 Kulturm\u00f8det at lade nysgerrigheden spille med i overvejelserne om, hvad man ske opleve.<\/p>\n<p>&#8220;Vi har kun booket noget, som, vi ved, er fantastiske oplevelser. S\u00e5 selv om man ikke lige kender en forfatter som Tine H\u00f8gh, der spiller litteraturkoncert i biografen om l\u00f8rdagen, er det alts\u00e5 en vidunderlig forfatter &#8211; og det bliver en vidunderlig litteraturkoncert,&#8221; siger Trine Bang.<\/p>\n<p>&nbsp;<\/p>\n<p><strong>Styr p\u00e5 sikkerheden<\/strong><\/p>\n<p>De nye billetter bliver sat til salg fra i dag klokken 13 p\u00e5 <a href=\"https:\/\/www.kulturmoedet.dk\/\" target=\"_blank\" rel=\"noopener\">hjemmesiden for Kulturm\u00f8det Mors<\/a>. Og direkt\u00f8ren understreger, at man roligt kan g\u00f8re det uden frygt for coronasmitte.<\/p>\n<p>&#8220;Vi har styr p\u00e5 sikkerhedsforanstaltningerne, s\u00e5 det skal man slet ikke v\u00e6re bekymret over. N\u00e5r der bliver \u00e5bnet, er det, fordi man kan v\u00e6re tryg,&#8221; siger hun og gl\u00e6der sig over, at det fra p\u00e5 l\u00f8rdag er slut med afstandskrav i kultur- idr\u00e6ts- og foreningslivet.<\/p>\n<p>&#8220;Det er en rigtig gl\u00e6delig nyhed, og vi er rigtig glade for, at Danmark bev\u00e6ger sig i den retning. Og kunsten har jo l\u00e6nge villet spille for s\u00e5 mange publikummer som muligt, og nu er vi der endelig &#8211; s\u00e5 vi er glade,&#8221; siger Trine Bang.<a href=\"https:\/\/thistedkloakservice.dk\/\"><img loading=\"lazy\" decoding=\"async\" class=\"alignright size-full wp-image-46603\" src=\"https:\/\/kunmedierne.dk\/mors\/wp-content\/uploads\/2021\/06\/t12.jpg\" alt=\"\" width=\"1400\" height=\"125\" srcset=\"https:\/\/kunmedierne.dk\/mors\/wp-content\/uploads\/2021\/06\/t12.jpg 1400w, https:\/\/kunmedierne.dk\/mors\/wp-content\/uploads\/2021\/06\/t12-300x27.jpg 300w, https:\/\/kunmedierne.dk\/mors\/wp-content\/uploads\/2021\/06\/t12-1024x91.jpg 1024w, https:\/\/kunmedierne.dk\/mors\/wp-content\/uploads\/2021\/06\/t12-768x69.jpg 768w, https:\/\/kunmedierne.dk\/mors\/wp-content\/uploads\/2021\/06\/t12-600x54.jpg 600w\" sizes=\"auto, (max-width: 1400px) 100vw, 1400px\" \/><\/a><\/p>\n<blockquote>\n<h2>G\u00e5 ikke glip af en artikel p\u00e5 KunMors<\/h2>\n<h4>Tilmeld dig vores nyhedsbrev nederst p\u00e5 siden. S\u00e5 modtager du hver dag en e-mail med direkte links til alle artikler i det seneste d\u00f8gn. P\u00e5 den m\u00e5de f\u00e5r du dit lokale medie p\u00e5 samme m\u00e5de som en lokal avis \u2013 alle ugens dage \u00e5ret rundt.<\/h4>\n<\/blockquote>\n","protected":false},"excerpt":{"rendered":"<p>MORS: Fik du ikke billet til Kammerballetten med de kongelige balletdansere, kirkekoncerten med Oh Land eller salonen med forfatteren Leonora Christina Skov, f\u00e5r du muligheden igen om meget kort tid. For klokken 13 i dag \u00e5bner Kulturm\u00f8det Mors for ekstra billetter til b\u00e5de de udsolgte programpunkter og andre tilbud i \u00e5rets kulturm\u00f8de. Det sker efter [&hellip;]<\/p>\n","protected":false},"author":8,"featured_media":50098,"comment_status":"open","ping_status":"open","sticky":false,"template":"","format":"standard","meta":{"_acf_changed":false,"footnotes":""},"categories":[49],"tags":[162],"class_list":["post-50097","post","type-post","status-publish","format-standard","has-post-thumbnail","hentry","category-kultur","tag-kulturmoedet"],"acf":[],"yoast_head":"<!-- This site is optimized with the Yoast SEO plugin v26.8 - https:\/\/yoast.com\/product\/yoast-seo-wordpress\/ -->\n<title>En uge f\u00f8r starten: Kulturm\u00f8det Mors \u00e5bner for flere billetter - Mors<\/title>\n<meta name=\"robots\" content=\"index, follow, max-snippet:-1, max-image-preview:large, max-video-preview:-1\" \/>\n<link rel=\"canonical\" href=\"https:\/\/kunmedierne.dk\/mors\/en-uge-foer-starten-kulturmoedet-mors-aabner-for-flere-billetter\/\" \/>\n<meta property=\"og:locale\" content=\"da_DK\" \/>\n<meta property=\"og:type\" content=\"article\" \/>\n<meta property=\"og:title\" content=\"En uge f\u00f8r starten: Kulturm\u00f8det Mors \u00e5bner for flere billetter - Mors\" \/>\n<meta property=\"og:description\" content=\"MORS: Fik du ikke billet til Kammerballetten med de kongelige balletdansere, kirkekoncerten med Oh Land eller salonen med forfatteren Leonora Christina Skov, f\u00e5r du muligheden igen om meget kort tid. For klokken 13 i dag \u00e5bner Kulturm\u00f8det Mors for ekstra billetter til b\u00e5de de udsolgte programpunkter og andre tilbud i \u00e5rets kulturm\u00f8de. Det sker efter [&hellip;]\" \/>\n<meta property=\"og:url\" content=\"https:\/\/kunmedierne.dk\/mors\/en-uge-foer-starten-kulturmoedet-mors-aabner-for-flere-billetter\/\" \/>\n<meta property=\"og:site_name\" content=\"Mors\" \/>\n<meta property=\"article:published_time\" content=\"2021-08-12T09:32:21+00:00\" \/>\n<meta property=\"article:modified_time\" content=\"2024-08-07T12:45:22+00:00\" \/>\n<meta property=\"og:image\" content=\"https:\/\/kunmedierne.dk\/mors\/wp-content\/uploads\/2021\/08\/49501212956_ed6f0f0ecf_k.jpg\" \/>\n\t<meta property=\"og:image:width\" content=\"770\" \/>\n\t<meta property=\"og:image:height\" content=\"514\" \/>\n\t<meta property=\"og:image:type\" content=\"image\/jpeg\" \/>\n<meta name=\"author\" content=\"David H\u00f8jmark\" \/>\n<meta name=\"twitter:card\" content=\"summary_large_image\" \/>\n<meta name=\"twitter:label1\" content=\"Skrevet af\" \/>\n\t<meta name=\"twitter:data1\" content=\"David H\u00f8jmark\" \/>\n\t<meta name=\"twitter:label2\" content=\"Estimeret l\u00e6setid\" \/>\n\t<meta name=\"twitter:data2\" content=\"3 minutter\" \/>\n<script type=\"application\/ld+json\" class=\"yoast-schema-graph\">{\"@context\":\"https:\/\/schema.org\",\"@graph\":[{\"@type\":\"Article\",\"@id\":\"https:\/\/kunmedierne.dk\/mors\/en-uge-foer-starten-kulturmoedet-mors-aabner-for-flere-billetter\/#article\",\"isPartOf\":{\"@id\":\"https:\/\/kunmedierne.dk\/mors\/en-uge-foer-starten-kulturmoedet-mors-aabner-for-flere-billetter\/\"},\"author\":{\"name\":\"David H\u00f8jmark\",\"@id\":\"https:\/\/kunmedierne.dk\/mors\/#\/schema\/person\/5fe23251bf1d0abbcdc6f7896579d548\"},\"headline\":\"En uge f\u00f8r starten: Kulturm\u00f8det Mors \u00e5bner for flere billetter\",\"datePublished\":\"2021-08-12T09:32:21+00:00\",\"dateModified\":\"2024-08-07T12:45:22+00:00\",\"mainEntityOfPage\":{\"@id\":\"https:\/\/kunmedierne.dk\/mors\/en-uge-foer-starten-kulturmoedet-mors-aabner-for-flere-billetter\/\"},\"wordCount\":458,\"commentCount\":0,\"publisher\":{\"@id\":\"https:\/\/kunmedierne.dk\/mors\/#organization\"},\"image\":{\"@id\":\"https:\/\/kunmedierne.dk\/mors\/en-uge-foer-starten-kulturmoedet-mors-aabner-for-flere-billetter\/#primaryimage\"},\"thumbnailUrl\":\"https:\/\/kunmedierne.dk\/mors\/wp-content\/uploads\/2021\/08\/49501212956_ed6f0f0ecf_k.jpg\",\"keywords\":[\"Kulturm\u00f8det\"],\"articleSection\":[\"Kultur\"],\"inLanguage\":\"da-DK\",\"potentialAction\":[{\"@type\":\"CommentAction\",\"name\":\"Comment\",\"target\":[\"https:\/\/kunmedierne.dk\/mors\/en-uge-foer-starten-kulturmoedet-mors-aabner-for-flere-billetter\/#respond\"]}]},{\"@type\":\"WebPage\",\"@id\":\"https:\/\/kunmedierne.dk\/mors\/en-uge-foer-starten-kulturmoedet-mors-aabner-for-flere-billetter\/\",\"url\":\"https:\/\/kunmedierne.dk\/mors\/en-uge-foer-starten-kulturmoedet-mors-aabner-for-flere-billetter\/\",\"name\":\"En uge f\u00f8r starten: Kulturm\u00f8det Mors \u00e5bner for flere billetter - Mors\",\"isPartOf\":{\"@id\":\"https:\/\/kunmedierne.dk\/mors\/#website\"},\"primaryImageOfPage\":{\"@id\":\"https:\/\/kunmedierne.dk\/mors\/en-uge-foer-starten-kulturmoedet-mors-aabner-for-flere-billetter\/#primaryimage\"},\"image\":{\"@id\":\"https:\/\/kunmedierne.dk\/mors\/en-uge-foer-starten-kulturmoedet-mors-aabner-for-flere-billetter\/#primaryimage\"},\"thumbnailUrl\":\"https:\/\/kunmedierne.dk\/mors\/wp-content\/uploads\/2021\/08\/49501212956_ed6f0f0ecf_k.jpg\",\"datePublished\":\"2021-08-12T09:32:21+00:00\",\"dateModified\":\"2024-08-07T12:45:22+00:00\",\"breadcrumb\":{\"@id\":\"https:\/\/kunmedierne.dk\/mors\/en-uge-foer-starten-kulturmoedet-mors-aabner-for-flere-billetter\/#breadcrumb\"},\"inLanguage\":\"da-DK\",\"potentialAction\":[{\"@type\":\"ReadAction\",\"target\":[\"https:\/\/kunmedierne.dk\/mors\/en-uge-foer-starten-kulturmoedet-mors-aabner-for-flere-billetter\/\"]}]},{\"@type\":\"ImageObject\",\"inLanguage\":\"da-DK\",\"@id\":\"https:\/\/kunmedierne.dk\/mors\/en-uge-foer-starten-kulturmoedet-mors-aabner-for-flere-billetter\/#primaryimage\",\"url\":\"https:\/\/kunmedierne.dk\/mors\/wp-content\/uploads\/2021\/08\/49501212956_ed6f0f0ecf_k.jpg\",\"contentUrl\":\"https:\/\/kunmedierne.dk\/mors\/wp-content\/uploads\/2021\/08\/49501212956_ed6f0f0ecf_k.jpg\",\"width\":770,\"height\":514,\"caption\":\"Fra Kulturm\u00f8det Mors 2019. Foto: Per Bille.\"},{\"@type\":\"BreadcrumbList\",\"@id\":\"https:\/\/kunmedierne.dk\/mors\/en-uge-foer-starten-kulturmoedet-mors-aabner-for-flere-billetter\/#breadcrumb\",\"itemListElement\":[{\"@type\":\"ListItem\",\"position\":1,\"name\":\"Hjem\",\"item\":\"https:\/\/kunmedierne.dk\/mors\/\"},{\"@type\":\"ListItem\",\"position\":2,\"name\":\"En uge f\u00f8r starten: Kulturm\u00f8det Mors \u00e5bner for flere billetter\"}]},{\"@type\":\"WebSite\",\"@id\":\"https:\/\/kunmedierne.dk\/mors\/#website\",\"url\":\"https:\/\/kunmedierne.dk\/mors\/\",\"name\":\"Mors\",\"description\":\"et netmedie med journalistik om livet p\u00e5 Mors\",\"publisher\":{\"@id\":\"https:\/\/kunmedierne.dk\/mors\/#organization\"},\"potentialAction\":[{\"@type\":\"SearchAction\",\"target\":{\"@type\":\"EntryPoint\",\"urlTemplate\":\"https:\/\/kunmedierne.dk\/mors\/?s={search_term_string}\"},\"query-input\":{\"@type\":\"PropertyValueSpecification\",\"valueRequired\":true,\"valueName\":\"search_term_string\"}}],\"inLanguage\":\"da-DK\"},{\"@type\":\"Organization\",\"@id\":\"https:\/\/kunmedierne.dk\/mors\/#organization\",\"name\":\"Mors\",\"url\":\"https:\/\/kunmedierne.dk\/mors\/\",\"logo\":{\"@type\":\"ImageObject\",\"inLanguage\":\"da-DK\",\"@id\":\"https:\/\/kunmedierne.dk\/mors\/#\/schema\/logo\/image\/\",\"url\":\"https:\/\/kunmedierne.dk\/mors\/wp-content\/uploads\/2024\/08\/kunmors-logo.svg\",\"contentUrl\":\"https:\/\/kunmedierne.dk\/mors\/wp-content\/uploads\/2024\/08\/kunmors-logo.svg\",\"caption\":\"Mors\"},\"image\":{\"@id\":\"https:\/\/kunmedierne.dk\/mors\/#\/schema\/logo\/image\/\"}},{\"@type\":\"Person\",\"@id\":\"https:\/\/kunmedierne.dk\/mors\/#\/schema\/person\/5fe23251bf1d0abbcdc6f7896579d548\",\"name\":\"David H\u00f8jmark\",\"image\":{\"@type\":\"ImageObject\",\"inLanguage\":\"da-DK\",\"@id\":\"https:\/\/kunmedierne.dk\/mors\/#\/schema\/person\/image\/\",\"url\":\"https:\/\/secure.gravatar.com\/avatar\/4315d6fb9ef244d729989f5f90268eb08d5bf8a3d84402f595fa194bb35784fd?s=96&d=mm&r=g\",\"contentUrl\":\"https:\/\/secure.gravatar.com\/avatar\/4315d6fb9ef244d729989f5f90268eb08d5bf8a3d84402f595fa194bb35784fd?s=96&d=mm&r=g\",\"caption\":\"David H\u00f8jmark\"},\"sameAs\":[\"https:\/\/www.kunmedierne.dk\"],\"url\":\"https:\/\/kunmedierne.dk\/mors\/author\/david\/\"}]}<\/script>\n<!-- \/ Yoast SEO plugin. -->","yoast_head_json":{"title":"En uge f\u00f8r starten: Kulturm\u00f8det Mors \u00e5bner for flere billetter - Mors","robots":{"index":"index","follow":"follow","max-snippet":"max-snippet:-1","max-image-preview":"max-image-preview:large","max-video-preview":"max-video-preview:-1"},"canonical":"https:\/\/kunmedierne.dk\/mors\/en-uge-foer-starten-kulturmoedet-mors-aabner-for-flere-billetter\/","og_locale":"da_DK","og_type":"article","og_title":"En uge f\u00f8r starten: Kulturm\u00f8det Mors \u00e5bner for flere billetter - Mors","og_description":"MORS: Fik du ikke billet til Kammerballetten med de kongelige balletdansere, kirkekoncerten med Oh Land eller salonen med forfatteren Leonora Christina Skov, f\u00e5r du muligheden igen om meget kort tid. For klokken 13 i dag \u00e5bner Kulturm\u00f8det Mors for ekstra billetter til b\u00e5de de udsolgte programpunkter og andre tilbud i \u00e5rets kulturm\u00f8de. Det sker efter [&hellip;]","og_url":"https:\/\/kunmedierne.dk\/mors\/en-uge-foer-starten-kulturmoedet-mors-aabner-for-flere-billetter\/","og_site_name":"Mors","article_published_time":"2021-08-12T09:32:21+00:00","article_modified_time":"2024-08-07T12:45:22+00:00","og_image":[{"width":770,"height":514,"url":"https:\/\/kunmedierne.dk\/mors\/wp-content\/uploads\/2021\/08\/49501212956_ed6f0f0ecf_k.jpg","type":"image\/jpeg"}],"author":"David H\u00f8jmark","twitter_card":"summary_large_image","twitter_misc":{"Skrevet af":"David H\u00f8jmark","Estimeret l\u00e6setid":"3 minutter"},"schema":{"@context":"https:\/\/schema.org","@graph":[{"@type":"Article","@id":"https:\/\/kunmedierne.dk\/mors\/en-uge-foer-starten-kulturmoedet-mors-aabner-for-flere-billetter\/#article","isPartOf":{"@id":"https:\/\/kunmedierne.dk\/mors\/en-uge-foer-starten-kulturmoedet-mors-aabner-for-flere-billetter\/"},"author":{"name":"David H\u00f8jmark","@id":"https:\/\/kunmedierne.dk\/mors\/#\/schema\/person\/5fe23251bf1d0abbcdc6f7896579d548"},"headline":"En uge f\u00f8r starten: Kulturm\u00f8det Mors \u00e5bner for flere billetter","datePublished":"2021-08-12T09:32:21+00:00","dateModified":"2024-08-07T12:45:22+00:00","mainEntityOfPage":{"@id":"https:\/\/kunmedierne.dk\/mors\/en-uge-foer-starten-kulturmoedet-mors-aabner-for-flere-billetter\/"},"wordCount":458,"commentCount":0,"publisher":{"@id":"https:\/\/kunmedierne.dk\/mors\/#organization"},"image":{"@id":"https:\/\/kunmedierne.dk\/mors\/en-uge-foer-starten-kulturmoedet-mors-aabner-for-flere-billetter\/#primaryimage"},"thumbnailUrl":"https:\/\/kunmedierne.dk\/mors\/wp-content\/uploads\/2021\/08\/49501212956_ed6f0f0ecf_k.jpg","keywords":["Kulturm\u00f8det"],"articleSection":["Kultur"],"inLanguage":"da-DK","potentialAction":[{"@type":"CommentAction","name":"Comment","target":["https:\/\/kunmedierne.dk\/mors\/en-uge-foer-starten-kulturmoedet-mors-aabner-for-flere-billetter\/#respond"]}]},{"@type":"WebPage","@id":"https:\/\/kunmedierne.dk\/mors\/en-uge-foer-starten-kulturmoedet-mors-aabner-for-flere-billetter\/","url":"https:\/\/kunmedierne.dk\/mors\/en-uge-foer-starten-kulturmoedet-mors-aabner-for-flere-billetter\/","name":"En uge f\u00f8r starten: Kulturm\u00f8det Mors \u00e5bner for flere billetter - Mors","isPartOf":{"@id":"https:\/\/kunmedierne.dk\/mors\/#website"},"primaryImageOfPage":{"@id":"https:\/\/kunmedierne.dk\/mors\/en-uge-foer-starten-kulturmoedet-mors-aabner-for-flere-billetter\/#primaryimage"},"image":{"@id":"https:\/\/kunmedierne.dk\/mors\/en-uge-foer-starten-kulturmoedet-mors-aabner-for-flere-billetter\/#primaryimage"},"thumbnailUrl":"https:\/\/kunmedierne.dk\/mors\/wp-content\/uploads\/2021\/08\/49501212956_ed6f0f0ecf_k.jpg","datePublished":"2021-08-12T09:32:21+00:00","dateModified":"2024-08-07T12:45:22+00:00","breadcrumb":{"@id":"https:\/\/kunmedierne.dk\/mors\/en-uge-foer-starten-kulturmoedet-mors-aabner-for-flere-billetter\/#breadcrumb"},"inLanguage":"da-DK","potentialAction":[{"@type":"ReadAction","target":["https:\/\/kunmedierne.dk\/mors\/en-uge-foer-starten-kulturmoedet-mors-aabner-for-flere-billetter\/"]}]},{"@type":"ImageObject","inLanguage":"da-DK","@id":"https:\/\/kunmedierne.dk\/mors\/en-uge-foer-starten-kulturmoedet-mors-aabner-for-flere-billetter\/#primaryimage","url":"https:\/\/kunmedierne.dk\/mors\/wp-content\/uploads\/2021\/08\/49501212956_ed6f0f0ecf_k.jpg","contentUrl":"https:\/\/kunmedierne.dk\/mors\/wp-content\/uploads\/2021\/08\/49501212956_ed6f0f0ecf_k.jpg","width":770,"height":514,"caption":"Fra Kulturm\u00f8det Mors 2019. Foto: Per Bille."},{"@type":"BreadcrumbList","@id":"https:\/\/kunmedierne.dk\/mors\/en-uge-foer-starten-kulturmoedet-mors-aabner-for-flere-billetter\/#breadcrumb","itemListElement":[{"@type":"ListItem","position":1,"name":"Hjem","item":"https:\/\/kunmedierne.dk\/mors\/"},{"@type":"ListItem","position":2,"name":"En uge f\u00f8r starten: Kulturm\u00f8det Mors \u00e5bner for flere billetter"}]},{"@type":"WebSite","@id":"https:\/\/kunmedierne.dk\/mors\/#website","url":"https:\/\/kunmedierne.dk\/mors\/","name":"Mors","description":"et netmedie med journalistik om livet p\u00e5 Mors","publisher":{"@id":"https:\/\/kunmedierne.dk\/mors\/#organization"},"potentialAction":[{"@type":"SearchAction","target":{"@type":"EntryPoint","urlTemplate":"https:\/\/kunmedierne.dk\/mors\/?s={search_term_string}"},"query-input":{"@type":"PropertyValueSpecification","valueRequired":true,"valueName":"search_term_string"}}],"inLanguage":"da-DK"},{"@type":"Organization","@id":"https:\/\/kunmedierne.dk\/mors\/#organization","name":"Mors","url":"https:\/\/kunmedierne.dk\/mors\/","logo":{"@type":"ImageObject","inLanguage":"da-DK","@id":"https:\/\/kunmedierne.dk\/mors\/#\/schema\/logo\/image\/","url":"https:\/\/kunmedierne.dk\/mors\/wp-content\/uploads\/2024\/08\/kunmors-logo.svg","contentUrl":"https:\/\/kunmedierne.dk\/mors\/wp-content\/uploads\/2024\/08\/kunmors-logo.svg","caption":"Mors"},"image":{"@id":"https:\/\/kunmedierne.dk\/mors\/#\/schema\/logo\/image\/"}},{"@type":"Person","@id":"https:\/\/kunmedierne.dk\/mors\/#\/schema\/person\/5fe23251bf1d0abbcdc6f7896579d548","name":"David H\u00f8jmark","image":{"@type":"ImageObject","inLanguage":"da-DK","@id":"https:\/\/kunmedierne.dk\/mors\/#\/schema\/person\/image\/","url":"https:\/\/secure.gravatar.com\/avatar\/4315d6fb9ef244d729989f5f90268eb08d5bf8a3d84402f595fa194bb35784fd?s=96&d=mm&r=g","contentUrl":"https:\/\/secure.gravatar.com\/avatar\/4315d6fb9ef244d729989f5f90268eb08d5bf8a3d84402f595fa194bb35784fd?s=96&d=mm&r=g","caption":"David H\u00f8jmark"},"sameAs":["https:\/\/www.kunmedierne.dk"],"url":"https:\/\/kunmedierne.dk\/mors\/author\/david\/"}]}},"_links":{"self":[{"href":"https:\/\/kunmedierne.dk\/mors\/wp-json\/wp\/v2\/posts\/50097","targetHints":{"allow":["GET"]}}],"collection":[{"href":"https:\/\/kunmedierne.dk\/mors\/wp-json\/wp\/v2\/posts"}],"about":[{"href":"https:\/\/kunmedierne.dk\/mors\/wp-json\/wp\/v2\/types\/post"}],"author":[{"embeddable":true,"href":"https:\/\/kunmedierne.dk\/mors\/wp-json\/wp\/v2\/users\/8"}],"replies":[{"embeddable":true,"href":"https:\/\/kunmedierne.dk\/mors\/wp-json\/wp\/v2\/comments?post=50097"}],"version-history":[{"count":2,"href":"https:\/\/kunmedierne.dk\/mors\/wp-json\/wp\/v2\/posts\/50097\/revisions"}],"predecessor-version":[{"id":50100,"href":"https:\/\/kunmedierne.dk\/mors\/wp-json\/wp\/v2\/posts\/50097\/revisions\/50100"}],"wp:featuredmedia":[{"embeddable":true,"href":"https:\/\/kunmedierne.dk\/mors\/wp-json\/wp\/v2\/media\/50098"}],"wp:attachment":[{"href":"https:\/\/kunmedierne.dk\/mors\/wp-json\/wp\/v2\/media?parent=50097"}],"wp:term":[{"taxonomy":"category","embeddable":true,"href":"https:\/\/kunmedierne.dk\/mors\/wp-json\/wp\/v2\/categories?post=50097"},{"taxonomy":"post_tag","embeddable":true,"href":"https:\/\/kunmedierne.dk\/mors\/wp-json\/wp\/v2\/tags?post=50097"}],"curies":[{"name":"wp","href":"https:\/\/api.w.org\/{rel}","templated":true}]}}