{"id":50004,"date":"2021-08-10T19:03:00","date_gmt":"2021-08-10T17:03:00","guid":{"rendered":"https:\/\/kunmedierne.dk\/mors\/?p=50004"},"modified":"2024-08-07T14:45:23","modified_gmt":"2024-08-07T12:45:23","slug":"nu-skal-familier-lave-kunst-sammen","status":"publish","type":"post","link":"https:\/\/kunmedierne.dk\/mors\/nu-skal-familier-lave-kunst-sammen\/","title":{"rendered":"Nu skal familier lave kunst sammen"},"content":{"rendered":"<p><strong>NYK\u00d8BING<\/strong>: Kunst kan om noget binde generationer sammen. Nu vil Mors\u00f8 Kunstforening af 1961 pr\u00f8ve det af i praksis.<\/p>\n<p>Det bliver under Kulturm\u00f8det Mors i dagene 19.-21. august. Da vil den lokale kunstforening tilbyde gratis deltagelse p\u00e5 en workshop med b\u00f8rn og enten for\u00e6ldre eller bedstefor\u00e6ldre som m\u00e5lgruppe &#8211; med nysgerrighed efter kunst og lyst til at opleve, hvordan man laver sin egen.<\/p>\n<p>Workshoppen bliver styret af Emil Kjerrman, der er s\u00f8n af billedhuggerne Tine Hecht-Pedersen og Pontus Kjerrman. <a href=\"https:\/\/morsoe-begravelsesforretning.dk\/\"><img loading=\"lazy\" decoding=\"async\" class=\"alignright size-full wp-image-46598\" src=\"https:\/\/kunmedierne.dk\/mors\/wp-content\/uploads\/2021\/06\/t07.jpg\" alt=\"\" width=\"1425\" height=\"127\" srcset=\"https:\/\/kunmedierne.dk\/mors\/wp-content\/uploads\/2021\/06\/t07.jpg 1425w, https:\/\/kunmedierne.dk\/mors\/wp-content\/uploads\/2021\/06\/t07-300x27.jpg 300w, https:\/\/kunmedierne.dk\/mors\/wp-content\/uploads\/2021\/06\/t07-1024x91.jpg 1024w, https:\/\/kunmedierne.dk\/mors\/wp-content\/uploads\/2021\/06\/t07-768x68.jpg 768w, https:\/\/kunmedierne.dk\/mors\/wp-content\/uploads\/2021\/06\/t07-600x53.jpg 600w\" sizes=\"auto, (max-width: 1425px) 100vw, 1425px\" \/><\/a><\/p>\n<p>Han har erfaring fra tidligere workshops og er i gang med uddannelse p\u00e5 Bergens Kunstakademi, og Niels Otto Degn, formand for Mors\u00f8 Kunstforening af 1961, giver ham dette skudsm\u00e5l:<\/p>\n<p>&#8220;Jeg kender Emil Kjerrman rigtig godt fra tidligere udstillinger med ham og is\u00e6r hans for\u00e6ldre. Han er en meget dedikeret ung mand, der til trolds for, at han kun er omkring 30 \u00e5r, har mange kunstneriske erfaringer og modtaget indtryk udefra, blandt andet fra rejser i Kina.&#8221;<\/p>\n<p>P\u00e5 workshoppen bliver Emil Kjerrman assisteret af Tine Simonsen Antonius, ogs\u00e5 kunststuderende i Bergen.<\/p>\n<p>&#8220;Han har tidligere med moderen lavet forskellige workshops i K\u00f8benhavn-omr\u00e5det, men det er f\u00f8rste gang, at han g\u00f8r det med k\u00e6resten,&#8221; siger Niels Otto Degn.<\/p>\n<p>&nbsp;<\/p>\n<p><strong>Vil samle generationer<\/strong><\/p>\n<p>Han oplyser, at deltagergruppen p\u00e5 den kunstneriske workshop er b\u00f8rn fra otte \u00e5r plus en for\u00e6lder eller bedstefor\u00e6lder &#8211; eller hvordan for\u00e6ldrekonstellationen nu ser ud, men mindst et barn og en voksen uanset generation.<\/p>\n<p>Kunstforeningen har tidligere arrangeret aktiviteter adskilt i aldersgrupper, men i \u00e5r h\u00e5ber man p\u00e5 held med at samle generationerne omkring kunst. <a href=\"https:\/\/thistedkloakservice.dk\/\"><img loading=\"lazy\" decoding=\"async\" class=\"alignright size-full wp-image-46603\" src=\"https:\/\/kunmedierne.dk\/mors\/wp-content\/uploads\/2021\/06\/t12.jpg\" alt=\"\" width=\"1400\" height=\"125\" srcset=\"https:\/\/kunmedierne.dk\/mors\/wp-content\/uploads\/2021\/06\/t12.jpg 1400w, https:\/\/kunmedierne.dk\/mors\/wp-content\/uploads\/2021\/06\/t12-300x27.jpg 300w, https:\/\/kunmedierne.dk\/mors\/wp-content\/uploads\/2021\/06\/t12-1024x91.jpg 1024w, https:\/\/kunmedierne.dk\/mors\/wp-content\/uploads\/2021\/06\/t12-768x69.jpg 768w, https:\/\/kunmedierne.dk\/mors\/wp-content\/uploads\/2021\/06\/t12-600x54.jpg 600w\" sizes=\"auto, (max-width: 1400px) 100vw, 1400px\" \/><\/a><\/p>\n<p>Og man skal ikke holde sig tilbage, fordi man endnu ikke f\u00f8ler sig helt klar til at udstille egne v\u00e6rker.<\/p>\n<p>&#8220;Der kr\u00e6ves ikke bestemte foruds\u00e6tninger for at deltage, kun almindelig interesse parret med nysgerrighed for at pr\u00f8ve at udtrykke sig kunstnerisk sammen med et n\u00e6rt familiemedlem,&#8221; siger Niels Otto Degn, der ogs\u00e5 kommer n\u00e6rmere ind p\u00e5 indholdet under workshoppen:<\/p>\n<p>&#8220;Deltagerne laver parvis dyreskulpturer i gips ved at bygge og forme deres egen skulptur med tr\u00e6grene som skelet og gips som krop. Det bliver personlige skulpturer, som har det udtryk, som deltageren \u00f8nsker. Om figuren ligner noget, eller udtrykker skabernes fantasi, er helt op til deltagerne, men processen, hvor flere generationer laver noget sammen, er meget givende,&#8221; lyder det med tilf\u00f8jelsen, at det kunstneriske resultat kan tages med hjem.<\/p>\n<p>&nbsp;<\/p>\n<p><strong>Gratis til kunstudstilling<\/strong><\/p>\n<p>Mors\u00f8 Kunstforening 1961 har hvert \u00e5r siden det f\u00f8rste kulturm\u00f8de i 2013 bidraget med aktiviteter &#8211; og det kommer man til at g\u00f8re p\u00e5 flere m\u00e5de i \u00e5r.<\/p>\n<p>For udover at tilbyde den gratis workshop \u00e5bner man d\u00f8rene for noget, der er lige p\u00e5 trapperne. Det bliver med gratis adgang under kulturm\u00f8det til udstillingen med den grafiske kunstner Karin Birgitte Lund, der som omtalt p\u00e5 <a href=\"https:\/\/kunmedierne.dk\/mors\/kunstneren-bag-sallingsundbroen-paa-50-kronesedlen-kommer-til-mors\/\" target=\"_blank\" rel=\"noopener\">KunMors i l\u00f8rdags<\/a> blandt meget andet st\u00e5r bag 50 krone-sedlen med Sallingsundbroen som motiv. <a href=\"https:\/\/www.fmspks.dk\/\"><img loading=\"lazy\" decoding=\"async\" class=\"alignright size-full wp-image-46592\" src=\"https:\/\/kunmedierne.dk\/mors\/wp-content\/uploads\/2021\/06\/t01.jpg\" alt=\"\" width=\"1400\" height=\"125\" srcset=\"https:\/\/kunmedierne.dk\/mors\/wp-content\/uploads\/2021\/06\/t01.jpg 1400w, https:\/\/kunmedierne.dk\/mors\/wp-content\/uploads\/2021\/06\/t01-300x27.jpg 300w, https:\/\/kunmedierne.dk\/mors\/wp-content\/uploads\/2021\/06\/t01-1024x91.jpg 1024w, https:\/\/kunmedierne.dk\/mors\/wp-content\/uploads\/2021\/06\/t01-768x69.jpg 768w, https:\/\/kunmedierne.dk\/mors\/wp-content\/uploads\/2021\/06\/t01-600x54.jpg 600w\" sizes=\"auto, (max-width: 1400px) 100vw, 1400px\" \/><\/a><\/p>\n<blockquote>\n<h2>FAKTA<\/h2>\n<h4>Workshoppen foreg\u00e5r i\u00a0Billedskolens lokale placeret i direkte sammenh\u00e6ng med Mors\u00f8 Kunstforenings udstillingslokale.<\/h4>\n<h4>Torsdag 19.08 kl. 15 &#8211; 18<br \/>\nFredag 20.08 kl. 10 &#8211; 13 og 14 &#8211; 17<br \/>\nL\u00f8rdag 21.08. kl. 11- 14<\/h4>\n<h4>Workshoppen fredag formiddag kan evt. gennemf\u00f8res uden b\u00f8rn, der givetvis er i skole, men stadig helst med flere generationer sammen.<\/h4>\n<h4><strong>Deltagelse og materialer er gratis<\/strong>. Principielt \u00f8nskes tilmelding. Der kan dog, s\u00e5fremt der er ledig plads, v\u00e6re mulighed for at m\u00f8de frem og komme med. P\u00e5 hvert hold er der plads til 12-14.<\/h4>\n<h4><strong>Tilmelding:<\/strong> Deltagere optages efter f\u00f8rst til m\u00f8lle princippet til den workshop, der \u00f8nskes. Det kan ske ved henvendelse i kunstudstillingen, Holmen 7C, Nyk\u00f8bing eller ved mail &#8211; info@mk61.dk.<\/h4>\n<\/blockquote>\n<div id=\"attachment_50013\" style=\"width: 780px\" class=\"wp-caption alignright\"><img loading=\"lazy\" decoding=\"async\" aria-describedby=\"caption-attachment-50013\" class=\"size-full wp-image-50013\" src=\"https:\/\/kunmedierne.dk\/mors\/wp-content\/uploads\/2021\/08\/Emil-Kjerrman-og-mor-Tine-Hecht-Pedersen-og-Pontus-K-skulptur.jpg\" alt=\"\" width=\"770\" height=\"652\" srcset=\"https:\/\/kunmedierne.dk\/mors\/wp-content\/uploads\/2021\/08\/Emil-Kjerrman-og-mor-Tine-Hecht-Pedersen-og-Pontus-K-skulptur.jpg 770w, https:\/\/kunmedierne.dk\/mors\/wp-content\/uploads\/2021\/08\/Emil-Kjerrman-og-mor-Tine-Hecht-Pedersen-og-Pontus-K-skulptur-300x254.jpg 300w, https:\/\/kunmedierne.dk\/mors\/wp-content\/uploads\/2021\/08\/Emil-Kjerrman-og-mor-Tine-Hecht-Pedersen-og-Pontus-K-skulptur-768x650.jpg 768w, https:\/\/kunmedierne.dk\/mors\/wp-content\/uploads\/2021\/08\/Emil-Kjerrman-og-mor-Tine-Hecht-Pedersen-og-Pontus-K-skulptur-600x508.jpg 600w\" sizes=\"auto, (max-width: 770px) 100vw, 770px\" \/><p id=\"caption-attachment-50013\" class=\"wp-caption-text\">Emil Kjerrman, her med sin mor Tine Hecht-Pedersen, der ogs\u00e5 er kunstner. Privatfoto.<\/p><\/div>\n","protected":false},"excerpt":{"rendered":"<p>NYK\u00d8BING: Kunst kan om noget binde generationer sammen. Nu vil Mors\u00f8 Kunstforening af 1961 pr\u00f8ve det af i praksis. Det bliver under Kulturm\u00f8det Mors i dagene 19.-21. august. Da vil den lokale kunstforening tilbyde gratis deltagelse p\u00e5 en workshop med b\u00f8rn og enten for\u00e6ldre eller bedstefor\u00e6ldre som m\u00e5lgruppe &#8211; med nysgerrighed efter kunst og lyst [&hellip;]<\/p>\n","protected":false},"author":8,"featured_media":50012,"comment_status":"open","ping_status":"open","sticky":false,"template":"","format":"standard","meta":{"_acf_changed":false,"footnotes":""},"categories":[49],"tags":[162],"class_list":["post-50004","post","type-post","status-publish","format-standard","has-post-thumbnail","hentry","category-kultur","tag-kulturmoedet"],"acf":[],"yoast_head":"<!-- This site is optimized with the Yoast SEO plugin v26.8 - https:\/\/yoast.com\/product\/yoast-seo-wordpress\/ -->\n<title>Nu skal familier lave kunst sammen - Mors<\/title>\n<meta name=\"robots\" content=\"index, follow, max-snippet:-1, max-image-preview:large, max-video-preview:-1\" \/>\n<link rel=\"canonical\" href=\"https:\/\/kunmedierne.dk\/mors\/nu-skal-familier-lave-kunst-sammen\/\" \/>\n<meta property=\"og:locale\" content=\"da_DK\" \/>\n<meta property=\"og:type\" content=\"article\" \/>\n<meta property=\"og:title\" content=\"Nu skal familier lave kunst sammen - Mors\" \/>\n<meta property=\"og:description\" content=\"NYK\u00d8BING: Kunst kan om noget binde generationer sammen. Nu vil Mors\u00f8 Kunstforening af 1961 pr\u00f8ve det af i praksis. Det bliver under Kulturm\u00f8det Mors i dagene 19.-21. august. Da vil den lokale kunstforening tilbyde gratis deltagelse p\u00e5 en workshop med b\u00f8rn og enten for\u00e6ldre eller bedstefor\u00e6ldre som m\u00e5lgruppe &#8211; med nysgerrighed efter kunst og lyst [&hellip;]\" \/>\n<meta property=\"og:url\" content=\"https:\/\/kunmedierne.dk\/mors\/nu-skal-familier-lave-kunst-sammen\/\" \/>\n<meta property=\"og:site_name\" content=\"Mors\" \/>\n<meta property=\"article:published_time\" content=\"2021-08-10T17:03:00+00:00\" \/>\n<meta property=\"article:modified_time\" content=\"2024-08-07T12:45:23+00:00\" \/>\n<meta property=\"og:image\" content=\"https:\/\/kunmedierne.dk\/mors\/wp-content\/uploads\/2021\/08\/Emil-Kjerrman-med-egne-malerier.jpg\" \/>\n\t<meta property=\"og:image:width\" content=\"770\" \/>\n\t<meta property=\"og:image:height\" content=\"513\" \/>\n\t<meta property=\"og:image:type\" content=\"image\/jpeg\" \/>\n<meta name=\"author\" content=\"David H\u00f8jmark\" \/>\n<meta name=\"twitter:card\" content=\"summary_large_image\" \/>\n<meta name=\"twitter:label1\" content=\"Skrevet af\" \/>\n\t<meta name=\"twitter:data1\" content=\"David H\u00f8jmark\" \/>\n\t<meta name=\"twitter:label2\" content=\"Estimeret l\u00e6setid\" \/>\n\t<meta name=\"twitter:data2\" content=\"4 minutter\" \/>\n<script type=\"application\/ld+json\" class=\"yoast-schema-graph\">{\"@context\":\"https:\/\/schema.org\",\"@graph\":[{\"@type\":\"Article\",\"@id\":\"https:\/\/kunmedierne.dk\/mors\/nu-skal-familier-lave-kunst-sammen\/#article\",\"isPartOf\":{\"@id\":\"https:\/\/kunmedierne.dk\/mors\/nu-skal-familier-lave-kunst-sammen\/\"},\"author\":{\"name\":\"David H\u00f8jmark\",\"@id\":\"https:\/\/kunmedierne.dk\/mors\/#\/schema\/person\/5fe23251bf1d0abbcdc6f7896579d548\"},\"headline\":\"Nu skal familier lave kunst sammen\",\"datePublished\":\"2021-08-10T17:03:00+00:00\",\"dateModified\":\"2024-08-07T12:45:23+00:00\",\"mainEntityOfPage\":{\"@id\":\"https:\/\/kunmedierne.dk\/mors\/nu-skal-familier-lave-kunst-sammen\/\"},\"wordCount\":641,\"commentCount\":0,\"publisher\":{\"@id\":\"https:\/\/kunmedierne.dk\/mors\/#organization\"},\"image\":{\"@id\":\"https:\/\/kunmedierne.dk\/mors\/nu-skal-familier-lave-kunst-sammen\/#primaryimage\"},\"thumbnailUrl\":\"https:\/\/kunmedierne.dk\/mors\/wp-content\/uploads\/2021\/08\/Emil-Kjerrman-med-egne-malerier.jpg\",\"keywords\":[\"Kulturm\u00f8det\"],\"articleSection\":[\"Kultur\"],\"inLanguage\":\"da-DK\",\"potentialAction\":[{\"@type\":\"CommentAction\",\"name\":\"Comment\",\"target\":[\"https:\/\/kunmedierne.dk\/mors\/nu-skal-familier-lave-kunst-sammen\/#respond\"]}]},{\"@type\":\"WebPage\",\"@id\":\"https:\/\/kunmedierne.dk\/mors\/nu-skal-familier-lave-kunst-sammen\/\",\"url\":\"https:\/\/kunmedierne.dk\/mors\/nu-skal-familier-lave-kunst-sammen\/\",\"name\":\"Nu skal familier lave kunst sammen - Mors\",\"isPartOf\":{\"@id\":\"https:\/\/kunmedierne.dk\/mors\/#website\"},\"primaryImageOfPage\":{\"@id\":\"https:\/\/kunmedierne.dk\/mors\/nu-skal-familier-lave-kunst-sammen\/#primaryimage\"},\"image\":{\"@id\":\"https:\/\/kunmedierne.dk\/mors\/nu-skal-familier-lave-kunst-sammen\/#primaryimage\"},\"thumbnailUrl\":\"https:\/\/kunmedierne.dk\/mors\/wp-content\/uploads\/2021\/08\/Emil-Kjerrman-med-egne-malerier.jpg\",\"datePublished\":\"2021-08-10T17:03:00+00:00\",\"dateModified\":\"2024-08-07T12:45:23+00:00\",\"breadcrumb\":{\"@id\":\"https:\/\/kunmedierne.dk\/mors\/nu-skal-familier-lave-kunst-sammen\/#breadcrumb\"},\"inLanguage\":\"da-DK\",\"potentialAction\":[{\"@type\":\"ReadAction\",\"target\":[\"https:\/\/kunmedierne.dk\/mors\/nu-skal-familier-lave-kunst-sammen\/\"]}]},{\"@type\":\"ImageObject\",\"inLanguage\":\"da-DK\",\"@id\":\"https:\/\/kunmedierne.dk\/mors\/nu-skal-familier-lave-kunst-sammen\/#primaryimage\",\"url\":\"https:\/\/kunmedierne.dk\/mors\/wp-content\/uploads\/2021\/08\/Emil-Kjerrman-med-egne-malerier.jpg\",\"contentUrl\":\"https:\/\/kunmedierne.dk\/mors\/wp-content\/uploads\/2021\/08\/Emil-Kjerrman-med-egne-malerier.jpg\",\"width\":770,\"height\":513,\"caption\":\"Emil Kjerrman kommer til Mors under kulturm\u00f8det for at undervis flere generationer i at lave kunst. Privatfoto.\"},{\"@type\":\"BreadcrumbList\",\"@id\":\"https:\/\/kunmedierne.dk\/mors\/nu-skal-familier-lave-kunst-sammen\/#breadcrumb\",\"itemListElement\":[{\"@type\":\"ListItem\",\"position\":1,\"name\":\"Hjem\",\"item\":\"https:\/\/kunmedierne.dk\/mors\/\"},{\"@type\":\"ListItem\",\"position\":2,\"name\":\"Nu skal familier lave kunst sammen\"}]},{\"@type\":\"WebSite\",\"@id\":\"https:\/\/kunmedierne.dk\/mors\/#website\",\"url\":\"https:\/\/kunmedierne.dk\/mors\/\",\"name\":\"Mors\",\"description\":\"et netmedie med journalistik om livet p\u00e5 Mors\",\"publisher\":{\"@id\":\"https:\/\/kunmedierne.dk\/mors\/#organization\"},\"potentialAction\":[{\"@type\":\"SearchAction\",\"target\":{\"@type\":\"EntryPoint\",\"urlTemplate\":\"https:\/\/kunmedierne.dk\/mors\/?s={search_term_string}\"},\"query-input\":{\"@type\":\"PropertyValueSpecification\",\"valueRequired\":true,\"valueName\":\"search_term_string\"}}],\"inLanguage\":\"da-DK\"},{\"@type\":\"Organization\",\"@id\":\"https:\/\/kunmedierne.dk\/mors\/#organization\",\"name\":\"Mors\",\"url\":\"https:\/\/kunmedierne.dk\/mors\/\",\"logo\":{\"@type\":\"ImageObject\",\"inLanguage\":\"da-DK\",\"@id\":\"https:\/\/kunmedierne.dk\/mors\/#\/schema\/logo\/image\/\",\"url\":\"https:\/\/kunmedierne.dk\/mors\/wp-content\/uploads\/2024\/08\/kunmors-logo.svg\",\"contentUrl\":\"https:\/\/kunmedierne.dk\/mors\/wp-content\/uploads\/2024\/08\/kunmors-logo.svg\",\"caption\":\"Mors\"},\"image\":{\"@id\":\"https:\/\/kunmedierne.dk\/mors\/#\/schema\/logo\/image\/\"}},{\"@type\":\"Person\",\"@id\":\"https:\/\/kunmedierne.dk\/mors\/#\/schema\/person\/5fe23251bf1d0abbcdc6f7896579d548\",\"name\":\"David H\u00f8jmark\",\"image\":{\"@type\":\"ImageObject\",\"inLanguage\":\"da-DK\",\"@id\":\"https:\/\/kunmedierne.dk\/mors\/#\/schema\/person\/image\/\",\"url\":\"https:\/\/secure.gravatar.com\/avatar\/4315d6fb9ef244d729989f5f90268eb08d5bf8a3d84402f595fa194bb35784fd?s=96&d=mm&r=g\",\"contentUrl\":\"https:\/\/secure.gravatar.com\/avatar\/4315d6fb9ef244d729989f5f90268eb08d5bf8a3d84402f595fa194bb35784fd?s=96&d=mm&r=g\",\"caption\":\"David H\u00f8jmark\"},\"sameAs\":[\"https:\/\/www.kunmedierne.dk\"],\"url\":\"https:\/\/kunmedierne.dk\/mors\/author\/david\/\"}]}<\/script>\n<!-- \/ Yoast SEO plugin. -->","yoast_head_json":{"title":"Nu skal familier lave kunst sammen - Mors","robots":{"index":"index","follow":"follow","max-snippet":"max-snippet:-1","max-image-preview":"max-image-preview:large","max-video-preview":"max-video-preview:-1"},"canonical":"https:\/\/kunmedierne.dk\/mors\/nu-skal-familier-lave-kunst-sammen\/","og_locale":"da_DK","og_type":"article","og_title":"Nu skal familier lave kunst sammen - Mors","og_description":"NYK\u00d8BING: Kunst kan om noget binde generationer sammen. Nu vil Mors\u00f8 Kunstforening af 1961 pr\u00f8ve det af i praksis. Det bliver under Kulturm\u00f8det Mors i dagene 19.-21. august. Da vil den lokale kunstforening tilbyde gratis deltagelse p\u00e5 en workshop med b\u00f8rn og enten for\u00e6ldre eller bedstefor\u00e6ldre som m\u00e5lgruppe &#8211; med nysgerrighed efter kunst og lyst [&hellip;]","og_url":"https:\/\/kunmedierne.dk\/mors\/nu-skal-familier-lave-kunst-sammen\/","og_site_name":"Mors","article_published_time":"2021-08-10T17:03:00+00:00","article_modified_time":"2024-08-07T12:45:23+00:00","og_image":[{"width":770,"height":513,"url":"https:\/\/kunmedierne.dk\/mors\/wp-content\/uploads\/2021\/08\/Emil-Kjerrman-med-egne-malerier.jpg","type":"image\/jpeg"}],"author":"David H\u00f8jmark","twitter_card":"summary_large_image","twitter_misc":{"Skrevet af":"David H\u00f8jmark","Estimeret l\u00e6setid":"4 minutter"},"schema":{"@context":"https:\/\/schema.org","@graph":[{"@type":"Article","@id":"https:\/\/kunmedierne.dk\/mors\/nu-skal-familier-lave-kunst-sammen\/#article","isPartOf":{"@id":"https:\/\/kunmedierne.dk\/mors\/nu-skal-familier-lave-kunst-sammen\/"},"author":{"name":"David H\u00f8jmark","@id":"https:\/\/kunmedierne.dk\/mors\/#\/schema\/person\/5fe23251bf1d0abbcdc6f7896579d548"},"headline":"Nu skal familier lave kunst sammen","datePublished":"2021-08-10T17:03:00+00:00","dateModified":"2024-08-07T12:45:23+00:00","mainEntityOfPage":{"@id":"https:\/\/kunmedierne.dk\/mors\/nu-skal-familier-lave-kunst-sammen\/"},"wordCount":641,"commentCount":0,"publisher":{"@id":"https:\/\/kunmedierne.dk\/mors\/#organization"},"image":{"@id":"https:\/\/kunmedierne.dk\/mors\/nu-skal-familier-lave-kunst-sammen\/#primaryimage"},"thumbnailUrl":"https:\/\/kunmedierne.dk\/mors\/wp-content\/uploads\/2021\/08\/Emil-Kjerrman-med-egne-malerier.jpg","keywords":["Kulturm\u00f8det"],"articleSection":["Kultur"],"inLanguage":"da-DK","potentialAction":[{"@type":"CommentAction","name":"Comment","target":["https:\/\/kunmedierne.dk\/mors\/nu-skal-familier-lave-kunst-sammen\/#respond"]}]},{"@type":"WebPage","@id":"https:\/\/kunmedierne.dk\/mors\/nu-skal-familier-lave-kunst-sammen\/","url":"https:\/\/kunmedierne.dk\/mors\/nu-skal-familier-lave-kunst-sammen\/","name":"Nu skal familier lave kunst sammen - Mors","isPartOf":{"@id":"https:\/\/kunmedierne.dk\/mors\/#website"},"primaryImageOfPage":{"@id":"https:\/\/kunmedierne.dk\/mors\/nu-skal-familier-lave-kunst-sammen\/#primaryimage"},"image":{"@id":"https:\/\/kunmedierne.dk\/mors\/nu-skal-familier-lave-kunst-sammen\/#primaryimage"},"thumbnailUrl":"https:\/\/kunmedierne.dk\/mors\/wp-content\/uploads\/2021\/08\/Emil-Kjerrman-med-egne-malerier.jpg","datePublished":"2021-08-10T17:03:00+00:00","dateModified":"2024-08-07T12:45:23+00:00","breadcrumb":{"@id":"https:\/\/kunmedierne.dk\/mors\/nu-skal-familier-lave-kunst-sammen\/#breadcrumb"},"inLanguage":"da-DK","potentialAction":[{"@type":"ReadAction","target":["https:\/\/kunmedierne.dk\/mors\/nu-skal-familier-lave-kunst-sammen\/"]}]},{"@type":"ImageObject","inLanguage":"da-DK","@id":"https:\/\/kunmedierne.dk\/mors\/nu-skal-familier-lave-kunst-sammen\/#primaryimage","url":"https:\/\/kunmedierne.dk\/mors\/wp-content\/uploads\/2021\/08\/Emil-Kjerrman-med-egne-malerier.jpg","contentUrl":"https:\/\/kunmedierne.dk\/mors\/wp-content\/uploads\/2021\/08\/Emil-Kjerrman-med-egne-malerier.jpg","width":770,"height":513,"caption":"Emil Kjerrman kommer til Mors under kulturm\u00f8det for at undervis flere generationer i at lave kunst. Privatfoto."},{"@type":"BreadcrumbList","@id":"https:\/\/kunmedierne.dk\/mors\/nu-skal-familier-lave-kunst-sammen\/#breadcrumb","itemListElement":[{"@type":"ListItem","position":1,"name":"Hjem","item":"https:\/\/kunmedierne.dk\/mors\/"},{"@type":"ListItem","position":2,"name":"Nu skal familier lave kunst sammen"}]},{"@type":"WebSite","@id":"https:\/\/kunmedierne.dk\/mors\/#website","url":"https:\/\/kunmedierne.dk\/mors\/","name":"Mors","description":"et netmedie med journalistik om livet p\u00e5 Mors","publisher":{"@id":"https:\/\/kunmedierne.dk\/mors\/#organization"},"potentialAction":[{"@type":"SearchAction","target":{"@type":"EntryPoint","urlTemplate":"https:\/\/kunmedierne.dk\/mors\/?s={search_term_string}"},"query-input":{"@type":"PropertyValueSpecification","valueRequired":true,"valueName":"search_term_string"}}],"inLanguage":"da-DK"},{"@type":"Organization","@id":"https:\/\/kunmedierne.dk\/mors\/#organization","name":"Mors","url":"https:\/\/kunmedierne.dk\/mors\/","logo":{"@type":"ImageObject","inLanguage":"da-DK","@id":"https:\/\/kunmedierne.dk\/mors\/#\/schema\/logo\/image\/","url":"https:\/\/kunmedierne.dk\/mors\/wp-content\/uploads\/2024\/08\/kunmors-logo.svg","contentUrl":"https:\/\/kunmedierne.dk\/mors\/wp-content\/uploads\/2024\/08\/kunmors-logo.svg","caption":"Mors"},"image":{"@id":"https:\/\/kunmedierne.dk\/mors\/#\/schema\/logo\/image\/"}},{"@type":"Person","@id":"https:\/\/kunmedierne.dk\/mors\/#\/schema\/person\/5fe23251bf1d0abbcdc6f7896579d548","name":"David H\u00f8jmark","image":{"@type":"ImageObject","inLanguage":"da-DK","@id":"https:\/\/kunmedierne.dk\/mors\/#\/schema\/person\/image\/","url":"https:\/\/secure.gravatar.com\/avatar\/4315d6fb9ef244d729989f5f90268eb08d5bf8a3d84402f595fa194bb35784fd?s=96&d=mm&r=g","contentUrl":"https:\/\/secure.gravatar.com\/avatar\/4315d6fb9ef244d729989f5f90268eb08d5bf8a3d84402f595fa194bb35784fd?s=96&d=mm&r=g","caption":"David H\u00f8jmark"},"sameAs":["https:\/\/www.kunmedierne.dk"],"url":"https:\/\/kunmedierne.dk\/mors\/author\/david\/"}]}},"_links":{"self":[{"href":"https:\/\/kunmedierne.dk\/mors\/wp-json\/wp\/v2\/posts\/50004","targetHints":{"allow":["GET"]}}],"collection":[{"href":"https:\/\/kunmedierne.dk\/mors\/wp-json\/wp\/v2\/posts"}],"about":[{"href":"https:\/\/kunmedierne.dk\/mors\/wp-json\/wp\/v2\/types\/post"}],"author":[{"embeddable":true,"href":"https:\/\/kunmedierne.dk\/mors\/wp-json\/wp\/v2\/users\/8"}],"replies":[{"embeddable":true,"href":"https:\/\/kunmedierne.dk\/mors\/wp-json\/wp\/v2\/comments?post=50004"}],"version-history":[{"count":6,"href":"https:\/\/kunmedierne.dk\/mors\/wp-json\/wp\/v2\/posts\/50004\/revisions"}],"predecessor-version":[{"id":50014,"href":"https:\/\/kunmedierne.dk\/mors\/wp-json\/wp\/v2\/posts\/50004\/revisions\/50014"}],"wp:featuredmedia":[{"embeddable":true,"href":"https:\/\/kunmedierne.dk\/mors\/wp-json\/wp\/v2\/media\/50012"}],"wp:attachment":[{"href":"https:\/\/kunmedierne.dk\/mors\/wp-json\/wp\/v2\/media?parent=50004"}],"wp:term":[{"taxonomy":"category","embeddable":true,"href":"https:\/\/kunmedierne.dk\/mors\/wp-json\/wp\/v2\/categories?post=50004"},{"taxonomy":"post_tag","embeddable":true,"href":"https:\/\/kunmedierne.dk\/mors\/wp-json\/wp\/v2\/tags?post=50004"}],"curies":[{"name":"wp","href":"https:\/\/api.w.org\/{rel}","templated":true}]}}