{"id":49766,"date":"2021-08-05T16:46:23","date_gmt":"2021-08-05T14:46:23","guid":{"rendered":"https:\/\/kunmedierne.dk\/mors\/?p=49766"},"modified":"2024-08-07T14:45:25","modified_gmt":"2024-08-07T12:45:25","slug":"kirkebussen-paa-kulturmoedet-kommer-ud-paa-oeen","status":"publish","type":"post","link":"https:\/\/kunmedierne.dk\/mors\/kirkebussen-paa-kulturmoedet-kommer-ud-paa-oeen\/","title":{"rendered":"Kirkebussen p\u00e5 Kulturm\u00f8det kommer ud p\u00e5 \u00f8en"},"content":{"rendered":"<p><strong>MORS<\/strong>: Bibelsk b\u00e5lmad, landart og fort\u00e6llinger. Kunst, debat og oplevelser. Og sang, musik og historie.<\/p>\n<p>Det er overskrifterne hos Kirkebussen p\u00e5 Kultum\u00f8det, der i forbindelse med Kulturm\u00f8det Mors 19.-21. august har planlagt aktiviteter rundt omkring p\u00e5 \u00f8en.<\/p>\n<p>Tidligere har kirkebussen haft en bus p\u00e5 pladsen for Kulturm\u00f8det, en bus p\u00e5 Klostertorvet og en stor container ved L\u00f8vbjerg indrettet som scene. Men i \u00e5r f\u00f8lger man Kulturm\u00f8dets id\u00e9 om at flytte aktiviteter ud af selve Nyk\u00f8bing. <a href=\"https:\/\/morsoe-begravelsesforretning.dk\/\"><img loading=\"lazy\" decoding=\"async\" class=\"alignright size-full wp-image-46598\" src=\"https:\/\/kunmedierne.dk\/mors\/wp-content\/uploads\/2021\/06\/t07.jpg\" alt=\"\" width=\"1425\" height=\"127\" srcset=\"https:\/\/kunmedierne.dk\/mors\/wp-content\/uploads\/2021\/06\/t07.jpg 1425w, https:\/\/kunmedierne.dk\/mors\/wp-content\/uploads\/2021\/06\/t07-300x27.jpg 300w, https:\/\/kunmedierne.dk\/mors\/wp-content\/uploads\/2021\/06\/t07-1024x91.jpg 1024w, https:\/\/kunmedierne.dk\/mors\/wp-content\/uploads\/2021\/06\/t07-768x68.jpg 768w, https:\/\/kunmedierne.dk\/mors\/wp-content\/uploads\/2021\/06\/t07-600x53.jpg 600w\" sizes=\"auto, (max-width: 1425px) 100vw, 1425px\" \/><\/a><\/p>\n<p>Torsdag er der eksempelvis bes\u00f8g fra cand. theol. og forfatter Bjarne Lenau Henriksen, tidligere leder af Kirkens Korsh\u00e6r, som i Lj\u00f8rslev Kirke vil holde foredrag og opl\u00e6g med titlen &#8216;Menneskelighed &#8211; kristendommens udfordring eller?&#8217;<\/p>\n<p>Samme aften vil der i \u00d8rding Kirke v\u00e6re koncert og aftensang med Sorten Muld ved Martin D\u00f8ssing Ottosen.<\/p>\n<p>Er man til samtale og diskussion, kan Karby Kirke ogs\u00e5 v\u00e6re et godt sted at opholde sig torsdag eftermiddag. Da kommer kultursociolog og foredragsholder Emilia van Hauen p\u00e5 bes\u00f8g for at tale om, hvad de unge tror p\u00e5. <a href=\"https:\/\/www.sparthy.dk\/\"><img loading=\"lazy\" decoding=\"async\" class=\"alignright size-full wp-image-46599\" src=\"https:\/\/kunmedierne.dk\/mors\/wp-content\/uploads\/2021\/06\/t08.jpg\" alt=\"\" width=\"1400\" height=\"125\" srcset=\"https:\/\/kunmedierne.dk\/mors\/wp-content\/uploads\/2021\/06\/t08.jpg 1400w, https:\/\/kunmedierne.dk\/mors\/wp-content\/uploads\/2021\/06\/t08-300x27.jpg 300w, https:\/\/kunmedierne.dk\/mors\/wp-content\/uploads\/2021\/06\/t08-1024x91.jpg 1024w, https:\/\/kunmedierne.dk\/mors\/wp-content\/uploads\/2021\/06\/t08-768x69.jpg 768w, https:\/\/kunmedierne.dk\/mors\/wp-content\/uploads\/2021\/06\/t08-600x54.jpg 600w\" sizes=\"auto, (max-width: 1400px) 100vw, 1400px\" \/><\/a><\/p>\n<p>&#8220;Foredraget vil give indsigter i, hvad der driver de unge generationer, &#8211; og m\u00e5ske ogs\u00e5 provokere ved at foresl\u00e5 nogle \u00e6ndringer, der kan fylde kirkerne,&#8221; lyder det i foromtalen.<\/p>\n<p>Alt i alt byder de tre dage p\u00e5\u00a0foredrag, debat, sang, fort\u00e6lling, udend\u00f8rs oplevelser med videre p\u00e5 forskellige lokationer rundt p\u00e5 Mors. Det g\u00e6lder Lj\u00f8rslev Kirke, \u00d8rding kirke, \u00c5rb\u00e6k M\u00f8lle Strand, \u00d8ster J\u00f8lby Frimenigheds Kirke, Karby Kirke og Hvidbjerg Kirke.<\/p>\n<p>Du kan se hele programmet for dagene 19.-21. august p\u00e5 Facebooksiden for <a href=\"https:\/\/www.facebook.com\/Kirkebussen.dk\" target=\"_blank\" rel=\"noopener\">Kirkebussen p\u00e5 Kulturm\u00f8det<\/a>.<\/p>\n","protected":false},"excerpt":{"rendered":"<p>MORS: Bibelsk b\u00e5lmad, landart og fort\u00e6llinger. Kunst, debat og oplevelser. Og sang, musik og historie. Det er overskrifterne hos Kirkebussen p\u00e5 Kultum\u00f8det, der i forbindelse med Kulturm\u00f8det Mors 19.-21. august har planlagt aktiviteter rundt omkring p\u00e5 \u00f8en. Tidligere har kirkebussen haft en bus p\u00e5 pladsen for Kulturm\u00f8det, en bus p\u00e5 Klostertorvet og en stor container [&hellip;]<\/p>\n","protected":false},"author":8,"featured_media":49767,"comment_status":"open","ping_status":"open","sticky":false,"template":"","format":"standard","meta":{"_acf_changed":false,"footnotes":""},"categories":[49],"tags":[161,162],"class_list":["post-49766","post","type-post","status-publish","format-standard","has-post-thumbnail","hentry","category-kultur","tag-kirker","tag-kulturmoedet"],"acf":[],"yoast_head":"<!-- This site is optimized with the Yoast SEO plugin v26.8 - https:\/\/yoast.com\/product\/yoast-seo-wordpress\/ -->\n<title>Kirkebussen p\u00e5 Kulturm\u00f8det kommer ud p\u00e5 \u00f8en - Mors<\/title>\n<meta name=\"robots\" content=\"index, follow, max-snippet:-1, max-image-preview:large, max-video-preview:-1\" \/>\n<link rel=\"canonical\" href=\"https:\/\/kunmedierne.dk\/mors\/kirkebussen-paa-kulturmoedet-kommer-ud-paa-oeen\/\" \/>\n<meta property=\"og:locale\" content=\"da_DK\" \/>\n<meta property=\"og:type\" content=\"article\" \/>\n<meta property=\"og:title\" content=\"Kirkebussen p\u00e5 Kulturm\u00f8det kommer ud p\u00e5 \u00f8en - Mors\" \/>\n<meta property=\"og:description\" content=\"MORS: Bibelsk b\u00e5lmad, landart og fort\u00e6llinger. Kunst, debat og oplevelser. Og sang, musik og historie. Det er overskrifterne hos Kirkebussen p\u00e5 Kultum\u00f8det, der i forbindelse med Kulturm\u00f8det Mors 19.-21. august har planlagt aktiviteter rundt omkring p\u00e5 \u00f8en. Tidligere har kirkebussen haft en bus p\u00e5 pladsen for Kulturm\u00f8det, en bus p\u00e5 Klostertorvet og en stor container [&hellip;]\" \/>\n<meta property=\"og:url\" content=\"https:\/\/kunmedierne.dk\/mors\/kirkebussen-paa-kulturmoedet-kommer-ud-paa-oeen\/\" \/>\n<meta property=\"og:site_name\" content=\"Mors\" \/>\n<meta property=\"article:published_time\" content=\"2021-08-05T14:46:23+00:00\" \/>\n<meta property=\"article:modified_time\" content=\"2024-08-07T12:45:25+00:00\" \/>\n<meta property=\"og:image\" content=\"https:\/\/kunmedierne.dk\/mors\/wp-content\/uploads\/2021\/08\/ljoerslev1.jpg\" \/>\n\t<meta property=\"og:image:width\" content=\"770\" \/>\n\t<meta property=\"og:image:height\" content=\"514\" \/>\n\t<meta property=\"og:image:type\" content=\"image\/jpeg\" \/>\n<meta name=\"author\" content=\"David H\u00f8jmark\" \/>\n<meta name=\"twitter:card\" content=\"summary_large_image\" \/>\n<meta name=\"twitter:label1\" content=\"Skrevet af\" \/>\n\t<meta name=\"twitter:data1\" content=\"David H\u00f8jmark\" \/>\n\t<meta name=\"twitter:label2\" content=\"Estimeret l\u00e6setid\" \/>\n\t<meta name=\"twitter:data2\" content=\"2 minutter\" \/>\n<script type=\"application\/ld+json\" class=\"yoast-schema-graph\">{\"@context\":\"https:\/\/schema.org\",\"@graph\":[{\"@type\":\"Article\",\"@id\":\"https:\/\/kunmedierne.dk\/mors\/kirkebussen-paa-kulturmoedet-kommer-ud-paa-oeen\/#article\",\"isPartOf\":{\"@id\":\"https:\/\/kunmedierne.dk\/mors\/kirkebussen-paa-kulturmoedet-kommer-ud-paa-oeen\/\"},\"author\":{\"name\":\"David H\u00f8jmark\",\"@id\":\"https:\/\/kunmedierne.dk\/mors\/#\/schema\/person\/5fe23251bf1d0abbcdc6f7896579d548\"},\"headline\":\"Kirkebussen p\u00e5 Kulturm\u00f8det kommer ud p\u00e5 \u00f8en\",\"datePublished\":\"2021-08-05T14:46:23+00:00\",\"dateModified\":\"2024-08-07T12:45:25+00:00\",\"mainEntityOfPage\":{\"@id\":\"https:\/\/kunmedierne.dk\/mors\/kirkebussen-paa-kulturmoedet-kommer-ud-paa-oeen\/\"},\"wordCount\":283,\"commentCount\":0,\"publisher\":{\"@id\":\"https:\/\/kunmedierne.dk\/mors\/#organization\"},\"image\":{\"@id\":\"https:\/\/kunmedierne.dk\/mors\/kirkebussen-paa-kulturmoedet-kommer-ud-paa-oeen\/#primaryimage\"},\"thumbnailUrl\":\"https:\/\/kunmedierne.dk\/mors\/wp-content\/uploads\/2021\/08\/ljoerslev1.jpg\",\"keywords\":[\"Kirkestof\",\"Kulturm\u00f8det\"],\"articleSection\":[\"Kultur\"],\"inLanguage\":\"da-DK\",\"potentialAction\":[{\"@type\":\"CommentAction\",\"name\":\"Comment\",\"target\":[\"https:\/\/kunmedierne.dk\/mors\/kirkebussen-paa-kulturmoedet-kommer-ud-paa-oeen\/#respond\"]}]},{\"@type\":\"WebPage\",\"@id\":\"https:\/\/kunmedierne.dk\/mors\/kirkebussen-paa-kulturmoedet-kommer-ud-paa-oeen\/\",\"url\":\"https:\/\/kunmedierne.dk\/mors\/kirkebussen-paa-kulturmoedet-kommer-ud-paa-oeen\/\",\"name\":\"Kirkebussen p\u00e5 Kulturm\u00f8det kommer ud p\u00e5 \u00f8en - Mors\",\"isPartOf\":{\"@id\":\"https:\/\/kunmedierne.dk\/mors\/#website\"},\"primaryImageOfPage\":{\"@id\":\"https:\/\/kunmedierne.dk\/mors\/kirkebussen-paa-kulturmoedet-kommer-ud-paa-oeen\/#primaryimage\"},\"image\":{\"@id\":\"https:\/\/kunmedierne.dk\/mors\/kirkebussen-paa-kulturmoedet-kommer-ud-paa-oeen\/#primaryimage\"},\"thumbnailUrl\":\"https:\/\/kunmedierne.dk\/mors\/wp-content\/uploads\/2021\/08\/ljoerslev1.jpg\",\"datePublished\":\"2021-08-05T14:46:23+00:00\",\"dateModified\":\"2024-08-07T12:45:25+00:00\",\"breadcrumb\":{\"@id\":\"https:\/\/kunmedierne.dk\/mors\/kirkebussen-paa-kulturmoedet-kommer-ud-paa-oeen\/#breadcrumb\"},\"inLanguage\":\"da-DK\",\"potentialAction\":[{\"@type\":\"ReadAction\",\"target\":[\"https:\/\/kunmedierne.dk\/mors\/kirkebussen-paa-kulturmoedet-kommer-ud-paa-oeen\/\"]}]},{\"@type\":\"ImageObject\",\"inLanguage\":\"da-DK\",\"@id\":\"https:\/\/kunmedierne.dk\/mors\/kirkebussen-paa-kulturmoedet-kommer-ud-paa-oeen\/#primaryimage\",\"url\":\"https:\/\/kunmedierne.dk\/mors\/wp-content\/uploads\/2021\/08\/ljoerslev1.jpg\",\"contentUrl\":\"https:\/\/kunmedierne.dk\/mors\/wp-content\/uploads\/2021\/08\/ljoerslev1.jpg\",\"width\":770,\"height\":514,\"caption\":\"Lj\u00f8rslev Kirke er et af stederne med tankev\u00e6kkende aktiviteter i dagene 19.-21. august. Foto: Niels Clemmensen\/Aalborg Stift.\"},{\"@type\":\"BreadcrumbList\",\"@id\":\"https:\/\/kunmedierne.dk\/mors\/kirkebussen-paa-kulturmoedet-kommer-ud-paa-oeen\/#breadcrumb\",\"itemListElement\":[{\"@type\":\"ListItem\",\"position\":1,\"name\":\"Hjem\",\"item\":\"https:\/\/kunmedierne.dk\/mors\/\"},{\"@type\":\"ListItem\",\"position\":2,\"name\":\"Kirkebussen p\u00e5 Kulturm\u00f8det kommer ud p\u00e5 \u00f8en\"}]},{\"@type\":\"WebSite\",\"@id\":\"https:\/\/kunmedierne.dk\/mors\/#website\",\"url\":\"https:\/\/kunmedierne.dk\/mors\/\",\"name\":\"Mors\",\"description\":\"et netmedie med journalistik om livet p\u00e5 Mors\",\"publisher\":{\"@id\":\"https:\/\/kunmedierne.dk\/mors\/#organization\"},\"potentialAction\":[{\"@type\":\"SearchAction\",\"target\":{\"@type\":\"EntryPoint\",\"urlTemplate\":\"https:\/\/kunmedierne.dk\/mors\/?s={search_term_string}\"},\"query-input\":{\"@type\":\"PropertyValueSpecification\",\"valueRequired\":true,\"valueName\":\"search_term_string\"}}],\"inLanguage\":\"da-DK\"},{\"@type\":\"Organization\",\"@id\":\"https:\/\/kunmedierne.dk\/mors\/#organization\",\"name\":\"Mors\",\"url\":\"https:\/\/kunmedierne.dk\/mors\/\",\"logo\":{\"@type\":\"ImageObject\",\"inLanguage\":\"da-DK\",\"@id\":\"https:\/\/kunmedierne.dk\/mors\/#\/schema\/logo\/image\/\",\"url\":\"https:\/\/kunmedierne.dk\/mors\/wp-content\/uploads\/2024\/08\/kunmors-logo.svg\",\"contentUrl\":\"https:\/\/kunmedierne.dk\/mors\/wp-content\/uploads\/2024\/08\/kunmors-logo.svg\",\"caption\":\"Mors\"},\"image\":{\"@id\":\"https:\/\/kunmedierne.dk\/mors\/#\/schema\/logo\/image\/\"}},{\"@type\":\"Person\",\"@id\":\"https:\/\/kunmedierne.dk\/mors\/#\/schema\/person\/5fe23251bf1d0abbcdc6f7896579d548\",\"name\":\"David H\u00f8jmark\",\"image\":{\"@type\":\"ImageObject\",\"inLanguage\":\"da-DK\",\"@id\":\"https:\/\/kunmedierne.dk\/mors\/#\/schema\/person\/image\/\",\"url\":\"https:\/\/secure.gravatar.com\/avatar\/4315d6fb9ef244d729989f5f90268eb08d5bf8a3d84402f595fa194bb35784fd?s=96&d=mm&r=g\",\"contentUrl\":\"https:\/\/secure.gravatar.com\/avatar\/4315d6fb9ef244d729989f5f90268eb08d5bf8a3d84402f595fa194bb35784fd?s=96&d=mm&r=g\",\"caption\":\"David H\u00f8jmark\"},\"sameAs\":[\"https:\/\/www.kunmedierne.dk\"],\"url\":\"https:\/\/kunmedierne.dk\/mors\/author\/david\/\"}]}<\/script>\n<!-- \/ Yoast SEO plugin. -->","yoast_head_json":{"title":"Kirkebussen p\u00e5 Kulturm\u00f8det kommer ud p\u00e5 \u00f8en - Mors","robots":{"index":"index","follow":"follow","max-snippet":"max-snippet:-1","max-image-preview":"max-image-preview:large","max-video-preview":"max-video-preview:-1"},"canonical":"https:\/\/kunmedierne.dk\/mors\/kirkebussen-paa-kulturmoedet-kommer-ud-paa-oeen\/","og_locale":"da_DK","og_type":"article","og_title":"Kirkebussen p\u00e5 Kulturm\u00f8det kommer ud p\u00e5 \u00f8en - Mors","og_description":"MORS: Bibelsk b\u00e5lmad, landart og fort\u00e6llinger. Kunst, debat og oplevelser. Og sang, musik og historie. Det er overskrifterne hos Kirkebussen p\u00e5 Kultum\u00f8det, der i forbindelse med Kulturm\u00f8det Mors 19.-21. august har planlagt aktiviteter rundt omkring p\u00e5 \u00f8en. Tidligere har kirkebussen haft en bus p\u00e5 pladsen for Kulturm\u00f8det, en bus p\u00e5 Klostertorvet og en stor container [&hellip;]","og_url":"https:\/\/kunmedierne.dk\/mors\/kirkebussen-paa-kulturmoedet-kommer-ud-paa-oeen\/","og_site_name":"Mors","article_published_time":"2021-08-05T14:46:23+00:00","article_modified_time":"2024-08-07T12:45:25+00:00","og_image":[{"width":770,"height":514,"url":"https:\/\/kunmedierne.dk\/mors\/wp-content\/uploads\/2021\/08\/ljoerslev1.jpg","type":"image\/jpeg"}],"author":"David H\u00f8jmark","twitter_card":"summary_large_image","twitter_misc":{"Skrevet af":"David H\u00f8jmark","Estimeret l\u00e6setid":"2 minutter"},"schema":{"@context":"https:\/\/schema.org","@graph":[{"@type":"Article","@id":"https:\/\/kunmedierne.dk\/mors\/kirkebussen-paa-kulturmoedet-kommer-ud-paa-oeen\/#article","isPartOf":{"@id":"https:\/\/kunmedierne.dk\/mors\/kirkebussen-paa-kulturmoedet-kommer-ud-paa-oeen\/"},"author":{"name":"David H\u00f8jmark","@id":"https:\/\/kunmedierne.dk\/mors\/#\/schema\/person\/5fe23251bf1d0abbcdc6f7896579d548"},"headline":"Kirkebussen p\u00e5 Kulturm\u00f8det kommer ud p\u00e5 \u00f8en","datePublished":"2021-08-05T14:46:23+00:00","dateModified":"2024-08-07T12:45:25+00:00","mainEntityOfPage":{"@id":"https:\/\/kunmedierne.dk\/mors\/kirkebussen-paa-kulturmoedet-kommer-ud-paa-oeen\/"},"wordCount":283,"commentCount":0,"publisher":{"@id":"https:\/\/kunmedierne.dk\/mors\/#organization"},"image":{"@id":"https:\/\/kunmedierne.dk\/mors\/kirkebussen-paa-kulturmoedet-kommer-ud-paa-oeen\/#primaryimage"},"thumbnailUrl":"https:\/\/kunmedierne.dk\/mors\/wp-content\/uploads\/2021\/08\/ljoerslev1.jpg","keywords":["Kirkestof","Kulturm\u00f8det"],"articleSection":["Kultur"],"inLanguage":"da-DK","potentialAction":[{"@type":"CommentAction","name":"Comment","target":["https:\/\/kunmedierne.dk\/mors\/kirkebussen-paa-kulturmoedet-kommer-ud-paa-oeen\/#respond"]}]},{"@type":"WebPage","@id":"https:\/\/kunmedierne.dk\/mors\/kirkebussen-paa-kulturmoedet-kommer-ud-paa-oeen\/","url":"https:\/\/kunmedierne.dk\/mors\/kirkebussen-paa-kulturmoedet-kommer-ud-paa-oeen\/","name":"Kirkebussen p\u00e5 Kulturm\u00f8det kommer ud p\u00e5 \u00f8en - Mors","isPartOf":{"@id":"https:\/\/kunmedierne.dk\/mors\/#website"},"primaryImageOfPage":{"@id":"https:\/\/kunmedierne.dk\/mors\/kirkebussen-paa-kulturmoedet-kommer-ud-paa-oeen\/#primaryimage"},"image":{"@id":"https:\/\/kunmedierne.dk\/mors\/kirkebussen-paa-kulturmoedet-kommer-ud-paa-oeen\/#primaryimage"},"thumbnailUrl":"https:\/\/kunmedierne.dk\/mors\/wp-content\/uploads\/2021\/08\/ljoerslev1.jpg","datePublished":"2021-08-05T14:46:23+00:00","dateModified":"2024-08-07T12:45:25+00:00","breadcrumb":{"@id":"https:\/\/kunmedierne.dk\/mors\/kirkebussen-paa-kulturmoedet-kommer-ud-paa-oeen\/#breadcrumb"},"inLanguage":"da-DK","potentialAction":[{"@type":"ReadAction","target":["https:\/\/kunmedierne.dk\/mors\/kirkebussen-paa-kulturmoedet-kommer-ud-paa-oeen\/"]}]},{"@type":"ImageObject","inLanguage":"da-DK","@id":"https:\/\/kunmedierne.dk\/mors\/kirkebussen-paa-kulturmoedet-kommer-ud-paa-oeen\/#primaryimage","url":"https:\/\/kunmedierne.dk\/mors\/wp-content\/uploads\/2021\/08\/ljoerslev1.jpg","contentUrl":"https:\/\/kunmedierne.dk\/mors\/wp-content\/uploads\/2021\/08\/ljoerslev1.jpg","width":770,"height":514,"caption":"Lj\u00f8rslev Kirke er et af stederne med tankev\u00e6kkende aktiviteter i dagene 19.-21. august. Foto: Niels Clemmensen\/Aalborg Stift."},{"@type":"BreadcrumbList","@id":"https:\/\/kunmedierne.dk\/mors\/kirkebussen-paa-kulturmoedet-kommer-ud-paa-oeen\/#breadcrumb","itemListElement":[{"@type":"ListItem","position":1,"name":"Hjem","item":"https:\/\/kunmedierne.dk\/mors\/"},{"@type":"ListItem","position":2,"name":"Kirkebussen p\u00e5 Kulturm\u00f8det kommer ud p\u00e5 \u00f8en"}]},{"@type":"WebSite","@id":"https:\/\/kunmedierne.dk\/mors\/#website","url":"https:\/\/kunmedierne.dk\/mors\/","name":"Mors","description":"et netmedie med journalistik om livet p\u00e5 Mors","publisher":{"@id":"https:\/\/kunmedierne.dk\/mors\/#organization"},"potentialAction":[{"@type":"SearchAction","target":{"@type":"EntryPoint","urlTemplate":"https:\/\/kunmedierne.dk\/mors\/?s={search_term_string}"},"query-input":{"@type":"PropertyValueSpecification","valueRequired":true,"valueName":"search_term_string"}}],"inLanguage":"da-DK"},{"@type":"Organization","@id":"https:\/\/kunmedierne.dk\/mors\/#organization","name":"Mors","url":"https:\/\/kunmedierne.dk\/mors\/","logo":{"@type":"ImageObject","inLanguage":"da-DK","@id":"https:\/\/kunmedierne.dk\/mors\/#\/schema\/logo\/image\/","url":"https:\/\/kunmedierne.dk\/mors\/wp-content\/uploads\/2024\/08\/kunmors-logo.svg","contentUrl":"https:\/\/kunmedierne.dk\/mors\/wp-content\/uploads\/2024\/08\/kunmors-logo.svg","caption":"Mors"},"image":{"@id":"https:\/\/kunmedierne.dk\/mors\/#\/schema\/logo\/image\/"}},{"@type":"Person","@id":"https:\/\/kunmedierne.dk\/mors\/#\/schema\/person\/5fe23251bf1d0abbcdc6f7896579d548","name":"David H\u00f8jmark","image":{"@type":"ImageObject","inLanguage":"da-DK","@id":"https:\/\/kunmedierne.dk\/mors\/#\/schema\/person\/image\/","url":"https:\/\/secure.gravatar.com\/avatar\/4315d6fb9ef244d729989f5f90268eb08d5bf8a3d84402f595fa194bb35784fd?s=96&d=mm&r=g","contentUrl":"https:\/\/secure.gravatar.com\/avatar\/4315d6fb9ef244d729989f5f90268eb08d5bf8a3d84402f595fa194bb35784fd?s=96&d=mm&r=g","caption":"David H\u00f8jmark"},"sameAs":["https:\/\/www.kunmedierne.dk"],"url":"https:\/\/kunmedierne.dk\/mors\/author\/david\/"}]}},"_links":{"self":[{"href":"https:\/\/kunmedierne.dk\/mors\/wp-json\/wp\/v2\/posts\/49766","targetHints":{"allow":["GET"]}}],"collection":[{"href":"https:\/\/kunmedierne.dk\/mors\/wp-json\/wp\/v2\/posts"}],"about":[{"href":"https:\/\/kunmedierne.dk\/mors\/wp-json\/wp\/v2\/types\/post"}],"author":[{"embeddable":true,"href":"https:\/\/kunmedierne.dk\/mors\/wp-json\/wp\/v2\/users\/8"}],"replies":[{"embeddable":true,"href":"https:\/\/kunmedierne.dk\/mors\/wp-json\/wp\/v2\/comments?post=49766"}],"version-history":[{"count":1,"href":"https:\/\/kunmedierne.dk\/mors\/wp-json\/wp\/v2\/posts\/49766\/revisions"}],"predecessor-version":[{"id":49768,"href":"https:\/\/kunmedierne.dk\/mors\/wp-json\/wp\/v2\/posts\/49766\/revisions\/49768"}],"wp:featuredmedia":[{"embeddable":true,"href":"https:\/\/kunmedierne.dk\/mors\/wp-json\/wp\/v2\/media\/49767"}],"wp:attachment":[{"href":"https:\/\/kunmedierne.dk\/mors\/wp-json\/wp\/v2\/media?parent=49766"}],"wp:term":[{"taxonomy":"category","embeddable":true,"href":"https:\/\/kunmedierne.dk\/mors\/wp-json\/wp\/v2\/categories?post=49766"},{"taxonomy":"post_tag","embeddable":true,"href":"https:\/\/kunmedierne.dk\/mors\/wp-json\/wp\/v2\/tags?post=49766"}],"curies":[{"name":"wp","href":"https:\/\/api.w.org\/{rel}","templated":true}]}}