{"id":48898,"date":"2021-07-18T09:05:11","date_gmt":"2021-07-18T07:05:11","guid":{"rendered":"https:\/\/kunmedierne.dk\/mors\/?p=48898"},"modified":"2024-08-07T14:45:30","modified_gmt":"2024-08-07T12:45:30","slug":"mindeord-for-anne-heide","status":"publish","type":"post","link":"https:\/\/kunmedierne.dk\/mors\/mindeord-for-anne-heide\/","title":{"rendered":"Mindeord for Anne Heide"},"content":{"rendered":"<p><em>Mindeord \u2013 Anne Heide (d\u00f8d 5. juli 2021).<\/em><\/p>\n<hr \/>\n<p>Anne Heide er d\u00f8d.<\/p>\n<p>Helt uforst\u00e5eligt, urimeligt og chokerende for os i hendes omgivelser har hun forladt os i en alder af kun 41 \u00e5r \u2013 efter kort tids sygdom.<\/p>\n<p>Anne var p\u00e5 nogen m\u00e5der en meget stille person, men med en kraft og ro, der skabte menneskelig respekt omkring hende. Hun var kendt og elsket af mange \u2013 s\u00e5dan som det s\u00e5s ved bis\u00e6ttelsen med begr\u00e6nsningen p\u00e5 75 personer i kirken og med mere end hundrede uden for kirken.<\/p>\n<p>Efter sin ungdoms usikkerhed k\u00e6mpede hun sig med viljestyrke og kraft igennem til sin \u00f8nskede akademiske uddannelse som historiker m.v.<\/p>\n<p>Anne var ikke en person med store armbev\u00e6gelser, men p\u00e5 sin egen lidt underspillede m\u00e5de en person med en um\u00e5delig viden, som vi andre kunne drage nytte af. Stille og roligt samlede hun viden op, hvor hun f\u00e6rdedes \u2013 ikke for at g\u00f8re sig til \u2013 men for at kunne stille sin viden til r\u00e5dighed, n\u00e5r det beh\u00f8vedes. Hun var faktisk en af de mest vidende personer, jeg har kendt.<\/p>\n<p>Hun m\u00f8dte sin kone Charlotte i en f\u00e6lles lidenskab for tv-serien Matador, hvis h\u00e6ndelser hun havde styr p\u00e5, og hvis personer hun kunne citere og karikere med stor n\u00f8jagtighed. S\u00e5ledes fik s\u00e5vel h\u00f8ns og g\u00e6s m.v. i deres hjem karakteriserende navne efter personerne i tv-serien.<\/p>\n<p>Anne og Charlotte komplementerede hinanden i et fantastisk f\u00e6llesskab, med Charlotte som den vilde og iderige og med Anne som den rolige, snusfornuftige\u2013 men ikke kedelige \u2013 base for den sunde og lidt underspillede fornuft. Mange var de skabe, som Charlotte ville s\u00e6tte op, men n\u00e5r det kom til stykket, var det Anne som bestemte, hvor skabet skulle st\u00e5. Og om der i det hele taget skulle v\u00e6re et skab.<\/p>\n<p>Anne var et familiemenneske som en del af Heide-klanen i \u00d8ster J\u00f8lby. Hun var t\u00e6t knyttet til sin familie og udgjorde p\u00e5 mange m\u00e5der et symbiotisk f\u00e6llesskab med sin mor Johanne Marie.<\/p>\n<p>Anne havde tidligt besluttet sig for at ville v\u00e6re mulig organdonor. P\u00e5 s\u00f8rgeligste vis blev hun det til fulde, og medens dele af hende livredende vil leve videre i andre personer, vil hun leve videre i os andre som et fantastisk menneske, der gav os s\u00e5 meget og kr\u00e6vede s\u00e5 lidt.<\/p>\n<p>\u00c6ret v\u00e6re Annes minde.<\/p>\n<p>Poul Erik Olsen, Nyk\u00f8bing.<\/p>\n","protected":false},"excerpt":{"rendered":"<p>Mindeord \u2013 Anne Heide (d\u00f8d 5. juli 2021). Anne Heide er d\u00f8d. Helt uforst\u00e5eligt, urimeligt og chokerende for os i hendes omgivelser har hun forladt os i en alder af kun 41 \u00e5r \u2013 efter kort tids sygdom. Anne var p\u00e5 nogen m\u00e5der en meget stille person, men med en kraft og ro, der skabte [&hellip;]<\/p>\n","protected":false},"author":264,"featured_media":48900,"comment_status":"open","ping_status":"open","sticky":false,"template":"","format":"standard","meta":{"_acf_changed":false,"footnotes":""},"categories":[52],"tags":[],"class_list":["post-48898","post","type-post","status-publish","format-standard","has-post-thumbnail","hentry","category-navne"],"acf":[],"yoast_head":"<!-- This site is optimized with the Yoast SEO plugin v26.8 - https:\/\/yoast.com\/product\/yoast-seo-wordpress\/ -->\n<title>Mindeord for Anne Heide - Mors<\/title>\n<meta name=\"robots\" content=\"index, follow, max-snippet:-1, max-image-preview:large, max-video-preview:-1\" \/>\n<link rel=\"canonical\" href=\"https:\/\/kunmedierne.dk\/mors\/mindeord-for-anne-heide\/\" \/>\n<meta property=\"og:locale\" content=\"da_DK\" \/>\n<meta property=\"og:type\" content=\"article\" \/>\n<meta property=\"og:title\" content=\"Mindeord for Anne Heide - Mors\" \/>\n<meta property=\"og:description\" content=\"Mindeord \u2013 Anne Heide (d\u00f8d 5. juli 2021). Anne Heide er d\u00f8d. Helt uforst\u00e5eligt, urimeligt og chokerende for os i hendes omgivelser har hun forladt os i en alder af kun 41 \u00e5r \u2013 efter kort tids sygdom. Anne var p\u00e5 nogen m\u00e5der en meget stille person, men med en kraft og ro, der skabte [&hellip;]\" \/>\n<meta property=\"og:url\" content=\"https:\/\/kunmedierne.dk\/mors\/mindeord-for-anne-heide\/\" \/>\n<meta property=\"og:site_name\" content=\"Mors\" \/>\n<meta property=\"article:published_time\" content=\"2021-07-18T07:05:11+00:00\" \/>\n<meta property=\"article:modified_time\" content=\"2024-08-07T12:45:30+00:00\" \/>\n<meta property=\"og:image\" content=\"https:\/\/kunmedierne.dk\/mors\/wp-content\/uploads\/2021\/07\/mindeord-anne-heide.jpg\" \/>\n\t<meta property=\"og:image:width\" content=\"770\" \/>\n\t<meta property=\"og:image:height\" content=\"513\" \/>\n\t<meta property=\"og:image:type\" content=\"image\/jpeg\" \/>\n<meta name=\"author\" content=\"Navne\" \/>\n<meta name=\"twitter:card\" content=\"summary_large_image\" \/>\n<meta name=\"twitter:label1\" content=\"Skrevet af\" \/>\n\t<meta name=\"twitter:data1\" content=\"Navne\" \/>\n\t<meta name=\"twitter:label2\" content=\"Estimeret l\u00e6setid\" \/>\n\t<meta name=\"twitter:data2\" content=\"3 minutter\" \/>\n<script type=\"application\/ld+json\" class=\"yoast-schema-graph\">{\"@context\":\"https:\/\/schema.org\",\"@graph\":[{\"@type\":\"Article\",\"@id\":\"https:\/\/kunmedierne.dk\/mors\/mindeord-for-anne-heide\/#article\",\"isPartOf\":{\"@id\":\"https:\/\/kunmedierne.dk\/mors\/mindeord-for-anne-heide\/\"},\"author\":{\"name\":\"Navne\",\"@id\":\"https:\/\/kunmedierne.dk\/mors\/#\/schema\/person\/f084885f8161963bb583d8604763a6b7\"},\"headline\":\"Mindeord for Anne Heide\",\"datePublished\":\"2021-07-18T07:05:11+00:00\",\"dateModified\":\"2024-08-07T12:45:30+00:00\",\"mainEntityOfPage\":{\"@id\":\"https:\/\/kunmedierne.dk\/mors\/mindeord-for-anne-heide\/\"},\"wordCount\":418,\"commentCount\":0,\"publisher\":{\"@id\":\"https:\/\/kunmedierne.dk\/mors\/#organization\"},\"image\":{\"@id\":\"https:\/\/kunmedierne.dk\/mors\/mindeord-for-anne-heide\/#primaryimage\"},\"thumbnailUrl\":\"https:\/\/kunmedierne.dk\/mors\/wp-content\/uploads\/2021\/07\/mindeord-anne-heide.jpg\",\"articleSection\":[\"Navne\"],\"inLanguage\":\"da-DK\",\"potentialAction\":[{\"@type\":\"CommentAction\",\"name\":\"Comment\",\"target\":[\"https:\/\/kunmedierne.dk\/mors\/mindeord-for-anne-heide\/#respond\"]}]},{\"@type\":\"WebPage\",\"@id\":\"https:\/\/kunmedierne.dk\/mors\/mindeord-for-anne-heide\/\",\"url\":\"https:\/\/kunmedierne.dk\/mors\/mindeord-for-anne-heide\/\",\"name\":\"Mindeord for Anne Heide - Mors\",\"isPartOf\":{\"@id\":\"https:\/\/kunmedierne.dk\/mors\/#website\"},\"primaryImageOfPage\":{\"@id\":\"https:\/\/kunmedierne.dk\/mors\/mindeord-for-anne-heide\/#primaryimage\"},\"image\":{\"@id\":\"https:\/\/kunmedierne.dk\/mors\/mindeord-for-anne-heide\/#primaryimage\"},\"thumbnailUrl\":\"https:\/\/kunmedierne.dk\/mors\/wp-content\/uploads\/2021\/07\/mindeord-anne-heide.jpg\",\"datePublished\":\"2021-07-18T07:05:11+00:00\",\"dateModified\":\"2024-08-07T12:45:30+00:00\",\"breadcrumb\":{\"@id\":\"https:\/\/kunmedierne.dk\/mors\/mindeord-for-anne-heide\/#breadcrumb\"},\"inLanguage\":\"da-DK\",\"potentialAction\":[{\"@type\":\"ReadAction\",\"target\":[\"https:\/\/kunmedierne.dk\/mors\/mindeord-for-anne-heide\/\"]}]},{\"@type\":\"ImageObject\",\"inLanguage\":\"da-DK\",\"@id\":\"https:\/\/kunmedierne.dk\/mors\/mindeord-for-anne-heide\/#primaryimage\",\"url\":\"https:\/\/kunmedierne.dk\/mors\/wp-content\/uploads\/2021\/07\/mindeord-anne-heide.jpg\",\"contentUrl\":\"https:\/\/kunmedierne.dk\/mors\/wp-content\/uploads\/2021\/07\/mindeord-anne-heide.jpg\",\"width\":770,\"height\":513},{\"@type\":\"BreadcrumbList\",\"@id\":\"https:\/\/kunmedierne.dk\/mors\/mindeord-for-anne-heide\/#breadcrumb\",\"itemListElement\":[{\"@type\":\"ListItem\",\"position\":1,\"name\":\"Hjem\",\"item\":\"https:\/\/kunmedierne.dk\/mors\/\"},{\"@type\":\"ListItem\",\"position\":2,\"name\":\"Mindeord for Anne Heide\"}]},{\"@type\":\"WebSite\",\"@id\":\"https:\/\/kunmedierne.dk\/mors\/#website\",\"url\":\"https:\/\/kunmedierne.dk\/mors\/\",\"name\":\"Mors\",\"description\":\"et netmedie med journalistik om livet p\u00e5 Mors\",\"publisher\":{\"@id\":\"https:\/\/kunmedierne.dk\/mors\/#organization\"},\"potentialAction\":[{\"@type\":\"SearchAction\",\"target\":{\"@type\":\"EntryPoint\",\"urlTemplate\":\"https:\/\/kunmedierne.dk\/mors\/?s={search_term_string}\"},\"query-input\":{\"@type\":\"PropertyValueSpecification\",\"valueRequired\":true,\"valueName\":\"search_term_string\"}}],\"inLanguage\":\"da-DK\"},{\"@type\":\"Organization\",\"@id\":\"https:\/\/kunmedierne.dk\/mors\/#organization\",\"name\":\"Mors\",\"url\":\"https:\/\/kunmedierne.dk\/mors\/\",\"logo\":{\"@type\":\"ImageObject\",\"inLanguage\":\"da-DK\",\"@id\":\"https:\/\/kunmedierne.dk\/mors\/#\/schema\/logo\/image\/\",\"url\":\"https:\/\/kunmedierne.dk\/mors\/wp-content\/uploads\/2024\/08\/kunmors-logo.svg\",\"contentUrl\":\"https:\/\/kunmedierne.dk\/mors\/wp-content\/uploads\/2024\/08\/kunmors-logo.svg\",\"caption\":\"Mors\"},\"image\":{\"@id\":\"https:\/\/kunmedierne.dk\/mors\/#\/schema\/logo\/image\/\"}},{\"@type\":\"Person\",\"@id\":\"https:\/\/kunmedierne.dk\/mors\/#\/schema\/person\/f084885f8161963bb583d8604763a6b7\",\"name\":\"Navne\",\"image\":{\"@type\":\"ImageObject\",\"inLanguage\":\"da-DK\",\"@id\":\"https:\/\/kunmedierne.dk\/mors\/#\/schema\/person\/image\/\",\"url\":\"https:\/\/secure.gravatar.com\/avatar\/6f0953307eaee87813e8e3c90223d5589b093e56e7cc66b5575f901f7b5868a5?s=96&d=mm&r=g\",\"contentUrl\":\"https:\/\/secure.gravatar.com\/avatar\/6f0953307eaee87813e8e3c90223d5589b093e56e7cc66b5575f901f7b5868a5?s=96&d=mm&r=g\",\"caption\":\"Navne\"},\"url\":\"https:\/\/kunmedierne.dk\/mors\/author\/navne\/\"}]}<\/script>\n<!-- \/ Yoast SEO plugin. -->","yoast_head_json":{"title":"Mindeord for Anne Heide - Mors","robots":{"index":"index","follow":"follow","max-snippet":"max-snippet:-1","max-image-preview":"max-image-preview:large","max-video-preview":"max-video-preview:-1"},"canonical":"https:\/\/kunmedierne.dk\/mors\/mindeord-for-anne-heide\/","og_locale":"da_DK","og_type":"article","og_title":"Mindeord for Anne Heide - Mors","og_description":"Mindeord \u2013 Anne Heide (d\u00f8d 5. juli 2021). Anne Heide er d\u00f8d. Helt uforst\u00e5eligt, urimeligt og chokerende for os i hendes omgivelser har hun forladt os i en alder af kun 41 \u00e5r \u2013 efter kort tids sygdom. Anne var p\u00e5 nogen m\u00e5der en meget stille person, men med en kraft og ro, der skabte [&hellip;]","og_url":"https:\/\/kunmedierne.dk\/mors\/mindeord-for-anne-heide\/","og_site_name":"Mors","article_published_time":"2021-07-18T07:05:11+00:00","article_modified_time":"2024-08-07T12:45:30+00:00","og_image":[{"width":770,"height":513,"url":"https:\/\/kunmedierne.dk\/mors\/wp-content\/uploads\/2021\/07\/mindeord-anne-heide.jpg","type":"image\/jpeg"}],"author":"Navne","twitter_card":"summary_large_image","twitter_misc":{"Skrevet af":"Navne","Estimeret l\u00e6setid":"3 minutter"},"schema":{"@context":"https:\/\/schema.org","@graph":[{"@type":"Article","@id":"https:\/\/kunmedierne.dk\/mors\/mindeord-for-anne-heide\/#article","isPartOf":{"@id":"https:\/\/kunmedierne.dk\/mors\/mindeord-for-anne-heide\/"},"author":{"name":"Navne","@id":"https:\/\/kunmedierne.dk\/mors\/#\/schema\/person\/f084885f8161963bb583d8604763a6b7"},"headline":"Mindeord for Anne Heide","datePublished":"2021-07-18T07:05:11+00:00","dateModified":"2024-08-07T12:45:30+00:00","mainEntityOfPage":{"@id":"https:\/\/kunmedierne.dk\/mors\/mindeord-for-anne-heide\/"},"wordCount":418,"commentCount":0,"publisher":{"@id":"https:\/\/kunmedierne.dk\/mors\/#organization"},"image":{"@id":"https:\/\/kunmedierne.dk\/mors\/mindeord-for-anne-heide\/#primaryimage"},"thumbnailUrl":"https:\/\/kunmedierne.dk\/mors\/wp-content\/uploads\/2021\/07\/mindeord-anne-heide.jpg","articleSection":["Navne"],"inLanguage":"da-DK","potentialAction":[{"@type":"CommentAction","name":"Comment","target":["https:\/\/kunmedierne.dk\/mors\/mindeord-for-anne-heide\/#respond"]}]},{"@type":"WebPage","@id":"https:\/\/kunmedierne.dk\/mors\/mindeord-for-anne-heide\/","url":"https:\/\/kunmedierne.dk\/mors\/mindeord-for-anne-heide\/","name":"Mindeord for Anne Heide - Mors","isPartOf":{"@id":"https:\/\/kunmedierne.dk\/mors\/#website"},"primaryImageOfPage":{"@id":"https:\/\/kunmedierne.dk\/mors\/mindeord-for-anne-heide\/#primaryimage"},"image":{"@id":"https:\/\/kunmedierne.dk\/mors\/mindeord-for-anne-heide\/#primaryimage"},"thumbnailUrl":"https:\/\/kunmedierne.dk\/mors\/wp-content\/uploads\/2021\/07\/mindeord-anne-heide.jpg","datePublished":"2021-07-18T07:05:11+00:00","dateModified":"2024-08-07T12:45:30+00:00","breadcrumb":{"@id":"https:\/\/kunmedierne.dk\/mors\/mindeord-for-anne-heide\/#breadcrumb"},"inLanguage":"da-DK","potentialAction":[{"@type":"ReadAction","target":["https:\/\/kunmedierne.dk\/mors\/mindeord-for-anne-heide\/"]}]},{"@type":"ImageObject","inLanguage":"da-DK","@id":"https:\/\/kunmedierne.dk\/mors\/mindeord-for-anne-heide\/#primaryimage","url":"https:\/\/kunmedierne.dk\/mors\/wp-content\/uploads\/2021\/07\/mindeord-anne-heide.jpg","contentUrl":"https:\/\/kunmedierne.dk\/mors\/wp-content\/uploads\/2021\/07\/mindeord-anne-heide.jpg","width":770,"height":513},{"@type":"BreadcrumbList","@id":"https:\/\/kunmedierne.dk\/mors\/mindeord-for-anne-heide\/#breadcrumb","itemListElement":[{"@type":"ListItem","position":1,"name":"Hjem","item":"https:\/\/kunmedierne.dk\/mors\/"},{"@type":"ListItem","position":2,"name":"Mindeord for Anne Heide"}]},{"@type":"WebSite","@id":"https:\/\/kunmedierne.dk\/mors\/#website","url":"https:\/\/kunmedierne.dk\/mors\/","name":"Mors","description":"et netmedie med journalistik om livet p\u00e5 Mors","publisher":{"@id":"https:\/\/kunmedierne.dk\/mors\/#organization"},"potentialAction":[{"@type":"SearchAction","target":{"@type":"EntryPoint","urlTemplate":"https:\/\/kunmedierne.dk\/mors\/?s={search_term_string}"},"query-input":{"@type":"PropertyValueSpecification","valueRequired":true,"valueName":"search_term_string"}}],"inLanguage":"da-DK"},{"@type":"Organization","@id":"https:\/\/kunmedierne.dk\/mors\/#organization","name":"Mors","url":"https:\/\/kunmedierne.dk\/mors\/","logo":{"@type":"ImageObject","inLanguage":"da-DK","@id":"https:\/\/kunmedierne.dk\/mors\/#\/schema\/logo\/image\/","url":"https:\/\/kunmedierne.dk\/mors\/wp-content\/uploads\/2024\/08\/kunmors-logo.svg","contentUrl":"https:\/\/kunmedierne.dk\/mors\/wp-content\/uploads\/2024\/08\/kunmors-logo.svg","caption":"Mors"},"image":{"@id":"https:\/\/kunmedierne.dk\/mors\/#\/schema\/logo\/image\/"}},{"@type":"Person","@id":"https:\/\/kunmedierne.dk\/mors\/#\/schema\/person\/f084885f8161963bb583d8604763a6b7","name":"Navne","image":{"@type":"ImageObject","inLanguage":"da-DK","@id":"https:\/\/kunmedierne.dk\/mors\/#\/schema\/person\/image\/","url":"https:\/\/secure.gravatar.com\/avatar\/6f0953307eaee87813e8e3c90223d5589b093e56e7cc66b5575f901f7b5868a5?s=96&d=mm&r=g","contentUrl":"https:\/\/secure.gravatar.com\/avatar\/6f0953307eaee87813e8e3c90223d5589b093e56e7cc66b5575f901f7b5868a5?s=96&d=mm&r=g","caption":"Navne"},"url":"https:\/\/kunmedierne.dk\/mors\/author\/navne\/"}]}},"_links":{"self":[{"href":"https:\/\/kunmedierne.dk\/mors\/wp-json\/wp\/v2\/posts\/48898","targetHints":{"allow":["GET"]}}],"collection":[{"href":"https:\/\/kunmedierne.dk\/mors\/wp-json\/wp\/v2\/posts"}],"about":[{"href":"https:\/\/kunmedierne.dk\/mors\/wp-json\/wp\/v2\/types\/post"}],"author":[{"embeddable":true,"href":"https:\/\/kunmedierne.dk\/mors\/wp-json\/wp\/v2\/users\/264"}],"replies":[{"embeddable":true,"href":"https:\/\/kunmedierne.dk\/mors\/wp-json\/wp\/v2\/comments?post=48898"}],"version-history":[{"count":3,"href":"https:\/\/kunmedierne.dk\/mors\/wp-json\/wp\/v2\/posts\/48898\/revisions"}],"predecessor-version":[{"id":48904,"href":"https:\/\/kunmedierne.dk\/mors\/wp-json\/wp\/v2\/posts\/48898\/revisions\/48904"}],"wp:featuredmedia":[{"embeddable":true,"href":"https:\/\/kunmedierne.dk\/mors\/wp-json\/wp\/v2\/media\/48900"}],"wp:attachment":[{"href":"https:\/\/kunmedierne.dk\/mors\/wp-json\/wp\/v2\/media?parent=48898"}],"wp:term":[{"taxonomy":"category","embeddable":true,"href":"https:\/\/kunmedierne.dk\/mors\/wp-json\/wp\/v2\/categories?post=48898"},{"taxonomy":"post_tag","embeddable":true,"href":"https:\/\/kunmedierne.dk\/mors\/wp-json\/wp\/v2\/tags?post=48898"}],"curies":[{"name":"wp","href":"https:\/\/api.w.org\/{rel}","templated":true}]}}