{"id":48094,"date":"2021-07-02T08:32:58","date_gmt":"2021-07-02T06:32:58","guid":{"rendered":"https:\/\/kunmedierne.dk\/mors\/?p=48094"},"modified":"2024-08-07T14:45:34","modified_gmt":"2024-08-07T12:45:34","slug":"aah-ja-det-er-skam-valgaar","status":"publish","type":"post","link":"https:\/\/kunmedierne.dk\/mors\/aah-ja-det-er-skam-valgaar\/","title":{"rendered":"&#8211; \u00c5h ja, det er skam valg\u00e5r!"},"content":{"rendered":"<p><em>Ellen Philipsen Dahl, medlem af kommunalbestyrelsen, har p\u00e5 vegne af Demokratisk Balance sendt dette l\u00e6serbrev:<\/em><\/p>\n<hr \/>\n<p><strong>NYK\u00d8BING<\/strong>: Jeg havde egentlig besluttet ikke at slutte mig til koret omkring \u00d8rodde, da jeg rent faktisk synes, at den politiske debat efterh\u00e5nden n\u00e6rmer sig det pinlige. Men jeg blev alligevel s\u00e5 provokeret af den indholdsm\u00e6ssige sk\u00e6vvridning, at jeg m\u00e5 komme med en kort bem\u00e6rkning.<\/p>\n<p>Til almen oplysning var titlen\/temaet p\u00e5 punkt 76 p\u00e5 tirsdagens kommunalbestyrelsesm\u00f8de: \u201dForslag til Kommuneplan 2021 \u2013 2033\u201d. Alts\u00e5 et FORSLAG som kommunalbestyrelsen skulle vedtage at sende i h\u00f8ring hos borgerne p\u00e5 Mors.<\/p>\n<p>Et FORSLAG til Kommuneplan for HELE MORS!!! En plan, som omhandler en udviklingsdagsorden, der skal danne rammerne om fremtidens Mors. Et FORSLAG, der er brugt rigtig megen tid p\u00e5 at diskutere og udarbejde, omhandlende hele \u00f8en! En voldsomt sp\u00e6ndende og vigtig plan, som rummer s\u00e5 mange muligheder og udfordringer, der fortjener en ligev\u00e6rdig opm\u00e6rksomhed! <img loading=\"lazy\" decoding=\"async\" class=\"alignright size-full wp-image-46600\" src=\"https:\/\/kunmedierne.dk\/mors\/wp-content\/uploads\/2021\/06\/t09.jpg\" alt=\"\" width=\"1400\" height=\"125\" srcset=\"https:\/\/kunmedierne.dk\/mors\/wp-content\/uploads\/2021\/06\/t09.jpg 1400w, https:\/\/kunmedierne.dk\/mors\/wp-content\/uploads\/2021\/06\/t09-300x27.jpg 300w, https:\/\/kunmedierne.dk\/mors\/wp-content\/uploads\/2021\/06\/t09-1024x91.jpg 1024w, https:\/\/kunmedierne.dk\/mors\/wp-content\/uploads\/2021\/06\/t09-768x69.jpg 768w, https:\/\/kunmedierne.dk\/mors\/wp-content\/uploads\/2021\/06\/t09-600x54.jpg 600w\" sizes=\"auto, (max-width: 1400px) 100vw, 1400px\" \/><\/p>\n<p>Men hvad skete? \u2013 Populismen overtog den saglige debat, og \u00d8rodde stjal hele billedet!<\/p>\n<p>Jeg tror ikke ret mange, som kender min og Demokratisk Balances politiske program, er usikre p\u00e5, hvad vores holdning til \u00d8rodde er \u2013 Den har nemlig v\u00e6ret pr\u00e6cist den samme i 8 \u00e5r! \u00d8rodde skal v\u00e6re et rekreativt natur- og fritidsomr\u00e5de for ALLE. Og det er der nu rig mulighed for, det bliver, hvis de h\u00f8je instanser p\u00e5 Christiansborg giver tilladelsen. Vedlagte 5 \u00e5r gamle skitse taler vist sit tydelige sprog!<\/p>\n<p>Og n\u00e5r det s\u00e5 er sagt, vil vi i Demokratisk Balance opfordre kraftigt til, at blikket nu l\u00f8ftes m\u00e6rkbart, s\u00e5 vi kan f\u00e5 en sp\u00e6ndende, n\u00f8dvendig og vision\u00e6r diskussion om HELE Kommuneplanen for HELE Mors. Vi kan kun h\u00e5be p\u00e5, at morsingboerne ser bort fra denne pinlige sn\u00e6versynethed og i stedet engagerer sig i hele planen, som den og vi borgere fortjener.<a href=\"https:\/\/konpap.dk\/\"><img loading=\"lazy\" decoding=\"async\" class=\"alignright size-full wp-image-48027\" src=\"https:\/\/kunmedierne.dk\/mors\/wp-content\/uploads\/2021\/07\/redoffice-2b.jpg\" alt=\"\" width=\"1400\" height=\"125\" srcset=\"https:\/\/kunmedierne.dk\/mors\/wp-content\/uploads\/2021\/07\/redoffice-2b.jpg 1400w, https:\/\/kunmedierne.dk\/mors\/wp-content\/uploads\/2021\/07\/redoffice-2b-300x27.jpg 300w, https:\/\/kunmedierne.dk\/mors\/wp-content\/uploads\/2021\/07\/redoffice-2b-1024x91.jpg 1024w, https:\/\/kunmedierne.dk\/mors\/wp-content\/uploads\/2021\/07\/redoffice-2b-768x69.jpg 768w, https:\/\/kunmedierne.dk\/mors\/wp-content\/uploads\/2021\/07\/redoffice-2b-600x54.jpg 600w\" sizes=\"auto, (max-width: 1400px) 100vw, 1400px\" \/><\/a><\/p>\n<p>At Socialdemokraterne og Radikale ikke mener, man kan stemme for at sende en Kommuneplan til h\u00f8ring hos borgerne, p\u00e5 baggrund af en holdningsdivergens omkring et omr\u00e5de p\u00e5 ca. 17.000 m2 holdt op imod de 368.000.000 m2 Mors fylder \u2013 ja, det n\u00e6rmer sig det groteske.<\/p>\n<p>P.S.<\/p>\n<p>Og s\u00e5 blot for at im\u00f8deg\u00e5 enhver tvivl og konspirationsteori \u2013 Ja s\u00e5 har Demokratisk Balance ikke taget endelig stilling til evt. udstykning af den nuv\u00e6rende campingplads. Det vil vi lade bero p\u00e5 en vision\u00e6r og gennemarbejdet helhedsplan, udarbejdet for hele omr\u00e5det i sammenh\u00e6ng med den \u00f8vrige kyststr\u00e6kning langs Nyk\u00f8bing. Men hvis campingpladsen evt. udstykkes, t\u00e6nker vi almene generationsboliger, der vil kunne sikre en befolknings- og aldersm\u00e6ssig forskellighed.<\/p>\n<p>Rigtig god sommer!<\/p>\n<div id=\"attachment_48095\" style=\"width: 780px\" class=\"wp-caption alignright\"><img loading=\"lazy\" decoding=\"async\" aria-describedby=\"caption-attachment-48095\" class=\"size-full wp-image-48095\" src=\"https:\/\/kunmedierne.dk\/mors\/wp-content\/uploads\/2021\/07\/oerodde.jpg\" alt=\"\" width=\"770\" height=\"351\" srcset=\"https:\/\/kunmedierne.dk\/mors\/wp-content\/uploads\/2021\/07\/oerodde.jpg 770w, https:\/\/kunmedierne.dk\/mors\/wp-content\/uploads\/2021\/07\/oerodde-300x137.jpg 300w, https:\/\/kunmedierne.dk\/mors\/wp-content\/uploads\/2021\/07\/oerodde-768x350.jpg 768w, https:\/\/kunmedierne.dk\/mors\/wp-content\/uploads\/2021\/07\/oerodde-600x274.jpg 600w\" sizes=\"auto, (max-width: 770px) 100vw, 770px\" \/><p id=\"caption-attachment-48095\" class=\"wp-caption-text\">Skitse vedlagt Ellen Philipsen Dahls debatindl\u00e6g.<\/p><\/div>\n<hr \/>\n<p><em>Har du et bidrag til den lokale debat? Send det til os p\u00e5 e-mail: debat@kunmedierne.dk\/mors. Husk at l\u00e6se korrektur inden afsendelse p\u00e5 indl\u00e6gget.<\/em><\/p>\n","protected":false},"excerpt":{"rendered":"<p>Ellen Philipsen Dahl, medlem af kommunalbestyrelsen, har p\u00e5 vegne af Demokratisk Balance sendt dette l\u00e6serbrev: NYK\u00d8BING: Jeg havde egentlig besluttet ikke at slutte mig til koret omkring \u00d8rodde, da jeg rent faktisk synes, at den politiske debat efterh\u00e5nden n\u00e6rmer sig det pinlige. Men jeg blev alligevel s\u00e5 provokeret af den indholdsm\u00e6ssige sk\u00e6vvridning, at jeg m\u00e5 [&hellip;]<\/p>\n","protected":false},"author":11,"featured_media":18974,"comment_status":"open","ping_status":"open","sticky":false,"template":"","format":"standard","meta":{"_acf_changed":false,"footnotes":""},"categories":[56],"tags":[167],"class_list":["post-48094","post","type-post","status-publish","format-standard","has-post-thumbnail","hentry","category-debat","tag-politik"],"acf":[],"yoast_head":"<!-- This site is optimized with the Yoast SEO plugin v26.8 - https:\/\/yoast.com\/product\/yoast-seo-wordpress\/ -->\n<title>- \u00c5h ja, det er skam valg\u00e5r! - Mors<\/title>\n<meta name=\"robots\" content=\"index, follow, max-snippet:-1, max-image-preview:large, max-video-preview:-1\" \/>\n<link rel=\"canonical\" href=\"https:\/\/kunmedierne.dk\/mors\/aah-ja-det-er-skam-valgaar\/\" \/>\n<meta property=\"og:locale\" content=\"da_DK\" \/>\n<meta property=\"og:type\" content=\"article\" \/>\n<meta property=\"og:title\" content=\"- \u00c5h ja, det er skam valg\u00e5r! - Mors\" \/>\n<meta property=\"og:description\" content=\"Ellen Philipsen Dahl, medlem af kommunalbestyrelsen, har p\u00e5 vegne af Demokratisk Balance sendt dette l\u00e6serbrev: NYK\u00d8BING: Jeg havde egentlig besluttet ikke at slutte mig til koret omkring \u00d8rodde, da jeg rent faktisk synes, at den politiske debat efterh\u00e5nden n\u00e6rmer sig det pinlige. Men jeg blev alligevel s\u00e5 provokeret af den indholdsm\u00e6ssige sk\u00e6vvridning, at jeg m\u00e5 [&hellip;]\" \/>\n<meta property=\"og:url\" content=\"https:\/\/kunmedierne.dk\/mors\/aah-ja-det-er-skam-valgaar\/\" \/>\n<meta property=\"og:site_name\" content=\"Mors\" \/>\n<meta property=\"article:published_time\" content=\"2021-07-02T06:32:58+00:00\" \/>\n<meta property=\"article:modified_time\" content=\"2024-08-07T12:45:34+00:00\" \/>\n<meta property=\"og:image\" content=\"https:\/\/kunmedierne.dk\/mors\/wp-content\/uploads\/2020\/04\/0-debat-ellen-philipsen-dahl-M.jpg\" \/>\n\t<meta property=\"og:image:width\" content=\"770\" \/>\n\t<meta property=\"og:image:height\" content=\"513\" \/>\n\t<meta property=\"og:image:type\" content=\"image\/jpeg\" \/>\n<meta name=\"author\" content=\"Debat\" \/>\n<meta name=\"twitter:card\" content=\"summary_large_image\" \/>\n<meta name=\"twitter:label1\" content=\"Skrevet af\" \/>\n\t<meta name=\"twitter:data1\" content=\"Debat\" \/>\n\t<meta name=\"twitter:label2\" content=\"Estimeret l\u00e6setid\" \/>\n\t<meta name=\"twitter:data2\" content=\"3 minutter\" \/>\n<script type=\"application\/ld+json\" class=\"yoast-schema-graph\">{\"@context\":\"https:\/\/schema.org\",\"@graph\":[{\"@type\":\"Article\",\"@id\":\"https:\/\/kunmedierne.dk\/mors\/aah-ja-det-er-skam-valgaar\/#article\",\"isPartOf\":{\"@id\":\"https:\/\/kunmedierne.dk\/mors\/aah-ja-det-er-skam-valgaar\/\"},\"author\":{\"name\":\"Debat\",\"@id\":\"https:\/\/kunmedierne.dk\/mors\/#\/schema\/person\/84c1391bce0b43b9bb3a49736bc0ad78\"},\"headline\":\"&#8211; \u00c5h ja, det er skam valg\u00e5r!\",\"datePublished\":\"2021-07-02T06:32:58+00:00\",\"dateModified\":\"2024-08-07T12:45:34+00:00\",\"mainEntityOfPage\":{\"@id\":\"https:\/\/kunmedierne.dk\/mors\/aah-ja-det-er-skam-valgaar\/\"},\"wordCount\":486,\"commentCount\":0,\"publisher\":{\"@id\":\"https:\/\/kunmedierne.dk\/mors\/#organization\"},\"image\":{\"@id\":\"https:\/\/kunmedierne.dk\/mors\/aah-ja-det-er-skam-valgaar\/#primaryimage\"},\"thumbnailUrl\":\"https:\/\/kunmedierne.dk\/mors\/wp-content\/uploads\/2020\/04\/0-debat-ellen-philipsen-dahl-M.jpg\",\"keywords\":[\"Politik\"],\"articleSection\":[\"Debat\"],\"inLanguage\":\"da-DK\",\"potentialAction\":[{\"@type\":\"CommentAction\",\"name\":\"Comment\",\"target\":[\"https:\/\/kunmedierne.dk\/mors\/aah-ja-det-er-skam-valgaar\/#respond\"]}]},{\"@type\":\"WebPage\",\"@id\":\"https:\/\/kunmedierne.dk\/mors\/aah-ja-det-er-skam-valgaar\/\",\"url\":\"https:\/\/kunmedierne.dk\/mors\/aah-ja-det-er-skam-valgaar\/\",\"name\":\"- \u00c5h ja, det er skam valg\u00e5r! - Mors\",\"isPartOf\":{\"@id\":\"https:\/\/kunmedierne.dk\/mors\/#website\"},\"primaryImageOfPage\":{\"@id\":\"https:\/\/kunmedierne.dk\/mors\/aah-ja-det-er-skam-valgaar\/#primaryimage\"},\"image\":{\"@id\":\"https:\/\/kunmedierne.dk\/mors\/aah-ja-det-er-skam-valgaar\/#primaryimage\"},\"thumbnailUrl\":\"https:\/\/kunmedierne.dk\/mors\/wp-content\/uploads\/2020\/04\/0-debat-ellen-philipsen-dahl-M.jpg\",\"datePublished\":\"2021-07-02T06:32:58+00:00\",\"dateModified\":\"2024-08-07T12:45:34+00:00\",\"breadcrumb\":{\"@id\":\"https:\/\/kunmedierne.dk\/mors\/aah-ja-det-er-skam-valgaar\/#breadcrumb\"},\"inLanguage\":\"da-DK\",\"potentialAction\":[{\"@type\":\"ReadAction\",\"target\":[\"https:\/\/kunmedierne.dk\/mors\/aah-ja-det-er-skam-valgaar\/\"]}]},{\"@type\":\"ImageObject\",\"inLanguage\":\"da-DK\",\"@id\":\"https:\/\/kunmedierne.dk\/mors\/aah-ja-det-er-skam-valgaar\/#primaryimage\",\"url\":\"https:\/\/kunmedierne.dk\/mors\/wp-content\/uploads\/2020\/04\/0-debat-ellen-philipsen-dahl-M.jpg\",\"contentUrl\":\"https:\/\/kunmedierne.dk\/mors\/wp-content\/uploads\/2020\/04\/0-debat-ellen-philipsen-dahl-M.jpg\",\"width\":770,\"height\":513,\"caption\":\"Ellen Philipsen Dahl. Foto: Per Bech\/Mors\u00f8 Kommune.\"},{\"@type\":\"BreadcrumbList\",\"@id\":\"https:\/\/kunmedierne.dk\/mors\/aah-ja-det-er-skam-valgaar\/#breadcrumb\",\"itemListElement\":[{\"@type\":\"ListItem\",\"position\":1,\"name\":\"Hjem\",\"item\":\"https:\/\/kunmedierne.dk\/mors\/\"},{\"@type\":\"ListItem\",\"position\":2,\"name\":\"&#8211; \u00c5h ja, det er skam valg\u00e5r!\"}]},{\"@type\":\"WebSite\",\"@id\":\"https:\/\/kunmedierne.dk\/mors\/#website\",\"url\":\"https:\/\/kunmedierne.dk\/mors\/\",\"name\":\"Mors\",\"description\":\"et netmedie med journalistik om livet p\u00e5 Mors\",\"publisher\":{\"@id\":\"https:\/\/kunmedierne.dk\/mors\/#organization\"},\"potentialAction\":[{\"@type\":\"SearchAction\",\"target\":{\"@type\":\"EntryPoint\",\"urlTemplate\":\"https:\/\/kunmedierne.dk\/mors\/?s={search_term_string}\"},\"query-input\":{\"@type\":\"PropertyValueSpecification\",\"valueRequired\":true,\"valueName\":\"search_term_string\"}}],\"inLanguage\":\"da-DK\"},{\"@type\":\"Organization\",\"@id\":\"https:\/\/kunmedierne.dk\/mors\/#organization\",\"name\":\"Mors\",\"url\":\"https:\/\/kunmedierne.dk\/mors\/\",\"logo\":{\"@type\":\"ImageObject\",\"inLanguage\":\"da-DK\",\"@id\":\"https:\/\/kunmedierne.dk\/mors\/#\/schema\/logo\/image\/\",\"url\":\"https:\/\/kunmedierne.dk\/mors\/wp-content\/uploads\/2024\/08\/kunmors-logo.svg\",\"contentUrl\":\"https:\/\/kunmedierne.dk\/mors\/wp-content\/uploads\/2024\/08\/kunmors-logo.svg\",\"caption\":\"Mors\"},\"image\":{\"@id\":\"https:\/\/kunmedierne.dk\/mors\/#\/schema\/logo\/image\/\"}},{\"@type\":\"Person\",\"@id\":\"https:\/\/kunmedierne.dk\/mors\/#\/schema\/person\/84c1391bce0b43b9bb3a49736bc0ad78\",\"name\":\"Debat\",\"image\":{\"@type\":\"ImageObject\",\"inLanguage\":\"da-DK\",\"@id\":\"https:\/\/kunmedierne.dk\/mors\/#\/schema\/person\/image\/\",\"url\":\"https:\/\/secure.gravatar.com\/avatar\/b0fb2e221d618f7c65162ab0d49c7e8a0b580c871ca03af90e42b47b4150654c?s=96&d=mm&r=g\",\"contentUrl\":\"https:\/\/secure.gravatar.com\/avatar\/b0fb2e221d618f7c65162ab0d49c7e8a0b580c871ca03af90e42b47b4150654c?s=96&d=mm&r=g\",\"caption\":\"Debat\"},\"url\":\"https:\/\/kunmedierne.dk\/mors\/author\/debat\/\"}]}<\/script>\n<!-- \/ Yoast SEO plugin. -->","yoast_head_json":{"title":"- \u00c5h ja, det er skam valg\u00e5r! - Mors","robots":{"index":"index","follow":"follow","max-snippet":"max-snippet:-1","max-image-preview":"max-image-preview:large","max-video-preview":"max-video-preview:-1"},"canonical":"https:\/\/kunmedierne.dk\/mors\/aah-ja-det-er-skam-valgaar\/","og_locale":"da_DK","og_type":"article","og_title":"- \u00c5h ja, det er skam valg\u00e5r! - Mors","og_description":"Ellen Philipsen Dahl, medlem af kommunalbestyrelsen, har p\u00e5 vegne af Demokratisk Balance sendt dette l\u00e6serbrev: NYK\u00d8BING: Jeg havde egentlig besluttet ikke at slutte mig til koret omkring \u00d8rodde, da jeg rent faktisk synes, at den politiske debat efterh\u00e5nden n\u00e6rmer sig det pinlige. Men jeg blev alligevel s\u00e5 provokeret af den indholdsm\u00e6ssige sk\u00e6vvridning, at jeg m\u00e5 [&hellip;]","og_url":"https:\/\/kunmedierne.dk\/mors\/aah-ja-det-er-skam-valgaar\/","og_site_name":"Mors","article_published_time":"2021-07-02T06:32:58+00:00","article_modified_time":"2024-08-07T12:45:34+00:00","og_image":[{"width":770,"height":513,"url":"https:\/\/kunmedierne.dk\/mors\/wp-content\/uploads\/2020\/04\/0-debat-ellen-philipsen-dahl-M.jpg","type":"image\/jpeg"}],"author":"Debat","twitter_card":"summary_large_image","twitter_misc":{"Skrevet af":"Debat","Estimeret l\u00e6setid":"3 minutter"},"schema":{"@context":"https:\/\/schema.org","@graph":[{"@type":"Article","@id":"https:\/\/kunmedierne.dk\/mors\/aah-ja-det-er-skam-valgaar\/#article","isPartOf":{"@id":"https:\/\/kunmedierne.dk\/mors\/aah-ja-det-er-skam-valgaar\/"},"author":{"name":"Debat","@id":"https:\/\/kunmedierne.dk\/mors\/#\/schema\/person\/84c1391bce0b43b9bb3a49736bc0ad78"},"headline":"&#8211; \u00c5h ja, det er skam valg\u00e5r!","datePublished":"2021-07-02T06:32:58+00:00","dateModified":"2024-08-07T12:45:34+00:00","mainEntityOfPage":{"@id":"https:\/\/kunmedierne.dk\/mors\/aah-ja-det-er-skam-valgaar\/"},"wordCount":486,"commentCount":0,"publisher":{"@id":"https:\/\/kunmedierne.dk\/mors\/#organization"},"image":{"@id":"https:\/\/kunmedierne.dk\/mors\/aah-ja-det-er-skam-valgaar\/#primaryimage"},"thumbnailUrl":"https:\/\/kunmedierne.dk\/mors\/wp-content\/uploads\/2020\/04\/0-debat-ellen-philipsen-dahl-M.jpg","keywords":["Politik"],"articleSection":["Debat"],"inLanguage":"da-DK","potentialAction":[{"@type":"CommentAction","name":"Comment","target":["https:\/\/kunmedierne.dk\/mors\/aah-ja-det-er-skam-valgaar\/#respond"]}]},{"@type":"WebPage","@id":"https:\/\/kunmedierne.dk\/mors\/aah-ja-det-er-skam-valgaar\/","url":"https:\/\/kunmedierne.dk\/mors\/aah-ja-det-er-skam-valgaar\/","name":"- \u00c5h ja, det er skam valg\u00e5r! - Mors","isPartOf":{"@id":"https:\/\/kunmedierne.dk\/mors\/#website"},"primaryImageOfPage":{"@id":"https:\/\/kunmedierne.dk\/mors\/aah-ja-det-er-skam-valgaar\/#primaryimage"},"image":{"@id":"https:\/\/kunmedierne.dk\/mors\/aah-ja-det-er-skam-valgaar\/#primaryimage"},"thumbnailUrl":"https:\/\/kunmedierne.dk\/mors\/wp-content\/uploads\/2020\/04\/0-debat-ellen-philipsen-dahl-M.jpg","datePublished":"2021-07-02T06:32:58+00:00","dateModified":"2024-08-07T12:45:34+00:00","breadcrumb":{"@id":"https:\/\/kunmedierne.dk\/mors\/aah-ja-det-er-skam-valgaar\/#breadcrumb"},"inLanguage":"da-DK","potentialAction":[{"@type":"ReadAction","target":["https:\/\/kunmedierne.dk\/mors\/aah-ja-det-er-skam-valgaar\/"]}]},{"@type":"ImageObject","inLanguage":"da-DK","@id":"https:\/\/kunmedierne.dk\/mors\/aah-ja-det-er-skam-valgaar\/#primaryimage","url":"https:\/\/kunmedierne.dk\/mors\/wp-content\/uploads\/2020\/04\/0-debat-ellen-philipsen-dahl-M.jpg","contentUrl":"https:\/\/kunmedierne.dk\/mors\/wp-content\/uploads\/2020\/04\/0-debat-ellen-philipsen-dahl-M.jpg","width":770,"height":513,"caption":"Ellen Philipsen Dahl. Foto: Per Bech\/Mors\u00f8 Kommune."},{"@type":"BreadcrumbList","@id":"https:\/\/kunmedierne.dk\/mors\/aah-ja-det-er-skam-valgaar\/#breadcrumb","itemListElement":[{"@type":"ListItem","position":1,"name":"Hjem","item":"https:\/\/kunmedierne.dk\/mors\/"},{"@type":"ListItem","position":2,"name":"&#8211; \u00c5h ja, det er skam valg\u00e5r!"}]},{"@type":"WebSite","@id":"https:\/\/kunmedierne.dk\/mors\/#website","url":"https:\/\/kunmedierne.dk\/mors\/","name":"Mors","description":"et netmedie med journalistik om livet p\u00e5 Mors","publisher":{"@id":"https:\/\/kunmedierne.dk\/mors\/#organization"},"potentialAction":[{"@type":"SearchAction","target":{"@type":"EntryPoint","urlTemplate":"https:\/\/kunmedierne.dk\/mors\/?s={search_term_string}"},"query-input":{"@type":"PropertyValueSpecification","valueRequired":true,"valueName":"search_term_string"}}],"inLanguage":"da-DK"},{"@type":"Organization","@id":"https:\/\/kunmedierne.dk\/mors\/#organization","name":"Mors","url":"https:\/\/kunmedierne.dk\/mors\/","logo":{"@type":"ImageObject","inLanguage":"da-DK","@id":"https:\/\/kunmedierne.dk\/mors\/#\/schema\/logo\/image\/","url":"https:\/\/kunmedierne.dk\/mors\/wp-content\/uploads\/2024\/08\/kunmors-logo.svg","contentUrl":"https:\/\/kunmedierne.dk\/mors\/wp-content\/uploads\/2024\/08\/kunmors-logo.svg","caption":"Mors"},"image":{"@id":"https:\/\/kunmedierne.dk\/mors\/#\/schema\/logo\/image\/"}},{"@type":"Person","@id":"https:\/\/kunmedierne.dk\/mors\/#\/schema\/person\/84c1391bce0b43b9bb3a49736bc0ad78","name":"Debat","image":{"@type":"ImageObject","inLanguage":"da-DK","@id":"https:\/\/kunmedierne.dk\/mors\/#\/schema\/person\/image\/","url":"https:\/\/secure.gravatar.com\/avatar\/b0fb2e221d618f7c65162ab0d49c7e8a0b580c871ca03af90e42b47b4150654c?s=96&d=mm&r=g","contentUrl":"https:\/\/secure.gravatar.com\/avatar\/b0fb2e221d618f7c65162ab0d49c7e8a0b580c871ca03af90e42b47b4150654c?s=96&d=mm&r=g","caption":"Debat"},"url":"https:\/\/kunmedierne.dk\/mors\/author\/debat\/"}]}},"_links":{"self":[{"href":"https:\/\/kunmedierne.dk\/mors\/wp-json\/wp\/v2\/posts\/48094","targetHints":{"allow":["GET"]}}],"collection":[{"href":"https:\/\/kunmedierne.dk\/mors\/wp-json\/wp\/v2\/posts"}],"about":[{"href":"https:\/\/kunmedierne.dk\/mors\/wp-json\/wp\/v2\/types\/post"}],"author":[{"embeddable":true,"href":"https:\/\/kunmedierne.dk\/mors\/wp-json\/wp\/v2\/users\/11"}],"replies":[{"embeddable":true,"href":"https:\/\/kunmedierne.dk\/mors\/wp-json\/wp\/v2\/comments?post=48094"}],"version-history":[{"count":1,"href":"https:\/\/kunmedierne.dk\/mors\/wp-json\/wp\/v2\/posts\/48094\/revisions"}],"predecessor-version":[{"id":48096,"href":"https:\/\/kunmedierne.dk\/mors\/wp-json\/wp\/v2\/posts\/48094\/revisions\/48096"}],"wp:featuredmedia":[{"embeddable":true,"href":"https:\/\/kunmedierne.dk\/mors\/wp-json\/wp\/v2\/media\/18974"}],"wp:attachment":[{"href":"https:\/\/kunmedierne.dk\/mors\/wp-json\/wp\/v2\/media?parent=48094"}],"wp:term":[{"taxonomy":"category","embeddable":true,"href":"https:\/\/kunmedierne.dk\/mors\/wp-json\/wp\/v2\/categories?post=48094"},{"taxonomy":"post_tag","embeddable":true,"href":"https:\/\/kunmedierne.dk\/mors\/wp-json\/wp\/v2\/tags?post=48094"}],"curies":[{"name":"wp","href":"https:\/\/api.w.org\/{rel}","templated":true}]}}