{"id":48044,"date":"2021-07-01T11:32:43","date_gmt":"2021-07-01T09:32:43","guid":{"rendered":"https:\/\/kunmedierne.dk\/mors\/?p=48044"},"modified":"2024-08-07T14:45:35","modified_gmt":"2024-08-07T12:45:35","slug":"45-aars-jubilaeum-hos-fjordland","status":"publish","type":"post","link":"https:\/\/kunmedierne.dk\/mors\/45-aars-jubilaeum-hos-fjordland\/","title":{"rendered":"45 \u00e5rs jubil\u00e6um hos Fjordland"},"content":{"rendered":"<p><strong>MORS<\/strong>: En ny landboforening i Danmark er kun f\u00e5 dage gammel, men en medarbejder fra Mors har i dag v\u00e6ret med i 45 \u00e5r.<\/p>\n<p>Det er Anne Marie Aggerholm, som 1. juli 2021 kan fejre sit 45 \u00e5rs jubil\u00e6um. Fjordland fort\u00e6ller om morsingboen, at hun effektivt og med godt hum\u00f8r betjener en fast gruppe af kunder med alt fra bogf\u00f8ring til regnskabsafslutning. Blandt kollegaer er Anne Marie Aggerholm kendt for at tage en ekstra t\u00f8rn for at hj\u00e6lpe andre.<\/p>\n<p>&#8220;Vi \u00f8nsker Anne Marie stort tillykke med jubil\u00e6et,&#8221; lyder det fra Fjordland.<\/p>\n<p>Landboforeningens formandsskab blev <a href=\"https:\/\/kunmedierne.dk\/mors\/formandsskabet-i-fjordland-paa-plads\/\" target=\"_blank\" rel=\"noopener\">konstitueret forleden<\/a> i en fusion mellem Landboforeningen Limfjord, Lemvigegnens Landboforening og LandboThy.<\/p>\n<hr \/>\n<p><em>Har du eller din virksomhed et bidrag til navnesiden p\u00e5 KunMors? Send en e-mail til os p\u00e5: navne@kunmedierne.dk\/mors.<\/em><\/p>\n","protected":false},"excerpt":{"rendered":"<p>MORS: En ny landboforening i Danmark er kun f\u00e5 dage gammel, men en medarbejder fra Mors har i dag v\u00e6ret med i 45 \u00e5r. Det er Anne Marie Aggerholm, som 1. juli 2021 kan fejre sit 45 \u00e5rs jubil\u00e6um. Fjordland fort\u00e6ller om morsingboen, at hun effektivt og med godt hum\u00f8r betjener en fast gruppe af [&hellip;]<\/p>\n","protected":false},"author":264,"featured_media":48045,"comment_status":"open","ping_status":"open","sticky":false,"template":"","format":"standard","meta":{"_acf_changed":false,"footnotes":""},"categories":[52],"tags":[],"class_list":["post-48044","post","type-post","status-publish","format-standard","has-post-thumbnail","hentry","category-navne"],"acf":[],"yoast_head":"<!-- This site is optimized with the Yoast SEO plugin v26.8 - https:\/\/yoast.com\/product\/yoast-seo-wordpress\/ -->\n<title>45 \u00e5rs jubil\u00e6um hos Fjordland - Mors<\/title>\n<meta name=\"robots\" content=\"index, follow, max-snippet:-1, max-image-preview:large, max-video-preview:-1\" \/>\n<link rel=\"canonical\" href=\"https:\/\/kunmedierne.dk\/mors\/45-aars-jubilaeum-hos-fjordland\/\" \/>\n<meta property=\"og:locale\" content=\"da_DK\" \/>\n<meta property=\"og:type\" content=\"article\" \/>\n<meta property=\"og:title\" content=\"45 \u00e5rs jubil\u00e6um hos Fjordland - Mors\" \/>\n<meta property=\"og:description\" content=\"MORS: En ny landboforening i Danmark er kun f\u00e5 dage gammel, men en medarbejder fra Mors har i dag v\u00e6ret med i 45 \u00e5r. Det er Anne Marie Aggerholm, som 1. juli 2021 kan fejre sit 45 \u00e5rs jubil\u00e6um. Fjordland fort\u00e6ller om morsingboen, at hun effektivt og med godt hum\u00f8r betjener en fast gruppe af [&hellip;]\" \/>\n<meta property=\"og:url\" content=\"https:\/\/kunmedierne.dk\/mors\/45-aars-jubilaeum-hos-fjordland\/\" \/>\n<meta property=\"og:site_name\" content=\"Mors\" \/>\n<meta property=\"article:published_time\" content=\"2021-07-01T09:32:43+00:00\" \/>\n<meta property=\"article:modified_time\" content=\"2024-08-07T12:45:35+00:00\" \/>\n<meta property=\"og:image\" content=\"https:\/\/kunmedierne.dk\/mors\/wp-content\/uploads\/2021\/07\/amaggerholm.jpg\" \/>\n\t<meta property=\"og:image:width\" content=\"770\" \/>\n\t<meta property=\"og:image:height\" content=\"513\" \/>\n\t<meta property=\"og:image:type\" content=\"image\/jpeg\" \/>\n<meta name=\"author\" content=\"Navne\" \/>\n<meta name=\"twitter:card\" content=\"summary_large_image\" \/>\n<meta name=\"twitter:label1\" content=\"Skrevet af\" \/>\n\t<meta name=\"twitter:data1\" content=\"Navne\" \/>\n\t<meta name=\"twitter:label2\" content=\"Estimeret l\u00e6setid\" \/>\n\t<meta name=\"twitter:data2\" content=\"1 minut\" \/>\n<script type=\"application\/ld+json\" class=\"yoast-schema-graph\">{\"@context\":\"https:\/\/schema.org\",\"@graph\":[{\"@type\":\"Article\",\"@id\":\"https:\/\/kunmedierne.dk\/mors\/45-aars-jubilaeum-hos-fjordland\/#article\",\"isPartOf\":{\"@id\":\"https:\/\/kunmedierne.dk\/mors\/45-aars-jubilaeum-hos-fjordland\/\"},\"author\":{\"name\":\"Navne\",\"@id\":\"https:\/\/kunmedierne.dk\/mors\/#\/schema\/person\/f084885f8161963bb583d8604763a6b7\"},\"headline\":\"45 \u00e5rs jubil\u00e6um hos Fjordland\",\"datePublished\":\"2021-07-01T09:32:43+00:00\",\"dateModified\":\"2024-08-07T12:45:35+00:00\",\"mainEntityOfPage\":{\"@id\":\"https:\/\/kunmedierne.dk\/mors\/45-aars-jubilaeum-hos-fjordland\/\"},\"wordCount\":136,\"commentCount\":0,\"publisher\":{\"@id\":\"https:\/\/kunmedierne.dk\/mors\/#organization\"},\"image\":{\"@id\":\"https:\/\/kunmedierne.dk\/mors\/45-aars-jubilaeum-hos-fjordland\/#primaryimage\"},\"thumbnailUrl\":\"https:\/\/kunmedierne.dk\/mors\/wp-content\/uploads\/2021\/07\/amaggerholm.jpg\",\"articleSection\":[\"Navne\"],\"inLanguage\":\"da-DK\",\"potentialAction\":[{\"@type\":\"CommentAction\",\"name\":\"Comment\",\"target\":[\"https:\/\/kunmedierne.dk\/mors\/45-aars-jubilaeum-hos-fjordland\/#respond\"]}]},{\"@type\":\"WebPage\",\"@id\":\"https:\/\/kunmedierne.dk\/mors\/45-aars-jubilaeum-hos-fjordland\/\",\"url\":\"https:\/\/kunmedierne.dk\/mors\/45-aars-jubilaeum-hos-fjordland\/\",\"name\":\"45 \u00e5rs jubil\u00e6um hos Fjordland - Mors\",\"isPartOf\":{\"@id\":\"https:\/\/kunmedierne.dk\/mors\/#website\"},\"primaryImageOfPage\":{\"@id\":\"https:\/\/kunmedierne.dk\/mors\/45-aars-jubilaeum-hos-fjordland\/#primaryimage\"},\"image\":{\"@id\":\"https:\/\/kunmedierne.dk\/mors\/45-aars-jubilaeum-hos-fjordland\/#primaryimage\"},\"thumbnailUrl\":\"https:\/\/kunmedierne.dk\/mors\/wp-content\/uploads\/2021\/07\/amaggerholm.jpg\",\"datePublished\":\"2021-07-01T09:32:43+00:00\",\"dateModified\":\"2024-08-07T12:45:35+00:00\",\"breadcrumb\":{\"@id\":\"https:\/\/kunmedierne.dk\/mors\/45-aars-jubilaeum-hos-fjordland\/#breadcrumb\"},\"inLanguage\":\"da-DK\",\"potentialAction\":[{\"@type\":\"ReadAction\",\"target\":[\"https:\/\/kunmedierne.dk\/mors\/45-aars-jubilaeum-hos-fjordland\/\"]}]},{\"@type\":\"ImageObject\",\"inLanguage\":\"da-DK\",\"@id\":\"https:\/\/kunmedierne.dk\/mors\/45-aars-jubilaeum-hos-fjordland\/#primaryimage\",\"url\":\"https:\/\/kunmedierne.dk\/mors\/wp-content\/uploads\/2021\/07\/amaggerholm.jpg\",\"contentUrl\":\"https:\/\/kunmedierne.dk\/mors\/wp-content\/uploads\/2021\/07\/amaggerholm.jpg\",\"width\":770,\"height\":513},{\"@type\":\"BreadcrumbList\",\"@id\":\"https:\/\/kunmedierne.dk\/mors\/45-aars-jubilaeum-hos-fjordland\/#breadcrumb\",\"itemListElement\":[{\"@type\":\"ListItem\",\"position\":1,\"name\":\"Hjem\",\"item\":\"https:\/\/kunmedierne.dk\/mors\/\"},{\"@type\":\"ListItem\",\"position\":2,\"name\":\"45 \u00e5rs jubil\u00e6um hos Fjordland\"}]},{\"@type\":\"WebSite\",\"@id\":\"https:\/\/kunmedierne.dk\/mors\/#website\",\"url\":\"https:\/\/kunmedierne.dk\/mors\/\",\"name\":\"Mors\",\"description\":\"et netmedie med journalistik om livet p\u00e5 Mors\",\"publisher\":{\"@id\":\"https:\/\/kunmedierne.dk\/mors\/#organization\"},\"potentialAction\":[{\"@type\":\"SearchAction\",\"target\":{\"@type\":\"EntryPoint\",\"urlTemplate\":\"https:\/\/kunmedierne.dk\/mors\/?s={search_term_string}\"},\"query-input\":{\"@type\":\"PropertyValueSpecification\",\"valueRequired\":true,\"valueName\":\"search_term_string\"}}],\"inLanguage\":\"da-DK\"},{\"@type\":\"Organization\",\"@id\":\"https:\/\/kunmedierne.dk\/mors\/#organization\",\"name\":\"Mors\",\"url\":\"https:\/\/kunmedierne.dk\/mors\/\",\"logo\":{\"@type\":\"ImageObject\",\"inLanguage\":\"da-DK\",\"@id\":\"https:\/\/kunmedierne.dk\/mors\/#\/schema\/logo\/image\/\",\"url\":\"https:\/\/kunmedierne.dk\/mors\/wp-content\/uploads\/2024\/08\/kunmors-logo.svg\",\"contentUrl\":\"https:\/\/kunmedierne.dk\/mors\/wp-content\/uploads\/2024\/08\/kunmors-logo.svg\",\"caption\":\"Mors\"},\"image\":{\"@id\":\"https:\/\/kunmedierne.dk\/mors\/#\/schema\/logo\/image\/\"}},{\"@type\":\"Person\",\"@id\":\"https:\/\/kunmedierne.dk\/mors\/#\/schema\/person\/f084885f8161963bb583d8604763a6b7\",\"name\":\"Navne\",\"image\":{\"@type\":\"ImageObject\",\"inLanguage\":\"da-DK\",\"@id\":\"https:\/\/kunmedierne.dk\/mors\/#\/schema\/person\/image\/\",\"url\":\"https:\/\/secure.gravatar.com\/avatar\/6f0953307eaee87813e8e3c90223d5589b093e56e7cc66b5575f901f7b5868a5?s=96&d=mm&r=g\",\"contentUrl\":\"https:\/\/secure.gravatar.com\/avatar\/6f0953307eaee87813e8e3c90223d5589b093e56e7cc66b5575f901f7b5868a5?s=96&d=mm&r=g\",\"caption\":\"Navne\"},\"url\":\"https:\/\/kunmedierne.dk\/mors\/author\/navne\/\"}]}<\/script>\n<!-- \/ Yoast SEO plugin. -->","yoast_head_json":{"title":"45 \u00e5rs jubil\u00e6um hos Fjordland - Mors","robots":{"index":"index","follow":"follow","max-snippet":"max-snippet:-1","max-image-preview":"max-image-preview:large","max-video-preview":"max-video-preview:-1"},"canonical":"https:\/\/kunmedierne.dk\/mors\/45-aars-jubilaeum-hos-fjordland\/","og_locale":"da_DK","og_type":"article","og_title":"45 \u00e5rs jubil\u00e6um hos Fjordland - Mors","og_description":"MORS: En ny landboforening i Danmark er kun f\u00e5 dage gammel, men en medarbejder fra Mors har i dag v\u00e6ret med i 45 \u00e5r. Det er Anne Marie Aggerholm, som 1. juli 2021 kan fejre sit 45 \u00e5rs jubil\u00e6um. Fjordland fort\u00e6ller om morsingboen, at hun effektivt og med godt hum\u00f8r betjener en fast gruppe af [&hellip;]","og_url":"https:\/\/kunmedierne.dk\/mors\/45-aars-jubilaeum-hos-fjordland\/","og_site_name":"Mors","article_published_time":"2021-07-01T09:32:43+00:00","article_modified_time":"2024-08-07T12:45:35+00:00","og_image":[{"width":770,"height":513,"url":"https:\/\/kunmedierne.dk\/mors\/wp-content\/uploads\/2021\/07\/amaggerholm.jpg","type":"image\/jpeg"}],"author":"Navne","twitter_card":"summary_large_image","twitter_misc":{"Skrevet af":"Navne","Estimeret l\u00e6setid":"1 minut"},"schema":{"@context":"https:\/\/schema.org","@graph":[{"@type":"Article","@id":"https:\/\/kunmedierne.dk\/mors\/45-aars-jubilaeum-hos-fjordland\/#article","isPartOf":{"@id":"https:\/\/kunmedierne.dk\/mors\/45-aars-jubilaeum-hos-fjordland\/"},"author":{"name":"Navne","@id":"https:\/\/kunmedierne.dk\/mors\/#\/schema\/person\/f084885f8161963bb583d8604763a6b7"},"headline":"45 \u00e5rs jubil\u00e6um hos Fjordland","datePublished":"2021-07-01T09:32:43+00:00","dateModified":"2024-08-07T12:45:35+00:00","mainEntityOfPage":{"@id":"https:\/\/kunmedierne.dk\/mors\/45-aars-jubilaeum-hos-fjordland\/"},"wordCount":136,"commentCount":0,"publisher":{"@id":"https:\/\/kunmedierne.dk\/mors\/#organization"},"image":{"@id":"https:\/\/kunmedierne.dk\/mors\/45-aars-jubilaeum-hos-fjordland\/#primaryimage"},"thumbnailUrl":"https:\/\/kunmedierne.dk\/mors\/wp-content\/uploads\/2021\/07\/amaggerholm.jpg","articleSection":["Navne"],"inLanguage":"da-DK","potentialAction":[{"@type":"CommentAction","name":"Comment","target":["https:\/\/kunmedierne.dk\/mors\/45-aars-jubilaeum-hos-fjordland\/#respond"]}]},{"@type":"WebPage","@id":"https:\/\/kunmedierne.dk\/mors\/45-aars-jubilaeum-hos-fjordland\/","url":"https:\/\/kunmedierne.dk\/mors\/45-aars-jubilaeum-hos-fjordland\/","name":"45 \u00e5rs jubil\u00e6um hos Fjordland - Mors","isPartOf":{"@id":"https:\/\/kunmedierne.dk\/mors\/#website"},"primaryImageOfPage":{"@id":"https:\/\/kunmedierne.dk\/mors\/45-aars-jubilaeum-hos-fjordland\/#primaryimage"},"image":{"@id":"https:\/\/kunmedierne.dk\/mors\/45-aars-jubilaeum-hos-fjordland\/#primaryimage"},"thumbnailUrl":"https:\/\/kunmedierne.dk\/mors\/wp-content\/uploads\/2021\/07\/amaggerholm.jpg","datePublished":"2021-07-01T09:32:43+00:00","dateModified":"2024-08-07T12:45:35+00:00","breadcrumb":{"@id":"https:\/\/kunmedierne.dk\/mors\/45-aars-jubilaeum-hos-fjordland\/#breadcrumb"},"inLanguage":"da-DK","potentialAction":[{"@type":"ReadAction","target":["https:\/\/kunmedierne.dk\/mors\/45-aars-jubilaeum-hos-fjordland\/"]}]},{"@type":"ImageObject","inLanguage":"da-DK","@id":"https:\/\/kunmedierne.dk\/mors\/45-aars-jubilaeum-hos-fjordland\/#primaryimage","url":"https:\/\/kunmedierne.dk\/mors\/wp-content\/uploads\/2021\/07\/amaggerholm.jpg","contentUrl":"https:\/\/kunmedierne.dk\/mors\/wp-content\/uploads\/2021\/07\/amaggerholm.jpg","width":770,"height":513},{"@type":"BreadcrumbList","@id":"https:\/\/kunmedierne.dk\/mors\/45-aars-jubilaeum-hos-fjordland\/#breadcrumb","itemListElement":[{"@type":"ListItem","position":1,"name":"Hjem","item":"https:\/\/kunmedierne.dk\/mors\/"},{"@type":"ListItem","position":2,"name":"45 \u00e5rs jubil\u00e6um hos Fjordland"}]},{"@type":"WebSite","@id":"https:\/\/kunmedierne.dk\/mors\/#website","url":"https:\/\/kunmedierne.dk\/mors\/","name":"Mors","description":"et netmedie med journalistik om livet p\u00e5 Mors","publisher":{"@id":"https:\/\/kunmedierne.dk\/mors\/#organization"},"potentialAction":[{"@type":"SearchAction","target":{"@type":"EntryPoint","urlTemplate":"https:\/\/kunmedierne.dk\/mors\/?s={search_term_string}"},"query-input":{"@type":"PropertyValueSpecification","valueRequired":true,"valueName":"search_term_string"}}],"inLanguage":"da-DK"},{"@type":"Organization","@id":"https:\/\/kunmedierne.dk\/mors\/#organization","name":"Mors","url":"https:\/\/kunmedierne.dk\/mors\/","logo":{"@type":"ImageObject","inLanguage":"da-DK","@id":"https:\/\/kunmedierne.dk\/mors\/#\/schema\/logo\/image\/","url":"https:\/\/kunmedierne.dk\/mors\/wp-content\/uploads\/2024\/08\/kunmors-logo.svg","contentUrl":"https:\/\/kunmedierne.dk\/mors\/wp-content\/uploads\/2024\/08\/kunmors-logo.svg","caption":"Mors"},"image":{"@id":"https:\/\/kunmedierne.dk\/mors\/#\/schema\/logo\/image\/"}},{"@type":"Person","@id":"https:\/\/kunmedierne.dk\/mors\/#\/schema\/person\/f084885f8161963bb583d8604763a6b7","name":"Navne","image":{"@type":"ImageObject","inLanguage":"da-DK","@id":"https:\/\/kunmedierne.dk\/mors\/#\/schema\/person\/image\/","url":"https:\/\/secure.gravatar.com\/avatar\/6f0953307eaee87813e8e3c90223d5589b093e56e7cc66b5575f901f7b5868a5?s=96&d=mm&r=g","contentUrl":"https:\/\/secure.gravatar.com\/avatar\/6f0953307eaee87813e8e3c90223d5589b093e56e7cc66b5575f901f7b5868a5?s=96&d=mm&r=g","caption":"Navne"},"url":"https:\/\/kunmedierne.dk\/mors\/author\/navne\/"}]}},"_links":{"self":[{"href":"https:\/\/kunmedierne.dk\/mors\/wp-json\/wp\/v2\/posts\/48044","targetHints":{"allow":["GET"]}}],"collection":[{"href":"https:\/\/kunmedierne.dk\/mors\/wp-json\/wp\/v2\/posts"}],"about":[{"href":"https:\/\/kunmedierne.dk\/mors\/wp-json\/wp\/v2\/types\/post"}],"author":[{"embeddable":true,"href":"https:\/\/kunmedierne.dk\/mors\/wp-json\/wp\/v2\/users\/264"}],"replies":[{"embeddable":true,"href":"https:\/\/kunmedierne.dk\/mors\/wp-json\/wp\/v2\/comments?post=48044"}],"version-history":[{"count":1,"href":"https:\/\/kunmedierne.dk\/mors\/wp-json\/wp\/v2\/posts\/48044\/revisions"}],"predecessor-version":[{"id":48046,"href":"https:\/\/kunmedierne.dk\/mors\/wp-json\/wp\/v2\/posts\/48044\/revisions\/48046"}],"wp:featuredmedia":[{"embeddable":true,"href":"https:\/\/kunmedierne.dk\/mors\/wp-json\/wp\/v2\/media\/48045"}],"wp:attachment":[{"href":"https:\/\/kunmedierne.dk\/mors\/wp-json\/wp\/v2\/media?parent=48044"}],"wp:term":[{"taxonomy":"category","embeddable":true,"href":"https:\/\/kunmedierne.dk\/mors\/wp-json\/wp\/v2\/categories?post=48044"},{"taxonomy":"post_tag","embeddable":true,"href":"https:\/\/kunmedierne.dk\/mors\/wp-json\/wp\/v2\/tags?post=48044"}],"curies":[{"name":"wp","href":"https:\/\/api.w.org\/{rel}","templated":true}]}}