{"id":48030,"date":"2021-07-01T10:23:55","date_gmt":"2021-07-01T08:23:55","guid":{"rendered":"https:\/\/kunmedierne.dk\/mors\/?p=48030"},"modified":"2024-08-07T14:45:35","modified_gmt":"2024-08-07T12:45:35","slug":"s-i-besynderlig-slingrekurs-om-oerodde","status":"publish","type":"post","link":"https:\/\/kunmedierne.dk\/mors\/s-i-besynderlig-slingrekurs-om-oerodde\/","title":{"rendered":"&#8211; S i besynderlig slingrekurs om \u00d8rodde"},"content":{"rendered":"<p><em>Hans Ejner Bertelsen (V), borgmester i Mors\u00f8 Kommune, har sendt dette debatindl\u00e6g.<\/em><\/p>\n<hr \/>\n<p><strong>MORS<\/strong>: Nordjyske fors\u00f8gte 30.06.21. at referere kommunalbestyrelsens debat om Mors\u00f8 Kommunes kommuneplan, herunder tankerne om mulig boligbebyggelse p\u00e5 campingpladsen ved \u00d8sterstrand. Jeg synes ikke, beslutningen i sagen fremgik s\u00e6rlig klart af artiklen. Men det skal ogs\u00e5 indr\u00f8mmes, at de politiske udmeldinger fra socialdemokraterne i denne sag kan v\u00e6re sv\u00e6re at hitte rede p\u00e5. <a href=\"https:\/\/www.fmspks.dk\/\"><img loading=\"lazy\" decoding=\"async\" class=\"alignright size-full wp-image-46592\" src=\"https:\/\/kunmedierne.dk\/mors\/wp-content\/uploads\/2021\/06\/t01.jpg\" alt=\"\" width=\"1400\" height=\"125\" srcset=\"https:\/\/kunmedierne.dk\/mors\/wp-content\/uploads\/2021\/06\/t01.jpg 1400w, https:\/\/kunmedierne.dk\/mors\/wp-content\/uploads\/2021\/06\/t01-300x27.jpg 300w, https:\/\/kunmedierne.dk\/mors\/wp-content\/uploads\/2021\/06\/t01-1024x91.jpg 1024w, https:\/\/kunmedierne.dk\/mors\/wp-content\/uploads\/2021\/06\/t01-768x69.jpg 768w, https:\/\/kunmedierne.dk\/mors\/wp-content\/uploads\/2021\/06\/t01-600x54.jpg 600w\" sizes=\"auto, (max-width: 1400px) 100vw, 1400px\" \/><\/a><\/p>\n<p>Her et kort og forh\u00e5bentlig mere klart resum\u00e9 af sagens forl\u00f8b:<\/p>\n<ul>\n<li>I 2017 stemte en enig kommunalbestyrelse \u2013 inklusive S-medlemmerne \u2013 for forslaget til kommuneplan. Et forslag, der gav mulighed for bebyggelse p\u00e5 \u00d8rodde.<\/li>\n<li>I 2019 stemte S sammen med den \u00f8vrige kommunalbestyrelse for Mors\u00f8 Kommunes forslag til planstrategi. Ogs\u00e5 her var \u00d8rodde udlagt som et muligt omr\u00e5de for byggeri.<\/li>\n<li>I 2021 bliver en del af \u00d8rodde, nemlig boldbanerne og \u201dKvajborgs Eng\u201d taget ud af planerne foranlediget af et forslag fra Venstre og Dansk Folkeparti.<\/li>\n<li>Da sagen efterf\u00f8lgende bliver behandlet i Udvalget for Teknik og Milj\u00f8, stemmer S for forslaget.<\/li>\n<li>Og da sagen bliver behandlet i \u00d8konomiudvalget forud for kommunalbestyrelsens seneste m\u00f8de, var b\u00e5de S og Radikale fortsat med p\u00e5 forslaget, herunder at der kan bygges boliger p\u00e5 den nuv\u00e6rende campingplads, som s\u00e5 kan flyttes til et andet omr\u00e5de ved stranden.<\/li>\n<li>Men under debatten i kommunalbestyrelsen g\u00e5r b\u00e5de S og R pludselig imod det forslag, de hele vejen igennem har st\u00f8ttet.<\/li>\n<li>Og da vi kommer til afstemning, svigter modet dem alligevel. De stemmer ikke imod \u2013 men undlader at stemme.<\/li>\n<\/ul>\n<p>Alts\u00e5 et tomt slag i luften og en besynderlig slingrekurs.<\/p>\n<p>Det kalder desuden til eftertanke, at R og S slet ikke forholder sig til den kendsgerning, at der er behov for indt\u00e6gterne fra salget af byggegrundene p\u00e5 den nuv\u00e6rende campingplads, hvis vi skal have r\u00e5d til at udvikle ikke blot p\u00e5 \u00d8rodde, men p\u00e5 hele Mors. Og det er trist, at R og S glemmer, at baggrunden for, at vi har kunnet fastholde en god service og samtidig have mulighed for at udvikle, skyldes en ansvarlig \u00f8konomisk politik. <a href=\"https:\/\/vester-begr.dk\"><img loading=\"lazy\" decoding=\"async\" class=\"alignright size-full wp-image-46593\" src=\"https:\/\/kunmedierne.dk\/mors\/wp-content\/uploads\/2021\/06\/t02.jpg\" alt=\"\" width=\"1400\" height=\"125\" srcset=\"https:\/\/kunmedierne.dk\/mors\/wp-content\/uploads\/2021\/06\/t02.jpg 1400w, https:\/\/kunmedierne.dk\/mors\/wp-content\/uploads\/2021\/06\/t02-300x27.jpg 300w, https:\/\/kunmedierne.dk\/mors\/wp-content\/uploads\/2021\/06\/t02-1024x91.jpg 1024w, https:\/\/kunmedierne.dk\/mors\/wp-content\/uploads\/2021\/06\/t02-768x69.jpg 768w, https:\/\/kunmedierne.dk\/mors\/wp-content\/uploads\/2021\/06\/t02-600x54.jpg 600w\" sizes=\"auto, (max-width: 1400px) 100vw, 1400px\" \/><\/a><\/p>\n<p>Der er brug for flere byggegrunde i Nyk\u00f8bing, s\u00e5 vi kan efterkomme den eftersp\u00f8rgsel, vi ser. Det ville v\u00e6re brand\u00e6rgerligt, hvis man valgte at bos\u00e6tte sig i vore nabokommuner, fordi vi ikke kan tilbyde attraktive byn\u00e6re byggegrunde.<\/p>\n<p>Den kommuneplan, der blev vedtaget af fire partier og nu er sendt i h\u00f8ring, er resultatet af et stort og seri\u00f8st arbejde, og vil v\u00e6re et godt afs\u00e6t for udviklingen p\u00e5 hele Mors i de n\u00e6ste 4 \u00e5r og videre frem mod 2033.<\/p>\n<hr \/>\n<p><em>Har du et bidrag til den lokale debat? Send det til os p\u00e5 e-mail: debat@kunmedierne.dk\/mors. Husk at l\u00e6se korrektur inden afsendelse p\u00e5 indl\u00e6gget.<\/em><\/p>\n","protected":false},"excerpt":{"rendered":"<p>Hans Ejner Bertelsen (V), borgmester i Mors\u00f8 Kommune, har sendt dette debatindl\u00e6g. MORS: Nordjyske fors\u00f8gte 30.06.21. at referere kommunalbestyrelsens debat om Mors\u00f8 Kommunes kommuneplan, herunder tankerne om mulig boligbebyggelse p\u00e5 campingpladsen ved \u00d8sterstrand. Jeg synes ikke, beslutningen i sagen fremgik s\u00e6rlig klart af artiklen. Men det skal ogs\u00e5 indr\u00f8mmes, at de politiske udmeldinger fra socialdemokraterne [&hellip;]<\/p>\n","protected":false},"author":11,"featured_media":13995,"comment_status":"open","ping_status":"open","sticky":false,"template":"","format":"standard","meta":{"_acf_changed":false,"footnotes":""},"categories":[56],"tags":[167],"class_list":["post-48030","post","type-post","status-publish","format-standard","has-post-thumbnail","hentry","category-debat","tag-politik"],"acf":[],"yoast_head":"<!-- This site is optimized with the Yoast SEO plugin v26.8 - https:\/\/yoast.com\/product\/yoast-seo-wordpress\/ -->\n<title>- S i besynderlig slingrekurs om \u00d8rodde - Mors<\/title>\n<meta name=\"robots\" content=\"index, follow, max-snippet:-1, max-image-preview:large, max-video-preview:-1\" \/>\n<link rel=\"canonical\" href=\"https:\/\/kunmedierne.dk\/mors\/s-i-besynderlig-slingrekurs-om-oerodde\/\" \/>\n<meta property=\"og:locale\" content=\"da_DK\" \/>\n<meta property=\"og:type\" content=\"article\" \/>\n<meta property=\"og:title\" content=\"- S i besynderlig slingrekurs om \u00d8rodde - Mors\" \/>\n<meta property=\"og:description\" content=\"Hans Ejner Bertelsen (V), borgmester i Mors\u00f8 Kommune, har sendt dette debatindl\u00e6g. MORS: Nordjyske fors\u00f8gte 30.06.21. at referere kommunalbestyrelsens debat om Mors\u00f8 Kommunes kommuneplan, herunder tankerne om mulig boligbebyggelse p\u00e5 campingpladsen ved \u00d8sterstrand. Jeg synes ikke, beslutningen i sagen fremgik s\u00e6rlig klart af artiklen. Men det skal ogs\u00e5 indr\u00f8mmes, at de politiske udmeldinger fra socialdemokraterne [&hellip;]\" \/>\n<meta property=\"og:url\" content=\"https:\/\/kunmedierne.dk\/mors\/s-i-besynderlig-slingrekurs-om-oerodde\/\" \/>\n<meta property=\"og:site_name\" content=\"Mors\" \/>\n<meta property=\"article:published_time\" content=\"2021-07-01T08:23:55+00:00\" \/>\n<meta property=\"article:modified_time\" content=\"2024-08-07T12:45:35+00:00\" \/>\n<meta property=\"og:image\" content=\"https:\/\/kunmedierne.dk\/mors\/wp-content\/uploads\/2020\/03\/200101-hans-ejner-bertelsen-V.jpg\" \/>\n\t<meta property=\"og:image:width\" content=\"770\" \/>\n\t<meta property=\"og:image:height\" content=\"513\" \/>\n\t<meta property=\"og:image:type\" content=\"image\/jpeg\" \/>\n<meta name=\"author\" content=\"Debat\" \/>\n<meta name=\"twitter:card\" content=\"summary_large_image\" \/>\n<meta name=\"twitter:label1\" content=\"Skrevet af\" \/>\n\t<meta name=\"twitter:data1\" content=\"Debat\" \/>\n\t<meta name=\"twitter:label2\" content=\"Estimeret l\u00e6setid\" \/>\n\t<meta name=\"twitter:data2\" content=\"3 minutter\" \/>\n<script type=\"application\/ld+json\" class=\"yoast-schema-graph\">{\"@context\":\"https:\/\/schema.org\",\"@graph\":[{\"@type\":\"Article\",\"@id\":\"https:\/\/kunmedierne.dk\/mors\/s-i-besynderlig-slingrekurs-om-oerodde\/#article\",\"isPartOf\":{\"@id\":\"https:\/\/kunmedierne.dk\/mors\/s-i-besynderlig-slingrekurs-om-oerodde\/\"},\"author\":{\"name\":\"Debat\",\"@id\":\"https:\/\/kunmedierne.dk\/mors\/#\/schema\/person\/84c1391bce0b43b9bb3a49736bc0ad78\"},\"headline\":\"&#8211; S i besynderlig slingrekurs om \u00d8rodde\",\"datePublished\":\"2021-07-01T08:23:55+00:00\",\"dateModified\":\"2024-08-07T12:45:35+00:00\",\"mainEntityOfPage\":{\"@id\":\"https:\/\/kunmedierne.dk\/mors\/s-i-besynderlig-slingrekurs-om-oerodde\/\"},\"wordCount\":469,\"commentCount\":0,\"publisher\":{\"@id\":\"https:\/\/kunmedierne.dk\/mors\/#organization\"},\"image\":{\"@id\":\"https:\/\/kunmedierne.dk\/mors\/s-i-besynderlig-slingrekurs-om-oerodde\/#primaryimage\"},\"thumbnailUrl\":\"https:\/\/kunmedierne.dk\/mors\/wp-content\/uploads\/2020\/03\/200101-hans-ejner-bertelsen-V.jpg\",\"keywords\":[\"Politik\"],\"articleSection\":[\"Debat\"],\"inLanguage\":\"da-DK\",\"potentialAction\":[{\"@type\":\"CommentAction\",\"name\":\"Comment\",\"target\":[\"https:\/\/kunmedierne.dk\/mors\/s-i-besynderlig-slingrekurs-om-oerodde\/#respond\"]}]},{\"@type\":\"WebPage\",\"@id\":\"https:\/\/kunmedierne.dk\/mors\/s-i-besynderlig-slingrekurs-om-oerodde\/\",\"url\":\"https:\/\/kunmedierne.dk\/mors\/s-i-besynderlig-slingrekurs-om-oerodde\/\",\"name\":\"- S i besynderlig slingrekurs om \u00d8rodde - Mors\",\"isPartOf\":{\"@id\":\"https:\/\/kunmedierne.dk\/mors\/#website\"},\"primaryImageOfPage\":{\"@id\":\"https:\/\/kunmedierne.dk\/mors\/s-i-besynderlig-slingrekurs-om-oerodde\/#primaryimage\"},\"image\":{\"@id\":\"https:\/\/kunmedierne.dk\/mors\/s-i-besynderlig-slingrekurs-om-oerodde\/#primaryimage\"},\"thumbnailUrl\":\"https:\/\/kunmedierne.dk\/mors\/wp-content\/uploads\/2020\/03\/200101-hans-ejner-bertelsen-V.jpg\",\"datePublished\":\"2021-07-01T08:23:55+00:00\",\"dateModified\":\"2024-08-07T12:45:35+00:00\",\"breadcrumb\":{\"@id\":\"https:\/\/kunmedierne.dk\/mors\/s-i-besynderlig-slingrekurs-om-oerodde\/#breadcrumb\"},\"inLanguage\":\"da-DK\",\"potentialAction\":[{\"@type\":\"ReadAction\",\"target\":[\"https:\/\/kunmedierne.dk\/mors\/s-i-besynderlig-slingrekurs-om-oerodde\/\"]}]},{\"@type\":\"ImageObject\",\"inLanguage\":\"da-DK\",\"@id\":\"https:\/\/kunmedierne.dk\/mors\/s-i-besynderlig-slingrekurs-om-oerodde\/#primaryimage\",\"url\":\"https:\/\/kunmedierne.dk\/mors\/wp-content\/uploads\/2020\/03\/200101-hans-ejner-bertelsen-V.jpg\",\"contentUrl\":\"https:\/\/kunmedierne.dk\/mors\/wp-content\/uploads\/2020\/03\/200101-hans-ejner-bertelsen-V.jpg\",\"width\":770,\"height\":513,\"caption\":\"Borgmester Hans Ejner Bertelsen (V). Foto: Per Bech\/Mors\u00f8 Kommune.\"},{\"@type\":\"BreadcrumbList\",\"@id\":\"https:\/\/kunmedierne.dk\/mors\/s-i-besynderlig-slingrekurs-om-oerodde\/#breadcrumb\",\"itemListElement\":[{\"@type\":\"ListItem\",\"position\":1,\"name\":\"Hjem\",\"item\":\"https:\/\/kunmedierne.dk\/mors\/\"},{\"@type\":\"ListItem\",\"position\":2,\"name\":\"&#8211; S i besynderlig slingrekurs om \u00d8rodde\"}]},{\"@type\":\"WebSite\",\"@id\":\"https:\/\/kunmedierne.dk\/mors\/#website\",\"url\":\"https:\/\/kunmedierne.dk\/mors\/\",\"name\":\"Mors\",\"description\":\"et netmedie med journalistik om livet p\u00e5 Mors\",\"publisher\":{\"@id\":\"https:\/\/kunmedierne.dk\/mors\/#organization\"},\"potentialAction\":[{\"@type\":\"SearchAction\",\"target\":{\"@type\":\"EntryPoint\",\"urlTemplate\":\"https:\/\/kunmedierne.dk\/mors\/?s={search_term_string}\"},\"query-input\":{\"@type\":\"PropertyValueSpecification\",\"valueRequired\":true,\"valueName\":\"search_term_string\"}}],\"inLanguage\":\"da-DK\"},{\"@type\":\"Organization\",\"@id\":\"https:\/\/kunmedierne.dk\/mors\/#organization\",\"name\":\"Mors\",\"url\":\"https:\/\/kunmedierne.dk\/mors\/\",\"logo\":{\"@type\":\"ImageObject\",\"inLanguage\":\"da-DK\",\"@id\":\"https:\/\/kunmedierne.dk\/mors\/#\/schema\/logo\/image\/\",\"url\":\"https:\/\/kunmedierne.dk\/mors\/wp-content\/uploads\/2024\/08\/kunmors-logo.svg\",\"contentUrl\":\"https:\/\/kunmedierne.dk\/mors\/wp-content\/uploads\/2024\/08\/kunmors-logo.svg\",\"caption\":\"Mors\"},\"image\":{\"@id\":\"https:\/\/kunmedierne.dk\/mors\/#\/schema\/logo\/image\/\"}},{\"@type\":\"Person\",\"@id\":\"https:\/\/kunmedierne.dk\/mors\/#\/schema\/person\/84c1391bce0b43b9bb3a49736bc0ad78\",\"name\":\"Debat\",\"image\":{\"@type\":\"ImageObject\",\"inLanguage\":\"da-DK\",\"@id\":\"https:\/\/kunmedierne.dk\/mors\/#\/schema\/person\/image\/\",\"url\":\"https:\/\/secure.gravatar.com\/avatar\/b0fb2e221d618f7c65162ab0d49c7e8a0b580c871ca03af90e42b47b4150654c?s=96&d=mm&r=g\",\"contentUrl\":\"https:\/\/secure.gravatar.com\/avatar\/b0fb2e221d618f7c65162ab0d49c7e8a0b580c871ca03af90e42b47b4150654c?s=96&d=mm&r=g\",\"caption\":\"Debat\"},\"url\":\"https:\/\/kunmedierne.dk\/mors\/author\/debat\/\"}]}<\/script>\n<!-- \/ Yoast SEO plugin. -->","yoast_head_json":{"title":"- S i besynderlig slingrekurs om \u00d8rodde - Mors","robots":{"index":"index","follow":"follow","max-snippet":"max-snippet:-1","max-image-preview":"max-image-preview:large","max-video-preview":"max-video-preview:-1"},"canonical":"https:\/\/kunmedierne.dk\/mors\/s-i-besynderlig-slingrekurs-om-oerodde\/","og_locale":"da_DK","og_type":"article","og_title":"- S i besynderlig slingrekurs om \u00d8rodde - Mors","og_description":"Hans Ejner Bertelsen (V), borgmester i Mors\u00f8 Kommune, har sendt dette debatindl\u00e6g. MORS: Nordjyske fors\u00f8gte 30.06.21. at referere kommunalbestyrelsens debat om Mors\u00f8 Kommunes kommuneplan, herunder tankerne om mulig boligbebyggelse p\u00e5 campingpladsen ved \u00d8sterstrand. Jeg synes ikke, beslutningen i sagen fremgik s\u00e6rlig klart af artiklen. Men det skal ogs\u00e5 indr\u00f8mmes, at de politiske udmeldinger fra socialdemokraterne [&hellip;]","og_url":"https:\/\/kunmedierne.dk\/mors\/s-i-besynderlig-slingrekurs-om-oerodde\/","og_site_name":"Mors","article_published_time":"2021-07-01T08:23:55+00:00","article_modified_time":"2024-08-07T12:45:35+00:00","og_image":[{"width":770,"height":513,"url":"https:\/\/kunmedierne.dk\/mors\/wp-content\/uploads\/2020\/03\/200101-hans-ejner-bertelsen-V.jpg","type":"image\/jpeg"}],"author":"Debat","twitter_card":"summary_large_image","twitter_misc":{"Skrevet af":"Debat","Estimeret l\u00e6setid":"3 minutter"},"schema":{"@context":"https:\/\/schema.org","@graph":[{"@type":"Article","@id":"https:\/\/kunmedierne.dk\/mors\/s-i-besynderlig-slingrekurs-om-oerodde\/#article","isPartOf":{"@id":"https:\/\/kunmedierne.dk\/mors\/s-i-besynderlig-slingrekurs-om-oerodde\/"},"author":{"name":"Debat","@id":"https:\/\/kunmedierne.dk\/mors\/#\/schema\/person\/84c1391bce0b43b9bb3a49736bc0ad78"},"headline":"&#8211; S i besynderlig slingrekurs om \u00d8rodde","datePublished":"2021-07-01T08:23:55+00:00","dateModified":"2024-08-07T12:45:35+00:00","mainEntityOfPage":{"@id":"https:\/\/kunmedierne.dk\/mors\/s-i-besynderlig-slingrekurs-om-oerodde\/"},"wordCount":469,"commentCount":0,"publisher":{"@id":"https:\/\/kunmedierne.dk\/mors\/#organization"},"image":{"@id":"https:\/\/kunmedierne.dk\/mors\/s-i-besynderlig-slingrekurs-om-oerodde\/#primaryimage"},"thumbnailUrl":"https:\/\/kunmedierne.dk\/mors\/wp-content\/uploads\/2020\/03\/200101-hans-ejner-bertelsen-V.jpg","keywords":["Politik"],"articleSection":["Debat"],"inLanguage":"da-DK","potentialAction":[{"@type":"CommentAction","name":"Comment","target":["https:\/\/kunmedierne.dk\/mors\/s-i-besynderlig-slingrekurs-om-oerodde\/#respond"]}]},{"@type":"WebPage","@id":"https:\/\/kunmedierne.dk\/mors\/s-i-besynderlig-slingrekurs-om-oerodde\/","url":"https:\/\/kunmedierne.dk\/mors\/s-i-besynderlig-slingrekurs-om-oerodde\/","name":"- S i besynderlig slingrekurs om \u00d8rodde - Mors","isPartOf":{"@id":"https:\/\/kunmedierne.dk\/mors\/#website"},"primaryImageOfPage":{"@id":"https:\/\/kunmedierne.dk\/mors\/s-i-besynderlig-slingrekurs-om-oerodde\/#primaryimage"},"image":{"@id":"https:\/\/kunmedierne.dk\/mors\/s-i-besynderlig-slingrekurs-om-oerodde\/#primaryimage"},"thumbnailUrl":"https:\/\/kunmedierne.dk\/mors\/wp-content\/uploads\/2020\/03\/200101-hans-ejner-bertelsen-V.jpg","datePublished":"2021-07-01T08:23:55+00:00","dateModified":"2024-08-07T12:45:35+00:00","breadcrumb":{"@id":"https:\/\/kunmedierne.dk\/mors\/s-i-besynderlig-slingrekurs-om-oerodde\/#breadcrumb"},"inLanguage":"da-DK","potentialAction":[{"@type":"ReadAction","target":["https:\/\/kunmedierne.dk\/mors\/s-i-besynderlig-slingrekurs-om-oerodde\/"]}]},{"@type":"ImageObject","inLanguage":"da-DK","@id":"https:\/\/kunmedierne.dk\/mors\/s-i-besynderlig-slingrekurs-om-oerodde\/#primaryimage","url":"https:\/\/kunmedierne.dk\/mors\/wp-content\/uploads\/2020\/03\/200101-hans-ejner-bertelsen-V.jpg","contentUrl":"https:\/\/kunmedierne.dk\/mors\/wp-content\/uploads\/2020\/03\/200101-hans-ejner-bertelsen-V.jpg","width":770,"height":513,"caption":"Borgmester Hans Ejner Bertelsen (V). Foto: Per Bech\/Mors\u00f8 Kommune."},{"@type":"BreadcrumbList","@id":"https:\/\/kunmedierne.dk\/mors\/s-i-besynderlig-slingrekurs-om-oerodde\/#breadcrumb","itemListElement":[{"@type":"ListItem","position":1,"name":"Hjem","item":"https:\/\/kunmedierne.dk\/mors\/"},{"@type":"ListItem","position":2,"name":"&#8211; S i besynderlig slingrekurs om \u00d8rodde"}]},{"@type":"WebSite","@id":"https:\/\/kunmedierne.dk\/mors\/#website","url":"https:\/\/kunmedierne.dk\/mors\/","name":"Mors","description":"et netmedie med journalistik om livet p\u00e5 Mors","publisher":{"@id":"https:\/\/kunmedierne.dk\/mors\/#organization"},"potentialAction":[{"@type":"SearchAction","target":{"@type":"EntryPoint","urlTemplate":"https:\/\/kunmedierne.dk\/mors\/?s={search_term_string}"},"query-input":{"@type":"PropertyValueSpecification","valueRequired":true,"valueName":"search_term_string"}}],"inLanguage":"da-DK"},{"@type":"Organization","@id":"https:\/\/kunmedierne.dk\/mors\/#organization","name":"Mors","url":"https:\/\/kunmedierne.dk\/mors\/","logo":{"@type":"ImageObject","inLanguage":"da-DK","@id":"https:\/\/kunmedierne.dk\/mors\/#\/schema\/logo\/image\/","url":"https:\/\/kunmedierne.dk\/mors\/wp-content\/uploads\/2024\/08\/kunmors-logo.svg","contentUrl":"https:\/\/kunmedierne.dk\/mors\/wp-content\/uploads\/2024\/08\/kunmors-logo.svg","caption":"Mors"},"image":{"@id":"https:\/\/kunmedierne.dk\/mors\/#\/schema\/logo\/image\/"}},{"@type":"Person","@id":"https:\/\/kunmedierne.dk\/mors\/#\/schema\/person\/84c1391bce0b43b9bb3a49736bc0ad78","name":"Debat","image":{"@type":"ImageObject","inLanguage":"da-DK","@id":"https:\/\/kunmedierne.dk\/mors\/#\/schema\/person\/image\/","url":"https:\/\/secure.gravatar.com\/avatar\/b0fb2e221d618f7c65162ab0d49c7e8a0b580c871ca03af90e42b47b4150654c?s=96&d=mm&r=g","contentUrl":"https:\/\/secure.gravatar.com\/avatar\/b0fb2e221d618f7c65162ab0d49c7e8a0b580c871ca03af90e42b47b4150654c?s=96&d=mm&r=g","caption":"Debat"},"url":"https:\/\/kunmedierne.dk\/mors\/author\/debat\/"}]}},"_links":{"self":[{"href":"https:\/\/kunmedierne.dk\/mors\/wp-json\/wp\/v2\/posts\/48030","targetHints":{"allow":["GET"]}}],"collection":[{"href":"https:\/\/kunmedierne.dk\/mors\/wp-json\/wp\/v2\/posts"}],"about":[{"href":"https:\/\/kunmedierne.dk\/mors\/wp-json\/wp\/v2\/types\/post"}],"author":[{"embeddable":true,"href":"https:\/\/kunmedierne.dk\/mors\/wp-json\/wp\/v2\/users\/11"}],"replies":[{"embeddable":true,"href":"https:\/\/kunmedierne.dk\/mors\/wp-json\/wp\/v2\/comments?post=48030"}],"version-history":[{"count":1,"href":"https:\/\/kunmedierne.dk\/mors\/wp-json\/wp\/v2\/posts\/48030\/revisions"}],"predecessor-version":[{"id":48032,"href":"https:\/\/kunmedierne.dk\/mors\/wp-json\/wp\/v2\/posts\/48030\/revisions\/48032"}],"wp:featuredmedia":[{"embeddable":true,"href":"https:\/\/kunmedierne.dk\/mors\/wp-json\/wp\/v2\/media\/13995"}],"wp:attachment":[{"href":"https:\/\/kunmedierne.dk\/mors\/wp-json\/wp\/v2\/media?parent=48030"}],"wp:term":[{"taxonomy":"category","embeddable":true,"href":"https:\/\/kunmedierne.dk\/mors\/wp-json\/wp\/v2\/categories?post=48030"},{"taxonomy":"post_tag","embeddable":true,"href":"https:\/\/kunmedierne.dk\/mors\/wp-json\/wp\/v2\/tags?post=48030"}],"curies":[{"name":"wp","href":"https:\/\/api.w.org\/{rel}","templated":true}]}}