{"id":48012,"date":"2021-07-01T09:05:25","date_gmt":"2021-07-01T07:05:25","guid":{"rendered":"https:\/\/kunmedierne.dk\/mors\/?p=48012"},"modified":"2024-08-07T14:45:35","modified_gmt":"2024-08-07T12:45:35","slug":"pengene-skal-vaere-der-foer-vi-kan-bruge-dem","status":"publish","type":"post","link":"https:\/\/kunmedierne.dk\/mors\/pengene-skal-vaere-der-foer-vi-kan-bruge-dem\/","title":{"rendered":"&#8211; Pengene skal v\u00e6re der, f\u00f8r vi kan bruge dem"},"content":{"rendered":"<p><em>Meiner N\u00f8rgaard, kommunalbestyrelsesmedlem for Dansk Folkeparti, har sendt dette debatindl\u00e6g.<\/em><\/p>\n<hr \/>\n<p>Jeg synes at Nordjyskes gengivelse af Kommunalbestyrelsens behandling af punktet vedr. Kommuneplanen p\u00e5 m\u00f8det i tirsdags er noget unuanceret og mangler det objektive aspekt, der plejer at kendetegne vores lokale journalister. I artiklen ser det n\u00e6rmest ud som om Borgmesteren har f\u00e5et armen vredet rundt, f\u00f8rst af den ene, s\u00e5 af den anden og tredje.<\/p>\n<p>K\u00e6re journalister, s\u00e5dan foreg\u00e5r det alts\u00e5 ikke i et godt samarbejde. N\u00e5r Venstre og Dansk Folkeparti frems\u00e6tter et f\u00e6lles forslag er det fordi vi er 100 pct. enige om det, enige om at det kan v\u00e6re til gavn for alle morsingboerne.<img loading=\"lazy\" decoding=\"async\" class=\"alignright size-full wp-image-46600\" src=\"https:\/\/kunmedierne.dk\/mors\/wp-content\/uploads\/2021\/06\/t09.jpg\" alt=\"\" width=\"1400\" height=\"125\" srcset=\"https:\/\/kunmedierne.dk\/mors\/wp-content\/uploads\/2021\/06\/t09.jpg 1400w, https:\/\/kunmedierne.dk\/mors\/wp-content\/uploads\/2021\/06\/t09-300x27.jpg 300w, https:\/\/kunmedierne.dk\/mors\/wp-content\/uploads\/2021\/06\/t09-1024x91.jpg 1024w, https:\/\/kunmedierne.dk\/mors\/wp-content\/uploads\/2021\/06\/t09-768x69.jpg 768w, https:\/\/kunmedierne.dk\/mors\/wp-content\/uploads\/2021\/06\/t09-600x54.jpg 600w\" sizes=\"auto, (max-width: 1400px) 100vw, 1400px\" \/><\/p>\n<p>Vores f\u00e6lles forslag omkring \u00d8rodde g\u00e5r i sin korthed ud p\u00e5 at omr\u00e5det ved \u00d8stre strand, de gamle boldbaner og vandrerhjemmet udl\u00e6gges til nye tiltag til turisme og rekreative oplevelser og at det andet omr\u00e5de p\u00e5 \u00d8rodde, Kvejborgs Eng, fastholdes til offentlige form\u00e5l, herunder idr\u00e6t og rekreative form\u00e5l. Det f\u00e6lles forslag fra V og DF fik opbakning fra SF og Demokratisk Balance, hvilket jeg er glad for.<\/p>\n<p>P\u00e5 m\u00f8det stillede Socialdemokraterne et forslag om at den nuv\u00e6rende campingplads skal udtages som byudviklingsomr\u00e5de, forslaget kan vel mest betegnes som et \u201dpanik f\u00f8r lukketid forslag\u201d og de fik st\u00f8tte fra de Radikale. Det virker som om at de to partier ikke er klar over at udvikling koster penge, mange penge. Vi er n\u00f8dt til at sikre at pengene er der, inden vi begynder at bruge dem.<\/p>\n<p>N\u00e5r Kommuneplanen til december bliver godkendt skal vi efterf\u00f8lgende have lavet en helhedsplan for hele \u00d8rodde omr\u00e5det, med turisme tiltag, med rekreative tiltag, med gr\u00f8nne og natur tiltag. Jeg synes det er en skam for Mors at Socialdemokraterne og de Radikale ikke vil tage del i, og tage ansvar for denne mulige fantastiske udvikling, i og med at de ikke stemte for at sende kommuneplanen ud i h\u00f8ring.<a href=\"https:\/\/www.sparv.dk\/\"><img loading=\"lazy\" decoding=\"async\" class=\"alignright size-full wp-image-46602\" src=\"https:\/\/kunmedierne.dk\/mors\/wp-content\/uploads\/2021\/06\/t11.jpg\" alt=\"\" width=\"1400\" height=\"125\" srcset=\"https:\/\/kunmedierne.dk\/mors\/wp-content\/uploads\/2021\/06\/t11.jpg 1400w, https:\/\/kunmedierne.dk\/mors\/wp-content\/uploads\/2021\/06\/t11-300x27.jpg 300w, https:\/\/kunmedierne.dk\/mors\/wp-content\/uploads\/2021\/06\/t11-1024x91.jpg 1024w, https:\/\/kunmedierne.dk\/mors\/wp-content\/uploads\/2021\/06\/t11-768x69.jpg 768w, https:\/\/kunmedierne.dk\/mors\/wp-content\/uploads\/2021\/06\/t11-600x54.jpg 600w\" sizes=\"auto, (max-width: 1400px) 100vw, 1400px\" \/><\/a><\/p>\n<p>I Dansk Folkeparti \u00f8nsker vi at fokusere p\u00e5 muligheder frem for begr\u00e6nsninger, det er n\u00f8dvendigt n\u00e5r vi skal lave en udviklingsplan.<\/p>\n<p>Til slut m\u00e5 jeg lige pointere at uanset hvad en fremtidig plan for det samlede \u00d8rodde kan indeholde, kan vi ikke bare g\u00e5 i gang med det. Det kr\u00e6ver dispensationer fra staten, bla. i forhold til strand- og kystbeskyttelseslinjer. Som det er nu m\u00e5 vi ikke engang plante et tr\u00e6 uden at have f\u00e5et lov. Jeg h\u00e5ber selvf\u00f8lgelig at vi med de rette argumenter overfor staten fremover kan f\u00e5 lov.<\/p>\n<hr \/>\n<p><em>Har du et bidrag til den lokale debat? Send det til os p\u00e5 e-mail: debat@kunmedierne.dk\/mors. Husk at l\u00e6se korrektur inden afsendelse p\u00e5 indl\u00e6gget.<\/em><\/p>\n","protected":false},"excerpt":{"rendered":"<p>Meiner N\u00f8rgaard, kommunalbestyrelsesmedlem for Dansk Folkeparti, har sendt dette debatindl\u00e6g. Jeg synes at Nordjyskes gengivelse af Kommunalbestyrelsens behandling af punktet vedr. Kommuneplanen p\u00e5 m\u00f8det i tirsdags er noget unuanceret og mangler det objektive aspekt, der plejer at kendetegne vores lokale journalister. I artiklen ser det n\u00e6rmest ud som om Borgmesteren har f\u00e5et armen vredet rundt, [&hellip;]<\/p>\n","protected":false},"author":11,"featured_media":17024,"comment_status":"open","ping_status":"open","sticky":false,"template":"","format":"standard","meta":{"_acf_changed":false,"footnotes":""},"categories":[56],"tags":[167],"class_list":["post-48012","post","type-post","status-publish","format-standard","has-post-thumbnail","hentry","category-debat","tag-politik"],"acf":[],"yoast_head":"<!-- This site is optimized with the Yoast SEO plugin v26.8 - https:\/\/yoast.com\/product\/yoast-seo-wordpress\/ -->\n<title>- Pengene skal v\u00e6re der, f\u00f8r vi kan bruge dem - Mors<\/title>\n<meta name=\"robots\" content=\"index, follow, max-snippet:-1, max-image-preview:large, max-video-preview:-1\" \/>\n<link rel=\"canonical\" href=\"https:\/\/kunmedierne.dk\/mors\/pengene-skal-vaere-der-foer-vi-kan-bruge-dem\/\" \/>\n<meta property=\"og:locale\" content=\"da_DK\" \/>\n<meta property=\"og:type\" content=\"article\" \/>\n<meta property=\"og:title\" content=\"- Pengene skal v\u00e6re der, f\u00f8r vi kan bruge dem - Mors\" \/>\n<meta property=\"og:description\" content=\"Meiner N\u00f8rgaard, kommunalbestyrelsesmedlem for Dansk Folkeparti, har sendt dette debatindl\u00e6g. Jeg synes at Nordjyskes gengivelse af Kommunalbestyrelsens behandling af punktet vedr. Kommuneplanen p\u00e5 m\u00f8det i tirsdags er noget unuanceret og mangler det objektive aspekt, der plejer at kendetegne vores lokale journalister. I artiklen ser det n\u00e6rmest ud som om Borgmesteren har f\u00e5et armen vredet rundt, [&hellip;]\" \/>\n<meta property=\"og:url\" content=\"https:\/\/kunmedierne.dk\/mors\/pengene-skal-vaere-der-foer-vi-kan-bruge-dem\/\" \/>\n<meta property=\"og:site_name\" content=\"Mors\" \/>\n<meta property=\"article:published_time\" content=\"2021-07-01T07:05:25+00:00\" \/>\n<meta property=\"article:modified_time\" content=\"2024-08-07T12:45:35+00:00\" \/>\n<meta property=\"og:image\" content=\"https:\/\/kunmedierne.dk\/mors\/wp-content\/uploads\/2020\/04\/200407-meiner-n\u00f8rgaard.jpg\" \/>\n\t<meta property=\"og:image:width\" content=\"770\" \/>\n\t<meta property=\"og:image:height\" content=\"513\" \/>\n\t<meta property=\"og:image:type\" content=\"image\/jpeg\" \/>\n<meta name=\"author\" content=\"Debat\" \/>\n<meta name=\"twitter:card\" content=\"summary_large_image\" \/>\n<meta name=\"twitter:label1\" content=\"Skrevet af\" \/>\n\t<meta name=\"twitter:data1\" content=\"Debat\" \/>\n\t<meta name=\"twitter:label2\" content=\"Estimeret l\u00e6setid\" \/>\n\t<meta name=\"twitter:data2\" content=\"3 minutter\" \/>\n<script type=\"application\/ld+json\" class=\"yoast-schema-graph\">{\"@context\":\"https:\/\/schema.org\",\"@graph\":[{\"@type\":\"Article\",\"@id\":\"https:\/\/kunmedierne.dk\/mors\/pengene-skal-vaere-der-foer-vi-kan-bruge-dem\/#article\",\"isPartOf\":{\"@id\":\"https:\/\/kunmedierne.dk\/mors\/pengene-skal-vaere-der-foer-vi-kan-bruge-dem\/\"},\"author\":{\"name\":\"Debat\",\"@id\":\"https:\/\/kunmedierne.dk\/mors\/#\/schema\/person\/84c1391bce0b43b9bb3a49736bc0ad78\"},\"headline\":\"&#8211; Pengene skal v\u00e6re der, f\u00f8r vi kan bruge dem\",\"datePublished\":\"2021-07-01T07:05:25+00:00\",\"dateModified\":\"2024-08-07T12:45:35+00:00\",\"mainEntityOfPage\":{\"@id\":\"https:\/\/kunmedierne.dk\/mors\/pengene-skal-vaere-der-foer-vi-kan-bruge-dem\/\"},\"wordCount\":477,\"commentCount\":0,\"publisher\":{\"@id\":\"https:\/\/kunmedierne.dk\/mors\/#organization\"},\"image\":{\"@id\":\"https:\/\/kunmedierne.dk\/mors\/pengene-skal-vaere-der-foer-vi-kan-bruge-dem\/#primaryimage\"},\"thumbnailUrl\":\"https:\/\/kunmedierne.dk\/mors\/wp-content\/uploads\/2020\/04\/200407-meiner-n\u00f8rgaard.jpg\",\"keywords\":[\"Politik\"],\"articleSection\":[\"Debat\"],\"inLanguage\":\"da-DK\",\"potentialAction\":[{\"@type\":\"CommentAction\",\"name\":\"Comment\",\"target\":[\"https:\/\/kunmedierne.dk\/mors\/pengene-skal-vaere-der-foer-vi-kan-bruge-dem\/#respond\"]}]},{\"@type\":\"WebPage\",\"@id\":\"https:\/\/kunmedierne.dk\/mors\/pengene-skal-vaere-der-foer-vi-kan-bruge-dem\/\",\"url\":\"https:\/\/kunmedierne.dk\/mors\/pengene-skal-vaere-der-foer-vi-kan-bruge-dem\/\",\"name\":\"- Pengene skal v\u00e6re der, f\u00f8r vi kan bruge dem - Mors\",\"isPartOf\":{\"@id\":\"https:\/\/kunmedierne.dk\/mors\/#website\"},\"primaryImageOfPage\":{\"@id\":\"https:\/\/kunmedierne.dk\/mors\/pengene-skal-vaere-der-foer-vi-kan-bruge-dem\/#primaryimage\"},\"image\":{\"@id\":\"https:\/\/kunmedierne.dk\/mors\/pengene-skal-vaere-der-foer-vi-kan-bruge-dem\/#primaryimage\"},\"thumbnailUrl\":\"https:\/\/kunmedierne.dk\/mors\/wp-content\/uploads\/2020\/04\/200407-meiner-n\u00f8rgaard.jpg\",\"datePublished\":\"2021-07-01T07:05:25+00:00\",\"dateModified\":\"2024-08-07T12:45:35+00:00\",\"breadcrumb\":{\"@id\":\"https:\/\/kunmedierne.dk\/mors\/pengene-skal-vaere-der-foer-vi-kan-bruge-dem\/#breadcrumb\"},\"inLanguage\":\"da-DK\",\"potentialAction\":[{\"@type\":\"ReadAction\",\"target\":[\"https:\/\/kunmedierne.dk\/mors\/pengene-skal-vaere-der-foer-vi-kan-bruge-dem\/\"]}]},{\"@type\":\"ImageObject\",\"inLanguage\":\"da-DK\",\"@id\":\"https:\/\/kunmedierne.dk\/mors\/pengene-skal-vaere-der-foer-vi-kan-bruge-dem\/#primaryimage\",\"url\":\"https:\/\/kunmedierne.dk\/mors\/wp-content\/uploads\/2020\/04\/200407-meiner-n\u00f8rgaard.jpg\",\"contentUrl\":\"https:\/\/kunmedierne.dk\/mors\/wp-content\/uploads\/2020\/04\/200407-meiner-n\u00f8rgaard.jpg\",\"width\":770,\"height\":513,\"caption\":\"Meiner N\u00f8rgaard (DF). Foto: Per Bech\/Mors\u00f8 Kommune.\"},{\"@type\":\"BreadcrumbList\",\"@id\":\"https:\/\/kunmedierne.dk\/mors\/pengene-skal-vaere-der-foer-vi-kan-bruge-dem\/#breadcrumb\",\"itemListElement\":[{\"@type\":\"ListItem\",\"position\":1,\"name\":\"Hjem\",\"item\":\"https:\/\/kunmedierne.dk\/mors\/\"},{\"@type\":\"ListItem\",\"position\":2,\"name\":\"&#8211; Pengene skal v\u00e6re der, f\u00f8r vi kan bruge dem\"}]},{\"@type\":\"WebSite\",\"@id\":\"https:\/\/kunmedierne.dk\/mors\/#website\",\"url\":\"https:\/\/kunmedierne.dk\/mors\/\",\"name\":\"Mors\",\"description\":\"et netmedie med journalistik om livet p\u00e5 Mors\",\"publisher\":{\"@id\":\"https:\/\/kunmedierne.dk\/mors\/#organization\"},\"potentialAction\":[{\"@type\":\"SearchAction\",\"target\":{\"@type\":\"EntryPoint\",\"urlTemplate\":\"https:\/\/kunmedierne.dk\/mors\/?s={search_term_string}\"},\"query-input\":{\"@type\":\"PropertyValueSpecification\",\"valueRequired\":true,\"valueName\":\"search_term_string\"}}],\"inLanguage\":\"da-DK\"},{\"@type\":\"Organization\",\"@id\":\"https:\/\/kunmedierne.dk\/mors\/#organization\",\"name\":\"Mors\",\"url\":\"https:\/\/kunmedierne.dk\/mors\/\",\"logo\":{\"@type\":\"ImageObject\",\"inLanguage\":\"da-DK\",\"@id\":\"https:\/\/kunmedierne.dk\/mors\/#\/schema\/logo\/image\/\",\"url\":\"https:\/\/kunmedierne.dk\/mors\/wp-content\/uploads\/2024\/08\/kunmors-logo.svg\",\"contentUrl\":\"https:\/\/kunmedierne.dk\/mors\/wp-content\/uploads\/2024\/08\/kunmors-logo.svg\",\"caption\":\"Mors\"},\"image\":{\"@id\":\"https:\/\/kunmedierne.dk\/mors\/#\/schema\/logo\/image\/\"}},{\"@type\":\"Person\",\"@id\":\"https:\/\/kunmedierne.dk\/mors\/#\/schema\/person\/84c1391bce0b43b9bb3a49736bc0ad78\",\"name\":\"Debat\",\"image\":{\"@type\":\"ImageObject\",\"inLanguage\":\"da-DK\",\"@id\":\"https:\/\/kunmedierne.dk\/mors\/#\/schema\/person\/image\/\",\"url\":\"https:\/\/secure.gravatar.com\/avatar\/b0fb2e221d618f7c65162ab0d49c7e8a0b580c871ca03af90e42b47b4150654c?s=96&d=mm&r=g\",\"contentUrl\":\"https:\/\/secure.gravatar.com\/avatar\/b0fb2e221d618f7c65162ab0d49c7e8a0b580c871ca03af90e42b47b4150654c?s=96&d=mm&r=g\",\"caption\":\"Debat\"},\"url\":\"https:\/\/kunmedierne.dk\/mors\/author\/debat\/\"}]}<\/script>\n<!-- \/ Yoast SEO plugin. -->","yoast_head_json":{"title":"- Pengene skal v\u00e6re der, f\u00f8r vi kan bruge dem - Mors","robots":{"index":"index","follow":"follow","max-snippet":"max-snippet:-1","max-image-preview":"max-image-preview:large","max-video-preview":"max-video-preview:-1"},"canonical":"https:\/\/kunmedierne.dk\/mors\/pengene-skal-vaere-der-foer-vi-kan-bruge-dem\/","og_locale":"da_DK","og_type":"article","og_title":"- Pengene skal v\u00e6re der, f\u00f8r vi kan bruge dem - Mors","og_description":"Meiner N\u00f8rgaard, kommunalbestyrelsesmedlem for Dansk Folkeparti, har sendt dette debatindl\u00e6g. Jeg synes at Nordjyskes gengivelse af Kommunalbestyrelsens behandling af punktet vedr. Kommuneplanen p\u00e5 m\u00f8det i tirsdags er noget unuanceret og mangler det objektive aspekt, der plejer at kendetegne vores lokale journalister. I artiklen ser det n\u00e6rmest ud som om Borgmesteren har f\u00e5et armen vredet rundt, [&hellip;]","og_url":"https:\/\/kunmedierne.dk\/mors\/pengene-skal-vaere-der-foer-vi-kan-bruge-dem\/","og_site_name":"Mors","article_published_time":"2021-07-01T07:05:25+00:00","article_modified_time":"2024-08-07T12:45:35+00:00","og_image":[{"width":770,"height":513,"url":"https:\/\/kunmedierne.dk\/mors\/wp-content\/uploads\/2020\/04\/200407-meiner-n\u00f8rgaard.jpg","type":"image\/jpeg"}],"author":"Debat","twitter_card":"summary_large_image","twitter_misc":{"Skrevet af":"Debat","Estimeret l\u00e6setid":"3 minutter"},"schema":{"@context":"https:\/\/schema.org","@graph":[{"@type":"Article","@id":"https:\/\/kunmedierne.dk\/mors\/pengene-skal-vaere-der-foer-vi-kan-bruge-dem\/#article","isPartOf":{"@id":"https:\/\/kunmedierne.dk\/mors\/pengene-skal-vaere-der-foer-vi-kan-bruge-dem\/"},"author":{"name":"Debat","@id":"https:\/\/kunmedierne.dk\/mors\/#\/schema\/person\/84c1391bce0b43b9bb3a49736bc0ad78"},"headline":"&#8211; Pengene skal v\u00e6re der, f\u00f8r vi kan bruge dem","datePublished":"2021-07-01T07:05:25+00:00","dateModified":"2024-08-07T12:45:35+00:00","mainEntityOfPage":{"@id":"https:\/\/kunmedierne.dk\/mors\/pengene-skal-vaere-der-foer-vi-kan-bruge-dem\/"},"wordCount":477,"commentCount":0,"publisher":{"@id":"https:\/\/kunmedierne.dk\/mors\/#organization"},"image":{"@id":"https:\/\/kunmedierne.dk\/mors\/pengene-skal-vaere-der-foer-vi-kan-bruge-dem\/#primaryimage"},"thumbnailUrl":"https:\/\/kunmedierne.dk\/mors\/wp-content\/uploads\/2020\/04\/200407-meiner-n\u00f8rgaard.jpg","keywords":["Politik"],"articleSection":["Debat"],"inLanguage":"da-DK","potentialAction":[{"@type":"CommentAction","name":"Comment","target":["https:\/\/kunmedierne.dk\/mors\/pengene-skal-vaere-der-foer-vi-kan-bruge-dem\/#respond"]}]},{"@type":"WebPage","@id":"https:\/\/kunmedierne.dk\/mors\/pengene-skal-vaere-der-foer-vi-kan-bruge-dem\/","url":"https:\/\/kunmedierne.dk\/mors\/pengene-skal-vaere-der-foer-vi-kan-bruge-dem\/","name":"- Pengene skal v\u00e6re der, f\u00f8r vi kan bruge dem - Mors","isPartOf":{"@id":"https:\/\/kunmedierne.dk\/mors\/#website"},"primaryImageOfPage":{"@id":"https:\/\/kunmedierne.dk\/mors\/pengene-skal-vaere-der-foer-vi-kan-bruge-dem\/#primaryimage"},"image":{"@id":"https:\/\/kunmedierne.dk\/mors\/pengene-skal-vaere-der-foer-vi-kan-bruge-dem\/#primaryimage"},"thumbnailUrl":"https:\/\/kunmedierne.dk\/mors\/wp-content\/uploads\/2020\/04\/200407-meiner-n\u00f8rgaard.jpg","datePublished":"2021-07-01T07:05:25+00:00","dateModified":"2024-08-07T12:45:35+00:00","breadcrumb":{"@id":"https:\/\/kunmedierne.dk\/mors\/pengene-skal-vaere-der-foer-vi-kan-bruge-dem\/#breadcrumb"},"inLanguage":"da-DK","potentialAction":[{"@type":"ReadAction","target":["https:\/\/kunmedierne.dk\/mors\/pengene-skal-vaere-der-foer-vi-kan-bruge-dem\/"]}]},{"@type":"ImageObject","inLanguage":"da-DK","@id":"https:\/\/kunmedierne.dk\/mors\/pengene-skal-vaere-der-foer-vi-kan-bruge-dem\/#primaryimage","url":"https:\/\/kunmedierne.dk\/mors\/wp-content\/uploads\/2020\/04\/200407-meiner-n\u00f8rgaard.jpg","contentUrl":"https:\/\/kunmedierne.dk\/mors\/wp-content\/uploads\/2020\/04\/200407-meiner-n\u00f8rgaard.jpg","width":770,"height":513,"caption":"Meiner N\u00f8rgaard (DF). Foto: Per Bech\/Mors\u00f8 Kommune."},{"@type":"BreadcrumbList","@id":"https:\/\/kunmedierne.dk\/mors\/pengene-skal-vaere-der-foer-vi-kan-bruge-dem\/#breadcrumb","itemListElement":[{"@type":"ListItem","position":1,"name":"Hjem","item":"https:\/\/kunmedierne.dk\/mors\/"},{"@type":"ListItem","position":2,"name":"&#8211; Pengene skal v\u00e6re der, f\u00f8r vi kan bruge dem"}]},{"@type":"WebSite","@id":"https:\/\/kunmedierne.dk\/mors\/#website","url":"https:\/\/kunmedierne.dk\/mors\/","name":"Mors","description":"et netmedie med journalistik om livet p\u00e5 Mors","publisher":{"@id":"https:\/\/kunmedierne.dk\/mors\/#organization"},"potentialAction":[{"@type":"SearchAction","target":{"@type":"EntryPoint","urlTemplate":"https:\/\/kunmedierne.dk\/mors\/?s={search_term_string}"},"query-input":{"@type":"PropertyValueSpecification","valueRequired":true,"valueName":"search_term_string"}}],"inLanguage":"da-DK"},{"@type":"Organization","@id":"https:\/\/kunmedierne.dk\/mors\/#organization","name":"Mors","url":"https:\/\/kunmedierne.dk\/mors\/","logo":{"@type":"ImageObject","inLanguage":"da-DK","@id":"https:\/\/kunmedierne.dk\/mors\/#\/schema\/logo\/image\/","url":"https:\/\/kunmedierne.dk\/mors\/wp-content\/uploads\/2024\/08\/kunmors-logo.svg","contentUrl":"https:\/\/kunmedierne.dk\/mors\/wp-content\/uploads\/2024\/08\/kunmors-logo.svg","caption":"Mors"},"image":{"@id":"https:\/\/kunmedierne.dk\/mors\/#\/schema\/logo\/image\/"}},{"@type":"Person","@id":"https:\/\/kunmedierne.dk\/mors\/#\/schema\/person\/84c1391bce0b43b9bb3a49736bc0ad78","name":"Debat","image":{"@type":"ImageObject","inLanguage":"da-DK","@id":"https:\/\/kunmedierne.dk\/mors\/#\/schema\/person\/image\/","url":"https:\/\/secure.gravatar.com\/avatar\/b0fb2e221d618f7c65162ab0d49c7e8a0b580c871ca03af90e42b47b4150654c?s=96&d=mm&r=g","contentUrl":"https:\/\/secure.gravatar.com\/avatar\/b0fb2e221d618f7c65162ab0d49c7e8a0b580c871ca03af90e42b47b4150654c?s=96&d=mm&r=g","caption":"Debat"},"url":"https:\/\/kunmedierne.dk\/mors\/author\/debat\/"}]}},"_links":{"self":[{"href":"https:\/\/kunmedierne.dk\/mors\/wp-json\/wp\/v2\/posts\/48012","targetHints":{"allow":["GET"]}}],"collection":[{"href":"https:\/\/kunmedierne.dk\/mors\/wp-json\/wp\/v2\/posts"}],"about":[{"href":"https:\/\/kunmedierne.dk\/mors\/wp-json\/wp\/v2\/types\/post"}],"author":[{"embeddable":true,"href":"https:\/\/kunmedierne.dk\/mors\/wp-json\/wp\/v2\/users\/11"}],"replies":[{"embeddable":true,"href":"https:\/\/kunmedierne.dk\/mors\/wp-json\/wp\/v2\/comments?post=48012"}],"version-history":[{"count":4,"href":"https:\/\/kunmedierne.dk\/mors\/wp-json\/wp\/v2\/posts\/48012\/revisions"}],"predecessor-version":[{"id":48031,"href":"https:\/\/kunmedierne.dk\/mors\/wp-json\/wp\/v2\/posts\/48012\/revisions\/48031"}],"wp:featuredmedia":[{"embeddable":true,"href":"https:\/\/kunmedierne.dk\/mors\/wp-json\/wp\/v2\/media\/17024"}],"wp:attachment":[{"href":"https:\/\/kunmedierne.dk\/mors\/wp-json\/wp\/v2\/media?parent=48012"}],"wp:term":[{"taxonomy":"category","embeddable":true,"href":"https:\/\/kunmedierne.dk\/mors\/wp-json\/wp\/v2\/categories?post=48012"},{"taxonomy":"post_tag","embeddable":true,"href":"https:\/\/kunmedierne.dk\/mors\/wp-json\/wp\/v2\/tags?post=48012"}],"curies":[{"name":"wp","href":"https:\/\/api.w.org\/{rel}","templated":true}]}}