{"id":47927,"date":"2021-06-30T09:04:39","date_gmt":"2021-06-30T07:04:39","guid":{"rendered":"https:\/\/kunmedierne.dk\/mors\/?p=47927"},"modified":"2024-08-07T14:45:35","modified_gmt":"2024-08-07T12:45:35","slug":"ikke-boligbyggeri-paa-oerodde","status":"publish","type":"post","link":"https:\/\/kunmedierne.dk\/mors\/ikke-boligbyggeri-paa-oerodde\/","title":{"rendered":"&#8211; Ikke boligbyggeri p\u00e5 \u00d8rodde"},"content":{"rendered":"<p><em>Kommunalbestyrelsesmedlem Jette Jepsen, V. Hvidbjerg, kandidat for Radikale Venstre til kommunalvalg 2021, har sendt dette debatindl\u00e6g:<\/em><\/p>\n<hr \/>\n<p><strong>NYK\u00d8BING<\/strong>: Forslag til Kommuneplan 2021-2033 blev tirsdag aften dr\u00f8ftet p\u00e5 kommunalbestyrelsesm\u00f8de og sendt videre til offentlig h\u00f8ring. En fin plan p\u00e5 rigtig mange punkter. Men der er dog \u00e9t punkt som skurrer i mine \u00f8jne. Det er planerne p\u00e5 \u00d8rodde. I den oprindelige sagsfremstilling er Kvajborgs Eng og Campingpladsen udtaget til boligomr\u00e5de. Kommuneplanens opl\u00e6g er, at Campingpladsen kan flyttes til det tidligere NIF stadion. Der hvor campingpladsen ligger i dag, skal udstykkes til nyt boligomr\u00e5de. Argumentet er, at udstykningen skal finansiere udviklingen bla af Multiparken.<\/p>\n<p>Da sagen blev behandlet i Teknik og Milj\u00f8 kom Venstre og Dansk Folkeparti med et \u00e6ndringsforslag: at Kvajborgs Eng ikke skulle udl\u00e6gges som boligomr\u00e5de. Det er rigtig fint og kan kun tilslutte mig dette \u00e6ndringsforslag 100 %. <a href=\"https:\/\/thistedkloakservice.dk\/\"><img loading=\"lazy\" decoding=\"async\" class=\"alignright size-full wp-image-46603\" src=\"https:\/\/kunmedierne.dk\/mors\/wp-content\/uploads\/2021\/06\/t12.jpg\" alt=\"\" width=\"1400\" height=\"125\" srcset=\"https:\/\/kunmedierne.dk\/mors\/wp-content\/uploads\/2021\/06\/t12.jpg 1400w, https:\/\/kunmedierne.dk\/mors\/wp-content\/uploads\/2021\/06\/t12-300x27.jpg 300w, https:\/\/kunmedierne.dk\/mors\/wp-content\/uploads\/2021\/06\/t12-1024x91.jpg 1024w, https:\/\/kunmedierne.dk\/mors\/wp-content\/uploads\/2021\/06\/t12-768x69.jpg 768w, https:\/\/kunmedierne.dk\/mors\/wp-content\/uploads\/2021\/06\/t12-600x54.jpg 600w\" sizes=\"auto, (max-width: 1400px) 100vw, 1400px\" \/><\/a><\/p>\n<p>P\u00e5 kommunalbestyrelsesm\u00f8det tirsdag aften kom Socialdemokratiet med et yderligere \u00e6ndringsforslag, som udover Venstre og Dansk Folkepartis forslag ogs\u00e5 udtager det omr\u00e5de hvor campingpladsen ligger i dag &#8211; alts\u00e5 ingen boligbyggeri p\u00e5 \u00d8rodde.<\/p>\n<p>Radikale Venstre har ikke \u00f8nske om boligbyggeri p\u00e5 \u00d8rodde. Jeg bakker op om Socialdemokratiets forslag alt det jeg kunne p\u00e5 m\u00f8det. I h\u00f8ringsperioden er dette forslag ogs\u00e5 min anbefaling.<\/p>\n<p>Radikale Venstre mener, at vi har byggegrunde nok. Der er huse i Nyk\u00f8bing og p\u00e5 landet som tr\u00e6nger til at blive opk\u00f8bt til nedrivning og genopbygning eller kraftig renovering. Der er ledige byggegrunde, og der bliver bygget i Nyk\u00f8bing og andre steder lige nu. Vil man bo t\u00e6t p\u00e5 strand og natur, s\u00e5 er der huse i Nyk\u00f8bing i forvejen der opfylder dette, ellers m\u00e5 man kikke sig om ude p\u00e5 \u00d8en &#8211; feks Karby eller Sdr Dr\u00e5by eller i landdistrikterne. <a href=\"https:\/\/www.fmspks.dk\/\"><img loading=\"lazy\" decoding=\"async\" class=\"alignright size-full wp-image-46592\" src=\"https:\/\/kunmedierne.dk\/mors\/wp-content\/uploads\/2021\/06\/t01.jpg\" alt=\"\" width=\"1400\" height=\"125\" srcset=\"https:\/\/kunmedierne.dk\/mors\/wp-content\/uploads\/2021\/06\/t01.jpg 1400w, https:\/\/kunmedierne.dk\/mors\/wp-content\/uploads\/2021\/06\/t01-300x27.jpg 300w, https:\/\/kunmedierne.dk\/mors\/wp-content\/uploads\/2021\/06\/t01-1024x91.jpg 1024w, https:\/\/kunmedierne.dk\/mors\/wp-content\/uploads\/2021\/06\/t01-768x69.jpg 768w, https:\/\/kunmedierne.dk\/mors\/wp-content\/uploads\/2021\/06\/t01-600x54.jpg 600w\" sizes=\"auto, (max-width: 1400px) 100vw, 1400px\" \/><\/a><\/p>\n<p>I\u00f8vrigt er denne del af planen en genganger fra sidste kommuneplan som aldrig blev godkendt, da Erhvervsstyrelsen nedlagde veto imod udstykning af byggegrunde, netop med henvisning til, at man har mulighed for at udstykke andre omr\u00e5der, hvis behovet skulle komme.<\/p>\n<p>Radikale Venstre mener, at \u00d8rodde er en helt unik perle, som ud over natur, har en rigtig sp\u00e6ndende historie som byens gamle F\u00e6lled. Det vil Radikale Venstre gerne bevare s\u00e5 meget af som muligt, da vi mener, at satse p\u00e5 den historiske fort\u00e6lling, kultur og natur er udvikling og v\u00e6rdiskabelse for Nyk\u00f8bing og Mors iforhold til b\u00e5de bos\u00e6tning og turisme. At s\u00e6lge ud af dette, for at finansiere noget andet, er som at s\u00e6lge ud af arves\u00f8lvet. Radikale Venstre vil heller pudse s\u00f8lvet op, s\u00e5 man som turist og morsingbo f\u00e5r mere \u00f8je for dette fantastiske omr\u00e5de. <a href=\"https:\/\/vester-begr.dk\"><img loading=\"lazy\" decoding=\"async\" class=\"alignright size-full wp-image-46593\" src=\"https:\/\/kunmedierne.dk\/mors\/wp-content\/uploads\/2021\/06\/t02.jpg\" alt=\"\" width=\"1400\" height=\"125\" srcset=\"https:\/\/kunmedierne.dk\/mors\/wp-content\/uploads\/2021\/06\/t02.jpg 1400w, https:\/\/kunmedierne.dk\/mors\/wp-content\/uploads\/2021\/06\/t02-300x27.jpg 300w, https:\/\/kunmedierne.dk\/mors\/wp-content\/uploads\/2021\/06\/t02-1024x91.jpg 1024w, https:\/\/kunmedierne.dk\/mors\/wp-content\/uploads\/2021\/06\/t02-768x69.jpg 768w, https:\/\/kunmedierne.dk\/mors\/wp-content\/uploads\/2021\/06\/t02-600x54.jpg 600w\" sizes=\"auto, (max-width: 1400px) 100vw, 1400px\" \/><\/a><\/p>\n<p>Nu skal planen ud i offentlig h\u00f8ring &#8211; og her vil Radikale Venstre indgive et h\u00f8ringssvar. Jeg h\u00e5ber, at rigtig mange borgere p\u00e5 Mors vil forholde sig til planen og benytte sig af den demokratiske ret til at kommentere p\u00e5 kommuneplansforslaget.<br \/>\nPlanen skal endelig politisk godkendes i november \/ december 2021.<\/p>\n<hr \/>\n<p><em>Har du et bidrag til den lokale debat? Send det til os p\u00e5 e-mail: debat@kunmedierne.dk\/mors. Husk at l\u00e6se korrektur inden afsendelse p\u00e5 indl\u00e6gget.<\/em><\/p>\n","protected":false},"excerpt":{"rendered":"<p>Kommunalbestyrelsesmedlem Jette Jepsen, V. Hvidbjerg, kandidat for Radikale Venstre til kommunalvalg 2021, har sendt dette debatindl\u00e6g: NYK\u00d8BING: Forslag til Kommuneplan 2021-2033 blev tirsdag aften dr\u00f8ftet p\u00e5 kommunalbestyrelsesm\u00f8de og sendt videre til offentlig h\u00f8ring. En fin plan p\u00e5 rigtig mange punkter. Men der er dog \u00e9t punkt som skurrer i mine \u00f8jne. Det er planerne p\u00e5 [&hellip;]<\/p>\n","protected":false},"author":11,"featured_media":18975,"comment_status":"open","ping_status":"open","sticky":false,"template":"","format":"standard","meta":{"_acf_changed":false,"footnotes":""},"categories":[56],"tags":[167],"class_list":["post-47927","post","type-post","status-publish","format-standard","has-post-thumbnail","hentry","category-debat","tag-politik"],"acf":[],"yoast_head":"<!-- This site is optimized with the Yoast SEO plugin v26.8 - https:\/\/yoast.com\/product\/yoast-seo-wordpress\/ -->\n<title>- Ikke boligbyggeri p\u00e5 \u00d8rodde - Mors<\/title>\n<meta name=\"robots\" content=\"index, follow, max-snippet:-1, max-image-preview:large, max-video-preview:-1\" \/>\n<link rel=\"canonical\" href=\"https:\/\/kunmedierne.dk\/mors\/ikke-boligbyggeri-paa-oerodde\/\" \/>\n<meta property=\"og:locale\" content=\"da_DK\" \/>\n<meta property=\"og:type\" content=\"article\" \/>\n<meta property=\"og:title\" content=\"- Ikke boligbyggeri p\u00e5 \u00d8rodde - Mors\" \/>\n<meta property=\"og:description\" content=\"Kommunalbestyrelsesmedlem Jette Jepsen, V. Hvidbjerg, kandidat for Radikale Venstre til kommunalvalg 2021, har sendt dette debatindl\u00e6g: NYK\u00d8BING: Forslag til Kommuneplan 2021-2033 blev tirsdag aften dr\u00f8ftet p\u00e5 kommunalbestyrelsesm\u00f8de og sendt videre til offentlig h\u00f8ring. En fin plan p\u00e5 rigtig mange punkter. Men der er dog \u00e9t punkt som skurrer i mine \u00f8jne. Det er planerne p\u00e5 [&hellip;]\" \/>\n<meta property=\"og:url\" content=\"https:\/\/kunmedierne.dk\/mors\/ikke-boligbyggeri-paa-oerodde\/\" \/>\n<meta property=\"og:site_name\" content=\"Mors\" \/>\n<meta property=\"article:published_time\" content=\"2021-06-30T07:04:39+00:00\" \/>\n<meta property=\"article:modified_time\" content=\"2024-08-07T12:45:35+00:00\" \/>\n<meta property=\"og:image\" content=\"https:\/\/kunmedierne.dk\/mors\/wp-content\/uploads\/2020\/01\/0-debat-jette-jepsen-R.jpg\" \/>\n\t<meta property=\"og:image:width\" content=\"770\" \/>\n\t<meta property=\"og:image:height\" content=\"513\" \/>\n\t<meta property=\"og:image:type\" content=\"image\/jpeg\" \/>\n<meta name=\"author\" content=\"Debat\" \/>\n<meta name=\"twitter:card\" content=\"summary_large_image\" \/>\n<meta name=\"twitter:label1\" content=\"Skrevet af\" \/>\n\t<meta name=\"twitter:data1\" content=\"Debat\" \/>\n\t<meta name=\"twitter:label2\" content=\"Estimeret l\u00e6setid\" \/>\n\t<meta name=\"twitter:data2\" content=\"3 minutter\" \/>\n<script type=\"application\/ld+json\" class=\"yoast-schema-graph\">{\"@context\":\"https:\/\/schema.org\",\"@graph\":[{\"@type\":\"Article\",\"@id\":\"https:\/\/kunmedierne.dk\/mors\/ikke-boligbyggeri-paa-oerodde\/#article\",\"isPartOf\":{\"@id\":\"https:\/\/kunmedierne.dk\/mors\/ikke-boligbyggeri-paa-oerodde\/\"},\"author\":{\"name\":\"Debat\",\"@id\":\"https:\/\/kunmedierne.dk\/mors\/#\/schema\/person\/84c1391bce0b43b9bb3a49736bc0ad78\"},\"headline\":\"&#8211; Ikke boligbyggeri p\u00e5 \u00d8rodde\",\"datePublished\":\"2021-06-30T07:04:39+00:00\",\"dateModified\":\"2024-08-07T12:45:35+00:00\",\"mainEntityOfPage\":{\"@id\":\"https:\/\/kunmedierne.dk\/mors\/ikke-boligbyggeri-paa-oerodde\/\"},\"wordCount\":534,\"commentCount\":0,\"publisher\":{\"@id\":\"https:\/\/kunmedierne.dk\/mors\/#organization\"},\"image\":{\"@id\":\"https:\/\/kunmedierne.dk\/mors\/ikke-boligbyggeri-paa-oerodde\/#primaryimage\"},\"thumbnailUrl\":\"https:\/\/kunmedierne.dk\/mors\/wp-content\/uploads\/2020\/01\/0-debat-jette-jepsen-R.jpg\",\"keywords\":[\"Politik\"],\"articleSection\":[\"Debat\"],\"inLanguage\":\"da-DK\",\"potentialAction\":[{\"@type\":\"CommentAction\",\"name\":\"Comment\",\"target\":[\"https:\/\/kunmedierne.dk\/mors\/ikke-boligbyggeri-paa-oerodde\/#respond\"]}]},{\"@type\":\"WebPage\",\"@id\":\"https:\/\/kunmedierne.dk\/mors\/ikke-boligbyggeri-paa-oerodde\/\",\"url\":\"https:\/\/kunmedierne.dk\/mors\/ikke-boligbyggeri-paa-oerodde\/\",\"name\":\"- Ikke boligbyggeri p\u00e5 \u00d8rodde - Mors\",\"isPartOf\":{\"@id\":\"https:\/\/kunmedierne.dk\/mors\/#website\"},\"primaryImageOfPage\":{\"@id\":\"https:\/\/kunmedierne.dk\/mors\/ikke-boligbyggeri-paa-oerodde\/#primaryimage\"},\"image\":{\"@id\":\"https:\/\/kunmedierne.dk\/mors\/ikke-boligbyggeri-paa-oerodde\/#primaryimage\"},\"thumbnailUrl\":\"https:\/\/kunmedierne.dk\/mors\/wp-content\/uploads\/2020\/01\/0-debat-jette-jepsen-R.jpg\",\"datePublished\":\"2021-06-30T07:04:39+00:00\",\"dateModified\":\"2024-08-07T12:45:35+00:00\",\"breadcrumb\":{\"@id\":\"https:\/\/kunmedierne.dk\/mors\/ikke-boligbyggeri-paa-oerodde\/#breadcrumb\"},\"inLanguage\":\"da-DK\",\"potentialAction\":[{\"@type\":\"ReadAction\",\"target\":[\"https:\/\/kunmedierne.dk\/mors\/ikke-boligbyggeri-paa-oerodde\/\"]}]},{\"@type\":\"ImageObject\",\"inLanguage\":\"da-DK\",\"@id\":\"https:\/\/kunmedierne.dk\/mors\/ikke-boligbyggeri-paa-oerodde\/#primaryimage\",\"url\":\"https:\/\/kunmedierne.dk\/mors\/wp-content\/uploads\/2020\/01\/0-debat-jette-jepsen-R.jpg\",\"contentUrl\":\"https:\/\/kunmedierne.dk\/mors\/wp-content\/uploads\/2020\/01\/0-debat-jette-jepsen-R.jpg\",\"width\":770,\"height\":513,\"caption\":\"Jette Jepsen (RV). Foto: Per Bech\/Mors\u00f8 Kommune.\"},{\"@type\":\"BreadcrumbList\",\"@id\":\"https:\/\/kunmedierne.dk\/mors\/ikke-boligbyggeri-paa-oerodde\/#breadcrumb\",\"itemListElement\":[{\"@type\":\"ListItem\",\"position\":1,\"name\":\"Hjem\",\"item\":\"https:\/\/kunmedierne.dk\/mors\/\"},{\"@type\":\"ListItem\",\"position\":2,\"name\":\"&#8211; Ikke boligbyggeri p\u00e5 \u00d8rodde\"}]},{\"@type\":\"WebSite\",\"@id\":\"https:\/\/kunmedierne.dk\/mors\/#website\",\"url\":\"https:\/\/kunmedierne.dk\/mors\/\",\"name\":\"Mors\",\"description\":\"et netmedie med journalistik om livet p\u00e5 Mors\",\"publisher\":{\"@id\":\"https:\/\/kunmedierne.dk\/mors\/#organization\"},\"potentialAction\":[{\"@type\":\"SearchAction\",\"target\":{\"@type\":\"EntryPoint\",\"urlTemplate\":\"https:\/\/kunmedierne.dk\/mors\/?s={search_term_string}\"},\"query-input\":{\"@type\":\"PropertyValueSpecification\",\"valueRequired\":true,\"valueName\":\"search_term_string\"}}],\"inLanguage\":\"da-DK\"},{\"@type\":\"Organization\",\"@id\":\"https:\/\/kunmedierne.dk\/mors\/#organization\",\"name\":\"Mors\",\"url\":\"https:\/\/kunmedierne.dk\/mors\/\",\"logo\":{\"@type\":\"ImageObject\",\"inLanguage\":\"da-DK\",\"@id\":\"https:\/\/kunmedierne.dk\/mors\/#\/schema\/logo\/image\/\",\"url\":\"https:\/\/kunmedierne.dk\/mors\/wp-content\/uploads\/2024\/08\/kunmors-logo.svg\",\"contentUrl\":\"https:\/\/kunmedierne.dk\/mors\/wp-content\/uploads\/2024\/08\/kunmors-logo.svg\",\"caption\":\"Mors\"},\"image\":{\"@id\":\"https:\/\/kunmedierne.dk\/mors\/#\/schema\/logo\/image\/\"}},{\"@type\":\"Person\",\"@id\":\"https:\/\/kunmedierne.dk\/mors\/#\/schema\/person\/84c1391bce0b43b9bb3a49736bc0ad78\",\"name\":\"Debat\",\"image\":{\"@type\":\"ImageObject\",\"inLanguage\":\"da-DK\",\"@id\":\"https:\/\/kunmedierne.dk\/mors\/#\/schema\/person\/image\/\",\"url\":\"https:\/\/secure.gravatar.com\/avatar\/b0fb2e221d618f7c65162ab0d49c7e8a0b580c871ca03af90e42b47b4150654c?s=96&d=mm&r=g\",\"contentUrl\":\"https:\/\/secure.gravatar.com\/avatar\/b0fb2e221d618f7c65162ab0d49c7e8a0b580c871ca03af90e42b47b4150654c?s=96&d=mm&r=g\",\"caption\":\"Debat\"},\"url\":\"https:\/\/kunmedierne.dk\/mors\/author\/debat\/\"}]}<\/script>\n<!-- \/ Yoast SEO plugin. -->","yoast_head_json":{"title":"- Ikke boligbyggeri p\u00e5 \u00d8rodde - Mors","robots":{"index":"index","follow":"follow","max-snippet":"max-snippet:-1","max-image-preview":"max-image-preview:large","max-video-preview":"max-video-preview:-1"},"canonical":"https:\/\/kunmedierne.dk\/mors\/ikke-boligbyggeri-paa-oerodde\/","og_locale":"da_DK","og_type":"article","og_title":"- Ikke boligbyggeri p\u00e5 \u00d8rodde - Mors","og_description":"Kommunalbestyrelsesmedlem Jette Jepsen, V. Hvidbjerg, kandidat for Radikale Venstre til kommunalvalg 2021, har sendt dette debatindl\u00e6g: NYK\u00d8BING: Forslag til Kommuneplan 2021-2033 blev tirsdag aften dr\u00f8ftet p\u00e5 kommunalbestyrelsesm\u00f8de og sendt videre til offentlig h\u00f8ring. En fin plan p\u00e5 rigtig mange punkter. Men der er dog \u00e9t punkt som skurrer i mine \u00f8jne. Det er planerne p\u00e5 [&hellip;]","og_url":"https:\/\/kunmedierne.dk\/mors\/ikke-boligbyggeri-paa-oerodde\/","og_site_name":"Mors","article_published_time":"2021-06-30T07:04:39+00:00","article_modified_time":"2024-08-07T12:45:35+00:00","og_image":[{"width":770,"height":513,"url":"https:\/\/kunmedierne.dk\/mors\/wp-content\/uploads\/2020\/01\/0-debat-jette-jepsen-R.jpg","type":"image\/jpeg"}],"author":"Debat","twitter_card":"summary_large_image","twitter_misc":{"Skrevet af":"Debat","Estimeret l\u00e6setid":"3 minutter"},"schema":{"@context":"https:\/\/schema.org","@graph":[{"@type":"Article","@id":"https:\/\/kunmedierne.dk\/mors\/ikke-boligbyggeri-paa-oerodde\/#article","isPartOf":{"@id":"https:\/\/kunmedierne.dk\/mors\/ikke-boligbyggeri-paa-oerodde\/"},"author":{"name":"Debat","@id":"https:\/\/kunmedierne.dk\/mors\/#\/schema\/person\/84c1391bce0b43b9bb3a49736bc0ad78"},"headline":"&#8211; Ikke boligbyggeri p\u00e5 \u00d8rodde","datePublished":"2021-06-30T07:04:39+00:00","dateModified":"2024-08-07T12:45:35+00:00","mainEntityOfPage":{"@id":"https:\/\/kunmedierne.dk\/mors\/ikke-boligbyggeri-paa-oerodde\/"},"wordCount":534,"commentCount":0,"publisher":{"@id":"https:\/\/kunmedierne.dk\/mors\/#organization"},"image":{"@id":"https:\/\/kunmedierne.dk\/mors\/ikke-boligbyggeri-paa-oerodde\/#primaryimage"},"thumbnailUrl":"https:\/\/kunmedierne.dk\/mors\/wp-content\/uploads\/2020\/01\/0-debat-jette-jepsen-R.jpg","keywords":["Politik"],"articleSection":["Debat"],"inLanguage":"da-DK","potentialAction":[{"@type":"CommentAction","name":"Comment","target":["https:\/\/kunmedierne.dk\/mors\/ikke-boligbyggeri-paa-oerodde\/#respond"]}]},{"@type":"WebPage","@id":"https:\/\/kunmedierne.dk\/mors\/ikke-boligbyggeri-paa-oerodde\/","url":"https:\/\/kunmedierne.dk\/mors\/ikke-boligbyggeri-paa-oerodde\/","name":"- Ikke boligbyggeri p\u00e5 \u00d8rodde - Mors","isPartOf":{"@id":"https:\/\/kunmedierne.dk\/mors\/#website"},"primaryImageOfPage":{"@id":"https:\/\/kunmedierne.dk\/mors\/ikke-boligbyggeri-paa-oerodde\/#primaryimage"},"image":{"@id":"https:\/\/kunmedierne.dk\/mors\/ikke-boligbyggeri-paa-oerodde\/#primaryimage"},"thumbnailUrl":"https:\/\/kunmedierne.dk\/mors\/wp-content\/uploads\/2020\/01\/0-debat-jette-jepsen-R.jpg","datePublished":"2021-06-30T07:04:39+00:00","dateModified":"2024-08-07T12:45:35+00:00","breadcrumb":{"@id":"https:\/\/kunmedierne.dk\/mors\/ikke-boligbyggeri-paa-oerodde\/#breadcrumb"},"inLanguage":"da-DK","potentialAction":[{"@type":"ReadAction","target":["https:\/\/kunmedierne.dk\/mors\/ikke-boligbyggeri-paa-oerodde\/"]}]},{"@type":"ImageObject","inLanguage":"da-DK","@id":"https:\/\/kunmedierne.dk\/mors\/ikke-boligbyggeri-paa-oerodde\/#primaryimage","url":"https:\/\/kunmedierne.dk\/mors\/wp-content\/uploads\/2020\/01\/0-debat-jette-jepsen-R.jpg","contentUrl":"https:\/\/kunmedierne.dk\/mors\/wp-content\/uploads\/2020\/01\/0-debat-jette-jepsen-R.jpg","width":770,"height":513,"caption":"Jette Jepsen (RV). Foto: Per Bech\/Mors\u00f8 Kommune."},{"@type":"BreadcrumbList","@id":"https:\/\/kunmedierne.dk\/mors\/ikke-boligbyggeri-paa-oerodde\/#breadcrumb","itemListElement":[{"@type":"ListItem","position":1,"name":"Hjem","item":"https:\/\/kunmedierne.dk\/mors\/"},{"@type":"ListItem","position":2,"name":"&#8211; Ikke boligbyggeri p\u00e5 \u00d8rodde"}]},{"@type":"WebSite","@id":"https:\/\/kunmedierne.dk\/mors\/#website","url":"https:\/\/kunmedierne.dk\/mors\/","name":"Mors","description":"et netmedie med journalistik om livet p\u00e5 Mors","publisher":{"@id":"https:\/\/kunmedierne.dk\/mors\/#organization"},"potentialAction":[{"@type":"SearchAction","target":{"@type":"EntryPoint","urlTemplate":"https:\/\/kunmedierne.dk\/mors\/?s={search_term_string}"},"query-input":{"@type":"PropertyValueSpecification","valueRequired":true,"valueName":"search_term_string"}}],"inLanguage":"da-DK"},{"@type":"Organization","@id":"https:\/\/kunmedierne.dk\/mors\/#organization","name":"Mors","url":"https:\/\/kunmedierne.dk\/mors\/","logo":{"@type":"ImageObject","inLanguage":"da-DK","@id":"https:\/\/kunmedierne.dk\/mors\/#\/schema\/logo\/image\/","url":"https:\/\/kunmedierne.dk\/mors\/wp-content\/uploads\/2024\/08\/kunmors-logo.svg","contentUrl":"https:\/\/kunmedierne.dk\/mors\/wp-content\/uploads\/2024\/08\/kunmors-logo.svg","caption":"Mors"},"image":{"@id":"https:\/\/kunmedierne.dk\/mors\/#\/schema\/logo\/image\/"}},{"@type":"Person","@id":"https:\/\/kunmedierne.dk\/mors\/#\/schema\/person\/84c1391bce0b43b9bb3a49736bc0ad78","name":"Debat","image":{"@type":"ImageObject","inLanguage":"da-DK","@id":"https:\/\/kunmedierne.dk\/mors\/#\/schema\/person\/image\/","url":"https:\/\/secure.gravatar.com\/avatar\/b0fb2e221d618f7c65162ab0d49c7e8a0b580c871ca03af90e42b47b4150654c?s=96&d=mm&r=g","contentUrl":"https:\/\/secure.gravatar.com\/avatar\/b0fb2e221d618f7c65162ab0d49c7e8a0b580c871ca03af90e42b47b4150654c?s=96&d=mm&r=g","caption":"Debat"},"url":"https:\/\/kunmedierne.dk\/mors\/author\/debat\/"}]}},"_links":{"self":[{"href":"https:\/\/kunmedierne.dk\/mors\/wp-json\/wp\/v2\/posts\/47927","targetHints":{"allow":["GET"]}}],"collection":[{"href":"https:\/\/kunmedierne.dk\/mors\/wp-json\/wp\/v2\/posts"}],"about":[{"href":"https:\/\/kunmedierne.dk\/mors\/wp-json\/wp\/v2\/types\/post"}],"author":[{"embeddable":true,"href":"https:\/\/kunmedierne.dk\/mors\/wp-json\/wp\/v2\/users\/11"}],"replies":[{"embeddable":true,"href":"https:\/\/kunmedierne.dk\/mors\/wp-json\/wp\/v2\/comments?post=47927"}],"version-history":[{"count":1,"href":"https:\/\/kunmedierne.dk\/mors\/wp-json\/wp\/v2\/posts\/47927\/revisions"}],"predecessor-version":[{"id":47928,"href":"https:\/\/kunmedierne.dk\/mors\/wp-json\/wp\/v2\/posts\/47927\/revisions\/47928"}],"wp:featuredmedia":[{"embeddable":true,"href":"https:\/\/kunmedierne.dk\/mors\/wp-json\/wp\/v2\/media\/18975"}],"wp:attachment":[{"href":"https:\/\/kunmedierne.dk\/mors\/wp-json\/wp\/v2\/media?parent=47927"}],"wp:term":[{"taxonomy":"category","embeddable":true,"href":"https:\/\/kunmedierne.dk\/mors\/wp-json\/wp\/v2\/categories?post=47927"},{"taxonomy":"post_tag","embeddable":true,"href":"https:\/\/kunmedierne.dk\/mors\/wp-json\/wp\/v2\/tags?post=47927"}],"curies":[{"name":"wp","href":"https:\/\/api.w.org\/{rel}","templated":true}]}}