{"id":47672,"date":"2021-06-25T11:00:53","date_gmt":"2021-06-25T09:00:53","guid":{"rendered":"https:\/\/kunmedierne.dk\/mors\/?p=47672"},"modified":"2024-08-07T14:45:37","modified_gmt":"2024-08-07T12:45:37","slug":"47672-2","status":"publish","type":"post","link":"https:\/\/kunmedierne.dk\/mors\/47672-2\/","title":{"rendered":"Rektor Kurt Sonne Thomsens dimissionstale 2021"},"content":{"rendered":"<p><em>Rektor Kurt Sonne Thomsens dimissionstale 2021 til \u00e5rets studenter p\u00e5 Mors\u00f8 Gymnasium:<\/em><\/p>\n<p>K\u00e6re studenter<\/p>\n<p>N\u00e5r dimissionen her er f\u00e6rdig, er det slut med jeres gymnasietid. De fleste af jer vil ogs\u00e5 flytte hjemmefra, om ikke lige nu s\u00e5 i hvert fald i l\u00f8bet af det n\u00e6ste \u00e5rs tid. Fra at v\u00e6re unge mennesker, der har haft et netv\u00e6rk i n\u00e6rheden, der har hjulpet jer n\u00e6rmest 24-7, bliver det i h\u00f8jere grad jer selv, der kommer til at st\u00e5 med hele ansvaret for jeres liv. Eksistentielt set har det naturligvis v\u00e6ret s\u00e5dan l\u00e6nge, men hj\u00e6lpen fra familien og skolen har gjort det lettere.<\/p>\n<p>Det er b\u00e5de en skr\u00e6mmende og sp\u00e6ndende kendsgerning. Jeg husker selv, at det at f\u00e5 k\u00f8bt ind, at f\u00e5 lavet mad, at f\u00e5 betalt regninger, at f\u00e5 gjort rent, at f\u00e5 vasket t\u00f8j og f.eks.at s\u00f8rge for, at jeg havde de rigtige forsikringer kr\u00e6vede overraskende meget energi. Livet uden den kendte sp\u00e6ndetr\u00f8je rummede nogle andre og nye udfordringer. Det kommer det ogs\u00e5 til for jer. Dimissionen er nutidens overgang til voksenlivet. <a href=\"https:\/\/www.braendselsforeningen.dk\/\"><img loading=\"lazy\" decoding=\"async\" class=\"alignright size-full wp-image-46597\" src=\"https:\/\/kunmedierne.dk\/mors\/wp-content\/uploads\/2021\/06\/t06.jpg\" alt=\"\" width=\"1425\" height=\"127\" srcset=\"https:\/\/kunmedierne.dk\/mors\/wp-content\/uploads\/2021\/06\/t06.jpg 1425w, https:\/\/kunmedierne.dk\/mors\/wp-content\/uploads\/2021\/06\/t06-300x27.jpg 300w, https:\/\/kunmedierne.dk\/mors\/wp-content\/uploads\/2021\/06\/t06-1024x91.jpg 1024w, https:\/\/kunmedierne.dk\/mors\/wp-content\/uploads\/2021\/06\/t06-768x68.jpg 768w, https:\/\/kunmedierne.dk\/mors\/wp-content\/uploads\/2021\/06\/t06-600x53.jpg 600w\" sizes=\"auto, (max-width: 1425px) 100vw, 1425px\" \/><\/a><\/p>\n<p>Jeg er i Nordjyske citeret for, at de, der kan kede sig, f\u00e5r det lettere i livet. Det citat vil jeg gerne st\u00e5 ved, og jeg vil ogs\u00e5 godt indr\u00f8mme, at det nok ikke er det som gymnasiet og jeres for\u00e6ldre har v\u00e6ret bedst til at l\u00e6re jer, selvom nogle m\u00e5ske synes, at undervisningen og opgaverne ikke altid har v\u00e6ret lige sp\u00e6ndende. Problemet for jer og for mig for den sags skyld er, at det er meget let at lade sig \u201dunderholde\u201d ved at checke facebook eller se, hvad der i \u00f8vrigt sker p\u00e5 nettet. Det g\u00f8r det vanskeligere at koncentrere sig om opgaver og stof, som er sv\u00e6rt, og som m\u00e5ske kr\u00e6ver timers overvejelser, f\u00f8r man forst\u00e5r, hvad det v\u00e6sentlige er. Investerer man tiden og f\u00e5r forst\u00e5elsen, er det en stor tilfredsstillelse, men det skal jo pr\u00f8ves, f\u00f8r man erkender det. <a href=\"https:\/\/thistedkloakservice.dk\/\"><img loading=\"lazy\" decoding=\"async\" class=\"alignright size-full wp-image-46603\" src=\"https:\/\/kunmedierne.dk\/mors\/wp-content\/uploads\/2021\/06\/t12.jpg\" alt=\"\" width=\"1400\" height=\"125\" srcset=\"https:\/\/kunmedierne.dk\/mors\/wp-content\/uploads\/2021\/06\/t12.jpg 1400w, https:\/\/kunmedierne.dk\/mors\/wp-content\/uploads\/2021\/06\/t12-300x27.jpg 300w, https:\/\/kunmedierne.dk\/mors\/wp-content\/uploads\/2021\/06\/t12-1024x91.jpg 1024w, https:\/\/kunmedierne.dk\/mors\/wp-content\/uploads\/2021\/06\/t12-768x69.jpg 768w, https:\/\/kunmedierne.dk\/mors\/wp-content\/uploads\/2021\/06\/t12-600x54.jpg 600w\" sizes=\"auto, (max-width: 1400px) 100vw, 1400px\" \/><\/a><\/p>\n<p>Ingen er i tvivl om, at det kr\u00e6ver lang tids tr\u00e6ning at blive en god idr\u00e6tsud\u00f8ver eller en god musiker, og jeg er helt sikker p\u00e5, at ikke alle tr\u00e6ningstimer er lige sjove. Det kr\u00e6ver imidlertid en tilsvarende indsats at blive god til sprog eller matematik. Det er ens eget arbejde, der g\u00f8r forskellen. En tr\u00e6ner fort\u00e6ller idr\u00e6tsud\u00f8veren, hvad indholdet af tr\u00e6ningen skal v\u00e6re, men det er idr\u00e6tsud\u00f8veren, der skal lave det h\u00e5rde arbejde. I gymnasiet er det l\u00e6rerne, der laver programmet, og jer, der skal lave det h\u00e5rde arbejde. Det er nogle gange kedeligt, men det I l\u00e6rer p\u00e5 den m\u00e5de, kan I virkelig bruge i jeres fremtidige liv. Det forst\u00e5r I nemlig. Jeg er glad for at en del af jer allerede i gymnasiet har pr\u00f8vet det h\u00e5rde og til tider kedelige arbejde og oplevet succesen ved n\u00e5 i m\u00e5l.<a href=\"https:\/\/www.fmspks.dk\/\"><img loading=\"lazy\" decoding=\"async\" class=\"alignright size-full wp-image-46592\" src=\"https:\/\/kunmedierne.dk\/mors\/wp-content\/uploads\/2021\/06\/t01.jpg\" alt=\"\" width=\"1400\" height=\"125\" srcset=\"https:\/\/kunmedierne.dk\/mors\/wp-content\/uploads\/2021\/06\/t01.jpg 1400w, https:\/\/kunmedierne.dk\/mors\/wp-content\/uploads\/2021\/06\/t01-300x27.jpg 300w, https:\/\/kunmedierne.dk\/mors\/wp-content\/uploads\/2021\/06\/t01-1024x91.jpg 1024w, https:\/\/kunmedierne.dk\/mors\/wp-content\/uploads\/2021\/06\/t01-768x69.jpg 768w, https:\/\/kunmedierne.dk\/mors\/wp-content\/uploads\/2021\/06\/t01-600x54.jpg 600w\" sizes=\"auto, (max-width: 1400px) 100vw, 1400px\" \/><\/a><\/p>\n<p>For dem, der endnu ikke helt er n\u00e5et dertil, skal I v\u00e6re glade for, at selvom I kunne have f\u00e5et mere fagligt og studiem\u00e6ssigt ud af gymnasietiden, s\u00e5 har I alligevel tilegnet jer nogle kompetencer, der g\u00f8r det muligt for jer ved egen kraft at komme videre med jeres uddannelses-, fritids- og arbejdsliv. I har nemlig valgt den ungdomsuddannelse, der giver jer den bredeste baggrund og det bedste fundament til at komme videre med et godt liv. I forbindelse med uddannelse bekr\u00e6ftes det ogs\u00e5 af en helt ny unders\u00f8gelse foretaget af Danmarks Evalueringsinstitut, der fastsl\u00e5r, at stx studenter klarer sig bedst i stort set alle uddannelser efter studentereksamen. Jyllandspostens overskrift siger det kort: \u201dR\u00f8de huer klarer sig bedre end de andre det f\u00f8rste uddannelses\u00e5r\u201d <img loading=\"lazy\" decoding=\"async\" class=\"alignright size-full wp-image-46598\" src=\"https:\/\/kunmedierne.dk\/mors\/wp-content\/uploads\/2021\/06\/t07.jpg\" alt=\"\" width=\"1425\" height=\"127\" srcset=\"https:\/\/kunmedierne.dk\/mors\/wp-content\/uploads\/2021\/06\/t07.jpg 1425w, https:\/\/kunmedierne.dk\/mors\/wp-content\/uploads\/2021\/06\/t07-300x27.jpg 300w, https:\/\/kunmedierne.dk\/mors\/wp-content\/uploads\/2021\/06\/t07-1024x91.jpg 1024w, https:\/\/kunmedierne.dk\/mors\/wp-content\/uploads\/2021\/06\/t07-768x68.jpg 768w, https:\/\/kunmedierne.dk\/mors\/wp-content\/uploads\/2021\/06\/t07-600x53.jpg 600w\" sizes=\"auto, (max-width: 1425px) 100vw, 1425px\" \/><\/p>\n<p>Et Mark Twain citat siger: \u201cTravel is fatal to prejudice, bigotry and narrow-mindedness\u201d En god overs\u00e6ttelse vil v\u00e6re: \u201dRejser er fatale for fordomme, ford\u00f8mmelse og sn\u00e6versyn\u201d, men sl\u00e5r man ordet bigotry op i en ordbog f\u00e5r man betydningen blind tro eller bigotteri, som p\u00e5 dansk betyder skinhellighed eller hykleri. Det kr\u00e6ver s\u00e5ledes kendskab til ordets brug i det engelske sprog, hvor det som regel anvendes i forbindelse med negative fordomme over for grupper af mennesker af bestemt herkomst eller med en bestemt religion. I sammenh\u00e6ngen bliver ordet ford\u00f8mmelse derfor et godt valg.<a href=\"https:\/\/vester-begr.dk\"><img loading=\"lazy\" decoding=\"async\" class=\"alignright size-full wp-image-46593\" src=\"https:\/\/kunmedierne.dk\/mors\/wp-content\/uploads\/2021\/06\/t02.jpg\" alt=\"\" width=\"1400\" height=\"125\" srcset=\"https:\/\/kunmedierne.dk\/mors\/wp-content\/uploads\/2021\/06\/t02.jpg 1400w, https:\/\/kunmedierne.dk\/mors\/wp-content\/uploads\/2021\/06\/t02-300x27.jpg 300w, https:\/\/kunmedierne.dk\/mors\/wp-content\/uploads\/2021\/06\/t02-1024x91.jpg 1024w, https:\/\/kunmedierne.dk\/mors\/wp-content\/uploads\/2021\/06\/t02-768x69.jpg 768w, https:\/\/kunmedierne.dk\/mors\/wp-content\/uploads\/2021\/06\/t02-600x54.jpg 600w\" sizes=\"auto, (max-width: 1400px) 100vw, 1400px\" \/><\/a><\/p>\n<p>For at forst\u00e5 hinanden i verden, er det alts\u00e5 ikke nok kende gloser, man er n\u00f8dt til ogs\u00e5 at kende til den kulturelle sammenh\u00e6ng, som gloserne bruges i. Det er gymnasiets sprogundervisning s\u00e6rdeles velegnet til, og jeg h\u00e5ber, at I vil bruge den indsigt, n\u00e5r sproglige misforst\u00e5elser f\u00e5r folk til at ford\u00f8mme hinanden. N\u00e5r Mark Twain her mener rejser, skal det nok ikke forst\u00e5s som badeferien til Sydspanien, hvor man omgiver sig med en hel masse mennesker, der er lige som en selv, men snarere rejser, hvor man m\u00f8der andre mennesker og andre levem\u00e5der, end dem man selv har. <a href=\"https:\/\/vognmand-filtenborg.dk\/\"><img loading=\"lazy\" decoding=\"async\" class=\"alignright size-full wp-image-46594\" src=\"https:\/\/kunmedierne.dk\/mors\/wp-content\/uploads\/2021\/06\/t03.jpg\" alt=\"\" width=\"1400\" height=\"125\" srcset=\"https:\/\/kunmedierne.dk\/mors\/wp-content\/uploads\/2021\/06\/t03.jpg 1400w, https:\/\/kunmedierne.dk\/mors\/wp-content\/uploads\/2021\/06\/t03-300x27.jpg 300w, https:\/\/kunmedierne.dk\/mors\/wp-content\/uploads\/2021\/06\/t03-1024x91.jpg 1024w, https:\/\/kunmedierne.dk\/mors\/wp-content\/uploads\/2021\/06\/t03-768x69.jpg 768w, https:\/\/kunmedierne.dk\/mors\/wp-content\/uploads\/2021\/06\/t03-600x54.jpg 600w\" sizes=\"auto, (max-width: 1400px) 100vw, 1400px\" \/><\/a><\/p>\n<p>Det er ikke sikkert, at man synes, at de andre levem\u00e5der og livsopfattelser er noget for en selv, men forst\u00e5elsen for, at der er andre m\u00e5der at leve p\u00e5, at der kan v\u00e6re andre v\u00e6rdier end ens egne, er vigtig, hvis vi skal have en verden, hvor fredelig sameksistens er en mulighed. Det kan v\u00e6re sv\u00e6rt. Selv p\u00e5 gymnasiet h\u00f8rer man nogle gange meget generaliserende bem\u00e6rkninger om andre grupper eller klasser. En verden, hvor der ikke er plads til forskellighed, forskellige interesser og forskellige holdninger, ville v\u00e6re uendelig kedelig og helt uden udvikling. Man m\u00e5 godt v\u00e6re lidt misundelig p\u00e5 de andre, men det skal bruges konstruktivt til at str\u00e6be efter at opn\u00e5 noget bedre ogs\u00e5 for en selv.<a href=\"https:\/\/www.sparnord.dk\/filialer\/nykoebing-mors\/\"><img loading=\"lazy\" decoding=\"async\" class=\"alignright size-full wp-image-46595\" src=\"https:\/\/kunmedierne.dk\/mors\/wp-content\/uploads\/2021\/06\/t04.jpg\" alt=\"\" width=\"1400\" height=\"123\" srcset=\"https:\/\/kunmedierne.dk\/mors\/wp-content\/uploads\/2021\/06\/t04.jpg 1400w, https:\/\/kunmedierne.dk\/mors\/wp-content\/uploads\/2021\/06\/t04-300x26.jpg 300w, https:\/\/kunmedierne.dk\/mors\/wp-content\/uploads\/2021\/06\/t04-1024x90.jpg 1024w, https:\/\/kunmedierne.dk\/mors\/wp-content\/uploads\/2021\/06\/t04-768x67.jpg 768w, https:\/\/kunmedierne.dk\/mors\/wp-content\/uploads\/2021\/06\/t04-600x53.jpg 600w\" sizes=\"auto, (max-width: 1400px) 100vw, 1400px\" \/><\/a><\/p>\n<p>Den engelske forfatter John Fowles taler om misundelse som en n\u00f8dvendig menneskelig drivkraft. Han bruger ordet \u201denvy\u201d, som p\u00e5 engelsk m\u00e5ske har knap s\u00e5 negativ en klang som ordet misundelse har p\u00e5 dansk. Med jeres gymnasiebaggrund og de mange forskellige fag er I kl\u00e6dt godt p\u00e5 til kulturel forst\u00e5else, og jeg h\u00e5ber, at I vil bruge jeres misundelse til gl\u00e6de for b\u00e5de jer selv og andre, og ikke bare surmule over, at noget kan se bedre ud andre steder. Og s\u00e6t pris p\u00e5 forskelligheden. Det er altid bekymrende, hvis alle g\u00e5r i takt. <a href=\"http:\/\/www.limfjordsteatret.dk\/#front\"><img loading=\"lazy\" decoding=\"async\" class=\"alignright size-full wp-image-46596\" src=\"https:\/\/kunmedierne.dk\/mors\/wp-content\/uploads\/2021\/06\/t05.jpg\" alt=\"\" width=\"1400\" height=\"125\" srcset=\"https:\/\/kunmedierne.dk\/mors\/wp-content\/uploads\/2021\/06\/t05.jpg 1400w, https:\/\/kunmedierne.dk\/mors\/wp-content\/uploads\/2021\/06\/t05-300x27.jpg 300w, https:\/\/kunmedierne.dk\/mors\/wp-content\/uploads\/2021\/06\/t05-1024x91.jpg 1024w, https:\/\/kunmedierne.dk\/mors\/wp-content\/uploads\/2021\/06\/t05-768x69.jpg 768w, https:\/\/kunmedierne.dk\/mors\/wp-content\/uploads\/2021\/06\/t05-600x54.jpg 600w\" sizes=\"auto, (max-width: 1400px) 100vw, 1400px\" \/><\/a><\/p>\n<p>En anden menneskelig drivkraft er nysgerrighed. Vi vil gerne pr\u00f8ve noget nyt eller forst\u00e5 verden bedre. Det begynder med den enkelte, og jeg h\u00e5ber, at I vil bruge den kommende tid til at pr\u00f8ve noget, som I ikke har pr\u00f8vet f\u00f8r. Det skulle der v\u00e6re en god chance for, og v\u00e6r ikke bange for at v\u00e6lge noget, som viser sig ikke at v\u00e6re det helt rigtige for jer. Lad v\u00e6re med at fortryde s\u00e5danne valg, brug i stedet erfaringen herfra, n\u00e5r I skal v\u00e6lge n\u00e6ste gang. Hvis I aldrig laver fejl, s\u00e5 er chancen for at l\u00e6re noget nyt minimal. Brug jeres nysgerrighed og interesse. Det er ogs\u00e5 en drivkraft for udvikling. Noget lignende g\u00f8r sig g\u00e6ldende inden for forskningen. Hvis samfundet tvinger forskere til at bruge al deres energi p\u00e5 at udvikle omr\u00e5der, der er direkte til gavn for samfunds\u00f8konomien, s\u00e5 vil der aldrig for alvor blive lavet nye gennembrud. Det sker til geng\u00e6ld, n\u00e5r det er den menneskelige nysgerrighed og behovet for at forst\u00e5 livets sammenh\u00e6nge, der er drivkraften.<a href=\"https:\/\/www.sparthy.dk\/\"><img loading=\"lazy\" decoding=\"async\" class=\"alignright size-full wp-image-46599\" src=\"https:\/\/kunmedierne.dk\/mors\/wp-content\/uploads\/2021\/06\/t08.jpg\" alt=\"\" width=\"1400\" height=\"125\" srcset=\"https:\/\/kunmedierne.dk\/mors\/wp-content\/uploads\/2021\/06\/t08.jpg 1400w, https:\/\/kunmedierne.dk\/mors\/wp-content\/uploads\/2021\/06\/t08-300x27.jpg 300w, https:\/\/kunmedierne.dk\/mors\/wp-content\/uploads\/2021\/06\/t08-1024x91.jpg 1024w, https:\/\/kunmedierne.dk\/mors\/wp-content\/uploads\/2021\/06\/t08-768x69.jpg 768w, https:\/\/kunmedierne.dk\/mors\/wp-content\/uploads\/2021\/06\/t08-600x54.jpg 600w\" sizes=\"auto, (max-width: 1400px) 100vw, 1400px\" \/><\/a><\/p>\n<p>De st\u00f8rste videnskabelige erkendelser er stort set altid et biprodukt af noget, der intet andet form\u00e5l havde, end at g\u00f8re os klogere. S\u00e5 n\u00e5r nogen siger til jer, at det er vigtigt, at I v\u00e6lger at besk\u00e6ftige jer med noget bestemt, fordi det er bedst for samfundet, s\u00e5 skal I ikke g\u00f8re det med mindre, det ogs\u00e5 er bedst for jer. For jo mere engagement og nysgerrighed, I l\u00e6gger i jeres studier og jeres arbejde, jo mere kommer I faktisk til at betyde for samfundet. Samtidigt f\u00e5r I et rigere liv. <img loading=\"lazy\" decoding=\"async\" class=\"alignright size-full wp-image-46600\" src=\"https:\/\/kunmedierne.dk\/mors\/wp-content\/uploads\/2021\/06\/t09.jpg\" alt=\"\" width=\"1400\" height=\"125\" srcset=\"https:\/\/kunmedierne.dk\/mors\/wp-content\/uploads\/2021\/06\/t09.jpg 1400w, https:\/\/kunmedierne.dk\/mors\/wp-content\/uploads\/2021\/06\/t09-300x27.jpg 300w, https:\/\/kunmedierne.dk\/mors\/wp-content\/uploads\/2021\/06\/t09-1024x91.jpg 1024w, https:\/\/kunmedierne.dk\/mors\/wp-content\/uploads\/2021\/06\/t09-768x69.jpg 768w, https:\/\/kunmedierne.dk\/mors\/wp-content\/uploads\/2021\/06\/t09-600x54.jpg 600w\" sizes=\"auto, (max-width: 1400px) 100vw, 1400px\" \/><\/p>\n<p>I tilh\u00f8rer generation Z, og det bliver i h\u00f8j grad jeres generation, der skal leve under de vilk\u00e5r, som min generation har efterladt til jer. Klima og milj\u00f8 vil v\u00e6re emner, der kommer til at fylde rigtig meget for jer. Det skyldes \u00e5rtiers v\u00e6kstfilosofi og uh\u00e6mmet forbrug. Jeg tror, at I vil tage udfordringen op, for ellers vil jeres b\u00f8rn f\u00e5 et liv, der er meget ringere end jeres. Den igangv\u00e6rende pandemi kan v\u00e6re et godt udgangspunkt, hvis vi t\u00e6nker os om og ikke bare s\u00f8rger for, at der kommer s\u00e5 meget gang i hjulene som muligt. Jeg ved, at mange af jer t\u00e6nker i genbrug og i mindre resurseforbrug. Da det er jeres fremtid, det g\u00e6lder, er det derfor vigtigt, at I blander jer i debatten og handler, n\u00e5r I synes, at tingene g\u00e5r sk\u00e6vt. Det at medt\u00e6nke klima og milj\u00f8 i politiske beslutninger bliver nemlig afg\u00f8rende. Da jeg var ung, og det er jo en del \u00e5r siden, var arbejds- og indtjeningsidealet: \u201dJo mere des bedre\u201d. Det betragtedes som en god ting, hvis man var sit arbejde. <a href=\"https:\/\/www.braendselsforeningen.dk\/\"><img loading=\"lazy\" decoding=\"async\" class=\"alignright size-full wp-image-46597\" src=\"https:\/\/kunmedierne.dk\/mors\/wp-content\/uploads\/2021\/06\/t06.jpg\" alt=\"\" width=\"1425\" height=\"127\" srcset=\"https:\/\/kunmedierne.dk\/mors\/wp-content\/uploads\/2021\/06\/t06.jpg 1425w, https:\/\/kunmedierne.dk\/mors\/wp-content\/uploads\/2021\/06\/t06-300x27.jpg 300w, https:\/\/kunmedierne.dk\/mors\/wp-content\/uploads\/2021\/06\/t06-1024x91.jpg 1024w, https:\/\/kunmedierne.dk\/mors\/wp-content\/uploads\/2021\/06\/t06-768x68.jpg 768w, https:\/\/kunmedierne.dk\/mors\/wp-content\/uploads\/2021\/06\/t06-600x53.jpg 600w\" sizes=\"auto, (max-width: 1425px) 100vw, 1425px\" \/><\/a><\/p>\n<p>Jeg oplever i dag, at yngre mennesker i h\u00f8jere grad t\u00e6nker i sammenh\u00e6ng til hele deres liv, og det bevirker allerede, at der skal findes passende kompromisser mellem et stort forbrug og et liv i balance. Den tankegang er faktisk en god begyndelse, hvis vi skal have et samfund, hvor lykken ikke alene er forbrug, men i lige s\u00e5 h\u00f8j grad, at man har det godt med de mennesker, man omg\u00e5s, og overordnet synes, at tiden bruges p\u00e5 noget, som man synes er v\u00e6rd at bruge den p\u00e5. Med jeres gymnasieuddannelse er chancen for, at I f\u00e5r et arbejde, som I synes er interessant ret stor, men skulle det ikke lige v\u00e6re dr\u00f8mmejobbet, I f\u00e5r, er I ogs\u00e5 kl\u00e6dt p\u00e5 til at udnytte jeres tid til gavn for jer selv og jeres omgivelser alligevel. I er nemlig ogs\u00e5 blevet uddannet til jeres fritid. Mit r\u00e5d til jer skal v\u00e6re, at I skal gribe de chancer, I f\u00e5r, og ikke lade jer styre af en stor masterplan. Forudsigelighed er ikke n\u00f8dvendigvis den st\u00f8rste lykke i verden. <a href=\"https:\/\/konpap.dk\/\"><img loading=\"lazy\" decoding=\"async\" class=\"alignright size-full wp-image-46601\" src=\"https:\/\/kunmedierne.dk\/mors\/wp-content\/uploads\/2021\/06\/t10.jpg\" alt=\"\" width=\"1400\" height=\"125\" srcset=\"https:\/\/kunmedierne.dk\/mors\/wp-content\/uploads\/2021\/06\/t10.jpg 1400w, https:\/\/kunmedierne.dk\/mors\/wp-content\/uploads\/2021\/06\/t10-300x27.jpg 300w, https:\/\/kunmedierne.dk\/mors\/wp-content\/uploads\/2021\/06\/t10-1024x91.jpg 1024w, https:\/\/kunmedierne.dk\/mors\/wp-content\/uploads\/2021\/06\/t10-768x69.jpg 768w, https:\/\/kunmedierne.dk\/mors\/wp-content\/uploads\/2021\/06\/t10-600x54.jpg 600w\" sizes=\"auto, (max-width: 1400px) 100vw, 1400px\" \/><\/a><\/p>\n<p>Jeg vil nu bruge et andet citat af Mark Twain, som jeg har brugt f\u00f8r. Det lyder: <em>\u201dDa jeg var en dreng p\u00e5 14 \u00e5r, var min far s\u00e5 uvidende, at jeg n\u00e6ppe orkede at have gamlingen i n\u00e6rheden. Men da jeg blev 21, blev jeg overrasket over, hvor meget han havde l\u00e6rt p\u00e5 syv \u00e5r<\/em>\u201d Jeg har s\u00e5 tidligere sagt, at jeg gl\u00e6dede mig til at tale med jer om 7 \u00e5r, men den her gang har jeg medtaget citatet for, at I ikke i kor skulle sige til mig: \u201dOk, boomer\u201d<\/p>\n<p>Det er fordi, at jeg h\u00e5ber, at I, selv om der er mange ting, der fylder i jeres hoveder lige nu, vil huske lidt af det, jeg har sagt, for n\u00e5r jeg siger det til jer, er det selvf\u00f8lgelig, fordi jeg ligesom jeres for\u00e6ldre gerne vil have, at det kommer til at g\u00e5 jer godt. Det er et privilegium at besk\u00e6ftige sig med unge mennesker, og jeg kommer til at savne jer. Jeg kender jer ikke alle lige godt, men skolen har en st\u00f8rrelse, der g\u00f8r, at jeg har kendskab til de fleste af jer. Det betyder meget for mig, og jeg h\u00e5ber ogs\u00e5, at I har m\u00e6rket den mulighed for opm\u00e6rksomhed og omsorg, det giver. I har haft en lidt speciel gymnasietid, og den tak jeg plejer at sige her for de mange aktiviteter, I har v\u00e6ret med i, kommer ikke s\u00e5 meget til at g\u00e5 p\u00e5 m\u00e6ngden, men p\u00e5 den positive holdning, I har haft, p\u00e5 trods af vilk\u00e5rene. <img loading=\"lazy\" decoding=\"async\" class=\"alignright size-full wp-image-46602\" src=\"https:\/\/kunmedierne.dk\/mors\/wp-content\/uploads\/2021\/06\/t11.jpg\" alt=\"\" width=\"1400\" height=\"125\" srcset=\"https:\/\/kunmedierne.dk\/mors\/wp-content\/uploads\/2021\/06\/t11.jpg 1400w, https:\/\/kunmedierne.dk\/mors\/wp-content\/uploads\/2021\/06\/t11-300x27.jpg 300w, https:\/\/kunmedierne.dk\/mors\/wp-content\/uploads\/2021\/06\/t11-1024x91.jpg 1024w, https:\/\/kunmedierne.dk\/mors\/wp-content\/uploads\/2021\/06\/t11-768x69.jpg 768w, https:\/\/kunmedierne.dk\/mors\/wp-content\/uploads\/2021\/06\/t11-600x54.jpg 600w\" sizes=\"auto, (max-width: 1400px) 100vw, 1400px\" \/><\/p>\n<p>En stor tak for det, det lykkedes at f\u00e5 gennemf\u00f8rt. I kom ind i gymnasiet som forskellige individer og kom heldigvis ogs\u00e5 ud igen som forskellige individer, nu bare med en f\u00e6lles viden og med f\u00e6lles oplevelser. Dimissionen er en fest, men ogs\u00e5 en afsked. Jeg tror, at mange af jer kommer til at savne dagligdagen og kammeraterne p\u00e5 Mors\u00f8 Gymnasium en smule, men alt har sin tid. Jeg er dog sikker p\u00e5, at de fleste af jer vil t\u00e6nke tilbage p\u00e5 jeres studentertid med gl\u00e6de, og s\u00e5dan skal det ogs\u00e5 helst v\u00e6re. Hjertelig til lykke med jeres studentereksamen.<\/p>\n<p>Med disse ord dimitterer jeg jer som studenter fra Mors\u00f8 Gymnasium 2021.<\/p>\n","protected":false},"excerpt":{"rendered":"<p>Rektor Kurt Sonne Thomsens dimissionstale 2021 til \u00e5rets studenter p\u00e5 Mors\u00f8 Gymnasium: K\u00e6re studenter N\u00e5r dimissionen her er f\u00e6rdig, er det slut med jeres gymnasietid. De fleste af jer vil ogs\u00e5 flytte hjemmefra, om ikke lige nu s\u00e5 i hvert fald i l\u00f8bet af det n\u00e6ste \u00e5rs tid. Fra at v\u00e6re unge mennesker, der har [&hellip;]<\/p>\n","protected":false},"author":996,"featured_media":47675,"comment_status":"open","ping_status":"open","sticky":false,"template":"","format":"standard","meta":{"_acf_changed":false,"footnotes":""},"categories":[51],"tags":[170],"class_list":["post-47672","post","type-post","status-publish","format-standard","has-post-thumbnail","hentry","category-lokalt","tag-uddannelse"],"acf":[],"yoast_head":"<!-- This site is optimized with the Yoast SEO plugin v26.8 - https:\/\/yoast.com\/product\/yoast-seo-wordpress\/ -->\n<title>Rektor Kurt Sonne Thomsens dimissionstale 2021 - Mors<\/title>\n<meta name=\"robots\" content=\"index, follow, max-snippet:-1, max-image-preview:large, max-video-preview:-1\" \/>\n<link rel=\"canonical\" href=\"https:\/\/kunmedierne.dk\/mors\/47672-2\/\" \/>\n<meta property=\"og:locale\" content=\"da_DK\" \/>\n<meta property=\"og:type\" content=\"article\" \/>\n<meta property=\"og:title\" content=\"Rektor Kurt Sonne Thomsens dimissionstale 2021 - Mors\" \/>\n<meta property=\"og:description\" content=\"Rektor Kurt Sonne Thomsens dimissionstale 2021 til \u00e5rets studenter p\u00e5 Mors\u00f8 Gymnasium: K\u00e6re studenter N\u00e5r dimissionen her er f\u00e6rdig, er det slut med jeres gymnasietid. De fleste af jer vil ogs\u00e5 flytte hjemmefra, om ikke lige nu s\u00e5 i hvert fald i l\u00f8bet af det n\u00e6ste \u00e5rs tid. Fra at v\u00e6re unge mennesker, der har [&hellip;]\" \/>\n<meta property=\"og:url\" content=\"https:\/\/kunmedierne.dk\/mors\/47672-2\/\" \/>\n<meta property=\"og:site_name\" content=\"Mors\" \/>\n<meta property=\"article:published_time\" content=\"2021-06-25T09:00:53+00:00\" \/>\n<meta property=\"article:modified_time\" content=\"2024-08-07T12:45:37+00:00\" \/>\n<meta property=\"og:image\" content=\"https:\/\/kunmedierne.dk\/mors\/wp-content\/uploads\/2021\/06\/IMG_2127.jpg\" \/>\n\t<meta property=\"og:image:width\" content=\"770\" \/>\n\t<meta property=\"og:image:height\" content=\"513\" \/>\n\t<meta property=\"og:image:type\" content=\"image\/jpeg\" \/>\n<meta name=\"author\" content=\"kunmors\" \/>\n<meta name=\"twitter:card\" content=\"summary_large_image\" \/>\n<meta name=\"twitter:label1\" content=\"Skrevet af\" \/>\n\t<meta name=\"twitter:data1\" content=\"kunmors\" \/>\n\t<meta name=\"twitter:label2\" content=\"Estimeret l\u00e6setid\" \/>\n\t<meta name=\"twitter:data2\" content=\"12 minutter\" \/>\n<script type=\"application\/ld+json\" class=\"yoast-schema-graph\">{\"@context\":\"https:\/\/schema.org\",\"@graph\":[{\"@type\":\"Article\",\"@id\":\"https:\/\/kunmedierne.dk\/mors\/47672-2\/#article\",\"isPartOf\":{\"@id\":\"https:\/\/kunmedierne.dk\/mors\/47672-2\/\"},\"author\":{\"name\":\"kunmors\",\"@id\":\"https:\/\/kunmedierne.dk\/mors\/#\/schema\/person\/976036941aeb67d7da24581e637f2ba5\"},\"headline\":\"Rektor Kurt Sonne Thomsens dimissionstale 2021\",\"datePublished\":\"2021-06-25T09:00:53+00:00\",\"dateModified\":\"2024-08-07T12:45:37+00:00\",\"mainEntityOfPage\":{\"@id\":\"https:\/\/kunmedierne.dk\/mors\/47672-2\/\"},\"wordCount\":2177,\"commentCount\":0,\"publisher\":{\"@id\":\"https:\/\/kunmedierne.dk\/mors\/#organization\"},\"image\":{\"@id\":\"https:\/\/kunmedierne.dk\/mors\/47672-2\/#primaryimage\"},\"thumbnailUrl\":\"https:\/\/kunmedierne.dk\/mors\/wp-content\/uploads\/2021\/06\/IMG_2127.jpg\",\"keywords\":[\"Skoler og uddannelse\"],\"articleSection\":[\"Lokalt\"],\"inLanguage\":\"da-DK\",\"potentialAction\":[{\"@type\":\"CommentAction\",\"name\":\"Comment\",\"target\":[\"https:\/\/kunmedierne.dk\/mors\/47672-2\/#respond\"]}]},{\"@type\":\"WebPage\",\"@id\":\"https:\/\/kunmedierne.dk\/mors\/47672-2\/\",\"url\":\"https:\/\/kunmedierne.dk\/mors\/47672-2\/\",\"name\":\"Rektor Kurt Sonne Thomsens dimissionstale 2021 - Mors\",\"isPartOf\":{\"@id\":\"https:\/\/kunmedierne.dk\/mors\/#website\"},\"primaryImageOfPage\":{\"@id\":\"https:\/\/kunmedierne.dk\/mors\/47672-2\/#primaryimage\"},\"image\":{\"@id\":\"https:\/\/kunmedierne.dk\/mors\/47672-2\/#primaryimage\"},\"thumbnailUrl\":\"https:\/\/kunmedierne.dk\/mors\/wp-content\/uploads\/2021\/06\/IMG_2127.jpg\",\"datePublished\":\"2021-06-25T09:00:53+00:00\",\"dateModified\":\"2024-08-07T12:45:37+00:00\",\"breadcrumb\":{\"@id\":\"https:\/\/kunmedierne.dk\/mors\/47672-2\/#breadcrumb\"},\"inLanguage\":\"da-DK\",\"potentialAction\":[{\"@type\":\"ReadAction\",\"target\":[\"https:\/\/kunmedierne.dk\/mors\/47672-2\/\"]}]},{\"@type\":\"ImageObject\",\"inLanguage\":\"da-DK\",\"@id\":\"https:\/\/kunmedierne.dk\/mors\/47672-2\/#primaryimage\",\"url\":\"https:\/\/kunmedierne.dk\/mors\/wp-content\/uploads\/2021\/06\/IMG_2127.jpg\",\"contentUrl\":\"https:\/\/kunmedierne.dk\/mors\/wp-content\/uploads\/2021\/06\/IMG_2127.jpg\",\"width\":770,\"height\":513,\"caption\":\"Kurt Sonne Thomsen, rektor p\u00e5 Mors\u00f8 Gymnasium. Foto: David H\u00f8jmark\"},{\"@type\":\"BreadcrumbList\",\"@id\":\"https:\/\/kunmedierne.dk\/mors\/47672-2\/#breadcrumb\",\"itemListElement\":[{\"@type\":\"ListItem\",\"position\":1,\"name\":\"Hjem\",\"item\":\"https:\/\/kunmedierne.dk\/mors\/\"},{\"@type\":\"ListItem\",\"position\":2,\"name\":\"Rektor Kurt Sonne Thomsens dimissionstale 2021\"}]},{\"@type\":\"WebSite\",\"@id\":\"https:\/\/kunmedierne.dk\/mors\/#website\",\"url\":\"https:\/\/kunmedierne.dk\/mors\/\",\"name\":\"Mors\",\"description\":\"et netmedie med journalistik om livet p\u00e5 Mors\",\"publisher\":{\"@id\":\"https:\/\/kunmedierne.dk\/mors\/#organization\"},\"potentialAction\":[{\"@type\":\"SearchAction\",\"target\":{\"@type\":\"EntryPoint\",\"urlTemplate\":\"https:\/\/kunmedierne.dk\/mors\/?s={search_term_string}\"},\"query-input\":{\"@type\":\"PropertyValueSpecification\",\"valueRequired\":true,\"valueName\":\"search_term_string\"}}],\"inLanguage\":\"da-DK\"},{\"@type\":\"Organization\",\"@id\":\"https:\/\/kunmedierne.dk\/mors\/#organization\",\"name\":\"Mors\",\"url\":\"https:\/\/kunmedierne.dk\/mors\/\",\"logo\":{\"@type\":\"ImageObject\",\"inLanguage\":\"da-DK\",\"@id\":\"https:\/\/kunmedierne.dk\/mors\/#\/schema\/logo\/image\/\",\"url\":\"https:\/\/kunmedierne.dk\/mors\/wp-content\/uploads\/2024\/08\/kunmors-logo.svg\",\"contentUrl\":\"https:\/\/kunmedierne.dk\/mors\/wp-content\/uploads\/2024\/08\/kunmors-logo.svg\",\"caption\":\"Mors\"},\"image\":{\"@id\":\"https:\/\/kunmedierne.dk\/mors\/#\/schema\/logo\/image\/\"}},{\"@type\":\"Person\",\"@id\":\"https:\/\/kunmedierne.dk\/mors\/#\/schema\/person\/976036941aeb67d7da24581e637f2ba5\",\"name\":\"kunmors\",\"image\":{\"@type\":\"ImageObject\",\"inLanguage\":\"da-DK\",\"@id\":\"https:\/\/kunmedierne.dk\/mors\/#\/schema\/person\/image\/\",\"url\":\"https:\/\/secure.gravatar.com\/avatar\/863719231c0bdf22d6b517d97f14a1b3d1b324f1e7076c165656d591ff8cece4?s=96&d=mm&r=g\",\"contentUrl\":\"https:\/\/secure.gravatar.com\/avatar\/863719231c0bdf22d6b517d97f14a1b3d1b324f1e7076c165656d591ff8cece4?s=96&d=mm&r=g\",\"caption\":\"kunmors\"},\"url\":\"https:\/\/kunmedierne.dk\/mors\/author\/kunmors\/\"}]}<\/script>\n<!-- \/ Yoast SEO plugin. -->","yoast_head_json":{"title":"Rektor Kurt Sonne Thomsens dimissionstale 2021 - Mors","robots":{"index":"index","follow":"follow","max-snippet":"max-snippet:-1","max-image-preview":"max-image-preview:large","max-video-preview":"max-video-preview:-1"},"canonical":"https:\/\/kunmedierne.dk\/mors\/47672-2\/","og_locale":"da_DK","og_type":"article","og_title":"Rektor Kurt Sonne Thomsens dimissionstale 2021 - Mors","og_description":"Rektor Kurt Sonne Thomsens dimissionstale 2021 til \u00e5rets studenter p\u00e5 Mors\u00f8 Gymnasium: K\u00e6re studenter N\u00e5r dimissionen her er f\u00e6rdig, er det slut med jeres gymnasietid. De fleste af jer vil ogs\u00e5 flytte hjemmefra, om ikke lige nu s\u00e5 i hvert fald i l\u00f8bet af det n\u00e6ste \u00e5rs tid. Fra at v\u00e6re unge mennesker, der har [&hellip;]","og_url":"https:\/\/kunmedierne.dk\/mors\/47672-2\/","og_site_name":"Mors","article_published_time":"2021-06-25T09:00:53+00:00","article_modified_time":"2024-08-07T12:45:37+00:00","og_image":[{"width":770,"height":513,"url":"https:\/\/kunmedierne.dk\/mors\/wp-content\/uploads\/2021\/06\/IMG_2127.jpg","type":"image\/jpeg"}],"author":"kunmors","twitter_card":"summary_large_image","twitter_misc":{"Skrevet af":"kunmors","Estimeret l\u00e6setid":"12 minutter"},"schema":{"@context":"https:\/\/schema.org","@graph":[{"@type":"Article","@id":"https:\/\/kunmedierne.dk\/mors\/47672-2\/#article","isPartOf":{"@id":"https:\/\/kunmedierne.dk\/mors\/47672-2\/"},"author":{"name":"kunmors","@id":"https:\/\/kunmedierne.dk\/mors\/#\/schema\/person\/976036941aeb67d7da24581e637f2ba5"},"headline":"Rektor Kurt Sonne Thomsens dimissionstale 2021","datePublished":"2021-06-25T09:00:53+00:00","dateModified":"2024-08-07T12:45:37+00:00","mainEntityOfPage":{"@id":"https:\/\/kunmedierne.dk\/mors\/47672-2\/"},"wordCount":2177,"commentCount":0,"publisher":{"@id":"https:\/\/kunmedierne.dk\/mors\/#organization"},"image":{"@id":"https:\/\/kunmedierne.dk\/mors\/47672-2\/#primaryimage"},"thumbnailUrl":"https:\/\/kunmedierne.dk\/mors\/wp-content\/uploads\/2021\/06\/IMG_2127.jpg","keywords":["Skoler og uddannelse"],"articleSection":["Lokalt"],"inLanguage":"da-DK","potentialAction":[{"@type":"CommentAction","name":"Comment","target":["https:\/\/kunmedierne.dk\/mors\/47672-2\/#respond"]}]},{"@type":"WebPage","@id":"https:\/\/kunmedierne.dk\/mors\/47672-2\/","url":"https:\/\/kunmedierne.dk\/mors\/47672-2\/","name":"Rektor Kurt Sonne Thomsens dimissionstale 2021 - Mors","isPartOf":{"@id":"https:\/\/kunmedierne.dk\/mors\/#website"},"primaryImageOfPage":{"@id":"https:\/\/kunmedierne.dk\/mors\/47672-2\/#primaryimage"},"image":{"@id":"https:\/\/kunmedierne.dk\/mors\/47672-2\/#primaryimage"},"thumbnailUrl":"https:\/\/kunmedierne.dk\/mors\/wp-content\/uploads\/2021\/06\/IMG_2127.jpg","datePublished":"2021-06-25T09:00:53+00:00","dateModified":"2024-08-07T12:45:37+00:00","breadcrumb":{"@id":"https:\/\/kunmedierne.dk\/mors\/47672-2\/#breadcrumb"},"inLanguage":"da-DK","potentialAction":[{"@type":"ReadAction","target":["https:\/\/kunmedierne.dk\/mors\/47672-2\/"]}]},{"@type":"ImageObject","inLanguage":"da-DK","@id":"https:\/\/kunmedierne.dk\/mors\/47672-2\/#primaryimage","url":"https:\/\/kunmedierne.dk\/mors\/wp-content\/uploads\/2021\/06\/IMG_2127.jpg","contentUrl":"https:\/\/kunmedierne.dk\/mors\/wp-content\/uploads\/2021\/06\/IMG_2127.jpg","width":770,"height":513,"caption":"Kurt Sonne Thomsen, rektor p\u00e5 Mors\u00f8 Gymnasium. Foto: David H\u00f8jmark"},{"@type":"BreadcrumbList","@id":"https:\/\/kunmedierne.dk\/mors\/47672-2\/#breadcrumb","itemListElement":[{"@type":"ListItem","position":1,"name":"Hjem","item":"https:\/\/kunmedierne.dk\/mors\/"},{"@type":"ListItem","position":2,"name":"Rektor Kurt Sonne Thomsens dimissionstale 2021"}]},{"@type":"WebSite","@id":"https:\/\/kunmedierne.dk\/mors\/#website","url":"https:\/\/kunmedierne.dk\/mors\/","name":"Mors","description":"et netmedie med journalistik om livet p\u00e5 Mors","publisher":{"@id":"https:\/\/kunmedierne.dk\/mors\/#organization"},"potentialAction":[{"@type":"SearchAction","target":{"@type":"EntryPoint","urlTemplate":"https:\/\/kunmedierne.dk\/mors\/?s={search_term_string}"},"query-input":{"@type":"PropertyValueSpecification","valueRequired":true,"valueName":"search_term_string"}}],"inLanguage":"da-DK"},{"@type":"Organization","@id":"https:\/\/kunmedierne.dk\/mors\/#organization","name":"Mors","url":"https:\/\/kunmedierne.dk\/mors\/","logo":{"@type":"ImageObject","inLanguage":"da-DK","@id":"https:\/\/kunmedierne.dk\/mors\/#\/schema\/logo\/image\/","url":"https:\/\/kunmedierne.dk\/mors\/wp-content\/uploads\/2024\/08\/kunmors-logo.svg","contentUrl":"https:\/\/kunmedierne.dk\/mors\/wp-content\/uploads\/2024\/08\/kunmors-logo.svg","caption":"Mors"},"image":{"@id":"https:\/\/kunmedierne.dk\/mors\/#\/schema\/logo\/image\/"}},{"@type":"Person","@id":"https:\/\/kunmedierne.dk\/mors\/#\/schema\/person\/976036941aeb67d7da24581e637f2ba5","name":"kunmors","image":{"@type":"ImageObject","inLanguage":"da-DK","@id":"https:\/\/kunmedierne.dk\/mors\/#\/schema\/person\/image\/","url":"https:\/\/secure.gravatar.com\/avatar\/863719231c0bdf22d6b517d97f14a1b3d1b324f1e7076c165656d591ff8cece4?s=96&d=mm&r=g","contentUrl":"https:\/\/secure.gravatar.com\/avatar\/863719231c0bdf22d6b517d97f14a1b3d1b324f1e7076c165656d591ff8cece4?s=96&d=mm&r=g","caption":"kunmors"},"url":"https:\/\/kunmedierne.dk\/mors\/author\/kunmors\/"}]}},"_links":{"self":[{"href":"https:\/\/kunmedierne.dk\/mors\/wp-json\/wp\/v2\/posts\/47672","targetHints":{"allow":["GET"]}}],"collection":[{"href":"https:\/\/kunmedierne.dk\/mors\/wp-json\/wp\/v2\/posts"}],"about":[{"href":"https:\/\/kunmedierne.dk\/mors\/wp-json\/wp\/v2\/types\/post"}],"author":[{"embeddable":true,"href":"https:\/\/kunmedierne.dk\/mors\/wp-json\/wp\/v2\/users\/996"}],"replies":[{"embeddable":true,"href":"https:\/\/kunmedierne.dk\/mors\/wp-json\/wp\/v2\/comments?post=47672"}],"version-history":[{"count":3,"href":"https:\/\/kunmedierne.dk\/mors\/wp-json\/wp\/v2\/posts\/47672\/revisions"}],"predecessor-version":[{"id":47677,"href":"https:\/\/kunmedierne.dk\/mors\/wp-json\/wp\/v2\/posts\/47672\/revisions\/47677"}],"wp:featuredmedia":[{"embeddable":true,"href":"https:\/\/kunmedierne.dk\/mors\/wp-json\/wp\/v2\/media\/47675"}],"wp:attachment":[{"href":"https:\/\/kunmedierne.dk\/mors\/wp-json\/wp\/v2\/media?parent=47672"}],"wp:term":[{"taxonomy":"category","embeddable":true,"href":"https:\/\/kunmedierne.dk\/mors\/wp-json\/wp\/v2\/categories?post=47672"},{"taxonomy":"post_tag","embeddable":true,"href":"https:\/\/kunmedierne.dk\/mors\/wp-json\/wp\/v2\/tags?post=47672"}],"curies":[{"name":"wp","href":"https:\/\/api.w.org\/{rel}","templated":true}]}}