{"id":47573,"date":"2021-06-23T08:12:40","date_gmt":"2021-06-23T06:12:40","guid":{"rendered":"https:\/\/kunmedierne.dk\/mors\/?p=47573"},"modified":"2024-08-07T14:45:37","modified_gmt":"2024-08-07T12:45:37","slug":"dansk-spansk-kokketraef-og-flamenco-paa-mors","status":"publish","type":"post","link":"https:\/\/kunmedierne.dk\/mors\/dansk-spansk-kokketraef-og-flamenco-paa-mors\/","title":{"rendered":"Dansk-spansk kokketr\u00e6f og flamenco p\u00e5 Mors"},"content":{"rendered":"<p><strong>MORS<\/strong>: I Andalusien er \u00f8sters og muslinger en h\u00f8jtelsket og vigtig del af kulturen. Hvad de f\u00e6rreste ved, er, at en stor del af de skaldyr, der ender p\u00e5 sydspanske tallerkener, faktisk kommer fra Limfjorden.<\/p>\n<p>Derfor har Skaldyrshovedstaden og Kulturm\u00f8det inviteret to mesterkokke fra den andalusiske by Jerez De La Frontera til Nyk\u00f8bing Mors. <a href=\"http:\/\/www.limfjordsteatret.dk\/#front\"><img loading=\"lazy\" decoding=\"async\" class=\"alignright size-full wp-image-46596\" src=\"https:\/\/kunmedierne.dk\/mors\/wp-content\/uploads\/2021\/06\/t05.jpg\" alt=\"\" width=\"1400\" height=\"125\" srcset=\"https:\/\/kunmedierne.dk\/mors\/wp-content\/uploads\/2021\/06\/t05.jpg 1400w, https:\/\/kunmedierne.dk\/mors\/wp-content\/uploads\/2021\/06\/t05-300x27.jpg 300w, https:\/\/kunmedierne.dk\/mors\/wp-content\/uploads\/2021\/06\/t05-1024x91.jpg 1024w, https:\/\/kunmedierne.dk\/mors\/wp-content\/uploads\/2021\/06\/t05-768x69.jpg 768w, https:\/\/kunmedierne.dk\/mors\/wp-content\/uploads\/2021\/06\/t05-600x54.jpg 600w\" sizes=\"auto, (max-width: 1400px) 100vw, 1400px\" \/><\/a><\/p>\n<p>&#8220;Der venter en helt enest\u00e5ende spiseoplevelse, hvor v\u00e6rtskok Allan Poulsen fra Steenbergs Hotel &amp; Brasserie, fortolker Limfjordens r\u00e5varer p\u00e5 nordisk man\u00e9r, mens to sydspanske stjernekokke Javier Mu\u00f1oz Soto fra Restaurant La Cabon\u00e1 og Julian Olivares fra Restaurant Albores viser, hvordan danske skaldyr ser ud p\u00e5 andalusisk,&#8221; fort\u00e6ller Colin John Seymour Jr., der er direkt\u00f8r for Skaldyrshovedstaden.<\/p>\n<p>I Jerez De La Frontera kan man ikke sige \u00f8sters uden ogs\u00e5 at sige sherry og flamenco.<\/p>\n<p>&#8220;Derfor bliver middagen b\u00e5de akkompagneret af en n\u00f8je tilpasset sherry-menu og flamencostjerner fra b\u00e5de Spanien og Danmark,&#8221; fort\u00e6ller Colin John Seymour Jr. <a href=\"https:\/\/www.braendselsforeningen.dk\/\"><img loading=\"lazy\" decoding=\"async\" class=\"alignright size-full wp-image-46597\" src=\"https:\/\/kunmedierne.dk\/mors\/wp-content\/uploads\/2021\/06\/t06.jpg\" alt=\"\" width=\"1425\" height=\"127\" srcset=\"https:\/\/kunmedierne.dk\/mors\/wp-content\/uploads\/2021\/06\/t06.jpg 1425w, https:\/\/kunmedierne.dk\/mors\/wp-content\/uploads\/2021\/06\/t06-300x27.jpg 300w, https:\/\/kunmedierne.dk\/mors\/wp-content\/uploads\/2021\/06\/t06-1024x91.jpg 1024w, https:\/\/kunmedierne.dk\/mors\/wp-content\/uploads\/2021\/06\/t06-768x68.jpg 768w, https:\/\/kunmedierne.dk\/mors\/wp-content\/uploads\/2021\/06\/t06-600x53.jpg 600w\" sizes=\"auto, (max-width: 1425px) 100vw, 1425px\" \/><\/a><\/p>\n<blockquote>\n<h2>FAKTA<\/h2>\n<h4>Spansk-dansk kokketr\u00e6f og flamenco finder sted onsdag 18. august fra klokken 18 til 21 p\u00e5 Steenbergs Hotel &amp; Brasserie i Nyk\u00f8bing.<\/h4>\n<h4>Arrangementet pr\u00e6senteres i et samarbejde mellem Kulturm\u00f8det og Skaldyrshovedstaden, og billetterne s\u00e6lges p\u00e5 Kulturm\u00f8dets <a href=\"https:\/\/www.kulturmoedet.dk\/kulturskaldyr\" target=\"_blank\" rel=\"noopener\">hjemmeside<\/a>.<\/h4>\n<\/blockquote>\n<p>&nbsp;<\/p>\n<p>&nbsp;<\/p>\n","protected":false},"excerpt":{"rendered":"<p>MORS: I Andalusien er \u00f8sters og muslinger en h\u00f8jtelsket og vigtig del af kulturen. Hvad de f\u00e6rreste ved, er, at en stor del af de skaldyr, der ender p\u00e5 sydspanske tallerkener, faktisk kommer fra Limfjorden. Derfor har Skaldyrshovedstaden og Kulturm\u00f8det inviteret to mesterkokke fra den andalusiske by Jerez De La Frontera til Nyk\u00f8bing Mors. &#8220;Der [&hellip;]<\/p>\n","protected":false},"author":8,"featured_media":47574,"comment_status":"open","ping_status":"open","sticky":false,"template":"","format":"standard","meta":{"_acf_changed":false,"footnotes":""},"categories":[49],"tags":[162,169],"class_list":["post-47573","post","type-post","status-publish","format-standard","has-post-thumbnail","hentry","category-kultur","tag-kulturmoedet","tag-skaldyr"],"acf":[],"yoast_head":"<!-- This site is optimized with the Yoast SEO plugin v26.8 - https:\/\/yoast.com\/product\/yoast-seo-wordpress\/ -->\n<title>Dansk-spansk kokketr\u00e6f og flamenco p\u00e5 Mors - Mors<\/title>\n<meta name=\"robots\" content=\"index, follow, max-snippet:-1, max-image-preview:large, max-video-preview:-1\" \/>\n<link rel=\"canonical\" href=\"https:\/\/kunmedierne.dk\/mors\/dansk-spansk-kokketraef-og-flamenco-paa-mors\/\" \/>\n<meta property=\"og:locale\" content=\"da_DK\" \/>\n<meta property=\"og:type\" content=\"article\" \/>\n<meta property=\"og:title\" content=\"Dansk-spansk kokketr\u00e6f og flamenco p\u00e5 Mors - Mors\" \/>\n<meta property=\"og:description\" content=\"MORS: I Andalusien er \u00f8sters og muslinger en h\u00f8jtelsket og vigtig del af kulturen. Hvad de f\u00e6rreste ved, er, at en stor del af de skaldyr, der ender p\u00e5 sydspanske tallerkener, faktisk kommer fra Limfjorden. Derfor har Skaldyrshovedstaden og Kulturm\u00f8det inviteret to mesterkokke fra den andalusiske by Jerez De La Frontera til Nyk\u00f8bing Mors. &#8220;Der [&hellip;]\" \/>\n<meta property=\"og:url\" content=\"https:\/\/kunmedierne.dk\/mors\/dansk-spansk-kokketraef-og-flamenco-paa-mors\/\" \/>\n<meta property=\"og:site_name\" content=\"Mors\" \/>\n<meta property=\"article:published_time\" content=\"2021-06-23T06:12:40+00:00\" \/>\n<meta property=\"article:modified_time\" content=\"2024-08-07T12:45:37+00:00\" \/>\n<meta property=\"og:image\" content=\"https:\/\/kunmedierne.dk\/mors\/wp-content\/uploads\/2021\/06\/CARBONA_VINA_09_-3.jpg\" \/>\n\t<meta property=\"og:image:width\" content=\"770\" \/>\n\t<meta property=\"og:image:height\" content=\"513\" \/>\n\t<meta property=\"og:image:type\" content=\"image\/jpeg\" \/>\n<meta name=\"author\" content=\"David H\u00f8jmark\" \/>\n<meta name=\"twitter:card\" content=\"summary_large_image\" \/>\n<meta name=\"twitter:label1\" content=\"Skrevet af\" \/>\n\t<meta name=\"twitter:data1\" content=\"David H\u00f8jmark\" \/>\n\t<meta name=\"twitter:label2\" content=\"Estimeret l\u00e6setid\" \/>\n\t<meta name=\"twitter:data2\" content=\"2 minutter\" \/>\n<script type=\"application\/ld+json\" class=\"yoast-schema-graph\">{\"@context\":\"https:\/\/schema.org\",\"@graph\":[{\"@type\":\"Article\",\"@id\":\"https:\/\/kunmedierne.dk\/mors\/dansk-spansk-kokketraef-og-flamenco-paa-mors\/#article\",\"isPartOf\":{\"@id\":\"https:\/\/kunmedierne.dk\/mors\/dansk-spansk-kokketraef-og-flamenco-paa-mors\/\"},\"author\":{\"name\":\"David H\u00f8jmark\",\"@id\":\"https:\/\/kunmedierne.dk\/mors\/#\/schema\/person\/5fe23251bf1d0abbcdc6f7896579d548\"},\"headline\":\"Dansk-spansk kokketr\u00e6f og flamenco p\u00e5 Mors\",\"datePublished\":\"2021-06-23T06:12:40+00:00\",\"dateModified\":\"2024-08-07T12:45:37+00:00\",\"mainEntityOfPage\":{\"@id\":\"https:\/\/kunmedierne.dk\/mors\/dansk-spansk-kokketraef-og-flamenco-paa-mors\/\"},\"wordCount\":213,\"commentCount\":0,\"publisher\":{\"@id\":\"https:\/\/kunmedierne.dk\/mors\/#organization\"},\"image\":{\"@id\":\"https:\/\/kunmedierne.dk\/mors\/dansk-spansk-kokketraef-og-flamenco-paa-mors\/#primaryimage\"},\"thumbnailUrl\":\"https:\/\/kunmedierne.dk\/mors\/wp-content\/uploads\/2021\/06\/CARBONA_VINA_09_-3.jpg\",\"keywords\":[\"Kulturm\u00f8det\",\"Skaldyr\"],\"articleSection\":[\"Kultur\"],\"inLanguage\":\"da-DK\",\"potentialAction\":[{\"@type\":\"CommentAction\",\"name\":\"Comment\",\"target\":[\"https:\/\/kunmedierne.dk\/mors\/dansk-spansk-kokketraef-og-flamenco-paa-mors\/#respond\"]}]},{\"@type\":\"WebPage\",\"@id\":\"https:\/\/kunmedierne.dk\/mors\/dansk-spansk-kokketraef-og-flamenco-paa-mors\/\",\"url\":\"https:\/\/kunmedierne.dk\/mors\/dansk-spansk-kokketraef-og-flamenco-paa-mors\/\",\"name\":\"Dansk-spansk kokketr\u00e6f og flamenco p\u00e5 Mors - Mors\",\"isPartOf\":{\"@id\":\"https:\/\/kunmedierne.dk\/mors\/#website\"},\"primaryImageOfPage\":{\"@id\":\"https:\/\/kunmedierne.dk\/mors\/dansk-spansk-kokketraef-og-flamenco-paa-mors\/#primaryimage\"},\"image\":{\"@id\":\"https:\/\/kunmedierne.dk\/mors\/dansk-spansk-kokketraef-og-flamenco-paa-mors\/#primaryimage\"},\"thumbnailUrl\":\"https:\/\/kunmedierne.dk\/mors\/wp-content\/uploads\/2021\/06\/CARBONA_VINA_09_-3.jpg\",\"datePublished\":\"2021-06-23T06:12:40+00:00\",\"dateModified\":\"2024-08-07T12:45:37+00:00\",\"breadcrumb\":{\"@id\":\"https:\/\/kunmedierne.dk\/mors\/dansk-spansk-kokketraef-og-flamenco-paa-mors\/#breadcrumb\"},\"inLanguage\":\"da-DK\",\"potentialAction\":[{\"@type\":\"ReadAction\",\"target\":[\"https:\/\/kunmedierne.dk\/mors\/dansk-spansk-kokketraef-og-flamenco-paa-mors\/\"]}]},{\"@type\":\"ImageObject\",\"inLanguage\":\"da-DK\",\"@id\":\"https:\/\/kunmedierne.dk\/mors\/dansk-spansk-kokketraef-og-flamenco-paa-mors\/#primaryimage\",\"url\":\"https:\/\/kunmedierne.dk\/mors\/wp-content\/uploads\/2021\/06\/CARBONA_VINA_09_-3.jpg\",\"contentUrl\":\"https:\/\/kunmedierne.dk\/mors\/wp-content\/uploads\/2021\/06\/CARBONA_VINA_09_-3.jpg\",\"width\":770,\"height\":513,\"caption\":\"Pressefoto.\"},{\"@type\":\"BreadcrumbList\",\"@id\":\"https:\/\/kunmedierne.dk\/mors\/dansk-spansk-kokketraef-og-flamenco-paa-mors\/#breadcrumb\",\"itemListElement\":[{\"@type\":\"ListItem\",\"position\":1,\"name\":\"Hjem\",\"item\":\"https:\/\/kunmedierne.dk\/mors\/\"},{\"@type\":\"ListItem\",\"position\":2,\"name\":\"Dansk-spansk kokketr\u00e6f og flamenco p\u00e5 Mors\"}]},{\"@type\":\"WebSite\",\"@id\":\"https:\/\/kunmedierne.dk\/mors\/#website\",\"url\":\"https:\/\/kunmedierne.dk\/mors\/\",\"name\":\"Mors\",\"description\":\"et netmedie med journalistik om livet p\u00e5 Mors\",\"publisher\":{\"@id\":\"https:\/\/kunmedierne.dk\/mors\/#organization\"},\"potentialAction\":[{\"@type\":\"SearchAction\",\"target\":{\"@type\":\"EntryPoint\",\"urlTemplate\":\"https:\/\/kunmedierne.dk\/mors\/?s={search_term_string}\"},\"query-input\":{\"@type\":\"PropertyValueSpecification\",\"valueRequired\":true,\"valueName\":\"search_term_string\"}}],\"inLanguage\":\"da-DK\"},{\"@type\":\"Organization\",\"@id\":\"https:\/\/kunmedierne.dk\/mors\/#organization\",\"name\":\"Mors\",\"url\":\"https:\/\/kunmedierne.dk\/mors\/\",\"logo\":{\"@type\":\"ImageObject\",\"inLanguage\":\"da-DK\",\"@id\":\"https:\/\/kunmedierne.dk\/mors\/#\/schema\/logo\/image\/\",\"url\":\"https:\/\/kunmedierne.dk\/mors\/wp-content\/uploads\/2024\/08\/kunmors-logo.svg\",\"contentUrl\":\"https:\/\/kunmedierne.dk\/mors\/wp-content\/uploads\/2024\/08\/kunmors-logo.svg\",\"caption\":\"Mors\"},\"image\":{\"@id\":\"https:\/\/kunmedierne.dk\/mors\/#\/schema\/logo\/image\/\"}},{\"@type\":\"Person\",\"@id\":\"https:\/\/kunmedierne.dk\/mors\/#\/schema\/person\/5fe23251bf1d0abbcdc6f7896579d548\",\"name\":\"David H\u00f8jmark\",\"image\":{\"@type\":\"ImageObject\",\"inLanguage\":\"da-DK\",\"@id\":\"https:\/\/kunmedierne.dk\/mors\/#\/schema\/person\/image\/\",\"url\":\"https:\/\/secure.gravatar.com\/avatar\/4315d6fb9ef244d729989f5f90268eb08d5bf8a3d84402f595fa194bb35784fd?s=96&d=mm&r=g\",\"contentUrl\":\"https:\/\/secure.gravatar.com\/avatar\/4315d6fb9ef244d729989f5f90268eb08d5bf8a3d84402f595fa194bb35784fd?s=96&d=mm&r=g\",\"caption\":\"David H\u00f8jmark\"},\"sameAs\":[\"https:\/\/www.kunmedierne.dk\"],\"url\":\"https:\/\/kunmedierne.dk\/mors\/author\/david\/\"}]}<\/script>\n<!-- \/ Yoast SEO plugin. -->","yoast_head_json":{"title":"Dansk-spansk kokketr\u00e6f og flamenco p\u00e5 Mors - Mors","robots":{"index":"index","follow":"follow","max-snippet":"max-snippet:-1","max-image-preview":"max-image-preview:large","max-video-preview":"max-video-preview:-1"},"canonical":"https:\/\/kunmedierne.dk\/mors\/dansk-spansk-kokketraef-og-flamenco-paa-mors\/","og_locale":"da_DK","og_type":"article","og_title":"Dansk-spansk kokketr\u00e6f og flamenco p\u00e5 Mors - Mors","og_description":"MORS: I Andalusien er \u00f8sters og muslinger en h\u00f8jtelsket og vigtig del af kulturen. Hvad de f\u00e6rreste ved, er, at en stor del af de skaldyr, der ender p\u00e5 sydspanske tallerkener, faktisk kommer fra Limfjorden. Derfor har Skaldyrshovedstaden og Kulturm\u00f8det inviteret to mesterkokke fra den andalusiske by Jerez De La Frontera til Nyk\u00f8bing Mors. &#8220;Der [&hellip;]","og_url":"https:\/\/kunmedierne.dk\/mors\/dansk-spansk-kokketraef-og-flamenco-paa-mors\/","og_site_name":"Mors","article_published_time":"2021-06-23T06:12:40+00:00","article_modified_time":"2024-08-07T12:45:37+00:00","og_image":[{"width":770,"height":513,"url":"https:\/\/kunmedierne.dk\/mors\/wp-content\/uploads\/2021\/06\/CARBONA_VINA_09_-3.jpg","type":"image\/jpeg"}],"author":"David H\u00f8jmark","twitter_card":"summary_large_image","twitter_misc":{"Skrevet af":"David H\u00f8jmark","Estimeret l\u00e6setid":"2 minutter"},"schema":{"@context":"https:\/\/schema.org","@graph":[{"@type":"Article","@id":"https:\/\/kunmedierne.dk\/mors\/dansk-spansk-kokketraef-og-flamenco-paa-mors\/#article","isPartOf":{"@id":"https:\/\/kunmedierne.dk\/mors\/dansk-spansk-kokketraef-og-flamenco-paa-mors\/"},"author":{"name":"David H\u00f8jmark","@id":"https:\/\/kunmedierne.dk\/mors\/#\/schema\/person\/5fe23251bf1d0abbcdc6f7896579d548"},"headline":"Dansk-spansk kokketr\u00e6f og flamenco p\u00e5 Mors","datePublished":"2021-06-23T06:12:40+00:00","dateModified":"2024-08-07T12:45:37+00:00","mainEntityOfPage":{"@id":"https:\/\/kunmedierne.dk\/mors\/dansk-spansk-kokketraef-og-flamenco-paa-mors\/"},"wordCount":213,"commentCount":0,"publisher":{"@id":"https:\/\/kunmedierne.dk\/mors\/#organization"},"image":{"@id":"https:\/\/kunmedierne.dk\/mors\/dansk-spansk-kokketraef-og-flamenco-paa-mors\/#primaryimage"},"thumbnailUrl":"https:\/\/kunmedierne.dk\/mors\/wp-content\/uploads\/2021\/06\/CARBONA_VINA_09_-3.jpg","keywords":["Kulturm\u00f8det","Skaldyr"],"articleSection":["Kultur"],"inLanguage":"da-DK","potentialAction":[{"@type":"CommentAction","name":"Comment","target":["https:\/\/kunmedierne.dk\/mors\/dansk-spansk-kokketraef-og-flamenco-paa-mors\/#respond"]}]},{"@type":"WebPage","@id":"https:\/\/kunmedierne.dk\/mors\/dansk-spansk-kokketraef-og-flamenco-paa-mors\/","url":"https:\/\/kunmedierne.dk\/mors\/dansk-spansk-kokketraef-og-flamenco-paa-mors\/","name":"Dansk-spansk kokketr\u00e6f og flamenco p\u00e5 Mors - Mors","isPartOf":{"@id":"https:\/\/kunmedierne.dk\/mors\/#website"},"primaryImageOfPage":{"@id":"https:\/\/kunmedierne.dk\/mors\/dansk-spansk-kokketraef-og-flamenco-paa-mors\/#primaryimage"},"image":{"@id":"https:\/\/kunmedierne.dk\/mors\/dansk-spansk-kokketraef-og-flamenco-paa-mors\/#primaryimage"},"thumbnailUrl":"https:\/\/kunmedierne.dk\/mors\/wp-content\/uploads\/2021\/06\/CARBONA_VINA_09_-3.jpg","datePublished":"2021-06-23T06:12:40+00:00","dateModified":"2024-08-07T12:45:37+00:00","breadcrumb":{"@id":"https:\/\/kunmedierne.dk\/mors\/dansk-spansk-kokketraef-og-flamenco-paa-mors\/#breadcrumb"},"inLanguage":"da-DK","potentialAction":[{"@type":"ReadAction","target":["https:\/\/kunmedierne.dk\/mors\/dansk-spansk-kokketraef-og-flamenco-paa-mors\/"]}]},{"@type":"ImageObject","inLanguage":"da-DK","@id":"https:\/\/kunmedierne.dk\/mors\/dansk-spansk-kokketraef-og-flamenco-paa-mors\/#primaryimage","url":"https:\/\/kunmedierne.dk\/mors\/wp-content\/uploads\/2021\/06\/CARBONA_VINA_09_-3.jpg","contentUrl":"https:\/\/kunmedierne.dk\/mors\/wp-content\/uploads\/2021\/06\/CARBONA_VINA_09_-3.jpg","width":770,"height":513,"caption":"Pressefoto."},{"@type":"BreadcrumbList","@id":"https:\/\/kunmedierne.dk\/mors\/dansk-spansk-kokketraef-og-flamenco-paa-mors\/#breadcrumb","itemListElement":[{"@type":"ListItem","position":1,"name":"Hjem","item":"https:\/\/kunmedierne.dk\/mors\/"},{"@type":"ListItem","position":2,"name":"Dansk-spansk kokketr\u00e6f og flamenco p\u00e5 Mors"}]},{"@type":"WebSite","@id":"https:\/\/kunmedierne.dk\/mors\/#website","url":"https:\/\/kunmedierne.dk\/mors\/","name":"Mors","description":"et netmedie med journalistik om livet p\u00e5 Mors","publisher":{"@id":"https:\/\/kunmedierne.dk\/mors\/#organization"},"potentialAction":[{"@type":"SearchAction","target":{"@type":"EntryPoint","urlTemplate":"https:\/\/kunmedierne.dk\/mors\/?s={search_term_string}"},"query-input":{"@type":"PropertyValueSpecification","valueRequired":true,"valueName":"search_term_string"}}],"inLanguage":"da-DK"},{"@type":"Organization","@id":"https:\/\/kunmedierne.dk\/mors\/#organization","name":"Mors","url":"https:\/\/kunmedierne.dk\/mors\/","logo":{"@type":"ImageObject","inLanguage":"da-DK","@id":"https:\/\/kunmedierne.dk\/mors\/#\/schema\/logo\/image\/","url":"https:\/\/kunmedierne.dk\/mors\/wp-content\/uploads\/2024\/08\/kunmors-logo.svg","contentUrl":"https:\/\/kunmedierne.dk\/mors\/wp-content\/uploads\/2024\/08\/kunmors-logo.svg","caption":"Mors"},"image":{"@id":"https:\/\/kunmedierne.dk\/mors\/#\/schema\/logo\/image\/"}},{"@type":"Person","@id":"https:\/\/kunmedierne.dk\/mors\/#\/schema\/person\/5fe23251bf1d0abbcdc6f7896579d548","name":"David H\u00f8jmark","image":{"@type":"ImageObject","inLanguage":"da-DK","@id":"https:\/\/kunmedierne.dk\/mors\/#\/schema\/person\/image\/","url":"https:\/\/secure.gravatar.com\/avatar\/4315d6fb9ef244d729989f5f90268eb08d5bf8a3d84402f595fa194bb35784fd?s=96&d=mm&r=g","contentUrl":"https:\/\/secure.gravatar.com\/avatar\/4315d6fb9ef244d729989f5f90268eb08d5bf8a3d84402f595fa194bb35784fd?s=96&d=mm&r=g","caption":"David H\u00f8jmark"},"sameAs":["https:\/\/www.kunmedierne.dk"],"url":"https:\/\/kunmedierne.dk\/mors\/author\/david\/"}]}},"_links":{"self":[{"href":"https:\/\/kunmedierne.dk\/mors\/wp-json\/wp\/v2\/posts\/47573","targetHints":{"allow":["GET"]}}],"collection":[{"href":"https:\/\/kunmedierne.dk\/mors\/wp-json\/wp\/v2\/posts"}],"about":[{"href":"https:\/\/kunmedierne.dk\/mors\/wp-json\/wp\/v2\/types\/post"}],"author":[{"embeddable":true,"href":"https:\/\/kunmedierne.dk\/mors\/wp-json\/wp\/v2\/users\/8"}],"replies":[{"embeddable":true,"href":"https:\/\/kunmedierne.dk\/mors\/wp-json\/wp\/v2\/comments?post=47573"}],"version-history":[{"count":3,"href":"https:\/\/kunmedierne.dk\/mors\/wp-json\/wp\/v2\/posts\/47573\/revisions"}],"predecessor-version":[{"id":47603,"href":"https:\/\/kunmedierne.dk\/mors\/wp-json\/wp\/v2\/posts\/47573\/revisions\/47603"}],"wp:featuredmedia":[{"embeddable":true,"href":"https:\/\/kunmedierne.dk\/mors\/wp-json\/wp\/v2\/media\/47574"}],"wp:attachment":[{"href":"https:\/\/kunmedierne.dk\/mors\/wp-json\/wp\/v2\/media?parent=47573"}],"wp:term":[{"taxonomy":"category","embeddable":true,"href":"https:\/\/kunmedierne.dk\/mors\/wp-json\/wp\/v2\/categories?post=47573"},{"taxonomy":"post_tag","embeddable":true,"href":"https:\/\/kunmedierne.dk\/mors\/wp-json\/wp\/v2\/tags?post=47573"}],"curies":[{"name":"wp","href":"https:\/\/api.w.org\/{rel}","templated":true}]}}