{"id":47515,"date":"2021-06-21T19:47:35","date_gmt":"2021-06-21T17:47:35","guid":{"rendered":"https:\/\/kunmedierne.dk\/mors\/?p=47515"},"modified":"2024-08-07T14:45:38","modified_gmt":"2024-08-07T12:45:38","slug":"har-mors-raad-til-det","status":"publish","type":"post","link":"https:\/\/kunmedierne.dk\/mors\/har-mors-raad-til-det\/","title":{"rendered":"Har Mors r\u00e5d til det?"},"content":{"rendered":"<p><em>Keld Kortegaard, Jens Juhls Kaj i Nyk\u00f8bing, har sendt dette debatindl\u00e6g:<\/em><\/p>\n<hr \/>\n<p><strong>MORS<\/strong>: Den nye kommuneplan er sp\u00e6ndende l\u00e6sning ang\u00e5ende udvikling af \u00d8rodde \u00f8st for Nyk\u00f8bing.<\/p>\n<p>Udvikling af \u00d8rodde har nu sp\u00f8gt i kollissen i omkring 20 \u00e5r, uden man dog er kommet videre, hvad der ogs\u00e5 kan l\u00e6ses i den tidligere kommuneplan. \u00c6ndringen i den nye kommuneplan er at der nu ikke er mulighed for at opf\u00f8re boliger p\u00e5 en den del af arealet der vender mod syd alts\u00e5 ud mod Klosterbugten. <a href=\"http:\/\/www.limfjordsteatret.dk\/#front\"><img loading=\"lazy\" decoding=\"async\" class=\"alignright size-full wp-image-46596\" src=\"https:\/\/kunmedierne.dk\/mors\/wp-content\/uploads\/2021\/06\/t05.jpg\" alt=\"\" width=\"1400\" height=\"125\" srcset=\"https:\/\/kunmedierne.dk\/mors\/wp-content\/uploads\/2021\/06\/t05.jpg 1400w, https:\/\/kunmedierne.dk\/mors\/wp-content\/uploads\/2021\/06\/t05-300x27.jpg 300w, https:\/\/kunmedierne.dk\/mors\/wp-content\/uploads\/2021\/06\/t05-1024x91.jpg 1024w, https:\/\/kunmedierne.dk\/mors\/wp-content\/uploads\/2021\/06\/t05-768x69.jpg 768w, https:\/\/kunmedierne.dk\/mors\/wp-content\/uploads\/2021\/06\/t05-600x54.jpg 600w\" sizes=\"auto, (max-width: 1400px) 100vw, 1400px\" \/><\/a><\/p>\n<p>Som jeg har forst\u00e5et det er der ikke nogen af de siddende kommunalbestyrelsesmedlemmer der p\u00e5 nuv\u00e6rende \u00f8nsker at bebygge arealet, hvad jeg ogs\u00e5 er enig i idet der stadig er ledige arealer p\u00e5 Nordhavnen som er udlagt til beboelse.<\/p>\n<p>\u00c6ndringen i den nye Kommunalplan l\u00e6gger nu op til at dette areal ikke kan benyttes til boliger. Det kan v\u00e6re sv\u00e6rt at se udefra hvem der l\u00e6gger pres p\u00e5 hvem, men Mejner N\u00f8rgaard har dog offentlig skrevet at han har lagt arm med borgmesteren og Pia Thorsen har ogs\u00e5 p\u00e5 vegne af Enhedslisten \u00f8nsket at der ikke bliver opf\u00f8rt boliger p\u00e5 arealet. <a href=\"https:\/\/www.braendselsforeningen.dk\/\"><img loading=\"lazy\" decoding=\"async\" class=\"alignright size-full wp-image-46597\" src=\"https:\/\/kunmedierne.dk\/mors\/wp-content\/uploads\/2021\/06\/t06.jpg\" alt=\"\" width=\"1425\" height=\"127\" srcset=\"https:\/\/kunmedierne.dk\/mors\/wp-content\/uploads\/2021\/06\/t06.jpg 1425w, https:\/\/kunmedierne.dk\/mors\/wp-content\/uploads\/2021\/06\/t06-300x27.jpg 300w, https:\/\/kunmedierne.dk\/mors\/wp-content\/uploads\/2021\/06\/t06-1024x91.jpg 1024w, https:\/\/kunmedierne.dk\/mors\/wp-content\/uploads\/2021\/06\/t06-768x68.jpg 768w, https:\/\/kunmedierne.dk\/mors\/wp-content\/uploads\/2021\/06\/t06-600x53.jpg 600w\" sizes=\"auto, (max-width: 1425px) 100vw, 1425px\" \/><\/a><\/p>\n<p>N\u00e5r man t\u00e6nker tilbage p\u00e5 en tidligere udtalelse fra borgmesteren om at l\u00e6serbreve fra nye kandidater ikke f\u00f8rer til noget, m\u00e5 man sige at Pia Thorsen har modbevist dette.<\/p>\n<p>Hvor Venstre st\u00e5r kan v\u00e6re sv\u00e6rt at se udefra, men det kan ses at man hellere \u00f8nsker enighed end udvikling.<\/p>\n<p>Har Mors r\u00e5d til det?<\/p>\n<hr \/>\n<p><em>Har du et bidrag til den lokale debat? Send det til os p\u00e5 e-mail: debat@kunmedierne.dk\/mors. Husk at l\u00e6se korrektur inden afsendelse p\u00e5 indl\u00e6gget.<\/em><\/p>\n","protected":false},"excerpt":{"rendered":"<p>Keld Kortegaard, Jens Juhls Kaj i Nyk\u00f8bing, har sendt dette debatindl\u00e6g: MORS: Den nye kommuneplan er sp\u00e6ndende l\u00e6sning ang\u00e5ende udvikling af \u00d8rodde \u00f8st for Nyk\u00f8bing. Udvikling af \u00d8rodde har nu sp\u00f8gt i kollissen i omkring 20 \u00e5r, uden man dog er kommet videre, hvad der ogs\u00e5 kan l\u00e6ses i den tidligere kommuneplan. \u00c6ndringen i den [&hellip;]<\/p>\n","protected":false},"author":11,"featured_media":41916,"comment_status":"open","ping_status":"open","sticky":false,"template":"","format":"standard","meta":{"_acf_changed":false,"footnotes":""},"categories":[56],"tags":[167],"class_list":["post-47515","post","type-post","status-publish","format-standard","has-post-thumbnail","hentry","category-debat","tag-politik"],"acf":[],"yoast_head":"<!-- This site is optimized with the Yoast SEO plugin v26.8 - https:\/\/yoast.com\/product\/yoast-seo-wordpress\/ -->\n<title>Har Mors r\u00e5d til det? - Mors<\/title>\n<meta name=\"robots\" content=\"index, follow, max-snippet:-1, max-image-preview:large, max-video-preview:-1\" \/>\n<link rel=\"canonical\" href=\"https:\/\/kunmedierne.dk\/mors\/har-mors-raad-til-det\/\" \/>\n<meta property=\"og:locale\" content=\"da_DK\" \/>\n<meta property=\"og:type\" content=\"article\" \/>\n<meta property=\"og:title\" content=\"Har Mors r\u00e5d til det? - Mors\" \/>\n<meta property=\"og:description\" content=\"Keld Kortegaard, Jens Juhls Kaj i Nyk\u00f8bing, har sendt dette debatindl\u00e6g: MORS: Den nye kommuneplan er sp\u00e6ndende l\u00e6sning ang\u00e5ende udvikling af \u00d8rodde \u00f8st for Nyk\u00f8bing. Udvikling af \u00d8rodde har nu sp\u00f8gt i kollissen i omkring 20 \u00e5r, uden man dog er kommet videre, hvad der ogs\u00e5 kan l\u00e6ses i den tidligere kommuneplan. \u00c6ndringen i den [&hellip;]\" \/>\n<meta property=\"og:url\" content=\"https:\/\/kunmedierne.dk\/mors\/har-mors-raad-til-det\/\" \/>\n<meta property=\"og:site_name\" content=\"Mors\" \/>\n<meta property=\"article:published_time\" content=\"2021-06-21T17:47:35+00:00\" \/>\n<meta property=\"article:modified_time\" content=\"2024-08-07T12:45:38+00:00\" \/>\n<meta property=\"og:image\" content=\"https:\/\/kunmedierne.dk\/mors\/wp-content\/uploads\/2021\/03\/keld-kortegaard.jpg\" \/>\n\t<meta property=\"og:image:width\" content=\"770\" \/>\n\t<meta property=\"og:image:height\" content=\"513\" \/>\n\t<meta property=\"og:image:type\" content=\"image\/jpeg\" \/>\n<meta name=\"author\" content=\"Debat\" \/>\n<meta name=\"twitter:card\" content=\"summary_large_image\" \/>\n<meta name=\"twitter:label1\" content=\"Skrevet af\" \/>\n\t<meta name=\"twitter:data1\" content=\"Debat\" \/>\n\t<meta name=\"twitter:label2\" content=\"Estimeret l\u00e6setid\" \/>\n\t<meta name=\"twitter:data2\" content=\"2 minutter\" \/>\n<script type=\"application\/ld+json\" class=\"yoast-schema-graph\">{\"@context\":\"https:\/\/schema.org\",\"@graph\":[{\"@type\":\"Article\",\"@id\":\"https:\/\/kunmedierne.dk\/mors\/har-mors-raad-til-det\/#article\",\"isPartOf\":{\"@id\":\"https:\/\/kunmedierne.dk\/mors\/har-mors-raad-til-det\/\"},\"author\":{\"name\":\"Debat\",\"@id\":\"https:\/\/kunmedierne.dk\/mors\/#\/schema\/person\/84c1391bce0b43b9bb3a49736bc0ad78\"},\"headline\":\"Har Mors r\u00e5d til det?\",\"datePublished\":\"2021-06-21T17:47:35+00:00\",\"dateModified\":\"2024-08-07T12:45:38+00:00\",\"mainEntityOfPage\":{\"@id\":\"https:\/\/kunmedierne.dk\/mors\/har-mors-raad-til-det\/\"},\"wordCount\":295,\"commentCount\":0,\"publisher\":{\"@id\":\"https:\/\/kunmedierne.dk\/mors\/#organization\"},\"image\":{\"@id\":\"https:\/\/kunmedierne.dk\/mors\/har-mors-raad-til-det\/#primaryimage\"},\"thumbnailUrl\":\"https:\/\/kunmedierne.dk\/mors\/wp-content\/uploads\/2021\/03\/keld-kortegaard.jpg\",\"keywords\":[\"Politik\"],\"articleSection\":[\"Debat\"],\"inLanguage\":\"da-DK\",\"potentialAction\":[{\"@type\":\"CommentAction\",\"name\":\"Comment\",\"target\":[\"https:\/\/kunmedierne.dk\/mors\/har-mors-raad-til-det\/#respond\"]}]},{\"@type\":\"WebPage\",\"@id\":\"https:\/\/kunmedierne.dk\/mors\/har-mors-raad-til-det\/\",\"url\":\"https:\/\/kunmedierne.dk\/mors\/har-mors-raad-til-det\/\",\"name\":\"Har Mors r\u00e5d til det? - Mors\",\"isPartOf\":{\"@id\":\"https:\/\/kunmedierne.dk\/mors\/#website\"},\"primaryImageOfPage\":{\"@id\":\"https:\/\/kunmedierne.dk\/mors\/har-mors-raad-til-det\/#primaryimage\"},\"image\":{\"@id\":\"https:\/\/kunmedierne.dk\/mors\/har-mors-raad-til-det\/#primaryimage\"},\"thumbnailUrl\":\"https:\/\/kunmedierne.dk\/mors\/wp-content\/uploads\/2021\/03\/keld-kortegaard.jpg\",\"datePublished\":\"2021-06-21T17:47:35+00:00\",\"dateModified\":\"2024-08-07T12:45:38+00:00\",\"breadcrumb\":{\"@id\":\"https:\/\/kunmedierne.dk\/mors\/har-mors-raad-til-det\/#breadcrumb\"},\"inLanguage\":\"da-DK\",\"potentialAction\":[{\"@type\":\"ReadAction\",\"target\":[\"https:\/\/kunmedierne.dk\/mors\/har-mors-raad-til-det\/\"]}]},{\"@type\":\"ImageObject\",\"inLanguage\":\"da-DK\",\"@id\":\"https:\/\/kunmedierne.dk\/mors\/har-mors-raad-til-det\/#primaryimage\",\"url\":\"https:\/\/kunmedierne.dk\/mors\/wp-content\/uploads\/2021\/03\/keld-kortegaard.jpg\",\"contentUrl\":\"https:\/\/kunmedierne.dk\/mors\/wp-content\/uploads\/2021\/03\/keld-kortegaard.jpg\",\"width\":770,\"height\":513,\"caption\":\"Keld Kortegaard. Privatfoto\"},{\"@type\":\"BreadcrumbList\",\"@id\":\"https:\/\/kunmedierne.dk\/mors\/har-mors-raad-til-det\/#breadcrumb\",\"itemListElement\":[{\"@type\":\"ListItem\",\"position\":1,\"name\":\"Hjem\",\"item\":\"https:\/\/kunmedierne.dk\/mors\/\"},{\"@type\":\"ListItem\",\"position\":2,\"name\":\"Har Mors r\u00e5d til det?\"}]},{\"@type\":\"WebSite\",\"@id\":\"https:\/\/kunmedierne.dk\/mors\/#website\",\"url\":\"https:\/\/kunmedierne.dk\/mors\/\",\"name\":\"Mors\",\"description\":\"et netmedie med journalistik om livet p\u00e5 Mors\",\"publisher\":{\"@id\":\"https:\/\/kunmedierne.dk\/mors\/#organization\"},\"potentialAction\":[{\"@type\":\"SearchAction\",\"target\":{\"@type\":\"EntryPoint\",\"urlTemplate\":\"https:\/\/kunmedierne.dk\/mors\/?s={search_term_string}\"},\"query-input\":{\"@type\":\"PropertyValueSpecification\",\"valueRequired\":true,\"valueName\":\"search_term_string\"}}],\"inLanguage\":\"da-DK\"},{\"@type\":\"Organization\",\"@id\":\"https:\/\/kunmedierne.dk\/mors\/#organization\",\"name\":\"Mors\",\"url\":\"https:\/\/kunmedierne.dk\/mors\/\",\"logo\":{\"@type\":\"ImageObject\",\"inLanguage\":\"da-DK\",\"@id\":\"https:\/\/kunmedierne.dk\/mors\/#\/schema\/logo\/image\/\",\"url\":\"https:\/\/kunmedierne.dk\/mors\/wp-content\/uploads\/2024\/08\/kunmors-logo.svg\",\"contentUrl\":\"https:\/\/kunmedierne.dk\/mors\/wp-content\/uploads\/2024\/08\/kunmors-logo.svg\",\"caption\":\"Mors\"},\"image\":{\"@id\":\"https:\/\/kunmedierne.dk\/mors\/#\/schema\/logo\/image\/\"}},{\"@type\":\"Person\",\"@id\":\"https:\/\/kunmedierne.dk\/mors\/#\/schema\/person\/84c1391bce0b43b9bb3a49736bc0ad78\",\"name\":\"Debat\",\"image\":{\"@type\":\"ImageObject\",\"inLanguage\":\"da-DK\",\"@id\":\"https:\/\/kunmedierne.dk\/mors\/#\/schema\/person\/image\/\",\"url\":\"https:\/\/secure.gravatar.com\/avatar\/b0fb2e221d618f7c65162ab0d49c7e8a0b580c871ca03af90e42b47b4150654c?s=96&d=mm&r=g\",\"contentUrl\":\"https:\/\/secure.gravatar.com\/avatar\/b0fb2e221d618f7c65162ab0d49c7e8a0b580c871ca03af90e42b47b4150654c?s=96&d=mm&r=g\",\"caption\":\"Debat\"},\"url\":\"https:\/\/kunmedierne.dk\/mors\/author\/debat\/\"}]}<\/script>\n<!-- \/ Yoast SEO plugin. -->","yoast_head_json":{"title":"Har Mors r\u00e5d til det? - Mors","robots":{"index":"index","follow":"follow","max-snippet":"max-snippet:-1","max-image-preview":"max-image-preview:large","max-video-preview":"max-video-preview:-1"},"canonical":"https:\/\/kunmedierne.dk\/mors\/har-mors-raad-til-det\/","og_locale":"da_DK","og_type":"article","og_title":"Har Mors r\u00e5d til det? - Mors","og_description":"Keld Kortegaard, Jens Juhls Kaj i Nyk\u00f8bing, har sendt dette debatindl\u00e6g: MORS: Den nye kommuneplan er sp\u00e6ndende l\u00e6sning ang\u00e5ende udvikling af \u00d8rodde \u00f8st for Nyk\u00f8bing. Udvikling af \u00d8rodde har nu sp\u00f8gt i kollissen i omkring 20 \u00e5r, uden man dog er kommet videre, hvad der ogs\u00e5 kan l\u00e6ses i den tidligere kommuneplan. \u00c6ndringen i den [&hellip;]","og_url":"https:\/\/kunmedierne.dk\/mors\/har-mors-raad-til-det\/","og_site_name":"Mors","article_published_time":"2021-06-21T17:47:35+00:00","article_modified_time":"2024-08-07T12:45:38+00:00","og_image":[{"width":770,"height":513,"url":"https:\/\/kunmedierne.dk\/mors\/wp-content\/uploads\/2021\/03\/keld-kortegaard.jpg","type":"image\/jpeg"}],"author":"Debat","twitter_card":"summary_large_image","twitter_misc":{"Skrevet af":"Debat","Estimeret l\u00e6setid":"2 minutter"},"schema":{"@context":"https:\/\/schema.org","@graph":[{"@type":"Article","@id":"https:\/\/kunmedierne.dk\/mors\/har-mors-raad-til-det\/#article","isPartOf":{"@id":"https:\/\/kunmedierne.dk\/mors\/har-mors-raad-til-det\/"},"author":{"name":"Debat","@id":"https:\/\/kunmedierne.dk\/mors\/#\/schema\/person\/84c1391bce0b43b9bb3a49736bc0ad78"},"headline":"Har Mors r\u00e5d til det?","datePublished":"2021-06-21T17:47:35+00:00","dateModified":"2024-08-07T12:45:38+00:00","mainEntityOfPage":{"@id":"https:\/\/kunmedierne.dk\/mors\/har-mors-raad-til-det\/"},"wordCount":295,"commentCount":0,"publisher":{"@id":"https:\/\/kunmedierne.dk\/mors\/#organization"},"image":{"@id":"https:\/\/kunmedierne.dk\/mors\/har-mors-raad-til-det\/#primaryimage"},"thumbnailUrl":"https:\/\/kunmedierne.dk\/mors\/wp-content\/uploads\/2021\/03\/keld-kortegaard.jpg","keywords":["Politik"],"articleSection":["Debat"],"inLanguage":"da-DK","potentialAction":[{"@type":"CommentAction","name":"Comment","target":["https:\/\/kunmedierne.dk\/mors\/har-mors-raad-til-det\/#respond"]}]},{"@type":"WebPage","@id":"https:\/\/kunmedierne.dk\/mors\/har-mors-raad-til-det\/","url":"https:\/\/kunmedierne.dk\/mors\/har-mors-raad-til-det\/","name":"Har Mors r\u00e5d til det? - Mors","isPartOf":{"@id":"https:\/\/kunmedierne.dk\/mors\/#website"},"primaryImageOfPage":{"@id":"https:\/\/kunmedierne.dk\/mors\/har-mors-raad-til-det\/#primaryimage"},"image":{"@id":"https:\/\/kunmedierne.dk\/mors\/har-mors-raad-til-det\/#primaryimage"},"thumbnailUrl":"https:\/\/kunmedierne.dk\/mors\/wp-content\/uploads\/2021\/03\/keld-kortegaard.jpg","datePublished":"2021-06-21T17:47:35+00:00","dateModified":"2024-08-07T12:45:38+00:00","breadcrumb":{"@id":"https:\/\/kunmedierne.dk\/mors\/har-mors-raad-til-det\/#breadcrumb"},"inLanguage":"da-DK","potentialAction":[{"@type":"ReadAction","target":["https:\/\/kunmedierne.dk\/mors\/har-mors-raad-til-det\/"]}]},{"@type":"ImageObject","inLanguage":"da-DK","@id":"https:\/\/kunmedierne.dk\/mors\/har-mors-raad-til-det\/#primaryimage","url":"https:\/\/kunmedierne.dk\/mors\/wp-content\/uploads\/2021\/03\/keld-kortegaard.jpg","contentUrl":"https:\/\/kunmedierne.dk\/mors\/wp-content\/uploads\/2021\/03\/keld-kortegaard.jpg","width":770,"height":513,"caption":"Keld Kortegaard. Privatfoto"},{"@type":"BreadcrumbList","@id":"https:\/\/kunmedierne.dk\/mors\/har-mors-raad-til-det\/#breadcrumb","itemListElement":[{"@type":"ListItem","position":1,"name":"Hjem","item":"https:\/\/kunmedierne.dk\/mors\/"},{"@type":"ListItem","position":2,"name":"Har Mors r\u00e5d til det?"}]},{"@type":"WebSite","@id":"https:\/\/kunmedierne.dk\/mors\/#website","url":"https:\/\/kunmedierne.dk\/mors\/","name":"Mors","description":"et netmedie med journalistik om livet p\u00e5 Mors","publisher":{"@id":"https:\/\/kunmedierne.dk\/mors\/#organization"},"potentialAction":[{"@type":"SearchAction","target":{"@type":"EntryPoint","urlTemplate":"https:\/\/kunmedierne.dk\/mors\/?s={search_term_string}"},"query-input":{"@type":"PropertyValueSpecification","valueRequired":true,"valueName":"search_term_string"}}],"inLanguage":"da-DK"},{"@type":"Organization","@id":"https:\/\/kunmedierne.dk\/mors\/#organization","name":"Mors","url":"https:\/\/kunmedierne.dk\/mors\/","logo":{"@type":"ImageObject","inLanguage":"da-DK","@id":"https:\/\/kunmedierne.dk\/mors\/#\/schema\/logo\/image\/","url":"https:\/\/kunmedierne.dk\/mors\/wp-content\/uploads\/2024\/08\/kunmors-logo.svg","contentUrl":"https:\/\/kunmedierne.dk\/mors\/wp-content\/uploads\/2024\/08\/kunmors-logo.svg","caption":"Mors"},"image":{"@id":"https:\/\/kunmedierne.dk\/mors\/#\/schema\/logo\/image\/"}},{"@type":"Person","@id":"https:\/\/kunmedierne.dk\/mors\/#\/schema\/person\/84c1391bce0b43b9bb3a49736bc0ad78","name":"Debat","image":{"@type":"ImageObject","inLanguage":"da-DK","@id":"https:\/\/kunmedierne.dk\/mors\/#\/schema\/person\/image\/","url":"https:\/\/secure.gravatar.com\/avatar\/b0fb2e221d618f7c65162ab0d49c7e8a0b580c871ca03af90e42b47b4150654c?s=96&d=mm&r=g","contentUrl":"https:\/\/secure.gravatar.com\/avatar\/b0fb2e221d618f7c65162ab0d49c7e8a0b580c871ca03af90e42b47b4150654c?s=96&d=mm&r=g","caption":"Debat"},"url":"https:\/\/kunmedierne.dk\/mors\/author\/debat\/"}]}},"_links":{"self":[{"href":"https:\/\/kunmedierne.dk\/mors\/wp-json\/wp\/v2\/posts\/47515","targetHints":{"allow":["GET"]}}],"collection":[{"href":"https:\/\/kunmedierne.dk\/mors\/wp-json\/wp\/v2\/posts"}],"about":[{"href":"https:\/\/kunmedierne.dk\/mors\/wp-json\/wp\/v2\/types\/post"}],"author":[{"embeddable":true,"href":"https:\/\/kunmedierne.dk\/mors\/wp-json\/wp\/v2\/users\/11"}],"replies":[{"embeddable":true,"href":"https:\/\/kunmedierne.dk\/mors\/wp-json\/wp\/v2\/comments?post=47515"}],"version-history":[{"count":1,"href":"https:\/\/kunmedierne.dk\/mors\/wp-json\/wp\/v2\/posts\/47515\/revisions"}],"predecessor-version":[{"id":47516,"href":"https:\/\/kunmedierne.dk\/mors\/wp-json\/wp\/v2\/posts\/47515\/revisions\/47516"}],"wp:featuredmedia":[{"embeddable":true,"href":"https:\/\/kunmedierne.dk\/mors\/wp-json\/wp\/v2\/media\/41916"}],"wp:attachment":[{"href":"https:\/\/kunmedierne.dk\/mors\/wp-json\/wp\/v2\/media?parent=47515"}],"wp:term":[{"taxonomy":"category","embeddable":true,"href":"https:\/\/kunmedierne.dk\/mors\/wp-json\/wp\/v2\/categories?post=47515"},{"taxonomy":"post_tag","embeddable":true,"href":"https:\/\/kunmedierne.dk\/mors\/wp-json\/wp\/v2\/tags?post=47515"}],"curies":[{"name":"wp","href":"https:\/\/api.w.org\/{rel}","templated":true}]}}